{"id":67831,"date":"2019-09-25T12:00:30","date_gmt":"2019-09-25T19:00:30","guid":{"rendered":"https:\/\/www.sonoraenequipo.com.mx\/?p=67831"},"modified":"2019-09-25T21:04:37","modified_gmt":"2019-09-26T04:04:37","slug":"inscriben-a-amlo-como-socio-de-empresas","status":"publish","type":"post","link":"https:\/\/www.sonoraenequipo.com.mx\/inscriben-a-amlo-como-socio-de-empresas\/","title":{"rendered":"Inscriben a AMLO como socio de empresas"},"content":{"rendered":"<p>CIUDAD DE M\u00c9XICO. \u2014 Fueron revelados los nombres de los funcionarios que de forma ilegal habr\u00edan inscrito como socio al presidente Andr\u00e9s Manuel L\u00f3pez Obrador para la creaci\u00f3n de 26 empresas en el estado de Veracruz.<\/p>\n<p>&nbsp;<\/p>\n<p> <\/p>\n<p>&nbsp;<\/p>\n<p>La Secretar\u00eda de Hacienda y Cr\u00e9dito P\u00fablico (SHCP) dijo que Claudia Olivia Mart\u00ednez Rodr\u00edguez y \u00d3scar Manuel Montoya Landeros del Sistema de Administraci\u00f3n Tributaria (SAT), ser\u00edan los responsables de inscribir tanto al presidente como a su esposa, la doctora Beatriz Guti\u00e9rrrez M\u00fcller, como socios.<\/p>\n<p>&nbsp;<\/p>\n<p>Un total de 26 empresas inscritas ante el Servicio de Administraci\u00f3n Tributaria (SAT), cuyos socios son el Presidente Andr\u00e9s Manuel L\u00f3pez Obrador y su esposa Beatriz Guti\u00e9rrez M\u00fcller, detect\u00f3 la Administraci\u00f3n General de Servicios al Contribuyente de la Secretar\u00eda de Hacienda y Cr\u00e9dito P\u00fablico.<\/p>\n<p>&nbsp;<\/p>\n<p>L\u00f3pez Obrador dio a conocer durante la conferencia de prensa matutina que la inscripci\u00f3n al padr\u00f3n del SAT se realiz\u00f3 el 15 de agosto de 2019 en Boca del R\u00edo, Veracruz por Claudia Olivia Mart\u00ednez Rodr\u00edguez, asesor fiscal integral de la Administraci\u00f3n Desconcentrada de Servicios al Contribuyente de Veracruz \u201c2\u201d.<\/p>\n<p>&nbsp;<\/p>\n<p>\u00abQui\u00e9n sabe porqu\u00e9 hicieron esto, hay muchas posibilidades, hay que analizarlo, desde luego que lo est\u00e1 investigando el SAT; los felicito porque tienen un sistema para advertir cuando hay operaciones extra\u00f1as, irregulares y est\u00e9 fue el caso\u201d, dijo.<\/p>\n<p>&nbsp;<\/p>\n<p>El mandatario precis\u00f3 que ya se realiza una investigaci\u00f3n sobre la inscripci\u00f3n de las empresas en donde necesariamente omitieron informaci\u00f3n o falsificaron documentos para poder realizar la operaci\u00f3n.<\/p>\n<p>&nbsp;<\/p>\n<p>\u201cDecir a la gente que no tengo empresas y que no soy socio de nada ni mi esposa. Est\u00e1n muy mal acostumbrados, imag\u00ednense hacer esto; como sea, si fue por venganza alguien que quiso vulnerar el sistema del SAT o alguien que en efecto constituye estas empresas, que puede hacer negocio enga\u00f1ando de que soy socio de la empresa o mis adversarios pol\u00edticos para que el d\u00eda de ma\u00f1ana aparezca de que estoy yo haciendo negocios chuecos\u201d, dijo.<\/p>\n<p>&nbsp;<\/p>\n<p>La inscripci\u00f3n de las empresas se realiz\u00f3 fuera del horario laboral a las 00:00 horas, la actividad registrada es \u201cotros intermediarios del comercio al por mayor\u201d, el representante legal de todas es Oscar Manuel Montoya Landeros, coordinador Nacional de las Administraciones Desconcentradas de Servicios al Contribuyente.<\/p>\n<p>Las compa\u00f1\u00edas no cuentan con soporte legal de documentos, precisa una nota informativa entregada a la fuente presidencial, no cuentan con firma electr\u00f3nica ni contrase\u00f1a de RFC y ninguna ha facturado.<\/p>\n<p>&nbsp;<\/p>\n<p>\u201cVamos a esperar el informe del SAT; lo di a conocer ahora porque ayer me informaron, para que no vaya a ser que ya est\u00e9n cometiendo il\u00edcitos utilizando estas empresas, que est\u00e1n canceladas en el SAT y que se constat\u00f3 que no han hecho operaciones, pero no se sabe\u201d, precis\u00f3 el Presidente de la Rep\u00fablica.<\/p>\n<p>(PUBLICADO EL 25\/09\/2019<\/p>\n","protected":false},"excerpt":{"rendered":"<p>CIUDAD DE M\u00c9XICO. \u2014 Fueron revelados los nombres de los funcionarios que de forma ilegal&#8230;<\/p>\n","protected":false},"author":1,"featured_media":67832,"comment_status":"open","ping_status":"open","sticky":false,"template":"","format":"standard","meta":{"_monsterinsights_skip_tracking":false,"_monsterinsights_sitenote_active":false,"_monsterinsights_sitenote_note":"","_monsterinsights_sitenote_category":0,"footnotes":""},"categories":[5],"tags":[],"class_list":["post"],"yoast_head":" \n<title>Sonora en Equipo. Inscriben a AMLO como socio de empresas Rep\u00fablica<\/title>\n<meta name=\"description\" content=\"CIUDAD DE M\u00c9XICO. \u2014 Fueron revelados los nombres de los funcionarios que de forma ilegal habr\u00edan inscrito como socio al presidente Andr\u00e9s Manuel L\u00f3pez En Sonora en Equipo publicamos toda la informaci\u00f3n de Sonora, M\u00e9xico y el Mundo de manera oportuna y busca que la libertad de expresi\u00f3n sea real. Visita nuestro medio informativo publicado desde Hermosillo, Sonora. %\" \/>\n<meta name=\"robots\" content=\"index, follow, max-snippet:-1, max-image-preview:large, max-video-preview:-1\" \/>\n<link rel=\"canonical\" href=\"https:\/\/www.sonoraenequipo.com.mx\/inscriben-a-amlo-como-socio-de-empresas\/\" \/>\n<meta property=\"og:locale\" content=\"es_ES\" \/>\n<meta property=\"og:type\" content=\"article\" \/>\n<meta property=\"og:title\" content=\"Sonora en Equipo. Inscriben a AMLO como socio de empresas Rep\u00fablica\" \/>\n<meta property=\"og:description\" content=\"CIUDAD DE M\u00c9XICO. \u2014 Fueron revelados los nombres de los funcionarios que de forma ilegal habr\u00edan inscrito como socio al presidente Andr\u00e9s Manuel L\u00f3pez En Sonora en Equipo publicamos toda la informaci\u00f3n de Sonora, M\u00e9xico y el Mundo de manera oportuna y busca que la libertad de expresi\u00f3n sea real. Visita nuestro medio informativo publicado desde Hermosillo, Sonora. %\" \/>\n<meta property=\"og:url\" content=\"https:\/\/www.sonoraenequipo.com.mx\/inscriben-a-amlo-como-socio-de-empresas\/\" \/>\n<meta property=\"og:site_name\" content=\"Sonora en Equipo.\" \/>\n<meta property=\"article:publisher\" content=\"https:\/\/www.facebook.com\/SonoraEE\/\" \/>\n<meta property=\"article:author\" content=\"https:\/\/www.facebook.com\/SonoraEE\" \/>\n<meta property=\"article:published_time\" content=\"2019-09-25T19:00:30+00:00\" \/>\n<meta property=\"article:modified_time\" content=\"2019-09-26T04:04:37+00:00\" \/>\n<meta property=\"og:image\" content=\"https:\/\/www.sonoraenequipo.com.mx\/storage\/2019\/09\/lopez_obrador_opt1.jpg\" \/>\n\t<meta property=\"og:image:width\" content=\"692\" \/>\n\t<meta property=\"og:image:height\" content=\"400\" \/>\n\t<meta property=\"og:image:type\" content=\"image\/jpeg\" \/>\n<meta name=\"author\" content=\"enequipo\" \/>\n<meta name=\"twitter:card\" content=\"summary_large_image\" \/>\n<meta name=\"twitter:creator\" content=\"@sonoraenequipo\" \/>\n<meta name=\"twitter:site\" content=\"@sonoraenequipo\" \/>\n<meta name=\"twitter:label1\" content=\"Escrito por\" \/>\n\t<meta name=\"twitter:data1\" content=\"enequipo\" \/>\n\t<meta name=\"twitter:label2\" content=\"Tiempo de lectura\" \/>\n\t<meta name=\"twitter:data2\" content=\"3 minutos\" \/>\n<script type=\"application\/ld+json\" class=\"yoast-schema-graph\">{\"@context\":\"https:\/\/schema.org\",\"@graph\":[{\"@type\":\"Article\",\"@id\":\"https:\/\/www.sonoraenequipo.com.mx\/inscriben-a-amlo-como-socio-de-empresas\/#article\",\"isPartOf\":{\"@id\":\"https:\/\/www.sonoraenequipo.com.mx\/inscriben-a-amlo-como-socio-de-empresas\/\"},\"author\":{\"name\":\"enequipo\",\"@id\":\"https:\/\/www.sonoraenequipo.com.mx\/#\/schema\/person\/50102df0fb23a8fa9e8effad8fa81386\"},\"headline\":\"Inscriben a AMLO como socio de empresas\",\"datePublished\":\"2019-09-25T19:00:30+00:00\",\"dateModified\":\"2019-09-26T04:04:37+00:00\",\"mainEntityOfPage\":{\"@id\":\"https:\/\/www.sonoraenequipo.com.mx\/inscriben-a-amlo-como-socio-de-empresas\/\"},\"wordCount\":511,\"commentCount\":0,\"publisher\":{\"@id\":\"https:\/\/www.sonoraenequipo.com.mx\/#organization\"},\"image\":{\"@id\":\"https:\/\/www.sonoraenequipo.com.mx\/inscriben-a-amlo-como-socio-de-empresas\/#primaryimage\"},\"thumbnailUrl\":\"https:\/\/www.sonoraenequipo.com.mx\/storage\/2019\/09\/lopez_obrador_opt1.jpg\",\"articleSection\":[\"Rep\u00fablica\"],\"inLanguage\":\"es\",\"potentialAction\":[{\"@type\":\"CommentAction\",\"name\":\"Comment\",\"target\":[\"https:\/\/www.sonoraenequipo.com.mx\/inscriben-a-amlo-como-socio-de-empresas\/#respond\"]}]},{\"@type\":\"WebPage\",\"@id\":\"https:\/\/www.sonoraenequipo.com.mx\/inscriben-a-amlo-como-socio-de-empresas\/\",\"url\":\"https:\/\/www.sonoraenequipo.com.mx\/inscriben-a-amlo-como-socio-de-empresas\/\",\"name\":\"Sonora en Equipo. Inscriben a AMLO como socio de empresas Rep\u00fablica\",\"isPartOf\":{\"@id\":\"https:\/\/www.sonoraenequipo.com.mx\/#website\"},\"primaryImageOfPage\":{\"@id\":\"https:\/\/www.sonoraenequipo.com.mx\/inscriben-a-amlo-como-socio-de-empresas\/#primaryimage\"},\"image\":{\"@id\":\"https:\/\/www.sonoraenequipo.com.mx\/inscriben-a-amlo-como-socio-de-empresas\/#primaryimage\"},\"thumbnailUrl\":\"https:\/\/www.sonoraenequipo.com.mx\/storage\/2019\/09\/lopez_obrador_opt1.jpg\",\"datePublished\":\"2019-09-25T19:00:30+00:00\",\"dateModified\":\"2019-09-26T04:04:37+00:00\",\"description\":\"CIUDAD DE M\u00c9XICO. \u2014 Fueron revelados los nombres de los funcionarios que de forma ilegal habr\u00edan inscrito como socio al presidente Andr\u00e9s Manuel L\u00f3pez En Sonora en Equipo publicamos toda la informaci\u00f3n de Sonora, M\u00e9xico y el Mundo de manera oportuna y busca que la libertad de expresi\u00f3n sea real. Visita nuestro medio informativo publicado desde Hermosillo, Sonora. %\",\"breadcrumb\":{\"@id\":\"https:\/\/www.sonoraenequipo.com.mx\/inscriben-a-amlo-como-socio-de-empresas\/#breadcrumb\"},\"inLanguage\":\"es\",\"potentialAction\":[{\"@type\":\"ReadAction\",\"target\":[\"https:\/\/www.sonoraenequipo.com.mx\/inscriben-a-amlo-como-socio-de-empresas\/\"]}]},{\"@type\":\"ImageObject\",\"inLanguage\":\"es\",\"@id\":\"https:\/\/www.sonoraenequipo.com.mx\/inscriben-a-amlo-como-socio-de-empresas\/#primaryimage\",\"url\":\"https:\/\/www.sonoraenequipo.com.mx\/storage\/2019\/09\/lopez_obrador_opt1.jpg\",\"contentUrl\":\"https:\/\/www.sonoraenequipo.com.mx\/storage\/2019\/09\/lopez_obrador_opt1.jpg\",\"width\":692,\"height\":400},{\"@type\":\"BreadcrumbList\",\"@id\":\"https:\/\/www.sonoraenequipo.com.mx\/inscriben-a-amlo-como-socio-de-empresas\/#breadcrumb\",\"itemListElement\":[{\"@type\":\"ListItem\",\"position\":1,\"name\":\"Portada\",\"item\":\"https:\/\/www.sonoraenequipo.com.mx\/\"},{\"@type\":\"ListItem\",\"position\":2,\"name\":\"Inscriben a AMLO como socio de empresas\"}]},{\"@type\":\"WebSite\",\"@id\":\"https:\/\/www.sonoraenequipo.com.mx\/#website\",\"url\":\"https:\/\/www.sonoraenequipo.com.mx\/\",\"name\":\"Sonora en Equipo.\",\"description\":\"Diario en l\u00ednea con Noticias desde Hermosillo, Sonora\",\"publisher\":{\"@id\":\"https:\/\/www.sonoraenequipo.com.mx\/#organization\"},\"potentialAction\":[{\"@type\":\"SearchAction\",\"target\":{\"@type\":\"EntryPoint\",\"urlTemplate\":\"https:\/\/www.sonoraenequipo.com.mx\/?s={search_term_string}\"},\"query-input\":{\"@type\":\"PropertyValueSpecification\",\"valueRequired\":true,\"valueName\":\"search_term_string\"}}],\"inLanguage\":\"es\"},{\"@type\":\"Organization\",\"@id\":\"https:\/\/www.sonoraenequipo.com.mx\/#organization\",\"name\":\"Sonoraenequipo.com.mx\",\"url\":\"https:\/\/www.sonoraenequipo.com.mx\/\",\"logo\":{\"@type\":\"ImageObject\",\"inLanguage\":\"es\",\"@id\":\"https:\/\/www.sonoraenequipo.com.mx\/#\/schema\/logo\/image\/\",\"url\":\"https:\/\/www.sonoraenequipo.com.mx\/storage\/2019\/01\/sonoraenequipo_opt.png\",\"contentUrl\":\"https:\/\/www.sonoraenequipo.com.mx\/storage\/2019\/01\/sonoraenequipo_opt.png\",\"width\":375,\"height\":125,\"caption\":\"Sonoraenequipo.com.mx\"},\"image\":{\"@id\":\"https:\/\/www.sonoraenequipo.com.mx\/#\/schema\/logo\/image\/\"},\"sameAs\":[\"https:\/\/www.facebook.com\/SonoraEE\/\",\"https:\/\/x.com\/sonoraenequipo\",\"https:\/\/www.youtube.com\/channel\/UC338nW-lPEYmJQs4ZABQ1SQ\"]},{\"@type\":\"Person\",\"@id\":\"https:\/\/www.sonoraenequipo.com.mx\/#\/schema\/person\/50102df0fb23a8fa9e8effad8fa81386\",\"name\":\"enequipo\",\"image\":{\"@type\":\"ImageObject\",\"inLanguage\":\"es\",\"@id\":\"https:\/\/www.sonoraenequipo.com.mx\/#\/schema\/person\/image\/\",\"url\":\"https:\/\/secure.gravatar.com\/avatar\/049821681b589dabc0bc20695993ccebb09f5b5d4d790cd9251b97faac7c652b?s=96&d=blank&r=g\",\"contentUrl\":\"https:\/\/secure.gravatar.com\/avatar\/049821681b589dabc0bc20695993ccebb09f5b5d4d790cd9251b97faac7c652b?s=96&d=blank&r=g\",\"caption\":\"enequipo\"},\"sameAs\":[\"https:\/\/www.facebook.com\/SonoraEE\"]}]}<\/script>\n ","yoast_head_json":{"title":"Sonora en Equipo. Inscriben a AMLO como socio de empresas Rep\u00fablica","description":"CIUDAD DE M\u00c9XICO. \u2014 Fueron revelados los nombres de los funcionarios que de forma ilegal habr\u00edan inscrito como socio al presidente Andr\u00e9s Manuel L\u00f3pez En Sonora en Equipo publicamos toda la informaci\u00f3n de Sonora, M\u00e9xico y el Mundo de manera oportuna y busca que la libertad de expresi\u00f3n sea real. Visita nuestro medio informativo publicado desde Hermosillo, Sonora. %","robots":{"index":"index","follow":"follow","max-snippet":"max-snippet:-1","max-image-preview":"max-image-preview:large","max-video-preview":"max-video-preview:-1"},"canonical":"https:\/\/www.sonoraenequipo.com.mx\/inscriben-a-amlo-como-socio-de-empresas\/","og_locale":"es_ES","og_type":"article","og_title":"Sonora en Equipo. Inscriben a AMLO como socio de empresas Rep\u00fablica","og_description":"CIUDAD DE M\u00c9XICO. \u2014 Fueron revelados los nombres de los funcionarios que de forma ilegal habr\u00edan inscrito como socio al presidente Andr\u00e9s Manuel L\u00f3pez En Sonora en Equipo publicamos toda la informaci\u00f3n de Sonora, M\u00e9xico y el Mundo de manera oportuna y busca que la libertad de expresi\u00f3n sea real. Visita nuestro medio informativo publicado desde Hermosillo, Sonora. %","og_url":"https:\/\/www.sonoraenequipo.com.mx\/inscriben-a-amlo-como-socio-de-empresas\/","og_site_name":"Sonora en Equipo.","article_publisher":"https:\/\/www.facebook.com\/SonoraEE\/","article_author":"https:\/\/www.facebook.com\/SonoraEE","article_published_time":"2019-09-25T19:00:30+00:00","article_modified_time":"2019-09-26T04:04:37+00:00","og_image":[{"width":692,"height":400,"url":"https:\/\/www.sonoraenequipo.com.mx\/storage\/2019\/09\/lopez_obrador_opt1.jpg","type":"image\/jpeg"}],"author":"enequipo","twitter_card":"summary_large_image","twitter_creator":"@sonoraenequipo","twitter_site":"@sonoraenequipo","twitter_misc":{"Escrito por":"enequipo","Tiempo de lectura":"3 minutos"},"schema":{"@context":"https:\/\/schema.org","@graph":[{"@type":"Article","@id":"https:\/\/www.sonoraenequipo.com.mx\/inscriben-a-amlo-como-socio-de-empresas\/#article","isPartOf":{"@id":"https:\/\/www.sonoraenequipo.com.mx\/inscriben-a-amlo-como-socio-de-empresas\/"},"author":{"name":"enequipo","@id":"https:\/\/www.sonoraenequipo.com.mx\/#\/schema\/person\/50102df0fb23a8fa9e8effad8fa81386"},"headline":"Inscriben a AMLO como socio de empresas","datePublished":"2019-09-25T19:00:30+00:00","dateModified":"2019-09-26T04:04:37+00:00","mainEntityOfPage":{"@id":"https:\/\/www.sonoraenequipo.com.mx\/inscriben-a-amlo-como-socio-de-empresas\/"},"wordCount":511,"commentCount":0,"publisher":{"@id":"https:\/\/www.sonoraenequipo.com.mx\/#organization"},"image":{"@id":"https:\/\/www.sonoraenequipo.com.mx\/inscriben-a-amlo-como-socio-de-empresas\/#primaryimage"},"thumbnailUrl":"https:\/\/www.sonoraenequipo.com.mx\/storage\/2019\/09\/lopez_obrador_opt1.jpg","articleSection":["Rep\u00fablica"],"inLanguage":"es","potentialAction":[{"@type":"CommentAction","name":"Comment","target":["https:\/\/www.sonoraenequipo.com.mx\/inscriben-a-amlo-como-socio-de-empresas\/#respond"]}]},{"@type":"WebPage","@id":"https:\/\/www.sonoraenequipo.com.mx\/inscriben-a-amlo-como-socio-de-empresas\/","url":"https:\/\/www.sonoraenequipo.com.mx\/inscriben-a-amlo-como-socio-de-empresas\/","name":"Sonora en Equipo. Inscriben a AMLO como socio de empresas Rep\u00fablica","isPartOf":{"@id":"https:\/\/www.sonoraenequipo.com.mx\/#website"},"primaryImageOfPage":{"@id":"https:\/\/www.sonoraenequipo.com.mx\/inscriben-a-amlo-como-socio-de-empresas\/#primaryimage"},"image":{"@id":"https:\/\/www.sonoraenequipo.com.mx\/inscriben-a-amlo-como-socio-de-empresas\/#primaryimage"},"thumbnailUrl":"https:\/\/www.sonoraenequipo.com.mx\/storage\/2019\/09\/lopez_obrador_opt1.jpg","datePublished":"2019-09-25T19:00:30+00:00","dateModified":"2019-09-26T04:04:37+00:00","description":"CIUDAD DE M\u00c9XICO. \u2014 Fueron revelados los nombres de los funcionarios que de forma ilegal habr\u00edan inscrito como socio al presidente Andr\u00e9s Manuel L\u00f3pez En Sonora en Equipo publicamos toda la informaci\u00f3n de Sonora, M\u00e9xico y el Mundo de manera oportuna y busca que la libertad de expresi\u00f3n sea real. Visita nuestro medio informativo publicado desde Hermosillo, Sonora. %","breadcrumb":{"@id":"https:\/\/www.sonoraenequipo.com.mx\/inscriben-a-amlo-como-socio-de-empresas\/#breadcrumb"},"inLanguage":"es","potentialAction":[{"@type":"ReadAction","target":["https:\/\/www.sonoraenequipo.com.mx\/inscriben-a-amlo-como-socio-de-empresas\/"]}]},{"@type":"ImageObject","inLanguage":"es","@id":"https:\/\/www.sonoraenequipo.com.mx\/inscriben-a-amlo-como-socio-de-empresas\/#primaryimage","url":"https:\/\/www.sonoraenequipo.com.mx\/storage\/2019\/09\/lopez_obrador_opt1.jpg","contentUrl":"https:\/\/www.sonoraenequipo.com.mx\/storage\/2019\/09\/lopez_obrador_opt1.jpg","width":692,"height":400},{"@type":"BreadcrumbList","@id":"https:\/\/www.sonoraenequipo.com.mx\/inscriben-a-amlo-como-socio-de-empresas\/#breadcrumb","itemListElement":[{"@type":"ListItem","position":1,"name":"Portada","item":"https:\/\/www.sonoraenequipo.com.mx\/"},{"@type":"ListItem","position":2,"name":"Inscriben a AMLO como socio de empresas"}]},{"@type":"WebSite","@id":"https:\/\/www.sonoraenequipo.com.mx\/#website","url":"https:\/\/www.sonoraenequipo.com.mx\/","name":"Sonora en Equipo.","description":"Diario en l\u00ednea con Noticias desde Hermosillo, Sonora","publisher":{"@id":"https:\/\/www.sonoraenequipo.com.mx\/#organization"},"potentialAction":[{"@type":"SearchAction","target":{"@type":"EntryPoint","urlTemplate":"https:\/\/www.sonoraenequipo.com.mx\/?s={search_term_string}"},"query-input":{"@type":"PropertyValueSpecification","valueRequired":true,"valueName":"search_term_string"}}],"inLanguage":"es"},{"@type":"Organization","@id":"https:\/\/www.sonoraenequipo.com.mx\/#organization","name":"Sonoraenequipo.com.mx","url":"https:\/\/www.sonoraenequipo.com.mx\/","logo":{"@type":"ImageObject","inLanguage":"es","@id":"https:\/\/www.sonoraenequipo.com.mx\/#\/schema\/logo\/image\/","url":"https:\/\/www.sonoraenequipo.com.mx\/storage\/2019\/01\/sonoraenequipo_opt.png","contentUrl":"https:\/\/www.sonoraenequipo.com.mx\/storage\/2019\/01\/sonoraenequipo_opt.png","width":375,"height":125,"caption":"Sonoraenequipo.com.mx"},"image":{"@id":"https:\/\/www.sonoraenequipo.com.mx\/#\/schema\/logo\/image\/"},"sameAs":["https:\/\/www.facebook.com\/SonoraEE\/","https:\/\/x.com\/sonoraenequipo","https:\/\/www.youtube.com\/channel\/UC338nW-lPEYmJQs4ZABQ1SQ"]},{"@type":"Person","@id":"https:\/\/www.sonoraenequipo.com.mx\/#\/schema\/person\/50102df0fb23a8fa9e8effad8fa81386","name":"enequipo","image":{"@type":"ImageObject","inLanguage":"es","@id":"https:\/\/www.sonoraenequipo.com.mx\/#\/schema\/person\/image\/","url":"https:\/\/secure.gravatar.com\/avatar\/049821681b589dabc0bc20695993ccebb09f5b5d4d790cd9251b97faac7c652b?s=96&d=blank&r=g","contentUrl":"https:\/\/secure.gravatar.com\/avatar\/049821681b589dabc0bc20695993ccebb09f5b5d4d790cd9251b97faac7c652b?s=96&d=blank&r=g","caption":"enequipo"},"sameAs":["https:\/\/www.facebook.com\/SonoraEE"]}]}},"jetpack_featured_media_url":"https:\/\/www.sonoraenequipo.com.mx\/storage\/2019\/09\/lopez_obrador_opt1.jpg","_links":{"self":[{"href":"https:\/\/www.sonoraenequipo.com.mx\/api\/wp\/v2\/posts\/67831","targetHints":{"allow":["GET"]}}],"collection":[{"href":"https:\/\/www.sonoraenequipo.com.mx\/api\/wp\/v2\/posts"}],"about":[{"href":"https:\/\/www.sonoraenequipo.com.mx\/api\/wp\/v2\/types\/post"}],"author":[{"embeddable":true,"href":"https:\/\/www.sonoraenequipo.com.mx\/api\/wp\/v2\/users\/1"}],"replies":[{"embeddable":true,"href":"https:\/\/www.sonoraenequipo.com.mx\/api\/wp\/v2\/comments?post=67831"}],"version-history":[{"count":0,"href":"https:\/\/www.sonoraenequipo.com.mx\/api\/wp\/v2\/posts\/67831\/revisions"}],"wp:featuredmedia":[{"embeddable":true,"href":"https:\/\/www.sonoraenequipo.com.mx\/api\/wp\/v2\/media\/67832"}],"wp:attachment":[{"href":"https:\/\/www.sonoraenequipo.com.mx\/api\/wp\/v2\/media?parent=67831"}],"wp:term":[{"taxonomy":"category","embeddable":true,"href":"https:\/\/www.sonoraenequipo.com.mx\/api\/wp\/v2\/categories?post=67831"},{"taxonomy":"post_tag","embeddable":true,"href":"https:\/\/www.sonoraenequipo.com.mx\/api\/wp\/v2\/tags?post=67831"}],"curies":[{"name":"wp","href":"https:\/\/api.w.org\/{rel}","templated":true}]}}