{"id":67834,"date":"2019-09-25T21:20:16","date_gmt":"2019-09-26T04:20:16","guid":{"rendered":"https:\/\/www.sonoraenequipo.com.mx\/?p=67834"},"modified":"2019-09-25T21:16:26","modified_gmt":"2019-09-26T04:16:26","slug":"ordena-tribunal-sancion-para-el-bronco","status":"publish","type":"post","link":"https:\/\/www.sonoraenequipo.com.mx\/ordena-tribunal-sancion-para-el-bronco\/","title":{"rendered":"Ordena Tribunal sanci\u00f3n para \u00abEl Bronco\u00bb"},"content":{"rendered":"<p>MONTERREY, NUEVO LE\u00d3N. MX. \u2014 Por unanimidad, los magistrados de la Sala Superior del Tribunal Electoral del Poder Judicial de la Federaci\u00f3n (TEPJF) confirmaron una multa al hoy gobernador de Nuevo Le\u00f3n, Jaime Rodr\u00edguez Calder\u00f3n <em>\u201cEl Bronco\u201d<\/em>, por recibir aportaciones prohibidas durante su campa\u00f1a como candidato independiente a gobernador, en 2015. <\/p>\n<p>El ahora mandatario omiti\u00f3 rechazar la aportaci\u00f3n en especie proveniente de una persona f\u00edsica con actividad empresarial, y por una persona moral, aportaciones que consistieron en el servicio de env\u00edo de esos mensajes SMS, en total un mill\u00f3n 145 mil 58, por un importe de 687 mil 34 pesos.<\/p>\n<p>En los mensajes se dec\u00eda<em> \u201cSoy Jaime Rdz. Si eres Bronco y quieres ser parte de la historia responde S\u00ed a este msj y un voluntario de mi equipo te va a llamar\u201d<\/em>, lo que se hizo con el fin de integrar una base de datos y reclutar simpatizantes.<\/p>\n<p>Adem\u00e1s omiti\u00f3 reportar gastos por la creaci\u00f3n y mantenimiento de una p\u00e1gina de internet por un monto de 10 mil pesos.<\/p>\n<p>La ley y la Constituci\u00f3n proh\u00edben a partidos y candidatos recibir aportaciones en especie o en efectivo de empresas o personas f\u00edsicas con actividad empresarial, por lo que se confirm\u00f3 la falta y la sanci\u00f3n por 115 mil 328 pesos.<\/p>\n<p>Los magistrados de la Sala Superior desestimaron los alegatos del mandatario en el sentido de que no se acreditaron las faltas o ya hab\u00eda vencido el plazo para sancionar pues la elecci\u00f3n fue en 2015.<\/p>\n<p>La Sala resolvi\u00f3 que <em>\u201cel plazo es constitucional porque las facultades para fiscalizar son permanentes y la responsabilidad para cumplir las reglas en la materia subsiste hasta su cumplimiento, de ah\u00ed que resulte intrascendente que haya concluido el proceso electoral respectivo\u201d.<\/em><\/p>\n<p>La Sala tambi\u00e9n resolvi\u00f3 un incidente sobre la falta de sanci\u00f3n del Congreso del Estado de Nuevo Le\u00f3n al mandatario, derivada de la sentencia de la Sala Regional Especializada del TEPJF que determin\u00f3 su responsabilidad en el uso de recursos humanos \u2013trabajadores del gobierno estatal- para obtener en 2017 Y 2018 respaldos ciudadanos a favor de su candidatura presidencial por la v\u00eda independiente.<\/p>\n<p>En esa sentencia se orden\u00f3 al Congreso del estado de Nuevo Le\u00f3n que a m\u00e1s tardar al t\u00e9rmino del periodo ordinario de sesiones emita un acuerdo en el que determine la sanci\u00f3n o sanciones que deben imponerse a los recurrentes al haber resultado responsables de infringir la normativa electoral.<\/p>\n<p>La sanci\u00f3n deber\u00e1 aplicarse porque se acredit\u00f3 que 572 servidoras y servidores p\u00fablicos y Jaime Heliodoro Rodr\u00edguez Calder\u00f3n en su calidad de Gobernador, violaron el principio de neutralidad e imparcialidad del servicio p\u00fablico para influir en la competencia entre quienes aspiraban a una candidatura independiente a la Presidencia de la Rep\u00fablica.<\/p>\n<p>(PUBLICADO EL 25\/09\/2019<\/p>\n","protected":false},"excerpt":{"rendered":"<p>MONTERREY, NUEVO LE\u00d3N. MX. \u2014 Por unanimidad, los magistrados de la Sala Superior del Tribunal&#8230;<\/p>\n","protected":false},"author":1,"featured_media":67835,"comment_status":"open","ping_status":"open","sticky":false,"template":"","format":"standard","meta":{"_monsterinsights_skip_tracking":false,"_monsterinsights_sitenote_active":false,"_monsterinsights_sitenote_note":"","_monsterinsights_sitenote_category":0,"footnotes":""},"categories":[5],"tags":[],"class_list":["post"],"yoast_head":" \n<title>Sonora en Equipo. Ordena Tribunal sanci\u00f3n para &quot;El Bronco&quot; Rep\u00fablica<\/title>\n<meta name=\"description\" content=\"MONTERREY, NUEVO LE\u00d3N. MX. \u2014 Por unanimidad, los magistrados de la Sala Superior del Tribunal Electoral del Poder Judicial de la Federaci\u00f3n (TEPJF) En Sonora en Equipo publicamos toda la informaci\u00f3n de Sonora, M\u00e9xico y el Mundo de manera oportuna y busca que la libertad de expresi\u00f3n sea real. Visita nuestro medio informativo publicado desde Hermosillo, Sonora. %\" \/>\n<meta name=\"robots\" content=\"index, follow, max-snippet:-1, max-image-preview:large, max-video-preview:-1\" \/>\n<link rel=\"canonical\" href=\"https:\/\/www.sonoraenequipo.com.mx\/ordena-tribunal-sancion-para-el-bronco\/\" \/>\n<meta property=\"og:locale\" content=\"es_ES\" \/>\n<meta property=\"og:type\" content=\"article\" \/>\n<meta property=\"og:title\" content=\"Sonora en Equipo. Ordena Tribunal sanci\u00f3n para &quot;El Bronco&quot; Rep\u00fablica\" \/>\n<meta property=\"og:description\" content=\"MONTERREY, NUEVO LE\u00d3N. MX. \u2014 Por unanimidad, los magistrados de la Sala Superior del Tribunal Electoral del Poder Judicial de la Federaci\u00f3n (TEPJF) En Sonora en Equipo publicamos toda la informaci\u00f3n de Sonora, M\u00e9xico y el Mundo de manera oportuna y busca que la libertad de expresi\u00f3n sea real. Visita nuestro medio informativo publicado desde Hermosillo, Sonora. %\" \/>\n<meta property=\"og:url\" content=\"https:\/\/www.sonoraenequipo.com.mx\/ordena-tribunal-sancion-para-el-bronco\/\" \/>\n<meta property=\"og:site_name\" content=\"Sonora en Equipo.\" \/>\n<meta property=\"article:publisher\" content=\"https:\/\/www.facebook.com\/SonoraEE\/\" \/>\n<meta property=\"article:author\" content=\"https:\/\/www.facebook.com\/SonoraEE\" \/>\n<meta property=\"article:published_time\" content=\"2019-09-26T04:20:16+00:00\" \/>\n<meta property=\"og:image\" content=\"https:\/\/www.sonoraenequipo.com.mx\/storage\/2019\/09\/jaime-rodriguez-el-bronco_opt.jpg\" \/>\n\t<meta property=\"og:image:width\" content=\"602\" \/>\n\t<meta property=\"og:image:height\" content=\"400\" \/>\n\t<meta property=\"og:image:type\" content=\"image\/jpeg\" \/>\n<meta name=\"author\" content=\"enequipo\" \/>\n<meta name=\"twitter:card\" content=\"summary_large_image\" \/>\n<meta name=\"twitter:creator\" content=\"@sonoraenequipo\" \/>\n<meta name=\"twitter:site\" content=\"@sonoraenequipo\" \/>\n<meta name=\"twitter:label1\" content=\"Escrito por\" \/>\n\t<meta name=\"twitter:data1\" content=\"enequipo\" \/>\n\t<meta name=\"twitter:label2\" content=\"Tiempo de lectura\" \/>\n\t<meta name=\"twitter:data2\" content=\"2 minutos\" \/>\n<script type=\"application\/ld+json\" class=\"yoast-schema-graph\">{\"@context\":\"https:\/\/schema.org\",\"@graph\":[{\"@type\":\"Article\",\"@id\":\"https:\/\/www.sonoraenequipo.com.mx\/ordena-tribunal-sancion-para-el-bronco\/#article\",\"isPartOf\":{\"@id\":\"https:\/\/www.sonoraenequipo.com.mx\/ordena-tribunal-sancion-para-el-bronco\/\"},\"author\":{\"name\":\"enequipo\",\"@id\":\"https:\/\/www.sonoraenequipo.com.mx\/#\/schema\/person\/50102df0fb23a8fa9e8effad8fa81386\"},\"headline\":\"Ordena Tribunal sanci\u00f3n para \u00abEl Bronco\u00bb\",\"datePublished\":\"2019-09-26T04:20:16+00:00\",\"mainEntityOfPage\":{\"@id\":\"https:\/\/www.sonoraenequipo.com.mx\/ordena-tribunal-sancion-para-el-bronco\/\"},\"wordCount\":479,\"commentCount\":0,\"publisher\":{\"@id\":\"https:\/\/www.sonoraenequipo.com.mx\/#organization\"},\"image\":{\"@id\":\"https:\/\/www.sonoraenequipo.com.mx\/ordena-tribunal-sancion-para-el-bronco\/#primaryimage\"},\"thumbnailUrl\":\"https:\/\/www.sonoraenequipo.com.mx\/storage\/2019\/09\/jaime-rodriguez-el-bronco_opt.jpg\",\"articleSection\":[\"Rep\u00fablica\"],\"inLanguage\":\"es\",\"potentialAction\":[{\"@type\":\"CommentAction\",\"name\":\"Comment\",\"target\":[\"https:\/\/www.sonoraenequipo.com.mx\/ordena-tribunal-sancion-para-el-bronco\/#respond\"]}]},{\"@type\":\"WebPage\",\"@id\":\"https:\/\/www.sonoraenequipo.com.mx\/ordena-tribunal-sancion-para-el-bronco\/\",\"url\":\"https:\/\/www.sonoraenequipo.com.mx\/ordena-tribunal-sancion-para-el-bronco\/\",\"name\":\"Sonora en Equipo. Ordena Tribunal sanci\u00f3n para \\\"El Bronco\\\" Rep\u00fablica\",\"isPartOf\":{\"@id\":\"https:\/\/www.sonoraenequipo.com.mx\/#website\"},\"primaryImageOfPage\":{\"@id\":\"https:\/\/www.sonoraenequipo.com.mx\/ordena-tribunal-sancion-para-el-bronco\/#primaryimage\"},\"image\":{\"@id\":\"https:\/\/www.sonoraenequipo.com.mx\/ordena-tribunal-sancion-para-el-bronco\/#primaryimage\"},\"thumbnailUrl\":\"https:\/\/www.sonoraenequipo.com.mx\/storage\/2019\/09\/jaime-rodriguez-el-bronco_opt.jpg\",\"datePublished\":\"2019-09-26T04:20:16+00:00\",\"description\":\"MONTERREY, NUEVO LE\u00d3N. MX. \u2014 Por unanimidad, los magistrados de la Sala Superior del Tribunal Electoral del Poder Judicial de la Federaci\u00f3n (TEPJF) En Sonora en Equipo publicamos toda la informaci\u00f3n de Sonora, M\u00e9xico y el Mundo de manera oportuna y busca que la libertad de expresi\u00f3n sea real. Visita nuestro medio informativo publicado desde Hermosillo, Sonora. %\",\"breadcrumb\":{\"@id\":\"https:\/\/www.sonoraenequipo.com.mx\/ordena-tribunal-sancion-para-el-bronco\/#breadcrumb\"},\"inLanguage\":\"es\",\"potentialAction\":[{\"@type\":\"ReadAction\",\"target\":[\"https:\/\/www.sonoraenequipo.com.mx\/ordena-tribunal-sancion-para-el-bronco\/\"]}]},{\"@type\":\"ImageObject\",\"inLanguage\":\"es\",\"@id\":\"https:\/\/www.sonoraenequipo.com.mx\/ordena-tribunal-sancion-para-el-bronco\/#primaryimage\",\"url\":\"https:\/\/www.sonoraenequipo.com.mx\/storage\/2019\/09\/jaime-rodriguez-el-bronco_opt.jpg\",\"contentUrl\":\"https:\/\/www.sonoraenequipo.com.mx\/storage\/2019\/09\/jaime-rodriguez-el-bronco_opt.jpg\",\"width\":602,\"height\":400},{\"@type\":\"BreadcrumbList\",\"@id\":\"https:\/\/www.sonoraenequipo.com.mx\/ordena-tribunal-sancion-para-el-bronco\/#breadcrumb\",\"itemListElement\":[{\"@type\":\"ListItem\",\"position\":1,\"name\":\"Portada\",\"item\":\"https:\/\/www.sonoraenequipo.com.mx\/\"},{\"@type\":\"ListItem\",\"position\":2,\"name\":\"Ordena Tribunal sanci\u00f3n para \u00abEl Bronco\u00bb\"}]},{\"@type\":\"WebSite\",\"@id\":\"https:\/\/www.sonoraenequipo.com.mx\/#website\",\"url\":\"https:\/\/www.sonoraenequipo.com.mx\/\",\"name\":\"Sonora en Equipo.\",\"description\":\"Diario en l\u00ednea con Noticias desde Hermosillo, Sonora\",\"publisher\":{\"@id\":\"https:\/\/www.sonoraenequipo.com.mx\/#organization\"},\"potentialAction\":[{\"@type\":\"SearchAction\",\"target\":{\"@type\":\"EntryPoint\",\"urlTemplate\":\"https:\/\/www.sonoraenequipo.com.mx\/?s={search_term_string}\"},\"query-input\":{\"@type\":\"PropertyValueSpecification\",\"valueRequired\":true,\"valueName\":\"search_term_string\"}}],\"inLanguage\":\"es\"},{\"@type\":\"Organization\",\"@id\":\"https:\/\/www.sonoraenequipo.com.mx\/#organization\",\"name\":\"Sonoraenequipo.com.mx\",\"url\":\"https:\/\/www.sonoraenequipo.com.mx\/\",\"logo\":{\"@type\":\"ImageObject\",\"inLanguage\":\"es\",\"@id\":\"https:\/\/www.sonoraenequipo.com.mx\/#\/schema\/logo\/image\/\",\"url\":\"https:\/\/www.sonoraenequipo.com.mx\/storage\/2019\/01\/sonoraenequipo_opt.png\",\"contentUrl\":\"https:\/\/www.sonoraenequipo.com.mx\/storage\/2019\/01\/sonoraenequipo_opt.png\",\"width\":375,\"height\":125,\"caption\":\"Sonoraenequipo.com.mx\"},\"image\":{\"@id\":\"https:\/\/www.sonoraenequipo.com.mx\/#\/schema\/logo\/image\/\"},\"sameAs\":[\"https:\/\/www.facebook.com\/SonoraEE\/\",\"https:\/\/x.com\/sonoraenequipo\",\"https:\/\/www.youtube.com\/channel\/UC338nW-lPEYmJQs4ZABQ1SQ\"]},{\"@type\":\"Person\",\"@id\":\"https:\/\/www.sonoraenequipo.com.mx\/#\/schema\/person\/50102df0fb23a8fa9e8effad8fa81386\",\"name\":\"enequipo\",\"image\":{\"@type\":\"ImageObject\",\"inLanguage\":\"es\",\"@id\":\"https:\/\/www.sonoraenequipo.com.mx\/#\/schema\/person\/image\/\",\"url\":\"https:\/\/secure.gravatar.com\/avatar\/049821681b589dabc0bc20695993ccebb09f5b5d4d790cd9251b97faac7c652b?s=96&d=blank&r=g\",\"contentUrl\":\"https:\/\/secure.gravatar.com\/avatar\/049821681b589dabc0bc20695993ccebb09f5b5d4d790cd9251b97faac7c652b?s=96&d=blank&r=g\",\"caption\":\"enequipo\"},\"sameAs\":[\"https:\/\/www.facebook.com\/SonoraEE\"]}]}<\/script>\n ","yoast_head_json":{"title":"Sonora en Equipo. Ordena Tribunal sanci\u00f3n para \"El Bronco\" Rep\u00fablica","description":"MONTERREY, NUEVO LE\u00d3N. MX. \u2014 Por unanimidad, los magistrados de la Sala Superior del Tribunal Electoral del Poder Judicial de la Federaci\u00f3n (TEPJF) En Sonora en Equipo publicamos toda la informaci\u00f3n de Sonora, M\u00e9xico y el Mundo de manera oportuna y busca que la libertad de expresi\u00f3n sea real. Visita nuestro medio informativo publicado desde Hermosillo, Sonora. %","robots":{"index":"index","follow":"follow","max-snippet":"max-snippet:-1","max-image-preview":"max-image-preview:large","max-video-preview":"max-video-preview:-1"},"canonical":"https:\/\/www.sonoraenequipo.com.mx\/ordena-tribunal-sancion-para-el-bronco\/","og_locale":"es_ES","og_type":"article","og_title":"Sonora en Equipo. Ordena Tribunal sanci\u00f3n para \"El Bronco\" Rep\u00fablica","og_description":"MONTERREY, NUEVO LE\u00d3N. MX. \u2014 Por unanimidad, los magistrados de la Sala Superior del Tribunal Electoral del Poder Judicial de la Federaci\u00f3n (TEPJF) En Sonora en Equipo publicamos toda la informaci\u00f3n de Sonora, M\u00e9xico y el Mundo de manera oportuna y busca que la libertad de expresi\u00f3n sea real. Visita nuestro medio informativo publicado desde Hermosillo, Sonora. %","og_url":"https:\/\/www.sonoraenequipo.com.mx\/ordena-tribunal-sancion-para-el-bronco\/","og_site_name":"Sonora en Equipo.","article_publisher":"https:\/\/www.facebook.com\/SonoraEE\/","article_author":"https:\/\/www.facebook.com\/SonoraEE","article_published_time":"2019-09-26T04:20:16+00:00","og_image":[{"width":602,"height":400,"url":"https:\/\/www.sonoraenequipo.com.mx\/storage\/2019\/09\/jaime-rodriguez-el-bronco_opt.jpg","type":"image\/jpeg"}],"author":"enequipo","twitter_card":"summary_large_image","twitter_creator":"@sonoraenequipo","twitter_site":"@sonoraenequipo","twitter_misc":{"Escrito por":"enequipo","Tiempo de lectura":"2 minutos"},"schema":{"@context":"https:\/\/schema.org","@graph":[{"@type":"Article","@id":"https:\/\/www.sonoraenequipo.com.mx\/ordena-tribunal-sancion-para-el-bronco\/#article","isPartOf":{"@id":"https:\/\/www.sonoraenequipo.com.mx\/ordena-tribunal-sancion-para-el-bronco\/"},"author":{"name":"enequipo","@id":"https:\/\/www.sonoraenequipo.com.mx\/#\/schema\/person\/50102df0fb23a8fa9e8effad8fa81386"},"headline":"Ordena Tribunal sanci\u00f3n para \u00abEl Bronco\u00bb","datePublished":"2019-09-26T04:20:16+00:00","mainEntityOfPage":{"@id":"https:\/\/www.sonoraenequipo.com.mx\/ordena-tribunal-sancion-para-el-bronco\/"},"wordCount":479,"commentCount":0,"publisher":{"@id":"https:\/\/www.sonoraenequipo.com.mx\/#organization"},"image":{"@id":"https:\/\/www.sonoraenequipo.com.mx\/ordena-tribunal-sancion-para-el-bronco\/#primaryimage"},"thumbnailUrl":"https:\/\/www.sonoraenequipo.com.mx\/storage\/2019\/09\/jaime-rodriguez-el-bronco_opt.jpg","articleSection":["Rep\u00fablica"],"inLanguage":"es","potentialAction":[{"@type":"CommentAction","name":"Comment","target":["https:\/\/www.sonoraenequipo.com.mx\/ordena-tribunal-sancion-para-el-bronco\/#respond"]}]},{"@type":"WebPage","@id":"https:\/\/www.sonoraenequipo.com.mx\/ordena-tribunal-sancion-para-el-bronco\/","url":"https:\/\/www.sonoraenequipo.com.mx\/ordena-tribunal-sancion-para-el-bronco\/","name":"Sonora en Equipo. Ordena Tribunal sanci\u00f3n para \"El Bronco\" Rep\u00fablica","isPartOf":{"@id":"https:\/\/www.sonoraenequipo.com.mx\/#website"},"primaryImageOfPage":{"@id":"https:\/\/www.sonoraenequipo.com.mx\/ordena-tribunal-sancion-para-el-bronco\/#primaryimage"},"image":{"@id":"https:\/\/www.sonoraenequipo.com.mx\/ordena-tribunal-sancion-para-el-bronco\/#primaryimage"},"thumbnailUrl":"https:\/\/www.sonoraenequipo.com.mx\/storage\/2019\/09\/jaime-rodriguez-el-bronco_opt.jpg","datePublished":"2019-09-26T04:20:16+00:00","description":"MONTERREY, NUEVO LE\u00d3N. MX. \u2014 Por unanimidad, los magistrados de la Sala Superior del Tribunal Electoral del Poder Judicial de la Federaci\u00f3n (TEPJF) En Sonora en Equipo publicamos toda la informaci\u00f3n de Sonora, M\u00e9xico y el Mundo de manera oportuna y busca que la libertad de expresi\u00f3n sea real. Visita nuestro medio informativo publicado desde Hermosillo, Sonora. %","breadcrumb":{"@id":"https:\/\/www.sonoraenequipo.com.mx\/ordena-tribunal-sancion-para-el-bronco\/#breadcrumb"},"inLanguage":"es","potentialAction":[{"@type":"ReadAction","target":["https:\/\/www.sonoraenequipo.com.mx\/ordena-tribunal-sancion-para-el-bronco\/"]}]},{"@type":"ImageObject","inLanguage":"es","@id":"https:\/\/www.sonoraenequipo.com.mx\/ordena-tribunal-sancion-para-el-bronco\/#primaryimage","url":"https:\/\/www.sonoraenequipo.com.mx\/storage\/2019\/09\/jaime-rodriguez-el-bronco_opt.jpg","contentUrl":"https:\/\/www.sonoraenequipo.com.mx\/storage\/2019\/09\/jaime-rodriguez-el-bronco_opt.jpg","width":602,"height":400},{"@type":"BreadcrumbList","@id":"https:\/\/www.sonoraenequipo.com.mx\/ordena-tribunal-sancion-para-el-bronco\/#breadcrumb","itemListElement":[{"@type":"ListItem","position":1,"name":"Portada","item":"https:\/\/www.sonoraenequipo.com.mx\/"},{"@type":"ListItem","position":2,"name":"Ordena Tribunal sanci\u00f3n para \u00abEl Bronco\u00bb"}]},{"@type":"WebSite","@id":"https:\/\/www.sonoraenequipo.com.mx\/#website","url":"https:\/\/www.sonoraenequipo.com.mx\/","name":"Sonora en Equipo.","description":"Diario en l\u00ednea con Noticias desde Hermosillo, Sonora","publisher":{"@id":"https:\/\/www.sonoraenequipo.com.mx\/#organization"},"potentialAction":[{"@type":"SearchAction","target":{"@type":"EntryPoint","urlTemplate":"https:\/\/www.sonoraenequipo.com.mx\/?s={search_term_string}"},"query-input":{"@type":"PropertyValueSpecification","valueRequired":true,"valueName":"search_term_string"}}],"inLanguage":"es"},{"@type":"Organization","@id":"https:\/\/www.sonoraenequipo.com.mx\/#organization","name":"Sonoraenequipo.com.mx","url":"https:\/\/www.sonoraenequipo.com.mx\/","logo":{"@type":"ImageObject","inLanguage":"es","@id":"https:\/\/www.sonoraenequipo.com.mx\/#\/schema\/logo\/image\/","url":"https:\/\/www.sonoraenequipo.com.mx\/storage\/2019\/01\/sonoraenequipo_opt.png","contentUrl":"https:\/\/www.sonoraenequipo.com.mx\/storage\/2019\/01\/sonoraenequipo_opt.png","width":375,"height":125,"caption":"Sonoraenequipo.com.mx"},"image":{"@id":"https:\/\/www.sonoraenequipo.com.mx\/#\/schema\/logo\/image\/"},"sameAs":["https:\/\/www.facebook.com\/SonoraEE\/","https:\/\/x.com\/sonoraenequipo","https:\/\/www.youtube.com\/channel\/UC338nW-lPEYmJQs4ZABQ1SQ"]},{"@type":"Person","@id":"https:\/\/www.sonoraenequipo.com.mx\/#\/schema\/person\/50102df0fb23a8fa9e8effad8fa81386","name":"enequipo","image":{"@type":"ImageObject","inLanguage":"es","@id":"https:\/\/www.sonoraenequipo.com.mx\/#\/schema\/person\/image\/","url":"https:\/\/secure.gravatar.com\/avatar\/049821681b589dabc0bc20695993ccebb09f5b5d4d790cd9251b97faac7c652b?s=96&d=blank&r=g","contentUrl":"https:\/\/secure.gravatar.com\/avatar\/049821681b589dabc0bc20695993ccebb09f5b5d4d790cd9251b97faac7c652b?s=96&d=blank&r=g","caption":"enequipo"},"sameAs":["https:\/\/www.facebook.com\/SonoraEE"]}]}},"jetpack_featured_media_url":"https:\/\/www.sonoraenequipo.com.mx\/storage\/2019\/09\/jaime-rodriguez-el-bronco_opt.jpg","_links":{"self":[{"href":"https:\/\/www.sonoraenequipo.com.mx\/api\/wp\/v2\/posts\/67834","targetHints":{"allow":["GET"]}}],"collection":[{"href":"https:\/\/www.sonoraenequipo.com.mx\/api\/wp\/v2\/posts"}],"about":[{"href":"https:\/\/www.sonoraenequipo.com.mx\/api\/wp\/v2\/types\/post"}],"author":[{"embeddable":true,"href":"https:\/\/www.sonoraenequipo.com.mx\/api\/wp\/v2\/users\/1"}],"replies":[{"embeddable":true,"href":"https:\/\/www.sonoraenequipo.com.mx\/api\/wp\/v2\/comments?post=67834"}],"version-history":[{"count":0,"href":"https:\/\/www.sonoraenequipo.com.mx\/api\/wp\/v2\/posts\/67834\/revisions"}],"wp:featuredmedia":[{"embeddable":true,"href":"https:\/\/www.sonoraenequipo.com.mx\/api\/wp\/v2\/media\/67835"}],"wp:attachment":[{"href":"https:\/\/www.sonoraenequipo.com.mx\/api\/wp\/v2\/media?parent=67834"}],"wp:term":[{"taxonomy":"category","embeddable":true,"href":"https:\/\/www.sonoraenequipo.com.mx\/api\/wp\/v2\/categories?post=67834"},{"taxonomy":"post_tag","embeddable":true,"href":"https:\/\/www.sonoraenequipo.com.mx\/api\/wp\/v2\/tags?post=67834"}],"curies":[{"name":"wp","href":"https:\/\/api.w.org\/{rel}","templated":true}]}}