{"id":680,"date":"2015-11-02T19:53:57","date_gmt":"2015-11-03T02:53:57","guid":{"rendered":"http:\/\/www.sonoraenequipo.com.mx\/?p=680"},"modified":"2020-05-18T18:27:51","modified_gmt":"2020-05-19T01:27:51","slug":"gritan-a-calderon-en-el-gran-premio-de-mexico-largate-asesino","status":"publish","type":"post","link":"https:\/\/www.sonoraenequipo.com.mx\/gritan-a-calderon-en-el-gran-premio-de-mexico-largate-asesino\/","title":{"rendered":"Gritan a Calder\u00f3n en el Gran Premio de M\u00e9xico \u00ab\u00a1L\u00e1rgate, asesino!\u00bb"},"content":{"rendered":"<p>02112015. M\u00c9XICO, DF.APRO.\u2014 Asistentes al Gran Premio de M\u00e9xico gritaron \u201c\u00a1asesino!\u201d al expresidente Felipe Calder\u00f3n Hinojosa, a quien muchos se\u00f1alan como el principal responsable de las miles de muertes y desapariciones registradas en el pa\u00eds desde que impuls\u00f3 la guerra contra el narcotr\u00e1fico.<\/p>\n<p> <br \/>\nVarios de los asistentes al Gran Premio de la F\u00f3rmula Uno, realizado ayer en el Aut\u00f3dromo Hermanos Rodr\u00edguez de la Ciudad de M\u00e9xico, se tomaron fotograf\u00edas con el exmandatario, pero muchos otros le gritaron: \u201c\u00a1L\u00e1rgate, asesino. S\u00e1quenlo!\u201d.<\/p>\n<p>Calder\u00f3n respondi\u00f3 con una sonrisa nerviosa y un saludo a las gradas. Algunas versiones indican que se retir\u00f3 en helic\u00f3ptero, mientras que su esposa, Margarita Zavala, quien se perfila como aspirante a la presidencia de la Rep\u00fablica en 2018, abord\u00f3 el Metro.<\/p>\n<p>El panista es asiduo espectador de competencias deportivas internacionales. En mayo de 2014 viaj\u00f3 al principado de M\u00f3naco para ver al piloto mexicano Sergio \u201cCheco\u201d P\u00e9rez.<\/p>\n<p>En junio siguiente viaj\u00f3 en el crucero MSC Divina para presenciar el debut de la selecci\u00f3n mexicana de futbol en el Mundial de Brasil.<\/p>\n<p>De acuerdo con el reglamento vigente del Estado Mayor Presidencial, Calder\u00f3n tiene 12 guardias destinados a custodiar su seguridad, adem\u00e1s de guardaespaldas para su esposa e hijos.<\/p>\n<p>A principios de su sexenio, Calder\u00f3n declar\u00f3 \u201cla guerra\u201d al crimen organizado, arrebato que fue criticado por especialistas, quienes denunciaron la falta de una estrategia clara para combatir al narcotr\u00e1fico.<\/p>\n<p>Cifras oficiales del Instituto Nacional de Estad\u00edstica y Geograf\u00eda indican que en el sexenio anterior murieron 121 mil personas de manera violenta.<\/p>\n<p>La misma cifra fue corroborada en marzo de 2014 por el grupo parlamentario del PRI en el Senado. Citando datos de la Procuradur\u00eda General de la Rep\u00fablica, durante la administraci\u00f3n de Calder\u00f3n se dio una muerte violenta cada 30 minutos.<\/p>\n<p>Y el Centro de An\u00e1lisis de Pol\u00edticas P\u00fablicas M\u00e9xico Eval\u00faa destac\u00f3 que la narcoguerra dej\u00f3 adem\u00e1s 344 mil 230 v\u00edctimas indirectas, entre ellas hijos, esposas, padres o familiares de las v\u00edctimas.<\/p>\n<p>En septiembre de ese mismo a\u00f1o, el exmandatario reconoci\u00f3 en una entrevista publicada por el diario espa\u00f1ol \u2018El Pa\u00eds\u2019 que hubo abusos por parte de las fuerzas de seguridad durante su mandato en la guerra contra el narcotr\u00e1fico, aunque matiz\u00f3 que fueron una excepci\u00f3n.<\/p>\n<p>\u201cEs cierto, las operaciones federales se multiplicaron, y lamentablemente hubo abusos. Pero fueron la excepci\u00f3n y no la regla, y siempre que el gobierno tuvo conocimiento se actu\u00f3 para llevar a la justicia a los responsables\u201d, explic\u00f3.<\/p>\n<p>En esa ocasi\u00f3n el panista dijo al rotativo espa\u00f1ol que de las m\u00e1s de 5 mil 600 quejas presentadas entre 2010 y 2012 ante la Comisi\u00f3n Nacional de los Derechos Humanos por torturas y malos tratos por parte de las fuerzas de seguridad, \u201cmenos de 2% resultaron fundadas y se tradujeron en recomendaciones a las fuerzas federales\u201d.<\/p>\n<p>\u201cDe esas recomendaciones, todas sin excepci\u00f3n fueron acatadas por mi gobierno, iniciando las averiguaciones penales en los casos en que as\u00ed fue establecido\u201d, apunt\u00f3.<\/p>\n","protected":false},"excerpt":{"rendered":"<p>02112015. M\u00c9XICO, DF.APRO.\u2014 Asistentes al Gran Premio de M\u00e9xico gritaron \u201c\u00a1asesino!\u201d al expresidente Felipe Calder\u00f3n&#8230;<\/p>\n","protected":false},"author":1,"featured_media":0,"comment_status":"open","ping_status":"open","sticky":false,"template":"","format":"standard","meta":{"_monsterinsights_skip_tracking":false,"_monsterinsights_sitenote_active":false,"_monsterinsights_sitenote_note":"","_monsterinsights_sitenote_category":0,"footnotes":""},"categories":[5],"tags":[724,340,722,723,725],"class_list":["post"],"yoast_head":" \n<title>Sonora en Equipo. Gritan a Calder\u00f3n en el Gran Premio de M\u00e9xico &quot;\u00a1L\u00e1rgate, asesino!&quot;<\/title>\n<meta name=\"description\" content=\"02112015. M\u00c9XICO, DF.APRO.\u2014 Asistentes al Gran Premio de M\u00e9xico gritaron \u201c\u00a1asesino!\u201d al expresidente Felipe Calder\u00f3n Hinojosa, a quien muchos se\u00f1alan como En Sonora en Equipo publicamos toda la informaci\u00f3n de Sonora, M\u00e9xico y el Mundo de manera oportuna y busca que la libertad de expresi\u00f3n sea real. Visita nuestro medio informativo publicado desde Hermosillo, Sonora. %\" \/>\n<meta name=\"robots\" content=\"index, follow, max-snippet:-1, max-image-preview:large, max-video-preview:-1\" \/>\n<link rel=\"canonical\" href=\"https:\/\/www.sonoraenequipo.com.mx\/gritan-a-calderon-en-el-gran-premio-de-mexico-largate-asesino\/\" \/>\n<meta property=\"og:locale\" content=\"es_ES\" \/>\n<meta property=\"og:type\" content=\"article\" \/>\n<meta property=\"og:title\" content=\"Sonora en Equipo. Gritan a Calder\u00f3n en el Gran Premio de M\u00e9xico &quot;\u00a1L\u00e1rgate, asesino!&quot;\" \/>\n<meta property=\"og:description\" content=\"02112015. M\u00c9XICO, DF.APRO.\u2014 Asistentes al Gran Premio de M\u00e9xico gritaron \u201c\u00a1asesino!\u201d al expresidente Felipe Calder\u00f3n Hinojosa, a quien muchos se\u00f1alan como En Sonora en Equipo publicamos toda la informaci\u00f3n de Sonora, M\u00e9xico y el Mundo de manera oportuna y busca que la libertad de expresi\u00f3n sea real. Visita nuestro medio informativo publicado desde Hermosillo, Sonora. %\" \/>\n<meta property=\"og:url\" content=\"https:\/\/www.sonoraenequipo.com.mx\/gritan-a-calderon-en-el-gran-premio-de-mexico-largate-asesino\/\" \/>\n<meta property=\"og:site_name\" content=\"Sonora en Equipo.\" \/>\n<meta property=\"article:publisher\" content=\"https:\/\/www.facebook.com\/SonoraEE\/\" \/>\n<meta property=\"article:author\" content=\"https:\/\/www.facebook.com\/SonoraEE\" \/>\n<meta property=\"article:published_time\" content=\"2015-11-03T02:53:57+00:00\" \/>\n<meta property=\"article:modified_time\" content=\"2020-05-19T01:27:51+00:00\" \/>\n<meta name=\"author\" content=\"enequipo\" \/>\n<meta name=\"twitter:card\" content=\"summary_large_image\" \/>\n<meta name=\"twitter:creator\" content=\"@sonoraenequipo\" \/>\n<meta name=\"twitter:site\" content=\"@sonoraenequipo\" \/>\n<meta name=\"twitter:label1\" content=\"Escrito por\" \/>\n\t<meta name=\"twitter:data1\" content=\"enequipo\" \/>\n\t<meta name=\"twitter:label2\" content=\"Tiempo de lectura\" \/>\n\t<meta name=\"twitter:data2\" content=\"3 minutos\" \/>\n<script type=\"application\/ld+json\" class=\"yoast-schema-graph\">{\"@context\":\"https:\/\/schema.org\",\"@graph\":[{\"@type\":\"Article\",\"@id\":\"https:\/\/www.sonoraenequipo.com.mx\/gritan-a-calderon-en-el-gran-premio-de-mexico-largate-asesino\/#article\",\"isPartOf\":{\"@id\":\"https:\/\/www.sonoraenequipo.com.mx\/gritan-a-calderon-en-el-gran-premio-de-mexico-largate-asesino\/\"},\"author\":{\"name\":\"enequipo\",\"@id\":\"https:\/\/www.sonoraenequipo.com.mx\/#\/schema\/person\/50102df0fb23a8fa9e8effad8fa81386\"},\"headline\":\"Gritan a Calder\u00f3n en el Gran Premio de M\u00e9xico \u00ab\u00a1L\u00e1rgate, asesino!\u00bb\",\"datePublished\":\"2015-11-03T02:53:57+00:00\",\"dateModified\":\"2020-05-19T01:27:51+00:00\",\"mainEntityOfPage\":{\"@id\":\"https:\/\/www.sonoraenequipo.com.mx\/gritan-a-calderon-en-el-gran-premio-de-mexico-largate-asesino\/\"},\"wordCount\":533,\"commentCount\":0,\"publisher\":{\"@id\":\"https:\/\/www.sonoraenequipo.com.mx\/#organization\"},\"keywords\":[\"Asesinatos en M\u00e9xico\",\"ciudadanos\",\"Fecal\",\"Felipe Calder\u00f3n\",\"Guerra contra el Narco\"],\"articleSection\":[\"Rep\u00fablica\"],\"inLanguage\":\"es\",\"potentialAction\":[{\"@type\":\"CommentAction\",\"name\":\"Comment\",\"target\":[\"https:\/\/www.sonoraenequipo.com.mx\/gritan-a-calderon-en-el-gran-premio-de-mexico-largate-asesino\/#respond\"]}]},{\"@type\":\"WebPage\",\"@id\":\"https:\/\/www.sonoraenequipo.com.mx\/gritan-a-calderon-en-el-gran-premio-de-mexico-largate-asesino\/\",\"url\":\"https:\/\/www.sonoraenequipo.com.mx\/gritan-a-calderon-en-el-gran-premio-de-mexico-largate-asesino\/\",\"name\":\"Sonora en Equipo. Gritan a Calder\u00f3n en el Gran Premio de M\u00e9xico \\\"\u00a1L\u00e1rgate, asesino!\\\"\",\"isPartOf\":{\"@id\":\"https:\/\/www.sonoraenequipo.com.mx\/#website\"},\"datePublished\":\"2015-11-03T02:53:57+00:00\",\"dateModified\":\"2020-05-19T01:27:51+00:00\",\"description\":\"02112015. M\u00c9XICO, DF.APRO.\u2014 Asistentes al Gran Premio de M\u00e9xico gritaron \u201c\u00a1asesino!\u201d al expresidente Felipe Calder\u00f3n Hinojosa, a quien muchos se\u00f1alan como En Sonora en Equipo publicamos toda la informaci\u00f3n de Sonora, M\u00e9xico y el Mundo de manera oportuna y busca que la libertad de expresi\u00f3n sea real. Visita nuestro medio informativo publicado desde Hermosillo, Sonora. %\",\"breadcrumb\":{\"@id\":\"https:\/\/www.sonoraenequipo.com.mx\/gritan-a-calderon-en-el-gran-premio-de-mexico-largate-asesino\/#breadcrumb\"},\"inLanguage\":\"es\",\"potentialAction\":[{\"@type\":\"ReadAction\",\"target\":[\"https:\/\/www.sonoraenequipo.com.mx\/gritan-a-calderon-en-el-gran-premio-de-mexico-largate-asesino\/\"]}]},{\"@type\":\"BreadcrumbList\",\"@id\":\"https:\/\/www.sonoraenequipo.com.mx\/gritan-a-calderon-en-el-gran-premio-de-mexico-largate-asesino\/#breadcrumb\",\"itemListElement\":[{\"@type\":\"ListItem\",\"position\":1,\"name\":\"Portada\",\"item\":\"https:\/\/www.sonoraenequipo.com.mx\/\"},{\"@type\":\"ListItem\",\"position\":2,\"name\":\"Gritan a Calder\u00f3n en el Gran Premio de M\u00e9xico \u00ab\u00a1L\u00e1rgate, asesino!\u00bb\"}]},{\"@type\":\"WebSite\",\"@id\":\"https:\/\/www.sonoraenequipo.com.mx\/#website\",\"url\":\"https:\/\/www.sonoraenequipo.com.mx\/\",\"name\":\"Sonora en Equipo.\",\"description\":\"Diario en l\u00ednea con Noticias desde Hermosillo, Sonora\",\"publisher\":{\"@id\":\"https:\/\/www.sonoraenequipo.com.mx\/#organization\"},\"potentialAction\":[{\"@type\":\"SearchAction\",\"target\":{\"@type\":\"EntryPoint\",\"urlTemplate\":\"https:\/\/www.sonoraenequipo.com.mx\/?s={search_term_string}\"},\"query-input\":{\"@type\":\"PropertyValueSpecification\",\"valueRequired\":true,\"valueName\":\"search_term_string\"}}],\"inLanguage\":\"es\"},{\"@type\":\"Organization\",\"@id\":\"https:\/\/www.sonoraenequipo.com.mx\/#organization\",\"name\":\"Sonoraenequipo.com.mx\",\"url\":\"https:\/\/www.sonoraenequipo.com.mx\/\",\"logo\":{\"@type\":\"ImageObject\",\"inLanguage\":\"es\",\"@id\":\"https:\/\/www.sonoraenequipo.com.mx\/#\/schema\/logo\/image\/\",\"url\":\"https:\/\/www.sonoraenequipo.com.mx\/storage\/2019\/01\/sonoraenequipo_opt.png\",\"contentUrl\":\"https:\/\/www.sonoraenequipo.com.mx\/storage\/2019\/01\/sonoraenequipo_opt.png\",\"width\":375,\"height\":125,\"caption\":\"Sonoraenequipo.com.mx\"},\"image\":{\"@id\":\"https:\/\/www.sonoraenequipo.com.mx\/#\/schema\/logo\/image\/\"},\"sameAs\":[\"https:\/\/www.facebook.com\/SonoraEE\/\",\"https:\/\/x.com\/sonoraenequipo\",\"https:\/\/www.youtube.com\/channel\/UC338nW-lPEYmJQs4ZABQ1SQ\"]},{\"@type\":\"Person\",\"@id\":\"https:\/\/www.sonoraenequipo.com.mx\/#\/schema\/person\/50102df0fb23a8fa9e8effad8fa81386\",\"name\":\"enequipo\",\"image\":{\"@type\":\"ImageObject\",\"inLanguage\":\"es\",\"@id\":\"https:\/\/www.sonoraenequipo.com.mx\/#\/schema\/person\/image\/\",\"url\":\"https:\/\/secure.gravatar.com\/avatar\/049821681b589dabc0bc20695993ccebb09f5b5d4d790cd9251b97faac7c652b?s=96&d=blank&r=g\",\"contentUrl\":\"https:\/\/secure.gravatar.com\/avatar\/049821681b589dabc0bc20695993ccebb09f5b5d4d790cd9251b97faac7c652b?s=96&d=blank&r=g\",\"caption\":\"enequipo\"},\"sameAs\":[\"https:\/\/www.facebook.com\/SonoraEE\"]}]}<\/script>\n ","yoast_head_json":{"title":"Sonora en Equipo. Gritan a Calder\u00f3n en el Gran Premio de M\u00e9xico \"\u00a1L\u00e1rgate, asesino!\"","description":"02112015. M\u00c9XICO, DF.APRO.\u2014 Asistentes al Gran Premio de M\u00e9xico gritaron \u201c\u00a1asesino!\u201d al expresidente Felipe Calder\u00f3n Hinojosa, a quien muchos se\u00f1alan como En Sonora en Equipo publicamos toda la informaci\u00f3n de Sonora, M\u00e9xico y el Mundo de manera oportuna y busca que la libertad de expresi\u00f3n sea real. Visita nuestro medio informativo publicado desde Hermosillo, Sonora. %","robots":{"index":"index","follow":"follow","max-snippet":"max-snippet:-1","max-image-preview":"max-image-preview:large","max-video-preview":"max-video-preview:-1"},"canonical":"https:\/\/www.sonoraenequipo.com.mx\/gritan-a-calderon-en-el-gran-premio-de-mexico-largate-asesino\/","og_locale":"es_ES","og_type":"article","og_title":"Sonora en Equipo. Gritan a Calder\u00f3n en el Gran Premio de M\u00e9xico \"\u00a1L\u00e1rgate, asesino!\"","og_description":"02112015. M\u00c9XICO, DF.APRO.\u2014 Asistentes al Gran Premio de M\u00e9xico gritaron \u201c\u00a1asesino!\u201d al expresidente Felipe Calder\u00f3n Hinojosa, a quien muchos se\u00f1alan como En Sonora en Equipo publicamos toda la informaci\u00f3n de Sonora, M\u00e9xico y el Mundo de manera oportuna y busca que la libertad de expresi\u00f3n sea real. Visita nuestro medio informativo publicado desde Hermosillo, Sonora. %","og_url":"https:\/\/www.sonoraenequipo.com.mx\/gritan-a-calderon-en-el-gran-premio-de-mexico-largate-asesino\/","og_site_name":"Sonora en Equipo.","article_publisher":"https:\/\/www.facebook.com\/SonoraEE\/","article_author":"https:\/\/www.facebook.com\/SonoraEE","article_published_time":"2015-11-03T02:53:57+00:00","article_modified_time":"2020-05-19T01:27:51+00:00","author":"enequipo","twitter_card":"summary_large_image","twitter_creator":"@sonoraenequipo","twitter_site":"@sonoraenequipo","twitter_misc":{"Escrito por":"enequipo","Tiempo de lectura":"3 minutos"},"schema":{"@context":"https:\/\/schema.org","@graph":[{"@type":"Article","@id":"https:\/\/www.sonoraenequipo.com.mx\/gritan-a-calderon-en-el-gran-premio-de-mexico-largate-asesino\/#article","isPartOf":{"@id":"https:\/\/www.sonoraenequipo.com.mx\/gritan-a-calderon-en-el-gran-premio-de-mexico-largate-asesino\/"},"author":{"name":"enequipo","@id":"https:\/\/www.sonoraenequipo.com.mx\/#\/schema\/person\/50102df0fb23a8fa9e8effad8fa81386"},"headline":"Gritan a Calder\u00f3n en el Gran Premio de M\u00e9xico \u00ab\u00a1L\u00e1rgate, asesino!\u00bb","datePublished":"2015-11-03T02:53:57+00:00","dateModified":"2020-05-19T01:27:51+00:00","mainEntityOfPage":{"@id":"https:\/\/www.sonoraenequipo.com.mx\/gritan-a-calderon-en-el-gran-premio-de-mexico-largate-asesino\/"},"wordCount":533,"commentCount":0,"publisher":{"@id":"https:\/\/www.sonoraenequipo.com.mx\/#organization"},"keywords":["Asesinatos en M\u00e9xico","ciudadanos","Fecal","Felipe Calder\u00f3n","Guerra contra el Narco"],"articleSection":["Rep\u00fablica"],"inLanguage":"es","potentialAction":[{"@type":"CommentAction","name":"Comment","target":["https:\/\/www.sonoraenequipo.com.mx\/gritan-a-calderon-en-el-gran-premio-de-mexico-largate-asesino\/#respond"]}]},{"@type":"WebPage","@id":"https:\/\/www.sonoraenequipo.com.mx\/gritan-a-calderon-en-el-gran-premio-de-mexico-largate-asesino\/","url":"https:\/\/www.sonoraenequipo.com.mx\/gritan-a-calderon-en-el-gran-premio-de-mexico-largate-asesino\/","name":"Sonora en Equipo. Gritan a Calder\u00f3n en el Gran Premio de M\u00e9xico \"\u00a1L\u00e1rgate, asesino!\"","isPartOf":{"@id":"https:\/\/www.sonoraenequipo.com.mx\/#website"},"datePublished":"2015-11-03T02:53:57+00:00","dateModified":"2020-05-19T01:27:51+00:00","description":"02112015. M\u00c9XICO, DF.APRO.\u2014 Asistentes al Gran Premio de M\u00e9xico gritaron \u201c\u00a1asesino!\u201d al expresidente Felipe Calder\u00f3n Hinojosa, a quien muchos se\u00f1alan como En Sonora en Equipo publicamos toda la informaci\u00f3n de Sonora, M\u00e9xico y el Mundo de manera oportuna y busca que la libertad de expresi\u00f3n sea real. Visita nuestro medio informativo publicado desde Hermosillo, Sonora. %","breadcrumb":{"@id":"https:\/\/www.sonoraenequipo.com.mx\/gritan-a-calderon-en-el-gran-premio-de-mexico-largate-asesino\/#breadcrumb"},"inLanguage":"es","potentialAction":[{"@type":"ReadAction","target":["https:\/\/www.sonoraenequipo.com.mx\/gritan-a-calderon-en-el-gran-premio-de-mexico-largate-asesino\/"]}]},{"@type":"BreadcrumbList","@id":"https:\/\/www.sonoraenequipo.com.mx\/gritan-a-calderon-en-el-gran-premio-de-mexico-largate-asesino\/#breadcrumb","itemListElement":[{"@type":"ListItem","position":1,"name":"Portada","item":"https:\/\/www.sonoraenequipo.com.mx\/"},{"@type":"ListItem","position":2,"name":"Gritan a Calder\u00f3n en el Gran Premio de M\u00e9xico \u00ab\u00a1L\u00e1rgate, asesino!\u00bb"}]},{"@type":"WebSite","@id":"https:\/\/www.sonoraenequipo.com.mx\/#website","url":"https:\/\/www.sonoraenequipo.com.mx\/","name":"Sonora en Equipo.","description":"Diario en l\u00ednea con Noticias desde Hermosillo, Sonora","publisher":{"@id":"https:\/\/www.sonoraenequipo.com.mx\/#organization"},"potentialAction":[{"@type":"SearchAction","target":{"@type":"EntryPoint","urlTemplate":"https:\/\/www.sonoraenequipo.com.mx\/?s={search_term_string}"},"query-input":{"@type":"PropertyValueSpecification","valueRequired":true,"valueName":"search_term_string"}}],"inLanguage":"es"},{"@type":"Organization","@id":"https:\/\/www.sonoraenequipo.com.mx\/#organization","name":"Sonoraenequipo.com.mx","url":"https:\/\/www.sonoraenequipo.com.mx\/","logo":{"@type":"ImageObject","inLanguage":"es","@id":"https:\/\/www.sonoraenequipo.com.mx\/#\/schema\/logo\/image\/","url":"https:\/\/www.sonoraenequipo.com.mx\/storage\/2019\/01\/sonoraenequipo_opt.png","contentUrl":"https:\/\/www.sonoraenequipo.com.mx\/storage\/2019\/01\/sonoraenequipo_opt.png","width":375,"height":125,"caption":"Sonoraenequipo.com.mx"},"image":{"@id":"https:\/\/www.sonoraenequipo.com.mx\/#\/schema\/logo\/image\/"},"sameAs":["https:\/\/www.facebook.com\/SonoraEE\/","https:\/\/x.com\/sonoraenequipo","https:\/\/www.youtube.com\/channel\/UC338nW-lPEYmJQs4ZABQ1SQ"]},{"@type":"Person","@id":"https:\/\/www.sonoraenequipo.com.mx\/#\/schema\/person\/50102df0fb23a8fa9e8effad8fa81386","name":"enequipo","image":{"@type":"ImageObject","inLanguage":"es","@id":"https:\/\/www.sonoraenequipo.com.mx\/#\/schema\/person\/image\/","url":"https:\/\/secure.gravatar.com\/avatar\/049821681b589dabc0bc20695993ccebb09f5b5d4d790cd9251b97faac7c652b?s=96&d=blank&r=g","contentUrl":"https:\/\/secure.gravatar.com\/avatar\/049821681b589dabc0bc20695993ccebb09f5b5d4d790cd9251b97faac7c652b?s=96&d=blank&r=g","caption":"enequipo"},"sameAs":["https:\/\/www.facebook.com\/SonoraEE"]}]}},"jetpack_featured_media_url":"","_links":{"self":[{"href":"https:\/\/www.sonoraenequipo.com.mx\/api\/wp\/v2\/posts\/680","targetHints":{"allow":["GET"]}}],"collection":[{"href":"https:\/\/www.sonoraenequipo.com.mx\/api\/wp\/v2\/posts"}],"about":[{"href":"https:\/\/www.sonoraenequipo.com.mx\/api\/wp\/v2\/types\/post"}],"author":[{"embeddable":true,"href":"https:\/\/www.sonoraenequipo.com.mx\/api\/wp\/v2\/users\/1"}],"replies":[{"embeddable":true,"href":"https:\/\/www.sonoraenequipo.com.mx\/api\/wp\/v2\/comments?post=680"}],"version-history":[{"count":0,"href":"https:\/\/www.sonoraenequipo.com.mx\/api\/wp\/v2\/posts\/680\/revisions"}],"wp:attachment":[{"href":"https:\/\/www.sonoraenequipo.com.mx\/api\/wp\/v2\/media?parent=680"}],"wp:term":[{"taxonomy":"category","embeddable":true,"href":"https:\/\/www.sonoraenequipo.com.mx\/api\/wp\/v2\/categories?post=680"},{"taxonomy":"post_tag","embeddable":true,"href":"https:\/\/www.sonoraenequipo.com.mx\/api\/wp\/v2\/tags?post=680"}],"curies":[{"name":"wp","href":"https:\/\/api.w.org\/{rel}","templated":true}]}}