{"id":683,"date":"2015-11-03T20:00:05","date_gmt":"2015-11-04T03:00:05","guid":{"rendered":"http:\/\/www.sonoraenequipo.com.mx\/?p=683"},"modified":"2020-05-18T18:27:22","modified_gmt":"2020-05-19T01:27:22","slug":"reforma-hacendaria-a-fondo-demanda-el-cce","status":"publish","type":"post","link":"https:\/\/www.sonoraenequipo.com.mx\/reforma-hacendaria-a-fondo-demanda-el-cce\/","title":{"rendered":"Reforma Hacendaria a fondo, demanda el CCE"},"content":{"rendered":"<p>03112015.CIUDAD DE M\u00c9XICO.ELSOL DE M\u00c9XICO.JUAN GARC\u00cdA HEREDIA.\u2014 El sistema tributario en M\u00e9xico se ubica como el segundo factor que m\u00e1s afecta el desarrollo de los negocios, despu\u00e9s de lo relacionado con la legalidad, revel\u00f3 el Consejo Coordinador Empresarial (CCE). A\u00f1adi\u00f3 que subsiste el gran reto de emprender una Reforma Hacendaria a fondo.<\/p>\n<p> <br \/>\nAl se\u00f1alar que finalmente quedaron aprobadas la Ley de Ingresos y la Miscel\u00e1nea Fiscal para el a\u00f1o 2016, que fueron enviadas al Ejecutivo Federal para su publicaci\u00f3n, el presidente del CCE, Gerardo Guti\u00e9rrez Candiani, reconoci\u00f3 que fue tomada en cuenta e incorporada al paquete fiscal una parte fundamental de las propuestas promovidas desde el sector empresarial.<\/p>\n<p>\u201cEl alcance de los ajustes logrados es significativo, con beneficios importantes para diversos sectores productivos, profesionistas y empleados, as\u00ed como consumidores, contribuye a forjar una mejor\u00eda en las expectativas econ\u00f3micas, aunque subsiste el gran reto de emprender una Reforma Hacendaria a fondo, para una coyuntura m\u00e1s favorable\u201d, indic\u00f3 a trav\u00e9s de un mensaje.<\/p>\n<p>Guti\u00e9rrez Candiani puntualiz\u00f3 que \u201cel sistema tributario en M\u00e9xico tiene que ser m\u00e1s competitivo y apostar m\u00e1s a un incremento de la recaudaci\u00f3n por la v\u00eda de una mayor actividad econ\u00f3mica. Hoy se ubica como el segundo factor que m\u00e1s afecta el desarrollo de los negocios, despu\u00e9s de los relacionados con la legalidad, seg\u00fan las encuestas del Foro Econ\u00f3mico Mundial\u201d.<\/p>\n<p>El erario se sostiene fundamentalmente por una proporci\u00f3n de contribuyentes cautivos e ingresos por concepto de petr\u00f3leo e impuestos a combustibles; no se aprovechan diversos mecanismos, como el potencial del impuesto predial; y la recaudaci\u00f3n con respecto al PIB (Producto Interno Bruto) est\u00e1 en niveles bajos incluso en comparaci\u00f3n con econom\u00edas menos desarrolladas, asever\u00f3.<\/p>\n<p>No obstante, aclar\u00f3 que por lo pronto, el paquete de ingresos 2016 es responsable y coherente con los retos que se presentan en el corto plazo, y mejora las condiciones para miles de contribuyentes, personas f\u00edsicas y morales.<\/p>\n<p>\u201cPor supuesto, quedan pendientes importantes. Uno fundamental para el sector empresarial, que no se consider\u00f3, fue la solicitud de recuperar y llegar al 100 por ciento en la deducibilidad de las prestaciones sociales exentas. Desde el a\u00f1o 2014 solo es deducible el 47 o 53 por ciento; con ello, el costo laboral en muchas empresas ha crecido hasta un 8 por ciento\u201d, expuso el l\u00edder empresarial.<\/p>\n<p>Otros puntos que m\u00e1s adelante necesariamente deber\u00e1n ser revisados, mientras persista el marco fiscal vigente, son actualizar las tarifas de retenci\u00f3n del ISR (Impuesto Sobre la Renta) a personas f\u00edsicas, la disminuci\u00f3n de la tasa de ISR a personas morales, al igual que mejorar la progresividad de las tasas, puntualiz\u00f3 Guti\u00e9rrez Candiani.<\/p>\n","protected":false},"excerpt":{"rendered":"<p>03112015.CIUDAD DE M\u00c9XICO.ELSOL DE M\u00c9XICO.JUAN GARC\u00cdA HEREDIA.\u2014 El sistema tributario en M\u00e9xico se ubica como&#8230;<\/p>\n","protected":false},"author":1,"featured_media":0,"comment_status":"open","ping_status":"open","sticky":false,"template":"","format":"standard","meta":{"_monsterinsights_skip_tracking":false,"_monsterinsights_sitenote_active":false,"_monsterinsights_sitenote_note":"","_monsterinsights_sitenote_category":0,"footnotes":""},"categories":[5],"tags":[726,728,727,729],"class_list":["post"],"yoast_head":" \n<title>Sonora en Equipo. Reforma Hacendaria a fondo, demanda el CCE<\/title>\n<meta name=\"description\" content=\"03112015.CIUDAD DE M\u00c9XICO.ELSOL DE M\u00c9XICO.JUAN GARC\u00cdA HEREDIA.\u2014 El sistema tributario en M\u00e9xico se ubica como el segundo factor que m\u00e1s afecta el En Sonora en Equipo publicamos toda la informaci\u00f3n de Sonora, M\u00e9xico y el Mundo de manera oportuna y busca que la libertad de expresi\u00f3n sea real. Visita nuestro medio informativo publicado desde Hermosillo, Sonora. %\" \/>\n<meta name=\"robots\" content=\"index, follow, max-snippet:-1, max-image-preview:large, max-video-preview:-1\" \/>\n<link rel=\"canonical\" href=\"https:\/\/www.sonoraenequipo.com.mx\/reforma-hacendaria-a-fondo-demanda-el-cce\/\" \/>\n<meta property=\"og:locale\" content=\"es_ES\" \/>\n<meta property=\"og:type\" content=\"article\" \/>\n<meta property=\"og:title\" content=\"Sonora en Equipo. Reforma Hacendaria a fondo, demanda el CCE\" \/>\n<meta property=\"og:description\" content=\"03112015.CIUDAD DE M\u00c9XICO.ELSOL DE M\u00c9XICO.JUAN GARC\u00cdA HEREDIA.\u2014 El sistema tributario en M\u00e9xico se ubica como el segundo factor que m\u00e1s afecta el En Sonora en Equipo publicamos toda la informaci\u00f3n de Sonora, M\u00e9xico y el Mundo de manera oportuna y busca que la libertad de expresi\u00f3n sea real. Visita nuestro medio informativo publicado desde Hermosillo, Sonora. %\" \/>\n<meta property=\"og:url\" content=\"https:\/\/www.sonoraenequipo.com.mx\/reforma-hacendaria-a-fondo-demanda-el-cce\/\" \/>\n<meta property=\"og:site_name\" content=\"Sonora en Equipo.\" \/>\n<meta property=\"article:publisher\" content=\"https:\/\/www.facebook.com\/SonoraEE\/\" \/>\n<meta property=\"article:author\" content=\"https:\/\/www.facebook.com\/SonoraEE\" \/>\n<meta property=\"article:published_time\" content=\"2015-11-04T03:00:05+00:00\" \/>\n<meta property=\"article:modified_time\" content=\"2020-05-19T01:27:22+00:00\" \/>\n<meta name=\"author\" content=\"enequipo\" \/>\n<meta name=\"twitter:card\" content=\"summary_large_image\" \/>\n<meta name=\"twitter:creator\" content=\"@sonoraenequipo\" \/>\n<meta name=\"twitter:site\" content=\"@sonoraenequipo\" \/>\n<meta name=\"twitter:label1\" content=\"Escrito por\" \/>\n\t<meta name=\"twitter:data1\" content=\"enequipo\" \/>\n\t<meta name=\"twitter:label2\" content=\"Tiempo de lectura\" \/>\n\t<meta name=\"twitter:data2\" content=\"2 minutos\" \/>\n<script type=\"application\/ld+json\" class=\"yoast-schema-graph\">{\"@context\":\"https:\/\/schema.org\",\"@graph\":[{\"@type\":\"Article\",\"@id\":\"https:\/\/www.sonoraenequipo.com.mx\/reforma-hacendaria-a-fondo-demanda-el-cce\/#article\",\"isPartOf\":{\"@id\":\"https:\/\/www.sonoraenequipo.com.mx\/reforma-hacendaria-a-fondo-demanda-el-cce\/\"},\"author\":{\"name\":\"enequipo\",\"@id\":\"https:\/\/www.sonoraenequipo.com.mx\/#\/schema\/person\/50102df0fb23a8fa9e8effad8fa81386\"},\"headline\":\"Reforma Hacendaria a fondo, demanda el CCE\",\"datePublished\":\"2015-11-04T03:00:05+00:00\",\"dateModified\":\"2020-05-19T01:27:22+00:00\",\"mainEntityOfPage\":{\"@id\":\"https:\/\/www.sonoraenequipo.com.mx\/reforma-hacendaria-a-fondo-demanda-el-cce\/\"},\"wordCount\":474,\"commentCount\":0,\"publisher\":{\"@id\":\"https:\/\/www.sonoraenequipo.com.mx\/#organization\"},\"keywords\":[\"CCE\",\"Empresarios de M\u00e9xico\",\"Guti\u00e9rrez Candiani\",\"Sistema tributario en M\u00e9xico\"],\"articleSection\":[\"Rep\u00fablica\"],\"inLanguage\":\"es\",\"potentialAction\":[{\"@type\":\"CommentAction\",\"name\":\"Comment\",\"target\":[\"https:\/\/www.sonoraenequipo.com.mx\/reforma-hacendaria-a-fondo-demanda-el-cce\/#respond\"]}]},{\"@type\":\"WebPage\",\"@id\":\"https:\/\/www.sonoraenequipo.com.mx\/reforma-hacendaria-a-fondo-demanda-el-cce\/\",\"url\":\"https:\/\/www.sonoraenequipo.com.mx\/reforma-hacendaria-a-fondo-demanda-el-cce\/\",\"name\":\"Sonora en Equipo. Reforma Hacendaria a fondo, demanda el CCE\",\"isPartOf\":{\"@id\":\"https:\/\/www.sonoraenequipo.com.mx\/#website\"},\"datePublished\":\"2015-11-04T03:00:05+00:00\",\"dateModified\":\"2020-05-19T01:27:22+00:00\",\"description\":\"03112015.CIUDAD DE M\u00c9XICO.ELSOL DE M\u00c9XICO.JUAN GARC\u00cdA HEREDIA.\u2014 El sistema tributario en M\u00e9xico se ubica como el segundo factor que m\u00e1s afecta el En Sonora en Equipo publicamos toda la informaci\u00f3n de Sonora, M\u00e9xico y el Mundo de manera oportuna y busca que la libertad de expresi\u00f3n sea real. Visita nuestro medio informativo publicado desde Hermosillo, Sonora. %\",\"breadcrumb\":{\"@id\":\"https:\/\/www.sonoraenequipo.com.mx\/reforma-hacendaria-a-fondo-demanda-el-cce\/#breadcrumb\"},\"inLanguage\":\"es\",\"potentialAction\":[{\"@type\":\"ReadAction\",\"target\":[\"https:\/\/www.sonoraenequipo.com.mx\/reforma-hacendaria-a-fondo-demanda-el-cce\/\"]}]},{\"@type\":\"BreadcrumbList\",\"@id\":\"https:\/\/www.sonoraenequipo.com.mx\/reforma-hacendaria-a-fondo-demanda-el-cce\/#breadcrumb\",\"itemListElement\":[{\"@type\":\"ListItem\",\"position\":1,\"name\":\"Portada\",\"item\":\"https:\/\/www.sonoraenequipo.com.mx\/\"},{\"@type\":\"ListItem\",\"position\":2,\"name\":\"Reforma Hacendaria a fondo, demanda el CCE\"}]},{\"@type\":\"WebSite\",\"@id\":\"https:\/\/www.sonoraenequipo.com.mx\/#website\",\"url\":\"https:\/\/www.sonoraenequipo.com.mx\/\",\"name\":\"Sonora en Equipo.\",\"description\":\"Diario en l\u00ednea con Noticias desde Hermosillo, Sonora\",\"publisher\":{\"@id\":\"https:\/\/www.sonoraenequipo.com.mx\/#organization\"},\"potentialAction\":[{\"@type\":\"SearchAction\",\"target\":{\"@type\":\"EntryPoint\",\"urlTemplate\":\"https:\/\/www.sonoraenequipo.com.mx\/?s={search_term_string}\"},\"query-input\":{\"@type\":\"PropertyValueSpecification\",\"valueRequired\":true,\"valueName\":\"search_term_string\"}}],\"inLanguage\":\"es\"},{\"@type\":\"Organization\",\"@id\":\"https:\/\/www.sonoraenequipo.com.mx\/#organization\",\"name\":\"Sonoraenequipo.com.mx\",\"url\":\"https:\/\/www.sonoraenequipo.com.mx\/\",\"logo\":{\"@type\":\"ImageObject\",\"inLanguage\":\"es\",\"@id\":\"https:\/\/www.sonoraenequipo.com.mx\/#\/schema\/logo\/image\/\",\"url\":\"https:\/\/www.sonoraenequipo.com.mx\/storage\/2019\/01\/sonoraenequipo_opt.png\",\"contentUrl\":\"https:\/\/www.sonoraenequipo.com.mx\/storage\/2019\/01\/sonoraenequipo_opt.png\",\"width\":375,\"height\":125,\"caption\":\"Sonoraenequipo.com.mx\"},\"image\":{\"@id\":\"https:\/\/www.sonoraenequipo.com.mx\/#\/schema\/logo\/image\/\"},\"sameAs\":[\"https:\/\/www.facebook.com\/SonoraEE\/\",\"https:\/\/x.com\/sonoraenequipo\",\"https:\/\/www.youtube.com\/channel\/UC338nW-lPEYmJQs4ZABQ1SQ\"]},{\"@type\":\"Person\",\"@id\":\"https:\/\/www.sonoraenequipo.com.mx\/#\/schema\/person\/50102df0fb23a8fa9e8effad8fa81386\",\"name\":\"enequipo\",\"image\":{\"@type\":\"ImageObject\",\"inLanguage\":\"es\",\"@id\":\"https:\/\/www.sonoraenequipo.com.mx\/#\/schema\/person\/image\/\",\"url\":\"https:\/\/secure.gravatar.com\/avatar\/049821681b589dabc0bc20695993ccebb09f5b5d4d790cd9251b97faac7c652b?s=96&d=blank&r=g\",\"contentUrl\":\"https:\/\/secure.gravatar.com\/avatar\/049821681b589dabc0bc20695993ccebb09f5b5d4d790cd9251b97faac7c652b?s=96&d=blank&r=g\",\"caption\":\"enequipo\"},\"sameAs\":[\"https:\/\/www.facebook.com\/SonoraEE\"]}]}<\/script>\n ","yoast_head_json":{"title":"Sonora en Equipo. Reforma Hacendaria a fondo, demanda el CCE","description":"03112015.CIUDAD DE M\u00c9XICO.ELSOL DE M\u00c9XICO.JUAN GARC\u00cdA HEREDIA.\u2014 El sistema tributario en M\u00e9xico se ubica como el segundo factor que m\u00e1s afecta el En Sonora en Equipo publicamos toda la informaci\u00f3n de Sonora, M\u00e9xico y el Mundo de manera oportuna y busca que la libertad de expresi\u00f3n sea real. Visita nuestro medio informativo publicado desde Hermosillo, Sonora. %","robots":{"index":"index","follow":"follow","max-snippet":"max-snippet:-1","max-image-preview":"max-image-preview:large","max-video-preview":"max-video-preview:-1"},"canonical":"https:\/\/www.sonoraenequipo.com.mx\/reforma-hacendaria-a-fondo-demanda-el-cce\/","og_locale":"es_ES","og_type":"article","og_title":"Sonora en Equipo. Reforma Hacendaria a fondo, demanda el CCE","og_description":"03112015.CIUDAD DE M\u00c9XICO.ELSOL DE M\u00c9XICO.JUAN GARC\u00cdA HEREDIA.\u2014 El sistema tributario en M\u00e9xico se ubica como el segundo factor que m\u00e1s afecta el En Sonora en Equipo publicamos toda la informaci\u00f3n de Sonora, M\u00e9xico y el Mundo de manera oportuna y busca que la libertad de expresi\u00f3n sea real. Visita nuestro medio informativo publicado desde Hermosillo, Sonora. %","og_url":"https:\/\/www.sonoraenequipo.com.mx\/reforma-hacendaria-a-fondo-demanda-el-cce\/","og_site_name":"Sonora en Equipo.","article_publisher":"https:\/\/www.facebook.com\/SonoraEE\/","article_author":"https:\/\/www.facebook.com\/SonoraEE","article_published_time":"2015-11-04T03:00:05+00:00","article_modified_time":"2020-05-19T01:27:22+00:00","author":"enequipo","twitter_card":"summary_large_image","twitter_creator":"@sonoraenequipo","twitter_site":"@sonoraenequipo","twitter_misc":{"Escrito por":"enequipo","Tiempo de lectura":"2 minutos"},"schema":{"@context":"https:\/\/schema.org","@graph":[{"@type":"Article","@id":"https:\/\/www.sonoraenequipo.com.mx\/reforma-hacendaria-a-fondo-demanda-el-cce\/#article","isPartOf":{"@id":"https:\/\/www.sonoraenequipo.com.mx\/reforma-hacendaria-a-fondo-demanda-el-cce\/"},"author":{"name":"enequipo","@id":"https:\/\/www.sonoraenequipo.com.mx\/#\/schema\/person\/50102df0fb23a8fa9e8effad8fa81386"},"headline":"Reforma Hacendaria a fondo, demanda el CCE","datePublished":"2015-11-04T03:00:05+00:00","dateModified":"2020-05-19T01:27:22+00:00","mainEntityOfPage":{"@id":"https:\/\/www.sonoraenequipo.com.mx\/reforma-hacendaria-a-fondo-demanda-el-cce\/"},"wordCount":474,"commentCount":0,"publisher":{"@id":"https:\/\/www.sonoraenequipo.com.mx\/#organization"},"keywords":["CCE","Empresarios de M\u00e9xico","Guti\u00e9rrez Candiani","Sistema tributario en M\u00e9xico"],"articleSection":["Rep\u00fablica"],"inLanguage":"es","potentialAction":[{"@type":"CommentAction","name":"Comment","target":["https:\/\/www.sonoraenequipo.com.mx\/reforma-hacendaria-a-fondo-demanda-el-cce\/#respond"]}]},{"@type":"WebPage","@id":"https:\/\/www.sonoraenequipo.com.mx\/reforma-hacendaria-a-fondo-demanda-el-cce\/","url":"https:\/\/www.sonoraenequipo.com.mx\/reforma-hacendaria-a-fondo-demanda-el-cce\/","name":"Sonora en Equipo. Reforma Hacendaria a fondo, demanda el CCE","isPartOf":{"@id":"https:\/\/www.sonoraenequipo.com.mx\/#website"},"datePublished":"2015-11-04T03:00:05+00:00","dateModified":"2020-05-19T01:27:22+00:00","description":"03112015.CIUDAD DE M\u00c9XICO.ELSOL DE M\u00c9XICO.JUAN GARC\u00cdA HEREDIA.\u2014 El sistema tributario en M\u00e9xico se ubica como el segundo factor que m\u00e1s afecta el En Sonora en Equipo publicamos toda la informaci\u00f3n de Sonora, M\u00e9xico y el Mundo de manera oportuna y busca que la libertad de expresi\u00f3n sea real. Visita nuestro medio informativo publicado desde Hermosillo, Sonora. %","breadcrumb":{"@id":"https:\/\/www.sonoraenequipo.com.mx\/reforma-hacendaria-a-fondo-demanda-el-cce\/#breadcrumb"},"inLanguage":"es","potentialAction":[{"@type":"ReadAction","target":["https:\/\/www.sonoraenequipo.com.mx\/reforma-hacendaria-a-fondo-demanda-el-cce\/"]}]},{"@type":"BreadcrumbList","@id":"https:\/\/www.sonoraenequipo.com.mx\/reforma-hacendaria-a-fondo-demanda-el-cce\/#breadcrumb","itemListElement":[{"@type":"ListItem","position":1,"name":"Portada","item":"https:\/\/www.sonoraenequipo.com.mx\/"},{"@type":"ListItem","position":2,"name":"Reforma Hacendaria a fondo, demanda el CCE"}]},{"@type":"WebSite","@id":"https:\/\/www.sonoraenequipo.com.mx\/#website","url":"https:\/\/www.sonoraenequipo.com.mx\/","name":"Sonora en Equipo.","description":"Diario en l\u00ednea con Noticias desde Hermosillo, Sonora","publisher":{"@id":"https:\/\/www.sonoraenequipo.com.mx\/#organization"},"potentialAction":[{"@type":"SearchAction","target":{"@type":"EntryPoint","urlTemplate":"https:\/\/www.sonoraenequipo.com.mx\/?s={search_term_string}"},"query-input":{"@type":"PropertyValueSpecification","valueRequired":true,"valueName":"search_term_string"}}],"inLanguage":"es"},{"@type":"Organization","@id":"https:\/\/www.sonoraenequipo.com.mx\/#organization","name":"Sonoraenequipo.com.mx","url":"https:\/\/www.sonoraenequipo.com.mx\/","logo":{"@type":"ImageObject","inLanguage":"es","@id":"https:\/\/www.sonoraenequipo.com.mx\/#\/schema\/logo\/image\/","url":"https:\/\/www.sonoraenequipo.com.mx\/storage\/2019\/01\/sonoraenequipo_opt.png","contentUrl":"https:\/\/www.sonoraenequipo.com.mx\/storage\/2019\/01\/sonoraenequipo_opt.png","width":375,"height":125,"caption":"Sonoraenequipo.com.mx"},"image":{"@id":"https:\/\/www.sonoraenequipo.com.mx\/#\/schema\/logo\/image\/"},"sameAs":["https:\/\/www.facebook.com\/SonoraEE\/","https:\/\/x.com\/sonoraenequipo","https:\/\/www.youtube.com\/channel\/UC338nW-lPEYmJQs4ZABQ1SQ"]},{"@type":"Person","@id":"https:\/\/www.sonoraenequipo.com.mx\/#\/schema\/person\/50102df0fb23a8fa9e8effad8fa81386","name":"enequipo","image":{"@type":"ImageObject","inLanguage":"es","@id":"https:\/\/www.sonoraenequipo.com.mx\/#\/schema\/person\/image\/","url":"https:\/\/secure.gravatar.com\/avatar\/049821681b589dabc0bc20695993ccebb09f5b5d4d790cd9251b97faac7c652b?s=96&d=blank&r=g","contentUrl":"https:\/\/secure.gravatar.com\/avatar\/049821681b589dabc0bc20695993ccebb09f5b5d4d790cd9251b97faac7c652b?s=96&d=blank&r=g","caption":"enequipo"},"sameAs":["https:\/\/www.facebook.com\/SonoraEE"]}]}},"jetpack_featured_media_url":"","_links":{"self":[{"href":"https:\/\/www.sonoraenequipo.com.mx\/api\/wp\/v2\/posts\/683","targetHints":{"allow":["GET"]}}],"collection":[{"href":"https:\/\/www.sonoraenequipo.com.mx\/api\/wp\/v2\/posts"}],"about":[{"href":"https:\/\/www.sonoraenequipo.com.mx\/api\/wp\/v2\/types\/post"}],"author":[{"embeddable":true,"href":"https:\/\/www.sonoraenequipo.com.mx\/api\/wp\/v2\/users\/1"}],"replies":[{"embeddable":true,"href":"https:\/\/www.sonoraenequipo.com.mx\/api\/wp\/v2\/comments?post=683"}],"version-history":[{"count":0,"href":"https:\/\/www.sonoraenequipo.com.mx\/api\/wp\/v2\/posts\/683\/revisions"}],"wp:attachment":[{"href":"https:\/\/www.sonoraenequipo.com.mx\/api\/wp\/v2\/media?parent=683"}],"wp:term":[{"taxonomy":"category","embeddable":true,"href":"https:\/\/www.sonoraenequipo.com.mx\/api\/wp\/v2\/categories?post=683"},{"taxonomy":"post_tag","embeddable":true,"href":"https:\/\/www.sonoraenequipo.com.mx\/api\/wp\/v2\/tags?post=683"}],"curies":[{"name":"wp","href":"https:\/\/api.w.org\/{rel}","templated":true}]}}