{"id":686,"date":"2015-11-03T20:02:19","date_gmt":"2015-11-04T03:02:19","guid":{"rendered":"http:\/\/www.sonoraenequipo.com.mx\/?p=686"},"modified":"2020-05-18T18:27:08","modified_gmt":"2020-05-19T01:27:08","slug":"300-elementos-de-la-gendarmeria-reforzaran-a-morelia","status":"publish","type":"post","link":"https:\/\/www.sonoraenequipo.com.mx\/300-elementos-de-la-gendarmeria-reforzaran-a-morelia\/","title":{"rendered":"300 elementos de la Gendarmer\u00eda reforzar\u00e1n a Morelia"},"content":{"rendered":"<p>03112015. MORELIA, MICHOAC\u00c1N.MX.INFORMEX. VALERIA VALLEJO.\u2014 Con el arribo de 300 elementos de la Gendarmer\u00eda a Morelia, el gobernador de Michoac\u00e1n, Silvano Aureoles Conejo, anunci\u00f3 que se solicitar\u00e1n dos mil elementos m\u00e1s para combatir la inseguridad que se vive en el Estado y rescatar la seguridad de la ciudadan\u00eda.<\/p>\n<p> <br \/>\nDe la misma manera, asegur\u00f3 que el Grupo de Coordinaci\u00f3n Michoac\u00e1n tiene en mira a 12 cabecillas criminales que a\u00fan operan en la demarcaci\u00f3n y que se presume pertenecen al extinto grupo de los Caballeros Templarios.<\/p>\n<p>En su mensaje oficial, resalt\u00f3 que con estos elementos se pretende reforzar a los municipios m\u00e1s expuestos a la delincuencia, como lo son los que colindan con los Estados de Jalisco, Colima y Estado de M\u00e9xico.<\/p>\n<p>Aunado a esto, inform\u00f3 que se tiene contemplada para la semana que entra, la instalaci\u00f3n de mil 600 c\u00e1maras de seguridad en los diferentes puntos de la capital michoacana, as\u00ed como instalar el C5.<\/p>\n","protected":false},"excerpt":{"rendered":"<p>03112015. MORELIA, MICHOAC\u00c1N.MX.INFORMEX. VALERIA VALLEJO.\u2014 Con el arribo de 300 elementos de la Gendarmer\u00eda a&#8230;<\/p>\n","protected":false},"author":1,"featured_media":0,"comment_status":"open","ping_status":"open","sticky":false,"template":"","format":"standard","meta":{"_monsterinsights_skip_tracking":false,"_monsterinsights_sitenote_active":false,"_monsterinsights_sitenote_note":"","_monsterinsights_sitenote_category":0,"footnotes":""},"categories":[5],"tags":[730,731,257,732,733],"class_list":["post"],"yoast_head":" \n<title>Sonora en Equipo. 300 elementos de la Gendarmer\u00eda reforzar\u00e1n a Morelia<\/title>\n<meta name=\"description\" content=\"03112015. MORELIA, MICHOAC\u00c1N.MX.INFORMEX. VALERIA VALLEJO.\u2014 Con el arribo de 300 elementos de la Gendarmer\u00eda a Morelia, el gobernador de Michoac\u00e1n, En Sonora en Equipo publicamos toda la informaci\u00f3n de Sonora, M\u00e9xico y el Mundo de manera oportuna y busca que la libertad de expresi\u00f3n sea real. Visita nuestro medio informativo publicado desde Hermosillo, Sonora. %\" \/>\n<meta name=\"robots\" content=\"index, follow, max-snippet:-1, max-image-preview:large, max-video-preview:-1\" \/>\n<link rel=\"canonical\" href=\"https:\/\/www.sonoraenequipo.com.mx\/300-elementos-de-la-gendarmeria-reforzaran-a-morelia\/\" \/>\n<meta property=\"og:locale\" content=\"es_ES\" \/>\n<meta property=\"og:type\" content=\"article\" \/>\n<meta property=\"og:title\" content=\"Sonora en Equipo. 300 elementos de la Gendarmer\u00eda reforzar\u00e1n a Morelia\" \/>\n<meta property=\"og:description\" content=\"03112015. MORELIA, MICHOAC\u00c1N.MX.INFORMEX. VALERIA VALLEJO.\u2014 Con el arribo de 300 elementos de la Gendarmer\u00eda a Morelia, el gobernador de Michoac\u00e1n, En Sonora en Equipo publicamos toda la informaci\u00f3n de Sonora, M\u00e9xico y el Mundo de manera oportuna y busca que la libertad de expresi\u00f3n sea real. Visita nuestro medio informativo publicado desde Hermosillo, Sonora. %\" \/>\n<meta property=\"og:url\" content=\"https:\/\/www.sonoraenequipo.com.mx\/300-elementos-de-la-gendarmeria-reforzaran-a-morelia\/\" \/>\n<meta property=\"og:site_name\" content=\"Sonora en Equipo.\" \/>\n<meta property=\"article:publisher\" content=\"https:\/\/www.facebook.com\/SonoraEE\/\" \/>\n<meta property=\"article:author\" content=\"https:\/\/www.facebook.com\/SonoraEE\" \/>\n<meta property=\"article:published_time\" content=\"2015-11-04T03:02:19+00:00\" \/>\n<meta property=\"article:modified_time\" content=\"2020-05-19T01:27:08+00:00\" \/>\n<meta name=\"author\" content=\"enequipo\" \/>\n<meta name=\"twitter:card\" content=\"summary_large_image\" \/>\n<meta name=\"twitter:creator\" content=\"@sonoraenequipo\" \/>\n<meta name=\"twitter:site\" content=\"@sonoraenequipo\" \/>\n<meta name=\"twitter:label1\" content=\"Escrito por\" \/>\n\t<meta name=\"twitter:data1\" content=\"enequipo\" \/>\n\t<meta name=\"twitter:label2\" content=\"Tiempo de lectura\" \/>\n\t<meta name=\"twitter:data2\" content=\"1 minuto\" \/>\n<script type=\"application\/ld+json\" class=\"yoast-schema-graph\">{\"@context\":\"https:\/\/schema.org\",\"@graph\":[{\"@type\":\"Article\",\"@id\":\"https:\/\/www.sonoraenequipo.com.mx\/300-elementos-de-la-gendarmeria-reforzaran-a-morelia\/#article\",\"isPartOf\":{\"@id\":\"https:\/\/www.sonoraenequipo.com.mx\/300-elementos-de-la-gendarmeria-reforzaran-a-morelia\/\"},\"author\":{\"name\":\"enequipo\",\"@id\":\"https:\/\/www.sonoraenequipo.com.mx\/#\/schema\/person\/50102df0fb23a8fa9e8effad8fa81386\"},\"headline\":\"300 elementos de la Gendarmer\u00eda reforzar\u00e1n a Morelia\",\"datePublished\":\"2015-11-04T03:02:19+00:00\",\"dateModified\":\"2020-05-19T01:27:08+00:00\",\"mainEntityOfPage\":{\"@id\":\"https:\/\/www.sonoraenequipo.com.mx\/300-elementos-de-la-gendarmeria-reforzaran-a-morelia\/\"},\"wordCount\":175,\"commentCount\":0,\"publisher\":{\"@id\":\"https:\/\/www.sonoraenequipo.com.mx\/#organization\"},\"keywords\":[\"gendarmer\u00eda\",\"Grupo de Coordinaci\u00f3n Michoac\u00e1n\",\"Michoac\u00e1n\",\"Morelia\",\"Silvano Aureoles\"],\"articleSection\":[\"Rep\u00fablica\"],\"inLanguage\":\"es\",\"potentialAction\":[{\"@type\":\"CommentAction\",\"name\":\"Comment\",\"target\":[\"https:\/\/www.sonoraenequipo.com.mx\/300-elementos-de-la-gendarmeria-reforzaran-a-morelia\/#respond\"]}]},{\"@type\":\"WebPage\",\"@id\":\"https:\/\/www.sonoraenequipo.com.mx\/300-elementos-de-la-gendarmeria-reforzaran-a-morelia\/\",\"url\":\"https:\/\/www.sonoraenequipo.com.mx\/300-elementos-de-la-gendarmeria-reforzaran-a-morelia\/\",\"name\":\"Sonora en Equipo. 300 elementos de la Gendarmer\u00eda reforzar\u00e1n a Morelia\",\"isPartOf\":{\"@id\":\"https:\/\/www.sonoraenequipo.com.mx\/#website\"},\"datePublished\":\"2015-11-04T03:02:19+00:00\",\"dateModified\":\"2020-05-19T01:27:08+00:00\",\"description\":\"03112015. MORELIA, MICHOAC\u00c1N.MX.INFORMEX. VALERIA VALLEJO.\u2014 Con el arribo de 300 elementos de la Gendarmer\u00eda a Morelia, el gobernador de Michoac\u00e1n, En Sonora en Equipo publicamos toda la informaci\u00f3n de Sonora, M\u00e9xico y el Mundo de manera oportuna y busca que la libertad de expresi\u00f3n sea real. Visita nuestro medio informativo publicado desde Hermosillo, Sonora. %\",\"breadcrumb\":{\"@id\":\"https:\/\/www.sonoraenequipo.com.mx\/300-elementos-de-la-gendarmeria-reforzaran-a-morelia\/#breadcrumb\"},\"inLanguage\":\"es\",\"potentialAction\":[{\"@type\":\"ReadAction\",\"target\":[\"https:\/\/www.sonoraenequipo.com.mx\/300-elementos-de-la-gendarmeria-reforzaran-a-morelia\/\"]}]},{\"@type\":\"BreadcrumbList\",\"@id\":\"https:\/\/www.sonoraenequipo.com.mx\/300-elementos-de-la-gendarmeria-reforzaran-a-morelia\/#breadcrumb\",\"itemListElement\":[{\"@type\":\"ListItem\",\"position\":1,\"name\":\"Portada\",\"item\":\"https:\/\/www.sonoraenequipo.com.mx\/\"},{\"@type\":\"ListItem\",\"position\":2,\"name\":\"300 elementos de la Gendarmer\u00eda reforzar\u00e1n a Morelia\"}]},{\"@type\":\"WebSite\",\"@id\":\"https:\/\/www.sonoraenequipo.com.mx\/#website\",\"url\":\"https:\/\/www.sonoraenequipo.com.mx\/\",\"name\":\"Sonora en Equipo.\",\"description\":\"Diario en l\u00ednea con Noticias desde Hermosillo, Sonora\",\"publisher\":{\"@id\":\"https:\/\/www.sonoraenequipo.com.mx\/#organization\"},\"potentialAction\":[{\"@type\":\"SearchAction\",\"target\":{\"@type\":\"EntryPoint\",\"urlTemplate\":\"https:\/\/www.sonoraenequipo.com.mx\/?s={search_term_string}\"},\"query-input\":{\"@type\":\"PropertyValueSpecification\",\"valueRequired\":true,\"valueName\":\"search_term_string\"}}],\"inLanguage\":\"es\"},{\"@type\":\"Organization\",\"@id\":\"https:\/\/www.sonoraenequipo.com.mx\/#organization\",\"name\":\"Sonoraenequipo.com.mx\",\"url\":\"https:\/\/www.sonoraenequipo.com.mx\/\",\"logo\":{\"@type\":\"ImageObject\",\"inLanguage\":\"es\",\"@id\":\"https:\/\/www.sonoraenequipo.com.mx\/#\/schema\/logo\/image\/\",\"url\":\"https:\/\/www.sonoraenequipo.com.mx\/storage\/2019\/01\/sonoraenequipo_opt.png\",\"contentUrl\":\"https:\/\/www.sonoraenequipo.com.mx\/storage\/2019\/01\/sonoraenequipo_opt.png\",\"width\":375,\"height\":125,\"caption\":\"Sonoraenequipo.com.mx\"},\"image\":{\"@id\":\"https:\/\/www.sonoraenequipo.com.mx\/#\/schema\/logo\/image\/\"},\"sameAs\":[\"https:\/\/www.facebook.com\/SonoraEE\/\",\"https:\/\/x.com\/sonoraenequipo\",\"https:\/\/www.youtube.com\/channel\/UC338nW-lPEYmJQs4ZABQ1SQ\"]},{\"@type\":\"Person\",\"@id\":\"https:\/\/www.sonoraenequipo.com.mx\/#\/schema\/person\/50102df0fb23a8fa9e8effad8fa81386\",\"name\":\"enequipo\",\"image\":{\"@type\":\"ImageObject\",\"inLanguage\":\"es\",\"@id\":\"https:\/\/www.sonoraenequipo.com.mx\/#\/schema\/person\/image\/\",\"url\":\"https:\/\/secure.gravatar.com\/avatar\/049821681b589dabc0bc20695993ccebb09f5b5d4d790cd9251b97faac7c652b?s=96&d=blank&r=g\",\"contentUrl\":\"https:\/\/secure.gravatar.com\/avatar\/049821681b589dabc0bc20695993ccebb09f5b5d4d790cd9251b97faac7c652b?s=96&d=blank&r=g\",\"caption\":\"enequipo\"},\"sameAs\":[\"https:\/\/www.facebook.com\/SonoraEE\"]}]}<\/script>\n ","yoast_head_json":{"title":"Sonora en Equipo. 300 elementos de la Gendarmer\u00eda reforzar\u00e1n a Morelia","description":"03112015. MORELIA, MICHOAC\u00c1N.MX.INFORMEX. VALERIA VALLEJO.\u2014 Con el arribo de 300 elementos de la Gendarmer\u00eda a Morelia, el gobernador de Michoac\u00e1n, En Sonora en Equipo publicamos toda la informaci\u00f3n de Sonora, M\u00e9xico y el Mundo de manera oportuna y busca que la libertad de expresi\u00f3n sea real. Visita nuestro medio informativo publicado desde Hermosillo, Sonora. %","robots":{"index":"index","follow":"follow","max-snippet":"max-snippet:-1","max-image-preview":"max-image-preview:large","max-video-preview":"max-video-preview:-1"},"canonical":"https:\/\/www.sonoraenequipo.com.mx\/300-elementos-de-la-gendarmeria-reforzaran-a-morelia\/","og_locale":"es_ES","og_type":"article","og_title":"Sonora en Equipo. 300 elementos de la Gendarmer\u00eda reforzar\u00e1n a Morelia","og_description":"03112015. MORELIA, MICHOAC\u00c1N.MX.INFORMEX. VALERIA VALLEJO.\u2014 Con el arribo de 300 elementos de la Gendarmer\u00eda a Morelia, el gobernador de Michoac\u00e1n, En Sonora en Equipo publicamos toda la informaci\u00f3n de Sonora, M\u00e9xico y el Mundo de manera oportuna y busca que la libertad de expresi\u00f3n sea real. Visita nuestro medio informativo publicado desde Hermosillo, Sonora. %","og_url":"https:\/\/www.sonoraenequipo.com.mx\/300-elementos-de-la-gendarmeria-reforzaran-a-morelia\/","og_site_name":"Sonora en Equipo.","article_publisher":"https:\/\/www.facebook.com\/SonoraEE\/","article_author":"https:\/\/www.facebook.com\/SonoraEE","article_published_time":"2015-11-04T03:02:19+00:00","article_modified_time":"2020-05-19T01:27:08+00:00","author":"enequipo","twitter_card":"summary_large_image","twitter_creator":"@sonoraenequipo","twitter_site":"@sonoraenequipo","twitter_misc":{"Escrito por":"enequipo","Tiempo de lectura":"1 minuto"},"schema":{"@context":"https:\/\/schema.org","@graph":[{"@type":"Article","@id":"https:\/\/www.sonoraenequipo.com.mx\/300-elementos-de-la-gendarmeria-reforzaran-a-morelia\/#article","isPartOf":{"@id":"https:\/\/www.sonoraenequipo.com.mx\/300-elementos-de-la-gendarmeria-reforzaran-a-morelia\/"},"author":{"name":"enequipo","@id":"https:\/\/www.sonoraenequipo.com.mx\/#\/schema\/person\/50102df0fb23a8fa9e8effad8fa81386"},"headline":"300 elementos de la Gendarmer\u00eda reforzar\u00e1n a Morelia","datePublished":"2015-11-04T03:02:19+00:00","dateModified":"2020-05-19T01:27:08+00:00","mainEntityOfPage":{"@id":"https:\/\/www.sonoraenequipo.com.mx\/300-elementos-de-la-gendarmeria-reforzaran-a-morelia\/"},"wordCount":175,"commentCount":0,"publisher":{"@id":"https:\/\/www.sonoraenequipo.com.mx\/#organization"},"keywords":["gendarmer\u00eda","Grupo de Coordinaci\u00f3n Michoac\u00e1n","Michoac\u00e1n","Morelia","Silvano Aureoles"],"articleSection":["Rep\u00fablica"],"inLanguage":"es","potentialAction":[{"@type":"CommentAction","name":"Comment","target":["https:\/\/www.sonoraenequipo.com.mx\/300-elementos-de-la-gendarmeria-reforzaran-a-morelia\/#respond"]}]},{"@type":"WebPage","@id":"https:\/\/www.sonoraenequipo.com.mx\/300-elementos-de-la-gendarmeria-reforzaran-a-morelia\/","url":"https:\/\/www.sonoraenequipo.com.mx\/300-elementos-de-la-gendarmeria-reforzaran-a-morelia\/","name":"Sonora en Equipo. 300 elementos de la Gendarmer\u00eda reforzar\u00e1n a Morelia","isPartOf":{"@id":"https:\/\/www.sonoraenequipo.com.mx\/#website"},"datePublished":"2015-11-04T03:02:19+00:00","dateModified":"2020-05-19T01:27:08+00:00","description":"03112015. MORELIA, MICHOAC\u00c1N.MX.INFORMEX. VALERIA VALLEJO.\u2014 Con el arribo de 300 elementos de la Gendarmer\u00eda a Morelia, el gobernador de Michoac\u00e1n, En Sonora en Equipo publicamos toda la informaci\u00f3n de Sonora, M\u00e9xico y el Mundo de manera oportuna y busca que la libertad de expresi\u00f3n sea real. Visita nuestro medio informativo publicado desde Hermosillo, Sonora. %","breadcrumb":{"@id":"https:\/\/www.sonoraenequipo.com.mx\/300-elementos-de-la-gendarmeria-reforzaran-a-morelia\/#breadcrumb"},"inLanguage":"es","potentialAction":[{"@type":"ReadAction","target":["https:\/\/www.sonoraenequipo.com.mx\/300-elementos-de-la-gendarmeria-reforzaran-a-morelia\/"]}]},{"@type":"BreadcrumbList","@id":"https:\/\/www.sonoraenequipo.com.mx\/300-elementos-de-la-gendarmeria-reforzaran-a-morelia\/#breadcrumb","itemListElement":[{"@type":"ListItem","position":1,"name":"Portada","item":"https:\/\/www.sonoraenequipo.com.mx\/"},{"@type":"ListItem","position":2,"name":"300 elementos de la Gendarmer\u00eda reforzar\u00e1n a Morelia"}]},{"@type":"WebSite","@id":"https:\/\/www.sonoraenequipo.com.mx\/#website","url":"https:\/\/www.sonoraenequipo.com.mx\/","name":"Sonora en Equipo.","description":"Diario en l\u00ednea con Noticias desde Hermosillo, Sonora","publisher":{"@id":"https:\/\/www.sonoraenequipo.com.mx\/#organization"},"potentialAction":[{"@type":"SearchAction","target":{"@type":"EntryPoint","urlTemplate":"https:\/\/www.sonoraenequipo.com.mx\/?s={search_term_string}"},"query-input":{"@type":"PropertyValueSpecification","valueRequired":true,"valueName":"search_term_string"}}],"inLanguage":"es"},{"@type":"Organization","@id":"https:\/\/www.sonoraenequipo.com.mx\/#organization","name":"Sonoraenequipo.com.mx","url":"https:\/\/www.sonoraenequipo.com.mx\/","logo":{"@type":"ImageObject","inLanguage":"es","@id":"https:\/\/www.sonoraenequipo.com.mx\/#\/schema\/logo\/image\/","url":"https:\/\/www.sonoraenequipo.com.mx\/storage\/2019\/01\/sonoraenequipo_opt.png","contentUrl":"https:\/\/www.sonoraenequipo.com.mx\/storage\/2019\/01\/sonoraenequipo_opt.png","width":375,"height":125,"caption":"Sonoraenequipo.com.mx"},"image":{"@id":"https:\/\/www.sonoraenequipo.com.mx\/#\/schema\/logo\/image\/"},"sameAs":["https:\/\/www.facebook.com\/SonoraEE\/","https:\/\/x.com\/sonoraenequipo","https:\/\/www.youtube.com\/channel\/UC338nW-lPEYmJQs4ZABQ1SQ"]},{"@type":"Person","@id":"https:\/\/www.sonoraenequipo.com.mx\/#\/schema\/person\/50102df0fb23a8fa9e8effad8fa81386","name":"enequipo","image":{"@type":"ImageObject","inLanguage":"es","@id":"https:\/\/www.sonoraenequipo.com.mx\/#\/schema\/person\/image\/","url":"https:\/\/secure.gravatar.com\/avatar\/049821681b589dabc0bc20695993ccebb09f5b5d4d790cd9251b97faac7c652b?s=96&d=blank&r=g","contentUrl":"https:\/\/secure.gravatar.com\/avatar\/049821681b589dabc0bc20695993ccebb09f5b5d4d790cd9251b97faac7c652b?s=96&d=blank&r=g","caption":"enequipo"},"sameAs":["https:\/\/www.facebook.com\/SonoraEE"]}]}},"jetpack_featured_media_url":"","_links":{"self":[{"href":"https:\/\/www.sonoraenequipo.com.mx\/api\/wp\/v2\/posts\/686","targetHints":{"allow":["GET"]}}],"collection":[{"href":"https:\/\/www.sonoraenequipo.com.mx\/api\/wp\/v2\/posts"}],"about":[{"href":"https:\/\/www.sonoraenequipo.com.mx\/api\/wp\/v2\/types\/post"}],"author":[{"embeddable":true,"href":"https:\/\/www.sonoraenequipo.com.mx\/api\/wp\/v2\/users\/1"}],"replies":[{"embeddable":true,"href":"https:\/\/www.sonoraenequipo.com.mx\/api\/wp\/v2\/comments?post=686"}],"version-history":[{"count":0,"href":"https:\/\/www.sonoraenequipo.com.mx\/api\/wp\/v2\/posts\/686\/revisions"}],"wp:attachment":[{"href":"https:\/\/www.sonoraenequipo.com.mx\/api\/wp\/v2\/media?parent=686"}],"wp:term":[{"taxonomy":"category","embeddable":true,"href":"https:\/\/www.sonoraenequipo.com.mx\/api\/wp\/v2\/categories?post=686"},{"taxonomy":"post_tag","embeddable":true,"href":"https:\/\/www.sonoraenequipo.com.mx\/api\/wp\/v2\/tags?post=686"}],"curies":[{"name":"wp","href":"https:\/\/api.w.org\/{rel}","templated":true}]}}