{"id":693,"date":"2015-11-03T20:10:41","date_gmt":"2015-11-04T03:10:41","guid":{"rendered":"http:\/\/www.sonoraenequipo.com.mx\/?p=693"},"modified":"2020-05-18T13:58:00","modified_gmt":"2020-05-18T20:58:00","slug":"se-espera-la-primera-nevada-en-el-estado-de-sonora","status":"publish","type":"post","link":"https:\/\/www.sonoraenequipo.com.mx\/se-espera-la-primera-nevada-en-el-estado-de-sonora\/","title":{"rendered":"Se espera la primera nevada en el estado de Sonora"},"content":{"rendered":"<p>03112015.M\u00c9XICO.AGENCIAS.\u2014 El frente fr\u00edo n\u00famero 10 provocar\u00e1 nublados y potencial de lluvias en Veracruz, Oaxaca, Chiapas y Tabasco; y de menor intensidad en Campeche y Yucat\u00e1n, debido a que se ubicar\u00e1 sobre el suroeste del Golfo de M\u00e9xico; el Servicio Meteorol\u00f3gico Nacional (SMN) prev\u00e9 que se disipe por la tarde.<\/p>\n<p> <br \/>\nAsimismo espera que el sistema frontal n\u00famero 11 llegue a Sonora y la Pen\u00ednsula de Baja California; asoci\u00e1ndose con un canal de baja presi\u00f3n de n\u00facleo.<\/p>\n<p>Dicho meteoro generar\u00e1 potencial de precipitaciones de menor intensidad, marcado descenso de temperaturas y viento fuerte en Baja California, Sonora y Chihuahua; y potencial para la ca\u00edda de nieve o aguanieve en La Rumorosa, Baja California en la noche del martes y madrugada del mi\u00e9rcoles.<\/p>\n<p>Se espera el desarrollo de nublados vespertinos con potencial de lluvias fuertes en Quintana Roo y de menor intensidad en Baja California Sur, Coahuila, Nuevo Le\u00f3n, Tamaulipas, San Luis Potos\u00ed, Zacatecas, Aguascalientes, Durango, Sinaloa, Nayarit, Jalisco, Colima, Michoac\u00e1n, Guerrero, Guanajuato, Quer\u00e9taro, Hidalgo, Puebla, Tlaxcala, Estado de M\u00e9xico, Morelos y Distrito Federal.<\/p>\n<p>La temperatura se presentar\u00e1 de 35 a 40 grados cent\u00edgrados en Oaxaca, Chiapas, Tabasco y Campeche; se esperan menores a cero grados cent\u00edgrados en zonas monta\u00f1osas de Chihuahua y Durango; y de cero a cinco grados cent\u00edgrados en zonas monta\u00f1osas de Baja California, Michoac\u00e1n, Estado de M\u00e9xico, Tlaxcala, Puebla e Hidalgo.<\/p>\n<p>El viento se presentar\u00e1 de norte y noreste con rachas de hasta 60 kil\u00f3metros por hora en costas de Oaxaca y Chiapas.<\/p>\n<p>De acuerdo al pron\u00f3stico regional la Pen\u00ednsula de Baja California mostrar\u00e1 ambiente despejado a medio nublado, probabilidad de lluvias de 20 por ciento en Baja California y Baja California Sur, temperaturas fr\u00edas a templadas por la ma\u00f1ana y noche, calurosas durante el d\u00eda y viento del noroeste de 25 a 40 kil\u00f3metros por hora con rachas.<\/p>\n<p>En el Pac\u00edfico Norte prevalecer\u00e1 clima despejado a medio nublado, potencial de lluvias de 60 por ciento en la regi\u00f3n, temperaturas templadas por la ma\u00f1ana y noche, muy calurosas durante el d\u00eda y viento de componente oeste de 20 a 35 kil\u00f3metros por hora con rachas.<\/p>\n<p>Para el Pac\u00edfico Centro se prev\u00e9 cielo medio nublado a nublado, probabilidad de precipitaciones de 20 por ciento en la regi\u00f3n, temperaturas fr\u00edas a templadas por la ma\u00f1ana y noche, calurosas durante el d\u00eda y viento de oeste y noroeste de 15 a 30 kil\u00f3metros por hora.<\/p>\n<p>El Pac\u00edfico Sur tendr\u00e1 ambiente medio nublado a nublado, potencial de precipitaciones fuertes de 60 por ciento en Oaxaca y Chiapas, de menor intensidad en Guerrero, temperaturas templadas por la ma\u00f1ana y noche, muy calurosas durante el d\u00eda y viento del norte con rachas de hasta 60 kil\u00f3metros por hora en las costas de Oaxaca y Chiapas.<\/p>\n<p>En el Golfo de M\u00e9xico prevalecer\u00e1 clima medio nublado a nublado, probabilidad de lluvias fuertes de 60 por ciento en Veracruz y Tabasco, de menor intensidad en Tamaulipas, temperaturas templadas durante la ma\u00f1ana y noche, muy calurosas en el d\u00eda y viento de este y sureste de 20 a 35 kil\u00f3metros por hora con rachas.<\/p>\n<p>Para la Pen\u00ednsula de Yucat\u00e1n se tendr\u00e1 cielo medio nublado a nublado, potencial de lluvias fuertes de 60 por ciento en Quintana Roo y de menor intensidad en Campeche y Yucat\u00e1n, temperaturas templadas durante la ma\u00f1ana y noche, calurosas en el d\u00eda y viento del sureste de 15 a 30 kil\u00f3metros por hora con rachas.<\/p>\n<p>La Mesa del Norte mostrar\u00e1 ambiente despejado a medio nublado, probabilidad de precipitaciones de 40 por ciento en la regi\u00f3n, temperaturas fr\u00edas a templadas por la ma\u00f1ana y noche, c\u00e1lidas a calurosas en el d\u00eda y viento de direcci\u00f3n variable de 20 a 35 kil\u00f3metros por hora con rachas.<\/p>\n<p>En la Mesa Central habr\u00e1 clima despejado a nublado, potencial de precipitaciones de 20 por ciento en la regi\u00f3n, nieblas o neblinas dispersas, temperaturas fr\u00edas por la ma\u00f1ana y noche, templadas a c\u00e1lidas durante el d\u00eda y viento de direcci\u00f3n variable de 15 a 30 kil\u00f3metros por hora con rachas.<\/p>\n<p>Se report\u00f3 que la temperatura m\u00e1xima fue de 35.2 grados cent\u00edgrados en Choix, Sinaloa; mientras que la m\u00ednima fue de menos nueve grados cent\u00edgrados en La Rosilla, Durango.<\/p>\n<p>Adem\u00e1s se pronosticaron lluvias fuertes en Veracruz, Oaxaca, Chiapas, Tabasco y Quintana Roo.<\/p>\n<p>Ser\u00e1n de menor intensidad en Baja California Sur, Baja California, Sonora, Chihuahua, Coahuila, Nuevo Le\u00f3n, Tamaulipas, San Luis Potos\u00ed, Zacatecas, Aguascalientes, Durango, Sinaloa, Nayarit, Jalisco, Colima, Michoac\u00e1n, Guerrero, Guanajuato, Quer\u00e9taro, Hidalgo, Puebla, Tlaxcala, Estado de M\u00e9xico, Distrito Federal, Morelos, Campeche y Yucat\u00e1n. (Notimex)<\/p>\n","protected":false},"excerpt":{"rendered":"<p>03112015.M\u00c9XICO.AGENCIAS.\u2014 El frente fr\u00edo n\u00famero 10 provocar\u00e1 nublados y potencial de lluvias en Veracruz, Oaxaca,&#8230;<\/p>\n","protected":false},"author":1,"featured_media":0,"comment_status":"open","ping_status":"open","sticky":false,"template":"","format":"standard","meta":{"_monsterinsights_skip_tracking":false,"_monsterinsights_sitenote_active":false,"_monsterinsights_sitenote_note":"","_monsterinsights_sitenote_category":0,"footnotes":""},"categories":[5],"tags":[740,739,741,743,742],"class_list":["post"],"yoast_head":" \n<title>Sonora en Equipo. Se espera la primera nevada en el estado de Sonora<\/title>\n<meta name=\"description\" content=\"03112015.M\u00c9XICO.AGENCIAS.\u2014 El frente fr\u00edo n\u00famero 10 provocar\u00e1 nublados y potencial de lluvias en Veracruz, Oaxaca, Chiapas y Tabasco; y de menor En Sonora en Equipo publicamos toda la informaci\u00f3n de Sonora, M\u00e9xico y el Mundo de manera oportuna y busca que la libertad de expresi\u00f3n sea real. Visita nuestro medio informativo publicado desde Hermosillo, Sonora. %\" \/>\n<meta name=\"robots\" content=\"index, follow, max-snippet:-1, max-image-preview:large, max-video-preview:-1\" \/>\n<link rel=\"canonical\" href=\"https:\/\/www.sonoraenequipo.com.mx\/se-espera-la-primera-nevada-en-el-estado-de-sonora\/\" \/>\n<meta property=\"og:locale\" content=\"es_ES\" \/>\n<meta property=\"og:type\" content=\"article\" \/>\n<meta property=\"og:title\" content=\"Sonora en Equipo. Se espera la primera nevada en el estado de Sonora\" \/>\n<meta property=\"og:description\" content=\"03112015.M\u00c9XICO.AGENCIAS.\u2014 El frente fr\u00edo n\u00famero 10 provocar\u00e1 nublados y potencial de lluvias en Veracruz, Oaxaca, Chiapas y Tabasco; y de menor En Sonora en Equipo publicamos toda la informaci\u00f3n de Sonora, M\u00e9xico y el Mundo de manera oportuna y busca que la libertad de expresi\u00f3n sea real. Visita nuestro medio informativo publicado desde Hermosillo, Sonora. %\" \/>\n<meta property=\"og:url\" content=\"https:\/\/www.sonoraenequipo.com.mx\/se-espera-la-primera-nevada-en-el-estado-de-sonora\/\" \/>\n<meta property=\"og:site_name\" content=\"Sonora en Equipo.\" \/>\n<meta property=\"article:publisher\" content=\"https:\/\/www.facebook.com\/SonoraEE\/\" \/>\n<meta property=\"article:author\" content=\"https:\/\/www.facebook.com\/SonoraEE\" \/>\n<meta property=\"article:published_time\" content=\"2015-11-04T03:10:41+00:00\" \/>\n<meta property=\"article:modified_time\" content=\"2020-05-18T20:58:00+00:00\" \/>\n<meta name=\"author\" content=\"enequipo\" \/>\n<meta name=\"twitter:card\" content=\"summary_large_image\" \/>\n<meta name=\"twitter:creator\" content=\"@sonoraenequipo\" \/>\n<meta name=\"twitter:site\" content=\"@sonoraenequipo\" \/>\n<meta name=\"twitter:label1\" content=\"Escrito por\" \/>\n\t<meta name=\"twitter:data1\" content=\"enequipo\" \/>\n\t<meta name=\"twitter:label2\" content=\"Tiempo de lectura\" \/>\n\t<meta name=\"twitter:data2\" content=\"4 minutos\" \/>\n<script type=\"application\/ld+json\" class=\"yoast-schema-graph\">{\"@context\":\"https:\/\/schema.org\",\"@graph\":[{\"@type\":\"Article\",\"@id\":\"https:\/\/www.sonoraenequipo.com.mx\/se-espera-la-primera-nevada-en-el-estado-de-sonora\/#article\",\"isPartOf\":{\"@id\":\"https:\/\/www.sonoraenequipo.com.mx\/se-espera-la-primera-nevada-en-el-estado-de-sonora\/\"},\"author\":{\"name\":\"enequipo\",\"@id\":\"https:\/\/www.sonoraenequipo.com.mx\/#\/schema\/person\/50102df0fb23a8fa9e8effad8fa81386\"},\"headline\":\"Se espera la primera nevada en el estado de Sonora\",\"datePublished\":\"2015-11-04T03:10:41+00:00\",\"dateModified\":\"2020-05-18T20:58:00+00:00\",\"mainEntityOfPage\":{\"@id\":\"https:\/\/www.sonoraenequipo.com.mx\/se-espera-la-primera-nevada-en-el-estado-de-sonora\/\"},\"wordCount\":807,\"commentCount\":0,\"publisher\":{\"@id\":\"https:\/\/www.sonoraenequipo.com.mx\/#organization\"},\"keywords\":[\"frente frio\",\"nevada\",\"noroeste\",\"norte de M\u00e9xico\",\"suroeste\"],\"articleSection\":[\"Rep\u00fablica\"],\"inLanguage\":\"es\",\"potentialAction\":[{\"@type\":\"CommentAction\",\"name\":\"Comment\",\"target\":[\"https:\/\/www.sonoraenequipo.com.mx\/se-espera-la-primera-nevada-en-el-estado-de-sonora\/#respond\"]}]},{\"@type\":\"WebPage\",\"@id\":\"https:\/\/www.sonoraenequipo.com.mx\/se-espera-la-primera-nevada-en-el-estado-de-sonora\/\",\"url\":\"https:\/\/www.sonoraenequipo.com.mx\/se-espera-la-primera-nevada-en-el-estado-de-sonora\/\",\"name\":\"Sonora en Equipo. Se espera la primera nevada en el estado de Sonora\",\"isPartOf\":{\"@id\":\"https:\/\/www.sonoraenequipo.com.mx\/#website\"},\"datePublished\":\"2015-11-04T03:10:41+00:00\",\"dateModified\":\"2020-05-18T20:58:00+00:00\",\"description\":\"03112015.M\u00c9XICO.AGENCIAS.\u2014 El frente fr\u00edo n\u00famero 10 provocar\u00e1 nublados y potencial de lluvias en Veracruz, Oaxaca, Chiapas y Tabasco; y de menor En Sonora en Equipo publicamos toda la informaci\u00f3n de Sonora, M\u00e9xico y el Mundo de manera oportuna y busca que la libertad de expresi\u00f3n sea real. Visita nuestro medio informativo publicado desde Hermosillo, Sonora. %\",\"breadcrumb\":{\"@id\":\"https:\/\/www.sonoraenequipo.com.mx\/se-espera-la-primera-nevada-en-el-estado-de-sonora\/#breadcrumb\"},\"inLanguage\":\"es\",\"potentialAction\":[{\"@type\":\"ReadAction\",\"target\":[\"https:\/\/www.sonoraenequipo.com.mx\/se-espera-la-primera-nevada-en-el-estado-de-sonora\/\"]}]},{\"@type\":\"BreadcrumbList\",\"@id\":\"https:\/\/www.sonoraenequipo.com.mx\/se-espera-la-primera-nevada-en-el-estado-de-sonora\/#breadcrumb\",\"itemListElement\":[{\"@type\":\"ListItem\",\"position\":1,\"name\":\"Portada\",\"item\":\"https:\/\/www.sonoraenequipo.com.mx\/\"},{\"@type\":\"ListItem\",\"position\":2,\"name\":\"Se espera la primera nevada en el estado de Sonora\"}]},{\"@type\":\"WebSite\",\"@id\":\"https:\/\/www.sonoraenequipo.com.mx\/#website\",\"url\":\"https:\/\/www.sonoraenequipo.com.mx\/\",\"name\":\"Sonora en Equipo.\",\"description\":\"Diario en l\u00ednea con Noticias desde Hermosillo, Sonora\",\"publisher\":{\"@id\":\"https:\/\/www.sonoraenequipo.com.mx\/#organization\"},\"potentialAction\":[{\"@type\":\"SearchAction\",\"target\":{\"@type\":\"EntryPoint\",\"urlTemplate\":\"https:\/\/www.sonoraenequipo.com.mx\/?s={search_term_string}\"},\"query-input\":{\"@type\":\"PropertyValueSpecification\",\"valueRequired\":true,\"valueName\":\"search_term_string\"}}],\"inLanguage\":\"es\"},{\"@type\":\"Organization\",\"@id\":\"https:\/\/www.sonoraenequipo.com.mx\/#organization\",\"name\":\"Sonoraenequipo.com.mx\",\"url\":\"https:\/\/www.sonoraenequipo.com.mx\/\",\"logo\":{\"@type\":\"ImageObject\",\"inLanguage\":\"es\",\"@id\":\"https:\/\/www.sonoraenequipo.com.mx\/#\/schema\/logo\/image\/\",\"url\":\"https:\/\/www.sonoraenequipo.com.mx\/storage\/2019\/01\/sonoraenequipo_opt.png\",\"contentUrl\":\"https:\/\/www.sonoraenequipo.com.mx\/storage\/2019\/01\/sonoraenequipo_opt.png\",\"width\":375,\"height\":125,\"caption\":\"Sonoraenequipo.com.mx\"},\"image\":{\"@id\":\"https:\/\/www.sonoraenequipo.com.mx\/#\/schema\/logo\/image\/\"},\"sameAs\":[\"https:\/\/www.facebook.com\/SonoraEE\/\",\"https:\/\/x.com\/sonoraenequipo\",\"https:\/\/www.youtube.com\/channel\/UC338nW-lPEYmJQs4ZABQ1SQ\"]},{\"@type\":\"Person\",\"@id\":\"https:\/\/www.sonoraenequipo.com.mx\/#\/schema\/person\/50102df0fb23a8fa9e8effad8fa81386\",\"name\":\"enequipo\",\"image\":{\"@type\":\"ImageObject\",\"inLanguage\":\"es\",\"@id\":\"https:\/\/www.sonoraenequipo.com.mx\/#\/schema\/person\/image\/\",\"url\":\"https:\/\/secure.gravatar.com\/avatar\/049821681b589dabc0bc20695993ccebb09f5b5d4d790cd9251b97faac7c652b?s=96&d=blank&r=g\",\"contentUrl\":\"https:\/\/secure.gravatar.com\/avatar\/049821681b589dabc0bc20695993ccebb09f5b5d4d790cd9251b97faac7c652b?s=96&d=blank&r=g\",\"caption\":\"enequipo\"},\"sameAs\":[\"https:\/\/www.facebook.com\/SonoraEE\"]}]}<\/script>\n ","yoast_head_json":{"title":"Sonora en Equipo. Se espera la primera nevada en el estado de Sonora","description":"03112015.M\u00c9XICO.AGENCIAS.\u2014 El frente fr\u00edo n\u00famero 10 provocar\u00e1 nublados y potencial de lluvias en Veracruz, Oaxaca, Chiapas y Tabasco; y de menor En Sonora en Equipo publicamos toda la informaci\u00f3n de Sonora, M\u00e9xico y el Mundo de manera oportuna y busca que la libertad de expresi\u00f3n sea real. Visita nuestro medio informativo publicado desde Hermosillo, Sonora. %","robots":{"index":"index","follow":"follow","max-snippet":"max-snippet:-1","max-image-preview":"max-image-preview:large","max-video-preview":"max-video-preview:-1"},"canonical":"https:\/\/www.sonoraenequipo.com.mx\/se-espera-la-primera-nevada-en-el-estado-de-sonora\/","og_locale":"es_ES","og_type":"article","og_title":"Sonora en Equipo. Se espera la primera nevada en el estado de Sonora","og_description":"03112015.M\u00c9XICO.AGENCIAS.\u2014 El frente fr\u00edo n\u00famero 10 provocar\u00e1 nublados y potencial de lluvias en Veracruz, Oaxaca, Chiapas y Tabasco; y de menor En Sonora en Equipo publicamos toda la informaci\u00f3n de Sonora, M\u00e9xico y el Mundo de manera oportuna y busca que la libertad de expresi\u00f3n sea real. Visita nuestro medio informativo publicado desde Hermosillo, Sonora. %","og_url":"https:\/\/www.sonoraenequipo.com.mx\/se-espera-la-primera-nevada-en-el-estado-de-sonora\/","og_site_name":"Sonora en Equipo.","article_publisher":"https:\/\/www.facebook.com\/SonoraEE\/","article_author":"https:\/\/www.facebook.com\/SonoraEE","article_published_time":"2015-11-04T03:10:41+00:00","article_modified_time":"2020-05-18T20:58:00+00:00","author":"enequipo","twitter_card":"summary_large_image","twitter_creator":"@sonoraenequipo","twitter_site":"@sonoraenequipo","twitter_misc":{"Escrito por":"enequipo","Tiempo de lectura":"4 minutos"},"schema":{"@context":"https:\/\/schema.org","@graph":[{"@type":"Article","@id":"https:\/\/www.sonoraenequipo.com.mx\/se-espera-la-primera-nevada-en-el-estado-de-sonora\/#article","isPartOf":{"@id":"https:\/\/www.sonoraenequipo.com.mx\/se-espera-la-primera-nevada-en-el-estado-de-sonora\/"},"author":{"name":"enequipo","@id":"https:\/\/www.sonoraenequipo.com.mx\/#\/schema\/person\/50102df0fb23a8fa9e8effad8fa81386"},"headline":"Se espera la primera nevada en el estado de Sonora","datePublished":"2015-11-04T03:10:41+00:00","dateModified":"2020-05-18T20:58:00+00:00","mainEntityOfPage":{"@id":"https:\/\/www.sonoraenequipo.com.mx\/se-espera-la-primera-nevada-en-el-estado-de-sonora\/"},"wordCount":807,"commentCount":0,"publisher":{"@id":"https:\/\/www.sonoraenequipo.com.mx\/#organization"},"keywords":["frente frio","nevada","noroeste","norte de M\u00e9xico","suroeste"],"articleSection":["Rep\u00fablica"],"inLanguage":"es","potentialAction":[{"@type":"CommentAction","name":"Comment","target":["https:\/\/www.sonoraenequipo.com.mx\/se-espera-la-primera-nevada-en-el-estado-de-sonora\/#respond"]}]},{"@type":"WebPage","@id":"https:\/\/www.sonoraenequipo.com.mx\/se-espera-la-primera-nevada-en-el-estado-de-sonora\/","url":"https:\/\/www.sonoraenequipo.com.mx\/se-espera-la-primera-nevada-en-el-estado-de-sonora\/","name":"Sonora en Equipo. Se espera la primera nevada en el estado de Sonora","isPartOf":{"@id":"https:\/\/www.sonoraenequipo.com.mx\/#website"},"datePublished":"2015-11-04T03:10:41+00:00","dateModified":"2020-05-18T20:58:00+00:00","description":"03112015.M\u00c9XICO.AGENCIAS.\u2014 El frente fr\u00edo n\u00famero 10 provocar\u00e1 nublados y potencial de lluvias en Veracruz, Oaxaca, Chiapas y Tabasco; y de menor En Sonora en Equipo publicamos toda la informaci\u00f3n de Sonora, M\u00e9xico y el Mundo de manera oportuna y busca que la libertad de expresi\u00f3n sea real. Visita nuestro medio informativo publicado desde Hermosillo, Sonora. %","breadcrumb":{"@id":"https:\/\/www.sonoraenequipo.com.mx\/se-espera-la-primera-nevada-en-el-estado-de-sonora\/#breadcrumb"},"inLanguage":"es","potentialAction":[{"@type":"ReadAction","target":["https:\/\/www.sonoraenequipo.com.mx\/se-espera-la-primera-nevada-en-el-estado-de-sonora\/"]}]},{"@type":"BreadcrumbList","@id":"https:\/\/www.sonoraenequipo.com.mx\/se-espera-la-primera-nevada-en-el-estado-de-sonora\/#breadcrumb","itemListElement":[{"@type":"ListItem","position":1,"name":"Portada","item":"https:\/\/www.sonoraenequipo.com.mx\/"},{"@type":"ListItem","position":2,"name":"Se espera la primera nevada en el estado de Sonora"}]},{"@type":"WebSite","@id":"https:\/\/www.sonoraenequipo.com.mx\/#website","url":"https:\/\/www.sonoraenequipo.com.mx\/","name":"Sonora en Equipo.","description":"Diario en l\u00ednea con Noticias desde Hermosillo, Sonora","publisher":{"@id":"https:\/\/www.sonoraenequipo.com.mx\/#organization"},"potentialAction":[{"@type":"SearchAction","target":{"@type":"EntryPoint","urlTemplate":"https:\/\/www.sonoraenequipo.com.mx\/?s={search_term_string}"},"query-input":{"@type":"PropertyValueSpecification","valueRequired":true,"valueName":"search_term_string"}}],"inLanguage":"es"},{"@type":"Organization","@id":"https:\/\/www.sonoraenequipo.com.mx\/#organization","name":"Sonoraenequipo.com.mx","url":"https:\/\/www.sonoraenequipo.com.mx\/","logo":{"@type":"ImageObject","inLanguage":"es","@id":"https:\/\/www.sonoraenequipo.com.mx\/#\/schema\/logo\/image\/","url":"https:\/\/www.sonoraenequipo.com.mx\/storage\/2019\/01\/sonoraenequipo_opt.png","contentUrl":"https:\/\/www.sonoraenequipo.com.mx\/storage\/2019\/01\/sonoraenequipo_opt.png","width":375,"height":125,"caption":"Sonoraenequipo.com.mx"},"image":{"@id":"https:\/\/www.sonoraenequipo.com.mx\/#\/schema\/logo\/image\/"},"sameAs":["https:\/\/www.facebook.com\/SonoraEE\/","https:\/\/x.com\/sonoraenequipo","https:\/\/www.youtube.com\/channel\/UC338nW-lPEYmJQs4ZABQ1SQ"]},{"@type":"Person","@id":"https:\/\/www.sonoraenequipo.com.mx\/#\/schema\/person\/50102df0fb23a8fa9e8effad8fa81386","name":"enequipo","image":{"@type":"ImageObject","inLanguage":"es","@id":"https:\/\/www.sonoraenequipo.com.mx\/#\/schema\/person\/image\/","url":"https:\/\/secure.gravatar.com\/avatar\/049821681b589dabc0bc20695993ccebb09f5b5d4d790cd9251b97faac7c652b?s=96&d=blank&r=g","contentUrl":"https:\/\/secure.gravatar.com\/avatar\/049821681b589dabc0bc20695993ccebb09f5b5d4d790cd9251b97faac7c652b?s=96&d=blank&r=g","caption":"enequipo"},"sameAs":["https:\/\/www.facebook.com\/SonoraEE"]}]}},"jetpack_featured_media_url":"","_links":{"self":[{"href":"https:\/\/www.sonoraenequipo.com.mx\/api\/wp\/v2\/posts\/693","targetHints":{"allow":["GET"]}}],"collection":[{"href":"https:\/\/www.sonoraenequipo.com.mx\/api\/wp\/v2\/posts"}],"about":[{"href":"https:\/\/www.sonoraenequipo.com.mx\/api\/wp\/v2\/types\/post"}],"author":[{"embeddable":true,"href":"https:\/\/www.sonoraenequipo.com.mx\/api\/wp\/v2\/users\/1"}],"replies":[{"embeddable":true,"href":"https:\/\/www.sonoraenequipo.com.mx\/api\/wp\/v2\/comments?post=693"}],"version-history":[{"count":0,"href":"https:\/\/www.sonoraenequipo.com.mx\/api\/wp\/v2\/posts\/693\/revisions"}],"wp:attachment":[{"href":"https:\/\/www.sonoraenequipo.com.mx\/api\/wp\/v2\/media?parent=693"}],"wp:term":[{"taxonomy":"category","embeddable":true,"href":"https:\/\/www.sonoraenequipo.com.mx\/api\/wp\/v2\/categories?post=693"},{"taxonomy":"post_tag","embeddable":true,"href":"https:\/\/www.sonoraenequipo.com.mx\/api\/wp\/v2\/tags?post=693"}],"curies":[{"name":"wp","href":"https:\/\/api.w.org\/{rel}","templated":true}]}}