{"id":699,"date":"2015-11-03T20:28:47","date_gmt":"2015-11-04T03:28:47","guid":{"rendered":"http:\/\/www.sonoraenequipo.com.mx\/?p=699"},"modified":"2020-05-18T13:58:19","modified_gmt":"2020-05-18T20:58:19","slug":"inicia-en-ith-la-caravana-de-la-ciencia-y-la-tecnologia-para-alumnos-de-primaria-y-secundaria","status":"publish","type":"post","link":"https:\/\/www.sonoraenequipo.com.mx\/inicia-en-ith-la-caravana-de-la-ciencia-y-la-tecnologia-para-alumnos-de-primaria-y-secundaria\/","title":{"rendered":"Inicia en ITH la Caravana de la Ciencia y la Tecnolog\u00eda para alumnos de primaria y secundaria"},"content":{"rendered":"<p>03112015.HERMOSILLO,SONORA.MX.\u2014 Con la expectativa de recibir a m\u00e1s de 2 mil estudiantes de escuelas primarias y secundarias p\u00fablicas, inici\u00f3 la segunda edici\u00f3n de la Caravana de Divulgaci\u00f3n de la Ciencia, la Tecnolog\u00eda y la Innovaci\u00f3n misma que se desarrollar\u00e1 del 3 al 19 de noviembre en las instalaciones del Instituto Tecnol\u00f3gico de Hermosillo (ITH).<\/p>\n<p> <br \/>\nEn su mensaje de bienvenida a estudiantes de las escuela primaria \u201cEusebio Francisco Kino\u201d y de la Secundaria No. 31 de Hermosillo, el director de ITH, Adolfo Rivera Castillo, explic\u00f3 a los menores que en estos d\u00edas podr\u00e1n aprender mediante juegos y pr\u00e1cticas en laboratorios sobre los temas de rob\u00f3tica, software, adem\u00e1s de la ciencia y la tecnolog\u00eda.<\/p>\n<p>Les dijo que esperaba que en su visita se sintieran como en su casa y que conozcan sobre el trabajo que realizan los ingenieros y licenciados por si una vez que cursen su preparatoria y deban elegir una carrera profesional piensen en el ITH.<\/p>\n<p>Expres\u00f3 que con el apoyo del Gobierno Federal a trav\u00e9s del Consejo Nacional de Ciencia y Tecnolog\u00eda (CONACYT) y del Estado, por medio del Consejo Estatal de Ciencia y Tecnolog\u00eda (COECYT) y la Secretar\u00eda de Educaci\u00f3n y Cultura se logr\u00f3 llevar a cabo esta segunda edici\u00f3n de la caravana.<\/p>\n<p>Rivera Castillo afirm\u00f3 \u201cel ITH est\u00e1 comprometido con la ciencia, que se estudie, se investigue y se trabaje aqu\u00ed en nuestra escuela y que mejor con estas ni\u00f1as y ni\u00f1os de primaria y secundarias que en un futuro podr\u00e1n ser nuestros estudiantes, lo que nosotros queremos es que ellos vengan, jueguen, conozcan, interact\u00faen con nuestros estudiantes y maestros y se lleven en la mente que esta escuela es su casa\u201d.<\/p>\n<p>Cabe aclarar que los estudiantes invitados, podr\u00e1n jugar, construir y jugar con robots, posteriormente en el Laboratorio de Matem\u00e1ticas aplicadas LACIMA ubicado al interior de la Escuela utilizar\u00e1n programas educativos en computadora especialmente dise\u00f1ados para mostrar de manera divertida las ciencias b\u00e1sicas y finalmente acompa\u00f1aran a alumnos de diversos semestres de ingenier\u00eda a hacer pr\u00e1cticas.<\/p>\n<p>Los recorridos son en turnos matutino y vespertino y se prev\u00e9 que asistan planteles ubicados en las colonias, Sahuaro, La Manga, Arco Iris, Los \u00c1ngeles, entre otros.<\/p>\n","protected":false},"excerpt":{"rendered":"<p>03112015.HERMOSILLO,SONORA.MX.\u2014 Con la expectativa de recibir a m\u00e1s de 2 mil estudiantes de escuelas primarias&#8230;<\/p>\n","protected":false},"author":1,"featured_media":0,"comment_status":"open","ping_status":"open","sticky":false,"template":"","format":"standard","meta":{"_monsterinsights_skip_tracking":false,"_monsterinsights_sitenote_active":false,"_monsterinsights_sitenote_note":"","_monsterinsights_sitenote_category":0,"footnotes":""},"categories":[4],"tags":[751,750,749,752,483,387],"class_list":["post"],"yoast_head":" \n<title>Sonora en Equipo. Inicia en ITH la Caravana de la Ciencia y la Tecnolog\u00eda para alumnos de primaria y secundaria<\/title>\n<meta name=\"description\" content=\"03112015.HERMOSILLO,SONORA.MX.\u2014 Con la expectativa de recibir a m\u00e1s de 2 mil estudiantes de escuelas primarias y secundarias p\u00fablicas, inici\u00f3 la segunda En Sonora en Equipo publicamos toda la informaci\u00f3n de Sonora, M\u00e9xico y el Mundo de manera oportuna y busca que la libertad de expresi\u00f3n sea real. Visita nuestro medio informativo publicado desde Hermosillo, Sonora. %\" \/>\n<meta name=\"robots\" content=\"index, follow, max-snippet:-1, max-image-preview:large, max-video-preview:-1\" \/>\n<link rel=\"canonical\" href=\"https:\/\/www.sonoraenequipo.com.mx\/inicia-en-ith-la-caravana-de-la-ciencia-y-la-tecnologia-para-alumnos-de-primaria-y-secundaria\/\" \/>\n<meta property=\"og:locale\" content=\"es_ES\" \/>\n<meta property=\"og:type\" content=\"article\" \/>\n<meta property=\"og:title\" content=\"Sonora en Equipo. Inicia en ITH la Caravana de la Ciencia y la Tecnolog\u00eda para alumnos de primaria y secundaria\" \/>\n<meta property=\"og:description\" content=\"03112015.HERMOSILLO,SONORA.MX.\u2014 Con la expectativa de recibir a m\u00e1s de 2 mil estudiantes de escuelas primarias y secundarias p\u00fablicas, inici\u00f3 la segunda En Sonora en Equipo publicamos toda la informaci\u00f3n de Sonora, M\u00e9xico y el Mundo de manera oportuna y busca que la libertad de expresi\u00f3n sea real. Visita nuestro medio informativo publicado desde Hermosillo, Sonora. %\" \/>\n<meta property=\"og:url\" content=\"https:\/\/www.sonoraenequipo.com.mx\/inicia-en-ith-la-caravana-de-la-ciencia-y-la-tecnologia-para-alumnos-de-primaria-y-secundaria\/\" \/>\n<meta property=\"og:site_name\" content=\"Sonora en Equipo.\" \/>\n<meta property=\"article:publisher\" content=\"https:\/\/www.facebook.com\/SonoraEE\/\" \/>\n<meta property=\"article:author\" content=\"https:\/\/www.facebook.com\/SonoraEE\" \/>\n<meta property=\"article:published_time\" content=\"2015-11-04T03:28:47+00:00\" \/>\n<meta property=\"article:modified_time\" content=\"2020-05-18T20:58:19+00:00\" \/>\n<meta name=\"author\" content=\"enequipo\" \/>\n<meta name=\"twitter:card\" content=\"summary_large_image\" \/>\n<meta name=\"twitter:creator\" content=\"@sonoraenequipo\" \/>\n<meta name=\"twitter:site\" content=\"@sonoraenequipo\" \/>\n<meta name=\"twitter:label1\" content=\"Escrito por\" \/>\n\t<meta name=\"twitter:data1\" content=\"enequipo\" \/>\n\t<meta name=\"twitter:label2\" content=\"Tiempo de lectura\" \/>\n\t<meta name=\"twitter:data2\" content=\"2 minutos\" \/>\n<script type=\"application\/ld+json\" class=\"yoast-schema-graph\">{\"@context\":\"https:\/\/schema.org\",\"@graph\":[{\"@type\":\"Article\",\"@id\":\"https:\/\/www.sonoraenequipo.com.mx\/inicia-en-ith-la-caravana-de-la-ciencia-y-la-tecnologia-para-alumnos-de-primaria-y-secundaria\/#article\",\"isPartOf\":{\"@id\":\"https:\/\/www.sonoraenequipo.com.mx\/inicia-en-ith-la-caravana-de-la-ciencia-y-la-tecnologia-para-alumnos-de-primaria-y-secundaria\/\"},\"author\":{\"name\":\"enequipo\",\"@id\":\"https:\/\/www.sonoraenequipo.com.mx\/#\/schema\/person\/50102df0fb23a8fa9e8effad8fa81386\"},\"headline\":\"Inicia en ITH la Caravana de la Ciencia y la Tecnolog\u00eda para alumnos de primaria y secundaria\",\"datePublished\":\"2015-11-04T03:28:47+00:00\",\"dateModified\":\"2020-05-18T20:58:19+00:00\",\"mainEntityOfPage\":{\"@id\":\"https:\/\/www.sonoraenequipo.com.mx\/inicia-en-ith-la-caravana-de-la-ciencia-y-la-tecnologia-para-alumnos-de-primaria-y-secundaria\/\"},\"wordCount\":404,\"commentCount\":0,\"publisher\":{\"@id\":\"https:\/\/www.sonoraenequipo.com.mx\/#organization\"},\"keywords\":[\"COECYT\",\"CONACYT\",\"ITH\",\"LACIMA\",\"SEC\",\"SEP\"],\"articleSection\":[\"Municipios\"],\"inLanguage\":\"es\",\"potentialAction\":[{\"@type\":\"CommentAction\",\"name\":\"Comment\",\"target\":[\"https:\/\/www.sonoraenequipo.com.mx\/inicia-en-ith-la-caravana-de-la-ciencia-y-la-tecnologia-para-alumnos-de-primaria-y-secundaria\/#respond\"]}]},{\"@type\":\"WebPage\",\"@id\":\"https:\/\/www.sonoraenequipo.com.mx\/inicia-en-ith-la-caravana-de-la-ciencia-y-la-tecnologia-para-alumnos-de-primaria-y-secundaria\/\",\"url\":\"https:\/\/www.sonoraenequipo.com.mx\/inicia-en-ith-la-caravana-de-la-ciencia-y-la-tecnologia-para-alumnos-de-primaria-y-secundaria\/\",\"name\":\"Sonora en Equipo. Inicia en ITH la Caravana de la Ciencia y la Tecnolog\u00eda para alumnos de primaria y secundaria\",\"isPartOf\":{\"@id\":\"https:\/\/www.sonoraenequipo.com.mx\/#website\"},\"datePublished\":\"2015-11-04T03:28:47+00:00\",\"dateModified\":\"2020-05-18T20:58:19+00:00\",\"description\":\"03112015.HERMOSILLO,SONORA.MX.\u2014 Con la expectativa de recibir a m\u00e1s de 2 mil estudiantes de escuelas primarias y secundarias p\u00fablicas, inici\u00f3 la segunda En Sonora en Equipo publicamos toda la informaci\u00f3n de Sonora, M\u00e9xico y el Mundo de manera oportuna y busca que la libertad de expresi\u00f3n sea real. Visita nuestro medio informativo publicado desde Hermosillo, Sonora. %\",\"breadcrumb\":{\"@id\":\"https:\/\/www.sonoraenequipo.com.mx\/inicia-en-ith-la-caravana-de-la-ciencia-y-la-tecnologia-para-alumnos-de-primaria-y-secundaria\/#breadcrumb\"},\"inLanguage\":\"es\",\"potentialAction\":[{\"@type\":\"ReadAction\",\"target\":[\"https:\/\/www.sonoraenequipo.com.mx\/inicia-en-ith-la-caravana-de-la-ciencia-y-la-tecnologia-para-alumnos-de-primaria-y-secundaria\/\"]}]},{\"@type\":\"BreadcrumbList\",\"@id\":\"https:\/\/www.sonoraenequipo.com.mx\/inicia-en-ith-la-caravana-de-la-ciencia-y-la-tecnologia-para-alumnos-de-primaria-y-secundaria\/#breadcrumb\",\"itemListElement\":[{\"@type\":\"ListItem\",\"position\":1,\"name\":\"Portada\",\"item\":\"https:\/\/www.sonoraenequipo.com.mx\/\"},{\"@type\":\"ListItem\",\"position\":2,\"name\":\"Inicia en ITH la Caravana de la Ciencia y la Tecnolog\u00eda para alumnos de primaria y secundaria\"}]},{\"@type\":\"WebSite\",\"@id\":\"https:\/\/www.sonoraenequipo.com.mx\/#website\",\"url\":\"https:\/\/www.sonoraenequipo.com.mx\/\",\"name\":\"Sonora en Equipo.\",\"description\":\"Diario en l\u00ednea con Noticias desde Hermosillo, Sonora\",\"publisher\":{\"@id\":\"https:\/\/www.sonoraenequipo.com.mx\/#organization\"},\"potentialAction\":[{\"@type\":\"SearchAction\",\"target\":{\"@type\":\"EntryPoint\",\"urlTemplate\":\"https:\/\/www.sonoraenequipo.com.mx\/?s={search_term_string}\"},\"query-input\":{\"@type\":\"PropertyValueSpecification\",\"valueRequired\":true,\"valueName\":\"search_term_string\"}}],\"inLanguage\":\"es\"},{\"@type\":\"Organization\",\"@id\":\"https:\/\/www.sonoraenequipo.com.mx\/#organization\",\"name\":\"Sonoraenequipo.com.mx\",\"url\":\"https:\/\/www.sonoraenequipo.com.mx\/\",\"logo\":{\"@type\":\"ImageObject\",\"inLanguage\":\"es\",\"@id\":\"https:\/\/www.sonoraenequipo.com.mx\/#\/schema\/logo\/image\/\",\"url\":\"https:\/\/www.sonoraenequipo.com.mx\/storage\/2019\/01\/sonoraenequipo_opt.png\",\"contentUrl\":\"https:\/\/www.sonoraenequipo.com.mx\/storage\/2019\/01\/sonoraenequipo_opt.png\",\"width\":375,\"height\":125,\"caption\":\"Sonoraenequipo.com.mx\"},\"image\":{\"@id\":\"https:\/\/www.sonoraenequipo.com.mx\/#\/schema\/logo\/image\/\"},\"sameAs\":[\"https:\/\/www.facebook.com\/SonoraEE\/\",\"https:\/\/x.com\/sonoraenequipo\",\"https:\/\/www.youtube.com\/channel\/UC338nW-lPEYmJQs4ZABQ1SQ\"]},{\"@type\":\"Person\",\"@id\":\"https:\/\/www.sonoraenequipo.com.mx\/#\/schema\/person\/50102df0fb23a8fa9e8effad8fa81386\",\"name\":\"enequipo\",\"image\":{\"@type\":\"ImageObject\",\"inLanguage\":\"es\",\"@id\":\"https:\/\/www.sonoraenequipo.com.mx\/#\/schema\/person\/image\/\",\"url\":\"https:\/\/secure.gravatar.com\/avatar\/049821681b589dabc0bc20695993ccebb09f5b5d4d790cd9251b97faac7c652b?s=96&d=blank&r=g\",\"contentUrl\":\"https:\/\/secure.gravatar.com\/avatar\/049821681b589dabc0bc20695993ccebb09f5b5d4d790cd9251b97faac7c652b?s=96&d=blank&r=g\",\"caption\":\"enequipo\"},\"sameAs\":[\"https:\/\/www.facebook.com\/SonoraEE\"]}]}<\/script>\n ","yoast_head_json":{"title":"Sonora en Equipo. Inicia en ITH la Caravana de la Ciencia y la Tecnolog\u00eda para alumnos de primaria y secundaria","description":"03112015.HERMOSILLO,SONORA.MX.\u2014 Con la expectativa de recibir a m\u00e1s de 2 mil estudiantes de escuelas primarias y secundarias p\u00fablicas, inici\u00f3 la segunda En Sonora en Equipo publicamos toda la informaci\u00f3n de Sonora, M\u00e9xico y el Mundo de manera oportuna y busca que la libertad de expresi\u00f3n sea real. Visita nuestro medio informativo publicado desde Hermosillo, Sonora. %","robots":{"index":"index","follow":"follow","max-snippet":"max-snippet:-1","max-image-preview":"max-image-preview:large","max-video-preview":"max-video-preview:-1"},"canonical":"https:\/\/www.sonoraenequipo.com.mx\/inicia-en-ith-la-caravana-de-la-ciencia-y-la-tecnologia-para-alumnos-de-primaria-y-secundaria\/","og_locale":"es_ES","og_type":"article","og_title":"Sonora en Equipo. Inicia en ITH la Caravana de la Ciencia y la Tecnolog\u00eda para alumnos de primaria y secundaria","og_description":"03112015.HERMOSILLO,SONORA.MX.\u2014 Con la expectativa de recibir a m\u00e1s de 2 mil estudiantes de escuelas primarias y secundarias p\u00fablicas, inici\u00f3 la segunda En Sonora en Equipo publicamos toda la informaci\u00f3n de Sonora, M\u00e9xico y el Mundo de manera oportuna y busca que la libertad de expresi\u00f3n sea real. Visita nuestro medio informativo publicado desde Hermosillo, Sonora. %","og_url":"https:\/\/www.sonoraenequipo.com.mx\/inicia-en-ith-la-caravana-de-la-ciencia-y-la-tecnologia-para-alumnos-de-primaria-y-secundaria\/","og_site_name":"Sonora en Equipo.","article_publisher":"https:\/\/www.facebook.com\/SonoraEE\/","article_author":"https:\/\/www.facebook.com\/SonoraEE","article_published_time":"2015-11-04T03:28:47+00:00","article_modified_time":"2020-05-18T20:58:19+00:00","author":"enequipo","twitter_card":"summary_large_image","twitter_creator":"@sonoraenequipo","twitter_site":"@sonoraenequipo","twitter_misc":{"Escrito por":"enequipo","Tiempo de lectura":"2 minutos"},"schema":{"@context":"https:\/\/schema.org","@graph":[{"@type":"Article","@id":"https:\/\/www.sonoraenequipo.com.mx\/inicia-en-ith-la-caravana-de-la-ciencia-y-la-tecnologia-para-alumnos-de-primaria-y-secundaria\/#article","isPartOf":{"@id":"https:\/\/www.sonoraenequipo.com.mx\/inicia-en-ith-la-caravana-de-la-ciencia-y-la-tecnologia-para-alumnos-de-primaria-y-secundaria\/"},"author":{"name":"enequipo","@id":"https:\/\/www.sonoraenequipo.com.mx\/#\/schema\/person\/50102df0fb23a8fa9e8effad8fa81386"},"headline":"Inicia en ITH la Caravana de la Ciencia y la Tecnolog\u00eda para alumnos de primaria y secundaria","datePublished":"2015-11-04T03:28:47+00:00","dateModified":"2020-05-18T20:58:19+00:00","mainEntityOfPage":{"@id":"https:\/\/www.sonoraenequipo.com.mx\/inicia-en-ith-la-caravana-de-la-ciencia-y-la-tecnologia-para-alumnos-de-primaria-y-secundaria\/"},"wordCount":404,"commentCount":0,"publisher":{"@id":"https:\/\/www.sonoraenequipo.com.mx\/#organization"},"keywords":["COECYT","CONACYT","ITH","LACIMA","SEC","SEP"],"articleSection":["Municipios"],"inLanguage":"es","potentialAction":[{"@type":"CommentAction","name":"Comment","target":["https:\/\/www.sonoraenequipo.com.mx\/inicia-en-ith-la-caravana-de-la-ciencia-y-la-tecnologia-para-alumnos-de-primaria-y-secundaria\/#respond"]}]},{"@type":"WebPage","@id":"https:\/\/www.sonoraenequipo.com.mx\/inicia-en-ith-la-caravana-de-la-ciencia-y-la-tecnologia-para-alumnos-de-primaria-y-secundaria\/","url":"https:\/\/www.sonoraenequipo.com.mx\/inicia-en-ith-la-caravana-de-la-ciencia-y-la-tecnologia-para-alumnos-de-primaria-y-secundaria\/","name":"Sonora en Equipo. Inicia en ITH la Caravana de la Ciencia y la Tecnolog\u00eda para alumnos de primaria y secundaria","isPartOf":{"@id":"https:\/\/www.sonoraenequipo.com.mx\/#website"},"datePublished":"2015-11-04T03:28:47+00:00","dateModified":"2020-05-18T20:58:19+00:00","description":"03112015.HERMOSILLO,SONORA.MX.\u2014 Con la expectativa de recibir a m\u00e1s de 2 mil estudiantes de escuelas primarias y secundarias p\u00fablicas, inici\u00f3 la segunda En Sonora en Equipo publicamos toda la informaci\u00f3n de Sonora, M\u00e9xico y el Mundo de manera oportuna y busca que la libertad de expresi\u00f3n sea real. Visita nuestro medio informativo publicado desde Hermosillo, Sonora. %","breadcrumb":{"@id":"https:\/\/www.sonoraenequipo.com.mx\/inicia-en-ith-la-caravana-de-la-ciencia-y-la-tecnologia-para-alumnos-de-primaria-y-secundaria\/#breadcrumb"},"inLanguage":"es","potentialAction":[{"@type":"ReadAction","target":["https:\/\/www.sonoraenequipo.com.mx\/inicia-en-ith-la-caravana-de-la-ciencia-y-la-tecnologia-para-alumnos-de-primaria-y-secundaria\/"]}]},{"@type":"BreadcrumbList","@id":"https:\/\/www.sonoraenequipo.com.mx\/inicia-en-ith-la-caravana-de-la-ciencia-y-la-tecnologia-para-alumnos-de-primaria-y-secundaria\/#breadcrumb","itemListElement":[{"@type":"ListItem","position":1,"name":"Portada","item":"https:\/\/www.sonoraenequipo.com.mx\/"},{"@type":"ListItem","position":2,"name":"Inicia en ITH la Caravana de la Ciencia y la Tecnolog\u00eda para alumnos de primaria y secundaria"}]},{"@type":"WebSite","@id":"https:\/\/www.sonoraenequipo.com.mx\/#website","url":"https:\/\/www.sonoraenequipo.com.mx\/","name":"Sonora en Equipo.","description":"Diario en l\u00ednea con Noticias desde Hermosillo, Sonora","publisher":{"@id":"https:\/\/www.sonoraenequipo.com.mx\/#organization"},"potentialAction":[{"@type":"SearchAction","target":{"@type":"EntryPoint","urlTemplate":"https:\/\/www.sonoraenequipo.com.mx\/?s={search_term_string}"},"query-input":{"@type":"PropertyValueSpecification","valueRequired":true,"valueName":"search_term_string"}}],"inLanguage":"es"},{"@type":"Organization","@id":"https:\/\/www.sonoraenequipo.com.mx\/#organization","name":"Sonoraenequipo.com.mx","url":"https:\/\/www.sonoraenequipo.com.mx\/","logo":{"@type":"ImageObject","inLanguage":"es","@id":"https:\/\/www.sonoraenequipo.com.mx\/#\/schema\/logo\/image\/","url":"https:\/\/www.sonoraenequipo.com.mx\/storage\/2019\/01\/sonoraenequipo_opt.png","contentUrl":"https:\/\/www.sonoraenequipo.com.mx\/storage\/2019\/01\/sonoraenequipo_opt.png","width":375,"height":125,"caption":"Sonoraenequipo.com.mx"},"image":{"@id":"https:\/\/www.sonoraenequipo.com.mx\/#\/schema\/logo\/image\/"},"sameAs":["https:\/\/www.facebook.com\/SonoraEE\/","https:\/\/x.com\/sonoraenequipo","https:\/\/www.youtube.com\/channel\/UC338nW-lPEYmJQs4ZABQ1SQ"]},{"@type":"Person","@id":"https:\/\/www.sonoraenequipo.com.mx\/#\/schema\/person\/50102df0fb23a8fa9e8effad8fa81386","name":"enequipo","image":{"@type":"ImageObject","inLanguage":"es","@id":"https:\/\/www.sonoraenequipo.com.mx\/#\/schema\/person\/image\/","url":"https:\/\/secure.gravatar.com\/avatar\/049821681b589dabc0bc20695993ccebb09f5b5d4d790cd9251b97faac7c652b?s=96&d=blank&r=g","contentUrl":"https:\/\/secure.gravatar.com\/avatar\/049821681b589dabc0bc20695993ccebb09f5b5d4d790cd9251b97faac7c652b?s=96&d=blank&r=g","caption":"enequipo"},"sameAs":["https:\/\/www.facebook.com\/SonoraEE"]}]}},"jetpack_featured_media_url":"","_links":{"self":[{"href":"https:\/\/www.sonoraenequipo.com.mx\/api\/wp\/v2\/posts\/699","targetHints":{"allow":["GET"]}}],"collection":[{"href":"https:\/\/www.sonoraenequipo.com.mx\/api\/wp\/v2\/posts"}],"about":[{"href":"https:\/\/www.sonoraenequipo.com.mx\/api\/wp\/v2\/types\/post"}],"author":[{"embeddable":true,"href":"https:\/\/www.sonoraenequipo.com.mx\/api\/wp\/v2\/users\/1"}],"replies":[{"embeddable":true,"href":"https:\/\/www.sonoraenequipo.com.mx\/api\/wp\/v2\/comments?post=699"}],"version-history":[{"count":0,"href":"https:\/\/www.sonoraenequipo.com.mx\/api\/wp\/v2\/posts\/699\/revisions"}],"wp:attachment":[{"href":"https:\/\/www.sonoraenequipo.com.mx\/api\/wp\/v2\/media?parent=699"}],"wp:term":[{"taxonomy":"category","embeddable":true,"href":"https:\/\/www.sonoraenequipo.com.mx\/api\/wp\/v2\/categories?post=699"},{"taxonomy":"post_tag","embeddable":true,"href":"https:\/\/www.sonoraenequipo.com.mx\/api\/wp\/v2\/tags?post=699"}],"curies":[{"name":"wp","href":"https:\/\/api.w.org\/{rel}","templated":true}]}}