{"id":69972,"date":"2019-10-31T20:00:30","date_gmt":"2019-11-01T03:00:30","guid":{"rendered":"https:\/\/www.sonoraenequipo.com.mx\/?p=69972"},"modified":"2019-10-31T18:13:47","modified_gmt":"2019-11-01T01:13:47","slug":"continua-apoyo-federal-para-asistencia-social-en-el-estado","status":"publish","type":"post","link":"https:\/\/www.sonoraenequipo.com.mx\/continua-apoyo-federal-para-asistencia-social-en-el-estado\/","title":{"rendered":"Contin\u00faa apoyo federal para Asistencia Social en el estado"},"content":{"rendered":"<p>HERMOSILLO, SONORA. MX. \u2014 Con el fin de supervisar las acciones de salud de la Direcci\u00f3n de Asistencia Social en Sonora, Leonardo Alfonso Verduzco, director general de la Administraci\u00f3n de la Beneficencia P\u00fablica Federal, visit\u00f3 la entidad, inform\u00f3 Jeannette Molina Caire.<\/p>\n<p>&nbsp;<\/p>\n<p> <\/p>\n<p>La directora de Asistencia Social detall\u00f3 que el funcionario federal se reuni\u00f3 con el doctor Raymundo L\u00f3pez Vucovich, jefe de Oficina del secretario de Salud, Enrique Clausen Iberri y con el subsecretario de Administraci\u00f3n, Alfredo L\u00f3pez Mercado.<\/p>\n<p>&nbsp;<\/p>\n<p><em>\u201cEl apoyo de la federaci\u00f3n ha sido muy importante para la realizaci\u00f3n de las acciones de salud en beneficio de los sonorenses, la gobernadora tiene especial inter\u00e9s en la atenci\u00f3n a la poblaci\u00f3n m\u00e1s vulnerable y en ese sentido es que trabajamos\u201d,<\/em> resalt\u00f3 Molina Caire.<\/p>\n<p>&nbsp;<\/p>\n<p>Durante dicha reuni\u00f3n, mencion\u00f3, trataron varios temas, como los mecanismos bajo los cu\u00e1les trabajar\u00e1n coordinadamente ambas instancias de gobierno.<\/p>\n<p>&nbsp;<\/p>\n<p>As\u00ed mismo, revisaron las acciones de salud que han brindando a la poblaci\u00f3n, como las operaciones de colocaci\u00f3n de pr\u00f3tesis de cadera y rodillas, el otorgamiento de apoyos funcionales, operaciones de cataratas y colocaci\u00f3n de pr\u00f3tesis dentales, entre otras.<\/p>\n<p>PUBLICADO EL 31\/10\/2019)<\/p>\n","protected":false},"excerpt":{"rendered":"<p>HERMOSILLO, SONORA. MX. \u2014 Con el fin de supervisar las acciones de salud de la&#8230;<\/p>\n","protected":false},"author":1,"featured_media":69974,"comment_status":"open","ping_status":"open","sticky":false,"template":"","format":"standard","meta":{"_monsterinsights_skip_tracking":false,"_monsterinsights_sitenote_active":false,"_monsterinsights_sitenote_note":"","_monsterinsights_sitenote_category":0,"footnotes":""},"categories":[22],"tags":[],"class_list":["post"],"yoast_head":" \n<title>Sonora en Equipo. Contin\u00faa apoyo federal para Asistencia Social en el estado Sonora<\/title>\n<meta name=\"description\" content=\"HERMOSILLO, SONORA. MX. \u2014 Con el fin de supervisar las acciones de salud de la Direcci\u00f3n de Asistencia Social en Sonora, Leonardo Alfonso Verduzco, En Sonora en Equipo publicamos toda la informaci\u00f3n de Sonora, M\u00e9xico y el Mundo de manera oportuna y busca que la libertad de expresi\u00f3n sea real. Visita nuestro medio informativo publicado desde Hermosillo, Sonora. %\" \/>\n<meta name=\"robots\" content=\"index, follow, max-snippet:-1, max-image-preview:large, max-video-preview:-1\" \/>\n<link rel=\"canonical\" href=\"https:\/\/www.sonoraenequipo.com.mx\/continua-apoyo-federal-para-asistencia-social-en-el-estado\/\" \/>\n<meta property=\"og:locale\" content=\"es_ES\" \/>\n<meta property=\"og:type\" content=\"article\" \/>\n<meta property=\"og:title\" content=\"Sonora en Equipo. Contin\u00faa apoyo federal para Asistencia Social en el estado Sonora\" \/>\n<meta property=\"og:description\" content=\"HERMOSILLO, SONORA. MX. \u2014 Con el fin de supervisar las acciones de salud de la Direcci\u00f3n de Asistencia Social en Sonora, Leonardo Alfonso Verduzco, En Sonora en Equipo publicamos toda la informaci\u00f3n de Sonora, M\u00e9xico y el Mundo de manera oportuna y busca que la libertad de expresi\u00f3n sea real. Visita nuestro medio informativo publicado desde Hermosillo, Sonora. %\" \/>\n<meta property=\"og:url\" content=\"https:\/\/www.sonoraenequipo.com.mx\/continua-apoyo-federal-para-asistencia-social-en-el-estado\/\" \/>\n<meta property=\"og:site_name\" content=\"Sonora en Equipo.\" \/>\n<meta property=\"article:publisher\" content=\"https:\/\/www.facebook.com\/SonoraEE\/\" \/>\n<meta property=\"article:author\" content=\"https:\/\/www.facebook.com\/SonoraEE\" \/>\n<meta property=\"article:published_time\" content=\"2019-11-01T03:00:30+00:00\" \/>\n<meta property=\"og:image\" content=\"https:\/\/www.sonoraenequipo.com.mx\/storage\/2019\/10\/Beneficencia-P\u00fablica-1_opt.jpg\" \/>\n\t<meta property=\"og:image:width\" content=\"667\" \/>\n\t<meta property=\"og:image:height\" content=\"400\" \/>\n\t<meta property=\"og:image:type\" content=\"image\/jpeg\" \/>\n<meta name=\"author\" content=\"enequipo\" \/>\n<meta name=\"twitter:card\" content=\"summary_large_image\" \/>\n<meta name=\"twitter:creator\" content=\"@sonoraenequipo\" \/>\n<meta name=\"twitter:site\" content=\"@sonoraenequipo\" \/>\n<meta name=\"twitter:label1\" content=\"Escrito por\" \/>\n\t<meta name=\"twitter:data1\" content=\"enequipo\" \/>\n\t<meta name=\"twitter:label2\" content=\"Tiempo de lectura\" \/>\n\t<meta name=\"twitter:data2\" content=\"1 minuto\" \/>\n<script type=\"application\/ld+json\" class=\"yoast-schema-graph\">{\"@context\":\"https:\/\/schema.org\",\"@graph\":[{\"@type\":\"Article\",\"@id\":\"https:\/\/www.sonoraenequipo.com.mx\/continua-apoyo-federal-para-asistencia-social-en-el-estado\/#article\",\"isPartOf\":{\"@id\":\"https:\/\/www.sonoraenequipo.com.mx\/continua-apoyo-federal-para-asistencia-social-en-el-estado\/\"},\"author\":{\"name\":\"enequipo\",\"@id\":\"https:\/\/www.sonoraenequipo.com.mx\/#\/schema\/person\/50102df0fb23a8fa9e8effad8fa81386\"},\"headline\":\"Contin\u00faa apoyo federal para Asistencia Social en el estado\",\"datePublished\":\"2019-11-01T03:00:30+00:00\",\"mainEntityOfPage\":{\"@id\":\"https:\/\/www.sonoraenequipo.com.mx\/continua-apoyo-federal-para-asistencia-social-en-el-estado\/\"},\"wordCount\":216,\"commentCount\":0,\"publisher\":{\"@id\":\"https:\/\/www.sonoraenequipo.com.mx\/#organization\"},\"image\":{\"@id\":\"https:\/\/www.sonoraenequipo.com.mx\/continua-apoyo-federal-para-asistencia-social-en-el-estado\/#primaryimage\"},\"thumbnailUrl\":\"https:\/\/www.sonoraenequipo.com.mx\/storage\/2019\/10\/Beneficencia-P\u00fablica-1_opt.jpg\",\"articleSection\":[\"Sonora\"],\"inLanguage\":\"es\",\"potentialAction\":[{\"@type\":\"CommentAction\",\"name\":\"Comment\",\"target\":[\"https:\/\/www.sonoraenequipo.com.mx\/continua-apoyo-federal-para-asistencia-social-en-el-estado\/#respond\"]}]},{\"@type\":\"WebPage\",\"@id\":\"https:\/\/www.sonoraenequipo.com.mx\/continua-apoyo-federal-para-asistencia-social-en-el-estado\/\",\"url\":\"https:\/\/www.sonoraenequipo.com.mx\/continua-apoyo-federal-para-asistencia-social-en-el-estado\/\",\"name\":\"Sonora en Equipo. Contin\u00faa apoyo federal para Asistencia Social en el estado Sonora\",\"isPartOf\":{\"@id\":\"https:\/\/www.sonoraenequipo.com.mx\/#website\"},\"primaryImageOfPage\":{\"@id\":\"https:\/\/www.sonoraenequipo.com.mx\/continua-apoyo-federal-para-asistencia-social-en-el-estado\/#primaryimage\"},\"image\":{\"@id\":\"https:\/\/www.sonoraenequipo.com.mx\/continua-apoyo-federal-para-asistencia-social-en-el-estado\/#primaryimage\"},\"thumbnailUrl\":\"https:\/\/www.sonoraenequipo.com.mx\/storage\/2019\/10\/Beneficencia-P\u00fablica-1_opt.jpg\",\"datePublished\":\"2019-11-01T03:00:30+00:00\",\"description\":\"HERMOSILLO, SONORA. MX. \u2014 Con el fin de supervisar las acciones de salud de la Direcci\u00f3n de Asistencia Social en Sonora, Leonardo Alfonso Verduzco, En Sonora en Equipo publicamos toda la informaci\u00f3n de Sonora, M\u00e9xico y el Mundo de manera oportuna y busca que la libertad de expresi\u00f3n sea real. Visita nuestro medio informativo publicado desde Hermosillo, Sonora. %\",\"breadcrumb\":{\"@id\":\"https:\/\/www.sonoraenequipo.com.mx\/continua-apoyo-federal-para-asistencia-social-en-el-estado\/#breadcrumb\"},\"inLanguage\":\"es\",\"potentialAction\":[{\"@type\":\"ReadAction\",\"target\":[\"https:\/\/www.sonoraenequipo.com.mx\/continua-apoyo-federal-para-asistencia-social-en-el-estado\/\"]}]},{\"@type\":\"ImageObject\",\"inLanguage\":\"es\",\"@id\":\"https:\/\/www.sonoraenequipo.com.mx\/continua-apoyo-federal-para-asistencia-social-en-el-estado\/#primaryimage\",\"url\":\"https:\/\/www.sonoraenequipo.com.mx\/storage\/2019\/10\/Beneficencia-P\u00fablica-1_opt.jpg\",\"contentUrl\":\"https:\/\/www.sonoraenequipo.com.mx\/storage\/2019\/10\/Beneficencia-P\u00fablica-1_opt.jpg\",\"width\":667,\"height\":400},{\"@type\":\"BreadcrumbList\",\"@id\":\"https:\/\/www.sonoraenequipo.com.mx\/continua-apoyo-federal-para-asistencia-social-en-el-estado\/#breadcrumb\",\"itemListElement\":[{\"@type\":\"ListItem\",\"position\":1,\"name\":\"Portada\",\"item\":\"https:\/\/www.sonoraenequipo.com.mx\/\"},{\"@type\":\"ListItem\",\"position\":2,\"name\":\"Contin\u00faa apoyo federal para Asistencia Social en el estado\"}]},{\"@type\":\"WebSite\",\"@id\":\"https:\/\/www.sonoraenequipo.com.mx\/#website\",\"url\":\"https:\/\/www.sonoraenequipo.com.mx\/\",\"name\":\"Sonora en Equipo.\",\"description\":\"Diario en l\u00ednea con Noticias desde Hermosillo, Sonora\",\"publisher\":{\"@id\":\"https:\/\/www.sonoraenequipo.com.mx\/#organization\"},\"potentialAction\":[{\"@type\":\"SearchAction\",\"target\":{\"@type\":\"EntryPoint\",\"urlTemplate\":\"https:\/\/www.sonoraenequipo.com.mx\/?s={search_term_string}\"},\"query-input\":{\"@type\":\"PropertyValueSpecification\",\"valueRequired\":true,\"valueName\":\"search_term_string\"}}],\"inLanguage\":\"es\"},{\"@type\":\"Organization\",\"@id\":\"https:\/\/www.sonoraenequipo.com.mx\/#organization\",\"name\":\"Sonoraenequipo.com.mx\",\"url\":\"https:\/\/www.sonoraenequipo.com.mx\/\",\"logo\":{\"@type\":\"ImageObject\",\"inLanguage\":\"es\",\"@id\":\"https:\/\/www.sonoraenequipo.com.mx\/#\/schema\/logo\/image\/\",\"url\":\"https:\/\/www.sonoraenequipo.com.mx\/storage\/2019\/01\/sonoraenequipo_opt.png\",\"contentUrl\":\"https:\/\/www.sonoraenequipo.com.mx\/storage\/2019\/01\/sonoraenequipo_opt.png\",\"width\":375,\"height\":125,\"caption\":\"Sonoraenequipo.com.mx\"},\"image\":{\"@id\":\"https:\/\/www.sonoraenequipo.com.mx\/#\/schema\/logo\/image\/\"},\"sameAs\":[\"https:\/\/www.facebook.com\/SonoraEE\/\",\"https:\/\/x.com\/sonoraenequipo\",\"https:\/\/www.youtube.com\/channel\/UC338nW-lPEYmJQs4ZABQ1SQ\"]},{\"@type\":\"Person\",\"@id\":\"https:\/\/www.sonoraenequipo.com.mx\/#\/schema\/person\/50102df0fb23a8fa9e8effad8fa81386\",\"name\":\"enequipo\",\"image\":{\"@type\":\"ImageObject\",\"inLanguage\":\"es\",\"@id\":\"https:\/\/www.sonoraenequipo.com.mx\/#\/schema\/person\/image\/\",\"url\":\"https:\/\/secure.gravatar.com\/avatar\/049821681b589dabc0bc20695993ccebb09f5b5d4d790cd9251b97faac7c652b?s=96&d=blank&r=g\",\"contentUrl\":\"https:\/\/secure.gravatar.com\/avatar\/049821681b589dabc0bc20695993ccebb09f5b5d4d790cd9251b97faac7c652b?s=96&d=blank&r=g\",\"caption\":\"enequipo\"},\"sameAs\":[\"https:\/\/www.facebook.com\/SonoraEE\"]}]}<\/script>\n ","yoast_head_json":{"title":"Sonora en Equipo. Contin\u00faa apoyo federal para Asistencia Social en el estado Sonora","description":"HERMOSILLO, SONORA. MX. \u2014 Con el fin de supervisar las acciones de salud de la Direcci\u00f3n de Asistencia Social en Sonora, Leonardo Alfonso Verduzco, En Sonora en Equipo publicamos toda la informaci\u00f3n de Sonora, M\u00e9xico y el Mundo de manera oportuna y busca que la libertad de expresi\u00f3n sea real. Visita nuestro medio informativo publicado desde Hermosillo, Sonora. %","robots":{"index":"index","follow":"follow","max-snippet":"max-snippet:-1","max-image-preview":"max-image-preview:large","max-video-preview":"max-video-preview:-1"},"canonical":"https:\/\/www.sonoraenequipo.com.mx\/continua-apoyo-federal-para-asistencia-social-en-el-estado\/","og_locale":"es_ES","og_type":"article","og_title":"Sonora en Equipo. Contin\u00faa apoyo federal para Asistencia Social en el estado Sonora","og_description":"HERMOSILLO, SONORA. MX. \u2014 Con el fin de supervisar las acciones de salud de la Direcci\u00f3n de Asistencia Social en Sonora, Leonardo Alfonso Verduzco, En Sonora en Equipo publicamos toda la informaci\u00f3n de Sonora, M\u00e9xico y el Mundo de manera oportuna y busca que la libertad de expresi\u00f3n sea real. Visita nuestro medio informativo publicado desde Hermosillo, Sonora. %","og_url":"https:\/\/www.sonoraenequipo.com.mx\/continua-apoyo-federal-para-asistencia-social-en-el-estado\/","og_site_name":"Sonora en Equipo.","article_publisher":"https:\/\/www.facebook.com\/SonoraEE\/","article_author":"https:\/\/www.facebook.com\/SonoraEE","article_published_time":"2019-11-01T03:00:30+00:00","og_image":[{"width":667,"height":400,"url":"https:\/\/www.sonoraenequipo.com.mx\/storage\/2019\/10\/Beneficencia-P\u00fablica-1_opt.jpg","type":"image\/jpeg"}],"author":"enequipo","twitter_card":"summary_large_image","twitter_creator":"@sonoraenequipo","twitter_site":"@sonoraenequipo","twitter_misc":{"Escrito por":"enequipo","Tiempo de lectura":"1 minuto"},"schema":{"@context":"https:\/\/schema.org","@graph":[{"@type":"Article","@id":"https:\/\/www.sonoraenequipo.com.mx\/continua-apoyo-federal-para-asistencia-social-en-el-estado\/#article","isPartOf":{"@id":"https:\/\/www.sonoraenequipo.com.mx\/continua-apoyo-federal-para-asistencia-social-en-el-estado\/"},"author":{"name":"enequipo","@id":"https:\/\/www.sonoraenequipo.com.mx\/#\/schema\/person\/50102df0fb23a8fa9e8effad8fa81386"},"headline":"Contin\u00faa apoyo federal para Asistencia Social en el estado","datePublished":"2019-11-01T03:00:30+00:00","mainEntityOfPage":{"@id":"https:\/\/www.sonoraenequipo.com.mx\/continua-apoyo-federal-para-asistencia-social-en-el-estado\/"},"wordCount":216,"commentCount":0,"publisher":{"@id":"https:\/\/www.sonoraenequipo.com.mx\/#organization"},"image":{"@id":"https:\/\/www.sonoraenequipo.com.mx\/continua-apoyo-federal-para-asistencia-social-en-el-estado\/#primaryimage"},"thumbnailUrl":"https:\/\/www.sonoraenequipo.com.mx\/storage\/2019\/10\/Beneficencia-P\u00fablica-1_opt.jpg","articleSection":["Sonora"],"inLanguage":"es","potentialAction":[{"@type":"CommentAction","name":"Comment","target":["https:\/\/www.sonoraenequipo.com.mx\/continua-apoyo-federal-para-asistencia-social-en-el-estado\/#respond"]}]},{"@type":"WebPage","@id":"https:\/\/www.sonoraenequipo.com.mx\/continua-apoyo-federal-para-asistencia-social-en-el-estado\/","url":"https:\/\/www.sonoraenequipo.com.mx\/continua-apoyo-federal-para-asistencia-social-en-el-estado\/","name":"Sonora en Equipo. Contin\u00faa apoyo federal para Asistencia Social en el estado Sonora","isPartOf":{"@id":"https:\/\/www.sonoraenequipo.com.mx\/#website"},"primaryImageOfPage":{"@id":"https:\/\/www.sonoraenequipo.com.mx\/continua-apoyo-federal-para-asistencia-social-en-el-estado\/#primaryimage"},"image":{"@id":"https:\/\/www.sonoraenequipo.com.mx\/continua-apoyo-federal-para-asistencia-social-en-el-estado\/#primaryimage"},"thumbnailUrl":"https:\/\/www.sonoraenequipo.com.mx\/storage\/2019\/10\/Beneficencia-P\u00fablica-1_opt.jpg","datePublished":"2019-11-01T03:00:30+00:00","description":"HERMOSILLO, SONORA. MX. \u2014 Con el fin de supervisar las acciones de salud de la Direcci\u00f3n de Asistencia Social en Sonora, Leonardo Alfonso Verduzco, En Sonora en Equipo publicamos toda la informaci\u00f3n de Sonora, M\u00e9xico y el Mundo de manera oportuna y busca que la libertad de expresi\u00f3n sea real. Visita nuestro medio informativo publicado desde Hermosillo, Sonora. %","breadcrumb":{"@id":"https:\/\/www.sonoraenequipo.com.mx\/continua-apoyo-federal-para-asistencia-social-en-el-estado\/#breadcrumb"},"inLanguage":"es","potentialAction":[{"@type":"ReadAction","target":["https:\/\/www.sonoraenequipo.com.mx\/continua-apoyo-federal-para-asistencia-social-en-el-estado\/"]}]},{"@type":"ImageObject","inLanguage":"es","@id":"https:\/\/www.sonoraenequipo.com.mx\/continua-apoyo-federal-para-asistencia-social-en-el-estado\/#primaryimage","url":"https:\/\/www.sonoraenequipo.com.mx\/storage\/2019\/10\/Beneficencia-P\u00fablica-1_opt.jpg","contentUrl":"https:\/\/www.sonoraenequipo.com.mx\/storage\/2019\/10\/Beneficencia-P\u00fablica-1_opt.jpg","width":667,"height":400},{"@type":"BreadcrumbList","@id":"https:\/\/www.sonoraenequipo.com.mx\/continua-apoyo-federal-para-asistencia-social-en-el-estado\/#breadcrumb","itemListElement":[{"@type":"ListItem","position":1,"name":"Portada","item":"https:\/\/www.sonoraenequipo.com.mx\/"},{"@type":"ListItem","position":2,"name":"Contin\u00faa apoyo federal para Asistencia Social en el estado"}]},{"@type":"WebSite","@id":"https:\/\/www.sonoraenequipo.com.mx\/#website","url":"https:\/\/www.sonoraenequipo.com.mx\/","name":"Sonora en Equipo.","description":"Diario en l\u00ednea con Noticias desde Hermosillo, Sonora","publisher":{"@id":"https:\/\/www.sonoraenequipo.com.mx\/#organization"},"potentialAction":[{"@type":"SearchAction","target":{"@type":"EntryPoint","urlTemplate":"https:\/\/www.sonoraenequipo.com.mx\/?s={search_term_string}"},"query-input":{"@type":"PropertyValueSpecification","valueRequired":true,"valueName":"search_term_string"}}],"inLanguage":"es"},{"@type":"Organization","@id":"https:\/\/www.sonoraenequipo.com.mx\/#organization","name":"Sonoraenequipo.com.mx","url":"https:\/\/www.sonoraenequipo.com.mx\/","logo":{"@type":"ImageObject","inLanguage":"es","@id":"https:\/\/www.sonoraenequipo.com.mx\/#\/schema\/logo\/image\/","url":"https:\/\/www.sonoraenequipo.com.mx\/storage\/2019\/01\/sonoraenequipo_opt.png","contentUrl":"https:\/\/www.sonoraenequipo.com.mx\/storage\/2019\/01\/sonoraenequipo_opt.png","width":375,"height":125,"caption":"Sonoraenequipo.com.mx"},"image":{"@id":"https:\/\/www.sonoraenequipo.com.mx\/#\/schema\/logo\/image\/"},"sameAs":["https:\/\/www.facebook.com\/SonoraEE\/","https:\/\/x.com\/sonoraenequipo","https:\/\/www.youtube.com\/channel\/UC338nW-lPEYmJQs4ZABQ1SQ"]},{"@type":"Person","@id":"https:\/\/www.sonoraenequipo.com.mx\/#\/schema\/person\/50102df0fb23a8fa9e8effad8fa81386","name":"enequipo","image":{"@type":"ImageObject","inLanguage":"es","@id":"https:\/\/www.sonoraenequipo.com.mx\/#\/schema\/person\/image\/","url":"https:\/\/secure.gravatar.com\/avatar\/049821681b589dabc0bc20695993ccebb09f5b5d4d790cd9251b97faac7c652b?s=96&d=blank&r=g","contentUrl":"https:\/\/secure.gravatar.com\/avatar\/049821681b589dabc0bc20695993ccebb09f5b5d4d790cd9251b97faac7c652b?s=96&d=blank&r=g","caption":"enequipo"},"sameAs":["https:\/\/www.facebook.com\/SonoraEE"]}]}},"jetpack_featured_media_url":"https:\/\/www.sonoraenequipo.com.mx\/storage\/2019\/10\/Beneficencia-P\u00fablica-1_opt.jpg","_links":{"self":[{"href":"https:\/\/www.sonoraenequipo.com.mx\/api\/wp\/v2\/posts\/69972","targetHints":{"allow":["GET"]}}],"collection":[{"href":"https:\/\/www.sonoraenequipo.com.mx\/api\/wp\/v2\/posts"}],"about":[{"href":"https:\/\/www.sonoraenequipo.com.mx\/api\/wp\/v2\/types\/post"}],"author":[{"embeddable":true,"href":"https:\/\/www.sonoraenequipo.com.mx\/api\/wp\/v2\/users\/1"}],"replies":[{"embeddable":true,"href":"https:\/\/www.sonoraenequipo.com.mx\/api\/wp\/v2\/comments?post=69972"}],"version-history":[{"count":0,"href":"https:\/\/www.sonoraenequipo.com.mx\/api\/wp\/v2\/posts\/69972\/revisions"}],"wp:featuredmedia":[{"embeddable":true,"href":"https:\/\/www.sonoraenequipo.com.mx\/api\/wp\/v2\/media\/69974"}],"wp:attachment":[{"href":"https:\/\/www.sonoraenequipo.com.mx\/api\/wp\/v2\/media?parent=69972"}],"wp:term":[{"taxonomy":"category","embeddable":true,"href":"https:\/\/www.sonoraenequipo.com.mx\/api\/wp\/v2\/categories?post=69972"},{"taxonomy":"post_tag","embeddable":true,"href":"https:\/\/www.sonoraenequipo.com.mx\/api\/wp\/v2\/tags?post=69972"}],"curies":[{"name":"wp","href":"https:\/\/api.w.org\/{rel}","templated":true}]}}