{"id":69976,"date":"2019-10-31T20:30:44","date_gmt":"2019-11-01T03:30:44","guid":{"rendered":"https:\/\/www.sonoraenequipo.com.mx\/?p=69976"},"modified":"2019-10-31T18:19:33","modified_gmt":"2019-11-01T01:19:33","slug":"premia-isc-a-ganadores-del-concurso-del-libro-sonorense-y-concursos-infantiles-y-juveniles","status":"publish","type":"post","link":"https:\/\/www.sonoraenequipo.com.mx\/premia-isc-a-ganadores-del-concurso-del-libro-sonorense-y-concursos-infantiles-y-juveniles\/","title":{"rendered":"Premia ISC a ganadores del Concurso del Libro Sonorense y concursos infantiles y juveniles"},"content":{"rendered":"<p>HERMOSILLO, SONORA. MX. \u2014 En el marco de las actividades de la Feria del Libro de Hermosillo 2019, el Instituto Sonorense de Cultura entreg\u00f3 reconocimientos a los ganadores del Concurso del Libro Sonorense y concursos infantiles y juveniles, como una forma de incentivar la creaci\u00f3n de productos literarios.<\/p>\n<p>&nbsp;<\/p>\n<p> <\/p>\n<p>&nbsp;<\/p>\n<p>Mario Welfo \u00c1lvarez Beltr\u00e1n, director del Instituto Sonorense de Cultura, inform\u00f3 que premiaron a los ganadores en distintas categor\u00edas del Concurso del Libro Sonorense 2019, el XXVI Concurso Infantil de Creaci\u00f3n Literaria<em> \u201cProfesora Enriqueta Monta\u00f1o de Parodi\u201d<\/em>, el XXIII Concurso Literario Intersecundarias, el XXVI Concurso Juvenil de Literatura <em>\u201cProfesora Mar\u00eda Guadalupe Rico de Ram\u00edrez\u201d<\/em>, el primer Concurso Estatal de Poes\u00eda \u201cA Mi Maestro\u201d 2019, y el Cuarto Concurso de Narrativa Todos Contra la Corrupci\u00f3n.<\/p>\n<p>&nbsp;<\/p>\n<p><em>\u201cM\u00e1s de 3 mil ni\u00f1as, ni\u00f1os, y j\u00f3venes participantes fueron los que se inscribieron en cinco concursos que estamos premiando el d\u00eda de hoy, m\u00e1s otros cerca de 300 participantes que estuvieron muy atentos al desarrollo del concurso del Libro Sonorense; todas esas cifras que generalmente no pensamos lo que hay detr\u00e1s de ellas, seres humanos, nos hacen reflexionar sobre lo que estamos necesitados a convocar y promover, la cultura como una forma de vida, de sanidad, una forma recurrente y de reflexi\u00f3n interna\u201d,<\/em> indic\u00f3.<\/p>\n<p>&nbsp;<\/p>\n<p>Arturo Fern\u00e1ndez D\u00edaz, presidente de Coparmex Sonora Norte, resalt\u00f3 la importancia de este tipo de concursos entre los j\u00f3venes, quienes desde una etapa formativa detectan el significado de la corrupci\u00f3n y proponen soluciones para erradicarla.<\/p>\n<p>&nbsp;<\/p>\n<p><em>\u201cLa lucha contra la corrupci\u00f3n no termina ah\u00ed, la lucha contra la corrupci\u00f3n no termina en el sector p\u00fablico, en el sector empresarial, hay que cubrir todas las aristas, y una de ellas es precisamente esta, el proceso formativo\u201d,<\/em> se\u00f1al\u00f3.<\/p>\n<p>&nbsp;<\/p>\n<p>En representaci\u00f3n de los galardonados, la joven \u00c1ngela Marisol Sesma Mu\u00f1oz, ganadora en el g\u00e9nero cr\u00f3nica del XXVI Concurso de Literatura <em>\u201cMar\u00eda Guadalupe Rico Ram\u00edrez\u201d<\/em>, relat\u00f3 el proceso creativo para la creaci\u00f3n de un producto literario, el cual con disciplina se convierte en un gusto.<\/p>\n<p>&nbsp;<\/p>\n<p><em>\u201cSabemos el trabajo que requiere el proceso creativo, todos sabemos de que no sucede de un d\u00eda para otro, sino que son a\u00f1os de dedicaci\u00f3n y compromiso, que realmente significa el esfuerzo de unos meses, porque despu\u00e9s se hace por puro amor al arte\u201d,<\/em> destac\u00f3.<\/p>\n<p>&nbsp;<\/p>\n<p>Presentes: Salvador \u00c1vila Cort\u00e9s, director de Vinculaci\u00f3n de la Fiscal\u00eda Anticorrupci\u00f3n; Luis Alonso Delgado Jara, director general de la Comisi\u00f3n Estatal para la Planeaci\u00f3n de Educaci\u00f3n Superior; y Illian Artleth Moreno Valenzuela, ganadora del IV Concurso de Narrativa <em>\u201cTodos Contra la Corrupci\u00f3n\u201d<\/em>, categor\u00eda 13 a 15 a\u00f1os.<\/p>\n<p>&nbsp;<\/p>\n<h3>Ganadores del Concurso del Libro Sonorense 2019<\/h3>\n<p>Ernesto Garc\u00eda N\u00fa\u00f1ez, g\u00e9nero Novela<\/p>\n<p>Manuel Gerardo Hern\u00e1ndez Jacobo, g\u00e9nero Cuento<\/p>\n<p>Carlos Ren\u00e9 Padilla, g\u00e9nero Cr\u00f3nica<\/p>\n<p>Carlos Mal, g\u00e9nero Ensayo<\/p>\n<p>Luis Alberto L\u00f3pez Soto, g\u00e9nero Dramaturgia<\/p>\n<p>PUBLICADO EL 31\/10\/2019)<\/p>\n","protected":false},"excerpt":{"rendered":"<p>HERMOSILLO, SONORA. MX. \u2014 En el marco de las actividades de la Feria del Libro&#8230;<\/p>\n","protected":false},"author":1,"featured_media":69978,"comment_status":"open","ping_status":"open","sticky":false,"template":"","format":"standard","meta":{"_monsterinsights_skip_tracking":false,"_monsterinsights_sitenote_active":false,"_monsterinsights_sitenote_note":"","_monsterinsights_sitenote_category":0,"footnotes":""},"categories":[22],"tags":[],"class_list":["post"],"yoast_head":" \n<title>Sonora en Equipo. Premia ISC a ganadores del Concurso del Libro Sonorense y concursos infantiles y juveniles Sonora<\/title>\n<meta name=\"description\" content=\"HERMOSILLO, SONORA. MX. \u2014 En el marco de las actividades de la Feria del Libro de Hermosillo 2019, el Instituto Sonorense de Cultura entreg\u00f3 En Sonora en Equipo publicamos toda la informaci\u00f3n de Sonora, M\u00e9xico y el Mundo de manera oportuna y busca que la libertad de expresi\u00f3n sea real. Visita nuestro medio informativo publicado desde Hermosillo, Sonora. %\" \/>\n<meta name=\"robots\" content=\"index, follow, max-snippet:-1, max-image-preview:large, max-video-preview:-1\" \/>\n<link rel=\"canonical\" href=\"https:\/\/www.sonoraenequipo.com.mx\/premia-isc-a-ganadores-del-concurso-del-libro-sonorense-y-concursos-infantiles-y-juveniles\/\" \/>\n<meta property=\"og:locale\" content=\"es_ES\" \/>\n<meta property=\"og:type\" content=\"article\" \/>\n<meta property=\"og:title\" content=\"Sonora en Equipo. Premia ISC a ganadores del Concurso del Libro Sonorense y concursos infantiles y juveniles Sonora\" \/>\n<meta property=\"og:description\" content=\"HERMOSILLO, SONORA. MX. \u2014 En el marco de las actividades de la Feria del Libro de Hermosillo 2019, el Instituto Sonorense de Cultura entreg\u00f3 En Sonora en Equipo publicamos toda la informaci\u00f3n de Sonora, M\u00e9xico y el Mundo de manera oportuna y busca que la libertad de expresi\u00f3n sea real. Visita nuestro medio informativo publicado desde Hermosillo, Sonora. %\" \/>\n<meta property=\"og:url\" content=\"https:\/\/www.sonoraenequipo.com.mx\/premia-isc-a-ganadores-del-concurso-del-libro-sonorense-y-concursos-infantiles-y-juveniles\/\" \/>\n<meta property=\"og:site_name\" content=\"Sonora en Equipo.\" \/>\n<meta property=\"article:publisher\" content=\"https:\/\/www.facebook.com\/SonoraEE\/\" \/>\n<meta property=\"article:author\" content=\"https:\/\/www.facebook.com\/SonoraEE\" \/>\n<meta property=\"article:published_time\" content=\"2019-11-01T03:30:44+00:00\" \/>\n<meta property=\"og:image\" content=\"https:\/\/www.sonoraenequipo.com.mx\/storage\/2019\/10\/isc_premio_opt.jpg\" \/>\n\t<meta property=\"og:image:width\" content=\"400\" \/>\n\t<meta property=\"og:image:height\" content=\"403\" \/>\n\t<meta property=\"og:image:type\" content=\"image\/jpeg\" \/>\n<meta name=\"author\" content=\"enequipo\" \/>\n<meta name=\"twitter:card\" content=\"summary_large_image\" \/>\n<meta name=\"twitter:creator\" content=\"@sonoraenequipo\" \/>\n<meta name=\"twitter:site\" content=\"@sonoraenequipo\" \/>\n<meta name=\"twitter:label1\" content=\"Escrito por\" \/>\n\t<meta name=\"twitter:data1\" content=\"enequipo\" \/>\n\t<meta name=\"twitter:label2\" content=\"Tiempo de lectura\" \/>\n\t<meta name=\"twitter:data2\" content=\"3 minutos\" \/>\n<script type=\"application\/ld+json\" class=\"yoast-schema-graph\">{\"@context\":\"https:\/\/schema.org\",\"@graph\":[{\"@type\":\"Article\",\"@id\":\"https:\/\/www.sonoraenequipo.com.mx\/premia-isc-a-ganadores-del-concurso-del-libro-sonorense-y-concursos-infantiles-y-juveniles\/#article\",\"isPartOf\":{\"@id\":\"https:\/\/www.sonoraenequipo.com.mx\/premia-isc-a-ganadores-del-concurso-del-libro-sonorense-y-concursos-infantiles-y-juveniles\/\"},\"author\":{\"name\":\"enequipo\",\"@id\":\"https:\/\/www.sonoraenequipo.com.mx\/#\/schema\/person\/50102df0fb23a8fa9e8effad8fa81386\"},\"headline\":\"Premia ISC a ganadores del Concurso del Libro Sonorense y concursos infantiles y juveniles\",\"datePublished\":\"2019-11-01T03:30:44+00:00\",\"mainEntityOfPage\":{\"@id\":\"https:\/\/www.sonoraenequipo.com.mx\/premia-isc-a-ganadores-del-concurso-del-libro-sonorense-y-concursos-infantiles-y-juveniles\/\"},\"wordCount\":524,\"commentCount\":0,\"publisher\":{\"@id\":\"https:\/\/www.sonoraenequipo.com.mx\/#organization\"},\"image\":{\"@id\":\"https:\/\/www.sonoraenequipo.com.mx\/premia-isc-a-ganadores-del-concurso-del-libro-sonorense-y-concursos-infantiles-y-juveniles\/#primaryimage\"},\"thumbnailUrl\":\"https:\/\/www.sonoraenequipo.com.mx\/storage\/2019\/10\/isc_premio_opt.jpg\",\"articleSection\":[\"Sonora\"],\"inLanguage\":\"es\",\"potentialAction\":[{\"@type\":\"CommentAction\",\"name\":\"Comment\",\"target\":[\"https:\/\/www.sonoraenequipo.com.mx\/premia-isc-a-ganadores-del-concurso-del-libro-sonorense-y-concursos-infantiles-y-juveniles\/#respond\"]}]},{\"@type\":\"WebPage\",\"@id\":\"https:\/\/www.sonoraenequipo.com.mx\/premia-isc-a-ganadores-del-concurso-del-libro-sonorense-y-concursos-infantiles-y-juveniles\/\",\"url\":\"https:\/\/www.sonoraenequipo.com.mx\/premia-isc-a-ganadores-del-concurso-del-libro-sonorense-y-concursos-infantiles-y-juveniles\/\",\"name\":\"Sonora en Equipo. Premia ISC a ganadores del Concurso del Libro Sonorense y concursos infantiles y juveniles Sonora\",\"isPartOf\":{\"@id\":\"https:\/\/www.sonoraenequipo.com.mx\/#website\"},\"primaryImageOfPage\":{\"@id\":\"https:\/\/www.sonoraenequipo.com.mx\/premia-isc-a-ganadores-del-concurso-del-libro-sonorense-y-concursos-infantiles-y-juveniles\/#primaryimage\"},\"image\":{\"@id\":\"https:\/\/www.sonoraenequipo.com.mx\/premia-isc-a-ganadores-del-concurso-del-libro-sonorense-y-concursos-infantiles-y-juveniles\/#primaryimage\"},\"thumbnailUrl\":\"https:\/\/www.sonoraenequipo.com.mx\/storage\/2019\/10\/isc_premio_opt.jpg\",\"datePublished\":\"2019-11-01T03:30:44+00:00\",\"description\":\"HERMOSILLO, SONORA. MX. \u2014 En el marco de las actividades de la Feria del Libro de Hermosillo 2019, el Instituto Sonorense de Cultura entreg\u00f3 En Sonora en Equipo publicamos toda la informaci\u00f3n de Sonora, M\u00e9xico y el Mundo de manera oportuna y busca que la libertad de expresi\u00f3n sea real. Visita nuestro medio informativo publicado desde Hermosillo, Sonora. %\",\"breadcrumb\":{\"@id\":\"https:\/\/www.sonoraenequipo.com.mx\/premia-isc-a-ganadores-del-concurso-del-libro-sonorense-y-concursos-infantiles-y-juveniles\/#breadcrumb\"},\"inLanguage\":\"es\",\"potentialAction\":[{\"@type\":\"ReadAction\",\"target\":[\"https:\/\/www.sonoraenequipo.com.mx\/premia-isc-a-ganadores-del-concurso-del-libro-sonorense-y-concursos-infantiles-y-juveniles\/\"]}]},{\"@type\":\"ImageObject\",\"inLanguage\":\"es\",\"@id\":\"https:\/\/www.sonoraenequipo.com.mx\/premia-isc-a-ganadores-del-concurso-del-libro-sonorense-y-concursos-infantiles-y-juveniles\/#primaryimage\",\"url\":\"https:\/\/www.sonoraenequipo.com.mx\/storage\/2019\/10\/isc_premio_opt.jpg\",\"contentUrl\":\"https:\/\/www.sonoraenequipo.com.mx\/storage\/2019\/10\/isc_premio_opt.jpg\",\"width\":400,\"height\":403},{\"@type\":\"BreadcrumbList\",\"@id\":\"https:\/\/www.sonoraenequipo.com.mx\/premia-isc-a-ganadores-del-concurso-del-libro-sonorense-y-concursos-infantiles-y-juveniles\/#breadcrumb\",\"itemListElement\":[{\"@type\":\"ListItem\",\"position\":1,\"name\":\"Portada\",\"item\":\"https:\/\/www.sonoraenequipo.com.mx\/\"},{\"@type\":\"ListItem\",\"position\":2,\"name\":\"Premia ISC a ganadores del Concurso del Libro Sonorense y concursos infantiles y juveniles\"}]},{\"@type\":\"WebSite\",\"@id\":\"https:\/\/www.sonoraenequipo.com.mx\/#website\",\"url\":\"https:\/\/www.sonoraenequipo.com.mx\/\",\"name\":\"Sonora en Equipo.\",\"description\":\"Diario en l\u00ednea con Noticias desde Hermosillo, Sonora\",\"publisher\":{\"@id\":\"https:\/\/www.sonoraenequipo.com.mx\/#organization\"},\"potentialAction\":[{\"@type\":\"SearchAction\",\"target\":{\"@type\":\"EntryPoint\",\"urlTemplate\":\"https:\/\/www.sonoraenequipo.com.mx\/?s={search_term_string}\"},\"query-input\":{\"@type\":\"PropertyValueSpecification\",\"valueRequired\":true,\"valueName\":\"search_term_string\"}}],\"inLanguage\":\"es\"},{\"@type\":\"Organization\",\"@id\":\"https:\/\/www.sonoraenequipo.com.mx\/#organization\",\"name\":\"Sonoraenequipo.com.mx\",\"url\":\"https:\/\/www.sonoraenequipo.com.mx\/\",\"logo\":{\"@type\":\"ImageObject\",\"inLanguage\":\"es\",\"@id\":\"https:\/\/www.sonoraenequipo.com.mx\/#\/schema\/logo\/image\/\",\"url\":\"https:\/\/www.sonoraenequipo.com.mx\/storage\/2019\/01\/sonoraenequipo_opt.png\",\"contentUrl\":\"https:\/\/www.sonoraenequipo.com.mx\/storage\/2019\/01\/sonoraenequipo_opt.png\",\"width\":375,\"height\":125,\"caption\":\"Sonoraenequipo.com.mx\"},\"image\":{\"@id\":\"https:\/\/www.sonoraenequipo.com.mx\/#\/schema\/logo\/image\/\"},\"sameAs\":[\"https:\/\/www.facebook.com\/SonoraEE\/\",\"https:\/\/x.com\/sonoraenequipo\",\"https:\/\/www.youtube.com\/channel\/UC338nW-lPEYmJQs4ZABQ1SQ\"]},{\"@type\":\"Person\",\"@id\":\"https:\/\/www.sonoraenequipo.com.mx\/#\/schema\/person\/50102df0fb23a8fa9e8effad8fa81386\",\"name\":\"enequipo\",\"image\":{\"@type\":\"ImageObject\",\"inLanguage\":\"es\",\"@id\":\"https:\/\/www.sonoraenequipo.com.mx\/#\/schema\/person\/image\/\",\"url\":\"https:\/\/secure.gravatar.com\/avatar\/049821681b589dabc0bc20695993ccebb09f5b5d4d790cd9251b97faac7c652b?s=96&d=blank&r=g\",\"contentUrl\":\"https:\/\/secure.gravatar.com\/avatar\/049821681b589dabc0bc20695993ccebb09f5b5d4d790cd9251b97faac7c652b?s=96&d=blank&r=g\",\"caption\":\"enequipo\"},\"sameAs\":[\"https:\/\/www.facebook.com\/SonoraEE\"]}]}<\/script>\n ","yoast_head_json":{"title":"Sonora en Equipo. Premia ISC a ganadores del Concurso del Libro Sonorense y concursos infantiles y juveniles Sonora","description":"HERMOSILLO, SONORA. MX. \u2014 En el marco de las actividades de la Feria del Libro de Hermosillo 2019, el Instituto Sonorense de Cultura entreg\u00f3 En Sonora en Equipo publicamos toda la informaci\u00f3n de Sonora, M\u00e9xico y el Mundo de manera oportuna y busca que la libertad de expresi\u00f3n sea real. Visita nuestro medio informativo publicado desde Hermosillo, Sonora. %","robots":{"index":"index","follow":"follow","max-snippet":"max-snippet:-1","max-image-preview":"max-image-preview:large","max-video-preview":"max-video-preview:-1"},"canonical":"https:\/\/www.sonoraenequipo.com.mx\/premia-isc-a-ganadores-del-concurso-del-libro-sonorense-y-concursos-infantiles-y-juveniles\/","og_locale":"es_ES","og_type":"article","og_title":"Sonora en Equipo. Premia ISC a ganadores del Concurso del Libro Sonorense y concursos infantiles y juveniles Sonora","og_description":"HERMOSILLO, SONORA. MX. \u2014 En el marco de las actividades de la Feria del Libro de Hermosillo 2019, el Instituto Sonorense de Cultura entreg\u00f3 En Sonora en Equipo publicamos toda la informaci\u00f3n de Sonora, M\u00e9xico y el Mundo de manera oportuna y busca que la libertad de expresi\u00f3n sea real. Visita nuestro medio informativo publicado desde Hermosillo, Sonora. %","og_url":"https:\/\/www.sonoraenequipo.com.mx\/premia-isc-a-ganadores-del-concurso-del-libro-sonorense-y-concursos-infantiles-y-juveniles\/","og_site_name":"Sonora en Equipo.","article_publisher":"https:\/\/www.facebook.com\/SonoraEE\/","article_author":"https:\/\/www.facebook.com\/SonoraEE","article_published_time":"2019-11-01T03:30:44+00:00","og_image":[{"width":400,"height":403,"url":"https:\/\/www.sonoraenequipo.com.mx\/storage\/2019\/10\/isc_premio_opt.jpg","type":"image\/jpeg"}],"author":"enequipo","twitter_card":"summary_large_image","twitter_creator":"@sonoraenequipo","twitter_site":"@sonoraenequipo","twitter_misc":{"Escrito por":"enequipo","Tiempo de lectura":"3 minutos"},"schema":{"@context":"https:\/\/schema.org","@graph":[{"@type":"Article","@id":"https:\/\/www.sonoraenequipo.com.mx\/premia-isc-a-ganadores-del-concurso-del-libro-sonorense-y-concursos-infantiles-y-juveniles\/#article","isPartOf":{"@id":"https:\/\/www.sonoraenequipo.com.mx\/premia-isc-a-ganadores-del-concurso-del-libro-sonorense-y-concursos-infantiles-y-juveniles\/"},"author":{"name":"enequipo","@id":"https:\/\/www.sonoraenequipo.com.mx\/#\/schema\/person\/50102df0fb23a8fa9e8effad8fa81386"},"headline":"Premia ISC a ganadores del Concurso del Libro Sonorense y concursos infantiles y juveniles","datePublished":"2019-11-01T03:30:44+00:00","mainEntityOfPage":{"@id":"https:\/\/www.sonoraenequipo.com.mx\/premia-isc-a-ganadores-del-concurso-del-libro-sonorense-y-concursos-infantiles-y-juveniles\/"},"wordCount":524,"commentCount":0,"publisher":{"@id":"https:\/\/www.sonoraenequipo.com.mx\/#organization"},"image":{"@id":"https:\/\/www.sonoraenequipo.com.mx\/premia-isc-a-ganadores-del-concurso-del-libro-sonorense-y-concursos-infantiles-y-juveniles\/#primaryimage"},"thumbnailUrl":"https:\/\/www.sonoraenequipo.com.mx\/storage\/2019\/10\/isc_premio_opt.jpg","articleSection":["Sonora"],"inLanguage":"es","potentialAction":[{"@type":"CommentAction","name":"Comment","target":["https:\/\/www.sonoraenequipo.com.mx\/premia-isc-a-ganadores-del-concurso-del-libro-sonorense-y-concursos-infantiles-y-juveniles\/#respond"]}]},{"@type":"WebPage","@id":"https:\/\/www.sonoraenequipo.com.mx\/premia-isc-a-ganadores-del-concurso-del-libro-sonorense-y-concursos-infantiles-y-juveniles\/","url":"https:\/\/www.sonoraenequipo.com.mx\/premia-isc-a-ganadores-del-concurso-del-libro-sonorense-y-concursos-infantiles-y-juveniles\/","name":"Sonora en Equipo. Premia ISC a ganadores del Concurso del Libro Sonorense y concursos infantiles y juveniles Sonora","isPartOf":{"@id":"https:\/\/www.sonoraenequipo.com.mx\/#website"},"primaryImageOfPage":{"@id":"https:\/\/www.sonoraenequipo.com.mx\/premia-isc-a-ganadores-del-concurso-del-libro-sonorense-y-concursos-infantiles-y-juveniles\/#primaryimage"},"image":{"@id":"https:\/\/www.sonoraenequipo.com.mx\/premia-isc-a-ganadores-del-concurso-del-libro-sonorense-y-concursos-infantiles-y-juveniles\/#primaryimage"},"thumbnailUrl":"https:\/\/www.sonoraenequipo.com.mx\/storage\/2019\/10\/isc_premio_opt.jpg","datePublished":"2019-11-01T03:30:44+00:00","description":"HERMOSILLO, SONORA. MX. \u2014 En el marco de las actividades de la Feria del Libro de Hermosillo 2019, el Instituto Sonorense de Cultura entreg\u00f3 En Sonora en Equipo publicamos toda la informaci\u00f3n de Sonora, M\u00e9xico y el Mundo de manera oportuna y busca que la libertad de expresi\u00f3n sea real. Visita nuestro medio informativo publicado desde Hermosillo, Sonora. %","breadcrumb":{"@id":"https:\/\/www.sonoraenequipo.com.mx\/premia-isc-a-ganadores-del-concurso-del-libro-sonorense-y-concursos-infantiles-y-juveniles\/#breadcrumb"},"inLanguage":"es","potentialAction":[{"@type":"ReadAction","target":["https:\/\/www.sonoraenequipo.com.mx\/premia-isc-a-ganadores-del-concurso-del-libro-sonorense-y-concursos-infantiles-y-juveniles\/"]}]},{"@type":"ImageObject","inLanguage":"es","@id":"https:\/\/www.sonoraenequipo.com.mx\/premia-isc-a-ganadores-del-concurso-del-libro-sonorense-y-concursos-infantiles-y-juveniles\/#primaryimage","url":"https:\/\/www.sonoraenequipo.com.mx\/storage\/2019\/10\/isc_premio_opt.jpg","contentUrl":"https:\/\/www.sonoraenequipo.com.mx\/storage\/2019\/10\/isc_premio_opt.jpg","width":400,"height":403},{"@type":"BreadcrumbList","@id":"https:\/\/www.sonoraenequipo.com.mx\/premia-isc-a-ganadores-del-concurso-del-libro-sonorense-y-concursos-infantiles-y-juveniles\/#breadcrumb","itemListElement":[{"@type":"ListItem","position":1,"name":"Portada","item":"https:\/\/www.sonoraenequipo.com.mx\/"},{"@type":"ListItem","position":2,"name":"Premia ISC a ganadores del Concurso del Libro Sonorense y concursos infantiles y juveniles"}]},{"@type":"WebSite","@id":"https:\/\/www.sonoraenequipo.com.mx\/#website","url":"https:\/\/www.sonoraenequipo.com.mx\/","name":"Sonora en Equipo.","description":"Diario en l\u00ednea con Noticias desde Hermosillo, Sonora","publisher":{"@id":"https:\/\/www.sonoraenequipo.com.mx\/#organization"},"potentialAction":[{"@type":"SearchAction","target":{"@type":"EntryPoint","urlTemplate":"https:\/\/www.sonoraenequipo.com.mx\/?s={search_term_string}"},"query-input":{"@type":"PropertyValueSpecification","valueRequired":true,"valueName":"search_term_string"}}],"inLanguage":"es"},{"@type":"Organization","@id":"https:\/\/www.sonoraenequipo.com.mx\/#organization","name":"Sonoraenequipo.com.mx","url":"https:\/\/www.sonoraenequipo.com.mx\/","logo":{"@type":"ImageObject","inLanguage":"es","@id":"https:\/\/www.sonoraenequipo.com.mx\/#\/schema\/logo\/image\/","url":"https:\/\/www.sonoraenequipo.com.mx\/storage\/2019\/01\/sonoraenequipo_opt.png","contentUrl":"https:\/\/www.sonoraenequipo.com.mx\/storage\/2019\/01\/sonoraenequipo_opt.png","width":375,"height":125,"caption":"Sonoraenequipo.com.mx"},"image":{"@id":"https:\/\/www.sonoraenequipo.com.mx\/#\/schema\/logo\/image\/"},"sameAs":["https:\/\/www.facebook.com\/SonoraEE\/","https:\/\/x.com\/sonoraenequipo","https:\/\/www.youtube.com\/channel\/UC338nW-lPEYmJQs4ZABQ1SQ"]},{"@type":"Person","@id":"https:\/\/www.sonoraenequipo.com.mx\/#\/schema\/person\/50102df0fb23a8fa9e8effad8fa81386","name":"enequipo","image":{"@type":"ImageObject","inLanguage":"es","@id":"https:\/\/www.sonoraenequipo.com.mx\/#\/schema\/person\/image\/","url":"https:\/\/secure.gravatar.com\/avatar\/049821681b589dabc0bc20695993ccebb09f5b5d4d790cd9251b97faac7c652b?s=96&d=blank&r=g","contentUrl":"https:\/\/secure.gravatar.com\/avatar\/049821681b589dabc0bc20695993ccebb09f5b5d4d790cd9251b97faac7c652b?s=96&d=blank&r=g","caption":"enequipo"},"sameAs":["https:\/\/www.facebook.com\/SonoraEE"]}]}},"jetpack_featured_media_url":"https:\/\/www.sonoraenequipo.com.mx\/storage\/2019\/10\/isc_premio_opt.jpg","_links":{"self":[{"href":"https:\/\/www.sonoraenequipo.com.mx\/api\/wp\/v2\/posts\/69976","targetHints":{"allow":["GET"]}}],"collection":[{"href":"https:\/\/www.sonoraenequipo.com.mx\/api\/wp\/v2\/posts"}],"about":[{"href":"https:\/\/www.sonoraenequipo.com.mx\/api\/wp\/v2\/types\/post"}],"author":[{"embeddable":true,"href":"https:\/\/www.sonoraenequipo.com.mx\/api\/wp\/v2\/users\/1"}],"replies":[{"embeddable":true,"href":"https:\/\/www.sonoraenequipo.com.mx\/api\/wp\/v2\/comments?post=69976"}],"version-history":[{"count":0,"href":"https:\/\/www.sonoraenequipo.com.mx\/api\/wp\/v2\/posts\/69976\/revisions"}],"wp:featuredmedia":[{"embeddable":true,"href":"https:\/\/www.sonoraenequipo.com.mx\/api\/wp\/v2\/media\/69978"}],"wp:attachment":[{"href":"https:\/\/www.sonoraenequipo.com.mx\/api\/wp\/v2\/media?parent=69976"}],"wp:term":[{"taxonomy":"category","embeddable":true,"href":"https:\/\/www.sonoraenequipo.com.mx\/api\/wp\/v2\/categories?post=69976"},{"taxonomy":"post_tag","embeddable":true,"href":"https:\/\/www.sonoraenequipo.com.mx\/api\/wp\/v2\/tags?post=69976"}],"curies":[{"name":"wp","href":"https:\/\/api.w.org\/{rel}","templated":true}]}}