{"id":69982,"date":"2019-10-31T21:00:02","date_gmt":"2019-11-01T04:00:02","guid":{"rendered":"https:\/\/www.sonoraenequipo.com.mx\/?p=69982"},"modified":"2019-10-31T18:31:20","modified_gmt":"2019-11-01T01:31:20","slug":"firman-convenio-de-colaboracion-cecyte-sonora-y-ciad","status":"publish","type":"post","link":"https:\/\/www.sonoraenequipo.com.mx\/firman-convenio-de-colaboracion-cecyte-sonora-y-ciad\/","title":{"rendered":"Firman convenio de colaboraci\u00f3n CECyTE Sonora y CIAD"},"content":{"rendered":"<p>HERMOSILLO, SONORA. MX.\u2014 Con el prop\u00f3sito de vincular proyectos de investigaci\u00f3n con estudiantes, se firm\u00f3 convenio de colaboraci\u00f3n entre titulares del Colegio de Estudios Cient\u00edficos y Tecnol\u00f3gicos del Estado de Sonora (CECyTE Sonora) y el Centro de Investigaci\u00f3n en Alimentaci\u00f3n y Desarrollo (CIAD).<\/p>\n<p> <\/p>\n<p>El director general de CECyTE Sonora, Am\u00f3s Benjam\u00edn Moreno Ruiz y Pablo Wong Gonz\u00e1lez, director general del CIAD, signaron este convenio que va enfocado en una primera etapa a los planteles ubicados en San Pedro El Saucito y los de Hermosillo.<\/p>\n<p>Moreno Ru\u00edz coment\u00f3 que gracias a este convenio, CIAD contribuye al desarrollo acad\u00e9mico de estudiantes de CECyTES, a trav\u00e9s de talleres de huertos escolares, visitas guiadas a laboratorios de alimentos; as\u00ed como exposiciones de tem\u00e1ticas de desarrollo sustentable.<\/p>\n<p>Por su parte, el Dr. Pablo Wong, ratific\u00f3 el inter\u00e9s que tiene CIAD por reforzar la formaci\u00f3n ambiental y del pensamiento cient\u00edfico en los estudiantes de educaci\u00f3n Media Superior en Sonora, por lo que esta colaboraci\u00f3n con CECyTE es un paso adelante en ese esfuerzo, sobre todo, para acercarse a la poblaci\u00f3n escolar que reside en comunidades rurales.<\/p>\n<p>Este convenio de colaboraci\u00f3n inicia con el plantel San Pedro El Saucito, el cual cuenta con una matr\u00edcula de 416 alumnos, despu\u00e9s se expande el proyecto a los cinco planteles de Hermosillo, donde hay una matr\u00edcula de 7 mil 272 estudiantes.<\/p>\n<p>En el evento protocolario se cont\u00f3 con la presencia de Lauro Grijalva Abreu, director de Vinculaci\u00f3n y Diana Beltr\u00e1n, encargada de Convenios y Programas Institucionales de CECyTE Sonora; por parte de CIAD, Beatriz Olivia Camarena G\u00f3mez y Margarita Peralta Qui\u00f1\u00f3nez, adscritas al Programa de Estudios Ambientales y Socioculturales del Desarrollo.<\/p>\n<p>PUBLICADO EL 31\/10\/2019)<\/p>\n","protected":false},"excerpt":{"rendered":"<p>HERMOSILLO, SONORA. MX.\u2014 Con el prop\u00f3sito de vincular proyectos de investigaci\u00f3n con estudiantes, se firm\u00f3&#8230;<\/p>\n","protected":false},"author":1,"featured_media":69985,"comment_status":"open","ping_status":"open","sticky":false,"template":"","format":"standard","meta":{"_monsterinsights_skip_tracking":false,"_monsterinsights_sitenote_active":false,"_monsterinsights_sitenote_note":"","_monsterinsights_sitenote_category":0,"footnotes":""},"categories":[22],"tags":[],"class_list":["post"],"yoast_head":" \n<title>Sonora en Equipo. Firman convenio de colaboraci\u00f3n CECyTE Sonora y CIAD Sonora<\/title>\n<meta name=\"description\" content=\"HERMOSILLO, SONORA. MX.\u2014 Con el prop\u00f3sito de vincular proyectos de investigaci\u00f3n con estudiantes, se firm\u00f3 convenio de colaboraci\u00f3n entre titulares del En Sonora en Equipo publicamos toda la informaci\u00f3n de Sonora, M\u00e9xico y el Mundo de manera oportuna y busca que la libertad de expresi\u00f3n sea real. Visita nuestro medio informativo publicado desde Hermosillo, Sonora. %\" \/>\n<meta name=\"robots\" content=\"index, follow, max-snippet:-1, max-image-preview:large, max-video-preview:-1\" \/>\n<link rel=\"canonical\" href=\"https:\/\/www.sonoraenequipo.com.mx\/firman-convenio-de-colaboracion-cecyte-sonora-y-ciad\/\" \/>\n<meta property=\"og:locale\" content=\"es_ES\" \/>\n<meta property=\"og:type\" content=\"article\" \/>\n<meta property=\"og:title\" content=\"Sonora en Equipo. Firman convenio de colaboraci\u00f3n CECyTE Sonora y CIAD Sonora\" \/>\n<meta property=\"og:description\" content=\"HERMOSILLO, SONORA. MX.\u2014 Con el prop\u00f3sito de vincular proyectos de investigaci\u00f3n con estudiantes, se firm\u00f3 convenio de colaboraci\u00f3n entre titulares del En Sonora en Equipo publicamos toda la informaci\u00f3n de Sonora, M\u00e9xico y el Mundo de manera oportuna y busca que la libertad de expresi\u00f3n sea real. Visita nuestro medio informativo publicado desde Hermosillo, Sonora. %\" \/>\n<meta property=\"og:url\" content=\"https:\/\/www.sonoraenequipo.com.mx\/firman-convenio-de-colaboracion-cecyte-sonora-y-ciad\/\" \/>\n<meta property=\"og:site_name\" content=\"Sonora en Equipo.\" \/>\n<meta property=\"article:publisher\" content=\"https:\/\/www.facebook.com\/SonoraEE\/\" \/>\n<meta property=\"article:author\" content=\"https:\/\/www.facebook.com\/SonoraEE\" \/>\n<meta property=\"article:published_time\" content=\"2019-11-01T04:00:02+00:00\" \/>\n<meta property=\"og:image\" content=\"https:\/\/www.sonoraenequipo.com.mx\/storage\/2019\/10\/cecytes_opt5.jpg\" \/>\n\t<meta property=\"og:image:width\" content=\"555\" \/>\n\t<meta property=\"og:image:height\" content=\"400\" \/>\n\t<meta property=\"og:image:type\" content=\"image\/jpeg\" \/>\n<meta name=\"author\" content=\"enequipo\" \/>\n<meta name=\"twitter:card\" content=\"summary_large_image\" \/>\n<meta name=\"twitter:creator\" content=\"@sonoraenequipo\" \/>\n<meta name=\"twitter:site\" content=\"@sonoraenequipo\" \/>\n<meta name=\"twitter:label1\" content=\"Escrito por\" \/>\n\t<meta name=\"twitter:data1\" content=\"enequipo\" \/>\n\t<meta name=\"twitter:label2\" content=\"Tiempo de lectura\" \/>\n\t<meta name=\"twitter:data2\" content=\"1 minuto\" \/>\n<script type=\"application\/ld+json\" class=\"yoast-schema-graph\">{\"@context\":\"https:\/\/schema.org\",\"@graph\":[{\"@type\":\"Article\",\"@id\":\"https:\/\/www.sonoraenequipo.com.mx\/firman-convenio-de-colaboracion-cecyte-sonora-y-ciad\/#article\",\"isPartOf\":{\"@id\":\"https:\/\/www.sonoraenequipo.com.mx\/firman-convenio-de-colaboracion-cecyte-sonora-y-ciad\/\"},\"author\":{\"name\":\"enequipo\",\"@id\":\"https:\/\/www.sonoraenequipo.com.mx\/#\/schema\/person\/50102df0fb23a8fa9e8effad8fa81386\"},\"headline\":\"Firman convenio de colaboraci\u00f3n CECyTE Sonora y CIAD\",\"datePublished\":\"2019-11-01T04:00:02+00:00\",\"mainEntityOfPage\":{\"@id\":\"https:\/\/www.sonoraenequipo.com.mx\/firman-convenio-de-colaboracion-cecyte-sonora-y-ciad\/\"},\"wordCount\":307,\"commentCount\":0,\"publisher\":{\"@id\":\"https:\/\/www.sonoraenequipo.com.mx\/#organization\"},\"image\":{\"@id\":\"https:\/\/www.sonoraenequipo.com.mx\/firman-convenio-de-colaboracion-cecyte-sonora-y-ciad\/#primaryimage\"},\"thumbnailUrl\":\"https:\/\/www.sonoraenequipo.com.mx\/storage\/2019\/10\/cecytes_opt5.jpg\",\"articleSection\":[\"Sonora\"],\"inLanguage\":\"es\",\"potentialAction\":[{\"@type\":\"CommentAction\",\"name\":\"Comment\",\"target\":[\"https:\/\/www.sonoraenequipo.com.mx\/firman-convenio-de-colaboracion-cecyte-sonora-y-ciad\/#respond\"]}]},{\"@type\":\"WebPage\",\"@id\":\"https:\/\/www.sonoraenequipo.com.mx\/firman-convenio-de-colaboracion-cecyte-sonora-y-ciad\/\",\"url\":\"https:\/\/www.sonoraenequipo.com.mx\/firman-convenio-de-colaboracion-cecyte-sonora-y-ciad\/\",\"name\":\"Sonora en Equipo. Firman convenio de colaboraci\u00f3n CECyTE Sonora y CIAD Sonora\",\"isPartOf\":{\"@id\":\"https:\/\/www.sonoraenequipo.com.mx\/#website\"},\"primaryImageOfPage\":{\"@id\":\"https:\/\/www.sonoraenequipo.com.mx\/firman-convenio-de-colaboracion-cecyte-sonora-y-ciad\/#primaryimage\"},\"image\":{\"@id\":\"https:\/\/www.sonoraenequipo.com.mx\/firman-convenio-de-colaboracion-cecyte-sonora-y-ciad\/#primaryimage\"},\"thumbnailUrl\":\"https:\/\/www.sonoraenequipo.com.mx\/storage\/2019\/10\/cecytes_opt5.jpg\",\"datePublished\":\"2019-11-01T04:00:02+00:00\",\"description\":\"HERMOSILLO, SONORA. MX.\u2014 Con el prop\u00f3sito de vincular proyectos de investigaci\u00f3n con estudiantes, se firm\u00f3 convenio de colaboraci\u00f3n entre titulares del En Sonora en Equipo publicamos toda la informaci\u00f3n de Sonora, M\u00e9xico y el Mundo de manera oportuna y busca que la libertad de expresi\u00f3n sea real. Visita nuestro medio informativo publicado desde Hermosillo, Sonora. %\",\"breadcrumb\":{\"@id\":\"https:\/\/www.sonoraenequipo.com.mx\/firman-convenio-de-colaboracion-cecyte-sonora-y-ciad\/#breadcrumb\"},\"inLanguage\":\"es\",\"potentialAction\":[{\"@type\":\"ReadAction\",\"target\":[\"https:\/\/www.sonoraenequipo.com.mx\/firman-convenio-de-colaboracion-cecyte-sonora-y-ciad\/\"]}]},{\"@type\":\"ImageObject\",\"inLanguage\":\"es\",\"@id\":\"https:\/\/www.sonoraenequipo.com.mx\/firman-convenio-de-colaboracion-cecyte-sonora-y-ciad\/#primaryimage\",\"url\":\"https:\/\/www.sonoraenequipo.com.mx\/storage\/2019\/10\/cecytes_opt5.jpg\",\"contentUrl\":\"https:\/\/www.sonoraenequipo.com.mx\/storage\/2019\/10\/cecytes_opt5.jpg\",\"width\":555,\"height\":400},{\"@type\":\"BreadcrumbList\",\"@id\":\"https:\/\/www.sonoraenequipo.com.mx\/firman-convenio-de-colaboracion-cecyte-sonora-y-ciad\/#breadcrumb\",\"itemListElement\":[{\"@type\":\"ListItem\",\"position\":1,\"name\":\"Portada\",\"item\":\"https:\/\/www.sonoraenequipo.com.mx\/\"},{\"@type\":\"ListItem\",\"position\":2,\"name\":\"Firman convenio de colaboraci\u00f3n CECyTE Sonora y CIAD\"}]},{\"@type\":\"WebSite\",\"@id\":\"https:\/\/www.sonoraenequipo.com.mx\/#website\",\"url\":\"https:\/\/www.sonoraenequipo.com.mx\/\",\"name\":\"Sonora en Equipo.\",\"description\":\"Diario en l\u00ednea con Noticias desde Hermosillo, Sonora\",\"publisher\":{\"@id\":\"https:\/\/www.sonoraenequipo.com.mx\/#organization\"},\"potentialAction\":[{\"@type\":\"SearchAction\",\"target\":{\"@type\":\"EntryPoint\",\"urlTemplate\":\"https:\/\/www.sonoraenequipo.com.mx\/?s={search_term_string}\"},\"query-input\":{\"@type\":\"PropertyValueSpecification\",\"valueRequired\":true,\"valueName\":\"search_term_string\"}}],\"inLanguage\":\"es\"},{\"@type\":\"Organization\",\"@id\":\"https:\/\/www.sonoraenequipo.com.mx\/#organization\",\"name\":\"Sonoraenequipo.com.mx\",\"url\":\"https:\/\/www.sonoraenequipo.com.mx\/\",\"logo\":{\"@type\":\"ImageObject\",\"inLanguage\":\"es\",\"@id\":\"https:\/\/www.sonoraenequipo.com.mx\/#\/schema\/logo\/image\/\",\"url\":\"https:\/\/www.sonoraenequipo.com.mx\/storage\/2019\/01\/sonoraenequipo_opt.png\",\"contentUrl\":\"https:\/\/www.sonoraenequipo.com.mx\/storage\/2019\/01\/sonoraenequipo_opt.png\",\"width\":375,\"height\":125,\"caption\":\"Sonoraenequipo.com.mx\"},\"image\":{\"@id\":\"https:\/\/www.sonoraenequipo.com.mx\/#\/schema\/logo\/image\/\"},\"sameAs\":[\"https:\/\/www.facebook.com\/SonoraEE\/\",\"https:\/\/x.com\/sonoraenequipo\",\"https:\/\/www.youtube.com\/channel\/UC338nW-lPEYmJQs4ZABQ1SQ\"]},{\"@type\":\"Person\",\"@id\":\"https:\/\/www.sonoraenequipo.com.mx\/#\/schema\/person\/50102df0fb23a8fa9e8effad8fa81386\",\"name\":\"enequipo\",\"image\":{\"@type\":\"ImageObject\",\"inLanguage\":\"es\",\"@id\":\"https:\/\/www.sonoraenequipo.com.mx\/#\/schema\/person\/image\/\",\"url\":\"https:\/\/secure.gravatar.com\/avatar\/049821681b589dabc0bc20695993ccebb09f5b5d4d790cd9251b97faac7c652b?s=96&d=blank&r=g\",\"contentUrl\":\"https:\/\/secure.gravatar.com\/avatar\/049821681b589dabc0bc20695993ccebb09f5b5d4d790cd9251b97faac7c652b?s=96&d=blank&r=g\",\"caption\":\"enequipo\"},\"sameAs\":[\"https:\/\/www.facebook.com\/SonoraEE\"]}]}<\/script>\n ","yoast_head_json":{"title":"Sonora en Equipo. Firman convenio de colaboraci\u00f3n CECyTE Sonora y CIAD Sonora","description":"HERMOSILLO, SONORA. MX.\u2014 Con el prop\u00f3sito de vincular proyectos de investigaci\u00f3n con estudiantes, se firm\u00f3 convenio de colaboraci\u00f3n entre titulares del En Sonora en Equipo publicamos toda la informaci\u00f3n de Sonora, M\u00e9xico y el Mundo de manera oportuna y busca que la libertad de expresi\u00f3n sea real. Visita nuestro medio informativo publicado desde Hermosillo, Sonora. %","robots":{"index":"index","follow":"follow","max-snippet":"max-snippet:-1","max-image-preview":"max-image-preview:large","max-video-preview":"max-video-preview:-1"},"canonical":"https:\/\/www.sonoraenequipo.com.mx\/firman-convenio-de-colaboracion-cecyte-sonora-y-ciad\/","og_locale":"es_ES","og_type":"article","og_title":"Sonora en Equipo. Firman convenio de colaboraci\u00f3n CECyTE Sonora y CIAD Sonora","og_description":"HERMOSILLO, SONORA. MX.\u2014 Con el prop\u00f3sito de vincular proyectos de investigaci\u00f3n con estudiantes, se firm\u00f3 convenio de colaboraci\u00f3n entre titulares del En Sonora en Equipo publicamos toda la informaci\u00f3n de Sonora, M\u00e9xico y el Mundo de manera oportuna y busca que la libertad de expresi\u00f3n sea real. Visita nuestro medio informativo publicado desde Hermosillo, Sonora. %","og_url":"https:\/\/www.sonoraenequipo.com.mx\/firman-convenio-de-colaboracion-cecyte-sonora-y-ciad\/","og_site_name":"Sonora en Equipo.","article_publisher":"https:\/\/www.facebook.com\/SonoraEE\/","article_author":"https:\/\/www.facebook.com\/SonoraEE","article_published_time":"2019-11-01T04:00:02+00:00","og_image":[{"width":555,"height":400,"url":"https:\/\/www.sonoraenequipo.com.mx\/storage\/2019\/10\/cecytes_opt5.jpg","type":"image\/jpeg"}],"author":"enequipo","twitter_card":"summary_large_image","twitter_creator":"@sonoraenequipo","twitter_site":"@sonoraenequipo","twitter_misc":{"Escrito por":"enequipo","Tiempo de lectura":"1 minuto"},"schema":{"@context":"https:\/\/schema.org","@graph":[{"@type":"Article","@id":"https:\/\/www.sonoraenequipo.com.mx\/firman-convenio-de-colaboracion-cecyte-sonora-y-ciad\/#article","isPartOf":{"@id":"https:\/\/www.sonoraenequipo.com.mx\/firman-convenio-de-colaboracion-cecyte-sonora-y-ciad\/"},"author":{"name":"enequipo","@id":"https:\/\/www.sonoraenequipo.com.mx\/#\/schema\/person\/50102df0fb23a8fa9e8effad8fa81386"},"headline":"Firman convenio de colaboraci\u00f3n CECyTE Sonora y CIAD","datePublished":"2019-11-01T04:00:02+00:00","mainEntityOfPage":{"@id":"https:\/\/www.sonoraenequipo.com.mx\/firman-convenio-de-colaboracion-cecyte-sonora-y-ciad\/"},"wordCount":307,"commentCount":0,"publisher":{"@id":"https:\/\/www.sonoraenequipo.com.mx\/#organization"},"image":{"@id":"https:\/\/www.sonoraenequipo.com.mx\/firman-convenio-de-colaboracion-cecyte-sonora-y-ciad\/#primaryimage"},"thumbnailUrl":"https:\/\/www.sonoraenequipo.com.mx\/storage\/2019\/10\/cecytes_opt5.jpg","articleSection":["Sonora"],"inLanguage":"es","potentialAction":[{"@type":"CommentAction","name":"Comment","target":["https:\/\/www.sonoraenequipo.com.mx\/firman-convenio-de-colaboracion-cecyte-sonora-y-ciad\/#respond"]}]},{"@type":"WebPage","@id":"https:\/\/www.sonoraenequipo.com.mx\/firman-convenio-de-colaboracion-cecyte-sonora-y-ciad\/","url":"https:\/\/www.sonoraenequipo.com.mx\/firman-convenio-de-colaboracion-cecyte-sonora-y-ciad\/","name":"Sonora en Equipo. Firman convenio de colaboraci\u00f3n CECyTE Sonora y CIAD Sonora","isPartOf":{"@id":"https:\/\/www.sonoraenequipo.com.mx\/#website"},"primaryImageOfPage":{"@id":"https:\/\/www.sonoraenequipo.com.mx\/firman-convenio-de-colaboracion-cecyte-sonora-y-ciad\/#primaryimage"},"image":{"@id":"https:\/\/www.sonoraenequipo.com.mx\/firman-convenio-de-colaboracion-cecyte-sonora-y-ciad\/#primaryimage"},"thumbnailUrl":"https:\/\/www.sonoraenequipo.com.mx\/storage\/2019\/10\/cecytes_opt5.jpg","datePublished":"2019-11-01T04:00:02+00:00","description":"HERMOSILLO, SONORA. MX.\u2014 Con el prop\u00f3sito de vincular proyectos de investigaci\u00f3n con estudiantes, se firm\u00f3 convenio de colaboraci\u00f3n entre titulares del En Sonora en Equipo publicamos toda la informaci\u00f3n de Sonora, M\u00e9xico y el Mundo de manera oportuna y busca que la libertad de expresi\u00f3n sea real. Visita nuestro medio informativo publicado desde Hermosillo, Sonora. %","breadcrumb":{"@id":"https:\/\/www.sonoraenequipo.com.mx\/firman-convenio-de-colaboracion-cecyte-sonora-y-ciad\/#breadcrumb"},"inLanguage":"es","potentialAction":[{"@type":"ReadAction","target":["https:\/\/www.sonoraenequipo.com.mx\/firman-convenio-de-colaboracion-cecyte-sonora-y-ciad\/"]}]},{"@type":"ImageObject","inLanguage":"es","@id":"https:\/\/www.sonoraenequipo.com.mx\/firman-convenio-de-colaboracion-cecyte-sonora-y-ciad\/#primaryimage","url":"https:\/\/www.sonoraenequipo.com.mx\/storage\/2019\/10\/cecytes_opt5.jpg","contentUrl":"https:\/\/www.sonoraenequipo.com.mx\/storage\/2019\/10\/cecytes_opt5.jpg","width":555,"height":400},{"@type":"BreadcrumbList","@id":"https:\/\/www.sonoraenequipo.com.mx\/firman-convenio-de-colaboracion-cecyte-sonora-y-ciad\/#breadcrumb","itemListElement":[{"@type":"ListItem","position":1,"name":"Portada","item":"https:\/\/www.sonoraenequipo.com.mx\/"},{"@type":"ListItem","position":2,"name":"Firman convenio de colaboraci\u00f3n CECyTE Sonora y CIAD"}]},{"@type":"WebSite","@id":"https:\/\/www.sonoraenequipo.com.mx\/#website","url":"https:\/\/www.sonoraenequipo.com.mx\/","name":"Sonora en Equipo.","description":"Diario en l\u00ednea con Noticias desde Hermosillo, Sonora","publisher":{"@id":"https:\/\/www.sonoraenequipo.com.mx\/#organization"},"potentialAction":[{"@type":"SearchAction","target":{"@type":"EntryPoint","urlTemplate":"https:\/\/www.sonoraenequipo.com.mx\/?s={search_term_string}"},"query-input":{"@type":"PropertyValueSpecification","valueRequired":true,"valueName":"search_term_string"}}],"inLanguage":"es"},{"@type":"Organization","@id":"https:\/\/www.sonoraenequipo.com.mx\/#organization","name":"Sonoraenequipo.com.mx","url":"https:\/\/www.sonoraenequipo.com.mx\/","logo":{"@type":"ImageObject","inLanguage":"es","@id":"https:\/\/www.sonoraenequipo.com.mx\/#\/schema\/logo\/image\/","url":"https:\/\/www.sonoraenequipo.com.mx\/storage\/2019\/01\/sonoraenequipo_opt.png","contentUrl":"https:\/\/www.sonoraenequipo.com.mx\/storage\/2019\/01\/sonoraenequipo_opt.png","width":375,"height":125,"caption":"Sonoraenequipo.com.mx"},"image":{"@id":"https:\/\/www.sonoraenequipo.com.mx\/#\/schema\/logo\/image\/"},"sameAs":["https:\/\/www.facebook.com\/SonoraEE\/","https:\/\/x.com\/sonoraenequipo","https:\/\/www.youtube.com\/channel\/UC338nW-lPEYmJQs4ZABQ1SQ"]},{"@type":"Person","@id":"https:\/\/www.sonoraenequipo.com.mx\/#\/schema\/person\/50102df0fb23a8fa9e8effad8fa81386","name":"enequipo","image":{"@type":"ImageObject","inLanguage":"es","@id":"https:\/\/www.sonoraenequipo.com.mx\/#\/schema\/person\/image\/","url":"https:\/\/secure.gravatar.com\/avatar\/049821681b589dabc0bc20695993ccebb09f5b5d4d790cd9251b97faac7c652b?s=96&d=blank&r=g","contentUrl":"https:\/\/secure.gravatar.com\/avatar\/049821681b589dabc0bc20695993ccebb09f5b5d4d790cd9251b97faac7c652b?s=96&d=blank&r=g","caption":"enequipo"},"sameAs":["https:\/\/www.facebook.com\/SonoraEE"]}]}},"jetpack_featured_media_url":"https:\/\/www.sonoraenequipo.com.mx\/storage\/2019\/10\/cecytes_opt5.jpg","_links":{"self":[{"href":"https:\/\/www.sonoraenequipo.com.mx\/api\/wp\/v2\/posts\/69982","targetHints":{"allow":["GET"]}}],"collection":[{"href":"https:\/\/www.sonoraenequipo.com.mx\/api\/wp\/v2\/posts"}],"about":[{"href":"https:\/\/www.sonoraenequipo.com.mx\/api\/wp\/v2\/types\/post"}],"author":[{"embeddable":true,"href":"https:\/\/www.sonoraenequipo.com.mx\/api\/wp\/v2\/users\/1"}],"replies":[{"embeddable":true,"href":"https:\/\/www.sonoraenequipo.com.mx\/api\/wp\/v2\/comments?post=69982"}],"version-history":[{"count":0,"href":"https:\/\/www.sonoraenequipo.com.mx\/api\/wp\/v2\/posts\/69982\/revisions"}],"wp:featuredmedia":[{"embeddable":true,"href":"https:\/\/www.sonoraenequipo.com.mx\/api\/wp\/v2\/media\/69985"}],"wp:attachment":[{"href":"https:\/\/www.sonoraenequipo.com.mx\/api\/wp\/v2\/media?parent=69982"}],"wp:term":[{"taxonomy":"category","embeddable":true,"href":"https:\/\/www.sonoraenequipo.com.mx\/api\/wp\/v2\/categories?post=69982"},{"taxonomy":"post_tag","embeddable":true,"href":"https:\/\/www.sonoraenequipo.com.mx\/api\/wp\/v2\/tags?post=69982"}],"curies":[{"name":"wp","href":"https:\/\/api.w.org\/{rel}","templated":true}]}}