{"id":69988,"date":"2019-10-31T22:35:49","date_gmt":"2019-11-01T05:35:49","guid":{"rendered":"https:\/\/www.sonoraenequipo.com.mx\/?p=69988"},"modified":"2019-10-31T18:40:22","modified_gmt":"2019-11-01T01:40:22","slug":"inicia-xxx-congreso-mexicano-de-ortopedia-y-traumatologia","status":"publish","type":"post","link":"https:\/\/www.sonoraenequipo.com.mx\/inicia-xxx-congreso-mexicano-de-ortopedia-y-traumatologia\/","title":{"rendered":"Inicia XXX Congreso Mexicano de Ortopedia y Traumatolog\u00eda"},"content":{"rendered":"<p>HERMOSILLO, SONORA. MX. \u2014 Hermosillo es sede del XXX Congreso Mexicano de Ortopedia y Traumatolog\u00eda de la Federaci\u00f3n Mexicana de Colegios de Ortopedia y Traumatolog\u00eda, A.C. (Femecot), donde miles de m\u00e9dicos de estas especialidades de M\u00e9xico y otros pa\u00edses del mundo se re\u00fanen para estar a la vanguardia en modelos de actualizaci\u00f3n m\u00e9dica.<\/p>\n<p>&nbsp;<\/p>\n<p> <\/p>\n<p>&nbsp;<\/p>\n<p>Durante la inauguraci\u00f3n de este importante Congreso, en representaci\u00f3n de la gobernadora Claudia Pavlovich Arellano, Luis N\u00fa\u00f1ez Noriega, titular de la Comisi\u00f3n de Fomento al Turismo (Cofetur), destac\u00f3 que tener a m\u00e1s de 2 mil 600 congregados en Hermosillo, no s\u00f3lo es la oportunidad de que se actualicen en la tecnolog\u00eda m\u00e9dica, sino que tambi\u00e9n tendr\u00e1n la oportunidad de conocer el bello estado de Sonora y lo que este ofrece.<\/p>\n<p>&nbsp;<\/p>\n<p><em>\u201cTenemos mucho que ofrecerles a ustedes y queremos que este Congreso sea no s\u00f3lo la oportunidad de intercambiar conceptos, metodolog\u00edas, teor\u00edas y todo lo que tenga que ver con su quehacer cotidiano al cual respetamos much\u00edsimo y reconocemos, son ustedes una parte important\u00edsima de la comunidad m\u00e9dica y la sociedad en general, pero que tambi\u00e9n puedan tener la oportunidad de gozar y disfrutar a Sonora\u201d,<\/em> expres\u00f3.<\/p>\n<p>&nbsp;<\/p>\n<p>Sergio Quintero Hern\u00e1ndez, presidente de la Femecot, reconoci\u00f3 todas las facilidades brindadas para que Hermosillo, por primera vez, sea sede de este importante Congreso, que re\u00fane a miles de m\u00e9dicos ortopedistas y traumat\u00f3logos.<\/p>\n<p>&nbsp;<\/p>\n<p>En este XXX Congreso Mexicano se brind\u00f3 homenaje al doctor Juan Ram\u00f3n Cisneros Ochoa, por su gran trayectoria y aportaci\u00f3n a la medicina en M\u00e9xico, as\u00ed mismo, se le nombr\u00f3 como socio honorario de la Femecot, al doctor Onder Aydingoz, representante de la Asociaci\u00f3n de Ortopedia Asia-Pacifico y jefe del Comit\u00e9 de Federaciones de Ortopedia.<\/p>\n<p>&nbsp;<\/p>\n<p>Presentes: Karina Z\u00e1rate F\u00e9lix, directora general del DIF Sonora; Philippe Neyret, presidente de la Federaci\u00f3n Europea de Asociaciones Nacionales de Ortopedia y Traumatolog\u00eda; Jos\u00e9 Luis Osma Rueda, presidente de la Sociedad Colombiana de Cirug\u00eda Ortop\u00e9dica y Traumatolog\u00eda; F\u00e9lix Isaac Gil Orbezo, presidente del Consejo Mexicano de Ortopedia y Traumatolog\u00eda; Gustavo Azcona Arteaga, coordinador del XXX Congreso Mexicano de Ortopedia y Traumatolog\u00eda.<\/p>\n<p>&nbsp;<\/p>\n<p>Eduardo Gerardo L\u00f3pez Gabito, presidente del Colegio Mexicano de Ortopedia y Traumatolog\u00eda; Leonardo L\u00f3pez Almejo, vicepresidente de la Federaci\u00f3n Mexicana de Colegios de Ortopedia y Traumatolog\u00eda; miembros del Consejo Consultivo y Directivo de la Femecot; presidentes de los 63 colegios, sociedades y asociaciones que conforman la Femecot.<\/p>\n<p>&nbsp;<\/p>\n<p>PUBLICADO EL 31\/10\/2019)<\/p>\n","protected":false},"excerpt":{"rendered":"<p>HERMOSILLO, SONORA. MX. \u2014 Hermosillo es sede del XXX Congreso Mexicano de Ortopedia y Traumatolog\u00eda&#8230;<\/p>\n","protected":false},"author":1,"featured_media":69989,"comment_status":"open","ping_status":"open","sticky":false,"template":"","format":"standard","meta":{"_monsterinsights_skip_tracking":false,"_monsterinsights_sitenote_active":false,"_monsterinsights_sitenote_note":"","_monsterinsights_sitenote_category":0,"footnotes":""},"categories":[22],"tags":[],"class_list":["post"],"yoast_head":" \n<title>Sonora en Equipo. Inicia XXX Congreso Mexicano de Ortopedia y Traumatolog\u00eda Sonora<\/title>\n<meta name=\"description\" content=\"HERMOSILLO, SONORA. MX. \u2014 Hermosillo es sede del XXX Congreso Mexicano de Ortopedia y Traumatolog\u00eda de la Federaci\u00f3n Mexicana de Colegios de Ortopedia y En Sonora en Equipo publicamos toda la informaci\u00f3n de Sonora, M\u00e9xico y el Mundo de manera oportuna y busca que la libertad de expresi\u00f3n sea real. Visita nuestro medio informativo publicado desde Hermosillo, Sonora. %\" \/>\n<meta name=\"robots\" content=\"index, follow, max-snippet:-1, max-image-preview:large, max-video-preview:-1\" \/>\n<link rel=\"canonical\" href=\"https:\/\/www.sonoraenequipo.com.mx\/inicia-xxx-congreso-mexicano-de-ortopedia-y-traumatologia\/\" \/>\n<meta property=\"og:locale\" content=\"es_ES\" \/>\n<meta property=\"og:type\" content=\"article\" \/>\n<meta property=\"og:title\" content=\"Sonora en Equipo. Inicia XXX Congreso Mexicano de Ortopedia y Traumatolog\u00eda Sonora\" \/>\n<meta property=\"og:description\" content=\"HERMOSILLO, SONORA. MX. \u2014 Hermosillo es sede del XXX Congreso Mexicano de Ortopedia y Traumatolog\u00eda de la Federaci\u00f3n Mexicana de Colegios de Ortopedia y En Sonora en Equipo publicamos toda la informaci\u00f3n de Sonora, M\u00e9xico y el Mundo de manera oportuna y busca que la libertad de expresi\u00f3n sea real. Visita nuestro medio informativo publicado desde Hermosillo, Sonora. %\" \/>\n<meta property=\"og:url\" content=\"https:\/\/www.sonoraenequipo.com.mx\/inicia-xxx-congreso-mexicano-de-ortopedia-y-traumatologia\/\" \/>\n<meta property=\"og:site_name\" content=\"Sonora en Equipo.\" \/>\n<meta property=\"article:publisher\" content=\"https:\/\/www.facebook.com\/SonoraEE\/\" \/>\n<meta property=\"article:author\" content=\"https:\/\/www.facebook.com\/SonoraEE\" \/>\n<meta property=\"article:published_time\" content=\"2019-11-01T05:35:49+00:00\" \/>\n<meta property=\"og:image\" content=\"https:\/\/www.sonoraenequipo.com.mx\/storage\/2019\/10\/ortopedia_opt.jpg\" \/>\n\t<meta property=\"og:image:width\" content=\"629\" \/>\n\t<meta property=\"og:image:height\" content=\"400\" \/>\n\t<meta property=\"og:image:type\" content=\"image\/jpeg\" \/>\n<meta name=\"author\" content=\"enequipo\" \/>\n<meta name=\"twitter:card\" content=\"summary_large_image\" \/>\n<meta name=\"twitter:creator\" content=\"@sonoraenequipo\" \/>\n<meta name=\"twitter:site\" content=\"@sonoraenequipo\" \/>\n<meta name=\"twitter:label1\" content=\"Escrito por\" \/>\n\t<meta name=\"twitter:data1\" content=\"enequipo\" \/>\n\t<meta name=\"twitter:label2\" content=\"Tiempo de lectura\" \/>\n\t<meta name=\"twitter:data2\" content=\"2 minutos\" \/>\n<script type=\"application\/ld+json\" class=\"yoast-schema-graph\">{\"@context\":\"https:\/\/schema.org\",\"@graph\":[{\"@type\":\"Article\",\"@id\":\"https:\/\/www.sonoraenequipo.com.mx\/inicia-xxx-congreso-mexicano-de-ortopedia-y-traumatologia\/#article\",\"isPartOf\":{\"@id\":\"https:\/\/www.sonoraenequipo.com.mx\/inicia-xxx-congreso-mexicano-de-ortopedia-y-traumatologia\/\"},\"author\":{\"name\":\"enequipo\",\"@id\":\"https:\/\/www.sonoraenequipo.com.mx\/#\/schema\/person\/50102df0fb23a8fa9e8effad8fa81386\"},\"headline\":\"Inicia XXX Congreso Mexicano de Ortopedia y Traumatolog\u00eda\",\"datePublished\":\"2019-11-01T05:35:49+00:00\",\"mainEntityOfPage\":{\"@id\":\"https:\/\/www.sonoraenequipo.com.mx\/inicia-xxx-congreso-mexicano-de-ortopedia-y-traumatologia\/\"},\"wordCount\":450,\"commentCount\":0,\"publisher\":{\"@id\":\"https:\/\/www.sonoraenequipo.com.mx\/#organization\"},\"image\":{\"@id\":\"https:\/\/www.sonoraenequipo.com.mx\/inicia-xxx-congreso-mexicano-de-ortopedia-y-traumatologia\/#primaryimage\"},\"thumbnailUrl\":\"https:\/\/www.sonoraenequipo.com.mx\/storage\/2019\/10\/ortopedia_opt.jpg\",\"articleSection\":[\"Sonora\"],\"inLanguage\":\"es\",\"potentialAction\":[{\"@type\":\"CommentAction\",\"name\":\"Comment\",\"target\":[\"https:\/\/www.sonoraenequipo.com.mx\/inicia-xxx-congreso-mexicano-de-ortopedia-y-traumatologia\/#respond\"]}]},{\"@type\":\"WebPage\",\"@id\":\"https:\/\/www.sonoraenequipo.com.mx\/inicia-xxx-congreso-mexicano-de-ortopedia-y-traumatologia\/\",\"url\":\"https:\/\/www.sonoraenequipo.com.mx\/inicia-xxx-congreso-mexicano-de-ortopedia-y-traumatologia\/\",\"name\":\"Sonora en Equipo. Inicia XXX Congreso Mexicano de Ortopedia y Traumatolog\u00eda Sonora\",\"isPartOf\":{\"@id\":\"https:\/\/www.sonoraenequipo.com.mx\/#website\"},\"primaryImageOfPage\":{\"@id\":\"https:\/\/www.sonoraenequipo.com.mx\/inicia-xxx-congreso-mexicano-de-ortopedia-y-traumatologia\/#primaryimage\"},\"image\":{\"@id\":\"https:\/\/www.sonoraenequipo.com.mx\/inicia-xxx-congreso-mexicano-de-ortopedia-y-traumatologia\/#primaryimage\"},\"thumbnailUrl\":\"https:\/\/www.sonoraenequipo.com.mx\/storage\/2019\/10\/ortopedia_opt.jpg\",\"datePublished\":\"2019-11-01T05:35:49+00:00\",\"description\":\"HERMOSILLO, SONORA. MX. \u2014 Hermosillo es sede del XXX Congreso Mexicano de Ortopedia y Traumatolog\u00eda de la Federaci\u00f3n Mexicana de Colegios de Ortopedia y En Sonora en Equipo publicamos toda la informaci\u00f3n de Sonora, M\u00e9xico y el Mundo de manera oportuna y busca que la libertad de expresi\u00f3n sea real. Visita nuestro medio informativo publicado desde Hermosillo, Sonora. %\",\"breadcrumb\":{\"@id\":\"https:\/\/www.sonoraenequipo.com.mx\/inicia-xxx-congreso-mexicano-de-ortopedia-y-traumatologia\/#breadcrumb\"},\"inLanguage\":\"es\",\"potentialAction\":[{\"@type\":\"ReadAction\",\"target\":[\"https:\/\/www.sonoraenequipo.com.mx\/inicia-xxx-congreso-mexicano-de-ortopedia-y-traumatologia\/\"]}]},{\"@type\":\"ImageObject\",\"inLanguage\":\"es\",\"@id\":\"https:\/\/www.sonoraenequipo.com.mx\/inicia-xxx-congreso-mexicano-de-ortopedia-y-traumatologia\/#primaryimage\",\"url\":\"https:\/\/www.sonoraenequipo.com.mx\/storage\/2019\/10\/ortopedia_opt.jpg\",\"contentUrl\":\"https:\/\/www.sonoraenequipo.com.mx\/storage\/2019\/10\/ortopedia_opt.jpg\",\"width\":629,\"height\":400},{\"@type\":\"BreadcrumbList\",\"@id\":\"https:\/\/www.sonoraenequipo.com.mx\/inicia-xxx-congreso-mexicano-de-ortopedia-y-traumatologia\/#breadcrumb\",\"itemListElement\":[{\"@type\":\"ListItem\",\"position\":1,\"name\":\"Portada\",\"item\":\"https:\/\/www.sonoraenequipo.com.mx\/\"},{\"@type\":\"ListItem\",\"position\":2,\"name\":\"Inicia XXX Congreso Mexicano de Ortopedia y Traumatolog\u00eda\"}]},{\"@type\":\"WebSite\",\"@id\":\"https:\/\/www.sonoraenequipo.com.mx\/#website\",\"url\":\"https:\/\/www.sonoraenequipo.com.mx\/\",\"name\":\"Sonora en Equipo.\",\"description\":\"Diario en l\u00ednea con Noticias desde Hermosillo, Sonora\",\"publisher\":{\"@id\":\"https:\/\/www.sonoraenequipo.com.mx\/#organization\"},\"potentialAction\":[{\"@type\":\"SearchAction\",\"target\":{\"@type\":\"EntryPoint\",\"urlTemplate\":\"https:\/\/www.sonoraenequipo.com.mx\/?s={search_term_string}\"},\"query-input\":{\"@type\":\"PropertyValueSpecification\",\"valueRequired\":true,\"valueName\":\"search_term_string\"}}],\"inLanguage\":\"es\"},{\"@type\":\"Organization\",\"@id\":\"https:\/\/www.sonoraenequipo.com.mx\/#organization\",\"name\":\"Sonoraenequipo.com.mx\",\"url\":\"https:\/\/www.sonoraenequipo.com.mx\/\",\"logo\":{\"@type\":\"ImageObject\",\"inLanguage\":\"es\",\"@id\":\"https:\/\/www.sonoraenequipo.com.mx\/#\/schema\/logo\/image\/\",\"url\":\"https:\/\/www.sonoraenequipo.com.mx\/storage\/2019\/01\/sonoraenequipo_opt.png\",\"contentUrl\":\"https:\/\/www.sonoraenequipo.com.mx\/storage\/2019\/01\/sonoraenequipo_opt.png\",\"width\":375,\"height\":125,\"caption\":\"Sonoraenequipo.com.mx\"},\"image\":{\"@id\":\"https:\/\/www.sonoraenequipo.com.mx\/#\/schema\/logo\/image\/\"},\"sameAs\":[\"https:\/\/www.facebook.com\/SonoraEE\/\",\"https:\/\/x.com\/sonoraenequipo\",\"https:\/\/www.youtube.com\/channel\/UC338nW-lPEYmJQs4ZABQ1SQ\"]},{\"@type\":\"Person\",\"@id\":\"https:\/\/www.sonoraenequipo.com.mx\/#\/schema\/person\/50102df0fb23a8fa9e8effad8fa81386\",\"name\":\"enequipo\",\"image\":{\"@type\":\"ImageObject\",\"inLanguage\":\"es\",\"@id\":\"https:\/\/www.sonoraenequipo.com.mx\/#\/schema\/person\/image\/\",\"url\":\"https:\/\/secure.gravatar.com\/avatar\/049821681b589dabc0bc20695993ccebb09f5b5d4d790cd9251b97faac7c652b?s=96&d=blank&r=g\",\"contentUrl\":\"https:\/\/secure.gravatar.com\/avatar\/049821681b589dabc0bc20695993ccebb09f5b5d4d790cd9251b97faac7c652b?s=96&d=blank&r=g\",\"caption\":\"enequipo\"},\"sameAs\":[\"https:\/\/www.facebook.com\/SonoraEE\"]}]}<\/script>\n ","yoast_head_json":{"title":"Sonora en Equipo. Inicia XXX Congreso Mexicano de Ortopedia y Traumatolog\u00eda Sonora","description":"HERMOSILLO, SONORA. MX. \u2014 Hermosillo es sede del XXX Congreso Mexicano de Ortopedia y Traumatolog\u00eda de la Federaci\u00f3n Mexicana de Colegios de Ortopedia y En Sonora en Equipo publicamos toda la informaci\u00f3n de Sonora, M\u00e9xico y el Mundo de manera oportuna y busca que la libertad de expresi\u00f3n sea real. Visita nuestro medio informativo publicado desde Hermosillo, Sonora. %","robots":{"index":"index","follow":"follow","max-snippet":"max-snippet:-1","max-image-preview":"max-image-preview:large","max-video-preview":"max-video-preview:-1"},"canonical":"https:\/\/www.sonoraenequipo.com.mx\/inicia-xxx-congreso-mexicano-de-ortopedia-y-traumatologia\/","og_locale":"es_ES","og_type":"article","og_title":"Sonora en Equipo. Inicia XXX Congreso Mexicano de Ortopedia y Traumatolog\u00eda Sonora","og_description":"HERMOSILLO, SONORA. MX. \u2014 Hermosillo es sede del XXX Congreso Mexicano de Ortopedia y Traumatolog\u00eda de la Federaci\u00f3n Mexicana de Colegios de Ortopedia y En Sonora en Equipo publicamos toda la informaci\u00f3n de Sonora, M\u00e9xico y el Mundo de manera oportuna y busca que la libertad de expresi\u00f3n sea real. Visita nuestro medio informativo publicado desde Hermosillo, Sonora. %","og_url":"https:\/\/www.sonoraenequipo.com.mx\/inicia-xxx-congreso-mexicano-de-ortopedia-y-traumatologia\/","og_site_name":"Sonora en Equipo.","article_publisher":"https:\/\/www.facebook.com\/SonoraEE\/","article_author":"https:\/\/www.facebook.com\/SonoraEE","article_published_time":"2019-11-01T05:35:49+00:00","og_image":[{"width":629,"height":400,"url":"https:\/\/www.sonoraenequipo.com.mx\/storage\/2019\/10\/ortopedia_opt.jpg","type":"image\/jpeg"}],"author":"enequipo","twitter_card":"summary_large_image","twitter_creator":"@sonoraenequipo","twitter_site":"@sonoraenequipo","twitter_misc":{"Escrito por":"enequipo","Tiempo de lectura":"2 minutos"},"schema":{"@context":"https:\/\/schema.org","@graph":[{"@type":"Article","@id":"https:\/\/www.sonoraenequipo.com.mx\/inicia-xxx-congreso-mexicano-de-ortopedia-y-traumatologia\/#article","isPartOf":{"@id":"https:\/\/www.sonoraenequipo.com.mx\/inicia-xxx-congreso-mexicano-de-ortopedia-y-traumatologia\/"},"author":{"name":"enequipo","@id":"https:\/\/www.sonoraenequipo.com.mx\/#\/schema\/person\/50102df0fb23a8fa9e8effad8fa81386"},"headline":"Inicia XXX Congreso Mexicano de Ortopedia y Traumatolog\u00eda","datePublished":"2019-11-01T05:35:49+00:00","mainEntityOfPage":{"@id":"https:\/\/www.sonoraenequipo.com.mx\/inicia-xxx-congreso-mexicano-de-ortopedia-y-traumatologia\/"},"wordCount":450,"commentCount":0,"publisher":{"@id":"https:\/\/www.sonoraenequipo.com.mx\/#organization"},"image":{"@id":"https:\/\/www.sonoraenequipo.com.mx\/inicia-xxx-congreso-mexicano-de-ortopedia-y-traumatologia\/#primaryimage"},"thumbnailUrl":"https:\/\/www.sonoraenequipo.com.mx\/storage\/2019\/10\/ortopedia_opt.jpg","articleSection":["Sonora"],"inLanguage":"es","potentialAction":[{"@type":"CommentAction","name":"Comment","target":["https:\/\/www.sonoraenequipo.com.mx\/inicia-xxx-congreso-mexicano-de-ortopedia-y-traumatologia\/#respond"]}]},{"@type":"WebPage","@id":"https:\/\/www.sonoraenequipo.com.mx\/inicia-xxx-congreso-mexicano-de-ortopedia-y-traumatologia\/","url":"https:\/\/www.sonoraenequipo.com.mx\/inicia-xxx-congreso-mexicano-de-ortopedia-y-traumatologia\/","name":"Sonora en Equipo. Inicia XXX Congreso Mexicano de Ortopedia y Traumatolog\u00eda Sonora","isPartOf":{"@id":"https:\/\/www.sonoraenequipo.com.mx\/#website"},"primaryImageOfPage":{"@id":"https:\/\/www.sonoraenequipo.com.mx\/inicia-xxx-congreso-mexicano-de-ortopedia-y-traumatologia\/#primaryimage"},"image":{"@id":"https:\/\/www.sonoraenequipo.com.mx\/inicia-xxx-congreso-mexicano-de-ortopedia-y-traumatologia\/#primaryimage"},"thumbnailUrl":"https:\/\/www.sonoraenequipo.com.mx\/storage\/2019\/10\/ortopedia_opt.jpg","datePublished":"2019-11-01T05:35:49+00:00","description":"HERMOSILLO, SONORA. MX. \u2014 Hermosillo es sede del XXX Congreso Mexicano de Ortopedia y Traumatolog\u00eda de la Federaci\u00f3n Mexicana de Colegios de Ortopedia y En Sonora en Equipo publicamos toda la informaci\u00f3n de Sonora, M\u00e9xico y el Mundo de manera oportuna y busca que la libertad de expresi\u00f3n sea real. Visita nuestro medio informativo publicado desde Hermosillo, Sonora. %","breadcrumb":{"@id":"https:\/\/www.sonoraenequipo.com.mx\/inicia-xxx-congreso-mexicano-de-ortopedia-y-traumatologia\/#breadcrumb"},"inLanguage":"es","potentialAction":[{"@type":"ReadAction","target":["https:\/\/www.sonoraenequipo.com.mx\/inicia-xxx-congreso-mexicano-de-ortopedia-y-traumatologia\/"]}]},{"@type":"ImageObject","inLanguage":"es","@id":"https:\/\/www.sonoraenequipo.com.mx\/inicia-xxx-congreso-mexicano-de-ortopedia-y-traumatologia\/#primaryimage","url":"https:\/\/www.sonoraenequipo.com.mx\/storage\/2019\/10\/ortopedia_opt.jpg","contentUrl":"https:\/\/www.sonoraenequipo.com.mx\/storage\/2019\/10\/ortopedia_opt.jpg","width":629,"height":400},{"@type":"BreadcrumbList","@id":"https:\/\/www.sonoraenequipo.com.mx\/inicia-xxx-congreso-mexicano-de-ortopedia-y-traumatologia\/#breadcrumb","itemListElement":[{"@type":"ListItem","position":1,"name":"Portada","item":"https:\/\/www.sonoraenequipo.com.mx\/"},{"@type":"ListItem","position":2,"name":"Inicia XXX Congreso Mexicano de Ortopedia y Traumatolog\u00eda"}]},{"@type":"WebSite","@id":"https:\/\/www.sonoraenequipo.com.mx\/#website","url":"https:\/\/www.sonoraenequipo.com.mx\/","name":"Sonora en Equipo.","description":"Diario en l\u00ednea con Noticias desde Hermosillo, Sonora","publisher":{"@id":"https:\/\/www.sonoraenequipo.com.mx\/#organization"},"potentialAction":[{"@type":"SearchAction","target":{"@type":"EntryPoint","urlTemplate":"https:\/\/www.sonoraenequipo.com.mx\/?s={search_term_string}"},"query-input":{"@type":"PropertyValueSpecification","valueRequired":true,"valueName":"search_term_string"}}],"inLanguage":"es"},{"@type":"Organization","@id":"https:\/\/www.sonoraenequipo.com.mx\/#organization","name":"Sonoraenequipo.com.mx","url":"https:\/\/www.sonoraenequipo.com.mx\/","logo":{"@type":"ImageObject","inLanguage":"es","@id":"https:\/\/www.sonoraenequipo.com.mx\/#\/schema\/logo\/image\/","url":"https:\/\/www.sonoraenequipo.com.mx\/storage\/2019\/01\/sonoraenequipo_opt.png","contentUrl":"https:\/\/www.sonoraenequipo.com.mx\/storage\/2019\/01\/sonoraenequipo_opt.png","width":375,"height":125,"caption":"Sonoraenequipo.com.mx"},"image":{"@id":"https:\/\/www.sonoraenequipo.com.mx\/#\/schema\/logo\/image\/"},"sameAs":["https:\/\/www.facebook.com\/SonoraEE\/","https:\/\/x.com\/sonoraenequipo","https:\/\/www.youtube.com\/channel\/UC338nW-lPEYmJQs4ZABQ1SQ"]},{"@type":"Person","@id":"https:\/\/www.sonoraenequipo.com.mx\/#\/schema\/person\/50102df0fb23a8fa9e8effad8fa81386","name":"enequipo","image":{"@type":"ImageObject","inLanguage":"es","@id":"https:\/\/www.sonoraenequipo.com.mx\/#\/schema\/person\/image\/","url":"https:\/\/secure.gravatar.com\/avatar\/049821681b589dabc0bc20695993ccebb09f5b5d4d790cd9251b97faac7c652b?s=96&d=blank&r=g","contentUrl":"https:\/\/secure.gravatar.com\/avatar\/049821681b589dabc0bc20695993ccebb09f5b5d4d790cd9251b97faac7c652b?s=96&d=blank&r=g","caption":"enequipo"},"sameAs":["https:\/\/www.facebook.com\/SonoraEE"]}]}},"jetpack_featured_media_url":"https:\/\/www.sonoraenequipo.com.mx\/storage\/2019\/10\/ortopedia_opt.jpg","_links":{"self":[{"href":"https:\/\/www.sonoraenequipo.com.mx\/api\/wp\/v2\/posts\/69988","targetHints":{"allow":["GET"]}}],"collection":[{"href":"https:\/\/www.sonoraenequipo.com.mx\/api\/wp\/v2\/posts"}],"about":[{"href":"https:\/\/www.sonoraenequipo.com.mx\/api\/wp\/v2\/types\/post"}],"author":[{"embeddable":true,"href":"https:\/\/www.sonoraenequipo.com.mx\/api\/wp\/v2\/users\/1"}],"replies":[{"embeddable":true,"href":"https:\/\/www.sonoraenequipo.com.mx\/api\/wp\/v2\/comments?post=69988"}],"version-history":[{"count":0,"href":"https:\/\/www.sonoraenequipo.com.mx\/api\/wp\/v2\/posts\/69988\/revisions"}],"wp:featuredmedia":[{"embeddable":true,"href":"https:\/\/www.sonoraenequipo.com.mx\/api\/wp\/v2\/media\/69989"}],"wp:attachment":[{"href":"https:\/\/www.sonoraenequipo.com.mx\/api\/wp\/v2\/media?parent=69988"}],"wp:term":[{"taxonomy":"category","embeddable":true,"href":"https:\/\/www.sonoraenequipo.com.mx\/api\/wp\/v2\/categories?post=69988"},{"taxonomy":"post_tag","embeddable":true,"href":"https:\/\/www.sonoraenequipo.com.mx\/api\/wp\/v2\/tags?post=69988"}],"curies":[{"name":"wp","href":"https:\/\/api.w.org\/{rel}","templated":true}]}}