{"id":70007,"date":"2019-11-01T11:34:18","date_gmt":"2019-11-01T18:34:18","guid":{"rendered":"https:\/\/www.sonoraenequipo.com.mx\/?p=70007"},"modified":"2019-11-01T11:34:18","modified_gmt":"2019-11-01T18:34:18","slug":"unison-tiene-protocolo-para-la-prevencion-y-atencion-de-casos-de-violencia-de-genero","status":"publish","type":"post","link":"https:\/\/www.sonoraenequipo.com.mx\/unison-tiene-protocolo-para-la-prevencion-y-atencion-de-casos-de-violencia-de-genero\/","title":{"rendered":"Unison tiene Protocolo para la prevenci\u00f3n y atenci\u00f3n de casos de violencia de g\u00e9nero"},"content":{"rendered":"<p>HERMOSILLO, SONORA,MX.\u2500 El Colegio Acad\u00e9mico de la Universidad de Sonora, en su sesi\u00f3n ordinaria 168, aprob\u00f3 ayer de manera un\u00e1nime el Protocolo para la prevenci\u00f3n y atenci\u00f3n de casos de violencia de g\u00e9nero. <\/p>\n<p>&nbsp;<\/p>\n<p>Los integrantes de este \u00f3rgano de gobierno que preside el rector Enrique Fernando Vel\u00e1zquez Contreras y Rosa Mar\u00eda Montesinos Cisneros, como secretaria t\u00e9cnica, aprobaron en lo general el contenido del Protocolo, el cual responde a la demanda de la comunidad universitaria de contar con un procedimiento para prevenir, investigar, atender y dar seguimiento a los casos de violencia de g\u00e9nero, y sancionar a quien cometa un acto de violencia de g\u00e9nero o sexual en la m\u00e1xima casa de estudios.<\/p>\n<p><img loading=\"lazy\" decoding=\"async\" class=\"x-none  \" src=\"https:\/\/www.sonoraenequipo.com.mx\/storage\/2019\/11\/protocolo-600x125.jpg\" alt=\"\" width=\"782\" height=\"163\" \/><\/p>\n<p>&nbsp;<\/p>\n<p>El documento se\u00f1ala que la violencia de g\u00e9nero es un fen\u00f3meno complejo que afecta tanto a hombres como a mujeres; sin embargo, son estas \u00faltimas quienes hist\u00f3ricamente han estado expuestas a la discriminaci\u00f3n y a la violencia en distintos contextos de la vida social.<\/p>\n<p>&nbsp;<\/p>\n<p>Las instituciones de educaci\u00f3n superior, en particular el \u00e1mbito universitario, no est\u00e1n exentas de esta problem\u00e1tica. Las relaciones de poder y el sexismo se manifiestan en los centros de estudio de diversas maneras, llegando a generar situaciones abusivas que obstaculizan la queja o denuncia por parte de las personas afectadas.<\/p>\n<p>&nbsp;<\/p>\n<p>Para la Universidad de Sonora, la violencia de g\u00e9nero que pueda presentarse en el interior de la instituci\u00f3n es un problema que preocupa y ocupa la atenci\u00f3n de los distintos sectores que la integran; y las autoridades universitarias atentas a esta situaci\u00f3n, establecieron en el actual Plan de Desarrollo Institucional (PDI 2017-2021), a trav\u00e9s del eje Equidad de G\u00e9nero, el compromiso de continuar con el proceso de transversalizaci\u00f3n de la perspectiva de g\u00e9nero en la instituci\u00f3n, estableciendo objetivos, metas y l\u00edneas de acci\u00f3n para su prevenci\u00f3n, investigaci\u00f3n, atenci\u00f3n, seguimiento y sanci\u00f3n en el interior de la alma mater.<\/p>\n<p>&nbsp;<\/p>\n<p>Entre las l\u00edneas de acci\u00f3n del PDI se contempla seguir impulsando la capacitaci\u00f3n en perspectiva de g\u00e9nero, promover el uso del lenguaje incluyente no sexista y realizar campa\u00f1as de difusi\u00f3n con el fin de fomentar una cultura respetuosa de los derechos humanos y libre de violencia entre la comunidad universitaria.<\/p>\n<p>&nbsp;<\/p>\n<p>En la elaboraci\u00f3n del Protocolo para la prevenci\u00f3n y atenci\u00f3n de casos de violencia de g\u00e9nero de la Universidad de Sonora, participaron: el Programa Institucional de Equidad de G\u00e9nero de la Vicerrector\u00eda de la Unidad Regional Centro, las comisiones de Diversidad e Inclusi\u00f3n Social, pertenecientes a la Divisi\u00f3n de Ciencias Sociales, y una Comisi\u00f3n Especial nombrada por el H. Colegio Acad\u00e9mico.<\/p>\n<p>Fecha de publicaci\u00f3n 01\/Nov\/2019<\/p>\n<p>&nbsp;<\/p>\n<p>&nbsp;<\/p>\n<p>&nbsp;<\/p>\n<p>&nbsp;<\/p>\n<p>&nbsp;<\/p>\n<p>&nbsp;<\/p>\n","protected":false},"excerpt":{"rendered":"<p>HERMOSILLO, SONORA,MX.\u2500 El Colegio Acad\u00e9mico de la Universidad de Sonora, en su sesi\u00f3n ordinaria 168,&#8230;<\/p>\n","protected":false},"author":178,"featured_media":70009,"comment_status":"open","ping_status":"open","sticky":false,"template":"","format":"standard","meta":{"_monsterinsights_skip_tracking":false,"_monsterinsights_sitenote_active":false,"_monsterinsights_sitenote_note":"","_monsterinsights_sitenote_category":0,"footnotes":""},"categories":[22],"tags":[63],"class_list":["post"],"yoast_head":" \n<title>Sonora en Equipo. Unison tiene Protocolo para la prevenci\u00f3n y atenci\u00f3n de casos de violencia de g\u00e9nero Sonora<\/title>\n<meta name=\"description\" content=\"HERMOSILLO, SONORA,MX.\u2500 El Colegio Acad\u00e9mico de la Universidad de Sonora, en su sesi\u00f3n ordinaria 168, aprob\u00f3 ayer de manera un\u00e1nime el Protocolo para la En Sonora en Equipo publicamos toda la informaci\u00f3n de Sonora, M\u00e9xico y el Mundo de manera oportuna y busca que la libertad de expresi\u00f3n sea real. Visita nuestro medio informativo publicado desde Hermosillo, Sonora. %\" \/>\n<meta name=\"robots\" content=\"index, follow, max-snippet:-1, max-image-preview:large, max-video-preview:-1\" \/>\n<link rel=\"canonical\" href=\"https:\/\/www.sonoraenequipo.com.mx\/unison-tiene-protocolo-para-la-prevencion-y-atencion-de-casos-de-violencia-de-genero\/\" \/>\n<meta property=\"og:locale\" content=\"es_ES\" \/>\n<meta property=\"og:type\" content=\"article\" \/>\n<meta property=\"og:title\" content=\"Sonora en Equipo. Unison tiene Protocolo para la prevenci\u00f3n y atenci\u00f3n de casos de violencia de g\u00e9nero Sonora\" \/>\n<meta property=\"og:description\" content=\"HERMOSILLO, SONORA,MX.\u2500 El Colegio Acad\u00e9mico de la Universidad de Sonora, en su sesi\u00f3n ordinaria 168, aprob\u00f3 ayer de manera un\u00e1nime el Protocolo para la En Sonora en Equipo publicamos toda la informaci\u00f3n de Sonora, M\u00e9xico y el Mundo de manera oportuna y busca que la libertad de expresi\u00f3n sea real. Visita nuestro medio informativo publicado desde Hermosillo, Sonora. %\" \/>\n<meta property=\"og:url\" content=\"https:\/\/www.sonoraenequipo.com.mx\/unison-tiene-protocolo-para-la-prevencion-y-atencion-de-casos-de-violencia-de-genero\/\" \/>\n<meta property=\"og:site_name\" content=\"Sonora en Equipo.\" \/>\n<meta property=\"article:publisher\" content=\"https:\/\/www.facebook.com\/SonoraEE\/\" \/>\n<meta property=\"article:published_time\" content=\"2019-11-01T18:34:18+00:00\" \/>\n<meta property=\"og:image\" content=\"https:\/\/www.sonoraenequipo.com.mx\/storage\/2019\/11\/unison-protocolo.jpg\" \/>\n\t<meta property=\"og:image:width\" content=\"500\" \/>\n\t<meta property=\"og:image:height\" content=\"333\" \/>\n\t<meta property=\"og:image:type\" content=\"image\/jpeg\" \/>\n<meta name=\"author\" content=\"enequipo\" \/>\n<meta name=\"twitter:card\" content=\"summary_large_image\" \/>\n<meta name=\"twitter:creator\" content=\"@sonoraenequipo\" \/>\n<meta name=\"twitter:site\" content=\"@sonoraenequipo\" \/>\n<meta name=\"twitter:label1\" content=\"Escrito por\" \/>\n\t<meta name=\"twitter:data1\" content=\"enequipo\" \/>\n\t<meta name=\"twitter:label2\" content=\"Tiempo de lectura\" \/>\n\t<meta name=\"twitter:data2\" content=\"2 minutos\" \/>\n<script type=\"application\/ld+json\" class=\"yoast-schema-graph\">{\"@context\":\"https:\/\/schema.org\",\"@graph\":[{\"@type\":\"Article\",\"@id\":\"https:\/\/www.sonoraenequipo.com.mx\/unison-tiene-protocolo-para-la-prevencion-y-atencion-de-casos-de-violencia-de-genero\/#article\",\"isPartOf\":{\"@id\":\"https:\/\/www.sonoraenequipo.com.mx\/unison-tiene-protocolo-para-la-prevencion-y-atencion-de-casos-de-violencia-de-genero\/\"},\"author\":{\"name\":\"enequipo\",\"@id\":\"https:\/\/www.sonoraenequipo.com.mx\/#\/schema\/person\/61a39de478a1763473ad55e8a95fddf6\"},\"headline\":\"Unison tiene Protocolo para la prevenci\u00f3n y atenci\u00f3n de casos de violencia de g\u00e9nero\",\"datePublished\":\"2019-11-01T18:34:18+00:00\",\"mainEntityOfPage\":{\"@id\":\"https:\/\/www.sonoraenequipo.com.mx\/unison-tiene-protocolo-para-la-prevencion-y-atencion-de-casos-de-violencia-de-genero\/\"},\"wordCount\":500,\"commentCount\":0,\"publisher\":{\"@id\":\"https:\/\/www.sonoraenequipo.com.mx\/#organization\"},\"image\":{\"@id\":\"https:\/\/www.sonoraenequipo.com.mx\/unison-tiene-protocolo-para-la-prevencion-y-atencion-de-casos-de-violencia-de-genero\/#primaryimage\"},\"thumbnailUrl\":\"https:\/\/www.sonoraenequipo.com.mx\/storage\/2019\/11\/unison-protocolo.jpg\",\"keywords\":[\"UniSon\"],\"articleSection\":[\"Sonora\"],\"inLanguage\":\"es\",\"potentialAction\":[{\"@type\":\"CommentAction\",\"name\":\"Comment\",\"target\":[\"https:\/\/www.sonoraenequipo.com.mx\/unison-tiene-protocolo-para-la-prevencion-y-atencion-de-casos-de-violencia-de-genero\/#respond\"]}]},{\"@type\":\"WebPage\",\"@id\":\"https:\/\/www.sonoraenequipo.com.mx\/unison-tiene-protocolo-para-la-prevencion-y-atencion-de-casos-de-violencia-de-genero\/\",\"url\":\"https:\/\/www.sonoraenequipo.com.mx\/unison-tiene-protocolo-para-la-prevencion-y-atencion-de-casos-de-violencia-de-genero\/\",\"name\":\"Sonora en Equipo. Unison tiene Protocolo para la prevenci\u00f3n y atenci\u00f3n de casos de violencia de g\u00e9nero Sonora\",\"isPartOf\":{\"@id\":\"https:\/\/www.sonoraenequipo.com.mx\/#website\"},\"primaryImageOfPage\":{\"@id\":\"https:\/\/www.sonoraenequipo.com.mx\/unison-tiene-protocolo-para-la-prevencion-y-atencion-de-casos-de-violencia-de-genero\/#primaryimage\"},\"image\":{\"@id\":\"https:\/\/www.sonoraenequipo.com.mx\/unison-tiene-protocolo-para-la-prevencion-y-atencion-de-casos-de-violencia-de-genero\/#primaryimage\"},\"thumbnailUrl\":\"https:\/\/www.sonoraenequipo.com.mx\/storage\/2019\/11\/unison-protocolo.jpg\",\"datePublished\":\"2019-11-01T18:34:18+00:00\",\"description\":\"HERMOSILLO, SONORA,MX.\u2500 El Colegio Acad\u00e9mico de la Universidad de Sonora, en su sesi\u00f3n ordinaria 168, aprob\u00f3 ayer de manera un\u00e1nime el Protocolo para la En Sonora en Equipo publicamos toda la informaci\u00f3n de Sonora, M\u00e9xico y el Mundo de manera oportuna y busca que la libertad de expresi\u00f3n sea real. Visita nuestro medio informativo publicado desde Hermosillo, Sonora. %\",\"breadcrumb\":{\"@id\":\"https:\/\/www.sonoraenequipo.com.mx\/unison-tiene-protocolo-para-la-prevencion-y-atencion-de-casos-de-violencia-de-genero\/#breadcrumb\"},\"inLanguage\":\"es\",\"potentialAction\":[{\"@type\":\"ReadAction\",\"target\":[\"https:\/\/www.sonoraenequipo.com.mx\/unison-tiene-protocolo-para-la-prevencion-y-atencion-de-casos-de-violencia-de-genero\/\"]}]},{\"@type\":\"ImageObject\",\"inLanguage\":\"es\",\"@id\":\"https:\/\/www.sonoraenequipo.com.mx\/unison-tiene-protocolo-para-la-prevencion-y-atencion-de-casos-de-violencia-de-genero\/#primaryimage\",\"url\":\"https:\/\/www.sonoraenequipo.com.mx\/storage\/2019\/11\/unison-protocolo.jpg\",\"contentUrl\":\"https:\/\/www.sonoraenequipo.com.mx\/storage\/2019\/11\/unison-protocolo.jpg\",\"width\":500,\"height\":333},{\"@type\":\"BreadcrumbList\",\"@id\":\"https:\/\/www.sonoraenequipo.com.mx\/unison-tiene-protocolo-para-la-prevencion-y-atencion-de-casos-de-violencia-de-genero\/#breadcrumb\",\"itemListElement\":[{\"@type\":\"ListItem\",\"position\":1,\"name\":\"Portada\",\"item\":\"https:\/\/www.sonoraenequipo.com.mx\/\"},{\"@type\":\"ListItem\",\"position\":2,\"name\":\"Unison tiene Protocolo para la prevenci\u00f3n y atenci\u00f3n de casos de violencia de g\u00e9nero\"}]},{\"@type\":\"WebSite\",\"@id\":\"https:\/\/www.sonoraenequipo.com.mx\/#website\",\"url\":\"https:\/\/www.sonoraenequipo.com.mx\/\",\"name\":\"Sonora en Equipo.\",\"description\":\"Diario en l\u00ednea con Noticias desde Hermosillo, Sonora\",\"publisher\":{\"@id\":\"https:\/\/www.sonoraenequipo.com.mx\/#organization\"},\"potentialAction\":[{\"@type\":\"SearchAction\",\"target\":{\"@type\":\"EntryPoint\",\"urlTemplate\":\"https:\/\/www.sonoraenequipo.com.mx\/?s={search_term_string}\"},\"query-input\":{\"@type\":\"PropertyValueSpecification\",\"valueRequired\":true,\"valueName\":\"search_term_string\"}}],\"inLanguage\":\"es\"},{\"@type\":\"Organization\",\"@id\":\"https:\/\/www.sonoraenequipo.com.mx\/#organization\",\"name\":\"Sonoraenequipo.com.mx\",\"url\":\"https:\/\/www.sonoraenequipo.com.mx\/\",\"logo\":{\"@type\":\"ImageObject\",\"inLanguage\":\"es\",\"@id\":\"https:\/\/www.sonoraenequipo.com.mx\/#\/schema\/logo\/image\/\",\"url\":\"https:\/\/www.sonoraenequipo.com.mx\/storage\/2019\/01\/sonoraenequipo_opt.png\",\"contentUrl\":\"https:\/\/www.sonoraenequipo.com.mx\/storage\/2019\/01\/sonoraenequipo_opt.png\",\"width\":375,\"height\":125,\"caption\":\"Sonoraenequipo.com.mx\"},\"image\":{\"@id\":\"https:\/\/www.sonoraenequipo.com.mx\/#\/schema\/logo\/image\/\"},\"sameAs\":[\"https:\/\/www.facebook.com\/SonoraEE\/\",\"https:\/\/x.com\/sonoraenequipo\",\"https:\/\/www.youtube.com\/channel\/UC338nW-lPEYmJQs4ZABQ1SQ\"]},{\"@type\":\"Person\",\"@id\":\"https:\/\/www.sonoraenequipo.com.mx\/#\/schema\/person\/61a39de478a1763473ad55e8a95fddf6\",\"name\":\"enequipo\",\"image\":{\"@type\":\"ImageObject\",\"inLanguage\":\"es\",\"@id\":\"https:\/\/www.sonoraenequipo.com.mx\/#\/schema\/person\/image\/\",\"url\":\"https:\/\/secure.gravatar.com\/avatar\/e39bc3016d8af598aed3d770c9510dfc2795f37ea1733d99fcc6e97d2c3c9f5e?s=96&d=blank&r=g\",\"contentUrl\":\"https:\/\/secure.gravatar.com\/avatar\/e39bc3016d8af598aed3d770c9510dfc2795f37ea1733d99fcc6e97d2c3c9f5e?s=96&d=blank&r=g\",\"caption\":\"enequipo\"}}]}<\/script>\n ","yoast_head_json":{"title":"Sonora en Equipo. Unison tiene Protocolo para la prevenci\u00f3n y atenci\u00f3n de casos de violencia de g\u00e9nero Sonora","description":"HERMOSILLO, SONORA,MX.\u2500 El Colegio Acad\u00e9mico de la Universidad de Sonora, en su sesi\u00f3n ordinaria 168, aprob\u00f3 ayer de manera un\u00e1nime el Protocolo para la En Sonora en Equipo publicamos toda la informaci\u00f3n de Sonora, M\u00e9xico y el Mundo de manera oportuna y busca que la libertad de expresi\u00f3n sea real. Visita nuestro medio informativo publicado desde Hermosillo, Sonora. %","robots":{"index":"index","follow":"follow","max-snippet":"max-snippet:-1","max-image-preview":"max-image-preview:large","max-video-preview":"max-video-preview:-1"},"canonical":"https:\/\/www.sonoraenequipo.com.mx\/unison-tiene-protocolo-para-la-prevencion-y-atencion-de-casos-de-violencia-de-genero\/","og_locale":"es_ES","og_type":"article","og_title":"Sonora en Equipo. Unison tiene Protocolo para la prevenci\u00f3n y atenci\u00f3n de casos de violencia de g\u00e9nero Sonora","og_description":"HERMOSILLO, SONORA,MX.\u2500 El Colegio Acad\u00e9mico de la Universidad de Sonora, en su sesi\u00f3n ordinaria 168, aprob\u00f3 ayer de manera un\u00e1nime el Protocolo para la En Sonora en Equipo publicamos toda la informaci\u00f3n de Sonora, M\u00e9xico y el Mundo de manera oportuna y busca que la libertad de expresi\u00f3n sea real. Visita nuestro medio informativo publicado desde Hermosillo, Sonora. %","og_url":"https:\/\/www.sonoraenequipo.com.mx\/unison-tiene-protocolo-para-la-prevencion-y-atencion-de-casos-de-violencia-de-genero\/","og_site_name":"Sonora en Equipo.","article_publisher":"https:\/\/www.facebook.com\/SonoraEE\/","article_published_time":"2019-11-01T18:34:18+00:00","og_image":[{"width":500,"height":333,"url":"https:\/\/www.sonoraenequipo.com.mx\/storage\/2019\/11\/unison-protocolo.jpg","type":"image\/jpeg"}],"author":"enequipo","twitter_card":"summary_large_image","twitter_creator":"@sonoraenequipo","twitter_site":"@sonoraenequipo","twitter_misc":{"Escrito por":"enequipo","Tiempo de lectura":"2 minutos"},"schema":{"@context":"https:\/\/schema.org","@graph":[{"@type":"Article","@id":"https:\/\/www.sonoraenequipo.com.mx\/unison-tiene-protocolo-para-la-prevencion-y-atencion-de-casos-de-violencia-de-genero\/#article","isPartOf":{"@id":"https:\/\/www.sonoraenequipo.com.mx\/unison-tiene-protocolo-para-la-prevencion-y-atencion-de-casos-de-violencia-de-genero\/"},"author":{"name":"enequipo","@id":"https:\/\/www.sonoraenequipo.com.mx\/#\/schema\/person\/61a39de478a1763473ad55e8a95fddf6"},"headline":"Unison tiene Protocolo para la prevenci\u00f3n y atenci\u00f3n de casos de violencia de g\u00e9nero","datePublished":"2019-11-01T18:34:18+00:00","mainEntityOfPage":{"@id":"https:\/\/www.sonoraenequipo.com.mx\/unison-tiene-protocolo-para-la-prevencion-y-atencion-de-casos-de-violencia-de-genero\/"},"wordCount":500,"commentCount":0,"publisher":{"@id":"https:\/\/www.sonoraenequipo.com.mx\/#organization"},"image":{"@id":"https:\/\/www.sonoraenequipo.com.mx\/unison-tiene-protocolo-para-la-prevencion-y-atencion-de-casos-de-violencia-de-genero\/#primaryimage"},"thumbnailUrl":"https:\/\/www.sonoraenequipo.com.mx\/storage\/2019\/11\/unison-protocolo.jpg","keywords":["UniSon"],"articleSection":["Sonora"],"inLanguage":"es","potentialAction":[{"@type":"CommentAction","name":"Comment","target":["https:\/\/www.sonoraenequipo.com.mx\/unison-tiene-protocolo-para-la-prevencion-y-atencion-de-casos-de-violencia-de-genero\/#respond"]}]},{"@type":"WebPage","@id":"https:\/\/www.sonoraenequipo.com.mx\/unison-tiene-protocolo-para-la-prevencion-y-atencion-de-casos-de-violencia-de-genero\/","url":"https:\/\/www.sonoraenequipo.com.mx\/unison-tiene-protocolo-para-la-prevencion-y-atencion-de-casos-de-violencia-de-genero\/","name":"Sonora en Equipo. Unison tiene Protocolo para la prevenci\u00f3n y atenci\u00f3n de casos de violencia de g\u00e9nero Sonora","isPartOf":{"@id":"https:\/\/www.sonoraenequipo.com.mx\/#website"},"primaryImageOfPage":{"@id":"https:\/\/www.sonoraenequipo.com.mx\/unison-tiene-protocolo-para-la-prevencion-y-atencion-de-casos-de-violencia-de-genero\/#primaryimage"},"image":{"@id":"https:\/\/www.sonoraenequipo.com.mx\/unison-tiene-protocolo-para-la-prevencion-y-atencion-de-casos-de-violencia-de-genero\/#primaryimage"},"thumbnailUrl":"https:\/\/www.sonoraenequipo.com.mx\/storage\/2019\/11\/unison-protocolo.jpg","datePublished":"2019-11-01T18:34:18+00:00","description":"HERMOSILLO, SONORA,MX.\u2500 El Colegio Acad\u00e9mico de la Universidad de Sonora, en su sesi\u00f3n ordinaria 168, aprob\u00f3 ayer de manera un\u00e1nime el Protocolo para la En Sonora en Equipo publicamos toda la informaci\u00f3n de Sonora, M\u00e9xico y el Mundo de manera oportuna y busca que la libertad de expresi\u00f3n sea real. Visita nuestro medio informativo publicado desde Hermosillo, Sonora. %","breadcrumb":{"@id":"https:\/\/www.sonoraenequipo.com.mx\/unison-tiene-protocolo-para-la-prevencion-y-atencion-de-casos-de-violencia-de-genero\/#breadcrumb"},"inLanguage":"es","potentialAction":[{"@type":"ReadAction","target":["https:\/\/www.sonoraenequipo.com.mx\/unison-tiene-protocolo-para-la-prevencion-y-atencion-de-casos-de-violencia-de-genero\/"]}]},{"@type":"ImageObject","inLanguage":"es","@id":"https:\/\/www.sonoraenequipo.com.mx\/unison-tiene-protocolo-para-la-prevencion-y-atencion-de-casos-de-violencia-de-genero\/#primaryimage","url":"https:\/\/www.sonoraenequipo.com.mx\/storage\/2019\/11\/unison-protocolo.jpg","contentUrl":"https:\/\/www.sonoraenequipo.com.mx\/storage\/2019\/11\/unison-protocolo.jpg","width":500,"height":333},{"@type":"BreadcrumbList","@id":"https:\/\/www.sonoraenequipo.com.mx\/unison-tiene-protocolo-para-la-prevencion-y-atencion-de-casos-de-violencia-de-genero\/#breadcrumb","itemListElement":[{"@type":"ListItem","position":1,"name":"Portada","item":"https:\/\/www.sonoraenequipo.com.mx\/"},{"@type":"ListItem","position":2,"name":"Unison tiene Protocolo para la prevenci\u00f3n y atenci\u00f3n de casos de violencia de g\u00e9nero"}]},{"@type":"WebSite","@id":"https:\/\/www.sonoraenequipo.com.mx\/#website","url":"https:\/\/www.sonoraenequipo.com.mx\/","name":"Sonora en Equipo.","description":"Diario en l\u00ednea con Noticias desde Hermosillo, Sonora","publisher":{"@id":"https:\/\/www.sonoraenequipo.com.mx\/#organization"},"potentialAction":[{"@type":"SearchAction","target":{"@type":"EntryPoint","urlTemplate":"https:\/\/www.sonoraenequipo.com.mx\/?s={search_term_string}"},"query-input":{"@type":"PropertyValueSpecification","valueRequired":true,"valueName":"search_term_string"}}],"inLanguage":"es"},{"@type":"Organization","@id":"https:\/\/www.sonoraenequipo.com.mx\/#organization","name":"Sonoraenequipo.com.mx","url":"https:\/\/www.sonoraenequipo.com.mx\/","logo":{"@type":"ImageObject","inLanguage":"es","@id":"https:\/\/www.sonoraenequipo.com.mx\/#\/schema\/logo\/image\/","url":"https:\/\/www.sonoraenequipo.com.mx\/storage\/2019\/01\/sonoraenequipo_opt.png","contentUrl":"https:\/\/www.sonoraenequipo.com.mx\/storage\/2019\/01\/sonoraenequipo_opt.png","width":375,"height":125,"caption":"Sonoraenequipo.com.mx"},"image":{"@id":"https:\/\/www.sonoraenequipo.com.mx\/#\/schema\/logo\/image\/"},"sameAs":["https:\/\/www.facebook.com\/SonoraEE\/","https:\/\/x.com\/sonoraenequipo","https:\/\/www.youtube.com\/channel\/UC338nW-lPEYmJQs4ZABQ1SQ"]},{"@type":"Person","@id":"https:\/\/www.sonoraenequipo.com.mx\/#\/schema\/person\/61a39de478a1763473ad55e8a95fddf6","name":"enequipo","image":{"@type":"ImageObject","inLanguage":"es","@id":"https:\/\/www.sonoraenequipo.com.mx\/#\/schema\/person\/image\/","url":"https:\/\/secure.gravatar.com\/avatar\/e39bc3016d8af598aed3d770c9510dfc2795f37ea1733d99fcc6e97d2c3c9f5e?s=96&d=blank&r=g","contentUrl":"https:\/\/secure.gravatar.com\/avatar\/e39bc3016d8af598aed3d770c9510dfc2795f37ea1733d99fcc6e97d2c3c9f5e?s=96&d=blank&r=g","caption":"enequipo"}}]}},"jetpack_featured_media_url":"https:\/\/www.sonoraenequipo.com.mx\/storage\/2019\/11\/unison-protocolo.jpg","_links":{"self":[{"href":"https:\/\/www.sonoraenequipo.com.mx\/api\/wp\/v2\/posts\/70007","targetHints":{"allow":["GET"]}}],"collection":[{"href":"https:\/\/www.sonoraenequipo.com.mx\/api\/wp\/v2\/posts"}],"about":[{"href":"https:\/\/www.sonoraenequipo.com.mx\/api\/wp\/v2\/types\/post"}],"author":[{"embeddable":true,"href":"https:\/\/www.sonoraenequipo.com.mx\/api\/wp\/v2\/users\/178"}],"replies":[{"embeddable":true,"href":"https:\/\/www.sonoraenequipo.com.mx\/api\/wp\/v2\/comments?post=70007"}],"version-history":[{"count":0,"href":"https:\/\/www.sonoraenequipo.com.mx\/api\/wp\/v2\/posts\/70007\/revisions"}],"wp:featuredmedia":[{"embeddable":true,"href":"https:\/\/www.sonoraenequipo.com.mx\/api\/wp\/v2\/media\/70009"}],"wp:attachment":[{"href":"https:\/\/www.sonoraenequipo.com.mx\/api\/wp\/v2\/media?parent=70007"}],"wp:term":[{"taxonomy":"category","embeddable":true,"href":"https:\/\/www.sonoraenequipo.com.mx\/api\/wp\/v2\/categories?post=70007"},{"taxonomy":"post_tag","embeddable":true,"href":"https:\/\/www.sonoraenequipo.com.mx\/api\/wp\/v2\/tags?post=70007"}],"curies":[{"name":"wp","href":"https:\/\/api.w.org\/{rel}","templated":true}]}}