{"id":70014,"date":"2019-11-01T07:27:57","date_gmt":"2019-11-01T14:27:57","guid":{"rendered":"https:\/\/www.sonoraenequipo.com.mx\/?p=70014"},"modified":"2019-11-01T13:07:08","modified_gmt":"2019-11-01T20:07:08","slug":"hay-pendientes-en-el-tema-de-seguridad-dijo-el-presidente-lopez-obrador","status":"publish","type":"post","link":"https:\/\/www.sonoraenequipo.com.mx\/hay-pendientes-en-el-tema-de-seguridad-dijo-el-presidente-lopez-obrador\/","title":{"rendered":"Hay pendientes en el tema de seguridad, dijo el presidente L\u00f3pez Obrador"},"content":{"rendered":"<p>CIUDAD DE M\u00c9XICO. MX. \u2014 El presidente de M\u00e9xico, Andr\u00e9s Manuel L\u00f3pez Obrador, cerr\u00f3 la semana con su habitual conferencia matutina con medios de comunicaci\u00f3n, desde Palacio Nacional.<\/p>\n<p> <\/p>\n<p>El mandatario estuvo nuevamente acompa\u00f1ado por el gabinete de seguridad federal, que continu\u00f3 respondiendo preguntas sobre el operativo fallido en Culiac\u00e1n, en que se detuvo y liber\u00f3 posteriormente a Ovidio Guzm\u00e1n, hijo de \u00abEl Chapo\u00bb.<\/p>\n<p>&nbsp;<\/p>\n<p>Durante la conferencia reconoci\u00f3 que hay pendientes en el tema de seguridad, por lo que dijo que se necesita un a\u00f1o m\u00e1s para que se establezcan las bases de la vida p\u00fablica.<\/p>\n<p>&nbsp;<\/p>\n<p>Primeramente, Ricardo Rodr\u00edguez, director del SAE, anunci\u00f3 una pr\u00f3xima subasta de joyas, veh\u00edculos, embarcaciones y bienes inmuebles, que se realizar\u00e1 el domingo 10 de noviembre.<\/p>\n<p>&nbsp;<\/p>\n<p>Los recursos de esta subasta, ser\u00e1n para orquestas musicales infantiles y juveniles de Oaxaca.<\/p>\n<p>&nbsp;<\/p>\n<h3>Un a\u00f1o m\u00e1s<\/h3>\n<p>&nbsp;<\/p>\n<p>Ya sobre los hechos en Culiac\u00e1n, L\u00f3pez Obrador reconoci\u00f3 que hay pendientes en el tema de seguridad en el pa\u00eds, por lo que dijo que se necesita un a\u00f1o m\u00e1s para que se establezcan las bases de la vida p\u00fablica, que haya resultados en la materia y que \u00ab<em>esto cambie por completo\u00bb.<\/em><\/p>\n<p>&nbsp;<\/p>\n<p>Al cumplir hoy 11 meses en el gobierno, el mandatario afirm\u00f3 que en el pa\u00eds hay un proceso de transformaci\u00f3n que se est\u00e1 llevando a cabo, y <em>\u00abtodav\u00eda lo viejo no acaba de morir y lo nuevo no acaba de nacer\u00bb.<\/em><\/p>\n<p>&nbsp;<\/p>\n<p><em>\u00abEspero que cuando mucho en un a\u00f1o m\u00e1s ya est\u00e9n establecidas las bases de la nueva etapa de la vida p\u00fablica de M\u00e9xico. Nada m\u00e1s eso pido, un a\u00f1o m\u00e1s para que esto cambie por completo. Ya hemos avanzado y hoy cumplimos 11 meses\u00bb<\/em> se\u00f1al\u00f3.<\/p>\n<p>&nbsp;<\/p>\n<p>L\u00f3pez Obrador afirm\u00f3 que se ha avanzado mucho en los \u00faltimos meses, con la aprobaci\u00f3n de varias reformas constitucionales y la creaci\u00f3n de nuevas instituciones.<\/p>\n<p>&nbsp;<\/p>\n<p>Sin embargo, volvi\u00f3 admitir que no se han alcanzado los resultados esperados en materia de seguridad.<\/p>\n<p>&nbsp;<\/p>\n<p>Indic\u00f3 que el fallido operativo en <em>\u00abCuliac\u00e1n marc\u00f3 un antes y un despu\u00e9s en la pol\u00edtica de seguridad, ya no es la guerra, el uso de la confrontaci\u00f3n, el aniquilar, el exterminio, el m\u00e1talos en caliente, ahora es salvar vidas\u00bb.<\/em><\/p>\n<p>&nbsp;<\/p>\n<p>Y a\u00f1adi\u00f3: <em>\u00abMantenemos invariable nuestra postura acerca de que actuamos bien, de que se evit\u00f3 la p\u00e9rdida de vidas humanas\u00bb.<\/em><\/p>\n<p>&nbsp;<\/p>\n<p>PUBLICADO EL 01\/11\/2019)<\/p>\n","protected":false},"excerpt":{"rendered":"<p>CIUDAD DE M\u00c9XICO. MX. \u2014 El presidente de M\u00e9xico, Andr\u00e9s Manuel L\u00f3pez Obrador, cerr\u00f3 la&#8230;<\/p>\n","protected":false},"author":1,"featured_media":70016,"comment_status":"open","ping_status":"open","sticky":false,"template":"","format":"standard","meta":{"_monsterinsights_skip_tracking":false,"_monsterinsights_sitenote_active":false,"_monsterinsights_sitenote_note":"","_monsterinsights_sitenote_category":0,"footnotes":""},"categories":[5],"tags":[],"class_list":["post"],"yoast_head":" \n<title>Sonora en Equipo. Hay pendientes en el tema de seguridad, dijo el presidente L\u00f3pez Obrador Rep\u00fablica<\/title>\n<meta name=\"description\" content=\"CIUDAD DE M\u00c9XICO. MX. \u2014 El presidente de M\u00e9xico, Andr\u00e9s Manuel L\u00f3pez Obrador, cerr\u00f3 la semana con su habitual conferencia matutina con medios de En Sonora en Equipo publicamos toda la informaci\u00f3n de Sonora, M\u00e9xico y el Mundo de manera oportuna y busca que la libertad de expresi\u00f3n sea real. Visita nuestro medio informativo publicado desde Hermosillo, Sonora. %\" \/>\n<meta name=\"robots\" content=\"index, follow, max-snippet:-1, max-image-preview:large, max-video-preview:-1\" \/>\n<link rel=\"canonical\" href=\"https:\/\/www.sonoraenequipo.com.mx\/hay-pendientes-en-el-tema-de-seguridad-dijo-el-presidente-lopez-obrador\/\" \/>\n<meta property=\"og:locale\" content=\"es_ES\" \/>\n<meta property=\"og:type\" content=\"article\" \/>\n<meta property=\"og:title\" content=\"Sonora en Equipo. Hay pendientes en el tema de seguridad, dijo el presidente L\u00f3pez Obrador Rep\u00fablica\" \/>\n<meta property=\"og:description\" content=\"CIUDAD DE M\u00c9XICO. MX. \u2014 El presidente de M\u00e9xico, Andr\u00e9s Manuel L\u00f3pez Obrador, cerr\u00f3 la semana con su habitual conferencia matutina con medios de En Sonora en Equipo publicamos toda la informaci\u00f3n de Sonora, M\u00e9xico y el Mundo de manera oportuna y busca que la libertad de expresi\u00f3n sea real. Visita nuestro medio informativo publicado desde Hermosillo, Sonora. %\" \/>\n<meta property=\"og:url\" content=\"https:\/\/www.sonoraenequipo.com.mx\/hay-pendientes-en-el-tema-de-seguridad-dijo-el-presidente-lopez-obrador\/\" \/>\n<meta property=\"og:site_name\" content=\"Sonora en Equipo.\" \/>\n<meta property=\"article:publisher\" content=\"https:\/\/www.facebook.com\/SonoraEE\/\" \/>\n<meta property=\"article:author\" content=\"https:\/\/www.facebook.com\/SonoraEE\" \/>\n<meta property=\"article:published_time\" content=\"2019-11-01T14:27:57+00:00\" \/>\n<meta property=\"article:modified_time\" content=\"2019-11-01T20:07:08+00:00\" \/>\n<meta property=\"og:image\" content=\"https:\/\/www.sonoraenequipo.com.mx\/storage\/2019\/11\/conferencia-de-amlo_opt.jpg\" \/>\n\t<meta property=\"og:image:width\" content=\"697\" \/>\n\t<meta property=\"og:image:height\" content=\"400\" \/>\n\t<meta property=\"og:image:type\" content=\"image\/jpeg\" \/>\n<meta name=\"author\" content=\"enequipo\" \/>\n<meta name=\"twitter:card\" content=\"summary_large_image\" \/>\n<meta name=\"twitter:creator\" content=\"@sonoraenequipo\" \/>\n<meta name=\"twitter:site\" content=\"@sonoraenequipo\" \/>\n<meta name=\"twitter:label1\" content=\"Escrito por\" \/>\n\t<meta name=\"twitter:data1\" content=\"enequipo\" \/>\n\t<meta name=\"twitter:label2\" content=\"Tiempo de lectura\" \/>\n\t<meta name=\"twitter:data2\" content=\"2 minutos\" \/>\n<script type=\"application\/ld+json\" class=\"yoast-schema-graph\">{\"@context\":\"https:\/\/schema.org\",\"@graph\":[{\"@type\":\"Article\",\"@id\":\"https:\/\/www.sonoraenequipo.com.mx\/hay-pendientes-en-el-tema-de-seguridad-dijo-el-presidente-lopez-obrador\/#article\",\"isPartOf\":{\"@id\":\"https:\/\/www.sonoraenequipo.com.mx\/hay-pendientes-en-el-tema-de-seguridad-dijo-el-presidente-lopez-obrador\/\"},\"author\":{\"name\":\"enequipo\",\"@id\":\"https:\/\/www.sonoraenequipo.com.mx\/#\/schema\/person\/50102df0fb23a8fa9e8effad8fa81386\"},\"headline\":\"Hay pendientes en el tema de seguridad, dijo el presidente L\u00f3pez Obrador\",\"datePublished\":\"2019-11-01T14:27:57+00:00\",\"dateModified\":\"2019-11-01T20:07:08+00:00\",\"mainEntityOfPage\":{\"@id\":\"https:\/\/www.sonoraenequipo.com.mx\/hay-pendientes-en-el-tema-de-seguridad-dijo-el-presidente-lopez-obrador\/\"},\"wordCount\":444,\"commentCount\":0,\"publisher\":{\"@id\":\"https:\/\/www.sonoraenequipo.com.mx\/#organization\"},\"image\":{\"@id\":\"https:\/\/www.sonoraenequipo.com.mx\/hay-pendientes-en-el-tema-de-seguridad-dijo-el-presidente-lopez-obrador\/#primaryimage\"},\"thumbnailUrl\":\"https:\/\/www.sonoraenequipo.com.mx\/storage\/2019\/11\/conferencia-de-amlo_opt.jpg\",\"articleSection\":[\"Rep\u00fablica\"],\"inLanguage\":\"es\",\"potentialAction\":[{\"@type\":\"CommentAction\",\"name\":\"Comment\",\"target\":[\"https:\/\/www.sonoraenequipo.com.mx\/hay-pendientes-en-el-tema-de-seguridad-dijo-el-presidente-lopez-obrador\/#respond\"]}]},{\"@type\":\"WebPage\",\"@id\":\"https:\/\/www.sonoraenequipo.com.mx\/hay-pendientes-en-el-tema-de-seguridad-dijo-el-presidente-lopez-obrador\/\",\"url\":\"https:\/\/www.sonoraenequipo.com.mx\/hay-pendientes-en-el-tema-de-seguridad-dijo-el-presidente-lopez-obrador\/\",\"name\":\"Sonora en Equipo. Hay pendientes en el tema de seguridad, dijo el presidente L\u00f3pez Obrador Rep\u00fablica\",\"isPartOf\":{\"@id\":\"https:\/\/www.sonoraenequipo.com.mx\/#website\"},\"primaryImageOfPage\":{\"@id\":\"https:\/\/www.sonoraenequipo.com.mx\/hay-pendientes-en-el-tema-de-seguridad-dijo-el-presidente-lopez-obrador\/#primaryimage\"},\"image\":{\"@id\":\"https:\/\/www.sonoraenequipo.com.mx\/hay-pendientes-en-el-tema-de-seguridad-dijo-el-presidente-lopez-obrador\/#primaryimage\"},\"thumbnailUrl\":\"https:\/\/www.sonoraenequipo.com.mx\/storage\/2019\/11\/conferencia-de-amlo_opt.jpg\",\"datePublished\":\"2019-11-01T14:27:57+00:00\",\"dateModified\":\"2019-11-01T20:07:08+00:00\",\"description\":\"CIUDAD DE M\u00c9XICO. MX. \u2014 El presidente de M\u00e9xico, Andr\u00e9s Manuel L\u00f3pez Obrador, cerr\u00f3 la semana con su habitual conferencia matutina con medios de En Sonora en Equipo publicamos toda la informaci\u00f3n de Sonora, M\u00e9xico y el Mundo de manera oportuna y busca que la libertad de expresi\u00f3n sea real. Visita nuestro medio informativo publicado desde Hermosillo, Sonora. %\",\"breadcrumb\":{\"@id\":\"https:\/\/www.sonoraenequipo.com.mx\/hay-pendientes-en-el-tema-de-seguridad-dijo-el-presidente-lopez-obrador\/#breadcrumb\"},\"inLanguage\":\"es\",\"potentialAction\":[{\"@type\":\"ReadAction\",\"target\":[\"https:\/\/www.sonoraenequipo.com.mx\/hay-pendientes-en-el-tema-de-seguridad-dijo-el-presidente-lopez-obrador\/\"]}]},{\"@type\":\"ImageObject\",\"inLanguage\":\"es\",\"@id\":\"https:\/\/www.sonoraenequipo.com.mx\/hay-pendientes-en-el-tema-de-seguridad-dijo-el-presidente-lopez-obrador\/#primaryimage\",\"url\":\"https:\/\/www.sonoraenequipo.com.mx\/storage\/2019\/11\/conferencia-de-amlo_opt.jpg\",\"contentUrl\":\"https:\/\/www.sonoraenequipo.com.mx\/storage\/2019\/11\/conferencia-de-amlo_opt.jpg\",\"width\":697,\"height\":400},{\"@type\":\"BreadcrumbList\",\"@id\":\"https:\/\/www.sonoraenequipo.com.mx\/hay-pendientes-en-el-tema-de-seguridad-dijo-el-presidente-lopez-obrador\/#breadcrumb\",\"itemListElement\":[{\"@type\":\"ListItem\",\"position\":1,\"name\":\"Portada\",\"item\":\"https:\/\/www.sonoraenequipo.com.mx\/\"},{\"@type\":\"ListItem\",\"position\":2,\"name\":\"Hay pendientes en el tema de seguridad, dijo el presidente L\u00f3pez Obrador\"}]},{\"@type\":\"WebSite\",\"@id\":\"https:\/\/www.sonoraenequipo.com.mx\/#website\",\"url\":\"https:\/\/www.sonoraenequipo.com.mx\/\",\"name\":\"Sonora en Equipo.\",\"description\":\"Diario en l\u00ednea con Noticias desde Hermosillo, Sonora\",\"publisher\":{\"@id\":\"https:\/\/www.sonoraenequipo.com.mx\/#organization\"},\"potentialAction\":[{\"@type\":\"SearchAction\",\"target\":{\"@type\":\"EntryPoint\",\"urlTemplate\":\"https:\/\/www.sonoraenequipo.com.mx\/?s={search_term_string}\"},\"query-input\":{\"@type\":\"PropertyValueSpecification\",\"valueRequired\":true,\"valueName\":\"search_term_string\"}}],\"inLanguage\":\"es\"},{\"@type\":\"Organization\",\"@id\":\"https:\/\/www.sonoraenequipo.com.mx\/#organization\",\"name\":\"Sonoraenequipo.com.mx\",\"url\":\"https:\/\/www.sonoraenequipo.com.mx\/\",\"logo\":{\"@type\":\"ImageObject\",\"inLanguage\":\"es\",\"@id\":\"https:\/\/www.sonoraenequipo.com.mx\/#\/schema\/logo\/image\/\",\"url\":\"https:\/\/www.sonoraenequipo.com.mx\/storage\/2019\/01\/sonoraenequipo_opt.png\",\"contentUrl\":\"https:\/\/www.sonoraenequipo.com.mx\/storage\/2019\/01\/sonoraenequipo_opt.png\",\"width\":375,\"height\":125,\"caption\":\"Sonoraenequipo.com.mx\"},\"image\":{\"@id\":\"https:\/\/www.sonoraenequipo.com.mx\/#\/schema\/logo\/image\/\"},\"sameAs\":[\"https:\/\/www.facebook.com\/SonoraEE\/\",\"https:\/\/x.com\/sonoraenequipo\",\"https:\/\/www.youtube.com\/channel\/UC338nW-lPEYmJQs4ZABQ1SQ\"]},{\"@type\":\"Person\",\"@id\":\"https:\/\/www.sonoraenequipo.com.mx\/#\/schema\/person\/50102df0fb23a8fa9e8effad8fa81386\",\"name\":\"enequipo\",\"image\":{\"@type\":\"ImageObject\",\"inLanguage\":\"es\",\"@id\":\"https:\/\/www.sonoraenequipo.com.mx\/#\/schema\/person\/image\/\",\"url\":\"https:\/\/secure.gravatar.com\/avatar\/049821681b589dabc0bc20695993ccebb09f5b5d4d790cd9251b97faac7c652b?s=96&d=blank&r=g\",\"contentUrl\":\"https:\/\/secure.gravatar.com\/avatar\/049821681b589dabc0bc20695993ccebb09f5b5d4d790cd9251b97faac7c652b?s=96&d=blank&r=g\",\"caption\":\"enequipo\"},\"sameAs\":[\"https:\/\/www.facebook.com\/SonoraEE\"]}]}<\/script>\n ","yoast_head_json":{"title":"Sonora en Equipo. Hay pendientes en el tema de seguridad, dijo el presidente L\u00f3pez Obrador Rep\u00fablica","description":"CIUDAD DE M\u00c9XICO. MX. \u2014 El presidente de M\u00e9xico, Andr\u00e9s Manuel L\u00f3pez Obrador, cerr\u00f3 la semana con su habitual conferencia matutina con medios de En Sonora en Equipo publicamos toda la informaci\u00f3n de Sonora, M\u00e9xico y el Mundo de manera oportuna y busca que la libertad de expresi\u00f3n sea real. Visita nuestro medio informativo publicado desde Hermosillo, Sonora. %","robots":{"index":"index","follow":"follow","max-snippet":"max-snippet:-1","max-image-preview":"max-image-preview:large","max-video-preview":"max-video-preview:-1"},"canonical":"https:\/\/www.sonoraenequipo.com.mx\/hay-pendientes-en-el-tema-de-seguridad-dijo-el-presidente-lopez-obrador\/","og_locale":"es_ES","og_type":"article","og_title":"Sonora en Equipo. Hay pendientes en el tema de seguridad, dijo el presidente L\u00f3pez Obrador Rep\u00fablica","og_description":"CIUDAD DE M\u00c9XICO. MX. \u2014 El presidente de M\u00e9xico, Andr\u00e9s Manuel L\u00f3pez Obrador, cerr\u00f3 la semana con su habitual conferencia matutina con medios de En Sonora en Equipo publicamos toda la informaci\u00f3n de Sonora, M\u00e9xico y el Mundo de manera oportuna y busca que la libertad de expresi\u00f3n sea real. Visita nuestro medio informativo publicado desde Hermosillo, Sonora. %","og_url":"https:\/\/www.sonoraenequipo.com.mx\/hay-pendientes-en-el-tema-de-seguridad-dijo-el-presidente-lopez-obrador\/","og_site_name":"Sonora en Equipo.","article_publisher":"https:\/\/www.facebook.com\/SonoraEE\/","article_author":"https:\/\/www.facebook.com\/SonoraEE","article_published_time":"2019-11-01T14:27:57+00:00","article_modified_time":"2019-11-01T20:07:08+00:00","og_image":[{"width":697,"height":400,"url":"https:\/\/www.sonoraenequipo.com.mx\/storage\/2019\/11\/conferencia-de-amlo_opt.jpg","type":"image\/jpeg"}],"author":"enequipo","twitter_card":"summary_large_image","twitter_creator":"@sonoraenequipo","twitter_site":"@sonoraenequipo","twitter_misc":{"Escrito por":"enequipo","Tiempo de lectura":"2 minutos"},"schema":{"@context":"https:\/\/schema.org","@graph":[{"@type":"Article","@id":"https:\/\/www.sonoraenequipo.com.mx\/hay-pendientes-en-el-tema-de-seguridad-dijo-el-presidente-lopez-obrador\/#article","isPartOf":{"@id":"https:\/\/www.sonoraenequipo.com.mx\/hay-pendientes-en-el-tema-de-seguridad-dijo-el-presidente-lopez-obrador\/"},"author":{"name":"enequipo","@id":"https:\/\/www.sonoraenequipo.com.mx\/#\/schema\/person\/50102df0fb23a8fa9e8effad8fa81386"},"headline":"Hay pendientes en el tema de seguridad, dijo el presidente L\u00f3pez Obrador","datePublished":"2019-11-01T14:27:57+00:00","dateModified":"2019-11-01T20:07:08+00:00","mainEntityOfPage":{"@id":"https:\/\/www.sonoraenequipo.com.mx\/hay-pendientes-en-el-tema-de-seguridad-dijo-el-presidente-lopez-obrador\/"},"wordCount":444,"commentCount":0,"publisher":{"@id":"https:\/\/www.sonoraenequipo.com.mx\/#organization"},"image":{"@id":"https:\/\/www.sonoraenequipo.com.mx\/hay-pendientes-en-el-tema-de-seguridad-dijo-el-presidente-lopez-obrador\/#primaryimage"},"thumbnailUrl":"https:\/\/www.sonoraenequipo.com.mx\/storage\/2019\/11\/conferencia-de-amlo_opt.jpg","articleSection":["Rep\u00fablica"],"inLanguage":"es","potentialAction":[{"@type":"CommentAction","name":"Comment","target":["https:\/\/www.sonoraenequipo.com.mx\/hay-pendientes-en-el-tema-de-seguridad-dijo-el-presidente-lopez-obrador\/#respond"]}]},{"@type":"WebPage","@id":"https:\/\/www.sonoraenequipo.com.mx\/hay-pendientes-en-el-tema-de-seguridad-dijo-el-presidente-lopez-obrador\/","url":"https:\/\/www.sonoraenequipo.com.mx\/hay-pendientes-en-el-tema-de-seguridad-dijo-el-presidente-lopez-obrador\/","name":"Sonora en Equipo. Hay pendientes en el tema de seguridad, dijo el presidente L\u00f3pez Obrador Rep\u00fablica","isPartOf":{"@id":"https:\/\/www.sonoraenequipo.com.mx\/#website"},"primaryImageOfPage":{"@id":"https:\/\/www.sonoraenequipo.com.mx\/hay-pendientes-en-el-tema-de-seguridad-dijo-el-presidente-lopez-obrador\/#primaryimage"},"image":{"@id":"https:\/\/www.sonoraenequipo.com.mx\/hay-pendientes-en-el-tema-de-seguridad-dijo-el-presidente-lopez-obrador\/#primaryimage"},"thumbnailUrl":"https:\/\/www.sonoraenequipo.com.mx\/storage\/2019\/11\/conferencia-de-amlo_opt.jpg","datePublished":"2019-11-01T14:27:57+00:00","dateModified":"2019-11-01T20:07:08+00:00","description":"CIUDAD DE M\u00c9XICO. MX. \u2014 El presidente de M\u00e9xico, Andr\u00e9s Manuel L\u00f3pez Obrador, cerr\u00f3 la semana con su habitual conferencia matutina con medios de En Sonora en Equipo publicamos toda la informaci\u00f3n de Sonora, M\u00e9xico y el Mundo de manera oportuna y busca que la libertad de expresi\u00f3n sea real. Visita nuestro medio informativo publicado desde Hermosillo, Sonora. %","breadcrumb":{"@id":"https:\/\/www.sonoraenequipo.com.mx\/hay-pendientes-en-el-tema-de-seguridad-dijo-el-presidente-lopez-obrador\/#breadcrumb"},"inLanguage":"es","potentialAction":[{"@type":"ReadAction","target":["https:\/\/www.sonoraenequipo.com.mx\/hay-pendientes-en-el-tema-de-seguridad-dijo-el-presidente-lopez-obrador\/"]}]},{"@type":"ImageObject","inLanguage":"es","@id":"https:\/\/www.sonoraenequipo.com.mx\/hay-pendientes-en-el-tema-de-seguridad-dijo-el-presidente-lopez-obrador\/#primaryimage","url":"https:\/\/www.sonoraenequipo.com.mx\/storage\/2019\/11\/conferencia-de-amlo_opt.jpg","contentUrl":"https:\/\/www.sonoraenequipo.com.mx\/storage\/2019\/11\/conferencia-de-amlo_opt.jpg","width":697,"height":400},{"@type":"BreadcrumbList","@id":"https:\/\/www.sonoraenequipo.com.mx\/hay-pendientes-en-el-tema-de-seguridad-dijo-el-presidente-lopez-obrador\/#breadcrumb","itemListElement":[{"@type":"ListItem","position":1,"name":"Portada","item":"https:\/\/www.sonoraenequipo.com.mx\/"},{"@type":"ListItem","position":2,"name":"Hay pendientes en el tema de seguridad, dijo el presidente L\u00f3pez Obrador"}]},{"@type":"WebSite","@id":"https:\/\/www.sonoraenequipo.com.mx\/#website","url":"https:\/\/www.sonoraenequipo.com.mx\/","name":"Sonora en Equipo.","description":"Diario en l\u00ednea con Noticias desde Hermosillo, Sonora","publisher":{"@id":"https:\/\/www.sonoraenequipo.com.mx\/#organization"},"potentialAction":[{"@type":"SearchAction","target":{"@type":"EntryPoint","urlTemplate":"https:\/\/www.sonoraenequipo.com.mx\/?s={search_term_string}"},"query-input":{"@type":"PropertyValueSpecification","valueRequired":true,"valueName":"search_term_string"}}],"inLanguage":"es"},{"@type":"Organization","@id":"https:\/\/www.sonoraenequipo.com.mx\/#organization","name":"Sonoraenequipo.com.mx","url":"https:\/\/www.sonoraenequipo.com.mx\/","logo":{"@type":"ImageObject","inLanguage":"es","@id":"https:\/\/www.sonoraenequipo.com.mx\/#\/schema\/logo\/image\/","url":"https:\/\/www.sonoraenequipo.com.mx\/storage\/2019\/01\/sonoraenequipo_opt.png","contentUrl":"https:\/\/www.sonoraenequipo.com.mx\/storage\/2019\/01\/sonoraenequipo_opt.png","width":375,"height":125,"caption":"Sonoraenequipo.com.mx"},"image":{"@id":"https:\/\/www.sonoraenequipo.com.mx\/#\/schema\/logo\/image\/"},"sameAs":["https:\/\/www.facebook.com\/SonoraEE\/","https:\/\/x.com\/sonoraenequipo","https:\/\/www.youtube.com\/channel\/UC338nW-lPEYmJQs4ZABQ1SQ"]},{"@type":"Person","@id":"https:\/\/www.sonoraenequipo.com.mx\/#\/schema\/person\/50102df0fb23a8fa9e8effad8fa81386","name":"enequipo","image":{"@type":"ImageObject","inLanguage":"es","@id":"https:\/\/www.sonoraenequipo.com.mx\/#\/schema\/person\/image\/","url":"https:\/\/secure.gravatar.com\/avatar\/049821681b589dabc0bc20695993ccebb09f5b5d4d790cd9251b97faac7c652b?s=96&d=blank&r=g","contentUrl":"https:\/\/secure.gravatar.com\/avatar\/049821681b589dabc0bc20695993ccebb09f5b5d4d790cd9251b97faac7c652b?s=96&d=blank&r=g","caption":"enequipo"},"sameAs":["https:\/\/www.facebook.com\/SonoraEE"]}]}},"jetpack_featured_media_url":"https:\/\/www.sonoraenequipo.com.mx\/storage\/2019\/11\/conferencia-de-amlo_opt.jpg","_links":{"self":[{"href":"https:\/\/www.sonoraenequipo.com.mx\/api\/wp\/v2\/posts\/70014","targetHints":{"allow":["GET"]}}],"collection":[{"href":"https:\/\/www.sonoraenequipo.com.mx\/api\/wp\/v2\/posts"}],"about":[{"href":"https:\/\/www.sonoraenequipo.com.mx\/api\/wp\/v2\/types\/post"}],"author":[{"embeddable":true,"href":"https:\/\/www.sonoraenequipo.com.mx\/api\/wp\/v2\/users\/1"}],"replies":[{"embeddable":true,"href":"https:\/\/www.sonoraenequipo.com.mx\/api\/wp\/v2\/comments?post=70014"}],"version-history":[{"count":0,"href":"https:\/\/www.sonoraenequipo.com.mx\/api\/wp\/v2\/posts\/70014\/revisions"}],"wp:featuredmedia":[{"embeddable":true,"href":"https:\/\/www.sonoraenequipo.com.mx\/api\/wp\/v2\/media\/70016"}],"wp:attachment":[{"href":"https:\/\/www.sonoraenequipo.com.mx\/api\/wp\/v2\/media?parent=70014"}],"wp:term":[{"taxonomy":"category","embeddable":true,"href":"https:\/\/www.sonoraenequipo.com.mx\/api\/wp\/v2\/categories?post=70014"},{"taxonomy":"post_tag","embeddable":true,"href":"https:\/\/www.sonoraenequipo.com.mx\/api\/wp\/v2\/tags?post=70014"}],"curies":[{"name":"wp","href":"https:\/\/api.w.org\/{rel}","templated":true}]}}