{"id":70018,"date":"2019-11-01T13:26:02","date_gmt":"2019-11-01T20:26:02","guid":{"rendered":"https:\/\/www.sonoraenequipo.com.mx\/?p=70018"},"modified":"2019-11-01T13:26:02","modified_gmt":"2019-11-01T20:26:02","slug":"llega-el-buen-fin-2019","status":"publish","type":"post","link":"https:\/\/www.sonoraenequipo.com.mx\/llega-el-buen-fin-2019\/","title":{"rendered":"Llega el Buen Fin 2019"},"content":{"rendered":"<p>CIUDAD DE M\u00c9XICO.-\u00a0No lo olvides, del 15 al 18 de noviembre busca las tiendas participantes, y aprovecha los descuentos y las promociones que tienen para ti.<\/p>\n<p>&nbsp;<\/p>\n<p> <br \/>\nEl Buen Fin se construye con la participaci\u00f3n de los sectores p\u00fablico y privado, con el prop\u00f3sito de apoyar la econom\u00eda familiar, incentivar la actividad del mercado interno y acrecentar el comercio formal, adem\u00e1s de garantizar el respeto a los derechos de los consumidores.<\/p>\n<p>Es un programa, dise\u00f1ado para generar grandes ahorros a las familias mexicanas e impulsar el consumo responsable, ha generado ventas por 608 mil millones de pesos en 8 a\u00f1os.<\/p>\n<p>Fue creado por la Concanaco Servytur en 2011 y se le considera justificadamente como \u00abel fin de semana m\u00e1s barato del a\u00f1o\u00bb. Cada a\u00f1o, ha sido m\u00e1s exitoso que el previo.<\/p>\n<p>Por parte del sector empresarial, la Concanaco Servytur es el coordinador general, y su objetivo principal es que las promociones y ofertas que brindan los comerciantes y empresas participantes se encuentren entre las mejores del a\u00f1o, respecto a calidad y precio.<\/p>\n<p>El \u00e9xito del Buen Fin se ha alcanzado gracias a la participaci\u00f3n de los organismos que conforman el Consejo Coordinador Empresarial, con el apoyo de la Secretar\u00edas de Econom\u00eda, la SHCP, SECTUR; el SAT y Profeco.<\/p>\n<p>En las ocho ediciones de este programa aumentaron las ventas en 72.6 mil millones de pesos, al variar de 39.8 mil millones de pesos en 2011 a 112.4 mil millones en 2018, un crecimiento de 182.4% de acuerdo con cifras de la Secretar\u00eda de Econom\u00eda.<\/p>\n<p>La Confederaci\u00f3n de C\u00e1maras Nacionales de Comercio, Servicios y Turismo espera en que las ventas se incrementen mediante la p\u00e1gina de Internet y la aplicaci\u00f3n <em>\u00abEl Buen fin\u00bb,<\/em> disponible en sistemas Android e iOS a partir de noviembre.<\/p>\n<p>El a\u00f1o pasado se alcanzaron ventas por 112 mil 400 millones de pesos, con la participaci\u00f3n de 83 mil establecimientos comerciales y prestadores de servicios, destac\u00f3.<\/p>\n<p>Del total de ventas, 60% se realizaron en efectivo y el resto con otras formas de pago, a las cuales se sumar\u00e1 el sistema de pagos y cobros que utiliza el escaneo de c\u00f3digos QR.<\/p>\n<h3>El Buen Fin, tambi\u00e9n como promotor del turismo<\/h3>\n<p>El Buen Fin fue creado para incentivar la econom\u00eda local, pero representa una buena oportunidad para promover a M\u00e9xico como un destino de compras, afirm\u00f3 el presidente de la Confederaci\u00f3n de C\u00e1maras Nacionales de Comercio, Servicios y Turismo (Concanaco Servytur), Jos\u00e9 Manuel L\u00f3pez Campos.<\/p>\n<p>Este programa motiva a que turistas programen viajes a M\u00e9xico en busca de productos y servicios que se manejan con promociones y descuentos en los cuatro d\u00edas de ofertas.<\/p>\n<p>As\u00ed, se abre un potencial de un mercado nuevo para M\u00e9xico, el de las ciudades fronterizas, pues la derrama se incremente en esos sitios de la regi\u00f3n Norte y Sur.<\/p>\n<p>No solo por las compras que se hacen, dijo L\u00f3pez Campos, sino porque muchas personas se quedan en esos lugares para recorrer los destinos tur\u00edsticos, con ofertas y promociones.<\/p>\n<p>Tambi\u00e9n coment\u00f3 que promueve el concepto de turismo, de compras, para las zonas fronterizas y ayuda a que esas regiones tengan una muy buena derrama econ\u00f3mica previa a las ventas del cierre de a\u00f1o.<\/p>\n<p>El Buen Fin estimula el turismo regional de compra, pues hay destinos como M\u00e9rida, Villahermosa, Guadalajara y la Ciudad de M\u00e9xico que atraen a compradores de otras entidades, por tener un mayor n\u00famero de establecimientos comerciales y de servicios, por lo que muestran mayores ofertas, expres\u00f3.<\/p>\n<p>&nbsp;<\/p>\n<p>PUBLICADO EL 01\/11\/2019)<\/p>\n","protected":false},"excerpt":{"rendered":"<p>CIUDAD DE M\u00c9XICO.-\u00a0No lo olvides, del 15 al 18 de noviembre busca las tiendas participantes,&#8230;<\/p>\n","protected":false},"author":1,"featured_media":70022,"comment_status":"open","ping_status":"open","sticky":false,"template":"","format":"standard","meta":{"_monsterinsights_skip_tracking":false,"_monsterinsights_sitenote_active":false,"_monsterinsights_sitenote_note":"","_monsterinsights_sitenote_category":0,"footnotes":""},"categories":[5],"tags":[],"class_list":["post"],"yoast_head":" \n<title>Sonora en Equipo. Llega el Buen Fin 2019 Rep\u00fablica<\/title>\n<meta name=\"description\" content=\"CIUDAD DE M\u00c9XICO.-\u00a0No lo olvides, del 15 al 18 de noviembre busca las tiendas participantes, y aprovecha los descuentos y las promociones que tienen para En Sonora en Equipo publicamos toda la informaci\u00f3n de Sonora, M\u00e9xico y el Mundo de manera oportuna y busca que la libertad de expresi\u00f3n sea real. Visita nuestro medio informativo publicado desde Hermosillo, Sonora. %\" \/>\n<meta name=\"robots\" content=\"index, follow, max-snippet:-1, max-image-preview:large, max-video-preview:-1\" \/>\n<link rel=\"canonical\" href=\"https:\/\/www.sonoraenequipo.com.mx\/llega-el-buen-fin-2019\/\" \/>\n<meta property=\"og:locale\" content=\"es_ES\" \/>\n<meta property=\"og:type\" content=\"article\" \/>\n<meta property=\"og:title\" content=\"Sonora en Equipo. Llega el Buen Fin 2019 Rep\u00fablica\" \/>\n<meta property=\"og:description\" content=\"CIUDAD DE M\u00c9XICO.-\u00a0No lo olvides, del 15 al 18 de noviembre busca las tiendas participantes, y aprovecha los descuentos y las promociones que tienen para En Sonora en Equipo publicamos toda la informaci\u00f3n de Sonora, M\u00e9xico y el Mundo de manera oportuna y busca que la libertad de expresi\u00f3n sea real. Visita nuestro medio informativo publicado desde Hermosillo, Sonora. %\" \/>\n<meta property=\"og:url\" content=\"https:\/\/www.sonoraenequipo.com.mx\/llega-el-buen-fin-2019\/\" \/>\n<meta property=\"og:site_name\" content=\"Sonora en Equipo.\" \/>\n<meta property=\"article:publisher\" content=\"https:\/\/www.facebook.com\/SonoraEE\/\" \/>\n<meta property=\"article:author\" content=\"https:\/\/www.facebook.com\/SonoraEE\" \/>\n<meta property=\"article:published_time\" content=\"2019-11-01T20:26:02+00:00\" \/>\n<meta property=\"og:image\" content=\"https:\/\/www.sonoraenequipo.com.mx\/storage\/2019\/11\/buen-fin2019_opt.jpg\" \/>\n\t<meta property=\"og:image:width\" content=\"600\" \/>\n\t<meta property=\"og:image:height\" content=\"400\" \/>\n\t<meta property=\"og:image:type\" content=\"image\/jpeg\" \/>\n<meta name=\"author\" content=\"enequipo\" \/>\n<meta name=\"twitter:card\" content=\"summary_large_image\" \/>\n<meta name=\"twitter:creator\" content=\"@sonoraenequipo\" \/>\n<meta name=\"twitter:site\" content=\"@sonoraenequipo\" \/>\n<meta name=\"twitter:label1\" content=\"Escrito por\" \/>\n\t<meta name=\"twitter:data1\" content=\"enequipo\" \/>\n\t<meta name=\"twitter:label2\" content=\"Tiempo de lectura\" \/>\n\t<meta name=\"twitter:data2\" content=\"3 minutos\" \/>\n<script type=\"application\/ld+json\" class=\"yoast-schema-graph\">{\"@context\":\"https:\/\/schema.org\",\"@graph\":[{\"@type\":\"Article\",\"@id\":\"https:\/\/www.sonoraenequipo.com.mx\/llega-el-buen-fin-2019\/#article\",\"isPartOf\":{\"@id\":\"https:\/\/www.sonoraenequipo.com.mx\/llega-el-buen-fin-2019\/\"},\"author\":{\"name\":\"enequipo\",\"@id\":\"https:\/\/www.sonoraenequipo.com.mx\/#\/schema\/person\/50102df0fb23a8fa9e8effad8fa81386\"},\"headline\":\"Llega el Buen Fin 2019\",\"datePublished\":\"2019-11-01T20:26:02+00:00\",\"mainEntityOfPage\":{\"@id\":\"https:\/\/www.sonoraenequipo.com.mx\/llega-el-buen-fin-2019\/\"},\"wordCount\":609,\"commentCount\":0,\"publisher\":{\"@id\":\"https:\/\/www.sonoraenequipo.com.mx\/#organization\"},\"image\":{\"@id\":\"https:\/\/www.sonoraenequipo.com.mx\/llega-el-buen-fin-2019\/#primaryimage\"},\"thumbnailUrl\":\"https:\/\/www.sonoraenequipo.com.mx\/storage\/2019\/11\/buen-fin2019_opt.jpg\",\"articleSection\":[\"Rep\u00fablica\"],\"inLanguage\":\"es\",\"potentialAction\":[{\"@type\":\"CommentAction\",\"name\":\"Comment\",\"target\":[\"https:\/\/www.sonoraenequipo.com.mx\/llega-el-buen-fin-2019\/#respond\"]}]},{\"@type\":\"WebPage\",\"@id\":\"https:\/\/www.sonoraenequipo.com.mx\/llega-el-buen-fin-2019\/\",\"url\":\"https:\/\/www.sonoraenequipo.com.mx\/llega-el-buen-fin-2019\/\",\"name\":\"Sonora en Equipo. Llega el Buen Fin 2019 Rep\u00fablica\",\"isPartOf\":{\"@id\":\"https:\/\/www.sonoraenequipo.com.mx\/#website\"},\"primaryImageOfPage\":{\"@id\":\"https:\/\/www.sonoraenequipo.com.mx\/llega-el-buen-fin-2019\/#primaryimage\"},\"image\":{\"@id\":\"https:\/\/www.sonoraenequipo.com.mx\/llega-el-buen-fin-2019\/#primaryimage\"},\"thumbnailUrl\":\"https:\/\/www.sonoraenequipo.com.mx\/storage\/2019\/11\/buen-fin2019_opt.jpg\",\"datePublished\":\"2019-11-01T20:26:02+00:00\",\"description\":\"CIUDAD DE M\u00c9XICO.-\u00a0No lo olvides, del 15 al 18 de noviembre busca las tiendas participantes, y aprovecha los descuentos y las promociones que tienen para En Sonora en Equipo publicamos toda la informaci\u00f3n de Sonora, M\u00e9xico y el Mundo de manera oportuna y busca que la libertad de expresi\u00f3n sea real. Visita nuestro medio informativo publicado desde Hermosillo, Sonora. %\",\"breadcrumb\":{\"@id\":\"https:\/\/www.sonoraenequipo.com.mx\/llega-el-buen-fin-2019\/#breadcrumb\"},\"inLanguage\":\"es\",\"potentialAction\":[{\"@type\":\"ReadAction\",\"target\":[\"https:\/\/www.sonoraenequipo.com.mx\/llega-el-buen-fin-2019\/\"]}]},{\"@type\":\"ImageObject\",\"inLanguage\":\"es\",\"@id\":\"https:\/\/www.sonoraenequipo.com.mx\/llega-el-buen-fin-2019\/#primaryimage\",\"url\":\"https:\/\/www.sonoraenequipo.com.mx\/storage\/2019\/11\/buen-fin2019_opt.jpg\",\"contentUrl\":\"https:\/\/www.sonoraenequipo.com.mx\/storage\/2019\/11\/buen-fin2019_opt.jpg\",\"width\":600,\"height\":400,\"caption\":\".\"},{\"@type\":\"BreadcrumbList\",\"@id\":\"https:\/\/www.sonoraenequipo.com.mx\/llega-el-buen-fin-2019\/#breadcrumb\",\"itemListElement\":[{\"@type\":\"ListItem\",\"position\":1,\"name\":\"Portada\",\"item\":\"https:\/\/www.sonoraenequipo.com.mx\/\"},{\"@type\":\"ListItem\",\"position\":2,\"name\":\"Llega el Buen Fin 2019\"}]},{\"@type\":\"WebSite\",\"@id\":\"https:\/\/www.sonoraenequipo.com.mx\/#website\",\"url\":\"https:\/\/www.sonoraenequipo.com.mx\/\",\"name\":\"Sonora en Equipo.\",\"description\":\"Diario en l\u00ednea con Noticias desde Hermosillo, Sonora\",\"publisher\":{\"@id\":\"https:\/\/www.sonoraenequipo.com.mx\/#organization\"},\"potentialAction\":[{\"@type\":\"SearchAction\",\"target\":{\"@type\":\"EntryPoint\",\"urlTemplate\":\"https:\/\/www.sonoraenequipo.com.mx\/?s={search_term_string}\"},\"query-input\":{\"@type\":\"PropertyValueSpecification\",\"valueRequired\":true,\"valueName\":\"search_term_string\"}}],\"inLanguage\":\"es\"},{\"@type\":\"Organization\",\"@id\":\"https:\/\/www.sonoraenequipo.com.mx\/#organization\",\"name\":\"Sonoraenequipo.com.mx\",\"url\":\"https:\/\/www.sonoraenequipo.com.mx\/\",\"logo\":{\"@type\":\"ImageObject\",\"inLanguage\":\"es\",\"@id\":\"https:\/\/www.sonoraenequipo.com.mx\/#\/schema\/logo\/image\/\",\"url\":\"https:\/\/www.sonoraenequipo.com.mx\/storage\/2019\/01\/sonoraenequipo_opt.png\",\"contentUrl\":\"https:\/\/www.sonoraenequipo.com.mx\/storage\/2019\/01\/sonoraenequipo_opt.png\",\"width\":375,\"height\":125,\"caption\":\"Sonoraenequipo.com.mx\"},\"image\":{\"@id\":\"https:\/\/www.sonoraenequipo.com.mx\/#\/schema\/logo\/image\/\"},\"sameAs\":[\"https:\/\/www.facebook.com\/SonoraEE\/\",\"https:\/\/x.com\/sonoraenequipo\",\"https:\/\/www.youtube.com\/channel\/UC338nW-lPEYmJQs4ZABQ1SQ\"]},{\"@type\":\"Person\",\"@id\":\"https:\/\/www.sonoraenequipo.com.mx\/#\/schema\/person\/50102df0fb23a8fa9e8effad8fa81386\",\"name\":\"enequipo\",\"image\":{\"@type\":\"ImageObject\",\"inLanguage\":\"es\",\"@id\":\"https:\/\/www.sonoraenequipo.com.mx\/#\/schema\/person\/image\/\",\"url\":\"https:\/\/secure.gravatar.com\/avatar\/049821681b589dabc0bc20695993ccebb09f5b5d4d790cd9251b97faac7c652b?s=96&d=blank&r=g\",\"contentUrl\":\"https:\/\/secure.gravatar.com\/avatar\/049821681b589dabc0bc20695993ccebb09f5b5d4d790cd9251b97faac7c652b?s=96&d=blank&r=g\",\"caption\":\"enequipo\"},\"sameAs\":[\"https:\/\/www.facebook.com\/SonoraEE\"]}]}<\/script>\n ","yoast_head_json":{"title":"Sonora en Equipo. Llega el Buen Fin 2019 Rep\u00fablica","description":"CIUDAD DE M\u00c9XICO.-\u00a0No lo olvides, del 15 al 18 de noviembre busca las tiendas participantes, y aprovecha los descuentos y las promociones que tienen para En Sonora en Equipo publicamos toda la informaci\u00f3n de Sonora, M\u00e9xico y el Mundo de manera oportuna y busca que la libertad de expresi\u00f3n sea real. Visita nuestro medio informativo publicado desde Hermosillo, Sonora. %","robots":{"index":"index","follow":"follow","max-snippet":"max-snippet:-1","max-image-preview":"max-image-preview:large","max-video-preview":"max-video-preview:-1"},"canonical":"https:\/\/www.sonoraenequipo.com.mx\/llega-el-buen-fin-2019\/","og_locale":"es_ES","og_type":"article","og_title":"Sonora en Equipo. Llega el Buen Fin 2019 Rep\u00fablica","og_description":"CIUDAD DE M\u00c9XICO.-\u00a0No lo olvides, del 15 al 18 de noviembre busca las tiendas participantes, y aprovecha los descuentos y las promociones que tienen para En Sonora en Equipo publicamos toda la informaci\u00f3n de Sonora, M\u00e9xico y el Mundo de manera oportuna y busca que la libertad de expresi\u00f3n sea real. Visita nuestro medio informativo publicado desde Hermosillo, Sonora. %","og_url":"https:\/\/www.sonoraenequipo.com.mx\/llega-el-buen-fin-2019\/","og_site_name":"Sonora en Equipo.","article_publisher":"https:\/\/www.facebook.com\/SonoraEE\/","article_author":"https:\/\/www.facebook.com\/SonoraEE","article_published_time":"2019-11-01T20:26:02+00:00","og_image":[{"width":600,"height":400,"url":"https:\/\/www.sonoraenequipo.com.mx\/storage\/2019\/11\/buen-fin2019_opt.jpg","type":"image\/jpeg"}],"author":"enequipo","twitter_card":"summary_large_image","twitter_creator":"@sonoraenequipo","twitter_site":"@sonoraenequipo","twitter_misc":{"Escrito por":"enequipo","Tiempo de lectura":"3 minutos"},"schema":{"@context":"https:\/\/schema.org","@graph":[{"@type":"Article","@id":"https:\/\/www.sonoraenequipo.com.mx\/llega-el-buen-fin-2019\/#article","isPartOf":{"@id":"https:\/\/www.sonoraenequipo.com.mx\/llega-el-buen-fin-2019\/"},"author":{"name":"enequipo","@id":"https:\/\/www.sonoraenequipo.com.mx\/#\/schema\/person\/50102df0fb23a8fa9e8effad8fa81386"},"headline":"Llega el Buen Fin 2019","datePublished":"2019-11-01T20:26:02+00:00","mainEntityOfPage":{"@id":"https:\/\/www.sonoraenequipo.com.mx\/llega-el-buen-fin-2019\/"},"wordCount":609,"commentCount":0,"publisher":{"@id":"https:\/\/www.sonoraenequipo.com.mx\/#organization"},"image":{"@id":"https:\/\/www.sonoraenequipo.com.mx\/llega-el-buen-fin-2019\/#primaryimage"},"thumbnailUrl":"https:\/\/www.sonoraenequipo.com.mx\/storage\/2019\/11\/buen-fin2019_opt.jpg","articleSection":["Rep\u00fablica"],"inLanguage":"es","potentialAction":[{"@type":"CommentAction","name":"Comment","target":["https:\/\/www.sonoraenequipo.com.mx\/llega-el-buen-fin-2019\/#respond"]}]},{"@type":"WebPage","@id":"https:\/\/www.sonoraenequipo.com.mx\/llega-el-buen-fin-2019\/","url":"https:\/\/www.sonoraenequipo.com.mx\/llega-el-buen-fin-2019\/","name":"Sonora en Equipo. Llega el Buen Fin 2019 Rep\u00fablica","isPartOf":{"@id":"https:\/\/www.sonoraenequipo.com.mx\/#website"},"primaryImageOfPage":{"@id":"https:\/\/www.sonoraenequipo.com.mx\/llega-el-buen-fin-2019\/#primaryimage"},"image":{"@id":"https:\/\/www.sonoraenequipo.com.mx\/llega-el-buen-fin-2019\/#primaryimage"},"thumbnailUrl":"https:\/\/www.sonoraenequipo.com.mx\/storage\/2019\/11\/buen-fin2019_opt.jpg","datePublished":"2019-11-01T20:26:02+00:00","description":"CIUDAD DE M\u00c9XICO.-\u00a0No lo olvides, del 15 al 18 de noviembre busca las tiendas participantes, y aprovecha los descuentos y las promociones que tienen para En Sonora en Equipo publicamos toda la informaci\u00f3n de Sonora, M\u00e9xico y el Mundo de manera oportuna y busca que la libertad de expresi\u00f3n sea real. Visita nuestro medio informativo publicado desde Hermosillo, Sonora. %","breadcrumb":{"@id":"https:\/\/www.sonoraenequipo.com.mx\/llega-el-buen-fin-2019\/#breadcrumb"},"inLanguage":"es","potentialAction":[{"@type":"ReadAction","target":["https:\/\/www.sonoraenequipo.com.mx\/llega-el-buen-fin-2019\/"]}]},{"@type":"ImageObject","inLanguage":"es","@id":"https:\/\/www.sonoraenequipo.com.mx\/llega-el-buen-fin-2019\/#primaryimage","url":"https:\/\/www.sonoraenequipo.com.mx\/storage\/2019\/11\/buen-fin2019_opt.jpg","contentUrl":"https:\/\/www.sonoraenequipo.com.mx\/storage\/2019\/11\/buen-fin2019_opt.jpg","width":600,"height":400,"caption":"."},{"@type":"BreadcrumbList","@id":"https:\/\/www.sonoraenequipo.com.mx\/llega-el-buen-fin-2019\/#breadcrumb","itemListElement":[{"@type":"ListItem","position":1,"name":"Portada","item":"https:\/\/www.sonoraenequipo.com.mx\/"},{"@type":"ListItem","position":2,"name":"Llega el Buen Fin 2019"}]},{"@type":"WebSite","@id":"https:\/\/www.sonoraenequipo.com.mx\/#website","url":"https:\/\/www.sonoraenequipo.com.mx\/","name":"Sonora en Equipo.","description":"Diario en l\u00ednea con Noticias desde Hermosillo, Sonora","publisher":{"@id":"https:\/\/www.sonoraenequipo.com.mx\/#organization"},"potentialAction":[{"@type":"SearchAction","target":{"@type":"EntryPoint","urlTemplate":"https:\/\/www.sonoraenequipo.com.mx\/?s={search_term_string}"},"query-input":{"@type":"PropertyValueSpecification","valueRequired":true,"valueName":"search_term_string"}}],"inLanguage":"es"},{"@type":"Organization","@id":"https:\/\/www.sonoraenequipo.com.mx\/#organization","name":"Sonoraenequipo.com.mx","url":"https:\/\/www.sonoraenequipo.com.mx\/","logo":{"@type":"ImageObject","inLanguage":"es","@id":"https:\/\/www.sonoraenequipo.com.mx\/#\/schema\/logo\/image\/","url":"https:\/\/www.sonoraenequipo.com.mx\/storage\/2019\/01\/sonoraenequipo_opt.png","contentUrl":"https:\/\/www.sonoraenequipo.com.mx\/storage\/2019\/01\/sonoraenequipo_opt.png","width":375,"height":125,"caption":"Sonoraenequipo.com.mx"},"image":{"@id":"https:\/\/www.sonoraenequipo.com.mx\/#\/schema\/logo\/image\/"},"sameAs":["https:\/\/www.facebook.com\/SonoraEE\/","https:\/\/x.com\/sonoraenequipo","https:\/\/www.youtube.com\/channel\/UC338nW-lPEYmJQs4ZABQ1SQ"]},{"@type":"Person","@id":"https:\/\/www.sonoraenequipo.com.mx\/#\/schema\/person\/50102df0fb23a8fa9e8effad8fa81386","name":"enequipo","image":{"@type":"ImageObject","inLanguage":"es","@id":"https:\/\/www.sonoraenequipo.com.mx\/#\/schema\/person\/image\/","url":"https:\/\/secure.gravatar.com\/avatar\/049821681b589dabc0bc20695993ccebb09f5b5d4d790cd9251b97faac7c652b?s=96&d=blank&r=g","contentUrl":"https:\/\/secure.gravatar.com\/avatar\/049821681b589dabc0bc20695993ccebb09f5b5d4d790cd9251b97faac7c652b?s=96&d=blank&r=g","caption":"enequipo"},"sameAs":["https:\/\/www.facebook.com\/SonoraEE"]}]}},"jetpack_featured_media_url":"https:\/\/www.sonoraenequipo.com.mx\/storage\/2019\/11\/buen-fin2019_opt.jpg","_links":{"self":[{"href":"https:\/\/www.sonoraenequipo.com.mx\/api\/wp\/v2\/posts\/70018","targetHints":{"allow":["GET"]}}],"collection":[{"href":"https:\/\/www.sonoraenequipo.com.mx\/api\/wp\/v2\/posts"}],"about":[{"href":"https:\/\/www.sonoraenequipo.com.mx\/api\/wp\/v2\/types\/post"}],"author":[{"embeddable":true,"href":"https:\/\/www.sonoraenequipo.com.mx\/api\/wp\/v2\/users\/1"}],"replies":[{"embeddable":true,"href":"https:\/\/www.sonoraenequipo.com.mx\/api\/wp\/v2\/comments?post=70018"}],"version-history":[{"count":0,"href":"https:\/\/www.sonoraenequipo.com.mx\/api\/wp\/v2\/posts\/70018\/revisions"}],"wp:featuredmedia":[{"embeddable":true,"href":"https:\/\/www.sonoraenequipo.com.mx\/api\/wp\/v2\/media\/70022"}],"wp:attachment":[{"href":"https:\/\/www.sonoraenequipo.com.mx\/api\/wp\/v2\/media?parent=70018"}],"wp:term":[{"taxonomy":"category","embeddable":true,"href":"https:\/\/www.sonoraenequipo.com.mx\/api\/wp\/v2\/categories?post=70018"},{"taxonomy":"post_tag","embeddable":true,"href":"https:\/\/www.sonoraenequipo.com.mx\/api\/wp\/v2\/tags?post=70018"}],"curies":[{"name":"wp","href":"https:\/\/api.w.org\/{rel}","templated":true}]}}