{"id":70024,"date":"2019-11-01T08:50:53","date_gmt":"2019-11-01T15:50:53","guid":{"rendered":"https:\/\/www.sonoraenequipo.com.mx\/?p=70024"},"modified":"2019-11-01T14:01:03","modified_gmt":"2019-11-01T21:01:03","slug":"alertan-por-presunto-agresor-sexual-en-transporte-publico","status":"publish","type":"post","link":"https:\/\/www.sonoraenequipo.com.mx\/alertan-por-presunto-agresor-sexual-en-transporte-publico\/","title":{"rendered":"Alertan por presunto agresor sexual en transporte p\u00fablico"},"content":{"rendered":"<p>HERMOSILLO, Sonora.- Dentro de las l\u00edneas de transporte urbano en Hermosillo hay un acosador que fue denunciado ante la Fiscal\u00eda General de Justicia del Estado, inform\u00f3 una de las v\u00edctimas.<\/p>\n<p> <\/p>\n<p>La mujer estudiante universitaria denunci\u00f3 a trav\u00e9s de su red social que el pasado martes abord\u00f3 la l\u00ednea 11, no pasaron ni 5 minutos cuando sinti\u00f3 que alguien le rompi\u00f3 la parte trasera del pantal\u00f3n.<\/p>\n<p>&nbsp;<\/p>\n<p>La testigo que prefiri\u00f3 omitir su nombre por seguridad coment\u00f3 que sinti\u00f3 algo helado lo que fue algo anormal y coloc\u00f3 su manos en la regi\u00f3n de los gl\u00fateos, ah\u00ed se percat\u00f3 que el pantal\u00f3n estaba rasgado.<\/p>\n<p>&nbsp;<\/p>\n<p><em>\u00abEn el momento de sentir el empuj\u00f3n de la persona en la espalda, despu\u00e9s sent\u00ed lo helado entonces fue ah\u00ed cuando me mov\u00ed, me cheque y ya me di cuenta de lo que hab\u00eda pasado, por instinto lo que hice fue voltear y preguntar quien me hab\u00eda roto el pantal\u00f3n\u00bb<\/em>, relat\u00f3.<\/p>\n<p>&nbsp;<\/p>\n<p>Hab\u00eda dos hombres tras de ella, uno no volte\u00f3 y el otro neg\u00f3 que hubiera sido, mostrando sus manos en se\u00f1al que no portaba nada.<\/p>\n<p>&nbsp;<\/p>\n<p><em>\u00abLo que hice fue decir m\u00e1s fuerte que alguien me acababa de romper el pantal\u00f3n con una navaja, y pues despu\u00e9s de ver que nadie dijo nada, nadie hizo nada, lo que hice yo fue pedir la parada\u00bb,<\/em> cont\u00f3.<\/p>\n<p>&nbsp;<\/p>\n<p>En el momento nadie le dio apoyo, dijo, nadie le pregunt\u00f3 que estaba pasando, pidi\u00f3 a las autoridades que haya un protocolo de seguridad dentro de las unidades de transporte urbano cuando un usuario exclame auxilio.<\/p>\n<p>&nbsp;<\/p>\n<p>Al siguiente d\u00eda, indic\u00f3, con el apoyo de sus padres y hermanas le tomaron la denuncia en la Fiscal\u00eda General de Justicia del Estado a interponer una denuncia.<\/p>\n<p>&nbsp;<\/p>\n<p><em>\u00abEl Ministerio P\u00fablico, el se\u00f1or que me atendi\u00f3, me dijo que era el noveno caso de los que presentaban en las \u00faltimas dos semanas, yo era la novena y apenas un d\u00eda anterior, el d\u00eda lunes le toc\u00f3 el caso de una muchacha con una historia muy similar\u00bb<\/em>, manifest\u00f3.<\/p>\n<p>&nbsp;<\/p>\n<p>La denunciante se\u00f1al\u00f3 que nunca hab\u00eda pasado una experiencia similar y desde que pas\u00f3 el incidente evita tomar el cami\u00f3n.<\/p>\n<p>&nbsp;<\/p>\n<p>PUBLICADO EL 01\/11\/2019)<\/p>\n","protected":false},"excerpt":{"rendered":"<p>HERMOSILLO, Sonora.- Dentro de las l\u00edneas de transporte urbano en Hermosillo hay un acosador que&#8230;<\/p>\n","protected":false},"author":1,"featured_media":70026,"comment_status":"open","ping_status":"open","sticky":false,"template":"","format":"standard","meta":{"_monsterinsights_skip_tracking":false,"_monsterinsights_sitenote_active":false,"_monsterinsights_sitenote_note":"","_monsterinsights_sitenote_category":0,"footnotes":""},"categories":[3144],"tags":[],"class_list":["post"],"yoast_head":" \n<title>Sonora en Equipo. Alertan por presunto agresor sexual en transporte p\u00fablico Polic\u00edaca<\/title>\n<meta name=\"description\" content=\"HERMOSILLO, Sonora.- Dentro de las l\u00edneas de transporte urbano en Hermosillo hay un acosador que fue denunciado ante la Fiscal\u00eda General de Justicia del En Sonora en Equipo publicamos toda la informaci\u00f3n de Sonora, M\u00e9xico y el Mundo de manera oportuna y busca que la libertad de expresi\u00f3n sea real. Visita nuestro medio informativo publicado desde Hermosillo, Sonora. %\" \/>\n<meta name=\"robots\" content=\"index, follow, max-snippet:-1, max-image-preview:large, max-video-preview:-1\" \/>\n<link rel=\"canonical\" href=\"https:\/\/www.sonoraenequipo.com.mx\/alertan-por-presunto-agresor-sexual-en-transporte-publico\/\" \/>\n<meta property=\"og:locale\" content=\"es_ES\" \/>\n<meta property=\"og:type\" content=\"article\" \/>\n<meta property=\"og:title\" content=\"Sonora en Equipo. Alertan por presunto agresor sexual en transporte p\u00fablico Polic\u00edaca\" \/>\n<meta property=\"og:description\" content=\"HERMOSILLO, Sonora.- Dentro de las l\u00edneas de transporte urbano en Hermosillo hay un acosador que fue denunciado ante la Fiscal\u00eda General de Justicia del En Sonora en Equipo publicamos toda la informaci\u00f3n de Sonora, M\u00e9xico y el Mundo de manera oportuna y busca que la libertad de expresi\u00f3n sea real. Visita nuestro medio informativo publicado desde Hermosillo, Sonora. %\" \/>\n<meta property=\"og:url\" content=\"https:\/\/www.sonoraenequipo.com.mx\/alertan-por-presunto-agresor-sexual-en-transporte-publico\/\" \/>\n<meta property=\"og:site_name\" content=\"Sonora en Equipo.\" \/>\n<meta property=\"article:publisher\" content=\"https:\/\/www.facebook.com\/SonoraEE\/\" \/>\n<meta property=\"article:author\" content=\"https:\/\/www.facebook.com\/SonoraEE\" \/>\n<meta property=\"article:published_time\" content=\"2019-11-01T15:50:53+00:00\" \/>\n<meta property=\"article:modified_time\" content=\"2019-11-01T21:01:03+00:00\" \/>\n<meta property=\"og:image\" content=\"https:\/\/www.sonoraenequipo.com.mx\/storage\/2019\/11\/roparota2_opt.jpg\" \/>\n\t<meta property=\"og:image:width\" content=\"369\" \/>\n\t<meta property=\"og:image:height\" content=\"400\" \/>\n\t<meta property=\"og:image:type\" content=\"image\/jpeg\" \/>\n<meta name=\"author\" content=\"enequipo\" \/>\n<meta name=\"twitter:card\" content=\"summary_large_image\" \/>\n<meta name=\"twitter:creator\" content=\"@sonoraenequipo\" \/>\n<meta name=\"twitter:site\" content=\"@sonoraenequipo\" \/>\n<meta name=\"twitter:label1\" content=\"Escrito por\" \/>\n\t<meta name=\"twitter:data1\" content=\"enequipo\" \/>\n\t<meta name=\"twitter:label2\" content=\"Tiempo de lectura\" \/>\n\t<meta name=\"twitter:data2\" content=\"2 minutos\" \/>\n<script type=\"application\/ld+json\" class=\"yoast-schema-graph\">{\"@context\":\"https:\/\/schema.org\",\"@graph\":[{\"@type\":\"Article\",\"@id\":\"https:\/\/www.sonoraenequipo.com.mx\/alertan-por-presunto-agresor-sexual-en-transporte-publico\/#article\",\"isPartOf\":{\"@id\":\"https:\/\/www.sonoraenequipo.com.mx\/alertan-por-presunto-agresor-sexual-en-transporte-publico\/\"},\"author\":{\"name\":\"enequipo\",\"@id\":\"https:\/\/www.sonoraenequipo.com.mx\/#\/schema\/person\/50102df0fb23a8fa9e8effad8fa81386\"},\"headline\":\"Alertan por presunto agresor sexual en transporte p\u00fablico\",\"datePublished\":\"2019-11-01T15:50:53+00:00\",\"dateModified\":\"2019-11-01T21:01:03+00:00\",\"mainEntityOfPage\":{\"@id\":\"https:\/\/www.sonoraenequipo.com.mx\/alertan-por-presunto-agresor-sexual-en-transporte-publico\/\"},\"wordCount\":397,\"commentCount\":0,\"publisher\":{\"@id\":\"https:\/\/www.sonoraenequipo.com.mx\/#organization\"},\"image\":{\"@id\":\"https:\/\/www.sonoraenequipo.com.mx\/alertan-por-presunto-agresor-sexual-en-transporte-publico\/#primaryimage\"},\"thumbnailUrl\":\"https:\/\/www.sonoraenequipo.com.mx\/storage\/2019\/11\/roparota2_opt.jpg\",\"articleSection\":[\"Polic\u00edaca\"],\"inLanguage\":\"es\",\"potentialAction\":[{\"@type\":\"CommentAction\",\"name\":\"Comment\",\"target\":[\"https:\/\/www.sonoraenequipo.com.mx\/alertan-por-presunto-agresor-sexual-en-transporte-publico\/#respond\"]}]},{\"@type\":\"WebPage\",\"@id\":\"https:\/\/www.sonoraenequipo.com.mx\/alertan-por-presunto-agresor-sexual-en-transporte-publico\/\",\"url\":\"https:\/\/www.sonoraenequipo.com.mx\/alertan-por-presunto-agresor-sexual-en-transporte-publico\/\",\"name\":\"Sonora en Equipo. Alertan por presunto agresor sexual en transporte p\u00fablico Polic\u00edaca\",\"isPartOf\":{\"@id\":\"https:\/\/www.sonoraenequipo.com.mx\/#website\"},\"primaryImageOfPage\":{\"@id\":\"https:\/\/www.sonoraenequipo.com.mx\/alertan-por-presunto-agresor-sexual-en-transporte-publico\/#primaryimage\"},\"image\":{\"@id\":\"https:\/\/www.sonoraenequipo.com.mx\/alertan-por-presunto-agresor-sexual-en-transporte-publico\/#primaryimage\"},\"thumbnailUrl\":\"https:\/\/www.sonoraenequipo.com.mx\/storage\/2019\/11\/roparota2_opt.jpg\",\"datePublished\":\"2019-11-01T15:50:53+00:00\",\"dateModified\":\"2019-11-01T21:01:03+00:00\",\"description\":\"HERMOSILLO, Sonora.- Dentro de las l\u00edneas de transporte urbano en Hermosillo hay un acosador que fue denunciado ante la Fiscal\u00eda General de Justicia del En Sonora en Equipo publicamos toda la informaci\u00f3n de Sonora, M\u00e9xico y el Mundo de manera oportuna y busca que la libertad de expresi\u00f3n sea real. Visita nuestro medio informativo publicado desde Hermosillo, Sonora. %\",\"breadcrumb\":{\"@id\":\"https:\/\/www.sonoraenequipo.com.mx\/alertan-por-presunto-agresor-sexual-en-transporte-publico\/#breadcrumb\"},\"inLanguage\":\"es\",\"potentialAction\":[{\"@type\":\"ReadAction\",\"target\":[\"https:\/\/www.sonoraenequipo.com.mx\/alertan-por-presunto-agresor-sexual-en-transporte-publico\/\"]}]},{\"@type\":\"ImageObject\",\"inLanguage\":\"es\",\"@id\":\"https:\/\/www.sonoraenequipo.com.mx\/alertan-por-presunto-agresor-sexual-en-transporte-publico\/#primaryimage\",\"url\":\"https:\/\/www.sonoraenequipo.com.mx\/storage\/2019\/11\/roparota2_opt.jpg\",\"contentUrl\":\"https:\/\/www.sonoraenequipo.com.mx\/storage\/2019\/11\/roparota2_opt.jpg\",\"width\":369,\"height\":400},{\"@type\":\"BreadcrumbList\",\"@id\":\"https:\/\/www.sonoraenequipo.com.mx\/alertan-por-presunto-agresor-sexual-en-transporte-publico\/#breadcrumb\",\"itemListElement\":[{\"@type\":\"ListItem\",\"position\":1,\"name\":\"Portada\",\"item\":\"https:\/\/www.sonoraenequipo.com.mx\/\"},{\"@type\":\"ListItem\",\"position\":2,\"name\":\"Alertan por presunto agresor sexual en transporte p\u00fablico\"}]},{\"@type\":\"WebSite\",\"@id\":\"https:\/\/www.sonoraenequipo.com.mx\/#website\",\"url\":\"https:\/\/www.sonoraenequipo.com.mx\/\",\"name\":\"Sonora en Equipo.\",\"description\":\"Diario en l\u00ednea con Noticias desde Hermosillo, Sonora\",\"publisher\":{\"@id\":\"https:\/\/www.sonoraenequipo.com.mx\/#organization\"},\"potentialAction\":[{\"@type\":\"SearchAction\",\"target\":{\"@type\":\"EntryPoint\",\"urlTemplate\":\"https:\/\/www.sonoraenequipo.com.mx\/?s={search_term_string}\"},\"query-input\":{\"@type\":\"PropertyValueSpecification\",\"valueRequired\":true,\"valueName\":\"search_term_string\"}}],\"inLanguage\":\"es\"},{\"@type\":\"Organization\",\"@id\":\"https:\/\/www.sonoraenequipo.com.mx\/#organization\",\"name\":\"Sonoraenequipo.com.mx\",\"url\":\"https:\/\/www.sonoraenequipo.com.mx\/\",\"logo\":{\"@type\":\"ImageObject\",\"inLanguage\":\"es\",\"@id\":\"https:\/\/www.sonoraenequipo.com.mx\/#\/schema\/logo\/image\/\",\"url\":\"https:\/\/www.sonoraenequipo.com.mx\/storage\/2019\/01\/sonoraenequipo_opt.png\",\"contentUrl\":\"https:\/\/www.sonoraenequipo.com.mx\/storage\/2019\/01\/sonoraenequipo_opt.png\",\"width\":375,\"height\":125,\"caption\":\"Sonoraenequipo.com.mx\"},\"image\":{\"@id\":\"https:\/\/www.sonoraenequipo.com.mx\/#\/schema\/logo\/image\/\"},\"sameAs\":[\"https:\/\/www.facebook.com\/SonoraEE\/\",\"https:\/\/x.com\/sonoraenequipo\",\"https:\/\/www.youtube.com\/channel\/UC338nW-lPEYmJQs4ZABQ1SQ\"]},{\"@type\":\"Person\",\"@id\":\"https:\/\/www.sonoraenequipo.com.mx\/#\/schema\/person\/50102df0fb23a8fa9e8effad8fa81386\",\"name\":\"enequipo\",\"image\":{\"@type\":\"ImageObject\",\"inLanguage\":\"es\",\"@id\":\"https:\/\/www.sonoraenequipo.com.mx\/#\/schema\/person\/image\/\",\"url\":\"https:\/\/secure.gravatar.com\/avatar\/049821681b589dabc0bc20695993ccebb09f5b5d4d790cd9251b97faac7c652b?s=96&d=blank&r=g\",\"contentUrl\":\"https:\/\/secure.gravatar.com\/avatar\/049821681b589dabc0bc20695993ccebb09f5b5d4d790cd9251b97faac7c652b?s=96&d=blank&r=g\",\"caption\":\"enequipo\"},\"sameAs\":[\"https:\/\/www.facebook.com\/SonoraEE\"]}]}<\/script>\n ","yoast_head_json":{"title":"Sonora en Equipo. Alertan por presunto agresor sexual en transporte p\u00fablico Polic\u00edaca","description":"HERMOSILLO, Sonora.- Dentro de las l\u00edneas de transporte urbano en Hermosillo hay un acosador que fue denunciado ante la Fiscal\u00eda General de Justicia del En Sonora en Equipo publicamos toda la informaci\u00f3n de Sonora, M\u00e9xico y el Mundo de manera oportuna y busca que la libertad de expresi\u00f3n sea real. Visita nuestro medio informativo publicado desde Hermosillo, Sonora. %","robots":{"index":"index","follow":"follow","max-snippet":"max-snippet:-1","max-image-preview":"max-image-preview:large","max-video-preview":"max-video-preview:-1"},"canonical":"https:\/\/www.sonoraenequipo.com.mx\/alertan-por-presunto-agresor-sexual-en-transporte-publico\/","og_locale":"es_ES","og_type":"article","og_title":"Sonora en Equipo. Alertan por presunto agresor sexual en transporte p\u00fablico Polic\u00edaca","og_description":"HERMOSILLO, Sonora.- Dentro de las l\u00edneas de transporte urbano en Hermosillo hay un acosador que fue denunciado ante la Fiscal\u00eda General de Justicia del En Sonora en Equipo publicamos toda la informaci\u00f3n de Sonora, M\u00e9xico y el Mundo de manera oportuna y busca que la libertad de expresi\u00f3n sea real. Visita nuestro medio informativo publicado desde Hermosillo, Sonora. %","og_url":"https:\/\/www.sonoraenequipo.com.mx\/alertan-por-presunto-agresor-sexual-en-transporte-publico\/","og_site_name":"Sonora en Equipo.","article_publisher":"https:\/\/www.facebook.com\/SonoraEE\/","article_author":"https:\/\/www.facebook.com\/SonoraEE","article_published_time":"2019-11-01T15:50:53+00:00","article_modified_time":"2019-11-01T21:01:03+00:00","og_image":[{"width":369,"height":400,"url":"https:\/\/www.sonoraenequipo.com.mx\/storage\/2019\/11\/roparota2_opt.jpg","type":"image\/jpeg"}],"author":"enequipo","twitter_card":"summary_large_image","twitter_creator":"@sonoraenequipo","twitter_site":"@sonoraenequipo","twitter_misc":{"Escrito por":"enequipo","Tiempo de lectura":"2 minutos"},"schema":{"@context":"https:\/\/schema.org","@graph":[{"@type":"Article","@id":"https:\/\/www.sonoraenequipo.com.mx\/alertan-por-presunto-agresor-sexual-en-transporte-publico\/#article","isPartOf":{"@id":"https:\/\/www.sonoraenequipo.com.mx\/alertan-por-presunto-agresor-sexual-en-transporte-publico\/"},"author":{"name":"enequipo","@id":"https:\/\/www.sonoraenequipo.com.mx\/#\/schema\/person\/50102df0fb23a8fa9e8effad8fa81386"},"headline":"Alertan por presunto agresor sexual en transporte p\u00fablico","datePublished":"2019-11-01T15:50:53+00:00","dateModified":"2019-11-01T21:01:03+00:00","mainEntityOfPage":{"@id":"https:\/\/www.sonoraenequipo.com.mx\/alertan-por-presunto-agresor-sexual-en-transporte-publico\/"},"wordCount":397,"commentCount":0,"publisher":{"@id":"https:\/\/www.sonoraenequipo.com.mx\/#organization"},"image":{"@id":"https:\/\/www.sonoraenequipo.com.mx\/alertan-por-presunto-agresor-sexual-en-transporte-publico\/#primaryimage"},"thumbnailUrl":"https:\/\/www.sonoraenequipo.com.mx\/storage\/2019\/11\/roparota2_opt.jpg","articleSection":["Polic\u00edaca"],"inLanguage":"es","potentialAction":[{"@type":"CommentAction","name":"Comment","target":["https:\/\/www.sonoraenequipo.com.mx\/alertan-por-presunto-agresor-sexual-en-transporte-publico\/#respond"]}]},{"@type":"WebPage","@id":"https:\/\/www.sonoraenequipo.com.mx\/alertan-por-presunto-agresor-sexual-en-transporte-publico\/","url":"https:\/\/www.sonoraenequipo.com.mx\/alertan-por-presunto-agresor-sexual-en-transporte-publico\/","name":"Sonora en Equipo. Alertan por presunto agresor sexual en transporte p\u00fablico Polic\u00edaca","isPartOf":{"@id":"https:\/\/www.sonoraenequipo.com.mx\/#website"},"primaryImageOfPage":{"@id":"https:\/\/www.sonoraenequipo.com.mx\/alertan-por-presunto-agresor-sexual-en-transporte-publico\/#primaryimage"},"image":{"@id":"https:\/\/www.sonoraenequipo.com.mx\/alertan-por-presunto-agresor-sexual-en-transporte-publico\/#primaryimage"},"thumbnailUrl":"https:\/\/www.sonoraenequipo.com.mx\/storage\/2019\/11\/roparota2_opt.jpg","datePublished":"2019-11-01T15:50:53+00:00","dateModified":"2019-11-01T21:01:03+00:00","description":"HERMOSILLO, Sonora.- Dentro de las l\u00edneas de transporte urbano en Hermosillo hay un acosador que fue denunciado ante la Fiscal\u00eda General de Justicia del En Sonora en Equipo publicamos toda la informaci\u00f3n de Sonora, M\u00e9xico y el Mundo de manera oportuna y busca que la libertad de expresi\u00f3n sea real. Visita nuestro medio informativo publicado desde Hermosillo, Sonora. %","breadcrumb":{"@id":"https:\/\/www.sonoraenequipo.com.mx\/alertan-por-presunto-agresor-sexual-en-transporte-publico\/#breadcrumb"},"inLanguage":"es","potentialAction":[{"@type":"ReadAction","target":["https:\/\/www.sonoraenequipo.com.mx\/alertan-por-presunto-agresor-sexual-en-transporte-publico\/"]}]},{"@type":"ImageObject","inLanguage":"es","@id":"https:\/\/www.sonoraenequipo.com.mx\/alertan-por-presunto-agresor-sexual-en-transporte-publico\/#primaryimage","url":"https:\/\/www.sonoraenequipo.com.mx\/storage\/2019\/11\/roparota2_opt.jpg","contentUrl":"https:\/\/www.sonoraenequipo.com.mx\/storage\/2019\/11\/roparota2_opt.jpg","width":369,"height":400},{"@type":"BreadcrumbList","@id":"https:\/\/www.sonoraenequipo.com.mx\/alertan-por-presunto-agresor-sexual-en-transporte-publico\/#breadcrumb","itemListElement":[{"@type":"ListItem","position":1,"name":"Portada","item":"https:\/\/www.sonoraenequipo.com.mx\/"},{"@type":"ListItem","position":2,"name":"Alertan por presunto agresor sexual en transporte p\u00fablico"}]},{"@type":"WebSite","@id":"https:\/\/www.sonoraenequipo.com.mx\/#website","url":"https:\/\/www.sonoraenequipo.com.mx\/","name":"Sonora en Equipo.","description":"Diario en l\u00ednea con Noticias desde Hermosillo, Sonora","publisher":{"@id":"https:\/\/www.sonoraenequipo.com.mx\/#organization"},"potentialAction":[{"@type":"SearchAction","target":{"@type":"EntryPoint","urlTemplate":"https:\/\/www.sonoraenequipo.com.mx\/?s={search_term_string}"},"query-input":{"@type":"PropertyValueSpecification","valueRequired":true,"valueName":"search_term_string"}}],"inLanguage":"es"},{"@type":"Organization","@id":"https:\/\/www.sonoraenequipo.com.mx\/#organization","name":"Sonoraenequipo.com.mx","url":"https:\/\/www.sonoraenequipo.com.mx\/","logo":{"@type":"ImageObject","inLanguage":"es","@id":"https:\/\/www.sonoraenequipo.com.mx\/#\/schema\/logo\/image\/","url":"https:\/\/www.sonoraenequipo.com.mx\/storage\/2019\/01\/sonoraenequipo_opt.png","contentUrl":"https:\/\/www.sonoraenequipo.com.mx\/storage\/2019\/01\/sonoraenequipo_opt.png","width":375,"height":125,"caption":"Sonoraenequipo.com.mx"},"image":{"@id":"https:\/\/www.sonoraenequipo.com.mx\/#\/schema\/logo\/image\/"},"sameAs":["https:\/\/www.facebook.com\/SonoraEE\/","https:\/\/x.com\/sonoraenequipo","https:\/\/www.youtube.com\/channel\/UC338nW-lPEYmJQs4ZABQ1SQ"]},{"@type":"Person","@id":"https:\/\/www.sonoraenequipo.com.mx\/#\/schema\/person\/50102df0fb23a8fa9e8effad8fa81386","name":"enequipo","image":{"@type":"ImageObject","inLanguage":"es","@id":"https:\/\/www.sonoraenequipo.com.mx\/#\/schema\/person\/image\/","url":"https:\/\/secure.gravatar.com\/avatar\/049821681b589dabc0bc20695993ccebb09f5b5d4d790cd9251b97faac7c652b?s=96&d=blank&r=g","contentUrl":"https:\/\/secure.gravatar.com\/avatar\/049821681b589dabc0bc20695993ccebb09f5b5d4d790cd9251b97faac7c652b?s=96&d=blank&r=g","caption":"enequipo"},"sameAs":["https:\/\/www.facebook.com\/SonoraEE"]}]}},"jetpack_featured_media_url":"https:\/\/www.sonoraenequipo.com.mx\/storage\/2019\/11\/roparota2_opt.jpg","_links":{"self":[{"href":"https:\/\/www.sonoraenequipo.com.mx\/api\/wp\/v2\/posts\/70024","targetHints":{"allow":["GET"]}}],"collection":[{"href":"https:\/\/www.sonoraenequipo.com.mx\/api\/wp\/v2\/posts"}],"about":[{"href":"https:\/\/www.sonoraenequipo.com.mx\/api\/wp\/v2\/types\/post"}],"author":[{"embeddable":true,"href":"https:\/\/www.sonoraenequipo.com.mx\/api\/wp\/v2\/users\/1"}],"replies":[{"embeddable":true,"href":"https:\/\/www.sonoraenequipo.com.mx\/api\/wp\/v2\/comments?post=70024"}],"version-history":[{"count":0,"href":"https:\/\/www.sonoraenequipo.com.mx\/api\/wp\/v2\/posts\/70024\/revisions"}],"wp:featuredmedia":[{"embeddable":true,"href":"https:\/\/www.sonoraenequipo.com.mx\/api\/wp\/v2\/media\/70026"}],"wp:attachment":[{"href":"https:\/\/www.sonoraenequipo.com.mx\/api\/wp\/v2\/media?parent=70024"}],"wp:term":[{"taxonomy":"category","embeddable":true,"href":"https:\/\/www.sonoraenequipo.com.mx\/api\/wp\/v2\/categories?post=70024"},{"taxonomy":"post_tag","embeddable":true,"href":"https:\/\/www.sonoraenequipo.com.mx\/api\/wp\/v2\/tags?post=70024"}],"curies":[{"name":"wp","href":"https:\/\/api.w.org\/{rel}","templated":true}]}}