{"id":70036,"date":"2019-11-01T17:45:27","date_gmt":"2019-11-02T00:45:27","guid":{"rendered":"https:\/\/www.sonoraenequipo.com.mx\/?p=70036"},"modified":"2019-11-01T18:23:51","modified_gmt":"2019-11-02T01:23:51","slug":"declaran-con-muerte-cerebral-a-alcalde-de-valle-de-chalco","status":"publish","type":"post","link":"https:\/\/www.sonoraenequipo.com.mx\/declaran-con-muerte-cerebral-a-alcalde-de-valle-de-chalco\/","title":{"rendered":"Declaran con muerte cerebral a alcalde de Valle de Chalco"},"content":{"rendered":"<p>CIUDAD DE M\u00c9XICO, MX. \u2014 Tras sufrir un atentado el pasado martes 29 de octubre, el edil de 46 a\u00f1os de edad fue ingresado al Hospital Regional de Alta Especialidad de Ixtapaluca, donde recibi\u00f3 atenci\u00f3n por parte de un grupo de neurocirujanos.<\/p>\n<p>&nbsp;<\/p>\n<p> <\/p>\n<p>&nbsp;<\/p>\n<p>Sin embargo, debido al da\u00f1o cerebral que present\u00f3 como consecuencia de un disparo de arma de fuego, su estado empeor\u00f3 en d\u00edas posteriores, a pesar de la intervenci\u00f3n del personal m\u00e9dico.<\/p>\n<p>&nbsp;<\/p>\n<p>&nbsp;<\/p>\n<p>Por la ma\u00f1ana, el titular de Salud del Estado de M\u00e9xico, Gabriel O&#8217;Shea Cuevas, dijo que Tenorio Contreras ser\u00eda sometido al electroencefalograma para determinar si presentaba actividad cerebral y detall\u00f3 que el martes le practicaron al alcalde una craneotom\u00eda para descomprimir el edema cerebral, aparte de que present\u00f3 una hemorragia subaracnoidea, hematoma subdural y un desequilibrio electrol\u00edtico.<\/p>\n<p>&nbsp;<\/p>\n<p>&nbsp;<\/p>\n<p>O&#8217;Shea Cuevas reconoci\u00f3 que empeor\u00f3 el estado de salud del edil para la ma\u00f1ana de este viernes, porque presentaba una hipertensi\u00f3n intracraneal de 66 a 70, que es <em>\u00abalt\u00edsima\u00bb,<\/em> y acot\u00f3 que lleg\u00f3 al hospital con una lesi\u00f3n cerebral catastr\u00f3fica.<\/p>\n<p>&nbsp;<\/p>\n<p>&nbsp;<\/p>\n<p>El alcalde de Valle de Chalco sufri\u00f3 un atentado despu\u00e9s de realizar una gira de trabajo por el fraccionamiento Geovillas de la Asunci\u00f3n.<\/p>\n<p>&nbsp;<\/p>\n<p>&nbsp;<\/p>\n<p>Seg\u00fan la cronolog\u00eda de los hechos que relat\u00f3 el fiscal general de Justicia, Alejandro G\u00f3mez S\u00e1nchez, tras concluir esta reuni\u00f3n con vecinos de la localidad, dos j\u00f3venes abordaron al edil para solicitarle que se tomara una fotograf\u00eda con ellos en la calle Bah\u00eda de todos los Santos.<\/p>\n<p>&nbsp;<\/p>\n<p>&nbsp;<\/p>\n<p>M\u00e1s tarde le dio un <em>\u00abavent\u00f3n\u00bb<\/em> a uno de ellos, quien minutos despu\u00e9s accion\u00f3 un arma en su contra.<\/p>\n<p>&nbsp;<\/p>\n<p>&nbsp;<\/p>\n<p>PUBLICADO EL 01\/11\/2019\/ EL SIGLO DE TORRE\u00d3N)<\/p>\n","protected":false},"excerpt":{"rendered":"<p>CIUDAD DE M\u00c9XICO, MX. \u2014 Tras sufrir un atentado el pasado martes 29 de octubre,&#8230;<\/p>\n","protected":false},"author":1,"featured_media":70037,"comment_status":"open","ping_status":"open","sticky":false,"template":"","format":"standard","meta":{"_monsterinsights_skip_tracking":false,"_monsterinsights_sitenote_active":false,"_monsterinsights_sitenote_note":"","_monsterinsights_sitenote_category":0,"footnotes":""},"categories":[5],"tags":[],"class_list":["post"],"yoast_head":" \n<title>Sonora en Equipo. Declaran con muerte cerebral a alcalde de Valle de Chalco Rep\u00fablica<\/title>\n<meta name=\"description\" content=\"CIUDAD DE M\u00c9XICO, MX. \u2014 Tras sufrir un atentado el pasado martes 29 de octubre, el edil de 46 a\u00f1os de edad fue ingresado al Hospital Regional de Alta En Sonora en Equipo publicamos toda la informaci\u00f3n de Sonora, M\u00e9xico y el Mundo de manera oportuna y busca que la libertad de expresi\u00f3n sea real. Visita nuestro medio informativo publicado desde Hermosillo, Sonora. %\" \/>\n<meta name=\"robots\" content=\"index, follow, max-snippet:-1, max-image-preview:large, max-video-preview:-1\" \/>\n<link rel=\"canonical\" href=\"https:\/\/www.sonoraenequipo.com.mx\/declaran-con-muerte-cerebral-a-alcalde-de-valle-de-chalco\/\" \/>\n<meta property=\"og:locale\" content=\"es_ES\" \/>\n<meta property=\"og:type\" content=\"article\" \/>\n<meta property=\"og:title\" content=\"Sonora en Equipo. Declaran con muerte cerebral a alcalde de Valle de Chalco Rep\u00fablica\" \/>\n<meta property=\"og:description\" content=\"CIUDAD DE M\u00c9XICO, MX. \u2014 Tras sufrir un atentado el pasado martes 29 de octubre, el edil de 46 a\u00f1os de edad fue ingresado al Hospital Regional de Alta En Sonora en Equipo publicamos toda la informaci\u00f3n de Sonora, M\u00e9xico y el Mundo de manera oportuna y busca que la libertad de expresi\u00f3n sea real. Visita nuestro medio informativo publicado desde Hermosillo, Sonora. %\" \/>\n<meta property=\"og:url\" content=\"https:\/\/www.sonoraenequipo.com.mx\/declaran-con-muerte-cerebral-a-alcalde-de-valle-de-chalco\/\" \/>\n<meta property=\"og:site_name\" content=\"Sonora en Equipo.\" \/>\n<meta property=\"article:publisher\" content=\"https:\/\/www.facebook.com\/SonoraEE\/\" \/>\n<meta property=\"article:author\" content=\"https:\/\/www.facebook.com\/SonoraEE\" \/>\n<meta property=\"article:published_time\" content=\"2019-11-02T00:45:27+00:00\" \/>\n<meta property=\"article:modified_time\" content=\"2019-11-02T01:23:51+00:00\" \/>\n<meta property=\"og:image\" content=\"https:\/\/www.sonoraenequipo.com.mx\/storage\/2019\/11\/fco_opt.jpg\" \/>\n\t<meta property=\"og:image:width\" content=\"760\" \/>\n\t<meta property=\"og:image:height\" content=\"400\" \/>\n\t<meta property=\"og:image:type\" content=\"image\/jpeg\" \/>\n<meta name=\"author\" content=\"enequipo\" \/>\n<meta name=\"twitter:card\" content=\"summary_large_image\" \/>\n<meta name=\"twitter:creator\" content=\"@sonoraenequipo\" \/>\n<meta name=\"twitter:site\" content=\"@sonoraenequipo\" \/>\n<meta name=\"twitter:label1\" content=\"Escrito por\" \/>\n\t<meta name=\"twitter:data1\" content=\"enequipo\" \/>\n\t<meta name=\"twitter:label2\" content=\"Tiempo de lectura\" \/>\n\t<meta name=\"twitter:data2\" content=\"2 minutos\" \/>\n<script type=\"application\/ld+json\" class=\"yoast-schema-graph\">{\"@context\":\"https:\/\/schema.org\",\"@graph\":[{\"@type\":\"Article\",\"@id\":\"https:\/\/www.sonoraenequipo.com.mx\/declaran-con-muerte-cerebral-a-alcalde-de-valle-de-chalco\/#article\",\"isPartOf\":{\"@id\":\"https:\/\/www.sonoraenequipo.com.mx\/declaran-con-muerte-cerebral-a-alcalde-de-valle-de-chalco\/\"},\"author\":{\"name\":\"enequipo\",\"@id\":\"https:\/\/www.sonoraenequipo.com.mx\/#\/schema\/person\/50102df0fb23a8fa9e8effad8fa81386\"},\"headline\":\"Declaran con muerte cerebral a alcalde de Valle de Chalco\",\"datePublished\":\"2019-11-02T00:45:27+00:00\",\"dateModified\":\"2019-11-02T01:23:51+00:00\",\"mainEntityOfPage\":{\"@id\":\"https:\/\/www.sonoraenequipo.com.mx\/declaran-con-muerte-cerebral-a-alcalde-de-valle-de-chalco\/\"},\"wordCount\":317,\"commentCount\":0,\"publisher\":{\"@id\":\"https:\/\/www.sonoraenequipo.com.mx\/#organization\"},\"image\":{\"@id\":\"https:\/\/www.sonoraenequipo.com.mx\/declaran-con-muerte-cerebral-a-alcalde-de-valle-de-chalco\/#primaryimage\"},\"thumbnailUrl\":\"https:\/\/www.sonoraenequipo.com.mx\/storage\/2019\/11\/fco_opt.jpg\",\"articleSection\":[\"Rep\u00fablica\"],\"inLanguage\":\"es\",\"potentialAction\":[{\"@type\":\"CommentAction\",\"name\":\"Comment\",\"target\":[\"https:\/\/www.sonoraenequipo.com.mx\/declaran-con-muerte-cerebral-a-alcalde-de-valle-de-chalco\/#respond\"]}]},{\"@type\":\"WebPage\",\"@id\":\"https:\/\/www.sonoraenequipo.com.mx\/declaran-con-muerte-cerebral-a-alcalde-de-valle-de-chalco\/\",\"url\":\"https:\/\/www.sonoraenequipo.com.mx\/declaran-con-muerte-cerebral-a-alcalde-de-valle-de-chalco\/\",\"name\":\"Sonora en Equipo. Declaran con muerte cerebral a alcalde de Valle de Chalco Rep\u00fablica\",\"isPartOf\":{\"@id\":\"https:\/\/www.sonoraenequipo.com.mx\/#website\"},\"primaryImageOfPage\":{\"@id\":\"https:\/\/www.sonoraenequipo.com.mx\/declaran-con-muerte-cerebral-a-alcalde-de-valle-de-chalco\/#primaryimage\"},\"image\":{\"@id\":\"https:\/\/www.sonoraenequipo.com.mx\/declaran-con-muerte-cerebral-a-alcalde-de-valle-de-chalco\/#primaryimage\"},\"thumbnailUrl\":\"https:\/\/www.sonoraenequipo.com.mx\/storage\/2019\/11\/fco_opt.jpg\",\"datePublished\":\"2019-11-02T00:45:27+00:00\",\"dateModified\":\"2019-11-02T01:23:51+00:00\",\"description\":\"CIUDAD DE M\u00c9XICO, MX. \u2014 Tras sufrir un atentado el pasado martes 29 de octubre, el edil de 46 a\u00f1os de edad fue ingresado al Hospital Regional de Alta En Sonora en Equipo publicamos toda la informaci\u00f3n de Sonora, M\u00e9xico y el Mundo de manera oportuna y busca que la libertad de expresi\u00f3n sea real. Visita nuestro medio informativo publicado desde Hermosillo, Sonora. %\",\"breadcrumb\":{\"@id\":\"https:\/\/www.sonoraenequipo.com.mx\/declaran-con-muerte-cerebral-a-alcalde-de-valle-de-chalco\/#breadcrumb\"},\"inLanguage\":\"es\",\"potentialAction\":[{\"@type\":\"ReadAction\",\"target\":[\"https:\/\/www.sonoraenequipo.com.mx\/declaran-con-muerte-cerebral-a-alcalde-de-valle-de-chalco\/\"]}]},{\"@type\":\"ImageObject\",\"inLanguage\":\"es\",\"@id\":\"https:\/\/www.sonoraenequipo.com.mx\/declaran-con-muerte-cerebral-a-alcalde-de-valle-de-chalco\/#primaryimage\",\"url\":\"https:\/\/www.sonoraenequipo.com.mx\/storage\/2019\/11\/fco_opt.jpg\",\"contentUrl\":\"https:\/\/www.sonoraenequipo.com.mx\/storage\/2019\/11\/fco_opt.jpg\",\"width\":760,\"height\":400},{\"@type\":\"BreadcrumbList\",\"@id\":\"https:\/\/www.sonoraenequipo.com.mx\/declaran-con-muerte-cerebral-a-alcalde-de-valle-de-chalco\/#breadcrumb\",\"itemListElement\":[{\"@type\":\"ListItem\",\"position\":1,\"name\":\"Portada\",\"item\":\"https:\/\/www.sonoraenequipo.com.mx\/\"},{\"@type\":\"ListItem\",\"position\":2,\"name\":\"Declaran con muerte cerebral a alcalde de Valle de Chalco\"}]},{\"@type\":\"WebSite\",\"@id\":\"https:\/\/www.sonoraenequipo.com.mx\/#website\",\"url\":\"https:\/\/www.sonoraenequipo.com.mx\/\",\"name\":\"Sonora en Equipo.\",\"description\":\"Diario en l\u00ednea con Noticias desde Hermosillo, Sonora\",\"publisher\":{\"@id\":\"https:\/\/www.sonoraenequipo.com.mx\/#organization\"},\"potentialAction\":[{\"@type\":\"SearchAction\",\"target\":{\"@type\":\"EntryPoint\",\"urlTemplate\":\"https:\/\/www.sonoraenequipo.com.mx\/?s={search_term_string}\"},\"query-input\":{\"@type\":\"PropertyValueSpecification\",\"valueRequired\":true,\"valueName\":\"search_term_string\"}}],\"inLanguage\":\"es\"},{\"@type\":\"Organization\",\"@id\":\"https:\/\/www.sonoraenequipo.com.mx\/#organization\",\"name\":\"Sonoraenequipo.com.mx\",\"url\":\"https:\/\/www.sonoraenequipo.com.mx\/\",\"logo\":{\"@type\":\"ImageObject\",\"inLanguage\":\"es\",\"@id\":\"https:\/\/www.sonoraenequipo.com.mx\/#\/schema\/logo\/image\/\",\"url\":\"https:\/\/www.sonoraenequipo.com.mx\/storage\/2019\/01\/sonoraenequipo_opt.png\",\"contentUrl\":\"https:\/\/www.sonoraenequipo.com.mx\/storage\/2019\/01\/sonoraenequipo_opt.png\",\"width\":375,\"height\":125,\"caption\":\"Sonoraenequipo.com.mx\"},\"image\":{\"@id\":\"https:\/\/www.sonoraenequipo.com.mx\/#\/schema\/logo\/image\/\"},\"sameAs\":[\"https:\/\/www.facebook.com\/SonoraEE\/\",\"https:\/\/x.com\/sonoraenequipo\",\"https:\/\/www.youtube.com\/channel\/UC338nW-lPEYmJQs4ZABQ1SQ\"]},{\"@type\":\"Person\",\"@id\":\"https:\/\/www.sonoraenequipo.com.mx\/#\/schema\/person\/50102df0fb23a8fa9e8effad8fa81386\",\"name\":\"enequipo\",\"image\":{\"@type\":\"ImageObject\",\"inLanguage\":\"es\",\"@id\":\"https:\/\/www.sonoraenequipo.com.mx\/#\/schema\/person\/image\/\",\"url\":\"https:\/\/secure.gravatar.com\/avatar\/049821681b589dabc0bc20695993ccebb09f5b5d4d790cd9251b97faac7c652b?s=96&d=blank&r=g\",\"contentUrl\":\"https:\/\/secure.gravatar.com\/avatar\/049821681b589dabc0bc20695993ccebb09f5b5d4d790cd9251b97faac7c652b?s=96&d=blank&r=g\",\"caption\":\"enequipo\"},\"sameAs\":[\"https:\/\/www.facebook.com\/SonoraEE\"]}]}<\/script>\n ","yoast_head_json":{"title":"Sonora en Equipo. Declaran con muerte cerebral a alcalde de Valle de Chalco Rep\u00fablica","description":"CIUDAD DE M\u00c9XICO, MX. \u2014 Tras sufrir un atentado el pasado martes 29 de octubre, el edil de 46 a\u00f1os de edad fue ingresado al Hospital Regional de Alta En Sonora en Equipo publicamos toda la informaci\u00f3n de Sonora, M\u00e9xico y el Mundo de manera oportuna y busca que la libertad de expresi\u00f3n sea real. Visita nuestro medio informativo publicado desde Hermosillo, Sonora. %","robots":{"index":"index","follow":"follow","max-snippet":"max-snippet:-1","max-image-preview":"max-image-preview:large","max-video-preview":"max-video-preview:-1"},"canonical":"https:\/\/www.sonoraenequipo.com.mx\/declaran-con-muerte-cerebral-a-alcalde-de-valle-de-chalco\/","og_locale":"es_ES","og_type":"article","og_title":"Sonora en Equipo. Declaran con muerte cerebral a alcalde de Valle de Chalco Rep\u00fablica","og_description":"CIUDAD DE M\u00c9XICO, MX. \u2014 Tras sufrir un atentado el pasado martes 29 de octubre, el edil de 46 a\u00f1os de edad fue ingresado al Hospital Regional de Alta En Sonora en Equipo publicamos toda la informaci\u00f3n de Sonora, M\u00e9xico y el Mundo de manera oportuna y busca que la libertad de expresi\u00f3n sea real. Visita nuestro medio informativo publicado desde Hermosillo, Sonora. %","og_url":"https:\/\/www.sonoraenequipo.com.mx\/declaran-con-muerte-cerebral-a-alcalde-de-valle-de-chalco\/","og_site_name":"Sonora en Equipo.","article_publisher":"https:\/\/www.facebook.com\/SonoraEE\/","article_author":"https:\/\/www.facebook.com\/SonoraEE","article_published_time":"2019-11-02T00:45:27+00:00","article_modified_time":"2019-11-02T01:23:51+00:00","og_image":[{"width":760,"height":400,"url":"https:\/\/www.sonoraenequipo.com.mx\/storage\/2019\/11\/fco_opt.jpg","type":"image\/jpeg"}],"author":"enequipo","twitter_card":"summary_large_image","twitter_creator":"@sonoraenequipo","twitter_site":"@sonoraenequipo","twitter_misc":{"Escrito por":"enequipo","Tiempo de lectura":"2 minutos"},"schema":{"@context":"https:\/\/schema.org","@graph":[{"@type":"Article","@id":"https:\/\/www.sonoraenequipo.com.mx\/declaran-con-muerte-cerebral-a-alcalde-de-valle-de-chalco\/#article","isPartOf":{"@id":"https:\/\/www.sonoraenequipo.com.mx\/declaran-con-muerte-cerebral-a-alcalde-de-valle-de-chalco\/"},"author":{"name":"enequipo","@id":"https:\/\/www.sonoraenequipo.com.mx\/#\/schema\/person\/50102df0fb23a8fa9e8effad8fa81386"},"headline":"Declaran con muerte cerebral a alcalde de Valle de Chalco","datePublished":"2019-11-02T00:45:27+00:00","dateModified":"2019-11-02T01:23:51+00:00","mainEntityOfPage":{"@id":"https:\/\/www.sonoraenequipo.com.mx\/declaran-con-muerte-cerebral-a-alcalde-de-valle-de-chalco\/"},"wordCount":317,"commentCount":0,"publisher":{"@id":"https:\/\/www.sonoraenequipo.com.mx\/#organization"},"image":{"@id":"https:\/\/www.sonoraenequipo.com.mx\/declaran-con-muerte-cerebral-a-alcalde-de-valle-de-chalco\/#primaryimage"},"thumbnailUrl":"https:\/\/www.sonoraenequipo.com.mx\/storage\/2019\/11\/fco_opt.jpg","articleSection":["Rep\u00fablica"],"inLanguage":"es","potentialAction":[{"@type":"CommentAction","name":"Comment","target":["https:\/\/www.sonoraenequipo.com.mx\/declaran-con-muerte-cerebral-a-alcalde-de-valle-de-chalco\/#respond"]}]},{"@type":"WebPage","@id":"https:\/\/www.sonoraenequipo.com.mx\/declaran-con-muerte-cerebral-a-alcalde-de-valle-de-chalco\/","url":"https:\/\/www.sonoraenequipo.com.mx\/declaran-con-muerte-cerebral-a-alcalde-de-valle-de-chalco\/","name":"Sonora en Equipo. Declaran con muerte cerebral a alcalde de Valle de Chalco Rep\u00fablica","isPartOf":{"@id":"https:\/\/www.sonoraenequipo.com.mx\/#website"},"primaryImageOfPage":{"@id":"https:\/\/www.sonoraenequipo.com.mx\/declaran-con-muerte-cerebral-a-alcalde-de-valle-de-chalco\/#primaryimage"},"image":{"@id":"https:\/\/www.sonoraenequipo.com.mx\/declaran-con-muerte-cerebral-a-alcalde-de-valle-de-chalco\/#primaryimage"},"thumbnailUrl":"https:\/\/www.sonoraenequipo.com.mx\/storage\/2019\/11\/fco_opt.jpg","datePublished":"2019-11-02T00:45:27+00:00","dateModified":"2019-11-02T01:23:51+00:00","description":"CIUDAD DE M\u00c9XICO, MX. \u2014 Tras sufrir un atentado el pasado martes 29 de octubre, el edil de 46 a\u00f1os de edad fue ingresado al Hospital Regional de Alta En Sonora en Equipo publicamos toda la informaci\u00f3n de Sonora, M\u00e9xico y el Mundo de manera oportuna y busca que la libertad de expresi\u00f3n sea real. Visita nuestro medio informativo publicado desde Hermosillo, Sonora. %","breadcrumb":{"@id":"https:\/\/www.sonoraenequipo.com.mx\/declaran-con-muerte-cerebral-a-alcalde-de-valle-de-chalco\/#breadcrumb"},"inLanguage":"es","potentialAction":[{"@type":"ReadAction","target":["https:\/\/www.sonoraenequipo.com.mx\/declaran-con-muerte-cerebral-a-alcalde-de-valle-de-chalco\/"]}]},{"@type":"ImageObject","inLanguage":"es","@id":"https:\/\/www.sonoraenequipo.com.mx\/declaran-con-muerte-cerebral-a-alcalde-de-valle-de-chalco\/#primaryimage","url":"https:\/\/www.sonoraenequipo.com.mx\/storage\/2019\/11\/fco_opt.jpg","contentUrl":"https:\/\/www.sonoraenequipo.com.mx\/storage\/2019\/11\/fco_opt.jpg","width":760,"height":400},{"@type":"BreadcrumbList","@id":"https:\/\/www.sonoraenequipo.com.mx\/declaran-con-muerte-cerebral-a-alcalde-de-valle-de-chalco\/#breadcrumb","itemListElement":[{"@type":"ListItem","position":1,"name":"Portada","item":"https:\/\/www.sonoraenequipo.com.mx\/"},{"@type":"ListItem","position":2,"name":"Declaran con muerte cerebral a alcalde de Valle de Chalco"}]},{"@type":"WebSite","@id":"https:\/\/www.sonoraenequipo.com.mx\/#website","url":"https:\/\/www.sonoraenequipo.com.mx\/","name":"Sonora en Equipo.","description":"Diario en l\u00ednea con Noticias desde Hermosillo, Sonora","publisher":{"@id":"https:\/\/www.sonoraenequipo.com.mx\/#organization"},"potentialAction":[{"@type":"SearchAction","target":{"@type":"EntryPoint","urlTemplate":"https:\/\/www.sonoraenequipo.com.mx\/?s={search_term_string}"},"query-input":{"@type":"PropertyValueSpecification","valueRequired":true,"valueName":"search_term_string"}}],"inLanguage":"es"},{"@type":"Organization","@id":"https:\/\/www.sonoraenequipo.com.mx\/#organization","name":"Sonoraenequipo.com.mx","url":"https:\/\/www.sonoraenequipo.com.mx\/","logo":{"@type":"ImageObject","inLanguage":"es","@id":"https:\/\/www.sonoraenequipo.com.mx\/#\/schema\/logo\/image\/","url":"https:\/\/www.sonoraenequipo.com.mx\/storage\/2019\/01\/sonoraenequipo_opt.png","contentUrl":"https:\/\/www.sonoraenequipo.com.mx\/storage\/2019\/01\/sonoraenequipo_opt.png","width":375,"height":125,"caption":"Sonoraenequipo.com.mx"},"image":{"@id":"https:\/\/www.sonoraenequipo.com.mx\/#\/schema\/logo\/image\/"},"sameAs":["https:\/\/www.facebook.com\/SonoraEE\/","https:\/\/x.com\/sonoraenequipo","https:\/\/www.youtube.com\/channel\/UC338nW-lPEYmJQs4ZABQ1SQ"]},{"@type":"Person","@id":"https:\/\/www.sonoraenequipo.com.mx\/#\/schema\/person\/50102df0fb23a8fa9e8effad8fa81386","name":"enequipo","image":{"@type":"ImageObject","inLanguage":"es","@id":"https:\/\/www.sonoraenequipo.com.mx\/#\/schema\/person\/image\/","url":"https:\/\/secure.gravatar.com\/avatar\/049821681b589dabc0bc20695993ccebb09f5b5d4d790cd9251b97faac7c652b?s=96&d=blank&r=g","contentUrl":"https:\/\/secure.gravatar.com\/avatar\/049821681b589dabc0bc20695993ccebb09f5b5d4d790cd9251b97faac7c652b?s=96&d=blank&r=g","caption":"enequipo"},"sameAs":["https:\/\/www.facebook.com\/SonoraEE"]}]}},"jetpack_featured_media_url":"https:\/\/www.sonoraenequipo.com.mx\/storage\/2019\/11\/fco_opt.jpg","_links":{"self":[{"href":"https:\/\/www.sonoraenequipo.com.mx\/api\/wp\/v2\/posts\/70036","targetHints":{"allow":["GET"]}}],"collection":[{"href":"https:\/\/www.sonoraenequipo.com.mx\/api\/wp\/v2\/posts"}],"about":[{"href":"https:\/\/www.sonoraenequipo.com.mx\/api\/wp\/v2\/types\/post"}],"author":[{"embeddable":true,"href":"https:\/\/www.sonoraenequipo.com.mx\/api\/wp\/v2\/users\/1"}],"replies":[{"embeddable":true,"href":"https:\/\/www.sonoraenequipo.com.mx\/api\/wp\/v2\/comments?post=70036"}],"version-history":[{"count":0,"href":"https:\/\/www.sonoraenequipo.com.mx\/api\/wp\/v2\/posts\/70036\/revisions"}],"wp:featuredmedia":[{"embeddable":true,"href":"https:\/\/www.sonoraenequipo.com.mx\/api\/wp\/v2\/media\/70037"}],"wp:attachment":[{"href":"https:\/\/www.sonoraenequipo.com.mx\/api\/wp\/v2\/media?parent=70036"}],"wp:term":[{"taxonomy":"category","embeddable":true,"href":"https:\/\/www.sonoraenequipo.com.mx\/api\/wp\/v2\/categories?post=70036"},{"taxonomy":"post_tag","embeddable":true,"href":"https:\/\/www.sonoraenequipo.com.mx\/api\/wp\/v2\/tags?post=70036"}],"curies":[{"name":"wp","href":"https:\/\/api.w.org\/{rel}","templated":true}]}}