{"id":70087,"date":"2019-11-01T14:00:56","date_gmt":"2019-11-01T21:00:56","guid":{"rendered":"https:\/\/www.sonoraenequipo.com.mx\/?p=70087"},"modified":"2019-11-01T21:05:33","modified_gmt":"2019-11-02T04:05:33","slug":"bonilla-rinde-protesta-como-gobernador-de-baja-california","status":"publish","type":"post","link":"https:\/\/www.sonoraenequipo.com.mx\/bonilla-rinde-protesta-como-gobernador-de-baja-california\/","title":{"rendered":"Bonilla rinde protesta como gobernador de Baja California"},"content":{"rendered":"<p>MEXICALI, BAJA CALIFORNIA. MX. \u2014 En medio de controversias por la duraci\u00f3n de su mandato, Jaime Bonilla asumi\u00f3 como Gobernador de Baja California durante los primeros minutos de este viernes.<\/p>\n<p>&nbsp;<\/p>\n<p> <\/p>\n<p>&nbsp;<\/p>\n<p>De acuerdo con su agenda, a las 16:00 horas, Bonilla presentar\u00e1 y tomar\u00e1 protesta a su Gabinete en el Centro Cultural Tijuana (Cecut); una hora y media despu\u00e9s saludar\u00e1 a la ciudadan\u00eda en el estacionamiento del mismo inmueble.<\/p>\n<p>&nbsp;<\/p>\n<p>El periodo de su encargo est\u00e1 por definirse en tribunales, pues diversos actores pol\u00edticos han presentado recursos ante la Suprema Corte de Justicia contra la reforma que ampli\u00f3 su gesti\u00f3n de dos a cinco a\u00f1os.<\/p>\n<p>&nbsp;<\/p>\n<p>Apenas este jueves, a unas horas de que Bonilla asumiera como Gobernador, el Instituto Nacional Electoral interpuso una acci\u00f3n de inconstitucionalidad en contra de dicha ley.<\/p>\n<p>&nbsp;<\/p>\n<p>PUBLICADO EL 01\/11\/2019)<\/p>\n","protected":false},"excerpt":{"rendered":"<p>MEXICALI, BAJA CALIFORNIA. MX. \u2014 En medio de controversias por la duraci\u00f3n de su mandato,&#8230;<\/p>\n","protected":false},"author":1,"featured_media":70089,"comment_status":"open","ping_status":"open","sticky":false,"template":"","format":"standard","meta":{"_monsterinsights_skip_tracking":false,"_monsterinsights_sitenote_active":false,"_monsterinsights_sitenote_note":"","_monsterinsights_sitenote_category":0,"footnotes":""},"categories":[5],"tags":[],"class_list":["post"],"yoast_head":" \n<title>Sonora en Equipo. Bonilla rinde protesta como gobernador de Baja California Rep\u00fablica<\/title>\n<meta name=\"description\" content=\"MEXICALI, BAJA CALIFORNIA. MX. \u2014 En medio de controversias por la duraci\u00f3n de su mandato, Jaime Bonilla asumi\u00f3 como Gobernador de Baja California durante En Sonora en Equipo publicamos toda la informaci\u00f3n de Sonora, M\u00e9xico y el Mundo de manera oportuna y busca que la libertad de expresi\u00f3n sea real. Visita nuestro medio informativo publicado desde Hermosillo, Sonora. %\" \/>\n<meta name=\"robots\" content=\"index, follow, max-snippet:-1, max-image-preview:large, max-video-preview:-1\" \/>\n<link rel=\"canonical\" href=\"https:\/\/www.sonoraenequipo.com.mx\/bonilla-rinde-protesta-como-gobernador-de-baja-california\/\" \/>\n<meta property=\"og:locale\" content=\"es_ES\" \/>\n<meta property=\"og:type\" content=\"article\" \/>\n<meta property=\"og:title\" content=\"Sonora en Equipo. Bonilla rinde protesta como gobernador de Baja California Rep\u00fablica\" \/>\n<meta property=\"og:description\" content=\"MEXICALI, BAJA CALIFORNIA. MX. \u2014 En medio de controversias por la duraci\u00f3n de su mandato, Jaime Bonilla asumi\u00f3 como Gobernador de Baja California durante En Sonora en Equipo publicamos toda la informaci\u00f3n de Sonora, M\u00e9xico y el Mundo de manera oportuna y busca que la libertad de expresi\u00f3n sea real. Visita nuestro medio informativo publicado desde Hermosillo, Sonora. %\" \/>\n<meta property=\"og:url\" content=\"https:\/\/www.sonoraenequipo.com.mx\/bonilla-rinde-protesta-como-gobernador-de-baja-california\/\" \/>\n<meta property=\"og:site_name\" content=\"Sonora en Equipo.\" \/>\n<meta property=\"article:publisher\" content=\"https:\/\/www.facebook.com\/SonoraEE\/\" \/>\n<meta property=\"article:author\" content=\"https:\/\/www.facebook.com\/SonoraEE\" \/>\n<meta property=\"article:published_time\" content=\"2019-11-01T21:00:56+00:00\" \/>\n<meta property=\"article:modified_time\" content=\"2019-11-02T04:05:33+00:00\" \/>\n<meta property=\"og:image\" content=\"https:\/\/www.sonoraenequipo.com.mx\/storage\/2019\/11\/jaime-bonilla-asumio-gobernador-baja_opt.jpg\" \/>\n\t<meta property=\"og:image:width\" content=\"643\" \/>\n\t<meta property=\"og:image:height\" content=\"400\" \/>\n\t<meta property=\"og:image:type\" content=\"image\/jpeg\" \/>\n<meta name=\"author\" content=\"enequipo\" \/>\n<meta name=\"twitter:card\" content=\"summary_large_image\" \/>\n<meta name=\"twitter:creator\" content=\"@sonoraenequipo\" \/>\n<meta name=\"twitter:site\" content=\"@sonoraenequipo\" \/>\n<meta name=\"twitter:label1\" content=\"Escrito por\" \/>\n\t<meta name=\"twitter:data1\" content=\"enequipo\" \/>\n\t<meta name=\"twitter:label2\" content=\"Tiempo de lectura\" \/>\n\t<meta name=\"twitter:data2\" content=\"1 minuto\" \/>\n<script type=\"application\/ld+json\" class=\"yoast-schema-graph\">{\"@context\":\"https:\/\/schema.org\",\"@graph\":[{\"@type\":\"Article\",\"@id\":\"https:\/\/www.sonoraenequipo.com.mx\/bonilla-rinde-protesta-como-gobernador-de-baja-california\/#article\",\"isPartOf\":{\"@id\":\"https:\/\/www.sonoraenequipo.com.mx\/bonilla-rinde-protesta-como-gobernador-de-baja-california\/\"},\"author\":{\"name\":\"enequipo\",\"@id\":\"https:\/\/www.sonoraenequipo.com.mx\/#\/schema\/person\/50102df0fb23a8fa9e8effad8fa81386\"},\"headline\":\"Bonilla rinde protesta como gobernador de Baja California\",\"datePublished\":\"2019-11-01T21:00:56+00:00\",\"dateModified\":\"2019-11-02T04:05:33+00:00\",\"mainEntityOfPage\":{\"@id\":\"https:\/\/www.sonoraenequipo.com.mx\/bonilla-rinde-protesta-como-gobernador-de-baja-california\/\"},\"wordCount\":149,\"commentCount\":0,\"publisher\":{\"@id\":\"https:\/\/www.sonoraenequipo.com.mx\/#organization\"},\"image\":{\"@id\":\"https:\/\/www.sonoraenequipo.com.mx\/bonilla-rinde-protesta-como-gobernador-de-baja-california\/#primaryimage\"},\"thumbnailUrl\":\"https:\/\/www.sonoraenequipo.com.mx\/storage\/2019\/11\/jaime-bonilla-asumio-gobernador-baja_opt.jpg\",\"articleSection\":[\"Rep\u00fablica\"],\"inLanguage\":\"es\",\"potentialAction\":[{\"@type\":\"CommentAction\",\"name\":\"Comment\",\"target\":[\"https:\/\/www.sonoraenequipo.com.mx\/bonilla-rinde-protesta-como-gobernador-de-baja-california\/#respond\"]}]},{\"@type\":\"WebPage\",\"@id\":\"https:\/\/www.sonoraenequipo.com.mx\/bonilla-rinde-protesta-como-gobernador-de-baja-california\/\",\"url\":\"https:\/\/www.sonoraenequipo.com.mx\/bonilla-rinde-protesta-como-gobernador-de-baja-california\/\",\"name\":\"Sonora en Equipo. Bonilla rinde protesta como gobernador de Baja California Rep\u00fablica\",\"isPartOf\":{\"@id\":\"https:\/\/www.sonoraenequipo.com.mx\/#website\"},\"primaryImageOfPage\":{\"@id\":\"https:\/\/www.sonoraenequipo.com.mx\/bonilla-rinde-protesta-como-gobernador-de-baja-california\/#primaryimage\"},\"image\":{\"@id\":\"https:\/\/www.sonoraenequipo.com.mx\/bonilla-rinde-protesta-como-gobernador-de-baja-california\/#primaryimage\"},\"thumbnailUrl\":\"https:\/\/www.sonoraenequipo.com.mx\/storage\/2019\/11\/jaime-bonilla-asumio-gobernador-baja_opt.jpg\",\"datePublished\":\"2019-11-01T21:00:56+00:00\",\"dateModified\":\"2019-11-02T04:05:33+00:00\",\"description\":\"MEXICALI, BAJA CALIFORNIA. MX. \u2014 En medio de controversias por la duraci\u00f3n de su mandato, Jaime Bonilla asumi\u00f3 como Gobernador de Baja California durante En Sonora en Equipo publicamos toda la informaci\u00f3n de Sonora, M\u00e9xico y el Mundo de manera oportuna y busca que la libertad de expresi\u00f3n sea real. Visita nuestro medio informativo publicado desde Hermosillo, Sonora. %\",\"breadcrumb\":{\"@id\":\"https:\/\/www.sonoraenequipo.com.mx\/bonilla-rinde-protesta-como-gobernador-de-baja-california\/#breadcrumb\"},\"inLanguage\":\"es\",\"potentialAction\":[{\"@type\":\"ReadAction\",\"target\":[\"https:\/\/www.sonoraenequipo.com.mx\/bonilla-rinde-protesta-como-gobernador-de-baja-california\/\"]}]},{\"@type\":\"ImageObject\",\"inLanguage\":\"es\",\"@id\":\"https:\/\/www.sonoraenequipo.com.mx\/bonilla-rinde-protesta-como-gobernador-de-baja-california\/#primaryimage\",\"url\":\"https:\/\/www.sonoraenequipo.com.mx\/storage\/2019\/11\/jaime-bonilla-asumio-gobernador-baja_opt.jpg\",\"contentUrl\":\"https:\/\/www.sonoraenequipo.com.mx\/storage\/2019\/11\/jaime-bonilla-asumio-gobernador-baja_opt.jpg\",\"width\":643,\"height\":400},{\"@type\":\"BreadcrumbList\",\"@id\":\"https:\/\/www.sonoraenequipo.com.mx\/bonilla-rinde-protesta-como-gobernador-de-baja-california\/#breadcrumb\",\"itemListElement\":[{\"@type\":\"ListItem\",\"position\":1,\"name\":\"Portada\",\"item\":\"https:\/\/www.sonoraenequipo.com.mx\/\"},{\"@type\":\"ListItem\",\"position\":2,\"name\":\"Bonilla rinde protesta como gobernador de Baja California\"}]},{\"@type\":\"WebSite\",\"@id\":\"https:\/\/www.sonoraenequipo.com.mx\/#website\",\"url\":\"https:\/\/www.sonoraenequipo.com.mx\/\",\"name\":\"Sonora en Equipo.\",\"description\":\"Diario en l\u00ednea con Noticias desde Hermosillo, Sonora\",\"publisher\":{\"@id\":\"https:\/\/www.sonoraenequipo.com.mx\/#organization\"},\"potentialAction\":[{\"@type\":\"SearchAction\",\"target\":{\"@type\":\"EntryPoint\",\"urlTemplate\":\"https:\/\/www.sonoraenequipo.com.mx\/?s={search_term_string}\"},\"query-input\":{\"@type\":\"PropertyValueSpecification\",\"valueRequired\":true,\"valueName\":\"search_term_string\"}}],\"inLanguage\":\"es\"},{\"@type\":\"Organization\",\"@id\":\"https:\/\/www.sonoraenequipo.com.mx\/#organization\",\"name\":\"Sonoraenequipo.com.mx\",\"url\":\"https:\/\/www.sonoraenequipo.com.mx\/\",\"logo\":{\"@type\":\"ImageObject\",\"inLanguage\":\"es\",\"@id\":\"https:\/\/www.sonoraenequipo.com.mx\/#\/schema\/logo\/image\/\",\"url\":\"https:\/\/www.sonoraenequipo.com.mx\/storage\/2019\/01\/sonoraenequipo_opt.png\",\"contentUrl\":\"https:\/\/www.sonoraenequipo.com.mx\/storage\/2019\/01\/sonoraenequipo_opt.png\",\"width\":375,\"height\":125,\"caption\":\"Sonoraenequipo.com.mx\"},\"image\":{\"@id\":\"https:\/\/www.sonoraenequipo.com.mx\/#\/schema\/logo\/image\/\"},\"sameAs\":[\"https:\/\/www.facebook.com\/SonoraEE\/\",\"https:\/\/x.com\/sonoraenequipo\",\"https:\/\/www.youtube.com\/channel\/UC338nW-lPEYmJQs4ZABQ1SQ\"]},{\"@type\":\"Person\",\"@id\":\"https:\/\/www.sonoraenequipo.com.mx\/#\/schema\/person\/50102df0fb23a8fa9e8effad8fa81386\",\"name\":\"enequipo\",\"image\":{\"@type\":\"ImageObject\",\"inLanguage\":\"es\",\"@id\":\"https:\/\/www.sonoraenequipo.com.mx\/#\/schema\/person\/image\/\",\"url\":\"https:\/\/secure.gravatar.com\/avatar\/049821681b589dabc0bc20695993ccebb09f5b5d4d790cd9251b97faac7c652b?s=96&d=blank&r=g\",\"contentUrl\":\"https:\/\/secure.gravatar.com\/avatar\/049821681b589dabc0bc20695993ccebb09f5b5d4d790cd9251b97faac7c652b?s=96&d=blank&r=g\",\"caption\":\"enequipo\"},\"sameAs\":[\"https:\/\/www.facebook.com\/SonoraEE\"]}]}<\/script>\n ","yoast_head_json":{"title":"Sonora en Equipo. Bonilla rinde protesta como gobernador de Baja California Rep\u00fablica","description":"MEXICALI, BAJA CALIFORNIA. MX. \u2014 En medio de controversias por la duraci\u00f3n de su mandato, Jaime Bonilla asumi\u00f3 como Gobernador de Baja California durante En Sonora en Equipo publicamos toda la informaci\u00f3n de Sonora, M\u00e9xico y el Mundo de manera oportuna y busca que la libertad de expresi\u00f3n sea real. Visita nuestro medio informativo publicado desde Hermosillo, Sonora. %","robots":{"index":"index","follow":"follow","max-snippet":"max-snippet:-1","max-image-preview":"max-image-preview:large","max-video-preview":"max-video-preview:-1"},"canonical":"https:\/\/www.sonoraenequipo.com.mx\/bonilla-rinde-protesta-como-gobernador-de-baja-california\/","og_locale":"es_ES","og_type":"article","og_title":"Sonora en Equipo. Bonilla rinde protesta como gobernador de Baja California Rep\u00fablica","og_description":"MEXICALI, BAJA CALIFORNIA. MX. \u2014 En medio de controversias por la duraci\u00f3n de su mandato, Jaime Bonilla asumi\u00f3 como Gobernador de Baja California durante En Sonora en Equipo publicamos toda la informaci\u00f3n de Sonora, M\u00e9xico y el Mundo de manera oportuna y busca que la libertad de expresi\u00f3n sea real. Visita nuestro medio informativo publicado desde Hermosillo, Sonora. %","og_url":"https:\/\/www.sonoraenequipo.com.mx\/bonilla-rinde-protesta-como-gobernador-de-baja-california\/","og_site_name":"Sonora en Equipo.","article_publisher":"https:\/\/www.facebook.com\/SonoraEE\/","article_author":"https:\/\/www.facebook.com\/SonoraEE","article_published_time":"2019-11-01T21:00:56+00:00","article_modified_time":"2019-11-02T04:05:33+00:00","og_image":[{"width":643,"height":400,"url":"https:\/\/www.sonoraenequipo.com.mx\/storage\/2019\/11\/jaime-bonilla-asumio-gobernador-baja_opt.jpg","type":"image\/jpeg"}],"author":"enequipo","twitter_card":"summary_large_image","twitter_creator":"@sonoraenequipo","twitter_site":"@sonoraenequipo","twitter_misc":{"Escrito por":"enequipo","Tiempo de lectura":"1 minuto"},"schema":{"@context":"https:\/\/schema.org","@graph":[{"@type":"Article","@id":"https:\/\/www.sonoraenequipo.com.mx\/bonilla-rinde-protesta-como-gobernador-de-baja-california\/#article","isPartOf":{"@id":"https:\/\/www.sonoraenequipo.com.mx\/bonilla-rinde-protesta-como-gobernador-de-baja-california\/"},"author":{"name":"enequipo","@id":"https:\/\/www.sonoraenequipo.com.mx\/#\/schema\/person\/50102df0fb23a8fa9e8effad8fa81386"},"headline":"Bonilla rinde protesta como gobernador de Baja California","datePublished":"2019-11-01T21:00:56+00:00","dateModified":"2019-11-02T04:05:33+00:00","mainEntityOfPage":{"@id":"https:\/\/www.sonoraenequipo.com.mx\/bonilla-rinde-protesta-como-gobernador-de-baja-california\/"},"wordCount":149,"commentCount":0,"publisher":{"@id":"https:\/\/www.sonoraenequipo.com.mx\/#organization"},"image":{"@id":"https:\/\/www.sonoraenequipo.com.mx\/bonilla-rinde-protesta-como-gobernador-de-baja-california\/#primaryimage"},"thumbnailUrl":"https:\/\/www.sonoraenequipo.com.mx\/storage\/2019\/11\/jaime-bonilla-asumio-gobernador-baja_opt.jpg","articleSection":["Rep\u00fablica"],"inLanguage":"es","potentialAction":[{"@type":"CommentAction","name":"Comment","target":["https:\/\/www.sonoraenequipo.com.mx\/bonilla-rinde-protesta-como-gobernador-de-baja-california\/#respond"]}]},{"@type":"WebPage","@id":"https:\/\/www.sonoraenequipo.com.mx\/bonilla-rinde-protesta-como-gobernador-de-baja-california\/","url":"https:\/\/www.sonoraenequipo.com.mx\/bonilla-rinde-protesta-como-gobernador-de-baja-california\/","name":"Sonora en Equipo. Bonilla rinde protesta como gobernador de Baja California Rep\u00fablica","isPartOf":{"@id":"https:\/\/www.sonoraenequipo.com.mx\/#website"},"primaryImageOfPage":{"@id":"https:\/\/www.sonoraenequipo.com.mx\/bonilla-rinde-protesta-como-gobernador-de-baja-california\/#primaryimage"},"image":{"@id":"https:\/\/www.sonoraenequipo.com.mx\/bonilla-rinde-protesta-como-gobernador-de-baja-california\/#primaryimage"},"thumbnailUrl":"https:\/\/www.sonoraenequipo.com.mx\/storage\/2019\/11\/jaime-bonilla-asumio-gobernador-baja_opt.jpg","datePublished":"2019-11-01T21:00:56+00:00","dateModified":"2019-11-02T04:05:33+00:00","description":"MEXICALI, BAJA CALIFORNIA. MX. \u2014 En medio de controversias por la duraci\u00f3n de su mandato, Jaime Bonilla asumi\u00f3 como Gobernador de Baja California durante En Sonora en Equipo publicamos toda la informaci\u00f3n de Sonora, M\u00e9xico y el Mundo de manera oportuna y busca que la libertad de expresi\u00f3n sea real. Visita nuestro medio informativo publicado desde Hermosillo, Sonora. %","breadcrumb":{"@id":"https:\/\/www.sonoraenequipo.com.mx\/bonilla-rinde-protesta-como-gobernador-de-baja-california\/#breadcrumb"},"inLanguage":"es","potentialAction":[{"@type":"ReadAction","target":["https:\/\/www.sonoraenequipo.com.mx\/bonilla-rinde-protesta-como-gobernador-de-baja-california\/"]}]},{"@type":"ImageObject","inLanguage":"es","@id":"https:\/\/www.sonoraenequipo.com.mx\/bonilla-rinde-protesta-como-gobernador-de-baja-california\/#primaryimage","url":"https:\/\/www.sonoraenequipo.com.mx\/storage\/2019\/11\/jaime-bonilla-asumio-gobernador-baja_opt.jpg","contentUrl":"https:\/\/www.sonoraenequipo.com.mx\/storage\/2019\/11\/jaime-bonilla-asumio-gobernador-baja_opt.jpg","width":643,"height":400},{"@type":"BreadcrumbList","@id":"https:\/\/www.sonoraenequipo.com.mx\/bonilla-rinde-protesta-como-gobernador-de-baja-california\/#breadcrumb","itemListElement":[{"@type":"ListItem","position":1,"name":"Portada","item":"https:\/\/www.sonoraenequipo.com.mx\/"},{"@type":"ListItem","position":2,"name":"Bonilla rinde protesta como gobernador de Baja California"}]},{"@type":"WebSite","@id":"https:\/\/www.sonoraenequipo.com.mx\/#website","url":"https:\/\/www.sonoraenequipo.com.mx\/","name":"Sonora en Equipo.","description":"Diario en l\u00ednea con Noticias desde Hermosillo, Sonora","publisher":{"@id":"https:\/\/www.sonoraenequipo.com.mx\/#organization"},"potentialAction":[{"@type":"SearchAction","target":{"@type":"EntryPoint","urlTemplate":"https:\/\/www.sonoraenequipo.com.mx\/?s={search_term_string}"},"query-input":{"@type":"PropertyValueSpecification","valueRequired":true,"valueName":"search_term_string"}}],"inLanguage":"es"},{"@type":"Organization","@id":"https:\/\/www.sonoraenequipo.com.mx\/#organization","name":"Sonoraenequipo.com.mx","url":"https:\/\/www.sonoraenequipo.com.mx\/","logo":{"@type":"ImageObject","inLanguage":"es","@id":"https:\/\/www.sonoraenequipo.com.mx\/#\/schema\/logo\/image\/","url":"https:\/\/www.sonoraenequipo.com.mx\/storage\/2019\/01\/sonoraenequipo_opt.png","contentUrl":"https:\/\/www.sonoraenequipo.com.mx\/storage\/2019\/01\/sonoraenequipo_opt.png","width":375,"height":125,"caption":"Sonoraenequipo.com.mx"},"image":{"@id":"https:\/\/www.sonoraenequipo.com.mx\/#\/schema\/logo\/image\/"},"sameAs":["https:\/\/www.facebook.com\/SonoraEE\/","https:\/\/x.com\/sonoraenequipo","https:\/\/www.youtube.com\/channel\/UC338nW-lPEYmJQs4ZABQ1SQ"]},{"@type":"Person","@id":"https:\/\/www.sonoraenequipo.com.mx\/#\/schema\/person\/50102df0fb23a8fa9e8effad8fa81386","name":"enequipo","image":{"@type":"ImageObject","inLanguage":"es","@id":"https:\/\/www.sonoraenequipo.com.mx\/#\/schema\/person\/image\/","url":"https:\/\/secure.gravatar.com\/avatar\/049821681b589dabc0bc20695993ccebb09f5b5d4d790cd9251b97faac7c652b?s=96&d=blank&r=g","contentUrl":"https:\/\/secure.gravatar.com\/avatar\/049821681b589dabc0bc20695993ccebb09f5b5d4d790cd9251b97faac7c652b?s=96&d=blank&r=g","caption":"enequipo"},"sameAs":["https:\/\/www.facebook.com\/SonoraEE"]}]}},"jetpack_featured_media_url":"https:\/\/www.sonoraenequipo.com.mx\/storage\/2019\/11\/jaime-bonilla-asumio-gobernador-baja_opt.jpg","_links":{"self":[{"href":"https:\/\/www.sonoraenequipo.com.mx\/api\/wp\/v2\/posts\/70087","targetHints":{"allow":["GET"]}}],"collection":[{"href":"https:\/\/www.sonoraenequipo.com.mx\/api\/wp\/v2\/posts"}],"about":[{"href":"https:\/\/www.sonoraenequipo.com.mx\/api\/wp\/v2\/types\/post"}],"author":[{"embeddable":true,"href":"https:\/\/www.sonoraenequipo.com.mx\/api\/wp\/v2\/users\/1"}],"replies":[{"embeddable":true,"href":"https:\/\/www.sonoraenequipo.com.mx\/api\/wp\/v2\/comments?post=70087"}],"version-history":[{"count":0,"href":"https:\/\/www.sonoraenequipo.com.mx\/api\/wp\/v2\/posts\/70087\/revisions"}],"wp:featuredmedia":[{"embeddable":true,"href":"https:\/\/www.sonoraenequipo.com.mx\/api\/wp\/v2\/media\/70089"}],"wp:attachment":[{"href":"https:\/\/www.sonoraenequipo.com.mx\/api\/wp\/v2\/media?parent=70087"}],"wp:term":[{"taxonomy":"category","embeddable":true,"href":"https:\/\/www.sonoraenequipo.com.mx\/api\/wp\/v2\/categories?post=70087"},{"taxonomy":"post_tag","embeddable":true,"href":"https:\/\/www.sonoraenequipo.com.mx\/api\/wp\/v2\/tags?post=70087"}],"curies":[{"name":"wp","href":"https:\/\/api.w.org\/{rel}","templated":true}]}}