{"id":702,"date":"2015-11-03T20:32:44","date_gmt":"2015-11-03T20:32:44","guid":{"rendered":"http:\/\/www.sonoraenequipo.com.mx\/?p=702"},"modified":"2015-11-03T20:32:44","modified_gmt":"2015-11-03T20:32:44","slug":"otorga-mexico-primera-concesion-para-planta-geotermica-en-nayarit","status":"publish","type":"post","link":"https:\/\/www.sonoraenequipo.com.mx\/otorga-mexico-primera-concesion-para-planta-geotermica-en-nayarit\/","title":{"rendered":"Otorga M\u00e9xico primera concesi\u00f3n para planta geot\u00e9rmica en Nayarit"},"content":{"rendered":"<p><strong>03112015. M\u00c9XICO. NOTIMEX.\u2014\u00a0<\/strong> En un hecho hist\u00f3rico para el pa\u00eds, la Secretar\u00eda de Energ\u00eda (Sener) otorg\u00f3 la primera concesi\u00f3n a una empresa privada, para instalar una planta geot\u00e9rmica en el municipio de San Pedro Lagunillas, Nayarit.<\/p>\n<p> <br \/>\nLa empresa mexicana \u201cGeot\u00e9rmica para el Desarrollo\u201d, que pertenece a Grupo Drag\u00f3n, es la permisionaria de este primer t\u00edtulo de concesi\u00f3n que proveer\u00e1 flujo de energ\u00eda el\u00e9ctrica limpia a casi 50 por ciento de los habitantes de Nayarit.<\/p>\n<p>La empresa tiene permiso para la explotaci\u00f3n de 18 pozos de agua en estado de vapor en el yacimiento geot\u00e9rmico Domo San Pedro, lo que implica un volumen anual de 43.8 millones de metros c\u00fabicos, a profundidad de entre tres mil y tres mil 500 metros. Se estima que est\u00e1 primera planta geot\u00e9rmica del pa\u00eds inicie operaciones en el verano de 2016.<\/p>\n<p>El secretario de Energ\u00eda, Pedro Joaqu\u00edn Coldwell, expuso que esta primera concesi\u00f3n reafirma la confianza que tienen las empresas para contribuir al fortalecimiento y modernizaci\u00f3n de la industria el\u00e9ctrica mexicana.<\/p>\n","protected":false},"excerpt":{"rendered":"<p>03112015. M\u00c9XICO. NOTIMEX.\u2014\u00a0 En un hecho hist\u00f3rico para el pa\u00eds, la Secretar\u00eda de Energ\u00eda (Sener)&#8230;<\/p>\n","protected":false},"author":1,"featured_media":0,"comment_status":"open","ping_status":"open","sticky":false,"template":"","format":"standard","meta":{"_monsterinsights_skip_tracking":false,"_monsterinsights_sitenote_active":false,"_monsterinsights_sitenote_note":"","_monsterinsights_sitenote_category":0,"footnotes":""},"categories":[13,5],"tags":[756,755,753,754],"class_list":["post"],"yoast_head":" \n<title>Sonora en Equipo. Otorga M\u00e9xico primera concesi\u00f3n para planta geot\u00e9rmica en Nayarit<\/title>\n<meta name=\"description\" content=\"03112015. M\u00c9XICO. NOTIMEX.\u2014\u00a0 En un hecho hist\u00f3rico para el pa\u00eds, la Secretar\u00eda de Energ\u00eda (Sener) otorg\u00f3 la primera concesi\u00f3n a una empresa privada, para En Sonora en Equipo publicamos toda la informaci\u00f3n de Sonora, M\u00e9xico y el Mundo de manera oportuna y busca que la libertad de expresi\u00f3n sea real. Visita nuestro medio informativo publicado desde Hermosillo, Sonora. %\" \/>\n<meta name=\"robots\" content=\"index, follow, max-snippet:-1, max-image-preview:large, max-video-preview:-1\" \/>\n<link rel=\"canonical\" href=\"https:\/\/www.sonoraenequipo.com.mx\/otorga-mexico-primera-concesion-para-planta-geotermica-en-nayarit\/\" \/>\n<meta property=\"og:locale\" content=\"es_ES\" \/>\n<meta property=\"og:type\" content=\"article\" \/>\n<meta property=\"og:title\" content=\"Sonora en Equipo. Otorga M\u00e9xico primera concesi\u00f3n para planta geot\u00e9rmica en Nayarit\" \/>\n<meta property=\"og:description\" content=\"03112015. M\u00c9XICO. NOTIMEX.\u2014\u00a0 En un hecho hist\u00f3rico para el pa\u00eds, la Secretar\u00eda de Energ\u00eda (Sener) otorg\u00f3 la primera concesi\u00f3n a una empresa privada, para En Sonora en Equipo publicamos toda la informaci\u00f3n de Sonora, M\u00e9xico y el Mundo de manera oportuna y busca que la libertad de expresi\u00f3n sea real. Visita nuestro medio informativo publicado desde Hermosillo, Sonora. %\" \/>\n<meta property=\"og:url\" content=\"https:\/\/www.sonoraenequipo.com.mx\/otorga-mexico-primera-concesion-para-planta-geotermica-en-nayarit\/\" \/>\n<meta property=\"og:site_name\" content=\"Sonora en Equipo.\" \/>\n<meta property=\"article:publisher\" content=\"https:\/\/www.facebook.com\/SonoraEE\/\" \/>\n<meta property=\"article:author\" content=\"https:\/\/www.facebook.com\/SonoraEE\" \/>\n<meta property=\"article:published_time\" content=\"2015-11-03T20:32:44+00:00\" \/>\n<meta name=\"author\" content=\"enequipo\" \/>\n<meta name=\"twitter:card\" content=\"summary_large_image\" \/>\n<meta name=\"twitter:creator\" content=\"@sonoraenequipo\" \/>\n<meta name=\"twitter:site\" content=\"@sonoraenequipo\" \/>\n<meta name=\"twitter:label1\" content=\"Escrito por\" \/>\n\t<meta name=\"twitter:data1\" content=\"enequipo\" \/>\n\t<meta name=\"twitter:label2\" content=\"Tiempo de lectura\" \/>\n\t<meta name=\"twitter:data2\" content=\"1 minuto\" \/>\n<script type=\"application\/ld+json\" class=\"yoast-schema-graph\">{\"@context\":\"https:\/\/schema.org\",\"@graph\":[{\"@type\":\"Article\",\"@id\":\"https:\/\/www.sonoraenequipo.com.mx\/otorga-mexico-primera-concesion-para-planta-geotermica-en-nayarit\/#article\",\"isPartOf\":{\"@id\":\"https:\/\/www.sonoraenequipo.com.mx\/otorga-mexico-primera-concesion-para-planta-geotermica-en-nayarit\/\"},\"author\":{\"name\":\"enequipo\",\"@id\":\"https:\/\/www.sonoraenequipo.com.mx\/#\/schema\/person\/50102df0fb23a8fa9e8effad8fa81386\"},\"headline\":\"Otorga M\u00e9xico primera concesi\u00f3n para planta geot\u00e9rmica en Nayarit\",\"datePublished\":\"2015-11-03T20:32:44+00:00\",\"mainEntityOfPage\":{\"@id\":\"https:\/\/www.sonoraenequipo.com.mx\/otorga-mexico-primera-concesion-para-planta-geotermica-en-nayarit\/\"},\"wordCount\":195,\"commentCount\":0,\"publisher\":{\"@id\":\"https:\/\/www.sonoraenequipo.com.mx\/#organization\"},\"keywords\":[\"Geotermica para el Desarrollo\",\"Grupo Drag\u00f3n\",\"Planta geotermica\",\"Secretar\u00eda de Energ\u00eda\"],\"articleSection\":[\"Destacadas\",\"Rep\u00fablica\"],\"inLanguage\":\"es\",\"potentialAction\":[{\"@type\":\"CommentAction\",\"name\":\"Comment\",\"target\":[\"https:\/\/www.sonoraenequipo.com.mx\/otorga-mexico-primera-concesion-para-planta-geotermica-en-nayarit\/#respond\"]}]},{\"@type\":\"WebPage\",\"@id\":\"https:\/\/www.sonoraenequipo.com.mx\/otorga-mexico-primera-concesion-para-planta-geotermica-en-nayarit\/\",\"url\":\"https:\/\/www.sonoraenequipo.com.mx\/otorga-mexico-primera-concesion-para-planta-geotermica-en-nayarit\/\",\"name\":\"Sonora en Equipo. Otorga M\u00e9xico primera concesi\u00f3n para planta geot\u00e9rmica en Nayarit\",\"isPartOf\":{\"@id\":\"https:\/\/www.sonoraenequipo.com.mx\/#website\"},\"datePublished\":\"2015-11-03T20:32:44+00:00\",\"description\":\"03112015. M\u00c9XICO. NOTIMEX.\u2014\u00a0 En un hecho hist\u00f3rico para el pa\u00eds, la Secretar\u00eda de Energ\u00eda (Sener) otorg\u00f3 la primera concesi\u00f3n a una empresa privada, para En Sonora en Equipo publicamos toda la informaci\u00f3n de Sonora, M\u00e9xico y el Mundo de manera oportuna y busca que la libertad de expresi\u00f3n sea real. Visita nuestro medio informativo publicado desde Hermosillo, Sonora. %\",\"breadcrumb\":{\"@id\":\"https:\/\/www.sonoraenequipo.com.mx\/otorga-mexico-primera-concesion-para-planta-geotermica-en-nayarit\/#breadcrumb\"},\"inLanguage\":\"es\",\"potentialAction\":[{\"@type\":\"ReadAction\",\"target\":[\"https:\/\/www.sonoraenequipo.com.mx\/otorga-mexico-primera-concesion-para-planta-geotermica-en-nayarit\/\"]}]},{\"@type\":\"BreadcrumbList\",\"@id\":\"https:\/\/www.sonoraenequipo.com.mx\/otorga-mexico-primera-concesion-para-planta-geotermica-en-nayarit\/#breadcrumb\",\"itemListElement\":[{\"@type\":\"ListItem\",\"position\":1,\"name\":\"Portada\",\"item\":\"https:\/\/www.sonoraenequipo.com.mx\/\"},{\"@type\":\"ListItem\",\"position\":2,\"name\":\"Otorga M\u00e9xico primera concesi\u00f3n para planta geot\u00e9rmica en Nayarit\"}]},{\"@type\":\"WebSite\",\"@id\":\"https:\/\/www.sonoraenequipo.com.mx\/#website\",\"url\":\"https:\/\/www.sonoraenequipo.com.mx\/\",\"name\":\"Sonora en Equipo.\",\"description\":\"Diario en l\u00ednea con Noticias desde Hermosillo, Sonora\",\"publisher\":{\"@id\":\"https:\/\/www.sonoraenequipo.com.mx\/#organization\"},\"potentialAction\":[{\"@type\":\"SearchAction\",\"target\":{\"@type\":\"EntryPoint\",\"urlTemplate\":\"https:\/\/www.sonoraenequipo.com.mx\/?s={search_term_string}\"},\"query-input\":{\"@type\":\"PropertyValueSpecification\",\"valueRequired\":true,\"valueName\":\"search_term_string\"}}],\"inLanguage\":\"es\"},{\"@type\":\"Organization\",\"@id\":\"https:\/\/www.sonoraenequipo.com.mx\/#organization\",\"name\":\"Sonoraenequipo.com.mx\",\"url\":\"https:\/\/www.sonoraenequipo.com.mx\/\",\"logo\":{\"@type\":\"ImageObject\",\"inLanguage\":\"es\",\"@id\":\"https:\/\/www.sonoraenequipo.com.mx\/#\/schema\/logo\/image\/\",\"url\":\"https:\/\/www.sonoraenequipo.com.mx\/storage\/2019\/01\/sonoraenequipo_opt.png\",\"contentUrl\":\"https:\/\/www.sonoraenequipo.com.mx\/storage\/2019\/01\/sonoraenequipo_opt.png\",\"width\":375,\"height\":125,\"caption\":\"Sonoraenequipo.com.mx\"},\"image\":{\"@id\":\"https:\/\/www.sonoraenequipo.com.mx\/#\/schema\/logo\/image\/\"},\"sameAs\":[\"https:\/\/www.facebook.com\/SonoraEE\/\",\"https:\/\/x.com\/sonoraenequipo\",\"https:\/\/www.youtube.com\/channel\/UC338nW-lPEYmJQs4ZABQ1SQ\"]},{\"@type\":\"Person\",\"@id\":\"https:\/\/www.sonoraenequipo.com.mx\/#\/schema\/person\/50102df0fb23a8fa9e8effad8fa81386\",\"name\":\"enequipo\",\"image\":{\"@type\":\"ImageObject\",\"inLanguage\":\"es\",\"@id\":\"https:\/\/www.sonoraenequipo.com.mx\/#\/schema\/person\/image\/\",\"url\":\"https:\/\/secure.gravatar.com\/avatar\/049821681b589dabc0bc20695993ccebb09f5b5d4d790cd9251b97faac7c652b?s=96&d=blank&r=g\",\"contentUrl\":\"https:\/\/secure.gravatar.com\/avatar\/049821681b589dabc0bc20695993ccebb09f5b5d4d790cd9251b97faac7c652b?s=96&d=blank&r=g\",\"caption\":\"enequipo\"},\"sameAs\":[\"https:\/\/www.facebook.com\/SonoraEE\"]}]}<\/script>\n ","yoast_head_json":{"title":"Sonora en Equipo. Otorga M\u00e9xico primera concesi\u00f3n para planta geot\u00e9rmica en Nayarit","description":"03112015. M\u00c9XICO. NOTIMEX.\u2014\u00a0 En un hecho hist\u00f3rico para el pa\u00eds, la Secretar\u00eda de Energ\u00eda (Sener) otorg\u00f3 la primera concesi\u00f3n a una empresa privada, para En Sonora en Equipo publicamos toda la informaci\u00f3n de Sonora, M\u00e9xico y el Mundo de manera oportuna y busca que la libertad de expresi\u00f3n sea real. Visita nuestro medio informativo publicado desde Hermosillo, Sonora. %","robots":{"index":"index","follow":"follow","max-snippet":"max-snippet:-1","max-image-preview":"max-image-preview:large","max-video-preview":"max-video-preview:-1"},"canonical":"https:\/\/www.sonoraenequipo.com.mx\/otorga-mexico-primera-concesion-para-planta-geotermica-en-nayarit\/","og_locale":"es_ES","og_type":"article","og_title":"Sonora en Equipo. Otorga M\u00e9xico primera concesi\u00f3n para planta geot\u00e9rmica en Nayarit","og_description":"03112015. M\u00c9XICO. NOTIMEX.\u2014\u00a0 En un hecho hist\u00f3rico para el pa\u00eds, la Secretar\u00eda de Energ\u00eda (Sener) otorg\u00f3 la primera concesi\u00f3n a una empresa privada, para En Sonora en Equipo publicamos toda la informaci\u00f3n de Sonora, M\u00e9xico y el Mundo de manera oportuna y busca que la libertad de expresi\u00f3n sea real. Visita nuestro medio informativo publicado desde Hermosillo, Sonora. %","og_url":"https:\/\/www.sonoraenequipo.com.mx\/otorga-mexico-primera-concesion-para-planta-geotermica-en-nayarit\/","og_site_name":"Sonora en Equipo.","article_publisher":"https:\/\/www.facebook.com\/SonoraEE\/","article_author":"https:\/\/www.facebook.com\/SonoraEE","article_published_time":"2015-11-03T20:32:44+00:00","author":"enequipo","twitter_card":"summary_large_image","twitter_creator":"@sonoraenequipo","twitter_site":"@sonoraenequipo","twitter_misc":{"Escrito por":"enequipo","Tiempo de lectura":"1 minuto"},"schema":{"@context":"https:\/\/schema.org","@graph":[{"@type":"Article","@id":"https:\/\/www.sonoraenequipo.com.mx\/otorga-mexico-primera-concesion-para-planta-geotermica-en-nayarit\/#article","isPartOf":{"@id":"https:\/\/www.sonoraenequipo.com.mx\/otorga-mexico-primera-concesion-para-planta-geotermica-en-nayarit\/"},"author":{"name":"enequipo","@id":"https:\/\/www.sonoraenequipo.com.mx\/#\/schema\/person\/50102df0fb23a8fa9e8effad8fa81386"},"headline":"Otorga M\u00e9xico primera concesi\u00f3n para planta geot\u00e9rmica en Nayarit","datePublished":"2015-11-03T20:32:44+00:00","mainEntityOfPage":{"@id":"https:\/\/www.sonoraenequipo.com.mx\/otorga-mexico-primera-concesion-para-planta-geotermica-en-nayarit\/"},"wordCount":195,"commentCount":0,"publisher":{"@id":"https:\/\/www.sonoraenequipo.com.mx\/#organization"},"keywords":["Geotermica para el Desarrollo","Grupo Drag\u00f3n","Planta geotermica","Secretar\u00eda de Energ\u00eda"],"articleSection":["Destacadas","Rep\u00fablica"],"inLanguage":"es","potentialAction":[{"@type":"CommentAction","name":"Comment","target":["https:\/\/www.sonoraenequipo.com.mx\/otorga-mexico-primera-concesion-para-planta-geotermica-en-nayarit\/#respond"]}]},{"@type":"WebPage","@id":"https:\/\/www.sonoraenequipo.com.mx\/otorga-mexico-primera-concesion-para-planta-geotermica-en-nayarit\/","url":"https:\/\/www.sonoraenequipo.com.mx\/otorga-mexico-primera-concesion-para-planta-geotermica-en-nayarit\/","name":"Sonora en Equipo. Otorga M\u00e9xico primera concesi\u00f3n para planta geot\u00e9rmica en Nayarit","isPartOf":{"@id":"https:\/\/www.sonoraenequipo.com.mx\/#website"},"datePublished":"2015-11-03T20:32:44+00:00","description":"03112015. M\u00c9XICO. NOTIMEX.\u2014\u00a0 En un hecho hist\u00f3rico para el pa\u00eds, la Secretar\u00eda de Energ\u00eda (Sener) otorg\u00f3 la primera concesi\u00f3n a una empresa privada, para En Sonora en Equipo publicamos toda la informaci\u00f3n de Sonora, M\u00e9xico y el Mundo de manera oportuna y busca que la libertad de expresi\u00f3n sea real. Visita nuestro medio informativo publicado desde Hermosillo, Sonora. %","breadcrumb":{"@id":"https:\/\/www.sonoraenequipo.com.mx\/otorga-mexico-primera-concesion-para-planta-geotermica-en-nayarit\/#breadcrumb"},"inLanguage":"es","potentialAction":[{"@type":"ReadAction","target":["https:\/\/www.sonoraenequipo.com.mx\/otorga-mexico-primera-concesion-para-planta-geotermica-en-nayarit\/"]}]},{"@type":"BreadcrumbList","@id":"https:\/\/www.sonoraenequipo.com.mx\/otorga-mexico-primera-concesion-para-planta-geotermica-en-nayarit\/#breadcrumb","itemListElement":[{"@type":"ListItem","position":1,"name":"Portada","item":"https:\/\/www.sonoraenequipo.com.mx\/"},{"@type":"ListItem","position":2,"name":"Otorga M\u00e9xico primera concesi\u00f3n para planta geot\u00e9rmica en Nayarit"}]},{"@type":"WebSite","@id":"https:\/\/www.sonoraenequipo.com.mx\/#website","url":"https:\/\/www.sonoraenequipo.com.mx\/","name":"Sonora en Equipo.","description":"Diario en l\u00ednea con Noticias desde Hermosillo, Sonora","publisher":{"@id":"https:\/\/www.sonoraenequipo.com.mx\/#organization"},"potentialAction":[{"@type":"SearchAction","target":{"@type":"EntryPoint","urlTemplate":"https:\/\/www.sonoraenequipo.com.mx\/?s={search_term_string}"},"query-input":{"@type":"PropertyValueSpecification","valueRequired":true,"valueName":"search_term_string"}}],"inLanguage":"es"},{"@type":"Organization","@id":"https:\/\/www.sonoraenequipo.com.mx\/#organization","name":"Sonoraenequipo.com.mx","url":"https:\/\/www.sonoraenequipo.com.mx\/","logo":{"@type":"ImageObject","inLanguage":"es","@id":"https:\/\/www.sonoraenequipo.com.mx\/#\/schema\/logo\/image\/","url":"https:\/\/www.sonoraenequipo.com.mx\/storage\/2019\/01\/sonoraenequipo_opt.png","contentUrl":"https:\/\/www.sonoraenequipo.com.mx\/storage\/2019\/01\/sonoraenequipo_opt.png","width":375,"height":125,"caption":"Sonoraenequipo.com.mx"},"image":{"@id":"https:\/\/www.sonoraenequipo.com.mx\/#\/schema\/logo\/image\/"},"sameAs":["https:\/\/www.facebook.com\/SonoraEE\/","https:\/\/x.com\/sonoraenequipo","https:\/\/www.youtube.com\/channel\/UC338nW-lPEYmJQs4ZABQ1SQ"]},{"@type":"Person","@id":"https:\/\/www.sonoraenequipo.com.mx\/#\/schema\/person\/50102df0fb23a8fa9e8effad8fa81386","name":"enequipo","image":{"@type":"ImageObject","inLanguage":"es","@id":"https:\/\/www.sonoraenequipo.com.mx\/#\/schema\/person\/image\/","url":"https:\/\/secure.gravatar.com\/avatar\/049821681b589dabc0bc20695993ccebb09f5b5d4d790cd9251b97faac7c652b?s=96&d=blank&r=g","contentUrl":"https:\/\/secure.gravatar.com\/avatar\/049821681b589dabc0bc20695993ccebb09f5b5d4d790cd9251b97faac7c652b?s=96&d=blank&r=g","caption":"enequipo"},"sameAs":["https:\/\/www.facebook.com\/SonoraEE"]}]}},"jetpack_featured_media_url":"","_links":{"self":[{"href":"https:\/\/www.sonoraenequipo.com.mx\/api\/wp\/v2\/posts\/702","targetHints":{"allow":["GET"]}}],"collection":[{"href":"https:\/\/www.sonoraenequipo.com.mx\/api\/wp\/v2\/posts"}],"about":[{"href":"https:\/\/www.sonoraenequipo.com.mx\/api\/wp\/v2\/types\/post"}],"author":[{"embeddable":true,"href":"https:\/\/www.sonoraenequipo.com.mx\/api\/wp\/v2\/users\/1"}],"replies":[{"embeddable":true,"href":"https:\/\/www.sonoraenequipo.com.mx\/api\/wp\/v2\/comments?post=702"}],"version-history":[{"count":0,"href":"https:\/\/www.sonoraenequipo.com.mx\/api\/wp\/v2\/posts\/702\/revisions"}],"wp:attachment":[{"href":"https:\/\/www.sonoraenequipo.com.mx\/api\/wp\/v2\/media?parent=702"}],"wp:term":[{"taxonomy":"category","embeddable":true,"href":"https:\/\/www.sonoraenequipo.com.mx\/api\/wp\/v2\/categories?post=702"},{"taxonomy":"post_tag","embeddable":true,"href":"https:\/\/www.sonoraenequipo.com.mx\/api\/wp\/v2\/tags?post=702"}],"curies":[{"name":"wp","href":"https:\/\/api.w.org\/{rel}","templated":true}]}}