{"id":70240,"date":"2019-11-04T07:55:56","date_gmt":"2019-11-04T14:55:56","guid":{"rendered":"https:\/\/www.sonoraenequipo.com.mx\/?p=70240"},"modified":"2019-11-04T09:01:24","modified_gmt":"2019-11-04T16:01:24","slug":"hijo-de-nuno-mayer-y-de-calderon-atacan-con-bots-a-presidente","status":"publish","type":"post","link":"https:\/\/www.sonoraenequipo.com.mx\/hijo-de-nuno-mayer-y-de-calderon-atacan-con-bots-a-presidente\/","title":{"rendered":"Hijo de Nu\u00f1o Mayer y de Calder\u00f3n atacan con \u00abbots\u00bb a presidente"},"content":{"rendered":"<p>CIUDAD DE M\u00c9XICO. MX. \u2014 El l gobierno federal present\u00f3 este d\u00eda un informe sobre los ataques registrados en redes sociales, este fin de semana, en contra de la prensa que acude a sus conferencias, bajo las etiquetas de \u00ab<strong>#PrensaProstituida\u00bb, \u00ab#PrensaSicaria\u00bb y \u00ab#PrensaCorrupta\u00bb.<\/strong><\/p>\n<p> <\/p>\n<p>El titular de la Unidad de Informaci\u00f3n, Infraestructura, Inform\u00e1tica y Vinculaci\u00f3n Tecnol\u00f3gica de la Secretar\u00eda de Seguridad y Protecci\u00f3n Ciudadana, Alejandro Mendoza \u00c1lvarez, afirm\u00f3 que 74.27% de las cuentas que interactuaron en los ataques son de personas reales, y el resto de granjas de <em><strong>\u00abbots\u00bb,<\/strong><\/em> o cuentas pagadas.<\/p>\n<p>&nbsp;<\/p>\n<p>&nbsp;<\/p>\n<p>Mendoza \u00c1lvarez detall\u00f3 que de esas granjas de <em><strong>\u00abbots\u00bb<\/strong><\/em> se observ\u00f3 vinculaci\u00f3n a cuentas como la del exsecretario de Educaci\u00f3n Aurelio Nu\u00f1o Mayer; al coordinador de los diputados federales del PAN,<strong><em> Juan Carlos Romero Hicks, <\/em><\/strong>y<strong><em> a Luis Calder\u00f3n Zavala,<\/em><\/strong> hijo del expresidente <strong>Felipe Calder\u00f3n y Margarita Zavala,<\/strong> asociados a la cuenta de <em>@tumbaburross.<\/em><\/p>\n<p>&nbsp;<\/p>\n<p>&nbsp;<\/p>\n<p><em>\u00abDecirle a los usuarios que, por lo que corresponde al apoyo al gobierno, lo agradecemos mucho y la recomendaci\u00f3n respetuosa es que no se insulte sino se argumente. Por lo general, son muy buenos los argumentos, adem\u00e1s no pod\u00eda ser de otra forma<\/em>.<\/p>\n<p>&nbsp;<\/p>\n<p>&nbsp;<\/p>\n<p><em>\u00abLos conservadores est\u00e1n desquiciados, desesperados, no tienen argumentos e insultan y utilizan robots, cosa que es inmoral, nosotros nunca jam\u00e1s lo hemos hecho ni se har\u00e1 y debemos estar tranquilos\u00bb,<\/em> se\u00f1al\u00f3 el presidente con respecto al informe.<\/p>\n<p>&nbsp;<\/p>\n<p>&nbsp;<\/p>\n<p>Tambi\u00e9n pidi\u00f3 a los usuarios <em>\u00abque recuerden a Ju\u00e1rez, que dec\u00eda que el triunfo de la reacci\u00f3n era moralmente imposible\u00bb<\/em>, y a\u00f1adi\u00f3 que con la presentaci\u00f3n del informe aclararon y respondieron los ataques contra el gobierno, <em>\u00abno qued\u00e1ndonos callados, ejerciendo nuestra libertad y derecho de r\u00e9plica\u00bb.<\/em><\/p>\n<p>&nbsp;<\/p>\n<p>&nbsp;<\/p>\n<p>Sin embargo, el presidente L\u00f3pez Obrador descart\u00f3 que se vayan a presentar denuncias por estos hechos.<\/p>\n<p>&nbsp;<\/p>\n<p>&nbsp;<\/p>\n<p>PUBLICADO EL 04\/11\/2019)<\/p>\n","protected":false},"excerpt":{"rendered":"<p>CIUDAD DE M\u00c9XICO. MX. \u2014 El l gobierno federal present\u00f3 este d\u00eda un informe sobre&#8230;<\/p>\n","protected":false},"author":1,"featured_media":70241,"comment_status":"open","ping_status":"open","sticky":false,"template":"","format":"standard","meta":{"_monsterinsights_skip_tracking":false,"_monsterinsights_sitenote_active":false,"_monsterinsights_sitenote_note":"","_monsterinsights_sitenote_category":0,"footnotes":""},"categories":[5],"tags":[],"class_list":["post"],"yoast_head":" \n<title>Sonora en Equipo. Hijo de Nu\u00f1o Mayer y de Calder\u00f3n atacan con &quot;bots&quot; a presidente Rep\u00fablica<\/title>\n<meta name=\"description\" content=\"CIUDAD DE M\u00c9XICO. MX. \u2014 El l gobierno federal present\u00f3 este d\u00eda un informe sobre los ataques registrados en redes sociales, este fin de semana, en contra En Sonora en Equipo publicamos toda la informaci\u00f3n de Sonora, M\u00e9xico y el Mundo de manera oportuna y busca que la libertad de expresi\u00f3n sea real. Visita nuestro medio informativo publicado desde Hermosillo, Sonora. %\" \/>\n<meta name=\"robots\" content=\"index, follow, max-snippet:-1, max-image-preview:large, max-video-preview:-1\" \/>\n<link rel=\"canonical\" href=\"https:\/\/www.sonoraenequipo.com.mx\/hijo-de-nuno-mayer-y-de-calderon-atacan-con-bots-a-presidente\/\" \/>\n<meta property=\"og:locale\" content=\"es_ES\" \/>\n<meta property=\"og:type\" content=\"article\" \/>\n<meta property=\"og:title\" content=\"Sonora en Equipo. Hijo de Nu\u00f1o Mayer y de Calder\u00f3n atacan con &quot;bots&quot; a presidente Rep\u00fablica\" \/>\n<meta property=\"og:description\" content=\"CIUDAD DE M\u00c9XICO. MX. \u2014 El l gobierno federal present\u00f3 este d\u00eda un informe sobre los ataques registrados en redes sociales, este fin de semana, en contra En Sonora en Equipo publicamos toda la informaci\u00f3n de Sonora, M\u00e9xico y el Mundo de manera oportuna y busca que la libertad de expresi\u00f3n sea real. Visita nuestro medio informativo publicado desde Hermosillo, Sonora. %\" \/>\n<meta property=\"og:url\" content=\"https:\/\/www.sonoraenequipo.com.mx\/hijo-de-nuno-mayer-y-de-calderon-atacan-con-bots-a-presidente\/\" \/>\n<meta property=\"og:site_name\" content=\"Sonora en Equipo.\" \/>\n<meta property=\"article:publisher\" content=\"https:\/\/www.facebook.com\/SonoraEE\/\" \/>\n<meta property=\"article:author\" content=\"https:\/\/www.facebook.com\/SonoraEE\" \/>\n<meta property=\"article:published_time\" content=\"2019-11-04T14:55:56+00:00\" \/>\n<meta property=\"article:modified_time\" content=\"2019-11-04T16:01:24+00:00\" \/>\n<meta property=\"og:image\" content=\"https:\/\/www.sonoraenequipo.com.mx\/storage\/2019\/11\/usan-botts-para-atacar-a-AMLO_opt.jpg\" \/>\n\t<meta property=\"og:image:width\" content=\"645\" \/>\n\t<meta property=\"og:image:height\" content=\"400\" \/>\n\t<meta property=\"og:image:type\" content=\"image\/jpeg\" \/>\n<meta name=\"author\" content=\"enequipo\" \/>\n<meta name=\"twitter:card\" content=\"summary_large_image\" \/>\n<meta name=\"twitter:creator\" content=\"@sonoraenequipo\" \/>\n<meta name=\"twitter:site\" content=\"@sonoraenequipo\" \/>\n<meta name=\"twitter:label1\" content=\"Escrito por\" \/>\n\t<meta name=\"twitter:data1\" content=\"enequipo\" \/>\n\t<meta name=\"twitter:label2\" content=\"Tiempo de lectura\" \/>\n\t<meta name=\"twitter:data2\" content=\"2 minutos\" \/>\n<script type=\"application\/ld+json\" class=\"yoast-schema-graph\">{\"@context\":\"https:\/\/schema.org\",\"@graph\":[{\"@type\":\"Article\",\"@id\":\"https:\/\/www.sonoraenequipo.com.mx\/hijo-de-nuno-mayer-y-de-calderon-atacan-con-bots-a-presidente\/#article\",\"isPartOf\":{\"@id\":\"https:\/\/www.sonoraenequipo.com.mx\/hijo-de-nuno-mayer-y-de-calderon-atacan-con-bots-a-presidente\/\"},\"author\":{\"name\":\"enequipo\",\"@id\":\"https:\/\/www.sonoraenequipo.com.mx\/#\/schema\/person\/50102df0fb23a8fa9e8effad8fa81386\"},\"headline\":\"Hijo de Nu\u00f1o Mayer y de Calder\u00f3n atacan con \u00abbots\u00bb a presidente\",\"datePublished\":\"2019-11-04T14:55:56+00:00\",\"dateModified\":\"2019-11-04T16:01:24+00:00\",\"mainEntityOfPage\":{\"@id\":\"https:\/\/www.sonoraenequipo.com.mx\/hijo-de-nuno-mayer-y-de-calderon-atacan-con-bots-a-presidente\/\"},\"wordCount\":341,\"commentCount\":0,\"publisher\":{\"@id\":\"https:\/\/www.sonoraenequipo.com.mx\/#organization\"},\"image\":{\"@id\":\"https:\/\/www.sonoraenequipo.com.mx\/hijo-de-nuno-mayer-y-de-calderon-atacan-con-bots-a-presidente\/#primaryimage\"},\"thumbnailUrl\":\"https:\/\/www.sonoraenequipo.com.mx\/storage\/2019\/11\/usan-botts-para-atacar-a-AMLO_opt.jpg\",\"articleSection\":[\"Rep\u00fablica\"],\"inLanguage\":\"es\",\"potentialAction\":[{\"@type\":\"CommentAction\",\"name\":\"Comment\",\"target\":[\"https:\/\/www.sonoraenequipo.com.mx\/hijo-de-nuno-mayer-y-de-calderon-atacan-con-bots-a-presidente\/#respond\"]}]},{\"@type\":\"WebPage\",\"@id\":\"https:\/\/www.sonoraenequipo.com.mx\/hijo-de-nuno-mayer-y-de-calderon-atacan-con-bots-a-presidente\/\",\"url\":\"https:\/\/www.sonoraenequipo.com.mx\/hijo-de-nuno-mayer-y-de-calderon-atacan-con-bots-a-presidente\/\",\"name\":\"Sonora en Equipo. Hijo de Nu\u00f1o Mayer y de Calder\u00f3n atacan con \\\"bots\\\" a presidente Rep\u00fablica\",\"isPartOf\":{\"@id\":\"https:\/\/www.sonoraenequipo.com.mx\/#website\"},\"primaryImageOfPage\":{\"@id\":\"https:\/\/www.sonoraenequipo.com.mx\/hijo-de-nuno-mayer-y-de-calderon-atacan-con-bots-a-presidente\/#primaryimage\"},\"image\":{\"@id\":\"https:\/\/www.sonoraenequipo.com.mx\/hijo-de-nuno-mayer-y-de-calderon-atacan-con-bots-a-presidente\/#primaryimage\"},\"thumbnailUrl\":\"https:\/\/www.sonoraenequipo.com.mx\/storage\/2019\/11\/usan-botts-para-atacar-a-AMLO_opt.jpg\",\"datePublished\":\"2019-11-04T14:55:56+00:00\",\"dateModified\":\"2019-11-04T16:01:24+00:00\",\"description\":\"CIUDAD DE M\u00c9XICO. MX. \u2014 El l gobierno federal present\u00f3 este d\u00eda un informe sobre los ataques registrados en redes sociales, este fin de semana, en contra En Sonora en Equipo publicamos toda la informaci\u00f3n de Sonora, M\u00e9xico y el Mundo de manera oportuna y busca que la libertad de expresi\u00f3n sea real. Visita nuestro medio informativo publicado desde Hermosillo, Sonora. %\",\"breadcrumb\":{\"@id\":\"https:\/\/www.sonoraenequipo.com.mx\/hijo-de-nuno-mayer-y-de-calderon-atacan-con-bots-a-presidente\/#breadcrumb\"},\"inLanguage\":\"es\",\"potentialAction\":[{\"@type\":\"ReadAction\",\"target\":[\"https:\/\/www.sonoraenequipo.com.mx\/hijo-de-nuno-mayer-y-de-calderon-atacan-con-bots-a-presidente\/\"]}]},{\"@type\":\"ImageObject\",\"inLanguage\":\"es\",\"@id\":\"https:\/\/www.sonoraenequipo.com.mx\/hijo-de-nuno-mayer-y-de-calderon-atacan-con-bots-a-presidente\/#primaryimage\",\"url\":\"https:\/\/www.sonoraenequipo.com.mx\/storage\/2019\/11\/usan-botts-para-atacar-a-AMLO_opt.jpg\",\"contentUrl\":\"https:\/\/www.sonoraenequipo.com.mx\/storage\/2019\/11\/usan-botts-para-atacar-a-AMLO_opt.jpg\",\"width\":645,\"height\":400},{\"@type\":\"BreadcrumbList\",\"@id\":\"https:\/\/www.sonoraenequipo.com.mx\/hijo-de-nuno-mayer-y-de-calderon-atacan-con-bots-a-presidente\/#breadcrumb\",\"itemListElement\":[{\"@type\":\"ListItem\",\"position\":1,\"name\":\"Portada\",\"item\":\"https:\/\/www.sonoraenequipo.com.mx\/\"},{\"@type\":\"ListItem\",\"position\":2,\"name\":\"Hijo de Nu\u00f1o Mayer y de Calder\u00f3n atacan con \u00abbots\u00bb a presidente\"}]},{\"@type\":\"WebSite\",\"@id\":\"https:\/\/www.sonoraenequipo.com.mx\/#website\",\"url\":\"https:\/\/www.sonoraenequipo.com.mx\/\",\"name\":\"Sonora en Equipo.\",\"description\":\"Diario en l\u00ednea con Noticias desde Hermosillo, Sonora\",\"publisher\":{\"@id\":\"https:\/\/www.sonoraenequipo.com.mx\/#organization\"},\"potentialAction\":[{\"@type\":\"SearchAction\",\"target\":{\"@type\":\"EntryPoint\",\"urlTemplate\":\"https:\/\/www.sonoraenequipo.com.mx\/?s={search_term_string}\"},\"query-input\":{\"@type\":\"PropertyValueSpecification\",\"valueRequired\":true,\"valueName\":\"search_term_string\"}}],\"inLanguage\":\"es\"},{\"@type\":\"Organization\",\"@id\":\"https:\/\/www.sonoraenequipo.com.mx\/#organization\",\"name\":\"Sonoraenequipo.com.mx\",\"url\":\"https:\/\/www.sonoraenequipo.com.mx\/\",\"logo\":{\"@type\":\"ImageObject\",\"inLanguage\":\"es\",\"@id\":\"https:\/\/www.sonoraenequipo.com.mx\/#\/schema\/logo\/image\/\",\"url\":\"https:\/\/www.sonoraenequipo.com.mx\/storage\/2019\/01\/sonoraenequipo_opt.png\",\"contentUrl\":\"https:\/\/www.sonoraenequipo.com.mx\/storage\/2019\/01\/sonoraenequipo_opt.png\",\"width\":375,\"height\":125,\"caption\":\"Sonoraenequipo.com.mx\"},\"image\":{\"@id\":\"https:\/\/www.sonoraenequipo.com.mx\/#\/schema\/logo\/image\/\"},\"sameAs\":[\"https:\/\/www.facebook.com\/SonoraEE\/\",\"https:\/\/x.com\/sonoraenequipo\",\"https:\/\/www.youtube.com\/channel\/UC338nW-lPEYmJQs4ZABQ1SQ\"]},{\"@type\":\"Person\",\"@id\":\"https:\/\/www.sonoraenequipo.com.mx\/#\/schema\/person\/50102df0fb23a8fa9e8effad8fa81386\",\"name\":\"enequipo\",\"image\":{\"@type\":\"ImageObject\",\"inLanguage\":\"es\",\"@id\":\"https:\/\/www.sonoraenequipo.com.mx\/#\/schema\/person\/image\/\",\"url\":\"https:\/\/secure.gravatar.com\/avatar\/049821681b589dabc0bc20695993ccebb09f5b5d4d790cd9251b97faac7c652b?s=96&d=blank&r=g\",\"contentUrl\":\"https:\/\/secure.gravatar.com\/avatar\/049821681b589dabc0bc20695993ccebb09f5b5d4d790cd9251b97faac7c652b?s=96&d=blank&r=g\",\"caption\":\"enequipo\"},\"sameAs\":[\"https:\/\/www.facebook.com\/SonoraEE\"]}]}<\/script>\n ","yoast_head_json":{"title":"Sonora en Equipo. Hijo de Nu\u00f1o Mayer y de Calder\u00f3n atacan con \"bots\" a presidente Rep\u00fablica","description":"CIUDAD DE M\u00c9XICO. MX. \u2014 El l gobierno federal present\u00f3 este d\u00eda un informe sobre los ataques registrados en redes sociales, este fin de semana, en contra En Sonora en Equipo publicamos toda la informaci\u00f3n de Sonora, M\u00e9xico y el Mundo de manera oportuna y busca que la libertad de expresi\u00f3n sea real. Visita nuestro medio informativo publicado desde Hermosillo, Sonora. %","robots":{"index":"index","follow":"follow","max-snippet":"max-snippet:-1","max-image-preview":"max-image-preview:large","max-video-preview":"max-video-preview:-1"},"canonical":"https:\/\/www.sonoraenequipo.com.mx\/hijo-de-nuno-mayer-y-de-calderon-atacan-con-bots-a-presidente\/","og_locale":"es_ES","og_type":"article","og_title":"Sonora en Equipo. Hijo de Nu\u00f1o Mayer y de Calder\u00f3n atacan con \"bots\" a presidente Rep\u00fablica","og_description":"CIUDAD DE M\u00c9XICO. MX. \u2014 El l gobierno federal present\u00f3 este d\u00eda un informe sobre los ataques registrados en redes sociales, este fin de semana, en contra En Sonora en Equipo publicamos toda la informaci\u00f3n de Sonora, M\u00e9xico y el Mundo de manera oportuna y busca que la libertad de expresi\u00f3n sea real. Visita nuestro medio informativo publicado desde Hermosillo, Sonora. %","og_url":"https:\/\/www.sonoraenequipo.com.mx\/hijo-de-nuno-mayer-y-de-calderon-atacan-con-bots-a-presidente\/","og_site_name":"Sonora en Equipo.","article_publisher":"https:\/\/www.facebook.com\/SonoraEE\/","article_author":"https:\/\/www.facebook.com\/SonoraEE","article_published_time":"2019-11-04T14:55:56+00:00","article_modified_time":"2019-11-04T16:01:24+00:00","og_image":[{"width":645,"height":400,"url":"https:\/\/www.sonoraenequipo.com.mx\/storage\/2019\/11\/usan-botts-para-atacar-a-AMLO_opt.jpg","type":"image\/jpeg"}],"author":"enequipo","twitter_card":"summary_large_image","twitter_creator":"@sonoraenequipo","twitter_site":"@sonoraenequipo","twitter_misc":{"Escrito por":"enequipo","Tiempo de lectura":"2 minutos"},"schema":{"@context":"https:\/\/schema.org","@graph":[{"@type":"Article","@id":"https:\/\/www.sonoraenequipo.com.mx\/hijo-de-nuno-mayer-y-de-calderon-atacan-con-bots-a-presidente\/#article","isPartOf":{"@id":"https:\/\/www.sonoraenequipo.com.mx\/hijo-de-nuno-mayer-y-de-calderon-atacan-con-bots-a-presidente\/"},"author":{"name":"enequipo","@id":"https:\/\/www.sonoraenequipo.com.mx\/#\/schema\/person\/50102df0fb23a8fa9e8effad8fa81386"},"headline":"Hijo de Nu\u00f1o Mayer y de Calder\u00f3n atacan con \u00abbots\u00bb a presidente","datePublished":"2019-11-04T14:55:56+00:00","dateModified":"2019-11-04T16:01:24+00:00","mainEntityOfPage":{"@id":"https:\/\/www.sonoraenequipo.com.mx\/hijo-de-nuno-mayer-y-de-calderon-atacan-con-bots-a-presidente\/"},"wordCount":341,"commentCount":0,"publisher":{"@id":"https:\/\/www.sonoraenequipo.com.mx\/#organization"},"image":{"@id":"https:\/\/www.sonoraenequipo.com.mx\/hijo-de-nuno-mayer-y-de-calderon-atacan-con-bots-a-presidente\/#primaryimage"},"thumbnailUrl":"https:\/\/www.sonoraenequipo.com.mx\/storage\/2019\/11\/usan-botts-para-atacar-a-AMLO_opt.jpg","articleSection":["Rep\u00fablica"],"inLanguage":"es","potentialAction":[{"@type":"CommentAction","name":"Comment","target":["https:\/\/www.sonoraenequipo.com.mx\/hijo-de-nuno-mayer-y-de-calderon-atacan-con-bots-a-presidente\/#respond"]}]},{"@type":"WebPage","@id":"https:\/\/www.sonoraenequipo.com.mx\/hijo-de-nuno-mayer-y-de-calderon-atacan-con-bots-a-presidente\/","url":"https:\/\/www.sonoraenequipo.com.mx\/hijo-de-nuno-mayer-y-de-calderon-atacan-con-bots-a-presidente\/","name":"Sonora en Equipo. Hijo de Nu\u00f1o Mayer y de Calder\u00f3n atacan con \"bots\" a presidente Rep\u00fablica","isPartOf":{"@id":"https:\/\/www.sonoraenequipo.com.mx\/#website"},"primaryImageOfPage":{"@id":"https:\/\/www.sonoraenequipo.com.mx\/hijo-de-nuno-mayer-y-de-calderon-atacan-con-bots-a-presidente\/#primaryimage"},"image":{"@id":"https:\/\/www.sonoraenequipo.com.mx\/hijo-de-nuno-mayer-y-de-calderon-atacan-con-bots-a-presidente\/#primaryimage"},"thumbnailUrl":"https:\/\/www.sonoraenequipo.com.mx\/storage\/2019\/11\/usan-botts-para-atacar-a-AMLO_opt.jpg","datePublished":"2019-11-04T14:55:56+00:00","dateModified":"2019-11-04T16:01:24+00:00","description":"CIUDAD DE M\u00c9XICO. MX. \u2014 El l gobierno federal present\u00f3 este d\u00eda un informe sobre los ataques registrados en redes sociales, este fin de semana, en contra En Sonora en Equipo publicamos toda la informaci\u00f3n de Sonora, M\u00e9xico y el Mundo de manera oportuna y busca que la libertad de expresi\u00f3n sea real. Visita nuestro medio informativo publicado desde Hermosillo, Sonora. %","breadcrumb":{"@id":"https:\/\/www.sonoraenequipo.com.mx\/hijo-de-nuno-mayer-y-de-calderon-atacan-con-bots-a-presidente\/#breadcrumb"},"inLanguage":"es","potentialAction":[{"@type":"ReadAction","target":["https:\/\/www.sonoraenequipo.com.mx\/hijo-de-nuno-mayer-y-de-calderon-atacan-con-bots-a-presidente\/"]}]},{"@type":"ImageObject","inLanguage":"es","@id":"https:\/\/www.sonoraenequipo.com.mx\/hijo-de-nuno-mayer-y-de-calderon-atacan-con-bots-a-presidente\/#primaryimage","url":"https:\/\/www.sonoraenequipo.com.mx\/storage\/2019\/11\/usan-botts-para-atacar-a-AMLO_opt.jpg","contentUrl":"https:\/\/www.sonoraenequipo.com.mx\/storage\/2019\/11\/usan-botts-para-atacar-a-AMLO_opt.jpg","width":645,"height":400},{"@type":"BreadcrumbList","@id":"https:\/\/www.sonoraenequipo.com.mx\/hijo-de-nuno-mayer-y-de-calderon-atacan-con-bots-a-presidente\/#breadcrumb","itemListElement":[{"@type":"ListItem","position":1,"name":"Portada","item":"https:\/\/www.sonoraenequipo.com.mx\/"},{"@type":"ListItem","position":2,"name":"Hijo de Nu\u00f1o Mayer y de Calder\u00f3n atacan con \u00abbots\u00bb a presidente"}]},{"@type":"WebSite","@id":"https:\/\/www.sonoraenequipo.com.mx\/#website","url":"https:\/\/www.sonoraenequipo.com.mx\/","name":"Sonora en Equipo.","description":"Diario en l\u00ednea con Noticias desde Hermosillo, Sonora","publisher":{"@id":"https:\/\/www.sonoraenequipo.com.mx\/#organization"},"potentialAction":[{"@type":"SearchAction","target":{"@type":"EntryPoint","urlTemplate":"https:\/\/www.sonoraenequipo.com.mx\/?s={search_term_string}"},"query-input":{"@type":"PropertyValueSpecification","valueRequired":true,"valueName":"search_term_string"}}],"inLanguage":"es"},{"@type":"Organization","@id":"https:\/\/www.sonoraenequipo.com.mx\/#organization","name":"Sonoraenequipo.com.mx","url":"https:\/\/www.sonoraenequipo.com.mx\/","logo":{"@type":"ImageObject","inLanguage":"es","@id":"https:\/\/www.sonoraenequipo.com.mx\/#\/schema\/logo\/image\/","url":"https:\/\/www.sonoraenequipo.com.mx\/storage\/2019\/01\/sonoraenequipo_opt.png","contentUrl":"https:\/\/www.sonoraenequipo.com.mx\/storage\/2019\/01\/sonoraenequipo_opt.png","width":375,"height":125,"caption":"Sonoraenequipo.com.mx"},"image":{"@id":"https:\/\/www.sonoraenequipo.com.mx\/#\/schema\/logo\/image\/"},"sameAs":["https:\/\/www.facebook.com\/SonoraEE\/","https:\/\/x.com\/sonoraenequipo","https:\/\/www.youtube.com\/channel\/UC338nW-lPEYmJQs4ZABQ1SQ"]},{"@type":"Person","@id":"https:\/\/www.sonoraenequipo.com.mx\/#\/schema\/person\/50102df0fb23a8fa9e8effad8fa81386","name":"enequipo","image":{"@type":"ImageObject","inLanguage":"es","@id":"https:\/\/www.sonoraenequipo.com.mx\/#\/schema\/person\/image\/","url":"https:\/\/secure.gravatar.com\/avatar\/049821681b589dabc0bc20695993ccebb09f5b5d4d790cd9251b97faac7c652b?s=96&d=blank&r=g","contentUrl":"https:\/\/secure.gravatar.com\/avatar\/049821681b589dabc0bc20695993ccebb09f5b5d4d790cd9251b97faac7c652b?s=96&d=blank&r=g","caption":"enequipo"},"sameAs":["https:\/\/www.facebook.com\/SonoraEE"]}]}},"jetpack_featured_media_url":"https:\/\/www.sonoraenequipo.com.mx\/storage\/2019\/11\/usan-botts-para-atacar-a-AMLO_opt.jpg","_links":{"self":[{"href":"https:\/\/www.sonoraenequipo.com.mx\/api\/wp\/v2\/posts\/70240","targetHints":{"allow":["GET"]}}],"collection":[{"href":"https:\/\/www.sonoraenequipo.com.mx\/api\/wp\/v2\/posts"}],"about":[{"href":"https:\/\/www.sonoraenequipo.com.mx\/api\/wp\/v2\/types\/post"}],"author":[{"embeddable":true,"href":"https:\/\/www.sonoraenequipo.com.mx\/api\/wp\/v2\/users\/1"}],"replies":[{"embeddable":true,"href":"https:\/\/www.sonoraenequipo.com.mx\/api\/wp\/v2\/comments?post=70240"}],"version-history":[{"count":0,"href":"https:\/\/www.sonoraenequipo.com.mx\/api\/wp\/v2\/posts\/70240\/revisions"}],"wp:featuredmedia":[{"embeddable":true,"href":"https:\/\/www.sonoraenequipo.com.mx\/api\/wp\/v2\/media\/70241"}],"wp:attachment":[{"href":"https:\/\/www.sonoraenequipo.com.mx\/api\/wp\/v2\/media?parent=70240"}],"wp:term":[{"taxonomy":"category","embeddable":true,"href":"https:\/\/www.sonoraenequipo.com.mx\/api\/wp\/v2\/categories?post=70240"},{"taxonomy":"post_tag","embeddable":true,"href":"https:\/\/www.sonoraenequipo.com.mx\/api\/wp\/v2\/tags?post=70240"}],"curies":[{"name":"wp","href":"https:\/\/api.w.org\/{rel}","templated":true}]}}