{"id":705,"date":"2015-11-03T20:44:09","date_gmt":"2015-11-03T20:44:09","guid":{"rendered":"http:\/\/www.sonoraenequipo.com.mx\/?p=705"},"modified":"2015-11-03T20:45:24","modified_gmt":"2015-11-03T20:45:24","slug":"toma-protesta-comite-de-planeacion-municipal-de-hermosillo","status":"publish","type":"post","link":"https:\/\/www.sonoraenequipo.com.mx\/toma-protesta-comite-de-planeacion-municipal-de-hermosillo\/","title":{"rendered":"Toma protesta Comit\u00e9 de Planeaci\u00f3n Municipal de Hermosillo"},"content":{"rendered":"<p><strong>03112015. HERMOSILLO, SONORA.MX. CYNTHIA LIM\u00d3N. TELMAX.\u2014 <\/strong>Toman protesta al Comit\u00e9 de Planeaci\u00f3n Municipal de Hermosillo y con ello se instala el Plan de Desarrollo 2016 \u2013 2018.<\/p>\n<p> <\/p>\n<p>El COPLAM est\u00e1 integrado por ciudadanos y representantes de diversos sectores, ser\u00e1 la instancia oficial de concertaci\u00f3n para promover el desarrollo integral de la capital y se regir\u00e1 en 6 ejes tem\u00e1ticos:<\/p>\n<p>1. Hermosillo seguro<\/p>\n<p>2. Hermosillo social<\/p>\n<p>3. En familia y con valores<\/p>\n<p>4. Infraestructura y servicios p\u00fablicos de calidad<\/p>\n<p>5. Desarrollo econ\u00f3mico<\/p>\n<p>6. Hermosillo con un gobierno justo, trasparente y honesto.<\/p>\n<p>&nbsp;<\/p>\n<p>El comit\u00e9 de planeaci\u00f3n municipal tambi\u00e9n tendr\u00e1 a su cargo elaborar los proyectos institucionales, programaci\u00f3n anual del presupuesto y dar seguimiento a cada una de las acciones.<\/p>\n<p>El objetivo es lograr que las demandas y el inter\u00e9s general de la comunidad se plasmen en un documento rector para la acci\u00f3n de gobierno, que incluye foros de consulta, participaci\u00f3n electr\u00f3nica y la instalaci\u00f3n de mesas receptoras donde los ciudadanos podr\u00e1n entregar sus propuestas.<\/p>\n<p><a href=\"http:\/\/www.sonoraenequipo.com.mx\/storage\/2015\/11\/maloroacosta_opt.jpg\"><img loading=\"lazy\" decoding=\"async\" class=\"size-medium  x-left\" src=\"http:\/\/www.sonoraenequipo.com.mx\/storage\/2015\/11\/maloroacosta_opt-300x185.jpg\" alt=\"maloroacosta_opt\" width=\"300\" height=\"185\" \/><\/a>El alcalde <em><strong>Manuel Igancio Acosta Guti\u00e9rrez<\/strong> <\/em>dijo que \u201c<em>cada peso invertido se vea y se refleje en la calidad de vida de los hermosillenses, que cada una de las acciones vayan e impacten directamente en el desarrollo humano, social, econ\u00f3mico y en la calidad de vida de nuestros habitantes por eso, eso lo tenemos que hacer en equipo\u201d.<\/em><\/p>\n<p><strong><em>Miguel Pompa Corella<\/em><\/strong>, secretario de Gobierno, fue quien tom\u00f3 protesta a los integrantes del Comit\u00e9 de Planeaci\u00f3n Municipal.<\/p>\n<p><em>\u201cNada tan importante, como bien lo dec\u00eda el Presidente Municipal, hoy en d\u00eda, como la participaci\u00f3n y la intervenci\u00f3n de todos en la visi\u00f3n de un gobierno porque si todos somos parte de la misma sociedad todos tambi\u00e9n debemos participar en las decisiones que se tomen desde cualquier nivel de gobierno\u201d,<\/em> mencion\u00f3.<strong><br \/>\n<\/strong><\/p>\n<p>Los foros de consulta finalizar\u00e1n hasta el d\u00eda 13 de noviembre, un espacio donde se podr\u00e1n expresar las demandas y soluciones creativas e incluyentes que definan el rumbo de Hermosillo.<\/p>\n","protected":false},"excerpt":{"rendered":"<p>03112015. HERMOSILLO, SONORA.MX. CYNTHIA LIM\u00d3N. TELMAX.\u2014 Toman protesta al Comit\u00e9 de Planeaci\u00f3n Municipal de Hermosillo&#8230;<\/p>\n","protected":false},"author":1,"featured_media":0,"comment_status":"open","ping_status":"open","sticky":false,"template":"","format":"standard","meta":{"_monsterinsights_skip_tracking":false,"_monsterinsights_sitenote_active":false,"_monsterinsights_sitenote_note":"","_monsterinsights_sitenote_category":0,"footnotes":""},"categories":[13,4],"tags":[758,762,761,35,763,759,760,765,73,757,764],"class_list":["post"],"yoast_head":" \n<title>Sonora en Equipo. Toma protesta Comit\u00e9 de Planeaci\u00f3n Municipal de Hermosillo<\/title>\n<meta name=\"description\" content=\"03112015. HERMOSILLO, SONORA.MX. CYNTHIA LIM\u00d3N. TELMAX.\u2014 Toman protesta al Comit\u00e9 de Planeaci\u00f3n Municipal de Hermosillo y con ello se instala el Plan de En Sonora en Equipo publicamos toda la informaci\u00f3n de Sonora, M\u00e9xico y el Mundo de manera oportuna y busca que la libertad de expresi\u00f3n sea real. Visita nuestro medio informativo publicado desde Hermosillo, Sonora. %\" \/>\n<meta name=\"robots\" content=\"index, follow, max-snippet:-1, max-image-preview:large, max-video-preview:-1\" \/>\n<link rel=\"canonical\" href=\"https:\/\/www.sonoraenequipo.com.mx\/toma-protesta-comite-de-planeacion-municipal-de-hermosillo\/\" \/>\n<meta property=\"og:locale\" content=\"es_ES\" \/>\n<meta property=\"og:type\" content=\"article\" \/>\n<meta property=\"og:title\" content=\"Sonora en Equipo. Toma protesta Comit\u00e9 de Planeaci\u00f3n Municipal de Hermosillo\" \/>\n<meta property=\"og:description\" content=\"03112015. HERMOSILLO, SONORA.MX. CYNTHIA LIM\u00d3N. TELMAX.\u2014 Toman protesta al Comit\u00e9 de Planeaci\u00f3n Municipal de Hermosillo y con ello se instala el Plan de En Sonora en Equipo publicamos toda la informaci\u00f3n de Sonora, M\u00e9xico y el Mundo de manera oportuna y busca que la libertad de expresi\u00f3n sea real. Visita nuestro medio informativo publicado desde Hermosillo, Sonora. %\" \/>\n<meta property=\"og:url\" content=\"https:\/\/www.sonoraenequipo.com.mx\/toma-protesta-comite-de-planeacion-municipal-de-hermosillo\/\" \/>\n<meta property=\"og:site_name\" content=\"Sonora en Equipo.\" \/>\n<meta property=\"article:publisher\" content=\"https:\/\/www.facebook.com\/SonoraEE\/\" \/>\n<meta property=\"article:author\" content=\"https:\/\/www.facebook.com\/SonoraEE\" \/>\n<meta property=\"article:published_time\" content=\"2015-11-03T20:44:09+00:00\" \/>\n<meta property=\"article:modified_time\" content=\"2015-11-03T20:45:24+00:00\" \/>\n<meta property=\"og:image\" content=\"http:\/\/www.sonoraenequipo.com.mx\/storage\/2015\/11\/maloroacosta_opt-300x185.jpg\" \/>\n<meta name=\"author\" content=\"enequipo\" \/>\n<meta name=\"twitter:card\" content=\"summary_large_image\" \/>\n<meta name=\"twitter:creator\" content=\"@sonoraenequipo\" \/>\n<meta name=\"twitter:site\" content=\"@sonoraenequipo\" \/>\n<meta name=\"twitter:label1\" content=\"Escrito por\" \/>\n\t<meta name=\"twitter:data1\" content=\"enequipo\" \/>\n\t<meta name=\"twitter:label2\" content=\"Tiempo de lectura\" \/>\n\t<meta name=\"twitter:data2\" content=\"2 minutos\" \/>\n<script type=\"application\/ld+json\" class=\"yoast-schema-graph\">{\"@context\":\"https:\/\/schema.org\",\"@graph\":[{\"@type\":\"Article\",\"@id\":\"https:\/\/www.sonoraenequipo.com.mx\/toma-protesta-comite-de-planeacion-municipal-de-hermosillo\/#article\",\"isPartOf\":{\"@id\":\"https:\/\/www.sonoraenequipo.com.mx\/toma-protesta-comite-de-planeacion-municipal-de-hermosillo\/\"},\"author\":{\"name\":\"enequipo\",\"@id\":\"https:\/\/www.sonoraenequipo.com.mx\/#\/schema\/person\/50102df0fb23a8fa9e8effad8fa81386\"},\"headline\":\"Toma protesta Comit\u00e9 de Planeaci\u00f3n Municipal de Hermosillo\",\"datePublished\":\"2015-11-03T20:44:09+00:00\",\"dateModified\":\"2015-11-03T20:45:24+00:00\",\"mainEntityOfPage\":{\"@id\":\"https:\/\/www.sonoraenequipo.com.mx\/toma-protesta-comite-de-planeacion-municipal-de-hermosillo\/\"},\"wordCount\":346,\"commentCount\":0,\"publisher\":{\"@id\":\"https:\/\/www.sonoraenequipo.com.mx\/#organization\"},\"image\":{\"@id\":\"https:\/\/www.sonoraenequipo.com.mx\/toma-protesta-comite-de-planeacion-municipal-de-hermosillo\/#primaryimage\"},\"thumbnailUrl\":\"http:\/\/www.sonoraenequipo.com.mx\/storage\/2015\/11\/maloroacosta_opt-300x185.jpg\",\"keywords\":[\"Comit\u00e9 de Planeaci\u00f3n Municipal\",\"Desarrollo econ\u00f3mico\",\"En familia y con valores\",\"hermosillo\",\"Hermosillo con un gobierno justo\",\"Hermosillo seguro\",\"Hermosillo social\",\"Infraestructura y servicios p\u00fablicos de calidad\",\"maloro\",\"MANUEL IGNACIO ACOSTA GUTI\u00c9RREZ\",\"trasparente y honesto\"],\"articleSection\":[\"Destacadas\",\"Municipios\"],\"inLanguage\":\"es\",\"potentialAction\":[{\"@type\":\"CommentAction\",\"name\":\"Comment\",\"target\":[\"https:\/\/www.sonoraenequipo.com.mx\/toma-protesta-comite-de-planeacion-municipal-de-hermosillo\/#respond\"]}]},{\"@type\":\"WebPage\",\"@id\":\"https:\/\/www.sonoraenequipo.com.mx\/toma-protesta-comite-de-planeacion-municipal-de-hermosillo\/\",\"url\":\"https:\/\/www.sonoraenequipo.com.mx\/toma-protesta-comite-de-planeacion-municipal-de-hermosillo\/\",\"name\":\"Sonora en Equipo. Toma protesta Comit\u00e9 de Planeaci\u00f3n Municipal de Hermosillo\",\"isPartOf\":{\"@id\":\"https:\/\/www.sonoraenequipo.com.mx\/#website\"},\"primaryImageOfPage\":{\"@id\":\"https:\/\/www.sonoraenequipo.com.mx\/toma-protesta-comite-de-planeacion-municipal-de-hermosillo\/#primaryimage\"},\"image\":{\"@id\":\"https:\/\/www.sonoraenequipo.com.mx\/toma-protesta-comite-de-planeacion-municipal-de-hermosillo\/#primaryimage\"},\"thumbnailUrl\":\"http:\/\/www.sonoraenequipo.com.mx\/storage\/2015\/11\/maloroacosta_opt-300x185.jpg\",\"datePublished\":\"2015-11-03T20:44:09+00:00\",\"dateModified\":\"2015-11-03T20:45:24+00:00\",\"description\":\"03112015. HERMOSILLO, SONORA.MX. CYNTHIA LIM\u00d3N. TELMAX.\u2014 Toman protesta al Comit\u00e9 de Planeaci\u00f3n Municipal de Hermosillo y con ello se instala el Plan de En Sonora en Equipo publicamos toda la informaci\u00f3n de Sonora, M\u00e9xico y el Mundo de manera oportuna y busca que la libertad de expresi\u00f3n sea real. Visita nuestro medio informativo publicado desde Hermosillo, Sonora. %\",\"breadcrumb\":{\"@id\":\"https:\/\/www.sonoraenequipo.com.mx\/toma-protesta-comite-de-planeacion-municipal-de-hermosillo\/#breadcrumb\"},\"inLanguage\":\"es\",\"potentialAction\":[{\"@type\":\"ReadAction\",\"target\":[\"https:\/\/www.sonoraenequipo.com.mx\/toma-protesta-comite-de-planeacion-municipal-de-hermosillo\/\"]}]},{\"@type\":\"ImageObject\",\"inLanguage\":\"es\",\"@id\":\"https:\/\/www.sonoraenequipo.com.mx\/toma-protesta-comite-de-planeacion-municipal-de-hermosillo\/#primaryimage\",\"url\":\"http:\/\/www.sonoraenequipo.com.mx\/storage\/2015\/11\/maloroacosta_opt-300x185.jpg\",\"contentUrl\":\"http:\/\/www.sonoraenequipo.com.mx\/storage\/2015\/11\/maloroacosta_opt-300x185.jpg\"},{\"@type\":\"BreadcrumbList\",\"@id\":\"https:\/\/www.sonoraenequipo.com.mx\/toma-protesta-comite-de-planeacion-municipal-de-hermosillo\/#breadcrumb\",\"itemListElement\":[{\"@type\":\"ListItem\",\"position\":1,\"name\":\"Portada\",\"item\":\"https:\/\/www.sonoraenequipo.com.mx\/\"},{\"@type\":\"ListItem\",\"position\":2,\"name\":\"Toma protesta Comit\u00e9 de Planeaci\u00f3n Municipal de Hermosillo\"}]},{\"@type\":\"WebSite\",\"@id\":\"https:\/\/www.sonoraenequipo.com.mx\/#website\",\"url\":\"https:\/\/www.sonoraenequipo.com.mx\/\",\"name\":\"Sonora en Equipo.\",\"description\":\"Diario en l\u00ednea con Noticias desde Hermosillo, Sonora\",\"publisher\":{\"@id\":\"https:\/\/www.sonoraenequipo.com.mx\/#organization\"},\"potentialAction\":[{\"@type\":\"SearchAction\",\"target\":{\"@type\":\"EntryPoint\",\"urlTemplate\":\"https:\/\/www.sonoraenequipo.com.mx\/?s={search_term_string}\"},\"query-input\":{\"@type\":\"PropertyValueSpecification\",\"valueRequired\":true,\"valueName\":\"search_term_string\"}}],\"inLanguage\":\"es\"},{\"@type\":\"Organization\",\"@id\":\"https:\/\/www.sonoraenequipo.com.mx\/#organization\",\"name\":\"Sonoraenequipo.com.mx\",\"url\":\"https:\/\/www.sonoraenequipo.com.mx\/\",\"logo\":{\"@type\":\"ImageObject\",\"inLanguage\":\"es\",\"@id\":\"https:\/\/www.sonoraenequipo.com.mx\/#\/schema\/logo\/image\/\",\"url\":\"https:\/\/www.sonoraenequipo.com.mx\/storage\/2019\/01\/sonoraenequipo_opt.png\",\"contentUrl\":\"https:\/\/www.sonoraenequipo.com.mx\/storage\/2019\/01\/sonoraenequipo_opt.png\",\"width\":375,\"height\":125,\"caption\":\"Sonoraenequipo.com.mx\"},\"image\":{\"@id\":\"https:\/\/www.sonoraenequipo.com.mx\/#\/schema\/logo\/image\/\"},\"sameAs\":[\"https:\/\/www.facebook.com\/SonoraEE\/\",\"https:\/\/x.com\/sonoraenequipo\",\"https:\/\/www.youtube.com\/channel\/UC338nW-lPEYmJQs4ZABQ1SQ\"]},{\"@type\":\"Person\",\"@id\":\"https:\/\/www.sonoraenequipo.com.mx\/#\/schema\/person\/50102df0fb23a8fa9e8effad8fa81386\",\"name\":\"enequipo\",\"image\":{\"@type\":\"ImageObject\",\"inLanguage\":\"es\",\"@id\":\"https:\/\/www.sonoraenequipo.com.mx\/#\/schema\/person\/image\/\",\"url\":\"https:\/\/secure.gravatar.com\/avatar\/049821681b589dabc0bc20695993ccebb09f5b5d4d790cd9251b97faac7c652b?s=96&d=blank&r=g\",\"contentUrl\":\"https:\/\/secure.gravatar.com\/avatar\/049821681b589dabc0bc20695993ccebb09f5b5d4d790cd9251b97faac7c652b?s=96&d=blank&r=g\",\"caption\":\"enequipo\"},\"sameAs\":[\"https:\/\/www.facebook.com\/SonoraEE\"]}]}<\/script>\n ","yoast_head_json":{"title":"Sonora en Equipo. Toma protesta Comit\u00e9 de Planeaci\u00f3n Municipal de Hermosillo","description":"03112015. HERMOSILLO, SONORA.MX. CYNTHIA LIM\u00d3N. TELMAX.\u2014 Toman protesta al Comit\u00e9 de Planeaci\u00f3n Municipal de Hermosillo y con ello se instala el Plan de En Sonora en Equipo publicamos toda la informaci\u00f3n de Sonora, M\u00e9xico y el Mundo de manera oportuna y busca que la libertad de expresi\u00f3n sea real. Visita nuestro medio informativo publicado desde Hermosillo, Sonora. %","robots":{"index":"index","follow":"follow","max-snippet":"max-snippet:-1","max-image-preview":"max-image-preview:large","max-video-preview":"max-video-preview:-1"},"canonical":"https:\/\/www.sonoraenequipo.com.mx\/toma-protesta-comite-de-planeacion-municipal-de-hermosillo\/","og_locale":"es_ES","og_type":"article","og_title":"Sonora en Equipo. Toma protesta Comit\u00e9 de Planeaci\u00f3n Municipal de Hermosillo","og_description":"03112015. HERMOSILLO, SONORA.MX. CYNTHIA LIM\u00d3N. TELMAX.\u2014 Toman protesta al Comit\u00e9 de Planeaci\u00f3n Municipal de Hermosillo y con ello se instala el Plan de En Sonora en Equipo publicamos toda la informaci\u00f3n de Sonora, M\u00e9xico y el Mundo de manera oportuna y busca que la libertad de expresi\u00f3n sea real. Visita nuestro medio informativo publicado desde Hermosillo, Sonora. %","og_url":"https:\/\/www.sonoraenequipo.com.mx\/toma-protesta-comite-de-planeacion-municipal-de-hermosillo\/","og_site_name":"Sonora en Equipo.","article_publisher":"https:\/\/www.facebook.com\/SonoraEE\/","article_author":"https:\/\/www.facebook.com\/SonoraEE","article_published_time":"2015-11-03T20:44:09+00:00","article_modified_time":"2015-11-03T20:45:24+00:00","og_image":[{"url":"http:\/\/www.sonoraenequipo.com.mx\/storage\/2015\/11\/maloroacosta_opt-300x185.jpg","type":"","width":"","height":""}],"author":"enequipo","twitter_card":"summary_large_image","twitter_creator":"@sonoraenequipo","twitter_site":"@sonoraenequipo","twitter_misc":{"Escrito por":"enequipo","Tiempo de lectura":"2 minutos"},"schema":{"@context":"https:\/\/schema.org","@graph":[{"@type":"Article","@id":"https:\/\/www.sonoraenequipo.com.mx\/toma-protesta-comite-de-planeacion-municipal-de-hermosillo\/#article","isPartOf":{"@id":"https:\/\/www.sonoraenequipo.com.mx\/toma-protesta-comite-de-planeacion-municipal-de-hermosillo\/"},"author":{"name":"enequipo","@id":"https:\/\/www.sonoraenequipo.com.mx\/#\/schema\/person\/50102df0fb23a8fa9e8effad8fa81386"},"headline":"Toma protesta Comit\u00e9 de Planeaci\u00f3n Municipal de Hermosillo","datePublished":"2015-11-03T20:44:09+00:00","dateModified":"2015-11-03T20:45:24+00:00","mainEntityOfPage":{"@id":"https:\/\/www.sonoraenequipo.com.mx\/toma-protesta-comite-de-planeacion-municipal-de-hermosillo\/"},"wordCount":346,"commentCount":0,"publisher":{"@id":"https:\/\/www.sonoraenequipo.com.mx\/#organization"},"image":{"@id":"https:\/\/www.sonoraenequipo.com.mx\/toma-protesta-comite-de-planeacion-municipal-de-hermosillo\/#primaryimage"},"thumbnailUrl":"http:\/\/www.sonoraenequipo.com.mx\/storage\/2015\/11\/maloroacosta_opt-300x185.jpg","keywords":["Comit\u00e9 de Planeaci\u00f3n Municipal","Desarrollo econ\u00f3mico","En familia y con valores","hermosillo","Hermosillo con un gobierno justo","Hermosillo seguro","Hermosillo social","Infraestructura y servicios p\u00fablicos de calidad","maloro","MANUEL IGNACIO ACOSTA GUTI\u00c9RREZ","trasparente y honesto"],"articleSection":["Destacadas","Municipios"],"inLanguage":"es","potentialAction":[{"@type":"CommentAction","name":"Comment","target":["https:\/\/www.sonoraenequipo.com.mx\/toma-protesta-comite-de-planeacion-municipal-de-hermosillo\/#respond"]}]},{"@type":"WebPage","@id":"https:\/\/www.sonoraenequipo.com.mx\/toma-protesta-comite-de-planeacion-municipal-de-hermosillo\/","url":"https:\/\/www.sonoraenequipo.com.mx\/toma-protesta-comite-de-planeacion-municipal-de-hermosillo\/","name":"Sonora en Equipo. Toma protesta Comit\u00e9 de Planeaci\u00f3n Municipal de Hermosillo","isPartOf":{"@id":"https:\/\/www.sonoraenequipo.com.mx\/#website"},"primaryImageOfPage":{"@id":"https:\/\/www.sonoraenequipo.com.mx\/toma-protesta-comite-de-planeacion-municipal-de-hermosillo\/#primaryimage"},"image":{"@id":"https:\/\/www.sonoraenequipo.com.mx\/toma-protesta-comite-de-planeacion-municipal-de-hermosillo\/#primaryimage"},"thumbnailUrl":"http:\/\/www.sonoraenequipo.com.mx\/storage\/2015\/11\/maloroacosta_opt-300x185.jpg","datePublished":"2015-11-03T20:44:09+00:00","dateModified":"2015-11-03T20:45:24+00:00","description":"03112015. HERMOSILLO, SONORA.MX. CYNTHIA LIM\u00d3N. TELMAX.\u2014 Toman protesta al Comit\u00e9 de Planeaci\u00f3n Municipal de Hermosillo y con ello se instala el Plan de En Sonora en Equipo publicamos toda la informaci\u00f3n de Sonora, M\u00e9xico y el Mundo de manera oportuna y busca que la libertad de expresi\u00f3n sea real. Visita nuestro medio informativo publicado desde Hermosillo, Sonora. %","breadcrumb":{"@id":"https:\/\/www.sonoraenequipo.com.mx\/toma-protesta-comite-de-planeacion-municipal-de-hermosillo\/#breadcrumb"},"inLanguage":"es","potentialAction":[{"@type":"ReadAction","target":["https:\/\/www.sonoraenequipo.com.mx\/toma-protesta-comite-de-planeacion-municipal-de-hermosillo\/"]}]},{"@type":"ImageObject","inLanguage":"es","@id":"https:\/\/www.sonoraenequipo.com.mx\/toma-protesta-comite-de-planeacion-municipal-de-hermosillo\/#primaryimage","url":"http:\/\/www.sonoraenequipo.com.mx\/storage\/2015\/11\/maloroacosta_opt-300x185.jpg","contentUrl":"http:\/\/www.sonoraenequipo.com.mx\/storage\/2015\/11\/maloroacosta_opt-300x185.jpg"},{"@type":"BreadcrumbList","@id":"https:\/\/www.sonoraenequipo.com.mx\/toma-protesta-comite-de-planeacion-municipal-de-hermosillo\/#breadcrumb","itemListElement":[{"@type":"ListItem","position":1,"name":"Portada","item":"https:\/\/www.sonoraenequipo.com.mx\/"},{"@type":"ListItem","position":2,"name":"Toma protesta Comit\u00e9 de Planeaci\u00f3n Municipal de Hermosillo"}]},{"@type":"WebSite","@id":"https:\/\/www.sonoraenequipo.com.mx\/#website","url":"https:\/\/www.sonoraenequipo.com.mx\/","name":"Sonora en Equipo.","description":"Diario en l\u00ednea con Noticias desde Hermosillo, Sonora","publisher":{"@id":"https:\/\/www.sonoraenequipo.com.mx\/#organization"},"potentialAction":[{"@type":"SearchAction","target":{"@type":"EntryPoint","urlTemplate":"https:\/\/www.sonoraenequipo.com.mx\/?s={search_term_string}"},"query-input":{"@type":"PropertyValueSpecification","valueRequired":true,"valueName":"search_term_string"}}],"inLanguage":"es"},{"@type":"Organization","@id":"https:\/\/www.sonoraenequipo.com.mx\/#organization","name":"Sonoraenequipo.com.mx","url":"https:\/\/www.sonoraenequipo.com.mx\/","logo":{"@type":"ImageObject","inLanguage":"es","@id":"https:\/\/www.sonoraenequipo.com.mx\/#\/schema\/logo\/image\/","url":"https:\/\/www.sonoraenequipo.com.mx\/storage\/2019\/01\/sonoraenequipo_opt.png","contentUrl":"https:\/\/www.sonoraenequipo.com.mx\/storage\/2019\/01\/sonoraenequipo_opt.png","width":375,"height":125,"caption":"Sonoraenequipo.com.mx"},"image":{"@id":"https:\/\/www.sonoraenequipo.com.mx\/#\/schema\/logo\/image\/"},"sameAs":["https:\/\/www.facebook.com\/SonoraEE\/","https:\/\/x.com\/sonoraenequipo","https:\/\/www.youtube.com\/channel\/UC338nW-lPEYmJQs4ZABQ1SQ"]},{"@type":"Person","@id":"https:\/\/www.sonoraenequipo.com.mx\/#\/schema\/person\/50102df0fb23a8fa9e8effad8fa81386","name":"enequipo","image":{"@type":"ImageObject","inLanguage":"es","@id":"https:\/\/www.sonoraenequipo.com.mx\/#\/schema\/person\/image\/","url":"https:\/\/secure.gravatar.com\/avatar\/049821681b589dabc0bc20695993ccebb09f5b5d4d790cd9251b97faac7c652b?s=96&d=blank&r=g","contentUrl":"https:\/\/secure.gravatar.com\/avatar\/049821681b589dabc0bc20695993ccebb09f5b5d4d790cd9251b97faac7c652b?s=96&d=blank&r=g","caption":"enequipo"},"sameAs":["https:\/\/www.facebook.com\/SonoraEE"]}]}},"jetpack_featured_media_url":"","_links":{"self":[{"href":"https:\/\/www.sonoraenequipo.com.mx\/api\/wp\/v2\/posts\/705","targetHints":{"allow":["GET"]}}],"collection":[{"href":"https:\/\/www.sonoraenequipo.com.mx\/api\/wp\/v2\/posts"}],"about":[{"href":"https:\/\/www.sonoraenequipo.com.mx\/api\/wp\/v2\/types\/post"}],"author":[{"embeddable":true,"href":"https:\/\/www.sonoraenequipo.com.mx\/api\/wp\/v2\/users\/1"}],"replies":[{"embeddable":true,"href":"https:\/\/www.sonoraenequipo.com.mx\/api\/wp\/v2\/comments?post=705"}],"version-history":[{"count":0,"href":"https:\/\/www.sonoraenequipo.com.mx\/api\/wp\/v2\/posts\/705\/revisions"}],"wp:attachment":[{"href":"https:\/\/www.sonoraenequipo.com.mx\/api\/wp\/v2\/media?parent=705"}],"wp:term":[{"taxonomy":"category","embeddable":true,"href":"https:\/\/www.sonoraenequipo.com.mx\/api\/wp\/v2\/categories?post=705"},{"taxonomy":"post_tag","embeddable":true,"href":"https:\/\/www.sonoraenequipo.com.mx\/api\/wp\/v2\/tags?post=705"}],"curies":[{"name":"wp","href":"https:\/\/api.w.org\/{rel}","templated":true}]}}