{"id":70517,"date":"2019-11-06T10:25:41","date_gmt":"2019-11-06T17:25:41","guid":{"rendered":"https:\/\/www.sonoraenequipo.com.mx\/?p=70517"},"modified":"2019-11-06T06:35:21","modified_gmt":"2019-11-06T13:35:21","slug":"microsoft-llevara-inteligencia-artificial-a-universitarios","status":"publish","type":"post","link":"https:\/\/www.sonoraenequipo.com.mx\/microsoft-llevara-inteligencia-artificial-a-universitarios\/","title":{"rendered":"Microsoft llevar\u00e1 Inteligencia Artificial a universitarios"},"content":{"rendered":"<p>CIUDAD DE M\u00c9XICO. MX. \u2014 La UNAM y la compa\u00f1\u00eda Microsoft capacitar\u00e1n a la comunidad y contribuir\u00e1n a la generaci\u00f3n de nuevos proyectos y soluciones digitales a partir de la instalaci\u00f3n del laboratorio de Inteligencia Artificial en la Facultad de Ingenier\u00eda, donde docentes y alumnos podr\u00e1n formar parte de estos procesos.<\/p>\n<p>&nbsp;<\/p>\n<p> <\/p>\n<p>&nbsp;<\/p>\n<p>&nbsp;<\/p>\n<p>El laboratorio est\u00e1 equipado con computadoras donde toda la comunidad universitaria podr\u00e1 ingresar a la nube de Microsoft y realizar trabajos vinculatorios de las materias que forman parte de sus ingenier\u00edas y licenciaturas.<\/p>\n<p>&nbsp;<\/p>\n<p>&nbsp;<\/p>\n<p><em>\u00abEmpezaremos con los estudiantes de Ingenier\u00eda, pero invitaremos a alumnos de otras facultades. El \u00fanico requisito es tener su registro regular como alumno de la UNAM. Incluso, hay materias compartidas entre facultades y escuelas que pueden aprovechar el laboratorio\u00bb,<\/em> comparti\u00f3 Ricardo Castro, Coordinador de Administraci\u00f3n de Proyectos e Innovaci\u00f3n en la UNAM.<\/p>\n<p>&nbsp;<\/p>\n<p>&nbsp;<\/p>\n<p>La primera etapa de este laboratorio consiste en una capacitaci\u00f3n a los profesores de las m\u00faltiples ingenier\u00edas, estas a cargo de personal de Microsoft. De esta manera, los docentes podr\u00e1n ense\u00f1ar a los alumnos sobre el aprovechamiento de la plataforma. Asimismo, se planea que proyectos espec\u00edficos y personales de Inteligencia Artificial que los alumnos quieran crear e impulsar tambi\u00e9n podr\u00e1n trabajarse desde ah\u00ed, con el fin de fomentar as\u00ed el desarrollo de soluciones que no solo involucren innovaciones en el campo de la ingenier\u00eda.<\/p>\n<p>&nbsp;<\/p>\n<p>&nbsp;<\/p>\n<p><em>\u00abEste laboratorio no solo est\u00e1 pensado para formar a los ingenieros. Tambi\u00e9n queremos expandirlo a otras facultades. Algo importante que ofrece la Inteligencia Artificial es la capacidad de adaptarse a las necesidades y problemas de otras carreras. Hoy todos interactuamos con soluciones basadas en esta tecnolog\u00eda, y nuestro objetivo es abrirla a los m\u00e1s de 365 mil integrantes de nuestra comunidad\u00bb,<\/em> a\u00f1adi\u00f3 el directivo.<\/p>\n<p>&nbsp;<\/p>\n<p>&nbsp;<\/p>\n<p>Para ser parte de las capacitaciones y talleres ofrecidos dentro de este espacio, solo basta con tener acceso a la nube de Microsoft y al servicio Office 365, ambos gratuitos para los alumnos que se encuentran inscritos en un curso regular dentro de la instituci\u00f3n. La intenci\u00f3n es que los trabajos y avances que se realicen desde el laboratorio puedan continuarse desde cualquier otro espacio, incluso desde casa, gracias a Azure, la nube de Microsoft a la cual tambi\u00e9n se ofrece acceso para los estudiantes.<\/p>\n<p>&nbsp;<\/p>\n<p>&nbsp;<\/p>\n<p>Contar con este tipo de tecnolog\u00edas en los procesos de aprendizaje permite que los proyectos generados por las nuevas generaciones puedan aplicarse y funcionar en un ecosistema donde empresas, instituciones educativas y gobierno cada vez se encaminan m\u00e1s hacia la creaci\u00f3n de soluciones digitales, propiciando el crecimiento del pa\u00eds.<\/p>\n<p>&nbsp;<\/p>\n<p>&nbsp;<\/p>\n<p><em>\u00abLa Inteligencia Artificial no es nueva para M\u00e9xico. Ya hay diversas organizaciones adopt\u00e1ndola. Esperamos que, con esta alianza, podamos impulsar no solo el conocimiento de nuevas tecnolog\u00edas sino generar un v\u00ednculo entre los estudiantes y las industrias; gobierno y academia para beneficiar a toda la sociedad\u00bb<\/em>, finaliz\u00f3 Enrique Perezyera, Director General de Microsoft M\u00e9xico.<\/p>\n<p>&nbsp;<\/p>\n<p>&nbsp;<\/p>\n<p>El Laboratorio de Inteligencia Artificial ya se encuentra abierto a toda la comunidad de la UNAM.<\/p>\n<p>&nbsp;<\/p>\n<p>&nbsp;<\/p>\n<p>Si eres alumno de la instituci\u00f3n, podr\u00e1s tener acceso gratuito a Office 365, adem\u00e1s de un terabyte de almacenamiento, licencias de instalaci\u00f3n y la posibilidad de trabajar en Azure; esto a trav\u00e9s de un registro disponible en la p\u00e1gina <a href=\"http:\/\/comunidad.unam.mx.\">comunidad.unam.mx.<\/a><\/p>\n<p>&nbsp;<\/p>\n<p>&nbsp;<\/p>\n<p>PUBLICADO EL 06\/11\/2019)<\/p>\n","protected":false},"excerpt":{"rendered":"<p>CIUDAD DE M\u00c9XICO. MX. \u2014 La UNAM y la compa\u00f1\u00eda Microsoft capacitar\u00e1n a la comunidad&#8230;<\/p>\n","protected":false},"author":1,"featured_media":70518,"comment_status":"open","ping_status":"open","sticky":false,"template":"","format":"standard","meta":{"_monsterinsights_skip_tracking":false,"_monsterinsights_sitenote_active":false,"_monsterinsights_sitenote_note":"","_monsterinsights_sitenote_category":0,"footnotes":""},"categories":[2216],"tags":[],"class_list":["post"],"yoast_head":" \n<title>Sonora en Equipo. Microsoft llevar\u00e1 Inteligencia Artificial a universitarios Ciencia y Tecnolog\u00eda<\/title>\n<meta name=\"description\" content=\"CIUDAD DE M\u00c9XICO. MX. \u2014 La UNAM y la compa\u00f1\u00eda Microsoft capacitar\u00e1n a la comunidad y contribuir\u00e1n a la generaci\u00f3n de nuevos proyectos y soluciones En Sonora en Equipo publicamos toda la informaci\u00f3n de Sonora, M\u00e9xico y el Mundo de manera oportuna y busca que la libertad de expresi\u00f3n sea real. Visita nuestro medio informativo publicado desde Hermosillo, Sonora. %\" \/>\n<meta name=\"robots\" content=\"index, follow, max-snippet:-1, max-image-preview:large, max-video-preview:-1\" \/>\n<link rel=\"canonical\" href=\"https:\/\/www.sonoraenequipo.com.mx\/microsoft-llevara-inteligencia-artificial-a-universitarios\/\" \/>\n<meta property=\"og:locale\" content=\"es_ES\" \/>\n<meta property=\"og:type\" content=\"article\" \/>\n<meta property=\"og:title\" content=\"Sonora en Equipo. Microsoft llevar\u00e1 Inteligencia Artificial a universitarios Ciencia y Tecnolog\u00eda\" \/>\n<meta property=\"og:description\" content=\"CIUDAD DE M\u00c9XICO. MX. \u2014 La UNAM y la compa\u00f1\u00eda Microsoft capacitar\u00e1n a la comunidad y contribuir\u00e1n a la generaci\u00f3n de nuevos proyectos y soluciones En Sonora en Equipo publicamos toda la informaci\u00f3n de Sonora, M\u00e9xico y el Mundo de manera oportuna y busca que la libertad de expresi\u00f3n sea real. Visita nuestro medio informativo publicado desde Hermosillo, Sonora. %\" \/>\n<meta property=\"og:url\" content=\"https:\/\/www.sonoraenequipo.com.mx\/microsoft-llevara-inteligencia-artificial-a-universitarios\/\" \/>\n<meta property=\"og:site_name\" content=\"Sonora en Equipo.\" \/>\n<meta property=\"article:publisher\" content=\"https:\/\/www.facebook.com\/SonoraEE\/\" \/>\n<meta property=\"article:author\" content=\"https:\/\/www.facebook.com\/SonoraEE\" \/>\n<meta property=\"article:published_time\" content=\"2019-11-06T17:25:41+00:00\" \/>\n<meta property=\"og:image\" content=\"https:\/\/www.sonoraenequipo.com.mx\/storage\/2019\/11\/microsoft_opt.jpg\" \/>\n\t<meta property=\"og:image:width\" content=\"748\" \/>\n\t<meta property=\"og:image:height\" content=\"499\" \/>\n\t<meta property=\"og:image:type\" content=\"image\/jpeg\" \/>\n<meta name=\"author\" content=\"enequipo\" \/>\n<meta name=\"twitter:card\" content=\"summary_large_image\" \/>\n<meta name=\"twitter:creator\" content=\"@sonoraenequipo\" \/>\n<meta name=\"twitter:site\" content=\"@sonoraenequipo\" \/>\n<meta name=\"twitter:label1\" content=\"Escrito por\" \/>\n\t<meta name=\"twitter:data1\" content=\"enequipo\" \/>\n\t<meta name=\"twitter:label2\" content=\"Tiempo de lectura\" \/>\n\t<meta name=\"twitter:data2\" content=\"3 minutos\" \/>\n<script type=\"application\/ld+json\" class=\"yoast-schema-graph\">{\"@context\":\"https:\/\/schema.org\",\"@graph\":[{\"@type\":\"Article\",\"@id\":\"https:\/\/www.sonoraenequipo.com.mx\/microsoft-llevara-inteligencia-artificial-a-universitarios\/#article\",\"isPartOf\":{\"@id\":\"https:\/\/www.sonoraenequipo.com.mx\/microsoft-llevara-inteligencia-artificial-a-universitarios\/\"},\"author\":{\"name\":\"enequipo\",\"@id\":\"https:\/\/www.sonoraenequipo.com.mx\/#\/schema\/person\/50102df0fb23a8fa9e8effad8fa81386\"},\"headline\":\"Microsoft llevar\u00e1 Inteligencia Artificial a universitarios\",\"datePublished\":\"2019-11-06T17:25:41+00:00\",\"mainEntityOfPage\":{\"@id\":\"https:\/\/www.sonoraenequipo.com.mx\/microsoft-llevara-inteligencia-artificial-a-universitarios\/\"},\"wordCount\":598,\"commentCount\":0,\"publisher\":{\"@id\":\"https:\/\/www.sonoraenequipo.com.mx\/#organization\"},\"image\":{\"@id\":\"https:\/\/www.sonoraenequipo.com.mx\/microsoft-llevara-inteligencia-artificial-a-universitarios\/#primaryimage\"},\"thumbnailUrl\":\"https:\/\/www.sonoraenequipo.com.mx\/storage\/2019\/11\/microsoft_opt.jpg\",\"articleSection\":[\"Ciencia y Tecnolog\u00eda\"],\"inLanguage\":\"es\",\"potentialAction\":[{\"@type\":\"CommentAction\",\"name\":\"Comment\",\"target\":[\"https:\/\/www.sonoraenequipo.com.mx\/microsoft-llevara-inteligencia-artificial-a-universitarios\/#respond\"]}]},{\"@type\":\"WebPage\",\"@id\":\"https:\/\/www.sonoraenequipo.com.mx\/microsoft-llevara-inteligencia-artificial-a-universitarios\/\",\"url\":\"https:\/\/www.sonoraenequipo.com.mx\/microsoft-llevara-inteligencia-artificial-a-universitarios\/\",\"name\":\"Sonora en Equipo. Microsoft llevar\u00e1 Inteligencia Artificial a universitarios Ciencia y Tecnolog\u00eda\",\"isPartOf\":{\"@id\":\"https:\/\/www.sonoraenequipo.com.mx\/#website\"},\"primaryImageOfPage\":{\"@id\":\"https:\/\/www.sonoraenequipo.com.mx\/microsoft-llevara-inteligencia-artificial-a-universitarios\/#primaryimage\"},\"image\":{\"@id\":\"https:\/\/www.sonoraenequipo.com.mx\/microsoft-llevara-inteligencia-artificial-a-universitarios\/#primaryimage\"},\"thumbnailUrl\":\"https:\/\/www.sonoraenequipo.com.mx\/storage\/2019\/11\/microsoft_opt.jpg\",\"datePublished\":\"2019-11-06T17:25:41+00:00\",\"description\":\"CIUDAD DE M\u00c9XICO. MX. \u2014 La UNAM y la compa\u00f1\u00eda Microsoft capacitar\u00e1n a la comunidad y contribuir\u00e1n a la generaci\u00f3n de nuevos proyectos y soluciones En Sonora en Equipo publicamos toda la informaci\u00f3n de Sonora, M\u00e9xico y el Mundo de manera oportuna y busca que la libertad de expresi\u00f3n sea real. Visita nuestro medio informativo publicado desde Hermosillo, Sonora. %\",\"breadcrumb\":{\"@id\":\"https:\/\/www.sonoraenequipo.com.mx\/microsoft-llevara-inteligencia-artificial-a-universitarios\/#breadcrumb\"},\"inLanguage\":\"es\",\"potentialAction\":[{\"@type\":\"ReadAction\",\"target\":[\"https:\/\/www.sonoraenequipo.com.mx\/microsoft-llevara-inteligencia-artificial-a-universitarios\/\"]}]},{\"@type\":\"ImageObject\",\"inLanguage\":\"es\",\"@id\":\"https:\/\/www.sonoraenequipo.com.mx\/microsoft-llevara-inteligencia-artificial-a-universitarios\/#primaryimage\",\"url\":\"https:\/\/www.sonoraenequipo.com.mx\/storage\/2019\/11\/microsoft_opt.jpg\",\"contentUrl\":\"https:\/\/www.sonoraenequipo.com.mx\/storage\/2019\/11\/microsoft_opt.jpg\",\"width\":748,\"height\":499},{\"@type\":\"BreadcrumbList\",\"@id\":\"https:\/\/www.sonoraenequipo.com.mx\/microsoft-llevara-inteligencia-artificial-a-universitarios\/#breadcrumb\",\"itemListElement\":[{\"@type\":\"ListItem\",\"position\":1,\"name\":\"Portada\",\"item\":\"https:\/\/www.sonoraenequipo.com.mx\/\"},{\"@type\":\"ListItem\",\"position\":2,\"name\":\"Microsoft llevar\u00e1 Inteligencia Artificial a universitarios\"}]},{\"@type\":\"WebSite\",\"@id\":\"https:\/\/www.sonoraenequipo.com.mx\/#website\",\"url\":\"https:\/\/www.sonoraenequipo.com.mx\/\",\"name\":\"Sonora en Equipo.\",\"description\":\"Diario en l\u00ednea con Noticias desde Hermosillo, Sonora\",\"publisher\":{\"@id\":\"https:\/\/www.sonoraenequipo.com.mx\/#organization\"},\"potentialAction\":[{\"@type\":\"SearchAction\",\"target\":{\"@type\":\"EntryPoint\",\"urlTemplate\":\"https:\/\/www.sonoraenequipo.com.mx\/?s={search_term_string}\"},\"query-input\":{\"@type\":\"PropertyValueSpecification\",\"valueRequired\":true,\"valueName\":\"search_term_string\"}}],\"inLanguage\":\"es\"},{\"@type\":\"Organization\",\"@id\":\"https:\/\/www.sonoraenequipo.com.mx\/#organization\",\"name\":\"Sonoraenequipo.com.mx\",\"url\":\"https:\/\/www.sonoraenequipo.com.mx\/\",\"logo\":{\"@type\":\"ImageObject\",\"inLanguage\":\"es\",\"@id\":\"https:\/\/www.sonoraenequipo.com.mx\/#\/schema\/logo\/image\/\",\"url\":\"https:\/\/www.sonoraenequipo.com.mx\/storage\/2019\/01\/sonoraenequipo_opt.png\",\"contentUrl\":\"https:\/\/www.sonoraenequipo.com.mx\/storage\/2019\/01\/sonoraenequipo_opt.png\",\"width\":375,\"height\":125,\"caption\":\"Sonoraenequipo.com.mx\"},\"image\":{\"@id\":\"https:\/\/www.sonoraenequipo.com.mx\/#\/schema\/logo\/image\/\"},\"sameAs\":[\"https:\/\/www.facebook.com\/SonoraEE\/\",\"https:\/\/x.com\/sonoraenequipo\",\"https:\/\/www.youtube.com\/channel\/UC338nW-lPEYmJQs4ZABQ1SQ\"]},{\"@type\":\"Person\",\"@id\":\"https:\/\/www.sonoraenequipo.com.mx\/#\/schema\/person\/50102df0fb23a8fa9e8effad8fa81386\",\"name\":\"enequipo\",\"image\":{\"@type\":\"ImageObject\",\"inLanguage\":\"es\",\"@id\":\"https:\/\/www.sonoraenequipo.com.mx\/#\/schema\/person\/image\/\",\"url\":\"https:\/\/secure.gravatar.com\/avatar\/049821681b589dabc0bc20695993ccebb09f5b5d4d790cd9251b97faac7c652b?s=96&d=blank&r=g\",\"contentUrl\":\"https:\/\/secure.gravatar.com\/avatar\/049821681b589dabc0bc20695993ccebb09f5b5d4d790cd9251b97faac7c652b?s=96&d=blank&r=g\",\"caption\":\"enequipo\"},\"sameAs\":[\"https:\/\/www.facebook.com\/SonoraEE\"]}]}<\/script>\n ","yoast_head_json":{"title":"Sonora en Equipo. Microsoft llevar\u00e1 Inteligencia Artificial a universitarios Ciencia y Tecnolog\u00eda","description":"CIUDAD DE M\u00c9XICO. MX. \u2014 La UNAM y la compa\u00f1\u00eda Microsoft capacitar\u00e1n a la comunidad y contribuir\u00e1n a la generaci\u00f3n de nuevos proyectos y soluciones En Sonora en Equipo publicamos toda la informaci\u00f3n de Sonora, M\u00e9xico y el Mundo de manera oportuna y busca que la libertad de expresi\u00f3n sea real. Visita nuestro medio informativo publicado desde Hermosillo, Sonora. %","robots":{"index":"index","follow":"follow","max-snippet":"max-snippet:-1","max-image-preview":"max-image-preview:large","max-video-preview":"max-video-preview:-1"},"canonical":"https:\/\/www.sonoraenequipo.com.mx\/microsoft-llevara-inteligencia-artificial-a-universitarios\/","og_locale":"es_ES","og_type":"article","og_title":"Sonora en Equipo. Microsoft llevar\u00e1 Inteligencia Artificial a universitarios Ciencia y Tecnolog\u00eda","og_description":"CIUDAD DE M\u00c9XICO. MX. \u2014 La UNAM y la compa\u00f1\u00eda Microsoft capacitar\u00e1n a la comunidad y contribuir\u00e1n a la generaci\u00f3n de nuevos proyectos y soluciones En Sonora en Equipo publicamos toda la informaci\u00f3n de Sonora, M\u00e9xico y el Mundo de manera oportuna y busca que la libertad de expresi\u00f3n sea real. Visita nuestro medio informativo publicado desde Hermosillo, Sonora. %","og_url":"https:\/\/www.sonoraenequipo.com.mx\/microsoft-llevara-inteligencia-artificial-a-universitarios\/","og_site_name":"Sonora en Equipo.","article_publisher":"https:\/\/www.facebook.com\/SonoraEE\/","article_author":"https:\/\/www.facebook.com\/SonoraEE","article_published_time":"2019-11-06T17:25:41+00:00","og_image":[{"width":748,"height":499,"url":"https:\/\/www.sonoraenequipo.com.mx\/storage\/2019\/11\/microsoft_opt.jpg","type":"image\/jpeg"}],"author":"enequipo","twitter_card":"summary_large_image","twitter_creator":"@sonoraenequipo","twitter_site":"@sonoraenequipo","twitter_misc":{"Escrito por":"enequipo","Tiempo de lectura":"3 minutos"},"schema":{"@context":"https:\/\/schema.org","@graph":[{"@type":"Article","@id":"https:\/\/www.sonoraenequipo.com.mx\/microsoft-llevara-inteligencia-artificial-a-universitarios\/#article","isPartOf":{"@id":"https:\/\/www.sonoraenequipo.com.mx\/microsoft-llevara-inteligencia-artificial-a-universitarios\/"},"author":{"name":"enequipo","@id":"https:\/\/www.sonoraenequipo.com.mx\/#\/schema\/person\/50102df0fb23a8fa9e8effad8fa81386"},"headline":"Microsoft llevar\u00e1 Inteligencia Artificial a universitarios","datePublished":"2019-11-06T17:25:41+00:00","mainEntityOfPage":{"@id":"https:\/\/www.sonoraenequipo.com.mx\/microsoft-llevara-inteligencia-artificial-a-universitarios\/"},"wordCount":598,"commentCount":0,"publisher":{"@id":"https:\/\/www.sonoraenequipo.com.mx\/#organization"},"image":{"@id":"https:\/\/www.sonoraenequipo.com.mx\/microsoft-llevara-inteligencia-artificial-a-universitarios\/#primaryimage"},"thumbnailUrl":"https:\/\/www.sonoraenequipo.com.mx\/storage\/2019\/11\/microsoft_opt.jpg","articleSection":["Ciencia y Tecnolog\u00eda"],"inLanguage":"es","potentialAction":[{"@type":"CommentAction","name":"Comment","target":["https:\/\/www.sonoraenequipo.com.mx\/microsoft-llevara-inteligencia-artificial-a-universitarios\/#respond"]}]},{"@type":"WebPage","@id":"https:\/\/www.sonoraenequipo.com.mx\/microsoft-llevara-inteligencia-artificial-a-universitarios\/","url":"https:\/\/www.sonoraenequipo.com.mx\/microsoft-llevara-inteligencia-artificial-a-universitarios\/","name":"Sonora en Equipo. Microsoft llevar\u00e1 Inteligencia Artificial a universitarios Ciencia y Tecnolog\u00eda","isPartOf":{"@id":"https:\/\/www.sonoraenequipo.com.mx\/#website"},"primaryImageOfPage":{"@id":"https:\/\/www.sonoraenequipo.com.mx\/microsoft-llevara-inteligencia-artificial-a-universitarios\/#primaryimage"},"image":{"@id":"https:\/\/www.sonoraenequipo.com.mx\/microsoft-llevara-inteligencia-artificial-a-universitarios\/#primaryimage"},"thumbnailUrl":"https:\/\/www.sonoraenequipo.com.mx\/storage\/2019\/11\/microsoft_opt.jpg","datePublished":"2019-11-06T17:25:41+00:00","description":"CIUDAD DE M\u00c9XICO. MX. \u2014 La UNAM y la compa\u00f1\u00eda Microsoft capacitar\u00e1n a la comunidad y contribuir\u00e1n a la generaci\u00f3n de nuevos proyectos y soluciones En Sonora en Equipo publicamos toda la informaci\u00f3n de Sonora, M\u00e9xico y el Mundo de manera oportuna y busca que la libertad de expresi\u00f3n sea real. Visita nuestro medio informativo publicado desde Hermosillo, Sonora. %","breadcrumb":{"@id":"https:\/\/www.sonoraenequipo.com.mx\/microsoft-llevara-inteligencia-artificial-a-universitarios\/#breadcrumb"},"inLanguage":"es","potentialAction":[{"@type":"ReadAction","target":["https:\/\/www.sonoraenequipo.com.mx\/microsoft-llevara-inteligencia-artificial-a-universitarios\/"]}]},{"@type":"ImageObject","inLanguage":"es","@id":"https:\/\/www.sonoraenequipo.com.mx\/microsoft-llevara-inteligencia-artificial-a-universitarios\/#primaryimage","url":"https:\/\/www.sonoraenequipo.com.mx\/storage\/2019\/11\/microsoft_opt.jpg","contentUrl":"https:\/\/www.sonoraenequipo.com.mx\/storage\/2019\/11\/microsoft_opt.jpg","width":748,"height":499},{"@type":"BreadcrumbList","@id":"https:\/\/www.sonoraenequipo.com.mx\/microsoft-llevara-inteligencia-artificial-a-universitarios\/#breadcrumb","itemListElement":[{"@type":"ListItem","position":1,"name":"Portada","item":"https:\/\/www.sonoraenequipo.com.mx\/"},{"@type":"ListItem","position":2,"name":"Microsoft llevar\u00e1 Inteligencia Artificial a universitarios"}]},{"@type":"WebSite","@id":"https:\/\/www.sonoraenequipo.com.mx\/#website","url":"https:\/\/www.sonoraenequipo.com.mx\/","name":"Sonora en Equipo.","description":"Diario en l\u00ednea con Noticias desde Hermosillo, Sonora","publisher":{"@id":"https:\/\/www.sonoraenequipo.com.mx\/#organization"},"potentialAction":[{"@type":"SearchAction","target":{"@type":"EntryPoint","urlTemplate":"https:\/\/www.sonoraenequipo.com.mx\/?s={search_term_string}"},"query-input":{"@type":"PropertyValueSpecification","valueRequired":true,"valueName":"search_term_string"}}],"inLanguage":"es"},{"@type":"Organization","@id":"https:\/\/www.sonoraenequipo.com.mx\/#organization","name":"Sonoraenequipo.com.mx","url":"https:\/\/www.sonoraenequipo.com.mx\/","logo":{"@type":"ImageObject","inLanguage":"es","@id":"https:\/\/www.sonoraenequipo.com.mx\/#\/schema\/logo\/image\/","url":"https:\/\/www.sonoraenequipo.com.mx\/storage\/2019\/01\/sonoraenequipo_opt.png","contentUrl":"https:\/\/www.sonoraenequipo.com.mx\/storage\/2019\/01\/sonoraenequipo_opt.png","width":375,"height":125,"caption":"Sonoraenequipo.com.mx"},"image":{"@id":"https:\/\/www.sonoraenequipo.com.mx\/#\/schema\/logo\/image\/"},"sameAs":["https:\/\/www.facebook.com\/SonoraEE\/","https:\/\/x.com\/sonoraenequipo","https:\/\/www.youtube.com\/channel\/UC338nW-lPEYmJQs4ZABQ1SQ"]},{"@type":"Person","@id":"https:\/\/www.sonoraenequipo.com.mx\/#\/schema\/person\/50102df0fb23a8fa9e8effad8fa81386","name":"enequipo","image":{"@type":"ImageObject","inLanguage":"es","@id":"https:\/\/www.sonoraenequipo.com.mx\/#\/schema\/person\/image\/","url":"https:\/\/secure.gravatar.com\/avatar\/049821681b589dabc0bc20695993ccebb09f5b5d4d790cd9251b97faac7c652b?s=96&d=blank&r=g","contentUrl":"https:\/\/secure.gravatar.com\/avatar\/049821681b589dabc0bc20695993ccebb09f5b5d4d790cd9251b97faac7c652b?s=96&d=blank&r=g","caption":"enequipo"},"sameAs":["https:\/\/www.facebook.com\/SonoraEE"]}]}},"jetpack_featured_media_url":"https:\/\/www.sonoraenequipo.com.mx\/storage\/2019\/11\/microsoft_opt.jpg","_links":{"self":[{"href":"https:\/\/www.sonoraenequipo.com.mx\/api\/wp\/v2\/posts\/70517","targetHints":{"allow":["GET"]}}],"collection":[{"href":"https:\/\/www.sonoraenequipo.com.mx\/api\/wp\/v2\/posts"}],"about":[{"href":"https:\/\/www.sonoraenequipo.com.mx\/api\/wp\/v2\/types\/post"}],"author":[{"embeddable":true,"href":"https:\/\/www.sonoraenequipo.com.mx\/api\/wp\/v2\/users\/1"}],"replies":[{"embeddable":true,"href":"https:\/\/www.sonoraenequipo.com.mx\/api\/wp\/v2\/comments?post=70517"}],"version-history":[{"count":0,"href":"https:\/\/www.sonoraenequipo.com.mx\/api\/wp\/v2\/posts\/70517\/revisions"}],"wp:featuredmedia":[{"embeddable":true,"href":"https:\/\/www.sonoraenequipo.com.mx\/api\/wp\/v2\/media\/70518"}],"wp:attachment":[{"href":"https:\/\/www.sonoraenequipo.com.mx\/api\/wp\/v2\/media?parent=70517"}],"wp:term":[{"taxonomy":"category","embeddable":true,"href":"https:\/\/www.sonoraenequipo.com.mx\/api\/wp\/v2\/categories?post=70517"},{"taxonomy":"post_tag","embeddable":true,"href":"https:\/\/www.sonoraenequipo.com.mx\/api\/wp\/v2\/tags?post=70517"}],"curies":[{"name":"wp","href":"https:\/\/api.w.org\/{rel}","templated":true}]}}