{"id":70715,"date":"2019-11-08T20:10:16","date_gmt":"2019-11-09T03:10:16","guid":{"rendered":"https:\/\/www.sonoraenequipo.com.mx\/?p=70715"},"modified":"2019-11-08T18:58:13","modified_gmt":"2019-11-09T01:58:13","slug":"avanza-pri-sonora-con-jornadas-de-mirada-con-causa-en-mas-municipios","status":"publish","type":"post","link":"https:\/\/www.sonoraenequipo.com.mx\/avanza-pri-sonora-con-jornadas-de-mirada-con-causa-en-mas-municipios\/","title":{"rendered":"Avanza PRI Sonora con jornadas de \u201cMirada con causa\u201d en m\u00e1s municipios"},"content":{"rendered":"<p>HERMOSILLO, SONORA. MX. \u2014 Luego de tener una asistencia r\u00e9cord en el pa\u00eds con las jornadas \u201cMirada con Causa\u201d, PRI Sonora regresa a Navojoa, \u00c1lamos y Cajeme a cumplir con la entrega de lentes a las cientos de personas que acudieron al llamado a realizarse ex\u00e1menes de la vista gratuitos.<\/p>\n<p>&nbsp;<\/p>\n<p> <\/p>\n<p>A partir de este s\u00e1bado 9 de noviembre, habitantes de los municipios de Cajeme, \u00c1lamos y Navojoa estar\u00e1n recibiendo los lentes graduados luego de que profesionales les realizaron ex\u00e1menes de la vista gratuitos durante las jornadas \u201cMirada con causa\u201d, programa de la Secretar\u00eda de Gesti\u00f3n Social del CEN del PRI realizada en d\u00edas pasados en esos municipios a personas de escasos recursos.<\/p>\n<p>&nbsp;<\/p>\n<p>El Presidente del CDE PRI Sonora Ernesto De Lucas, explic\u00f3 que se trata de una retribuci\u00f3n a los ciudadanos y se busca contribuir a mejorar la su calidad de vida.<\/p>\n<p>&nbsp;<\/p>\n<p><em>\u201cEste programa es para el p\u00fablico en general y no se requiere ser militante del partido, es retribuirles a la gente su confianza, es una labor social\u201d,<\/em> manifest\u00f3 De Lucas Hopkins.<\/p>\n<p>&nbsp;<\/p>\n<p>Por su parte la Secretaria de Gesti\u00f3n Social del PRI Sonora, Isela Montes de Oca inform\u00f3 que el programa se extiende a mas municipios donde las personas podr\u00e1n acceder a al examen de la vista gratis y adquirir sus lentes a muy bajo costo, \u201cEstas jornadas visuales ahora van a Guaymas, Nogales, Caborca y en Hermosillo, en apoyo de la econom\u00eda familiar, ya que la revisi\u00f3n de la vista por profesionales son gratuitas y los lentes se adquieren a muy bajo costo\u201d agreg\u00f3 Montes de Oca.<\/p>\n<p>&nbsp;<\/p>\n<p>La primer entrega de lentes oftalmol\u00f3gicos se realizar\u00e1 en Cajeme este s\u00e1bado 9 de Noviembre, despu\u00e9s en \u00c1lamos el d\u00eda domingo 10 de Noviembre y posteriormente el d\u00eda Lunes 11 de Noviembre en Navojoa, todos en las instalaciones de los comit\u00e9s directivos del PRI de la localidad respectiva.<\/p>\n<p>&nbsp;<\/p>\n<p>El programa<em> \u201cUna Mirada Con Causa\u201d<\/em> iniciar\u00e1 con ex\u00e1menes de la vista en Guaymas el martes 12 de noviembre, seguido Hermosillo el mi\u00e9rcoles 13 de noviembre, posteriormente en Nogales, el viernes 15 de noviembre y en Caborca el s\u00e1bado 16 de noviembre.<\/p>\n<p>&nbsp;<\/p>\n<p>Ernesto de Lucas agreg\u00f3 que los interesados pueden acercarse a los comit\u00e9s del PRI Sonora en los municipios mencionados para agendar una cita para las fechas se\u00f1aladas.<\/p>\n<p>&nbsp;<\/p>\n<p>&nbsp;<\/p>\n<p>ENTREGA DE LENTES GRADUADOS:<\/p>\n<p>&nbsp;<\/p>\n<p>&#8211; S\u00c1BADO 09 DE NOVIEMBRE 10:00 AM &#8211; 01:00 PM PRI CAJEME, Calle Sinaloa y 300<\/p>\n<p>&#8211; DOMINGO 10 DE NOVIEMBRE 10:00 AM &#8211; 12:00 PM PRI \u00c1LAMOS, Calle Madero #20 Col Centro<\/p>\n<p>&#8211; LUNES 11 DE NOVIEMBRE 04:00 AM &#8211; 06:00 PM PRI NAVOJOA, Rinc\u00f3n 207 entre Morelos y Matamoros (Casa del Pueblo)<\/p>\n<p>EXAMENES DE LA VISTA GRATUITOS:<\/p>\n<p>&#8211; MARTES 12 DE NOVIEMBRE 09:00 AM &#8211; 05:00 PM GUAYMAS Avenida 12 Calle 17 y 18 Colonia Centro.<\/p>\n<p>&#8211; MI\u00c9RCOLES 13 DE NOVIEMBRE 09:00 AM &#8211; 05:00 PM HERMOSILLO Calle Kennedy #4 y Colosio Colonia Casa Blanca<\/p>\n<p>&#8211; VIERNES 15 DE NOVIEMBRE 09:00 AM &#8211; 05:00 PM NOGALES Arroyo Los Nogales 934 Colonia Centro<\/p>\n<p>&#8211; S\u00c1BADO 16 DE NOVIEMBRE 09:00 AM &#8211; 05:00 PM CABORCA Calle Diez #236<\/p>\n<p>PUBLICADO EL 08\/11\/2019)<\/p>\n","protected":false},"excerpt":{"rendered":"<p>HERMOSILLO, SONORA. MX. \u2014 Luego de tener una asistencia r\u00e9cord en el pa\u00eds con las&#8230;<\/p>\n","protected":false},"author":1,"featured_media":70716,"comment_status":"open","ping_status":"open","sticky":false,"template":"","format":"standard","meta":{"_monsterinsights_skip_tracking":false,"_monsterinsights_sitenote_active":false,"_monsterinsights_sitenote_note":"","_monsterinsights_sitenote_category":0,"footnotes":""},"categories":[22],"tags":[],"class_list":["post"],"yoast_head":" \n<title>Sonora en Equipo. Avanza PRI Sonora con jornadas de \u201cMirada con causa\u201d en m\u00e1s municipios Sonora<\/title>\n<meta name=\"description\" content=\"HERMOSILLO, SONORA. MX. \u2014 Luego de tener una asistencia r\u00e9cord en el pa\u00eds con las jornadas \u201cMirada con Causa\u201d, PRI Sonora regresa a Navojoa, \u00c1lamos y En Sonora en Equipo publicamos toda la informaci\u00f3n de Sonora, M\u00e9xico y el Mundo de manera oportuna y busca que la libertad de expresi\u00f3n sea real. Visita nuestro medio informativo publicado desde Hermosillo, Sonora. %\" \/>\n<meta name=\"robots\" content=\"index, follow, max-snippet:-1, max-image-preview:large, max-video-preview:-1\" \/>\n<link rel=\"canonical\" href=\"https:\/\/www.sonoraenequipo.com.mx\/avanza-pri-sonora-con-jornadas-de-mirada-con-causa-en-mas-municipios\/\" \/>\n<meta property=\"og:locale\" content=\"es_ES\" \/>\n<meta property=\"og:type\" content=\"article\" \/>\n<meta property=\"og:title\" content=\"Sonora en Equipo. Avanza PRI Sonora con jornadas de \u201cMirada con causa\u201d en m\u00e1s municipios Sonora\" \/>\n<meta property=\"og:description\" content=\"HERMOSILLO, SONORA. MX. \u2014 Luego de tener una asistencia r\u00e9cord en el pa\u00eds con las jornadas \u201cMirada con Causa\u201d, PRI Sonora regresa a Navojoa, \u00c1lamos y En Sonora en Equipo publicamos toda la informaci\u00f3n de Sonora, M\u00e9xico y el Mundo de manera oportuna y busca que la libertad de expresi\u00f3n sea real. Visita nuestro medio informativo publicado desde Hermosillo, Sonora. %\" \/>\n<meta property=\"og:url\" content=\"https:\/\/www.sonoraenequipo.com.mx\/avanza-pri-sonora-con-jornadas-de-mirada-con-causa-en-mas-municipios\/\" \/>\n<meta property=\"og:site_name\" content=\"Sonora en Equipo.\" \/>\n<meta property=\"article:publisher\" content=\"https:\/\/www.facebook.com\/SonoraEE\/\" \/>\n<meta property=\"article:author\" content=\"https:\/\/www.facebook.com\/SonoraEE\" \/>\n<meta property=\"article:published_time\" content=\"2019-11-09T03:10:16+00:00\" \/>\n<meta property=\"og:image\" content=\"https:\/\/www.sonoraenequipo.com.mx\/storage\/2019\/11\/JORNADAS-GENERAL_opt.jpg\" \/>\n\t<meta property=\"og:image:width\" content=\"400\" \/>\n\t<meta property=\"og:image:height\" content=\"563\" \/>\n\t<meta property=\"og:image:type\" content=\"image\/jpeg\" \/>\n<meta name=\"author\" content=\"enequipo\" \/>\n<meta name=\"twitter:card\" content=\"summary_large_image\" \/>\n<meta name=\"twitter:creator\" content=\"@sonoraenequipo\" \/>\n<meta name=\"twitter:site\" content=\"@sonoraenequipo\" \/>\n<meta name=\"twitter:label1\" content=\"Escrito por\" \/>\n\t<meta name=\"twitter:data1\" content=\"enequipo\" \/>\n\t<meta name=\"twitter:label2\" content=\"Tiempo de lectura\" \/>\n\t<meta name=\"twitter:data2\" content=\"3 minutos\" \/>\n<script type=\"application\/ld+json\" class=\"yoast-schema-graph\">{\"@context\":\"https:\/\/schema.org\",\"@graph\":[{\"@type\":\"Article\",\"@id\":\"https:\/\/www.sonoraenequipo.com.mx\/avanza-pri-sonora-con-jornadas-de-mirada-con-causa-en-mas-municipios\/#article\",\"isPartOf\":{\"@id\":\"https:\/\/www.sonoraenequipo.com.mx\/avanza-pri-sonora-con-jornadas-de-mirada-con-causa-en-mas-municipios\/\"},\"author\":{\"name\":\"enequipo\",\"@id\":\"https:\/\/www.sonoraenequipo.com.mx\/#\/schema\/person\/50102df0fb23a8fa9e8effad8fa81386\"},\"headline\":\"Avanza PRI Sonora con jornadas de \u201cMirada con causa\u201d en m\u00e1s municipios\",\"datePublished\":\"2019-11-09T03:10:16+00:00\",\"mainEntityOfPage\":{\"@id\":\"https:\/\/www.sonoraenequipo.com.mx\/avanza-pri-sonora-con-jornadas-de-mirada-con-causa-en-mas-municipios\/\"},\"wordCount\":524,\"commentCount\":0,\"publisher\":{\"@id\":\"https:\/\/www.sonoraenequipo.com.mx\/#organization\"},\"image\":{\"@id\":\"https:\/\/www.sonoraenequipo.com.mx\/avanza-pri-sonora-con-jornadas-de-mirada-con-causa-en-mas-municipios\/#primaryimage\"},\"thumbnailUrl\":\"https:\/\/www.sonoraenequipo.com.mx\/storage\/2019\/11\/JORNADAS-GENERAL_opt.jpg\",\"articleSection\":[\"Sonora\"],\"inLanguage\":\"es\",\"potentialAction\":[{\"@type\":\"CommentAction\",\"name\":\"Comment\",\"target\":[\"https:\/\/www.sonoraenequipo.com.mx\/avanza-pri-sonora-con-jornadas-de-mirada-con-causa-en-mas-municipios\/#respond\"]}]},{\"@type\":\"WebPage\",\"@id\":\"https:\/\/www.sonoraenequipo.com.mx\/avanza-pri-sonora-con-jornadas-de-mirada-con-causa-en-mas-municipios\/\",\"url\":\"https:\/\/www.sonoraenequipo.com.mx\/avanza-pri-sonora-con-jornadas-de-mirada-con-causa-en-mas-municipios\/\",\"name\":\"Sonora en Equipo. Avanza PRI Sonora con jornadas de \u201cMirada con causa\u201d en m\u00e1s municipios Sonora\",\"isPartOf\":{\"@id\":\"https:\/\/www.sonoraenequipo.com.mx\/#website\"},\"primaryImageOfPage\":{\"@id\":\"https:\/\/www.sonoraenequipo.com.mx\/avanza-pri-sonora-con-jornadas-de-mirada-con-causa-en-mas-municipios\/#primaryimage\"},\"image\":{\"@id\":\"https:\/\/www.sonoraenequipo.com.mx\/avanza-pri-sonora-con-jornadas-de-mirada-con-causa-en-mas-municipios\/#primaryimage\"},\"thumbnailUrl\":\"https:\/\/www.sonoraenequipo.com.mx\/storage\/2019\/11\/JORNADAS-GENERAL_opt.jpg\",\"datePublished\":\"2019-11-09T03:10:16+00:00\",\"description\":\"HERMOSILLO, SONORA. MX. \u2014 Luego de tener una asistencia r\u00e9cord en el pa\u00eds con las jornadas \u201cMirada con Causa\u201d, PRI Sonora regresa a Navojoa, \u00c1lamos y En Sonora en Equipo publicamos toda la informaci\u00f3n de Sonora, M\u00e9xico y el Mundo de manera oportuna y busca que la libertad de expresi\u00f3n sea real. Visita nuestro medio informativo publicado desde Hermosillo, Sonora. %\",\"breadcrumb\":{\"@id\":\"https:\/\/www.sonoraenequipo.com.mx\/avanza-pri-sonora-con-jornadas-de-mirada-con-causa-en-mas-municipios\/#breadcrumb\"},\"inLanguage\":\"es\",\"potentialAction\":[{\"@type\":\"ReadAction\",\"target\":[\"https:\/\/www.sonoraenequipo.com.mx\/avanza-pri-sonora-con-jornadas-de-mirada-con-causa-en-mas-municipios\/\"]}]},{\"@type\":\"ImageObject\",\"inLanguage\":\"es\",\"@id\":\"https:\/\/www.sonoraenequipo.com.mx\/avanza-pri-sonora-con-jornadas-de-mirada-con-causa-en-mas-municipios\/#primaryimage\",\"url\":\"https:\/\/www.sonoraenequipo.com.mx\/storage\/2019\/11\/JORNADAS-GENERAL_opt.jpg\",\"contentUrl\":\"https:\/\/www.sonoraenequipo.com.mx\/storage\/2019\/11\/JORNADAS-GENERAL_opt.jpg\",\"width\":400,\"height\":563},{\"@type\":\"BreadcrumbList\",\"@id\":\"https:\/\/www.sonoraenequipo.com.mx\/avanza-pri-sonora-con-jornadas-de-mirada-con-causa-en-mas-municipios\/#breadcrumb\",\"itemListElement\":[{\"@type\":\"ListItem\",\"position\":1,\"name\":\"Portada\",\"item\":\"https:\/\/www.sonoraenequipo.com.mx\/\"},{\"@type\":\"ListItem\",\"position\":2,\"name\":\"Avanza PRI Sonora con jornadas de \u201cMirada con causa\u201d en m\u00e1s municipios\"}]},{\"@type\":\"WebSite\",\"@id\":\"https:\/\/www.sonoraenequipo.com.mx\/#website\",\"url\":\"https:\/\/www.sonoraenequipo.com.mx\/\",\"name\":\"Sonora en Equipo.\",\"description\":\"Diario en l\u00ednea con Noticias desde Hermosillo, Sonora\",\"publisher\":{\"@id\":\"https:\/\/www.sonoraenequipo.com.mx\/#organization\"},\"potentialAction\":[{\"@type\":\"SearchAction\",\"target\":{\"@type\":\"EntryPoint\",\"urlTemplate\":\"https:\/\/www.sonoraenequipo.com.mx\/?s={search_term_string}\"},\"query-input\":{\"@type\":\"PropertyValueSpecification\",\"valueRequired\":true,\"valueName\":\"search_term_string\"}}],\"inLanguage\":\"es\"},{\"@type\":\"Organization\",\"@id\":\"https:\/\/www.sonoraenequipo.com.mx\/#organization\",\"name\":\"Sonoraenequipo.com.mx\",\"url\":\"https:\/\/www.sonoraenequipo.com.mx\/\",\"logo\":{\"@type\":\"ImageObject\",\"inLanguage\":\"es\",\"@id\":\"https:\/\/www.sonoraenequipo.com.mx\/#\/schema\/logo\/image\/\",\"url\":\"https:\/\/www.sonoraenequipo.com.mx\/storage\/2019\/01\/sonoraenequipo_opt.png\",\"contentUrl\":\"https:\/\/www.sonoraenequipo.com.mx\/storage\/2019\/01\/sonoraenequipo_opt.png\",\"width\":375,\"height\":125,\"caption\":\"Sonoraenequipo.com.mx\"},\"image\":{\"@id\":\"https:\/\/www.sonoraenequipo.com.mx\/#\/schema\/logo\/image\/\"},\"sameAs\":[\"https:\/\/www.facebook.com\/SonoraEE\/\",\"https:\/\/x.com\/sonoraenequipo\",\"https:\/\/www.youtube.com\/channel\/UC338nW-lPEYmJQs4ZABQ1SQ\"]},{\"@type\":\"Person\",\"@id\":\"https:\/\/www.sonoraenequipo.com.mx\/#\/schema\/person\/50102df0fb23a8fa9e8effad8fa81386\",\"name\":\"enequipo\",\"image\":{\"@type\":\"ImageObject\",\"inLanguage\":\"es\",\"@id\":\"https:\/\/www.sonoraenequipo.com.mx\/#\/schema\/person\/image\/\",\"url\":\"https:\/\/secure.gravatar.com\/avatar\/049821681b589dabc0bc20695993ccebb09f5b5d4d790cd9251b97faac7c652b?s=96&d=blank&r=g\",\"contentUrl\":\"https:\/\/secure.gravatar.com\/avatar\/049821681b589dabc0bc20695993ccebb09f5b5d4d790cd9251b97faac7c652b?s=96&d=blank&r=g\",\"caption\":\"enequipo\"},\"sameAs\":[\"https:\/\/www.facebook.com\/SonoraEE\"]}]}<\/script>\n ","yoast_head_json":{"title":"Sonora en Equipo. Avanza PRI Sonora con jornadas de \u201cMirada con causa\u201d en m\u00e1s municipios Sonora","description":"HERMOSILLO, SONORA. MX. \u2014 Luego de tener una asistencia r\u00e9cord en el pa\u00eds con las jornadas \u201cMirada con Causa\u201d, PRI Sonora regresa a Navojoa, \u00c1lamos y En Sonora en Equipo publicamos toda la informaci\u00f3n de Sonora, M\u00e9xico y el Mundo de manera oportuna y busca que la libertad de expresi\u00f3n sea real. Visita nuestro medio informativo publicado desde Hermosillo, Sonora. %","robots":{"index":"index","follow":"follow","max-snippet":"max-snippet:-1","max-image-preview":"max-image-preview:large","max-video-preview":"max-video-preview:-1"},"canonical":"https:\/\/www.sonoraenequipo.com.mx\/avanza-pri-sonora-con-jornadas-de-mirada-con-causa-en-mas-municipios\/","og_locale":"es_ES","og_type":"article","og_title":"Sonora en Equipo. Avanza PRI Sonora con jornadas de \u201cMirada con causa\u201d en m\u00e1s municipios Sonora","og_description":"HERMOSILLO, SONORA. MX. \u2014 Luego de tener una asistencia r\u00e9cord en el pa\u00eds con las jornadas \u201cMirada con Causa\u201d, PRI Sonora regresa a Navojoa, \u00c1lamos y En Sonora en Equipo publicamos toda la informaci\u00f3n de Sonora, M\u00e9xico y el Mundo de manera oportuna y busca que la libertad de expresi\u00f3n sea real. Visita nuestro medio informativo publicado desde Hermosillo, Sonora. %","og_url":"https:\/\/www.sonoraenequipo.com.mx\/avanza-pri-sonora-con-jornadas-de-mirada-con-causa-en-mas-municipios\/","og_site_name":"Sonora en Equipo.","article_publisher":"https:\/\/www.facebook.com\/SonoraEE\/","article_author":"https:\/\/www.facebook.com\/SonoraEE","article_published_time":"2019-11-09T03:10:16+00:00","og_image":[{"width":400,"height":563,"url":"https:\/\/www.sonoraenequipo.com.mx\/storage\/2019\/11\/JORNADAS-GENERAL_opt.jpg","type":"image\/jpeg"}],"author":"enequipo","twitter_card":"summary_large_image","twitter_creator":"@sonoraenequipo","twitter_site":"@sonoraenequipo","twitter_misc":{"Escrito por":"enequipo","Tiempo de lectura":"3 minutos"},"schema":{"@context":"https:\/\/schema.org","@graph":[{"@type":"Article","@id":"https:\/\/www.sonoraenequipo.com.mx\/avanza-pri-sonora-con-jornadas-de-mirada-con-causa-en-mas-municipios\/#article","isPartOf":{"@id":"https:\/\/www.sonoraenequipo.com.mx\/avanza-pri-sonora-con-jornadas-de-mirada-con-causa-en-mas-municipios\/"},"author":{"name":"enequipo","@id":"https:\/\/www.sonoraenequipo.com.mx\/#\/schema\/person\/50102df0fb23a8fa9e8effad8fa81386"},"headline":"Avanza PRI Sonora con jornadas de \u201cMirada con causa\u201d en m\u00e1s municipios","datePublished":"2019-11-09T03:10:16+00:00","mainEntityOfPage":{"@id":"https:\/\/www.sonoraenequipo.com.mx\/avanza-pri-sonora-con-jornadas-de-mirada-con-causa-en-mas-municipios\/"},"wordCount":524,"commentCount":0,"publisher":{"@id":"https:\/\/www.sonoraenequipo.com.mx\/#organization"},"image":{"@id":"https:\/\/www.sonoraenequipo.com.mx\/avanza-pri-sonora-con-jornadas-de-mirada-con-causa-en-mas-municipios\/#primaryimage"},"thumbnailUrl":"https:\/\/www.sonoraenequipo.com.mx\/storage\/2019\/11\/JORNADAS-GENERAL_opt.jpg","articleSection":["Sonora"],"inLanguage":"es","potentialAction":[{"@type":"CommentAction","name":"Comment","target":["https:\/\/www.sonoraenequipo.com.mx\/avanza-pri-sonora-con-jornadas-de-mirada-con-causa-en-mas-municipios\/#respond"]}]},{"@type":"WebPage","@id":"https:\/\/www.sonoraenequipo.com.mx\/avanza-pri-sonora-con-jornadas-de-mirada-con-causa-en-mas-municipios\/","url":"https:\/\/www.sonoraenequipo.com.mx\/avanza-pri-sonora-con-jornadas-de-mirada-con-causa-en-mas-municipios\/","name":"Sonora en Equipo. Avanza PRI Sonora con jornadas de \u201cMirada con causa\u201d en m\u00e1s municipios Sonora","isPartOf":{"@id":"https:\/\/www.sonoraenequipo.com.mx\/#website"},"primaryImageOfPage":{"@id":"https:\/\/www.sonoraenequipo.com.mx\/avanza-pri-sonora-con-jornadas-de-mirada-con-causa-en-mas-municipios\/#primaryimage"},"image":{"@id":"https:\/\/www.sonoraenequipo.com.mx\/avanza-pri-sonora-con-jornadas-de-mirada-con-causa-en-mas-municipios\/#primaryimage"},"thumbnailUrl":"https:\/\/www.sonoraenequipo.com.mx\/storage\/2019\/11\/JORNADAS-GENERAL_opt.jpg","datePublished":"2019-11-09T03:10:16+00:00","description":"HERMOSILLO, SONORA. MX. \u2014 Luego de tener una asistencia r\u00e9cord en el pa\u00eds con las jornadas \u201cMirada con Causa\u201d, PRI Sonora regresa a Navojoa, \u00c1lamos y En Sonora en Equipo publicamos toda la informaci\u00f3n de Sonora, M\u00e9xico y el Mundo de manera oportuna y busca que la libertad de expresi\u00f3n sea real. Visita nuestro medio informativo publicado desde Hermosillo, Sonora. %","breadcrumb":{"@id":"https:\/\/www.sonoraenequipo.com.mx\/avanza-pri-sonora-con-jornadas-de-mirada-con-causa-en-mas-municipios\/#breadcrumb"},"inLanguage":"es","potentialAction":[{"@type":"ReadAction","target":["https:\/\/www.sonoraenequipo.com.mx\/avanza-pri-sonora-con-jornadas-de-mirada-con-causa-en-mas-municipios\/"]}]},{"@type":"ImageObject","inLanguage":"es","@id":"https:\/\/www.sonoraenequipo.com.mx\/avanza-pri-sonora-con-jornadas-de-mirada-con-causa-en-mas-municipios\/#primaryimage","url":"https:\/\/www.sonoraenequipo.com.mx\/storage\/2019\/11\/JORNADAS-GENERAL_opt.jpg","contentUrl":"https:\/\/www.sonoraenequipo.com.mx\/storage\/2019\/11\/JORNADAS-GENERAL_opt.jpg","width":400,"height":563},{"@type":"BreadcrumbList","@id":"https:\/\/www.sonoraenequipo.com.mx\/avanza-pri-sonora-con-jornadas-de-mirada-con-causa-en-mas-municipios\/#breadcrumb","itemListElement":[{"@type":"ListItem","position":1,"name":"Portada","item":"https:\/\/www.sonoraenequipo.com.mx\/"},{"@type":"ListItem","position":2,"name":"Avanza PRI Sonora con jornadas de \u201cMirada con causa\u201d en m\u00e1s municipios"}]},{"@type":"WebSite","@id":"https:\/\/www.sonoraenequipo.com.mx\/#website","url":"https:\/\/www.sonoraenequipo.com.mx\/","name":"Sonora en Equipo.","description":"Diario en l\u00ednea con Noticias desde Hermosillo, Sonora","publisher":{"@id":"https:\/\/www.sonoraenequipo.com.mx\/#organization"},"potentialAction":[{"@type":"SearchAction","target":{"@type":"EntryPoint","urlTemplate":"https:\/\/www.sonoraenequipo.com.mx\/?s={search_term_string}"},"query-input":{"@type":"PropertyValueSpecification","valueRequired":true,"valueName":"search_term_string"}}],"inLanguage":"es"},{"@type":"Organization","@id":"https:\/\/www.sonoraenequipo.com.mx\/#organization","name":"Sonoraenequipo.com.mx","url":"https:\/\/www.sonoraenequipo.com.mx\/","logo":{"@type":"ImageObject","inLanguage":"es","@id":"https:\/\/www.sonoraenequipo.com.mx\/#\/schema\/logo\/image\/","url":"https:\/\/www.sonoraenequipo.com.mx\/storage\/2019\/01\/sonoraenequipo_opt.png","contentUrl":"https:\/\/www.sonoraenequipo.com.mx\/storage\/2019\/01\/sonoraenequipo_opt.png","width":375,"height":125,"caption":"Sonoraenequipo.com.mx"},"image":{"@id":"https:\/\/www.sonoraenequipo.com.mx\/#\/schema\/logo\/image\/"},"sameAs":["https:\/\/www.facebook.com\/SonoraEE\/","https:\/\/x.com\/sonoraenequipo","https:\/\/www.youtube.com\/channel\/UC338nW-lPEYmJQs4ZABQ1SQ"]},{"@type":"Person","@id":"https:\/\/www.sonoraenequipo.com.mx\/#\/schema\/person\/50102df0fb23a8fa9e8effad8fa81386","name":"enequipo","image":{"@type":"ImageObject","inLanguage":"es","@id":"https:\/\/www.sonoraenequipo.com.mx\/#\/schema\/person\/image\/","url":"https:\/\/secure.gravatar.com\/avatar\/049821681b589dabc0bc20695993ccebb09f5b5d4d790cd9251b97faac7c652b?s=96&d=blank&r=g","contentUrl":"https:\/\/secure.gravatar.com\/avatar\/049821681b589dabc0bc20695993ccebb09f5b5d4d790cd9251b97faac7c652b?s=96&d=blank&r=g","caption":"enequipo"},"sameAs":["https:\/\/www.facebook.com\/SonoraEE"]}]}},"jetpack_featured_media_url":"https:\/\/www.sonoraenequipo.com.mx\/storage\/2019\/11\/JORNADAS-GENERAL_opt.jpg","_links":{"self":[{"href":"https:\/\/www.sonoraenequipo.com.mx\/api\/wp\/v2\/posts\/70715","targetHints":{"allow":["GET"]}}],"collection":[{"href":"https:\/\/www.sonoraenequipo.com.mx\/api\/wp\/v2\/posts"}],"about":[{"href":"https:\/\/www.sonoraenequipo.com.mx\/api\/wp\/v2\/types\/post"}],"author":[{"embeddable":true,"href":"https:\/\/www.sonoraenequipo.com.mx\/api\/wp\/v2\/users\/1"}],"replies":[{"embeddable":true,"href":"https:\/\/www.sonoraenequipo.com.mx\/api\/wp\/v2\/comments?post=70715"}],"version-history":[{"count":0,"href":"https:\/\/www.sonoraenequipo.com.mx\/api\/wp\/v2\/posts\/70715\/revisions"}],"wp:featuredmedia":[{"embeddable":true,"href":"https:\/\/www.sonoraenequipo.com.mx\/api\/wp\/v2\/media\/70716"}],"wp:attachment":[{"href":"https:\/\/www.sonoraenequipo.com.mx\/api\/wp\/v2\/media?parent=70715"}],"wp:term":[{"taxonomy":"category","embeddable":true,"href":"https:\/\/www.sonoraenequipo.com.mx\/api\/wp\/v2\/categories?post=70715"},{"taxonomy":"post_tag","embeddable":true,"href":"https:\/\/www.sonoraenequipo.com.mx\/api\/wp\/v2\/tags?post=70715"}],"curies":[{"name":"wp","href":"https:\/\/api.w.org\/{rel}","templated":true}]}}