{"id":709,"date":"2015-11-03T03:07:02","date_gmt":"2015-11-03T10:07:02","guid":{"rendered":"http:\/\/www.sonoraenequipo.com.mx\/?p=709"},"modified":"2020-05-18T18:27:54","modified_gmt":"2020-05-19T01:27:54","slug":"ya-basta-le-dice-enrique-krauze-a-donald-trump","status":"publish","type":"post","link":"https:\/\/www.sonoraenequipo.com.mx\/ya-basta-le-dice-enrique-krauze-a-donald-trump\/","title":{"rendered":"\u00a1Ya basta! le dice Enrique Krauze a Donald Trump"},"content":{"rendered":"<p>03112015. CIUDAD DE M\u00c9XICO, MX. TELEVISA.\u2014 El historiador mexicano Enrique Krauze dijo que el objetivo de la carta que firmaron personalidades hispanas en contra del racismo del Donald Trum es para decir ya basta, porque \u00abno podemos quedarnos callados frente a un se\u00f1or que lo que est\u00e1 proponiendo es una soluci\u00f3n de limpieza \u00e9tnica en Estados Unidos\u00bb.<\/p>\n<p> <br \/>\n\u00abYa no digamos la construcci\u00f3n del muro y la expulsi\u00f3n de 11 millones de personas, imag\u00ednate la d\u00e9cima o cent\u00e9sima parte de eso si se lleva a cabo, porque el se\u00f1or tiene posibilidades reales de llegar a la nominaci\u00f3n republicana y luego a la presidencia de Estados Unidos. Sencillamente no podemos quedarnos callados\u00bb, agreg\u00f3.<\/p>\n<p>Entrevistado por Carlos Loret de Mola en Primero Noticias, el historiados explic\u00f3 que la carta la pensaron y redactaron \u00e9l y el economista cubano Carmelo Meza Lago y la empezaron a circular en espa\u00f1ol e ingl\u00e9s con decenas de personas \u00aby \u00e9ste es el corte que tuvimos y hay nombres importantes, y est\u00e1 empezando a tener una repercusi\u00f3n tambi\u00e9n all\u00e1, que es lo que nos importa\u00bb.<\/p>\n","protected":false},"excerpt":{"rendered":"<p>03112015. CIUDAD DE M\u00c9XICO, MX. TELEVISA.\u2014 El historiador mexicano Enrique Krauze dijo que el objetivo&#8230;<\/p>\n","protected":false},"author":1,"featured_media":0,"comment_status":"open","ping_status":"open","sticky":false,"template":"","format":"standard","meta":{"_monsterinsights_skip_tracking":false,"_monsterinsights_sitenote_active":false,"_monsterinsights_sitenote_note":"","_monsterinsights_sitenote_category":0,"footnotes":""},"categories":[5],"tags":[769,768,53,767,766],"class_list":["post"],"yoast_head":" \n<title>Sonora en Equipo. \u00a1Ya basta! le dice Enrique Krauze a Donald Trump<\/title>\n<meta name=\"description\" content=\"03112015. CIUDAD DE M\u00c9XICO, MX. TELEVISA.\u2014 El historiador mexicano Enrique Krauze dijo que el objetivo de la carta que firmaron personalidades hispanas en En Sonora en Equipo publicamos toda la informaci\u00f3n de Sonora, M\u00e9xico y el Mundo de manera oportuna y busca que la libertad de expresi\u00f3n sea real. Visita nuestro medio informativo publicado desde Hermosillo, Sonora. %\" \/>\n<meta name=\"robots\" content=\"index, follow, max-snippet:-1, max-image-preview:large, max-video-preview:-1\" \/>\n<link rel=\"canonical\" href=\"https:\/\/www.sonoraenequipo.com.mx\/ya-basta-le-dice-enrique-krauze-a-donald-trump\/\" \/>\n<meta property=\"og:locale\" content=\"es_ES\" \/>\n<meta property=\"og:type\" content=\"article\" \/>\n<meta property=\"og:title\" content=\"Sonora en Equipo. \u00a1Ya basta! le dice Enrique Krauze a Donald Trump\" \/>\n<meta property=\"og:description\" content=\"03112015. CIUDAD DE M\u00c9XICO, MX. TELEVISA.\u2014 El historiador mexicano Enrique Krauze dijo que el objetivo de la carta que firmaron personalidades hispanas en En Sonora en Equipo publicamos toda la informaci\u00f3n de Sonora, M\u00e9xico y el Mundo de manera oportuna y busca que la libertad de expresi\u00f3n sea real. Visita nuestro medio informativo publicado desde Hermosillo, Sonora. %\" \/>\n<meta property=\"og:url\" content=\"https:\/\/www.sonoraenequipo.com.mx\/ya-basta-le-dice-enrique-krauze-a-donald-trump\/\" \/>\n<meta property=\"og:site_name\" content=\"Sonora en Equipo.\" \/>\n<meta property=\"article:publisher\" content=\"https:\/\/www.facebook.com\/SonoraEE\/\" \/>\n<meta property=\"article:author\" content=\"https:\/\/www.facebook.com\/SonoraEE\" \/>\n<meta property=\"article:published_time\" content=\"2015-11-03T10:07:02+00:00\" \/>\n<meta property=\"article:modified_time\" content=\"2020-05-19T01:27:54+00:00\" \/>\n<meta name=\"author\" content=\"enequipo\" \/>\n<meta name=\"twitter:card\" content=\"summary_large_image\" \/>\n<meta name=\"twitter:creator\" content=\"@sonoraenequipo\" \/>\n<meta name=\"twitter:site\" content=\"@sonoraenequipo\" \/>\n<meta name=\"twitter:label1\" content=\"Escrito por\" \/>\n\t<meta name=\"twitter:data1\" content=\"enequipo\" \/>\n\t<meta name=\"twitter:label2\" content=\"Tiempo de lectura\" \/>\n\t<meta name=\"twitter:data2\" content=\"1 minuto\" \/>\n<script type=\"application\/ld+json\" class=\"yoast-schema-graph\">{\"@context\":\"https:\/\/schema.org\",\"@graph\":[{\"@type\":\"Article\",\"@id\":\"https:\/\/www.sonoraenequipo.com.mx\/ya-basta-le-dice-enrique-krauze-a-donald-trump\/#article\",\"isPartOf\":{\"@id\":\"https:\/\/www.sonoraenequipo.com.mx\/ya-basta-le-dice-enrique-krauze-a-donald-trump\/\"},\"author\":{\"name\":\"enequipo\",\"@id\":\"https:\/\/www.sonoraenequipo.com.mx\/#\/schema\/person\/50102df0fb23a8fa9e8effad8fa81386\"},\"headline\":\"\u00a1Ya basta! le dice Enrique Krauze a Donald Trump\",\"datePublished\":\"2015-11-03T10:07:02+00:00\",\"dateModified\":\"2020-05-19T01:27:54+00:00\",\"mainEntityOfPage\":{\"@id\":\"https:\/\/www.sonoraenequipo.com.mx\/ya-basta-le-dice-enrique-krauze-a-donald-trump\/\"},\"wordCount\":198,\"commentCount\":0,\"publisher\":{\"@id\":\"https:\/\/www.sonoraenequipo.com.mx\/#organization\"},\"keywords\":[\"Donald Trump\",\"Hispanos\",\"mexico\",\"Migraci\u00f3n\",\"Racismo\"],\"articleSection\":[\"Rep\u00fablica\"],\"inLanguage\":\"es\",\"potentialAction\":[{\"@type\":\"CommentAction\",\"name\":\"Comment\",\"target\":[\"https:\/\/www.sonoraenequipo.com.mx\/ya-basta-le-dice-enrique-krauze-a-donald-trump\/#respond\"]}]},{\"@type\":\"WebPage\",\"@id\":\"https:\/\/www.sonoraenequipo.com.mx\/ya-basta-le-dice-enrique-krauze-a-donald-trump\/\",\"url\":\"https:\/\/www.sonoraenequipo.com.mx\/ya-basta-le-dice-enrique-krauze-a-donald-trump\/\",\"name\":\"Sonora en Equipo. \u00a1Ya basta! le dice Enrique Krauze a Donald Trump\",\"isPartOf\":{\"@id\":\"https:\/\/www.sonoraenequipo.com.mx\/#website\"},\"datePublished\":\"2015-11-03T10:07:02+00:00\",\"dateModified\":\"2020-05-19T01:27:54+00:00\",\"description\":\"03112015. CIUDAD DE M\u00c9XICO, MX. TELEVISA.\u2014 El historiador mexicano Enrique Krauze dijo que el objetivo de la carta que firmaron personalidades hispanas en En Sonora en Equipo publicamos toda la informaci\u00f3n de Sonora, M\u00e9xico y el Mundo de manera oportuna y busca que la libertad de expresi\u00f3n sea real. Visita nuestro medio informativo publicado desde Hermosillo, Sonora. %\",\"breadcrumb\":{\"@id\":\"https:\/\/www.sonoraenequipo.com.mx\/ya-basta-le-dice-enrique-krauze-a-donald-trump\/#breadcrumb\"},\"inLanguage\":\"es\",\"potentialAction\":[{\"@type\":\"ReadAction\",\"target\":[\"https:\/\/www.sonoraenequipo.com.mx\/ya-basta-le-dice-enrique-krauze-a-donald-trump\/\"]}]},{\"@type\":\"BreadcrumbList\",\"@id\":\"https:\/\/www.sonoraenequipo.com.mx\/ya-basta-le-dice-enrique-krauze-a-donald-trump\/#breadcrumb\",\"itemListElement\":[{\"@type\":\"ListItem\",\"position\":1,\"name\":\"Portada\",\"item\":\"https:\/\/www.sonoraenequipo.com.mx\/\"},{\"@type\":\"ListItem\",\"position\":2,\"name\":\"\u00a1Ya basta! le dice Enrique Krauze a Donald Trump\"}]},{\"@type\":\"WebSite\",\"@id\":\"https:\/\/www.sonoraenequipo.com.mx\/#website\",\"url\":\"https:\/\/www.sonoraenequipo.com.mx\/\",\"name\":\"Sonora en Equipo.\",\"description\":\"Diario en l\u00ednea con Noticias desde Hermosillo, Sonora\",\"publisher\":{\"@id\":\"https:\/\/www.sonoraenequipo.com.mx\/#organization\"},\"potentialAction\":[{\"@type\":\"SearchAction\",\"target\":{\"@type\":\"EntryPoint\",\"urlTemplate\":\"https:\/\/www.sonoraenequipo.com.mx\/?s={search_term_string}\"},\"query-input\":{\"@type\":\"PropertyValueSpecification\",\"valueRequired\":true,\"valueName\":\"search_term_string\"}}],\"inLanguage\":\"es\"},{\"@type\":\"Organization\",\"@id\":\"https:\/\/www.sonoraenequipo.com.mx\/#organization\",\"name\":\"Sonoraenequipo.com.mx\",\"url\":\"https:\/\/www.sonoraenequipo.com.mx\/\",\"logo\":{\"@type\":\"ImageObject\",\"inLanguage\":\"es\",\"@id\":\"https:\/\/www.sonoraenequipo.com.mx\/#\/schema\/logo\/image\/\",\"url\":\"https:\/\/www.sonoraenequipo.com.mx\/storage\/2019\/01\/sonoraenequipo_opt.png\",\"contentUrl\":\"https:\/\/www.sonoraenequipo.com.mx\/storage\/2019\/01\/sonoraenequipo_opt.png\",\"width\":375,\"height\":125,\"caption\":\"Sonoraenequipo.com.mx\"},\"image\":{\"@id\":\"https:\/\/www.sonoraenequipo.com.mx\/#\/schema\/logo\/image\/\"},\"sameAs\":[\"https:\/\/www.facebook.com\/SonoraEE\/\",\"https:\/\/x.com\/sonoraenequipo\",\"https:\/\/www.youtube.com\/channel\/UC338nW-lPEYmJQs4ZABQ1SQ\"]},{\"@type\":\"Person\",\"@id\":\"https:\/\/www.sonoraenequipo.com.mx\/#\/schema\/person\/50102df0fb23a8fa9e8effad8fa81386\",\"name\":\"enequipo\",\"image\":{\"@type\":\"ImageObject\",\"inLanguage\":\"es\",\"@id\":\"https:\/\/www.sonoraenequipo.com.mx\/#\/schema\/person\/image\/\",\"url\":\"https:\/\/secure.gravatar.com\/avatar\/049821681b589dabc0bc20695993ccebb09f5b5d4d790cd9251b97faac7c652b?s=96&d=blank&r=g\",\"contentUrl\":\"https:\/\/secure.gravatar.com\/avatar\/049821681b589dabc0bc20695993ccebb09f5b5d4d790cd9251b97faac7c652b?s=96&d=blank&r=g\",\"caption\":\"enequipo\"},\"sameAs\":[\"https:\/\/www.facebook.com\/SonoraEE\"]}]}<\/script>\n ","yoast_head_json":{"title":"Sonora en Equipo. \u00a1Ya basta! le dice Enrique Krauze a Donald Trump","description":"03112015. CIUDAD DE M\u00c9XICO, MX. TELEVISA.\u2014 El historiador mexicano Enrique Krauze dijo que el objetivo de la carta que firmaron personalidades hispanas en En Sonora en Equipo publicamos toda la informaci\u00f3n de Sonora, M\u00e9xico y el Mundo de manera oportuna y busca que la libertad de expresi\u00f3n sea real. Visita nuestro medio informativo publicado desde Hermosillo, Sonora. %","robots":{"index":"index","follow":"follow","max-snippet":"max-snippet:-1","max-image-preview":"max-image-preview:large","max-video-preview":"max-video-preview:-1"},"canonical":"https:\/\/www.sonoraenequipo.com.mx\/ya-basta-le-dice-enrique-krauze-a-donald-trump\/","og_locale":"es_ES","og_type":"article","og_title":"Sonora en Equipo. \u00a1Ya basta! le dice Enrique Krauze a Donald Trump","og_description":"03112015. CIUDAD DE M\u00c9XICO, MX. TELEVISA.\u2014 El historiador mexicano Enrique Krauze dijo que el objetivo de la carta que firmaron personalidades hispanas en En Sonora en Equipo publicamos toda la informaci\u00f3n de Sonora, M\u00e9xico y el Mundo de manera oportuna y busca que la libertad de expresi\u00f3n sea real. Visita nuestro medio informativo publicado desde Hermosillo, Sonora. %","og_url":"https:\/\/www.sonoraenequipo.com.mx\/ya-basta-le-dice-enrique-krauze-a-donald-trump\/","og_site_name":"Sonora en Equipo.","article_publisher":"https:\/\/www.facebook.com\/SonoraEE\/","article_author":"https:\/\/www.facebook.com\/SonoraEE","article_published_time":"2015-11-03T10:07:02+00:00","article_modified_time":"2020-05-19T01:27:54+00:00","author":"enequipo","twitter_card":"summary_large_image","twitter_creator":"@sonoraenequipo","twitter_site":"@sonoraenequipo","twitter_misc":{"Escrito por":"enequipo","Tiempo de lectura":"1 minuto"},"schema":{"@context":"https:\/\/schema.org","@graph":[{"@type":"Article","@id":"https:\/\/www.sonoraenequipo.com.mx\/ya-basta-le-dice-enrique-krauze-a-donald-trump\/#article","isPartOf":{"@id":"https:\/\/www.sonoraenequipo.com.mx\/ya-basta-le-dice-enrique-krauze-a-donald-trump\/"},"author":{"name":"enequipo","@id":"https:\/\/www.sonoraenequipo.com.mx\/#\/schema\/person\/50102df0fb23a8fa9e8effad8fa81386"},"headline":"\u00a1Ya basta! le dice Enrique Krauze a Donald Trump","datePublished":"2015-11-03T10:07:02+00:00","dateModified":"2020-05-19T01:27:54+00:00","mainEntityOfPage":{"@id":"https:\/\/www.sonoraenequipo.com.mx\/ya-basta-le-dice-enrique-krauze-a-donald-trump\/"},"wordCount":198,"commentCount":0,"publisher":{"@id":"https:\/\/www.sonoraenequipo.com.mx\/#organization"},"keywords":["Donald Trump","Hispanos","mexico","Migraci\u00f3n","Racismo"],"articleSection":["Rep\u00fablica"],"inLanguage":"es","potentialAction":[{"@type":"CommentAction","name":"Comment","target":["https:\/\/www.sonoraenequipo.com.mx\/ya-basta-le-dice-enrique-krauze-a-donald-trump\/#respond"]}]},{"@type":"WebPage","@id":"https:\/\/www.sonoraenequipo.com.mx\/ya-basta-le-dice-enrique-krauze-a-donald-trump\/","url":"https:\/\/www.sonoraenequipo.com.mx\/ya-basta-le-dice-enrique-krauze-a-donald-trump\/","name":"Sonora en Equipo. \u00a1Ya basta! le dice Enrique Krauze a Donald Trump","isPartOf":{"@id":"https:\/\/www.sonoraenequipo.com.mx\/#website"},"datePublished":"2015-11-03T10:07:02+00:00","dateModified":"2020-05-19T01:27:54+00:00","description":"03112015. CIUDAD DE M\u00c9XICO, MX. TELEVISA.\u2014 El historiador mexicano Enrique Krauze dijo que el objetivo de la carta que firmaron personalidades hispanas en En Sonora en Equipo publicamos toda la informaci\u00f3n de Sonora, M\u00e9xico y el Mundo de manera oportuna y busca que la libertad de expresi\u00f3n sea real. Visita nuestro medio informativo publicado desde Hermosillo, Sonora. %","breadcrumb":{"@id":"https:\/\/www.sonoraenequipo.com.mx\/ya-basta-le-dice-enrique-krauze-a-donald-trump\/#breadcrumb"},"inLanguage":"es","potentialAction":[{"@type":"ReadAction","target":["https:\/\/www.sonoraenequipo.com.mx\/ya-basta-le-dice-enrique-krauze-a-donald-trump\/"]}]},{"@type":"BreadcrumbList","@id":"https:\/\/www.sonoraenequipo.com.mx\/ya-basta-le-dice-enrique-krauze-a-donald-trump\/#breadcrumb","itemListElement":[{"@type":"ListItem","position":1,"name":"Portada","item":"https:\/\/www.sonoraenequipo.com.mx\/"},{"@type":"ListItem","position":2,"name":"\u00a1Ya basta! le dice Enrique Krauze a Donald Trump"}]},{"@type":"WebSite","@id":"https:\/\/www.sonoraenequipo.com.mx\/#website","url":"https:\/\/www.sonoraenequipo.com.mx\/","name":"Sonora en Equipo.","description":"Diario en l\u00ednea con Noticias desde Hermosillo, Sonora","publisher":{"@id":"https:\/\/www.sonoraenequipo.com.mx\/#organization"},"potentialAction":[{"@type":"SearchAction","target":{"@type":"EntryPoint","urlTemplate":"https:\/\/www.sonoraenequipo.com.mx\/?s={search_term_string}"},"query-input":{"@type":"PropertyValueSpecification","valueRequired":true,"valueName":"search_term_string"}}],"inLanguage":"es"},{"@type":"Organization","@id":"https:\/\/www.sonoraenequipo.com.mx\/#organization","name":"Sonoraenequipo.com.mx","url":"https:\/\/www.sonoraenequipo.com.mx\/","logo":{"@type":"ImageObject","inLanguage":"es","@id":"https:\/\/www.sonoraenequipo.com.mx\/#\/schema\/logo\/image\/","url":"https:\/\/www.sonoraenequipo.com.mx\/storage\/2019\/01\/sonoraenequipo_opt.png","contentUrl":"https:\/\/www.sonoraenequipo.com.mx\/storage\/2019\/01\/sonoraenequipo_opt.png","width":375,"height":125,"caption":"Sonoraenequipo.com.mx"},"image":{"@id":"https:\/\/www.sonoraenequipo.com.mx\/#\/schema\/logo\/image\/"},"sameAs":["https:\/\/www.facebook.com\/SonoraEE\/","https:\/\/x.com\/sonoraenequipo","https:\/\/www.youtube.com\/channel\/UC338nW-lPEYmJQs4ZABQ1SQ"]},{"@type":"Person","@id":"https:\/\/www.sonoraenequipo.com.mx\/#\/schema\/person\/50102df0fb23a8fa9e8effad8fa81386","name":"enequipo","image":{"@type":"ImageObject","inLanguage":"es","@id":"https:\/\/www.sonoraenequipo.com.mx\/#\/schema\/person\/image\/","url":"https:\/\/secure.gravatar.com\/avatar\/049821681b589dabc0bc20695993ccebb09f5b5d4d790cd9251b97faac7c652b?s=96&d=blank&r=g","contentUrl":"https:\/\/secure.gravatar.com\/avatar\/049821681b589dabc0bc20695993ccebb09f5b5d4d790cd9251b97faac7c652b?s=96&d=blank&r=g","caption":"enequipo"},"sameAs":["https:\/\/www.facebook.com\/SonoraEE"]}]}},"jetpack_featured_media_url":"","_links":{"self":[{"href":"https:\/\/www.sonoraenequipo.com.mx\/api\/wp\/v2\/posts\/709","targetHints":{"allow":["GET"]}}],"collection":[{"href":"https:\/\/www.sonoraenequipo.com.mx\/api\/wp\/v2\/posts"}],"about":[{"href":"https:\/\/www.sonoraenequipo.com.mx\/api\/wp\/v2\/types\/post"}],"author":[{"embeddable":true,"href":"https:\/\/www.sonoraenequipo.com.mx\/api\/wp\/v2\/users\/1"}],"replies":[{"embeddable":true,"href":"https:\/\/www.sonoraenequipo.com.mx\/api\/wp\/v2\/comments?post=709"}],"version-history":[{"count":0,"href":"https:\/\/www.sonoraenequipo.com.mx\/api\/wp\/v2\/posts\/709\/revisions"}],"wp:attachment":[{"href":"https:\/\/www.sonoraenequipo.com.mx\/api\/wp\/v2\/media?parent=709"}],"wp:term":[{"taxonomy":"category","embeddable":true,"href":"https:\/\/www.sonoraenequipo.com.mx\/api\/wp\/v2\/categories?post=709"},{"taxonomy":"post_tag","embeddable":true,"href":"https:\/\/www.sonoraenequipo.com.mx\/api\/wp\/v2\/tags?post=709"}],"curies":[{"name":"wp","href":"https:\/\/api.w.org\/{rel}","templated":true}]}}