{"id":712,"date":"2015-11-03T03:07:53","date_gmt":"2015-11-03T10:07:53","guid":{"rendered":"http:\/\/www.sonoraenequipo.com.mx\/?p=712"},"modified":"2020-05-18T18:28:04","modified_gmt":"2020-05-19T01:28:04","slug":"avion-de-carga-se-estrella-en-sudan-del-sur-al-menos-40-muertos","status":"publish","type":"post","link":"https:\/\/www.sonoraenequipo.com.mx\/avion-de-carga-se-estrella-en-sudan-del-sur-al-menos-40-muertos\/","title":{"rendered":"Avi\u00f3n de carga se estrella en Sud\u00e1n del Sur; al menos 40 muertos"},"content":{"rendered":"<p>04112015. EL CAIRO, EGIPTO. \u2014\u00a0 Al menos 40 personas murieron al estrellarse este mi\u00e9rcoles un avi\u00f3n de carga que hab\u00eda despegado poco antes del aeropuerto internacional de Yuba, en Sud\u00e1n del Sur, seg\u00fan informaron los medios locales.<\/p>\n<p> <br \/>\nLa radio Miraya, operada por la misi\u00f3n de la ONU en Sud\u00e1n del Sur, agreg\u00f3 en su cuenta oficial de Twitter que seg\u00fan el director del aeropuerto de Yuba s\u00f3lo tres personas sobrevivieron al accidente.<\/p>\n<p>Se desconoce el n\u00famero de personas que viajaban en el avi\u00f3n al no haber una lista de pasajeros, mientras que la tripulaci\u00f3n estaba compuesta por cinco rusos, seg\u00fan los primeros datos ofrecidos por el peri\u00f3dico National Courrier.<\/p>\n<p>La aeronave siniestrada es un Antonov 12 de carga que se dirig\u00eda de la capital sursudanesa a la ciudad de Paloich, en el estado de Alto Nilo.<\/p>\n<p>Se estrell\u00f3 a 800 metros del aeropuerto en una zona con bastante vegetaci\u00f3n, en la que trabajan los servicios de emergencia del Ministerio de Sanidad y voluntarios de ONG para recuperar los cuerpos y ayudar a los supervivientes.<\/p>\n<p>En Sud\u00e1n del Sur se han registrado varios incidentes con aviones en los \u00faltimos dos a\u00f1os, pero causados por el conflicto armado que enfrenta al Gobierno de Salva Kiir y los rebeldes de Riak Machar.<\/p>\n<p>En noviembre de 2014, un avi\u00f3n de carga de la Agencia de las Naciones Unidas para la Alimentaci\u00f3n y la Agricultura (FAO) se estrell\u00f3 como consecuencia de un accidente y dos personas murieron.<\/p>\n<p>El accidente a\u00e9reo de hoy tiene lugar despu\u00e9s de que el s\u00e1bado pasado se estrellara un avi\u00f3n ruso en la pen\u00ednsula egipcia del Sina\u00ed con 224 personas a bordo, en un incidente cuyas causas est\u00e1n siendo investigadas.<\/p>\n","protected":false},"excerpt":{"rendered":"<p>04112015. EL CAIRO, EGIPTO. \u2014\u00a0 Al menos 40 personas murieron al estrellarse este mi\u00e9rcoles un&#8230;<\/p>\n","protected":false},"author":1,"featured_media":0,"comment_status":"open","ping_status":"open","sticky":false,"template":"","format":"standard","meta":{"_monsterinsights_skip_tracking":false,"_monsterinsights_sitenote_active":false,"_monsterinsights_sitenote_note":"","_monsterinsights_sitenote_category":0,"footnotes":""},"categories":[3],"tags":[770,771,534,773,772],"class_list":["post"],"yoast_head":" \n<title>Sonora en Equipo. Avi\u00f3n de carga se estrella en Sud\u00e1n del Sur; al menos 40 muertos<\/title>\n<meta name=\"description\" content=\"04112015. EL CAIRO, EGIPTO. \u2014\u00a0 Al menos 40 personas murieron al estrellarse este mi\u00e9rcoles un avi\u00f3n de carga que hab\u00eda despegado poco antes del aeropuerto En Sonora en Equipo publicamos toda la informaci\u00f3n de Sonora, M\u00e9xico y el Mundo de manera oportuna y busca que la libertad de expresi\u00f3n sea real. Visita nuestro medio informativo publicado desde Hermosillo, Sonora. %\" \/>\n<meta name=\"robots\" content=\"index, follow, max-snippet:-1, max-image-preview:large, max-video-preview:-1\" \/>\n<link rel=\"canonical\" href=\"https:\/\/www.sonoraenequipo.com.mx\/avion-de-carga-se-estrella-en-sudan-del-sur-al-menos-40-muertos\/\" \/>\n<meta property=\"og:locale\" content=\"es_ES\" \/>\n<meta property=\"og:type\" content=\"article\" \/>\n<meta property=\"og:title\" content=\"Sonora en Equipo. Avi\u00f3n de carga se estrella en Sud\u00e1n del Sur; al menos 40 muertos\" \/>\n<meta property=\"og:description\" content=\"04112015. EL CAIRO, EGIPTO. \u2014\u00a0 Al menos 40 personas murieron al estrellarse este mi\u00e9rcoles un avi\u00f3n de carga que hab\u00eda despegado poco antes del aeropuerto En Sonora en Equipo publicamos toda la informaci\u00f3n de Sonora, M\u00e9xico y el Mundo de manera oportuna y busca que la libertad de expresi\u00f3n sea real. Visita nuestro medio informativo publicado desde Hermosillo, Sonora. %\" \/>\n<meta property=\"og:url\" content=\"https:\/\/www.sonoraenequipo.com.mx\/avion-de-carga-se-estrella-en-sudan-del-sur-al-menos-40-muertos\/\" \/>\n<meta property=\"og:site_name\" content=\"Sonora en Equipo.\" \/>\n<meta property=\"article:publisher\" content=\"https:\/\/www.facebook.com\/SonoraEE\/\" \/>\n<meta property=\"article:author\" content=\"https:\/\/www.facebook.com\/SonoraEE\" \/>\n<meta property=\"article:published_time\" content=\"2015-11-03T10:07:53+00:00\" \/>\n<meta property=\"article:modified_time\" content=\"2020-05-19T01:28:04+00:00\" \/>\n<meta name=\"author\" content=\"enequipo\" \/>\n<meta name=\"twitter:card\" content=\"summary_large_image\" \/>\n<meta name=\"twitter:creator\" content=\"@sonoraenequipo\" \/>\n<meta name=\"twitter:site\" content=\"@sonoraenequipo\" \/>\n<meta name=\"twitter:label1\" content=\"Escrito por\" \/>\n\t<meta name=\"twitter:data1\" content=\"enequipo\" \/>\n\t<meta name=\"twitter:label2\" content=\"Tiempo de lectura\" \/>\n\t<meta name=\"twitter:data2\" content=\"1 minuto\" \/>\n<script type=\"application\/ld+json\" class=\"yoast-schema-graph\">{\"@context\":\"https:\/\/schema.org\",\"@graph\":[{\"@type\":\"Article\",\"@id\":\"https:\/\/www.sonoraenequipo.com.mx\/avion-de-carga-se-estrella-en-sudan-del-sur-al-menos-40-muertos\/#article\",\"isPartOf\":{\"@id\":\"https:\/\/www.sonoraenequipo.com.mx\/avion-de-carga-se-estrella-en-sudan-del-sur-al-menos-40-muertos\/\"},\"author\":{\"name\":\"enequipo\",\"@id\":\"https:\/\/www.sonoraenequipo.com.mx\/#\/schema\/person\/50102df0fb23a8fa9e8effad8fa81386\"},\"headline\":\"Avi\u00f3n de carga se estrella en Sud\u00e1n del Sur; al menos 40 muertos\",\"datePublished\":\"2015-11-03T10:07:53+00:00\",\"dateModified\":\"2020-05-19T01:28:04+00:00\",\"mainEntityOfPage\":{\"@id\":\"https:\/\/www.sonoraenequipo.com.mx\/avion-de-carga-se-estrella-en-sudan-del-sur-al-menos-40-muertos\/\"},\"wordCount\":312,\"commentCount\":0,\"publisher\":{\"@id\":\"https:\/\/www.sonoraenequipo.com.mx\/#organization\"},\"keywords\":[\"accidente aereo\",\"Antonov 12\",\"FAO\",\"Sud\u00e1n del Sur\",\"Yuba\"],\"articleSection\":[\"MUNDO\"],\"inLanguage\":\"es\",\"potentialAction\":[{\"@type\":\"CommentAction\",\"name\":\"Comment\",\"target\":[\"https:\/\/www.sonoraenequipo.com.mx\/avion-de-carga-se-estrella-en-sudan-del-sur-al-menos-40-muertos\/#respond\"]}]},{\"@type\":\"WebPage\",\"@id\":\"https:\/\/www.sonoraenequipo.com.mx\/avion-de-carga-se-estrella-en-sudan-del-sur-al-menos-40-muertos\/\",\"url\":\"https:\/\/www.sonoraenequipo.com.mx\/avion-de-carga-se-estrella-en-sudan-del-sur-al-menos-40-muertos\/\",\"name\":\"Sonora en Equipo. Avi\u00f3n de carga se estrella en Sud\u00e1n del Sur; al menos 40 muertos\",\"isPartOf\":{\"@id\":\"https:\/\/www.sonoraenequipo.com.mx\/#website\"},\"datePublished\":\"2015-11-03T10:07:53+00:00\",\"dateModified\":\"2020-05-19T01:28:04+00:00\",\"description\":\"04112015. EL CAIRO, EGIPTO. \u2014\u00a0 Al menos 40 personas murieron al estrellarse este mi\u00e9rcoles un avi\u00f3n de carga que hab\u00eda despegado poco antes del aeropuerto En Sonora en Equipo publicamos toda la informaci\u00f3n de Sonora, M\u00e9xico y el Mundo de manera oportuna y busca que la libertad de expresi\u00f3n sea real. Visita nuestro medio informativo publicado desde Hermosillo, Sonora. %\",\"breadcrumb\":{\"@id\":\"https:\/\/www.sonoraenequipo.com.mx\/avion-de-carga-se-estrella-en-sudan-del-sur-al-menos-40-muertos\/#breadcrumb\"},\"inLanguage\":\"es\",\"potentialAction\":[{\"@type\":\"ReadAction\",\"target\":[\"https:\/\/www.sonoraenequipo.com.mx\/avion-de-carga-se-estrella-en-sudan-del-sur-al-menos-40-muertos\/\"]}]},{\"@type\":\"BreadcrumbList\",\"@id\":\"https:\/\/www.sonoraenequipo.com.mx\/avion-de-carga-se-estrella-en-sudan-del-sur-al-menos-40-muertos\/#breadcrumb\",\"itemListElement\":[{\"@type\":\"ListItem\",\"position\":1,\"name\":\"Portada\",\"item\":\"https:\/\/www.sonoraenequipo.com.mx\/\"},{\"@type\":\"ListItem\",\"position\":2,\"name\":\"Avi\u00f3n de carga se estrella en Sud\u00e1n del Sur; al menos 40 muertos\"}]},{\"@type\":\"WebSite\",\"@id\":\"https:\/\/www.sonoraenequipo.com.mx\/#website\",\"url\":\"https:\/\/www.sonoraenequipo.com.mx\/\",\"name\":\"Sonora en Equipo.\",\"description\":\"Diario en l\u00ednea con Noticias desde Hermosillo, Sonora\",\"publisher\":{\"@id\":\"https:\/\/www.sonoraenequipo.com.mx\/#organization\"},\"potentialAction\":[{\"@type\":\"SearchAction\",\"target\":{\"@type\":\"EntryPoint\",\"urlTemplate\":\"https:\/\/www.sonoraenequipo.com.mx\/?s={search_term_string}\"},\"query-input\":{\"@type\":\"PropertyValueSpecification\",\"valueRequired\":true,\"valueName\":\"search_term_string\"}}],\"inLanguage\":\"es\"},{\"@type\":\"Organization\",\"@id\":\"https:\/\/www.sonoraenequipo.com.mx\/#organization\",\"name\":\"Sonoraenequipo.com.mx\",\"url\":\"https:\/\/www.sonoraenequipo.com.mx\/\",\"logo\":{\"@type\":\"ImageObject\",\"inLanguage\":\"es\",\"@id\":\"https:\/\/www.sonoraenequipo.com.mx\/#\/schema\/logo\/image\/\",\"url\":\"https:\/\/www.sonoraenequipo.com.mx\/storage\/2019\/01\/sonoraenequipo_opt.png\",\"contentUrl\":\"https:\/\/www.sonoraenequipo.com.mx\/storage\/2019\/01\/sonoraenequipo_opt.png\",\"width\":375,\"height\":125,\"caption\":\"Sonoraenequipo.com.mx\"},\"image\":{\"@id\":\"https:\/\/www.sonoraenequipo.com.mx\/#\/schema\/logo\/image\/\"},\"sameAs\":[\"https:\/\/www.facebook.com\/SonoraEE\/\",\"https:\/\/x.com\/sonoraenequipo\",\"https:\/\/www.youtube.com\/channel\/UC338nW-lPEYmJQs4ZABQ1SQ\"]},{\"@type\":\"Person\",\"@id\":\"https:\/\/www.sonoraenequipo.com.mx\/#\/schema\/person\/50102df0fb23a8fa9e8effad8fa81386\",\"name\":\"enequipo\",\"image\":{\"@type\":\"ImageObject\",\"inLanguage\":\"es\",\"@id\":\"https:\/\/www.sonoraenequipo.com.mx\/#\/schema\/person\/image\/\",\"url\":\"https:\/\/secure.gravatar.com\/avatar\/049821681b589dabc0bc20695993ccebb09f5b5d4d790cd9251b97faac7c652b?s=96&d=blank&r=g\",\"contentUrl\":\"https:\/\/secure.gravatar.com\/avatar\/049821681b589dabc0bc20695993ccebb09f5b5d4d790cd9251b97faac7c652b?s=96&d=blank&r=g\",\"caption\":\"enequipo\"},\"sameAs\":[\"https:\/\/www.facebook.com\/SonoraEE\"]}]}<\/script>\n ","yoast_head_json":{"title":"Sonora en Equipo. Avi\u00f3n de carga se estrella en Sud\u00e1n del Sur; al menos 40 muertos","description":"04112015. EL CAIRO, EGIPTO. \u2014\u00a0 Al menos 40 personas murieron al estrellarse este mi\u00e9rcoles un avi\u00f3n de carga que hab\u00eda despegado poco antes del aeropuerto En Sonora en Equipo publicamos toda la informaci\u00f3n de Sonora, M\u00e9xico y el Mundo de manera oportuna y busca que la libertad de expresi\u00f3n sea real. Visita nuestro medio informativo publicado desde Hermosillo, Sonora. %","robots":{"index":"index","follow":"follow","max-snippet":"max-snippet:-1","max-image-preview":"max-image-preview:large","max-video-preview":"max-video-preview:-1"},"canonical":"https:\/\/www.sonoraenequipo.com.mx\/avion-de-carga-se-estrella-en-sudan-del-sur-al-menos-40-muertos\/","og_locale":"es_ES","og_type":"article","og_title":"Sonora en Equipo. Avi\u00f3n de carga se estrella en Sud\u00e1n del Sur; al menos 40 muertos","og_description":"04112015. EL CAIRO, EGIPTO. \u2014\u00a0 Al menos 40 personas murieron al estrellarse este mi\u00e9rcoles un avi\u00f3n de carga que hab\u00eda despegado poco antes del aeropuerto En Sonora en Equipo publicamos toda la informaci\u00f3n de Sonora, M\u00e9xico y el Mundo de manera oportuna y busca que la libertad de expresi\u00f3n sea real. Visita nuestro medio informativo publicado desde Hermosillo, Sonora. %","og_url":"https:\/\/www.sonoraenequipo.com.mx\/avion-de-carga-se-estrella-en-sudan-del-sur-al-menos-40-muertos\/","og_site_name":"Sonora en Equipo.","article_publisher":"https:\/\/www.facebook.com\/SonoraEE\/","article_author":"https:\/\/www.facebook.com\/SonoraEE","article_published_time":"2015-11-03T10:07:53+00:00","article_modified_time":"2020-05-19T01:28:04+00:00","author":"enequipo","twitter_card":"summary_large_image","twitter_creator":"@sonoraenequipo","twitter_site":"@sonoraenequipo","twitter_misc":{"Escrito por":"enequipo","Tiempo de lectura":"1 minuto"},"schema":{"@context":"https:\/\/schema.org","@graph":[{"@type":"Article","@id":"https:\/\/www.sonoraenequipo.com.mx\/avion-de-carga-se-estrella-en-sudan-del-sur-al-menos-40-muertos\/#article","isPartOf":{"@id":"https:\/\/www.sonoraenequipo.com.mx\/avion-de-carga-se-estrella-en-sudan-del-sur-al-menos-40-muertos\/"},"author":{"name":"enequipo","@id":"https:\/\/www.sonoraenequipo.com.mx\/#\/schema\/person\/50102df0fb23a8fa9e8effad8fa81386"},"headline":"Avi\u00f3n de carga se estrella en Sud\u00e1n del Sur; al menos 40 muertos","datePublished":"2015-11-03T10:07:53+00:00","dateModified":"2020-05-19T01:28:04+00:00","mainEntityOfPage":{"@id":"https:\/\/www.sonoraenequipo.com.mx\/avion-de-carga-se-estrella-en-sudan-del-sur-al-menos-40-muertos\/"},"wordCount":312,"commentCount":0,"publisher":{"@id":"https:\/\/www.sonoraenequipo.com.mx\/#organization"},"keywords":["accidente aereo","Antonov 12","FAO","Sud\u00e1n del Sur","Yuba"],"articleSection":["MUNDO"],"inLanguage":"es","potentialAction":[{"@type":"CommentAction","name":"Comment","target":["https:\/\/www.sonoraenequipo.com.mx\/avion-de-carga-se-estrella-en-sudan-del-sur-al-menos-40-muertos\/#respond"]}]},{"@type":"WebPage","@id":"https:\/\/www.sonoraenequipo.com.mx\/avion-de-carga-se-estrella-en-sudan-del-sur-al-menos-40-muertos\/","url":"https:\/\/www.sonoraenequipo.com.mx\/avion-de-carga-se-estrella-en-sudan-del-sur-al-menos-40-muertos\/","name":"Sonora en Equipo. Avi\u00f3n de carga se estrella en Sud\u00e1n del Sur; al menos 40 muertos","isPartOf":{"@id":"https:\/\/www.sonoraenequipo.com.mx\/#website"},"datePublished":"2015-11-03T10:07:53+00:00","dateModified":"2020-05-19T01:28:04+00:00","description":"04112015. EL CAIRO, EGIPTO. \u2014\u00a0 Al menos 40 personas murieron al estrellarse este mi\u00e9rcoles un avi\u00f3n de carga que hab\u00eda despegado poco antes del aeropuerto En Sonora en Equipo publicamos toda la informaci\u00f3n de Sonora, M\u00e9xico y el Mundo de manera oportuna y busca que la libertad de expresi\u00f3n sea real. Visita nuestro medio informativo publicado desde Hermosillo, Sonora. %","breadcrumb":{"@id":"https:\/\/www.sonoraenequipo.com.mx\/avion-de-carga-se-estrella-en-sudan-del-sur-al-menos-40-muertos\/#breadcrumb"},"inLanguage":"es","potentialAction":[{"@type":"ReadAction","target":["https:\/\/www.sonoraenequipo.com.mx\/avion-de-carga-se-estrella-en-sudan-del-sur-al-menos-40-muertos\/"]}]},{"@type":"BreadcrumbList","@id":"https:\/\/www.sonoraenequipo.com.mx\/avion-de-carga-se-estrella-en-sudan-del-sur-al-menos-40-muertos\/#breadcrumb","itemListElement":[{"@type":"ListItem","position":1,"name":"Portada","item":"https:\/\/www.sonoraenequipo.com.mx\/"},{"@type":"ListItem","position":2,"name":"Avi\u00f3n de carga se estrella en Sud\u00e1n del Sur; al menos 40 muertos"}]},{"@type":"WebSite","@id":"https:\/\/www.sonoraenequipo.com.mx\/#website","url":"https:\/\/www.sonoraenequipo.com.mx\/","name":"Sonora en Equipo.","description":"Diario en l\u00ednea con Noticias desde Hermosillo, Sonora","publisher":{"@id":"https:\/\/www.sonoraenequipo.com.mx\/#organization"},"potentialAction":[{"@type":"SearchAction","target":{"@type":"EntryPoint","urlTemplate":"https:\/\/www.sonoraenequipo.com.mx\/?s={search_term_string}"},"query-input":{"@type":"PropertyValueSpecification","valueRequired":true,"valueName":"search_term_string"}}],"inLanguage":"es"},{"@type":"Organization","@id":"https:\/\/www.sonoraenequipo.com.mx\/#organization","name":"Sonoraenequipo.com.mx","url":"https:\/\/www.sonoraenequipo.com.mx\/","logo":{"@type":"ImageObject","inLanguage":"es","@id":"https:\/\/www.sonoraenequipo.com.mx\/#\/schema\/logo\/image\/","url":"https:\/\/www.sonoraenequipo.com.mx\/storage\/2019\/01\/sonoraenequipo_opt.png","contentUrl":"https:\/\/www.sonoraenequipo.com.mx\/storage\/2019\/01\/sonoraenequipo_opt.png","width":375,"height":125,"caption":"Sonoraenequipo.com.mx"},"image":{"@id":"https:\/\/www.sonoraenequipo.com.mx\/#\/schema\/logo\/image\/"},"sameAs":["https:\/\/www.facebook.com\/SonoraEE\/","https:\/\/x.com\/sonoraenequipo","https:\/\/www.youtube.com\/channel\/UC338nW-lPEYmJQs4ZABQ1SQ"]},{"@type":"Person","@id":"https:\/\/www.sonoraenequipo.com.mx\/#\/schema\/person\/50102df0fb23a8fa9e8effad8fa81386","name":"enequipo","image":{"@type":"ImageObject","inLanguage":"es","@id":"https:\/\/www.sonoraenequipo.com.mx\/#\/schema\/person\/image\/","url":"https:\/\/secure.gravatar.com\/avatar\/049821681b589dabc0bc20695993ccebb09f5b5d4d790cd9251b97faac7c652b?s=96&d=blank&r=g","contentUrl":"https:\/\/secure.gravatar.com\/avatar\/049821681b589dabc0bc20695993ccebb09f5b5d4d790cd9251b97faac7c652b?s=96&d=blank&r=g","caption":"enequipo"},"sameAs":["https:\/\/www.facebook.com\/SonoraEE"]}]}},"jetpack_featured_media_url":"","_links":{"self":[{"href":"https:\/\/www.sonoraenequipo.com.mx\/api\/wp\/v2\/posts\/712","targetHints":{"allow":["GET"]}}],"collection":[{"href":"https:\/\/www.sonoraenequipo.com.mx\/api\/wp\/v2\/posts"}],"about":[{"href":"https:\/\/www.sonoraenequipo.com.mx\/api\/wp\/v2\/types\/post"}],"author":[{"embeddable":true,"href":"https:\/\/www.sonoraenequipo.com.mx\/api\/wp\/v2\/users\/1"}],"replies":[{"embeddable":true,"href":"https:\/\/www.sonoraenequipo.com.mx\/api\/wp\/v2\/comments?post=712"}],"version-history":[{"count":0,"href":"https:\/\/www.sonoraenequipo.com.mx\/api\/wp\/v2\/posts\/712\/revisions"}],"wp:attachment":[{"href":"https:\/\/www.sonoraenequipo.com.mx\/api\/wp\/v2\/media?parent=712"}],"wp:term":[{"taxonomy":"category","embeddable":true,"href":"https:\/\/www.sonoraenequipo.com.mx\/api\/wp\/v2\/categories?post=712"},{"taxonomy":"post_tag","embeddable":true,"href":"https:\/\/www.sonoraenequipo.com.mx\/api\/wp\/v2\/tags?post=712"}],"curies":[{"name":"wp","href":"https:\/\/api.w.org\/{rel}","templated":true}]}}