{"id":72113,"date":"2019-11-22T19:13:11","date_gmt":"2019-11-23T02:13:11","guid":{"rendered":"https:\/\/www.sonoraenequipo.com.mx\/?p=72113"},"modified":"2019-11-22T19:13:11","modified_gmt":"2019-11-23T02:13:11","slug":"en-lo-que-va-del-congreso-federal-el-campo-ha-sufrido-recortes-por-30-mil-mdp-guzman-nieves","status":"publish","type":"post","link":"https:\/\/www.sonoraenequipo.com.mx\/en-lo-que-va-del-congreso-federal-el-campo-ha-sufrido-recortes-por-30-mil-mdp-guzman-nieves\/","title":{"rendered":"En lo que va del Congreso Federal el campo ha sufrido recortes por 30 mil mdp: Guzm\u00e1n Nieves"},"content":{"rendered":"<p>HERMOSILLO, SONORA,MX.\u2500 Los productores de la entidad siempre han sabido salir de las condiciones de adversidad, sin embargo, el campo sonorense merece m\u00e1s de lo que esta dictaminado en el presupuesto federal aprobado para el 2020, enfatiz\u00f3 Jorge Guzm\u00e1n Nieves, en el marco de la inauguraci\u00f3n del \u201cVII Simposio Nacional de Garbanzo\u201d. <\/p>\n<p>&nbsp;<\/p>\n<p>El secretario de Agricultura, Ganader\u00eda, Recursos Hidr\u00e1ulicos, Pesca y Acuacultura (Sagarhpa) se\u00f1al\u00f3 que el presupuesto federal para el 2020, ha dejado sin recurso a varios programas que dan soporte a las actividades agropecuarias comerciales.<\/p>\n<p>&nbsp;<\/p>\n<p>El funcionario estatal pidi\u00f3 que se le d\u00e9 una valoraci\u00f3n adecuada a lo que representa el campo en M\u00e9xico, ya que es el que produce los alimentos, es el que genera empleos en las zonas rurales y el que tiene m\u00e1s necesidades; adem\u00e1s de ser el sector m\u00e1s comprometido con la suficiencia alimentaria que se busca en el pa\u00eds.<\/p>\n<p>&nbsp;<\/p>\n<p>\u201cEso que construimos por d\u00e9cadas est\u00e9 expuesto por ese tipo de decisiones, yo no tengo ninguna duda de que los productores de Sonora siempre han tenido la capacidad y el orgullo de salir adelante ante las adversidades, pero desde luego que el campo sonorense merece m\u00e1s\u201d, afirm\u00f3.<\/p>\n<p>&nbsp;<\/p>\n<p>En lo que va de esta legislatura federal, la reducci\u00f3n de recursos al campo ha sido de 30 mil millones de pesos, pasamos de 76 mil millones de pesos a 46 mil millones de pesos, detall\u00f3, por lo que en el 2020 no se tendr\u00e1 asignaci\u00f3n de recursos para los programas de comercializaci\u00f3n, en programas de concurrencia ni en programas de desarrollo rural, adem\u00e1s de tener una reducci\u00f3n considerable en los programas de sanidades.<\/p>\n<p>&nbsp;<\/p>\n<p>\u201cNo se ha valorado que \u00e9ste es el \u00fanico sector a nivel nacional que tiene un crecimiento positivo, es el sector que contribuye de manera muy importante con el Producto Interno Bruto, y es el sector que genera los empleos donde est\u00e1n las comunidades m\u00e1s necesitadas y en entidades como la nuestra y regiones como las que tenemos en particular en el sur de Sonora, este sector es el motor de las econom\u00edas que se dan en los otros sectores, en el secundario y en el terciario, ojal\u00e1 se d\u00e9 una reconsideraci\u00f3n porque como les vuelvo a decir Sonora merece m\u00e1s\u201d, dijo.<\/p>\n<p>&nbsp;<\/p>\n<p>Guzm\u00e1n Nieves felicit\u00f3 al Instituto Nacional de Investigaciones Forestales, Agr\u00edcolas y Pecuarias (Inifap), por la investigaci\u00f3n agr\u00edcola del estado de Sonora, por el esfuerzo para seguir generando nuevas variedades de garbanzo, que les permita crecer de manera m\u00e1s competitiva en los mercados, as\u00ed como por la realizaci\u00f3n de este foro que proporcionar\u00e1 mayores herramientas, identificando algunos aspectos de utilidad para productores, t\u00e9cnicos y prestadores de servicios.<\/p>\n<p>&nbsp;<\/p>\n<p>Presentes: Ricardo Ramonet Rasc\u00f3n, presidente del Comit\u00e9 Estatal de Sanidad Vegetal de Sonora; Jos\u00e9 Mend\u00edvil Valderrain, coordinador Territorial Zona 1 de la Secretar\u00eda de Agricultura y Desarrollo Rural.<\/p>\n<p>&nbsp;<\/p>\n<p>As\u00ed como, Iv\u00e1n Ram\u00edrez Ram\u00edrez, presidente de Somefi; Jes\u00fas M\u00e1rquez Cervantes, director de Investigaci\u00f3n del Cirno; y Agust\u00edn Baranzini Coronado, presidente del Consejo de la Junta Local de Sanidad Vegetal de Hermosillo.<\/p>\n<p>Fecha de publicaci\u00f3n 22\/nov\/2019<\/p>\n<p>&nbsp;<\/p>\n","protected":false},"excerpt":{"rendered":"<p>HERMOSILLO, SONORA,MX.\u2500 Los productores de la entidad siempre han sabido salir de las condiciones de&#8230;<\/p>\n","protected":false},"author":178,"featured_media":72114,"comment_status":"open","ping_status":"open","sticky":false,"template":"","format":"standard","meta":{"_monsterinsights_skip_tracking":false,"_monsterinsights_sitenote_active":false,"_monsterinsights_sitenote_note":"","_monsterinsights_sitenote_category":0,"footnotes":""},"categories":[22],"tags":[3881],"class_list":["post"],"yoast_head":" \n<title>Sonora en Equipo. En lo que va del Congreso Federal el campo ha sufrido recortes por 30 mil mdp: Guzm\u00e1n Nieves Sonora<\/title>\n<meta name=\"description\" content=\"HERMOSILLO, SONORA,MX.\u2500 Los productores de la entidad siempre han sabido salir de las condiciones de adversidad, sin embargo, el campo sonorense merece En Sonora en Equipo publicamos toda la informaci\u00f3n de Sonora, M\u00e9xico y el Mundo de manera oportuna y busca que la libertad de expresi\u00f3n sea real. Visita nuestro medio informativo publicado desde Hermosillo, Sonora. %\" \/>\n<meta name=\"robots\" content=\"index, follow, max-snippet:-1, max-image-preview:large, max-video-preview:-1\" \/>\n<link rel=\"canonical\" href=\"https:\/\/www.sonoraenequipo.com.mx\/en-lo-que-va-del-congreso-federal-el-campo-ha-sufrido-recortes-por-30-mil-mdp-guzman-nieves\/\" \/>\n<meta property=\"og:locale\" content=\"es_ES\" \/>\n<meta property=\"og:type\" content=\"article\" \/>\n<meta property=\"og:title\" content=\"Sonora en Equipo. En lo que va del Congreso Federal el campo ha sufrido recortes por 30 mil mdp: Guzm\u00e1n Nieves Sonora\" \/>\n<meta property=\"og:description\" content=\"HERMOSILLO, SONORA,MX.\u2500 Los productores de la entidad siempre han sabido salir de las condiciones de adversidad, sin embargo, el campo sonorense merece En Sonora en Equipo publicamos toda la informaci\u00f3n de Sonora, M\u00e9xico y el Mundo de manera oportuna y busca que la libertad de expresi\u00f3n sea real. Visita nuestro medio informativo publicado desde Hermosillo, Sonora. %\" \/>\n<meta property=\"og:url\" content=\"https:\/\/www.sonoraenequipo.com.mx\/en-lo-que-va-del-congreso-federal-el-campo-ha-sufrido-recortes-por-30-mil-mdp-guzman-nieves\/\" \/>\n<meta property=\"og:site_name\" content=\"Sonora en Equipo.\" \/>\n<meta property=\"article:publisher\" content=\"https:\/\/www.facebook.com\/SonoraEE\/\" \/>\n<meta property=\"article:published_time\" content=\"2019-11-23T02:13:11+00:00\" \/>\n<meta property=\"og:image\" content=\"https:\/\/www.sonoraenequipo.com.mx\/storage\/2019\/11\/garbanzo.jpg\" \/>\n\t<meta property=\"og:image:width\" content=\"500\" \/>\n\t<meta property=\"og:image:height\" content=\"304\" \/>\n\t<meta property=\"og:image:type\" content=\"image\/jpeg\" \/>\n<meta name=\"author\" content=\"enequipo\" \/>\n<meta name=\"twitter:card\" content=\"summary_large_image\" \/>\n<meta name=\"twitter:creator\" content=\"@sonoraenequipo\" \/>\n<meta name=\"twitter:site\" content=\"@sonoraenequipo\" \/>\n<meta name=\"twitter:label1\" content=\"Escrito por\" \/>\n\t<meta name=\"twitter:data1\" content=\"enequipo\" \/>\n\t<meta name=\"twitter:label2\" content=\"Tiempo de lectura\" \/>\n\t<meta name=\"twitter:data2\" content=\"3 minutos\" \/>\n<script type=\"application\/ld+json\" class=\"yoast-schema-graph\">{\"@context\":\"https:\/\/schema.org\",\"@graph\":[{\"@type\":\"Article\",\"@id\":\"https:\/\/www.sonoraenequipo.com.mx\/en-lo-que-va-del-congreso-federal-el-campo-ha-sufrido-recortes-por-30-mil-mdp-guzman-nieves\/#article\",\"isPartOf\":{\"@id\":\"https:\/\/www.sonoraenequipo.com.mx\/en-lo-que-va-del-congreso-federal-el-campo-ha-sufrido-recortes-por-30-mil-mdp-guzman-nieves\/\"},\"author\":{\"name\":\"enequipo\",\"@id\":\"https:\/\/www.sonoraenequipo.com.mx\/#\/schema\/person\/61a39de478a1763473ad55e8a95fddf6\"},\"headline\":\"En lo que va del Congreso Federal el campo ha sufrido recortes por 30 mil mdp: Guzm\u00e1n Nieves\",\"datePublished\":\"2019-11-23T02:13:11+00:00\",\"mainEntityOfPage\":{\"@id\":\"https:\/\/www.sonoraenequipo.com.mx\/en-lo-que-va-del-congreso-federal-el-campo-ha-sufrido-recortes-por-30-mil-mdp-guzman-nieves\/\"},\"wordCount\":561,\"commentCount\":0,\"publisher\":{\"@id\":\"https:\/\/www.sonoraenequipo.com.mx\/#organization\"},\"image\":{\"@id\":\"https:\/\/www.sonoraenequipo.com.mx\/en-lo-que-va-del-congreso-federal-el-campo-ha-sufrido-recortes-por-30-mil-mdp-guzman-nieves\/#primaryimage\"},\"thumbnailUrl\":\"https:\/\/www.sonoraenequipo.com.mx\/storage\/2019\/11\/garbanzo.jpg\",\"keywords\":[\"Guzm\u00e1n Nieves\"],\"articleSection\":[\"Sonora\"],\"inLanguage\":\"es\",\"potentialAction\":[{\"@type\":\"CommentAction\",\"name\":\"Comment\",\"target\":[\"https:\/\/www.sonoraenequipo.com.mx\/en-lo-que-va-del-congreso-federal-el-campo-ha-sufrido-recortes-por-30-mil-mdp-guzman-nieves\/#respond\"]}]},{\"@type\":\"WebPage\",\"@id\":\"https:\/\/www.sonoraenequipo.com.mx\/en-lo-que-va-del-congreso-federal-el-campo-ha-sufrido-recortes-por-30-mil-mdp-guzman-nieves\/\",\"url\":\"https:\/\/www.sonoraenequipo.com.mx\/en-lo-que-va-del-congreso-federal-el-campo-ha-sufrido-recortes-por-30-mil-mdp-guzman-nieves\/\",\"name\":\"Sonora en Equipo. En lo que va del Congreso Federal el campo ha sufrido recortes por 30 mil mdp: Guzm\u00e1n Nieves Sonora\",\"isPartOf\":{\"@id\":\"https:\/\/www.sonoraenequipo.com.mx\/#website\"},\"primaryImageOfPage\":{\"@id\":\"https:\/\/www.sonoraenequipo.com.mx\/en-lo-que-va-del-congreso-federal-el-campo-ha-sufrido-recortes-por-30-mil-mdp-guzman-nieves\/#primaryimage\"},\"image\":{\"@id\":\"https:\/\/www.sonoraenequipo.com.mx\/en-lo-que-va-del-congreso-federal-el-campo-ha-sufrido-recortes-por-30-mil-mdp-guzman-nieves\/#primaryimage\"},\"thumbnailUrl\":\"https:\/\/www.sonoraenequipo.com.mx\/storage\/2019\/11\/garbanzo.jpg\",\"datePublished\":\"2019-11-23T02:13:11+00:00\",\"description\":\"HERMOSILLO, SONORA,MX.\u2500 Los productores de la entidad siempre han sabido salir de las condiciones de adversidad, sin embargo, el campo sonorense merece En Sonora en Equipo publicamos toda la informaci\u00f3n de Sonora, M\u00e9xico y el Mundo de manera oportuna y busca que la libertad de expresi\u00f3n sea real. Visita nuestro medio informativo publicado desde Hermosillo, Sonora. %\",\"breadcrumb\":{\"@id\":\"https:\/\/www.sonoraenequipo.com.mx\/en-lo-que-va-del-congreso-federal-el-campo-ha-sufrido-recortes-por-30-mil-mdp-guzman-nieves\/#breadcrumb\"},\"inLanguage\":\"es\",\"potentialAction\":[{\"@type\":\"ReadAction\",\"target\":[\"https:\/\/www.sonoraenequipo.com.mx\/en-lo-que-va-del-congreso-federal-el-campo-ha-sufrido-recortes-por-30-mil-mdp-guzman-nieves\/\"]}]},{\"@type\":\"ImageObject\",\"inLanguage\":\"es\",\"@id\":\"https:\/\/www.sonoraenequipo.com.mx\/en-lo-que-va-del-congreso-federal-el-campo-ha-sufrido-recortes-por-30-mil-mdp-guzman-nieves\/#primaryimage\",\"url\":\"https:\/\/www.sonoraenequipo.com.mx\/storage\/2019\/11\/garbanzo.jpg\",\"contentUrl\":\"https:\/\/www.sonoraenequipo.com.mx\/storage\/2019\/11\/garbanzo.jpg\",\"width\":500,\"height\":304},{\"@type\":\"BreadcrumbList\",\"@id\":\"https:\/\/www.sonoraenequipo.com.mx\/en-lo-que-va-del-congreso-federal-el-campo-ha-sufrido-recortes-por-30-mil-mdp-guzman-nieves\/#breadcrumb\",\"itemListElement\":[{\"@type\":\"ListItem\",\"position\":1,\"name\":\"Portada\",\"item\":\"https:\/\/www.sonoraenequipo.com.mx\/\"},{\"@type\":\"ListItem\",\"position\":2,\"name\":\"En lo que va del Congreso Federal el campo ha sufrido recortes por 30 mil mdp: Guzm\u00e1n Nieves\"}]},{\"@type\":\"WebSite\",\"@id\":\"https:\/\/www.sonoraenequipo.com.mx\/#website\",\"url\":\"https:\/\/www.sonoraenequipo.com.mx\/\",\"name\":\"Sonora en Equipo.\",\"description\":\"Diario en l\u00ednea con Noticias desde Hermosillo, Sonora\",\"publisher\":{\"@id\":\"https:\/\/www.sonoraenequipo.com.mx\/#organization\"},\"potentialAction\":[{\"@type\":\"SearchAction\",\"target\":{\"@type\":\"EntryPoint\",\"urlTemplate\":\"https:\/\/www.sonoraenequipo.com.mx\/?s={search_term_string}\"},\"query-input\":{\"@type\":\"PropertyValueSpecification\",\"valueRequired\":true,\"valueName\":\"search_term_string\"}}],\"inLanguage\":\"es\"},{\"@type\":\"Organization\",\"@id\":\"https:\/\/www.sonoraenequipo.com.mx\/#organization\",\"name\":\"Sonoraenequipo.com.mx\",\"url\":\"https:\/\/www.sonoraenequipo.com.mx\/\",\"logo\":{\"@type\":\"ImageObject\",\"inLanguage\":\"es\",\"@id\":\"https:\/\/www.sonoraenequipo.com.mx\/#\/schema\/logo\/image\/\",\"url\":\"https:\/\/www.sonoraenequipo.com.mx\/storage\/2019\/01\/sonoraenequipo_opt.png\",\"contentUrl\":\"https:\/\/www.sonoraenequipo.com.mx\/storage\/2019\/01\/sonoraenequipo_opt.png\",\"width\":375,\"height\":125,\"caption\":\"Sonoraenequipo.com.mx\"},\"image\":{\"@id\":\"https:\/\/www.sonoraenequipo.com.mx\/#\/schema\/logo\/image\/\"},\"sameAs\":[\"https:\/\/www.facebook.com\/SonoraEE\/\",\"https:\/\/x.com\/sonoraenequipo\",\"https:\/\/www.youtube.com\/channel\/UC338nW-lPEYmJQs4ZABQ1SQ\"]},{\"@type\":\"Person\",\"@id\":\"https:\/\/www.sonoraenequipo.com.mx\/#\/schema\/person\/61a39de478a1763473ad55e8a95fddf6\",\"name\":\"enequipo\",\"image\":{\"@type\":\"ImageObject\",\"inLanguage\":\"es\",\"@id\":\"https:\/\/www.sonoraenequipo.com.mx\/#\/schema\/person\/image\/\",\"url\":\"https:\/\/secure.gravatar.com\/avatar\/e39bc3016d8af598aed3d770c9510dfc2795f37ea1733d99fcc6e97d2c3c9f5e?s=96&d=blank&r=g\",\"contentUrl\":\"https:\/\/secure.gravatar.com\/avatar\/e39bc3016d8af598aed3d770c9510dfc2795f37ea1733d99fcc6e97d2c3c9f5e?s=96&d=blank&r=g\",\"caption\":\"enequipo\"}}]}<\/script>\n ","yoast_head_json":{"title":"Sonora en Equipo. En lo que va del Congreso Federal el campo ha sufrido recortes por 30 mil mdp: Guzm\u00e1n Nieves Sonora","description":"HERMOSILLO, SONORA,MX.\u2500 Los productores de la entidad siempre han sabido salir de las condiciones de adversidad, sin embargo, el campo sonorense merece En Sonora en Equipo publicamos toda la informaci\u00f3n de Sonora, M\u00e9xico y el Mundo de manera oportuna y busca que la libertad de expresi\u00f3n sea real. Visita nuestro medio informativo publicado desde Hermosillo, Sonora. %","robots":{"index":"index","follow":"follow","max-snippet":"max-snippet:-1","max-image-preview":"max-image-preview:large","max-video-preview":"max-video-preview:-1"},"canonical":"https:\/\/www.sonoraenequipo.com.mx\/en-lo-que-va-del-congreso-federal-el-campo-ha-sufrido-recortes-por-30-mil-mdp-guzman-nieves\/","og_locale":"es_ES","og_type":"article","og_title":"Sonora en Equipo. En lo que va del Congreso Federal el campo ha sufrido recortes por 30 mil mdp: Guzm\u00e1n Nieves Sonora","og_description":"HERMOSILLO, SONORA,MX.\u2500 Los productores de la entidad siempre han sabido salir de las condiciones de adversidad, sin embargo, el campo sonorense merece En Sonora en Equipo publicamos toda la informaci\u00f3n de Sonora, M\u00e9xico y el Mundo de manera oportuna y busca que la libertad de expresi\u00f3n sea real. Visita nuestro medio informativo publicado desde Hermosillo, Sonora. %","og_url":"https:\/\/www.sonoraenequipo.com.mx\/en-lo-que-va-del-congreso-federal-el-campo-ha-sufrido-recortes-por-30-mil-mdp-guzman-nieves\/","og_site_name":"Sonora en Equipo.","article_publisher":"https:\/\/www.facebook.com\/SonoraEE\/","article_published_time":"2019-11-23T02:13:11+00:00","og_image":[{"width":500,"height":304,"url":"https:\/\/www.sonoraenequipo.com.mx\/storage\/2019\/11\/garbanzo.jpg","type":"image\/jpeg"}],"author":"enequipo","twitter_card":"summary_large_image","twitter_creator":"@sonoraenequipo","twitter_site":"@sonoraenequipo","twitter_misc":{"Escrito por":"enequipo","Tiempo de lectura":"3 minutos"},"schema":{"@context":"https:\/\/schema.org","@graph":[{"@type":"Article","@id":"https:\/\/www.sonoraenequipo.com.mx\/en-lo-que-va-del-congreso-federal-el-campo-ha-sufrido-recortes-por-30-mil-mdp-guzman-nieves\/#article","isPartOf":{"@id":"https:\/\/www.sonoraenequipo.com.mx\/en-lo-que-va-del-congreso-federal-el-campo-ha-sufrido-recortes-por-30-mil-mdp-guzman-nieves\/"},"author":{"name":"enequipo","@id":"https:\/\/www.sonoraenequipo.com.mx\/#\/schema\/person\/61a39de478a1763473ad55e8a95fddf6"},"headline":"En lo que va del Congreso Federal el campo ha sufrido recortes por 30 mil mdp: Guzm\u00e1n Nieves","datePublished":"2019-11-23T02:13:11+00:00","mainEntityOfPage":{"@id":"https:\/\/www.sonoraenequipo.com.mx\/en-lo-que-va-del-congreso-federal-el-campo-ha-sufrido-recortes-por-30-mil-mdp-guzman-nieves\/"},"wordCount":561,"commentCount":0,"publisher":{"@id":"https:\/\/www.sonoraenequipo.com.mx\/#organization"},"image":{"@id":"https:\/\/www.sonoraenequipo.com.mx\/en-lo-que-va-del-congreso-federal-el-campo-ha-sufrido-recortes-por-30-mil-mdp-guzman-nieves\/#primaryimage"},"thumbnailUrl":"https:\/\/www.sonoraenequipo.com.mx\/storage\/2019\/11\/garbanzo.jpg","keywords":["Guzm\u00e1n Nieves"],"articleSection":["Sonora"],"inLanguage":"es","potentialAction":[{"@type":"CommentAction","name":"Comment","target":["https:\/\/www.sonoraenequipo.com.mx\/en-lo-que-va-del-congreso-federal-el-campo-ha-sufrido-recortes-por-30-mil-mdp-guzman-nieves\/#respond"]}]},{"@type":"WebPage","@id":"https:\/\/www.sonoraenequipo.com.mx\/en-lo-que-va-del-congreso-federal-el-campo-ha-sufrido-recortes-por-30-mil-mdp-guzman-nieves\/","url":"https:\/\/www.sonoraenequipo.com.mx\/en-lo-que-va-del-congreso-federal-el-campo-ha-sufrido-recortes-por-30-mil-mdp-guzman-nieves\/","name":"Sonora en Equipo. En lo que va del Congreso Federal el campo ha sufrido recortes por 30 mil mdp: Guzm\u00e1n Nieves Sonora","isPartOf":{"@id":"https:\/\/www.sonoraenequipo.com.mx\/#website"},"primaryImageOfPage":{"@id":"https:\/\/www.sonoraenequipo.com.mx\/en-lo-que-va-del-congreso-federal-el-campo-ha-sufrido-recortes-por-30-mil-mdp-guzman-nieves\/#primaryimage"},"image":{"@id":"https:\/\/www.sonoraenequipo.com.mx\/en-lo-que-va-del-congreso-federal-el-campo-ha-sufrido-recortes-por-30-mil-mdp-guzman-nieves\/#primaryimage"},"thumbnailUrl":"https:\/\/www.sonoraenequipo.com.mx\/storage\/2019\/11\/garbanzo.jpg","datePublished":"2019-11-23T02:13:11+00:00","description":"HERMOSILLO, SONORA,MX.\u2500 Los productores de la entidad siempre han sabido salir de las condiciones de adversidad, sin embargo, el campo sonorense merece En Sonora en Equipo publicamos toda la informaci\u00f3n de Sonora, M\u00e9xico y el Mundo de manera oportuna y busca que la libertad de expresi\u00f3n sea real. Visita nuestro medio informativo publicado desde Hermosillo, Sonora. %","breadcrumb":{"@id":"https:\/\/www.sonoraenequipo.com.mx\/en-lo-que-va-del-congreso-federal-el-campo-ha-sufrido-recortes-por-30-mil-mdp-guzman-nieves\/#breadcrumb"},"inLanguage":"es","potentialAction":[{"@type":"ReadAction","target":["https:\/\/www.sonoraenequipo.com.mx\/en-lo-que-va-del-congreso-federal-el-campo-ha-sufrido-recortes-por-30-mil-mdp-guzman-nieves\/"]}]},{"@type":"ImageObject","inLanguage":"es","@id":"https:\/\/www.sonoraenequipo.com.mx\/en-lo-que-va-del-congreso-federal-el-campo-ha-sufrido-recortes-por-30-mil-mdp-guzman-nieves\/#primaryimage","url":"https:\/\/www.sonoraenequipo.com.mx\/storage\/2019\/11\/garbanzo.jpg","contentUrl":"https:\/\/www.sonoraenequipo.com.mx\/storage\/2019\/11\/garbanzo.jpg","width":500,"height":304},{"@type":"BreadcrumbList","@id":"https:\/\/www.sonoraenequipo.com.mx\/en-lo-que-va-del-congreso-federal-el-campo-ha-sufrido-recortes-por-30-mil-mdp-guzman-nieves\/#breadcrumb","itemListElement":[{"@type":"ListItem","position":1,"name":"Portada","item":"https:\/\/www.sonoraenequipo.com.mx\/"},{"@type":"ListItem","position":2,"name":"En lo que va del Congreso Federal el campo ha sufrido recortes por 30 mil mdp: Guzm\u00e1n Nieves"}]},{"@type":"WebSite","@id":"https:\/\/www.sonoraenequipo.com.mx\/#website","url":"https:\/\/www.sonoraenequipo.com.mx\/","name":"Sonora en Equipo.","description":"Diario en l\u00ednea con Noticias desde Hermosillo, Sonora","publisher":{"@id":"https:\/\/www.sonoraenequipo.com.mx\/#organization"},"potentialAction":[{"@type":"SearchAction","target":{"@type":"EntryPoint","urlTemplate":"https:\/\/www.sonoraenequipo.com.mx\/?s={search_term_string}"},"query-input":{"@type":"PropertyValueSpecification","valueRequired":true,"valueName":"search_term_string"}}],"inLanguage":"es"},{"@type":"Organization","@id":"https:\/\/www.sonoraenequipo.com.mx\/#organization","name":"Sonoraenequipo.com.mx","url":"https:\/\/www.sonoraenequipo.com.mx\/","logo":{"@type":"ImageObject","inLanguage":"es","@id":"https:\/\/www.sonoraenequipo.com.mx\/#\/schema\/logo\/image\/","url":"https:\/\/www.sonoraenequipo.com.mx\/storage\/2019\/01\/sonoraenequipo_opt.png","contentUrl":"https:\/\/www.sonoraenequipo.com.mx\/storage\/2019\/01\/sonoraenequipo_opt.png","width":375,"height":125,"caption":"Sonoraenequipo.com.mx"},"image":{"@id":"https:\/\/www.sonoraenequipo.com.mx\/#\/schema\/logo\/image\/"},"sameAs":["https:\/\/www.facebook.com\/SonoraEE\/","https:\/\/x.com\/sonoraenequipo","https:\/\/www.youtube.com\/channel\/UC338nW-lPEYmJQs4ZABQ1SQ"]},{"@type":"Person","@id":"https:\/\/www.sonoraenequipo.com.mx\/#\/schema\/person\/61a39de478a1763473ad55e8a95fddf6","name":"enequipo","image":{"@type":"ImageObject","inLanguage":"es","@id":"https:\/\/www.sonoraenequipo.com.mx\/#\/schema\/person\/image\/","url":"https:\/\/secure.gravatar.com\/avatar\/e39bc3016d8af598aed3d770c9510dfc2795f37ea1733d99fcc6e97d2c3c9f5e?s=96&d=blank&r=g","contentUrl":"https:\/\/secure.gravatar.com\/avatar\/e39bc3016d8af598aed3d770c9510dfc2795f37ea1733d99fcc6e97d2c3c9f5e?s=96&d=blank&r=g","caption":"enequipo"}}]}},"jetpack_featured_media_url":"https:\/\/www.sonoraenequipo.com.mx\/storage\/2019\/11\/garbanzo.jpg","_links":{"self":[{"href":"https:\/\/www.sonoraenequipo.com.mx\/api\/wp\/v2\/posts\/72113","targetHints":{"allow":["GET"]}}],"collection":[{"href":"https:\/\/www.sonoraenequipo.com.mx\/api\/wp\/v2\/posts"}],"about":[{"href":"https:\/\/www.sonoraenequipo.com.mx\/api\/wp\/v2\/types\/post"}],"author":[{"embeddable":true,"href":"https:\/\/www.sonoraenequipo.com.mx\/api\/wp\/v2\/users\/178"}],"replies":[{"embeddable":true,"href":"https:\/\/www.sonoraenequipo.com.mx\/api\/wp\/v2\/comments?post=72113"}],"version-history":[{"count":0,"href":"https:\/\/www.sonoraenequipo.com.mx\/api\/wp\/v2\/posts\/72113\/revisions"}],"wp:featuredmedia":[{"embeddable":true,"href":"https:\/\/www.sonoraenequipo.com.mx\/api\/wp\/v2\/media\/72114"}],"wp:attachment":[{"href":"https:\/\/www.sonoraenequipo.com.mx\/api\/wp\/v2\/media?parent=72113"}],"wp:term":[{"taxonomy":"category","embeddable":true,"href":"https:\/\/www.sonoraenequipo.com.mx\/api\/wp\/v2\/categories?post=72113"},{"taxonomy":"post_tag","embeddable":true,"href":"https:\/\/www.sonoraenequipo.com.mx\/api\/wp\/v2\/tags?post=72113"}],"curies":[{"name":"wp","href":"https:\/\/api.w.org\/{rel}","templated":true}]}}