{"id":72128,"date":"2019-11-22T20:36:47","date_gmt":"2019-11-23T03:36:47","guid":{"rendered":"https:\/\/www.sonoraenequipo.com.mx\/?p=72128"},"modified":"2019-11-22T19:40:13","modified_gmt":"2019-11-23T02:40:13","slug":"llaman-a-fira-a-reinstalar-trabajadores-despedidos-por-crear-sindicato","status":"publish","type":"post","link":"https:\/\/www.sonoraenequipo.com.mx\/llaman-a-fira-a-reinstalar-trabajadores-despedidos-por-crear-sindicato\/","title":{"rendered":"Llaman a FIRA a reinstalar trabajadores despedidos por crear sindicato"},"content":{"rendered":"<p>MORELIA, MICHOAC\u00c1N. MX. \u2014 El Congreso de Michoac\u00e1n exhort\u00f3 a Jes\u00fas Alan Elizondo Flores, director general de Fideicomisos Instituidos en Relaci\u00f3n con la Agricultura (FIRA), a que les devuelva el empleo a seis trabajadores despedidos en las \u00faltimas tres semanas por haber conformado un sindicato, ya registrado ante el Tribunal Federal de Conciliaci\u00f3n y Arbitraje el pasado 1 de octubre, y se reconozca a esta organizaci\u00f3n gremial a la que tienen derecho.<\/p>\n<p>&nbsp;<\/p>\n<p> <\/p>\n<p>&nbsp;<\/p>\n<p>&nbsp;<\/p>\n<p>La diputada de Morena, Teresa L\u00f3pez Hern\u00e1ndez, present\u00f3 ante el pleno la propuesta de exhorto, debido a que el pasado 11 de noviembre se present\u00f3 en las instalaciones de FIRA, ubicadas en Morelia, para escuchar a los trabajadores afectados y hablar con los directivos de la instituci\u00f3n. En una primera instancia se le impidi\u00f3 el ingreso a las instalaciones, tras insistir se le permiti\u00f3 la entrada.<\/p>\n<p>&nbsp;<\/p>\n<p>&nbsp;<\/p>\n<p><em>\u201cEs necesario que el Tribunal Federal de Conciliaci\u00f3n y Arbitraje, haga cumplir la toma de nota y se una al exhorto planteado; toda vez que en este momento los trabajadores que representan a dicho Sindicato han quedado sin su trabajo por la \u00fanica raz\u00f3n de haberse atrevido a sindicalizarse\u201d,<\/em> apunt\u00f3 la legisladora.<\/p>\n<p>&nbsp;<\/p>\n<p>&nbsp;<\/p>\n<p>La diputada morenista denunci\u00f3 que el director general de FIRA se niega a reconocer a dicha agrupaci\u00f3n sindical y a sus dirigentes, bajo el argumento de que se desconoce la toma de nota de su registro,<em> \u201cpor el contrario, su respuesta fue ordenar su despido injustificado de todas y todos los trabajadores que integran la dirigencia sindical\u201d.<\/em><\/p>\n<p>&nbsp;<\/p>\n<p>El pasado 30 de octubre se les impidi\u00f3 el ingreso a las instalaciones de FIRA a cuatro trabajadores que formaban parte de la dirigencia sindical, y en las dos \u00faltimas semanas fueron despedidas Maribel Morales Gonz\u00e1lez (quien padece c\u00e1ncer) y forma parte de las oficinas de FIRA Puebla; y Paloma Blanca Tovar, por haberse afiliado al sindicato.<\/p>\n<p>&nbsp;<\/p>\n<p>&nbsp;<\/p>\n<p>En noviembre de 2018, un grupo de empleados de FIRA bloque\u00f3 el acceso a las instalaciones, ubicadas en la salida de Morelia a P\u00e1tzcuaro, por la antigua carretera, para exigir respeto a sus derechos laborales. Su protesta se debi\u00f3 a que se dicen enga\u00f1ados al ser contratados como empleados federales, y despu\u00e9s de varios a\u00f1os de trabajo, los altos mandos les notificaron que iban a recontratar nuevamente a todo el personal, pero ya bajo contratos trimestrales.<\/p>\n<p>&nbsp;<\/p>\n<p>PUBLICADO EL 22\/11\/2019 \/ Ernesto Mart\u00ednez Elorriaga)<\/p>\n","protected":false},"excerpt":{"rendered":"<p>MORELIA, MICHOAC\u00c1N. MX. \u2014 El Congreso de Michoac\u00e1n exhort\u00f3 a Jes\u00fas Alan Elizondo Flores, director&#8230;<\/p>\n","protected":false},"author":1,"featured_media":72132,"comment_status":"open","ping_status":"open","sticky":false,"template":"","format":"standard","meta":{"_monsterinsights_skip_tracking":false,"_monsterinsights_sitenote_active":false,"_monsterinsights_sitenote_note":"","_monsterinsights_sitenote_category":0,"footnotes":""},"categories":[5],"tags":[],"class_list":["post"],"yoast_head":" \n<title>Sonora en Equipo. Llaman a FIRA a reinstalar trabajadores despedidos por crear sindicato Rep\u00fablica<\/title>\n<meta name=\"description\" content=\"MORELIA, MICHOAC\u00c1N. MX. \u2014 El Congreso de Michoac\u00e1n exhort\u00f3 a Jes\u00fas Alan Elizondo Flores, director general de Fideicomisos Instituidos en Relaci\u00f3n con la En Sonora en Equipo publicamos toda la informaci\u00f3n de Sonora, M\u00e9xico y el Mundo de manera oportuna y busca que la libertad de expresi\u00f3n sea real. Visita nuestro medio informativo publicado desde Hermosillo, Sonora. %\" \/>\n<meta name=\"robots\" content=\"index, follow, max-snippet:-1, max-image-preview:large, max-video-preview:-1\" \/>\n<link rel=\"canonical\" href=\"https:\/\/www.sonoraenequipo.com.mx\/llaman-a-fira-a-reinstalar-trabajadores-despedidos-por-crear-sindicato\/\" \/>\n<meta property=\"og:locale\" content=\"es_ES\" \/>\n<meta property=\"og:type\" content=\"article\" \/>\n<meta property=\"og:title\" content=\"Sonora en Equipo. Llaman a FIRA a reinstalar trabajadores despedidos por crear sindicato Rep\u00fablica\" \/>\n<meta property=\"og:description\" content=\"MORELIA, MICHOAC\u00c1N. MX. \u2014 El Congreso de Michoac\u00e1n exhort\u00f3 a Jes\u00fas Alan Elizondo Flores, director general de Fideicomisos Instituidos en Relaci\u00f3n con la En Sonora en Equipo publicamos toda la informaci\u00f3n de Sonora, M\u00e9xico y el Mundo de manera oportuna y busca que la libertad de expresi\u00f3n sea real. Visita nuestro medio informativo publicado desde Hermosillo, Sonora. %\" \/>\n<meta property=\"og:url\" content=\"https:\/\/www.sonoraenequipo.com.mx\/llaman-a-fira-a-reinstalar-trabajadores-despedidos-por-crear-sindicato\/\" \/>\n<meta property=\"og:site_name\" content=\"Sonora en Equipo.\" \/>\n<meta property=\"article:publisher\" content=\"https:\/\/www.facebook.com\/SonoraEE\/\" \/>\n<meta property=\"article:author\" content=\"https:\/\/www.facebook.com\/SonoraEE\" \/>\n<meta property=\"article:published_time\" content=\"2019-11-23T03:36:47+00:00\" \/>\n<meta property=\"og:image\" content=\"https:\/\/www.sonoraenequipo.com.mx\/storage\/2019\/11\/campo-mexicano_opt.jpg\" \/>\n\t<meta property=\"og:image:width\" content=\"606\" \/>\n\t<meta property=\"og:image:height\" content=\"400\" \/>\n\t<meta property=\"og:image:type\" content=\"image\/jpeg\" \/>\n<meta name=\"author\" content=\"enequipo\" \/>\n<meta name=\"twitter:card\" content=\"summary_large_image\" \/>\n<meta name=\"twitter:creator\" content=\"@sonoraenequipo\" \/>\n<meta name=\"twitter:site\" content=\"@sonoraenequipo\" \/>\n<meta name=\"twitter:label1\" content=\"Escrito por\" \/>\n\t<meta name=\"twitter:data1\" content=\"enequipo\" \/>\n\t<meta name=\"twitter:label2\" content=\"Tiempo de lectura\" \/>\n\t<meta name=\"twitter:data2\" content=\"2 minutos\" \/>\n<script type=\"application\/ld+json\" class=\"yoast-schema-graph\">{\"@context\":\"https:\/\/schema.org\",\"@graph\":[{\"@type\":\"Article\",\"@id\":\"https:\/\/www.sonoraenequipo.com.mx\/llaman-a-fira-a-reinstalar-trabajadores-despedidos-por-crear-sindicato\/#article\",\"isPartOf\":{\"@id\":\"https:\/\/www.sonoraenequipo.com.mx\/llaman-a-fira-a-reinstalar-trabajadores-despedidos-por-crear-sindicato\/\"},\"author\":{\"name\":\"enequipo\",\"@id\":\"https:\/\/www.sonoraenequipo.com.mx\/#\/schema\/person\/50102df0fb23a8fa9e8effad8fa81386\"},\"headline\":\"Llaman a FIRA a reinstalar trabajadores despedidos por crear sindicato\",\"datePublished\":\"2019-11-23T03:36:47+00:00\",\"mainEntityOfPage\":{\"@id\":\"https:\/\/www.sonoraenequipo.com.mx\/llaman-a-fira-a-reinstalar-trabajadores-despedidos-por-crear-sindicato\/\"},\"wordCount\":420,\"commentCount\":0,\"publisher\":{\"@id\":\"https:\/\/www.sonoraenequipo.com.mx\/#organization\"},\"image\":{\"@id\":\"https:\/\/www.sonoraenequipo.com.mx\/llaman-a-fira-a-reinstalar-trabajadores-despedidos-por-crear-sindicato\/#primaryimage\"},\"thumbnailUrl\":\"https:\/\/www.sonoraenequipo.com.mx\/storage\/2019\/11\/campo-mexicano_opt.jpg\",\"articleSection\":[\"Rep\u00fablica\"],\"inLanguage\":\"es\",\"potentialAction\":[{\"@type\":\"CommentAction\",\"name\":\"Comment\",\"target\":[\"https:\/\/www.sonoraenequipo.com.mx\/llaman-a-fira-a-reinstalar-trabajadores-despedidos-por-crear-sindicato\/#respond\"]}]},{\"@type\":\"WebPage\",\"@id\":\"https:\/\/www.sonoraenequipo.com.mx\/llaman-a-fira-a-reinstalar-trabajadores-despedidos-por-crear-sindicato\/\",\"url\":\"https:\/\/www.sonoraenequipo.com.mx\/llaman-a-fira-a-reinstalar-trabajadores-despedidos-por-crear-sindicato\/\",\"name\":\"Sonora en Equipo. Llaman a FIRA a reinstalar trabajadores despedidos por crear sindicato Rep\u00fablica\",\"isPartOf\":{\"@id\":\"https:\/\/www.sonoraenequipo.com.mx\/#website\"},\"primaryImageOfPage\":{\"@id\":\"https:\/\/www.sonoraenequipo.com.mx\/llaman-a-fira-a-reinstalar-trabajadores-despedidos-por-crear-sindicato\/#primaryimage\"},\"image\":{\"@id\":\"https:\/\/www.sonoraenequipo.com.mx\/llaman-a-fira-a-reinstalar-trabajadores-despedidos-por-crear-sindicato\/#primaryimage\"},\"thumbnailUrl\":\"https:\/\/www.sonoraenequipo.com.mx\/storage\/2019\/11\/campo-mexicano_opt.jpg\",\"datePublished\":\"2019-11-23T03:36:47+00:00\",\"description\":\"MORELIA, MICHOAC\u00c1N. MX. \u2014 El Congreso de Michoac\u00e1n exhort\u00f3 a Jes\u00fas Alan Elizondo Flores, director general de Fideicomisos Instituidos en Relaci\u00f3n con la En Sonora en Equipo publicamos toda la informaci\u00f3n de Sonora, M\u00e9xico y el Mundo de manera oportuna y busca que la libertad de expresi\u00f3n sea real. Visita nuestro medio informativo publicado desde Hermosillo, Sonora. %\",\"breadcrumb\":{\"@id\":\"https:\/\/www.sonoraenequipo.com.mx\/llaman-a-fira-a-reinstalar-trabajadores-despedidos-por-crear-sindicato\/#breadcrumb\"},\"inLanguage\":\"es\",\"potentialAction\":[{\"@type\":\"ReadAction\",\"target\":[\"https:\/\/www.sonoraenequipo.com.mx\/llaman-a-fira-a-reinstalar-trabajadores-despedidos-por-crear-sindicato\/\"]}]},{\"@type\":\"ImageObject\",\"inLanguage\":\"es\",\"@id\":\"https:\/\/www.sonoraenequipo.com.mx\/llaman-a-fira-a-reinstalar-trabajadores-despedidos-por-crear-sindicato\/#primaryimage\",\"url\":\"https:\/\/www.sonoraenequipo.com.mx\/storage\/2019\/11\/campo-mexicano_opt.jpg\",\"contentUrl\":\"https:\/\/www.sonoraenequipo.com.mx\/storage\/2019\/11\/campo-mexicano_opt.jpg\",\"width\":606,\"height\":400},{\"@type\":\"BreadcrumbList\",\"@id\":\"https:\/\/www.sonoraenequipo.com.mx\/llaman-a-fira-a-reinstalar-trabajadores-despedidos-por-crear-sindicato\/#breadcrumb\",\"itemListElement\":[{\"@type\":\"ListItem\",\"position\":1,\"name\":\"Portada\",\"item\":\"https:\/\/www.sonoraenequipo.com.mx\/\"},{\"@type\":\"ListItem\",\"position\":2,\"name\":\"Llaman a FIRA a reinstalar trabajadores despedidos por crear sindicato\"}]},{\"@type\":\"WebSite\",\"@id\":\"https:\/\/www.sonoraenequipo.com.mx\/#website\",\"url\":\"https:\/\/www.sonoraenequipo.com.mx\/\",\"name\":\"Sonora en Equipo.\",\"description\":\"Diario en l\u00ednea con Noticias desde Hermosillo, Sonora\",\"publisher\":{\"@id\":\"https:\/\/www.sonoraenequipo.com.mx\/#organization\"},\"potentialAction\":[{\"@type\":\"SearchAction\",\"target\":{\"@type\":\"EntryPoint\",\"urlTemplate\":\"https:\/\/www.sonoraenequipo.com.mx\/?s={search_term_string}\"},\"query-input\":{\"@type\":\"PropertyValueSpecification\",\"valueRequired\":true,\"valueName\":\"search_term_string\"}}],\"inLanguage\":\"es\"},{\"@type\":\"Organization\",\"@id\":\"https:\/\/www.sonoraenequipo.com.mx\/#organization\",\"name\":\"Sonoraenequipo.com.mx\",\"url\":\"https:\/\/www.sonoraenequipo.com.mx\/\",\"logo\":{\"@type\":\"ImageObject\",\"inLanguage\":\"es\",\"@id\":\"https:\/\/www.sonoraenequipo.com.mx\/#\/schema\/logo\/image\/\",\"url\":\"https:\/\/www.sonoraenequipo.com.mx\/storage\/2019\/01\/sonoraenequipo_opt.png\",\"contentUrl\":\"https:\/\/www.sonoraenequipo.com.mx\/storage\/2019\/01\/sonoraenequipo_opt.png\",\"width\":375,\"height\":125,\"caption\":\"Sonoraenequipo.com.mx\"},\"image\":{\"@id\":\"https:\/\/www.sonoraenequipo.com.mx\/#\/schema\/logo\/image\/\"},\"sameAs\":[\"https:\/\/www.facebook.com\/SonoraEE\/\",\"https:\/\/x.com\/sonoraenequipo\",\"https:\/\/www.youtube.com\/channel\/UC338nW-lPEYmJQs4ZABQ1SQ\"]},{\"@type\":\"Person\",\"@id\":\"https:\/\/www.sonoraenequipo.com.mx\/#\/schema\/person\/50102df0fb23a8fa9e8effad8fa81386\",\"name\":\"enequipo\",\"image\":{\"@type\":\"ImageObject\",\"inLanguage\":\"es\",\"@id\":\"https:\/\/www.sonoraenequipo.com.mx\/#\/schema\/person\/image\/\",\"url\":\"https:\/\/secure.gravatar.com\/avatar\/049821681b589dabc0bc20695993ccebb09f5b5d4d790cd9251b97faac7c652b?s=96&d=blank&r=g\",\"contentUrl\":\"https:\/\/secure.gravatar.com\/avatar\/049821681b589dabc0bc20695993ccebb09f5b5d4d790cd9251b97faac7c652b?s=96&d=blank&r=g\",\"caption\":\"enequipo\"},\"sameAs\":[\"https:\/\/www.facebook.com\/SonoraEE\"]}]}<\/script>\n ","yoast_head_json":{"title":"Sonora en Equipo. Llaman a FIRA a reinstalar trabajadores despedidos por crear sindicato Rep\u00fablica","description":"MORELIA, MICHOAC\u00c1N. MX. \u2014 El Congreso de Michoac\u00e1n exhort\u00f3 a Jes\u00fas Alan Elizondo Flores, director general de Fideicomisos Instituidos en Relaci\u00f3n con la En Sonora en Equipo publicamos toda la informaci\u00f3n de Sonora, M\u00e9xico y el Mundo de manera oportuna y busca que la libertad de expresi\u00f3n sea real. Visita nuestro medio informativo publicado desde Hermosillo, Sonora. %","robots":{"index":"index","follow":"follow","max-snippet":"max-snippet:-1","max-image-preview":"max-image-preview:large","max-video-preview":"max-video-preview:-1"},"canonical":"https:\/\/www.sonoraenequipo.com.mx\/llaman-a-fira-a-reinstalar-trabajadores-despedidos-por-crear-sindicato\/","og_locale":"es_ES","og_type":"article","og_title":"Sonora en Equipo. Llaman a FIRA a reinstalar trabajadores despedidos por crear sindicato Rep\u00fablica","og_description":"MORELIA, MICHOAC\u00c1N. MX. \u2014 El Congreso de Michoac\u00e1n exhort\u00f3 a Jes\u00fas Alan Elizondo Flores, director general de Fideicomisos Instituidos en Relaci\u00f3n con la En Sonora en Equipo publicamos toda la informaci\u00f3n de Sonora, M\u00e9xico y el Mundo de manera oportuna y busca que la libertad de expresi\u00f3n sea real. Visita nuestro medio informativo publicado desde Hermosillo, Sonora. %","og_url":"https:\/\/www.sonoraenequipo.com.mx\/llaman-a-fira-a-reinstalar-trabajadores-despedidos-por-crear-sindicato\/","og_site_name":"Sonora en Equipo.","article_publisher":"https:\/\/www.facebook.com\/SonoraEE\/","article_author":"https:\/\/www.facebook.com\/SonoraEE","article_published_time":"2019-11-23T03:36:47+00:00","og_image":[{"width":606,"height":400,"url":"https:\/\/www.sonoraenequipo.com.mx\/storage\/2019\/11\/campo-mexicano_opt.jpg","type":"image\/jpeg"}],"author":"enequipo","twitter_card":"summary_large_image","twitter_creator":"@sonoraenequipo","twitter_site":"@sonoraenequipo","twitter_misc":{"Escrito por":"enequipo","Tiempo de lectura":"2 minutos"},"schema":{"@context":"https:\/\/schema.org","@graph":[{"@type":"Article","@id":"https:\/\/www.sonoraenequipo.com.mx\/llaman-a-fira-a-reinstalar-trabajadores-despedidos-por-crear-sindicato\/#article","isPartOf":{"@id":"https:\/\/www.sonoraenequipo.com.mx\/llaman-a-fira-a-reinstalar-trabajadores-despedidos-por-crear-sindicato\/"},"author":{"name":"enequipo","@id":"https:\/\/www.sonoraenequipo.com.mx\/#\/schema\/person\/50102df0fb23a8fa9e8effad8fa81386"},"headline":"Llaman a FIRA a reinstalar trabajadores despedidos por crear sindicato","datePublished":"2019-11-23T03:36:47+00:00","mainEntityOfPage":{"@id":"https:\/\/www.sonoraenequipo.com.mx\/llaman-a-fira-a-reinstalar-trabajadores-despedidos-por-crear-sindicato\/"},"wordCount":420,"commentCount":0,"publisher":{"@id":"https:\/\/www.sonoraenequipo.com.mx\/#organization"},"image":{"@id":"https:\/\/www.sonoraenequipo.com.mx\/llaman-a-fira-a-reinstalar-trabajadores-despedidos-por-crear-sindicato\/#primaryimage"},"thumbnailUrl":"https:\/\/www.sonoraenequipo.com.mx\/storage\/2019\/11\/campo-mexicano_opt.jpg","articleSection":["Rep\u00fablica"],"inLanguage":"es","potentialAction":[{"@type":"CommentAction","name":"Comment","target":["https:\/\/www.sonoraenequipo.com.mx\/llaman-a-fira-a-reinstalar-trabajadores-despedidos-por-crear-sindicato\/#respond"]}]},{"@type":"WebPage","@id":"https:\/\/www.sonoraenequipo.com.mx\/llaman-a-fira-a-reinstalar-trabajadores-despedidos-por-crear-sindicato\/","url":"https:\/\/www.sonoraenequipo.com.mx\/llaman-a-fira-a-reinstalar-trabajadores-despedidos-por-crear-sindicato\/","name":"Sonora en Equipo. Llaman a FIRA a reinstalar trabajadores despedidos por crear sindicato Rep\u00fablica","isPartOf":{"@id":"https:\/\/www.sonoraenequipo.com.mx\/#website"},"primaryImageOfPage":{"@id":"https:\/\/www.sonoraenequipo.com.mx\/llaman-a-fira-a-reinstalar-trabajadores-despedidos-por-crear-sindicato\/#primaryimage"},"image":{"@id":"https:\/\/www.sonoraenequipo.com.mx\/llaman-a-fira-a-reinstalar-trabajadores-despedidos-por-crear-sindicato\/#primaryimage"},"thumbnailUrl":"https:\/\/www.sonoraenequipo.com.mx\/storage\/2019\/11\/campo-mexicano_opt.jpg","datePublished":"2019-11-23T03:36:47+00:00","description":"MORELIA, MICHOAC\u00c1N. MX. \u2014 El Congreso de Michoac\u00e1n exhort\u00f3 a Jes\u00fas Alan Elizondo Flores, director general de Fideicomisos Instituidos en Relaci\u00f3n con la En Sonora en Equipo publicamos toda la informaci\u00f3n de Sonora, M\u00e9xico y el Mundo de manera oportuna y busca que la libertad de expresi\u00f3n sea real. Visita nuestro medio informativo publicado desde Hermosillo, Sonora. %","breadcrumb":{"@id":"https:\/\/www.sonoraenequipo.com.mx\/llaman-a-fira-a-reinstalar-trabajadores-despedidos-por-crear-sindicato\/#breadcrumb"},"inLanguage":"es","potentialAction":[{"@type":"ReadAction","target":["https:\/\/www.sonoraenequipo.com.mx\/llaman-a-fira-a-reinstalar-trabajadores-despedidos-por-crear-sindicato\/"]}]},{"@type":"ImageObject","inLanguage":"es","@id":"https:\/\/www.sonoraenequipo.com.mx\/llaman-a-fira-a-reinstalar-trabajadores-despedidos-por-crear-sindicato\/#primaryimage","url":"https:\/\/www.sonoraenequipo.com.mx\/storage\/2019\/11\/campo-mexicano_opt.jpg","contentUrl":"https:\/\/www.sonoraenequipo.com.mx\/storage\/2019\/11\/campo-mexicano_opt.jpg","width":606,"height":400},{"@type":"BreadcrumbList","@id":"https:\/\/www.sonoraenequipo.com.mx\/llaman-a-fira-a-reinstalar-trabajadores-despedidos-por-crear-sindicato\/#breadcrumb","itemListElement":[{"@type":"ListItem","position":1,"name":"Portada","item":"https:\/\/www.sonoraenequipo.com.mx\/"},{"@type":"ListItem","position":2,"name":"Llaman a FIRA a reinstalar trabajadores despedidos por crear sindicato"}]},{"@type":"WebSite","@id":"https:\/\/www.sonoraenequipo.com.mx\/#website","url":"https:\/\/www.sonoraenequipo.com.mx\/","name":"Sonora en Equipo.","description":"Diario en l\u00ednea con Noticias desde Hermosillo, Sonora","publisher":{"@id":"https:\/\/www.sonoraenequipo.com.mx\/#organization"},"potentialAction":[{"@type":"SearchAction","target":{"@type":"EntryPoint","urlTemplate":"https:\/\/www.sonoraenequipo.com.mx\/?s={search_term_string}"},"query-input":{"@type":"PropertyValueSpecification","valueRequired":true,"valueName":"search_term_string"}}],"inLanguage":"es"},{"@type":"Organization","@id":"https:\/\/www.sonoraenequipo.com.mx\/#organization","name":"Sonoraenequipo.com.mx","url":"https:\/\/www.sonoraenequipo.com.mx\/","logo":{"@type":"ImageObject","inLanguage":"es","@id":"https:\/\/www.sonoraenequipo.com.mx\/#\/schema\/logo\/image\/","url":"https:\/\/www.sonoraenequipo.com.mx\/storage\/2019\/01\/sonoraenequipo_opt.png","contentUrl":"https:\/\/www.sonoraenequipo.com.mx\/storage\/2019\/01\/sonoraenequipo_opt.png","width":375,"height":125,"caption":"Sonoraenequipo.com.mx"},"image":{"@id":"https:\/\/www.sonoraenequipo.com.mx\/#\/schema\/logo\/image\/"},"sameAs":["https:\/\/www.facebook.com\/SonoraEE\/","https:\/\/x.com\/sonoraenequipo","https:\/\/www.youtube.com\/channel\/UC338nW-lPEYmJQs4ZABQ1SQ"]},{"@type":"Person","@id":"https:\/\/www.sonoraenequipo.com.mx\/#\/schema\/person\/50102df0fb23a8fa9e8effad8fa81386","name":"enequipo","image":{"@type":"ImageObject","inLanguage":"es","@id":"https:\/\/www.sonoraenequipo.com.mx\/#\/schema\/person\/image\/","url":"https:\/\/secure.gravatar.com\/avatar\/049821681b589dabc0bc20695993ccebb09f5b5d4d790cd9251b97faac7c652b?s=96&d=blank&r=g","contentUrl":"https:\/\/secure.gravatar.com\/avatar\/049821681b589dabc0bc20695993ccebb09f5b5d4d790cd9251b97faac7c652b?s=96&d=blank&r=g","caption":"enequipo"},"sameAs":["https:\/\/www.facebook.com\/SonoraEE"]}]}},"jetpack_featured_media_url":"https:\/\/www.sonoraenequipo.com.mx\/storage\/2019\/11\/campo-mexicano_opt.jpg","_links":{"self":[{"href":"https:\/\/www.sonoraenequipo.com.mx\/api\/wp\/v2\/posts\/72128","targetHints":{"allow":["GET"]}}],"collection":[{"href":"https:\/\/www.sonoraenequipo.com.mx\/api\/wp\/v2\/posts"}],"about":[{"href":"https:\/\/www.sonoraenequipo.com.mx\/api\/wp\/v2\/types\/post"}],"author":[{"embeddable":true,"href":"https:\/\/www.sonoraenequipo.com.mx\/api\/wp\/v2\/users\/1"}],"replies":[{"embeddable":true,"href":"https:\/\/www.sonoraenequipo.com.mx\/api\/wp\/v2\/comments?post=72128"}],"version-history":[{"count":0,"href":"https:\/\/www.sonoraenequipo.com.mx\/api\/wp\/v2\/posts\/72128\/revisions"}],"wp:featuredmedia":[{"embeddable":true,"href":"https:\/\/www.sonoraenequipo.com.mx\/api\/wp\/v2\/media\/72132"}],"wp:attachment":[{"href":"https:\/\/www.sonoraenequipo.com.mx\/api\/wp\/v2\/media?parent=72128"}],"wp:term":[{"taxonomy":"category","embeddable":true,"href":"https:\/\/www.sonoraenequipo.com.mx\/api\/wp\/v2\/categories?post=72128"},{"taxonomy":"post_tag","embeddable":true,"href":"https:\/\/www.sonoraenequipo.com.mx\/api\/wp\/v2\/tags?post=72128"}],"curies":[{"name":"wp","href":"https:\/\/api.w.org\/{rel}","templated":true}]}}