{"id":72131,"date":"2019-11-22T19:41:21","date_gmt":"2019-11-23T02:41:21","guid":{"rendered":"https:\/\/www.sonoraenequipo.com.mx\/?p=72131"},"modified":"2019-11-22T19:41:21","modified_gmt":"2019-11-23T02:41:21","slug":"unison-invita-a-la-segunda-edicion-de-expo-aves-2019-este-24-de-noviembre","status":"publish","type":"post","link":"https:\/\/www.sonoraenequipo.com.mx\/unison-invita-a-la-segunda-edicion-de-expo-aves-2019-este-24-de-noviembre\/","title":{"rendered":"Unison invita a la segunda edici\u00f3n de \u201cExpo Aves\u201d 2019 este 24 de noviembre"},"content":{"rendered":"<p>&nbsp;<\/p>\n<p>&nbsp;<\/p>\n<p>HERMOSILLO, SONORA,MX.\u2500El Departamento de Agricultura y Ganader\u00eda, en coordinaci\u00f3n con el Departamento de F\u00edsica de la Universidad de Sonora, invitan la segunda edici\u00f3n de \u201cExpo Aves 2019\u201d, a desarrollarse el pr\u00f3ximo domingo 24 de noviembre en el Centro de las Artes, en horario de 9 de la ma\u00f1ana a 3 de la tarde. <\/p>\n<p>&nbsp;<\/p>\n<p>Ana Lucia Ochoa Galv\u00e1n, vicepresidenta de la Sociedad de Alumnos de la Licenciatura en M\u00e9dico Veterinario Zootecnista de la Unison, mencion\u00f3 que est\u00e1 actividad tiene el objetivo de concientizar a la poblaci\u00f3n sobre el cuidado y manejo de las aves como animales de compa\u00f1\u00eda.<\/p>\n<p>&nbsp;<\/p>\n<p>El evento es para p\u00fablico en general, sin costo y pretende desarrollarse en un ambiente familiar, tal como la primera edici\u00f3n a la cual acudieron alrededor de 300 personas. Adem\u00e1s, el p\u00fablico asistente puede participar como expositor llevando sus aves, para ello los interesados deben comunicarse a los tel\u00e9fonos 6622060718 o visitar la cuenta de Facebook \u201cExpo Aves Sonora\u201d para el registro correspondiente.<\/p>\n<p>&nbsp;<\/p>\n<p>\u201cLes invitamos a traer sus aves, habr\u00e1 muchos m\u00e9dicos veterinarios, maestros y alumnos de la Licenciatura en Veterinaria a quienes les pueden hacer preguntas y el programa contempla conferencias, sesiones de poster, exposici\u00f3n de pintura y la exhibici\u00f3n de muchas aves como palomas mensajeras, agapornis, canarios, gallitos sedosos, kikirikis, entre otras aves de compa\u00f1\u00eda\u201d expuso Ezequiel Rodr\u00edguez J\u00e1uregui, Jefe del Departamento de F\u00edsica y organizador del evento.<\/p>\n<p>&nbsp;<\/p>\n<p>Rodr\u00edguez J\u00e1uregui, enfatiz\u00f3 que a trav\u00e9s de esta actividad se promueve en y desde la Universidad de Sonora la responsabilidad con las mascotas y el medio ambiente, \u201cesperamos que eventualmente los ni\u00f1os vean con inter\u00e9s a las aves para que sean una opci\u00f3n de mascota; ello les permitir\u00e1 distraerse sanamente y dado el compromiso, desarrollarse como personas y seres humanos responsables, ante el cuidado que ocupa una mascota\u201d.<\/p>\n<p>&nbsp;<\/p>\n<p>Por su parte Mar\u00eda Guadalupe L\u00f3pez Robles, coordinadora de la Licenciatura en M\u00e9dico Veterinario Zootecnista, destac\u00f3 que se tendr\u00e1 la presencia de un halc\u00f3n, y se brindar\u00e1 una pl\u00e1tica de c\u00f3mo dicha ave colabora para el control de la fauna nociva.<\/p>\n<p>&nbsp;<\/p>\n<p>Explic\u00f3 que el programa de conferencias estar\u00e1 a cargo de expertos y se abordar\u00e1n una serie de temas para todas aquellas personas que interesadas en los cuidados de las aves como mascota. Los temas son: Amenazas a la avicultura, enfermedad de Newcastle, Nidos de aves y su conservaci\u00f3n, Manejo de aves rapaces para control de fauna silvestre y Estructura y funci\u00f3n del vuelo de las aves.<\/p>\n<p>&nbsp;<\/p>\n<p>Ante el inter\u00e9s creciente de la poblaci\u00f3n por adoptar aves como mascotas, L\u00f3pez Robles indic\u00f3 que en la formaci\u00f3n acad\u00e9mica de los estudiantes existen materias relacionadas con aves, \u201cel programa tiene materias obligatorias respecto a las aves que son para la producci\u00f3n de huevo y carne; tambi\u00e9n hay materias optativas que<\/p>\n<p>&nbsp;<\/p>\n<p>hablan de fauna donde se atiende la tem\u00e1tica de aves; ese tipo de asignaturas son una necesidad de lo que tenemos en nuestro entorno\u201d.<\/p>\n<p>&nbsp;<\/p>\n<p>Durante la \u201cExpo Aves Sonora 2019\u201d se contar\u00e1 con la exposici\u00f3n de pintura \u201cAves que sobrevuelan sierra hu\u00e9rfana\u201d, de Mart\u00edn Cuen T\u00e1nori. Tambi\u00e9n se liberar\u00e1n palomas mensajeras, y se tiene programado el sorteo de canarios timbrado espa\u00f1ol entre los asistentes.<\/p>\n","protected":false},"excerpt":{"rendered":"<p>&nbsp; &nbsp; HERMOSILLO, SONORA,MX.\u2500El Departamento de Agricultura y Ganader\u00eda, en coordinaci\u00f3n con el Departamento de&#8230;<\/p>\n","protected":false},"author":178,"featured_media":72134,"comment_status":"open","ping_status":"open","sticky":false,"template":"","format":"standard","meta":{"_monsterinsights_skip_tracking":false,"_monsterinsights_sitenote_active":false,"_monsterinsights_sitenote_note":"","_monsterinsights_sitenote_category":0,"footnotes":""},"categories":[22],"tags":[3883],"class_list":["post"],"yoast_head":" \n<title>Sonora en Equipo. Unison invita a la segunda edici\u00f3n de \u201cExpo Aves\u201d 2019 este 24 de noviembre Sonora<\/title>\n<meta name=\"description\" content=\"&nbsp; &nbsp; HERMOSILLO, SONORA,MX.\u2500El Departamento de Agricultura y Ganader\u00eda, en coordinaci\u00f3n con el Departamento de F\u00edsica de la Universidad de En Sonora en Equipo publicamos toda la informaci\u00f3n de Sonora, M\u00e9xico y el Mundo de manera oportuna y busca que la libertad de expresi\u00f3n sea real. Visita nuestro medio informativo publicado desde Hermosillo, Sonora. %\" \/>\n<meta name=\"robots\" content=\"index, follow, max-snippet:-1, max-image-preview:large, max-video-preview:-1\" \/>\n<link rel=\"canonical\" href=\"https:\/\/www.sonoraenequipo.com.mx\/unison-invita-a-la-segunda-edicion-de-expo-aves-2019-este-24-de-noviembre\/\" \/>\n<meta property=\"og:locale\" content=\"es_ES\" \/>\n<meta property=\"og:type\" content=\"article\" \/>\n<meta property=\"og:title\" content=\"Sonora en Equipo. Unison invita a la segunda edici\u00f3n de \u201cExpo Aves\u201d 2019 este 24 de noviembre Sonora\" \/>\n<meta property=\"og:description\" content=\"&nbsp; &nbsp; HERMOSILLO, SONORA,MX.\u2500El Departamento de Agricultura y Ganader\u00eda, en coordinaci\u00f3n con el Departamento de F\u00edsica de la Universidad de En Sonora en Equipo publicamos toda la informaci\u00f3n de Sonora, M\u00e9xico y el Mundo de manera oportuna y busca que la libertad de expresi\u00f3n sea real. Visita nuestro medio informativo publicado desde Hermosillo, Sonora. %\" \/>\n<meta property=\"og:url\" content=\"https:\/\/www.sonoraenequipo.com.mx\/unison-invita-a-la-segunda-edicion-de-expo-aves-2019-este-24-de-noviembre\/\" \/>\n<meta property=\"og:site_name\" content=\"Sonora en Equipo.\" \/>\n<meta property=\"article:publisher\" content=\"https:\/\/www.facebook.com\/SonoraEE\/\" \/>\n<meta property=\"article:published_time\" content=\"2019-11-23T02:41:21+00:00\" \/>\n<meta property=\"og:image\" content=\"https:\/\/www.sonoraenequipo.com.mx\/storage\/2019\/11\/expo-aves-e1574476838983.jpg\" \/>\n\t<meta property=\"og:image:width\" content=\"600\" \/>\n\t<meta property=\"og:image:height\" content=\"400\" \/>\n\t<meta property=\"og:image:type\" content=\"image\/jpeg\" \/>\n<meta name=\"author\" content=\"enequipo\" \/>\n<meta name=\"twitter:card\" content=\"summary_large_image\" \/>\n<meta name=\"twitter:creator\" content=\"@sonoraenequipo\" \/>\n<meta name=\"twitter:site\" content=\"@sonoraenequipo\" \/>\n<meta name=\"twitter:label1\" content=\"Escrito por\" \/>\n\t<meta name=\"twitter:data1\" content=\"enequipo\" \/>\n\t<meta name=\"twitter:label2\" content=\"Tiempo de lectura\" \/>\n\t<meta name=\"twitter:data2\" content=\"3 minutos\" \/>\n<script type=\"application\/ld+json\" class=\"yoast-schema-graph\">{\"@context\":\"https:\/\/schema.org\",\"@graph\":[{\"@type\":\"Article\",\"@id\":\"https:\/\/www.sonoraenequipo.com.mx\/unison-invita-a-la-segunda-edicion-de-expo-aves-2019-este-24-de-noviembre\/#article\",\"isPartOf\":{\"@id\":\"https:\/\/www.sonoraenequipo.com.mx\/unison-invita-a-la-segunda-edicion-de-expo-aves-2019-este-24-de-noviembre\/\"},\"author\":{\"name\":\"enequipo\",\"@id\":\"https:\/\/www.sonoraenequipo.com.mx\/#\/schema\/person\/61a39de478a1763473ad55e8a95fddf6\"},\"headline\":\"Unison invita a la segunda edici\u00f3n de \u201cExpo Aves\u201d 2019 este 24 de noviembre\",\"datePublished\":\"2019-11-23T02:41:21+00:00\",\"mainEntityOfPage\":{\"@id\":\"https:\/\/www.sonoraenequipo.com.mx\/unison-invita-a-la-segunda-edicion-de-expo-aves-2019-este-24-de-noviembre\/\"},\"wordCount\":588,\"commentCount\":0,\"publisher\":{\"@id\":\"https:\/\/www.sonoraenequipo.com.mx\/#organization\"},\"image\":{\"@id\":\"https:\/\/www.sonoraenequipo.com.mx\/unison-invita-a-la-segunda-edicion-de-expo-aves-2019-este-24-de-noviembre\/#primaryimage\"},\"thumbnailUrl\":\"https:\/\/www.sonoraenequipo.com.mx\/storage\/2019\/11\/expo-aves-e1574476838983.jpg\",\"keywords\":[\"Expo Aves\"],\"articleSection\":[\"Sonora\"],\"inLanguage\":\"es\",\"potentialAction\":[{\"@type\":\"CommentAction\",\"name\":\"Comment\",\"target\":[\"https:\/\/www.sonoraenequipo.com.mx\/unison-invita-a-la-segunda-edicion-de-expo-aves-2019-este-24-de-noviembre\/#respond\"]}]},{\"@type\":\"WebPage\",\"@id\":\"https:\/\/www.sonoraenequipo.com.mx\/unison-invita-a-la-segunda-edicion-de-expo-aves-2019-este-24-de-noviembre\/\",\"url\":\"https:\/\/www.sonoraenequipo.com.mx\/unison-invita-a-la-segunda-edicion-de-expo-aves-2019-este-24-de-noviembre\/\",\"name\":\"Sonora en Equipo. Unison invita a la segunda edici\u00f3n de \u201cExpo Aves\u201d 2019 este 24 de noviembre Sonora\",\"isPartOf\":{\"@id\":\"https:\/\/www.sonoraenequipo.com.mx\/#website\"},\"primaryImageOfPage\":{\"@id\":\"https:\/\/www.sonoraenequipo.com.mx\/unison-invita-a-la-segunda-edicion-de-expo-aves-2019-este-24-de-noviembre\/#primaryimage\"},\"image\":{\"@id\":\"https:\/\/www.sonoraenequipo.com.mx\/unison-invita-a-la-segunda-edicion-de-expo-aves-2019-este-24-de-noviembre\/#primaryimage\"},\"thumbnailUrl\":\"https:\/\/www.sonoraenequipo.com.mx\/storage\/2019\/11\/expo-aves-e1574476838983.jpg\",\"datePublished\":\"2019-11-23T02:41:21+00:00\",\"description\":\"&nbsp; &nbsp; HERMOSILLO, SONORA,MX.\u2500El Departamento de Agricultura y Ganader\u00eda, en coordinaci\u00f3n con el Departamento de F\u00edsica de la Universidad de En Sonora en Equipo publicamos toda la informaci\u00f3n de Sonora, M\u00e9xico y el Mundo de manera oportuna y busca que la libertad de expresi\u00f3n sea real. Visita nuestro medio informativo publicado desde Hermosillo, Sonora. %\",\"breadcrumb\":{\"@id\":\"https:\/\/www.sonoraenequipo.com.mx\/unison-invita-a-la-segunda-edicion-de-expo-aves-2019-este-24-de-noviembre\/#breadcrumb\"},\"inLanguage\":\"es\",\"potentialAction\":[{\"@type\":\"ReadAction\",\"target\":[\"https:\/\/www.sonoraenequipo.com.mx\/unison-invita-a-la-segunda-edicion-de-expo-aves-2019-este-24-de-noviembre\/\"]}]},{\"@type\":\"ImageObject\",\"inLanguage\":\"es\",\"@id\":\"https:\/\/www.sonoraenequipo.com.mx\/unison-invita-a-la-segunda-edicion-de-expo-aves-2019-este-24-de-noviembre\/#primaryimage\",\"url\":\"https:\/\/www.sonoraenequipo.com.mx\/storage\/2019\/11\/expo-aves-e1574476838983.jpg\",\"contentUrl\":\"https:\/\/www.sonoraenequipo.com.mx\/storage\/2019\/11\/expo-aves-e1574476838983.jpg\",\"width\":600,\"height\":400},{\"@type\":\"BreadcrumbList\",\"@id\":\"https:\/\/www.sonoraenequipo.com.mx\/unison-invita-a-la-segunda-edicion-de-expo-aves-2019-este-24-de-noviembre\/#breadcrumb\",\"itemListElement\":[{\"@type\":\"ListItem\",\"position\":1,\"name\":\"Portada\",\"item\":\"https:\/\/www.sonoraenequipo.com.mx\/\"},{\"@type\":\"ListItem\",\"position\":2,\"name\":\"Unison invita a la segunda edici\u00f3n de \u201cExpo Aves\u201d 2019 este 24 de noviembre\"}]},{\"@type\":\"WebSite\",\"@id\":\"https:\/\/www.sonoraenequipo.com.mx\/#website\",\"url\":\"https:\/\/www.sonoraenequipo.com.mx\/\",\"name\":\"Sonora en Equipo.\",\"description\":\"Diario en l\u00ednea con Noticias desde Hermosillo, Sonora\",\"publisher\":{\"@id\":\"https:\/\/www.sonoraenequipo.com.mx\/#organization\"},\"potentialAction\":[{\"@type\":\"SearchAction\",\"target\":{\"@type\":\"EntryPoint\",\"urlTemplate\":\"https:\/\/www.sonoraenequipo.com.mx\/?s={search_term_string}\"},\"query-input\":{\"@type\":\"PropertyValueSpecification\",\"valueRequired\":true,\"valueName\":\"search_term_string\"}}],\"inLanguage\":\"es\"},{\"@type\":\"Organization\",\"@id\":\"https:\/\/www.sonoraenequipo.com.mx\/#organization\",\"name\":\"Sonoraenequipo.com.mx\",\"url\":\"https:\/\/www.sonoraenequipo.com.mx\/\",\"logo\":{\"@type\":\"ImageObject\",\"inLanguage\":\"es\",\"@id\":\"https:\/\/www.sonoraenequipo.com.mx\/#\/schema\/logo\/image\/\",\"url\":\"https:\/\/www.sonoraenequipo.com.mx\/storage\/2019\/01\/sonoraenequipo_opt.png\",\"contentUrl\":\"https:\/\/www.sonoraenequipo.com.mx\/storage\/2019\/01\/sonoraenequipo_opt.png\",\"width\":375,\"height\":125,\"caption\":\"Sonoraenequipo.com.mx\"},\"image\":{\"@id\":\"https:\/\/www.sonoraenequipo.com.mx\/#\/schema\/logo\/image\/\"},\"sameAs\":[\"https:\/\/www.facebook.com\/SonoraEE\/\",\"https:\/\/x.com\/sonoraenequipo\",\"https:\/\/www.youtube.com\/channel\/UC338nW-lPEYmJQs4ZABQ1SQ\"]},{\"@type\":\"Person\",\"@id\":\"https:\/\/www.sonoraenequipo.com.mx\/#\/schema\/person\/61a39de478a1763473ad55e8a95fddf6\",\"name\":\"enequipo\",\"image\":{\"@type\":\"ImageObject\",\"inLanguage\":\"es\",\"@id\":\"https:\/\/www.sonoraenequipo.com.mx\/#\/schema\/person\/image\/\",\"url\":\"https:\/\/secure.gravatar.com\/avatar\/e39bc3016d8af598aed3d770c9510dfc2795f37ea1733d99fcc6e97d2c3c9f5e?s=96&d=blank&r=g\",\"contentUrl\":\"https:\/\/secure.gravatar.com\/avatar\/e39bc3016d8af598aed3d770c9510dfc2795f37ea1733d99fcc6e97d2c3c9f5e?s=96&d=blank&r=g\",\"caption\":\"enequipo\"}}]}<\/script>\n ","yoast_head_json":{"title":"Sonora en Equipo. Unison invita a la segunda edici\u00f3n de \u201cExpo Aves\u201d 2019 este 24 de noviembre Sonora","description":"&nbsp; &nbsp; HERMOSILLO, SONORA,MX.\u2500El Departamento de Agricultura y Ganader\u00eda, en coordinaci\u00f3n con el Departamento de F\u00edsica de la Universidad de En Sonora en Equipo publicamos toda la informaci\u00f3n de Sonora, M\u00e9xico y el Mundo de manera oportuna y busca que la libertad de expresi\u00f3n sea real. Visita nuestro medio informativo publicado desde Hermosillo, Sonora. %","robots":{"index":"index","follow":"follow","max-snippet":"max-snippet:-1","max-image-preview":"max-image-preview:large","max-video-preview":"max-video-preview:-1"},"canonical":"https:\/\/www.sonoraenequipo.com.mx\/unison-invita-a-la-segunda-edicion-de-expo-aves-2019-este-24-de-noviembre\/","og_locale":"es_ES","og_type":"article","og_title":"Sonora en Equipo. Unison invita a la segunda edici\u00f3n de \u201cExpo Aves\u201d 2019 este 24 de noviembre Sonora","og_description":"&nbsp; &nbsp; HERMOSILLO, SONORA,MX.\u2500El Departamento de Agricultura y Ganader\u00eda, en coordinaci\u00f3n con el Departamento de F\u00edsica de la Universidad de En Sonora en Equipo publicamos toda la informaci\u00f3n de Sonora, M\u00e9xico y el Mundo de manera oportuna y busca que la libertad de expresi\u00f3n sea real. Visita nuestro medio informativo publicado desde Hermosillo, Sonora. %","og_url":"https:\/\/www.sonoraenequipo.com.mx\/unison-invita-a-la-segunda-edicion-de-expo-aves-2019-este-24-de-noviembre\/","og_site_name":"Sonora en Equipo.","article_publisher":"https:\/\/www.facebook.com\/SonoraEE\/","article_published_time":"2019-11-23T02:41:21+00:00","og_image":[{"width":600,"height":400,"url":"https:\/\/www.sonoraenequipo.com.mx\/storage\/2019\/11\/expo-aves-e1574476838983.jpg","type":"image\/jpeg"}],"author":"enequipo","twitter_card":"summary_large_image","twitter_creator":"@sonoraenequipo","twitter_site":"@sonoraenequipo","twitter_misc":{"Escrito por":"enequipo","Tiempo de lectura":"3 minutos"},"schema":{"@context":"https:\/\/schema.org","@graph":[{"@type":"Article","@id":"https:\/\/www.sonoraenequipo.com.mx\/unison-invita-a-la-segunda-edicion-de-expo-aves-2019-este-24-de-noviembre\/#article","isPartOf":{"@id":"https:\/\/www.sonoraenequipo.com.mx\/unison-invita-a-la-segunda-edicion-de-expo-aves-2019-este-24-de-noviembre\/"},"author":{"name":"enequipo","@id":"https:\/\/www.sonoraenequipo.com.mx\/#\/schema\/person\/61a39de478a1763473ad55e8a95fddf6"},"headline":"Unison invita a la segunda edici\u00f3n de \u201cExpo Aves\u201d 2019 este 24 de noviembre","datePublished":"2019-11-23T02:41:21+00:00","mainEntityOfPage":{"@id":"https:\/\/www.sonoraenequipo.com.mx\/unison-invita-a-la-segunda-edicion-de-expo-aves-2019-este-24-de-noviembre\/"},"wordCount":588,"commentCount":0,"publisher":{"@id":"https:\/\/www.sonoraenequipo.com.mx\/#organization"},"image":{"@id":"https:\/\/www.sonoraenequipo.com.mx\/unison-invita-a-la-segunda-edicion-de-expo-aves-2019-este-24-de-noviembre\/#primaryimage"},"thumbnailUrl":"https:\/\/www.sonoraenequipo.com.mx\/storage\/2019\/11\/expo-aves-e1574476838983.jpg","keywords":["Expo Aves"],"articleSection":["Sonora"],"inLanguage":"es","potentialAction":[{"@type":"CommentAction","name":"Comment","target":["https:\/\/www.sonoraenequipo.com.mx\/unison-invita-a-la-segunda-edicion-de-expo-aves-2019-este-24-de-noviembre\/#respond"]}]},{"@type":"WebPage","@id":"https:\/\/www.sonoraenequipo.com.mx\/unison-invita-a-la-segunda-edicion-de-expo-aves-2019-este-24-de-noviembre\/","url":"https:\/\/www.sonoraenequipo.com.mx\/unison-invita-a-la-segunda-edicion-de-expo-aves-2019-este-24-de-noviembre\/","name":"Sonora en Equipo. Unison invita a la segunda edici\u00f3n de \u201cExpo Aves\u201d 2019 este 24 de noviembre Sonora","isPartOf":{"@id":"https:\/\/www.sonoraenequipo.com.mx\/#website"},"primaryImageOfPage":{"@id":"https:\/\/www.sonoraenequipo.com.mx\/unison-invita-a-la-segunda-edicion-de-expo-aves-2019-este-24-de-noviembre\/#primaryimage"},"image":{"@id":"https:\/\/www.sonoraenequipo.com.mx\/unison-invita-a-la-segunda-edicion-de-expo-aves-2019-este-24-de-noviembre\/#primaryimage"},"thumbnailUrl":"https:\/\/www.sonoraenequipo.com.mx\/storage\/2019\/11\/expo-aves-e1574476838983.jpg","datePublished":"2019-11-23T02:41:21+00:00","description":"&nbsp; &nbsp; HERMOSILLO, SONORA,MX.\u2500El Departamento de Agricultura y Ganader\u00eda, en coordinaci\u00f3n con el Departamento de F\u00edsica de la Universidad de En Sonora en Equipo publicamos toda la informaci\u00f3n de Sonora, M\u00e9xico y el Mundo de manera oportuna y busca que la libertad de expresi\u00f3n sea real. Visita nuestro medio informativo publicado desde Hermosillo, Sonora. %","breadcrumb":{"@id":"https:\/\/www.sonoraenequipo.com.mx\/unison-invita-a-la-segunda-edicion-de-expo-aves-2019-este-24-de-noviembre\/#breadcrumb"},"inLanguage":"es","potentialAction":[{"@type":"ReadAction","target":["https:\/\/www.sonoraenequipo.com.mx\/unison-invita-a-la-segunda-edicion-de-expo-aves-2019-este-24-de-noviembre\/"]}]},{"@type":"ImageObject","inLanguage":"es","@id":"https:\/\/www.sonoraenequipo.com.mx\/unison-invita-a-la-segunda-edicion-de-expo-aves-2019-este-24-de-noviembre\/#primaryimage","url":"https:\/\/www.sonoraenequipo.com.mx\/storage\/2019\/11\/expo-aves-e1574476838983.jpg","contentUrl":"https:\/\/www.sonoraenequipo.com.mx\/storage\/2019\/11\/expo-aves-e1574476838983.jpg","width":600,"height":400},{"@type":"BreadcrumbList","@id":"https:\/\/www.sonoraenequipo.com.mx\/unison-invita-a-la-segunda-edicion-de-expo-aves-2019-este-24-de-noviembre\/#breadcrumb","itemListElement":[{"@type":"ListItem","position":1,"name":"Portada","item":"https:\/\/www.sonoraenequipo.com.mx\/"},{"@type":"ListItem","position":2,"name":"Unison invita a la segunda edici\u00f3n de \u201cExpo Aves\u201d 2019 este 24 de noviembre"}]},{"@type":"WebSite","@id":"https:\/\/www.sonoraenequipo.com.mx\/#website","url":"https:\/\/www.sonoraenequipo.com.mx\/","name":"Sonora en Equipo.","description":"Diario en l\u00ednea con Noticias desde Hermosillo, Sonora","publisher":{"@id":"https:\/\/www.sonoraenequipo.com.mx\/#organization"},"potentialAction":[{"@type":"SearchAction","target":{"@type":"EntryPoint","urlTemplate":"https:\/\/www.sonoraenequipo.com.mx\/?s={search_term_string}"},"query-input":{"@type":"PropertyValueSpecification","valueRequired":true,"valueName":"search_term_string"}}],"inLanguage":"es"},{"@type":"Organization","@id":"https:\/\/www.sonoraenequipo.com.mx\/#organization","name":"Sonoraenequipo.com.mx","url":"https:\/\/www.sonoraenequipo.com.mx\/","logo":{"@type":"ImageObject","inLanguage":"es","@id":"https:\/\/www.sonoraenequipo.com.mx\/#\/schema\/logo\/image\/","url":"https:\/\/www.sonoraenequipo.com.mx\/storage\/2019\/01\/sonoraenequipo_opt.png","contentUrl":"https:\/\/www.sonoraenequipo.com.mx\/storage\/2019\/01\/sonoraenequipo_opt.png","width":375,"height":125,"caption":"Sonoraenequipo.com.mx"},"image":{"@id":"https:\/\/www.sonoraenequipo.com.mx\/#\/schema\/logo\/image\/"},"sameAs":["https:\/\/www.facebook.com\/SonoraEE\/","https:\/\/x.com\/sonoraenequipo","https:\/\/www.youtube.com\/channel\/UC338nW-lPEYmJQs4ZABQ1SQ"]},{"@type":"Person","@id":"https:\/\/www.sonoraenequipo.com.mx\/#\/schema\/person\/61a39de478a1763473ad55e8a95fddf6","name":"enequipo","image":{"@type":"ImageObject","inLanguage":"es","@id":"https:\/\/www.sonoraenequipo.com.mx\/#\/schema\/person\/image\/","url":"https:\/\/secure.gravatar.com\/avatar\/e39bc3016d8af598aed3d770c9510dfc2795f37ea1733d99fcc6e97d2c3c9f5e?s=96&d=blank&r=g","contentUrl":"https:\/\/secure.gravatar.com\/avatar\/e39bc3016d8af598aed3d770c9510dfc2795f37ea1733d99fcc6e97d2c3c9f5e?s=96&d=blank&r=g","caption":"enequipo"}}]}},"jetpack_featured_media_url":"https:\/\/www.sonoraenequipo.com.mx\/storage\/2019\/11\/expo-aves-e1574476838983.jpg","_links":{"self":[{"href":"https:\/\/www.sonoraenequipo.com.mx\/api\/wp\/v2\/posts\/72131","targetHints":{"allow":["GET"]}}],"collection":[{"href":"https:\/\/www.sonoraenequipo.com.mx\/api\/wp\/v2\/posts"}],"about":[{"href":"https:\/\/www.sonoraenequipo.com.mx\/api\/wp\/v2\/types\/post"}],"author":[{"embeddable":true,"href":"https:\/\/www.sonoraenequipo.com.mx\/api\/wp\/v2\/users\/178"}],"replies":[{"embeddable":true,"href":"https:\/\/www.sonoraenequipo.com.mx\/api\/wp\/v2\/comments?post=72131"}],"version-history":[{"count":0,"href":"https:\/\/www.sonoraenequipo.com.mx\/api\/wp\/v2\/posts\/72131\/revisions"}],"wp:featuredmedia":[{"embeddable":true,"href":"https:\/\/www.sonoraenequipo.com.mx\/api\/wp\/v2\/media\/72134"}],"wp:attachment":[{"href":"https:\/\/www.sonoraenequipo.com.mx\/api\/wp\/v2\/media?parent=72131"}],"wp:term":[{"taxonomy":"category","embeddable":true,"href":"https:\/\/www.sonoraenequipo.com.mx\/api\/wp\/v2\/categories?post=72131"},{"taxonomy":"post_tag","embeddable":true,"href":"https:\/\/www.sonoraenequipo.com.mx\/api\/wp\/v2\/tags?post=72131"}],"curies":[{"name":"wp","href":"https:\/\/api.w.org\/{rel}","templated":true}]}}