{"id":722,"date":"2015-11-04T13:39:57","date_gmt":"2015-11-04T13:39:57","guid":{"rendered":"http:\/\/www.sonoraenequipo.com.mx\/?p=722"},"modified":"2015-11-05T22:39:59","modified_gmt":"2015-11-05T22:39:59","slug":"anuncian-la-jornada-anual-limpiando-sonora","status":"publish","type":"post","link":"https:\/\/www.sonoraenequipo.com.mx\/anuncian-la-jornada-anual-limpiando-sonora\/","title":{"rendered":"Anuncian la jornada anual \u00abLimpiando Sonora\u00bb"},"content":{"rendered":"<p>04112015. HERMOSILLO, SONORA.MX. \u2014 Para combatir enfermedades como el dengue y chikungunya en las escuelas, la Secretar\u00eda de Educaci\u00f3n y Cultura, en coordinaci\u00f3n autoridades de salud, anuncian la jornada de limpieza estatal denominada \u201cLimpiando Sonora\u201d.<\/p>\n<p> <br \/>\nActividad que se instituir\u00e1 de manera anual durante el primer s\u00e1bado del mes del noviembre y en el que estudiantes de nivel medio superior y superior del Estado, realizar\u00e1n acciones de limpieza y descacharre en espacios p\u00fablicos, y entrega de abate.<\/p>\n<p>Ernesto de Lucas Hopkins, titular de la SEC, inform\u00f3 que el arranque ser\u00e1 el s\u00e1bado 7 de noviembre, en los municipios de: Hermosillo, Cajeme, Guaymas, Navojoa, Etchojoa y Huatabampo.<\/p>\n<p>\u00abUno, que persigue el ir de la mano con los alcaldes de los diversos municipios que participan, para limpiar los espacios p\u00fablicos en parques y camellones de las principales arterias y sobre todo de las principales colonias de la entidad y, segundo, contribuir con el llamado del secretario de salud para hacer dentro de esta misma jornada de limpieza\u00bb, dijo.<\/p>\n<p>Detall\u00f3 que de inicio participar\u00e1n mil 500 estudiantes mediante horas de servicio social.<\/p>\n<p>Pidi\u00f3 la solidaridad de la poblaci\u00f3n para sumarse a estas acciones, tras el descuido en la pasada administraci\u00f3n aunado con las lluvias.<\/p>\n<p>El secretario de salud, Gilberto Ungson Beltr\u00e1n, indic\u00f3 que actualmente se cuenta con un presupuesto de 25 millones de pesos para acciones contra el dengue, pero se ha solicitado se incremente cinco veces m\u00e1s.<\/p>\n","protected":false},"excerpt":{"rendered":"<p>04112015. HERMOSILLO, SONORA.MX. \u2014 Para combatir enfermedades como el dengue y chikungunya en las escuelas,&#8230;<\/p>\n","protected":false},"author":1,"featured_media":0,"comment_status":"open","ping_status":"open","sticky":false,"template":"","format":"standard","meta":{"_monsterinsights_skip_tracking":false,"_monsterinsights_sitenote_active":false,"_monsterinsights_sitenote_note":"","_monsterinsights_sitenote_category":0,"footnotes":""},"categories":[13,22],"tags":[779,780],"class_list":["post"],"yoast_head":" \n<title>Sonora en Equipo. Anuncian la jornada anual &quot;Limpiando Sonora&quot;<\/title>\n<meta name=\"description\" content=\"04112015. HERMOSILLO, SONORA.MX. \u2014 Para combatir enfermedades como el dengue y chikungunya en las escuelas, la Secretar\u00eda de Educaci\u00f3n y Cultura, en En Sonora en Equipo publicamos toda la informaci\u00f3n de Sonora, M\u00e9xico y el Mundo de manera oportuna y busca que la libertad de expresi\u00f3n sea real. Visita nuestro medio informativo publicado desde Hermosillo, Sonora. %\" \/>\n<meta name=\"robots\" content=\"index, follow, max-snippet:-1, max-image-preview:large, max-video-preview:-1\" \/>\n<link rel=\"canonical\" href=\"https:\/\/www.sonoraenequipo.com.mx\/anuncian-la-jornada-anual-limpiando-sonora\/\" \/>\n<meta property=\"og:locale\" content=\"es_ES\" \/>\n<meta property=\"og:type\" content=\"article\" \/>\n<meta property=\"og:title\" content=\"Sonora en Equipo. Anuncian la jornada anual &quot;Limpiando Sonora&quot;\" \/>\n<meta property=\"og:description\" content=\"04112015. HERMOSILLO, SONORA.MX. \u2014 Para combatir enfermedades como el dengue y chikungunya en las escuelas, la Secretar\u00eda de Educaci\u00f3n y Cultura, en En Sonora en Equipo publicamos toda la informaci\u00f3n de Sonora, M\u00e9xico y el Mundo de manera oportuna y busca que la libertad de expresi\u00f3n sea real. Visita nuestro medio informativo publicado desde Hermosillo, Sonora. %\" \/>\n<meta property=\"og:url\" content=\"https:\/\/www.sonoraenequipo.com.mx\/anuncian-la-jornada-anual-limpiando-sonora\/\" \/>\n<meta property=\"og:site_name\" content=\"Sonora en Equipo.\" \/>\n<meta property=\"article:publisher\" content=\"https:\/\/www.facebook.com\/SonoraEE\/\" \/>\n<meta property=\"article:author\" content=\"https:\/\/www.facebook.com\/SonoraEE\" \/>\n<meta property=\"article:published_time\" content=\"2015-11-04T13:39:57+00:00\" \/>\n<meta property=\"article:modified_time\" content=\"2015-11-05T22:39:59+00:00\" \/>\n<meta name=\"author\" content=\"enequipo\" \/>\n<meta name=\"twitter:card\" content=\"summary_large_image\" \/>\n<meta name=\"twitter:creator\" content=\"@sonoraenequipo\" \/>\n<meta name=\"twitter:site\" content=\"@sonoraenequipo\" \/>\n<meta name=\"twitter:label1\" content=\"Escrito por\" \/>\n\t<meta name=\"twitter:data1\" content=\"enequipo\" \/>\n\t<meta name=\"twitter:label2\" content=\"Tiempo de lectura\" \/>\n\t<meta name=\"twitter:data2\" content=\"1 minuto\" \/>\n<script type=\"application\/ld+json\" class=\"yoast-schema-graph\">{\"@context\":\"https:\/\/schema.org\",\"@graph\":[{\"@type\":\"Article\",\"@id\":\"https:\/\/www.sonoraenequipo.com.mx\/anuncian-la-jornada-anual-limpiando-sonora\/#article\",\"isPartOf\":{\"@id\":\"https:\/\/www.sonoraenequipo.com.mx\/anuncian-la-jornada-anual-limpiando-sonora\/\"},\"author\":{\"name\":\"enequipo\",\"@id\":\"https:\/\/www.sonoraenequipo.com.mx\/#\/schema\/person\/50102df0fb23a8fa9e8effad8fa81386\"},\"headline\":\"Anuncian la jornada anual \u00abLimpiando Sonora\u00bb\",\"datePublished\":\"2015-11-04T13:39:57+00:00\",\"dateModified\":\"2015-11-05T22:39:59+00:00\",\"mainEntityOfPage\":{\"@id\":\"https:\/\/www.sonoraenequipo.com.mx\/anuncian-la-jornada-anual-limpiando-sonora\/\"},\"wordCount\":249,\"commentCount\":0,\"publisher\":{\"@id\":\"https:\/\/www.sonoraenequipo.com.mx\/#organization\"},\"keywords\":[\"LIMPIANDO SONORA\",\"SECRETARIA DE SALUD DE SONORA. GOBIERNO DE SONORA\"],\"articleSection\":[\"Destacadas\",\"Sonora\"],\"inLanguage\":\"es\",\"potentialAction\":[{\"@type\":\"CommentAction\",\"name\":\"Comment\",\"target\":[\"https:\/\/www.sonoraenequipo.com.mx\/anuncian-la-jornada-anual-limpiando-sonora\/#respond\"]}]},{\"@type\":\"WebPage\",\"@id\":\"https:\/\/www.sonoraenequipo.com.mx\/anuncian-la-jornada-anual-limpiando-sonora\/\",\"url\":\"https:\/\/www.sonoraenequipo.com.mx\/anuncian-la-jornada-anual-limpiando-sonora\/\",\"name\":\"Sonora en Equipo. Anuncian la jornada anual \\\"Limpiando Sonora\\\"\",\"isPartOf\":{\"@id\":\"https:\/\/www.sonoraenequipo.com.mx\/#website\"},\"datePublished\":\"2015-11-04T13:39:57+00:00\",\"dateModified\":\"2015-11-05T22:39:59+00:00\",\"description\":\"04112015. HERMOSILLO, SONORA.MX. \u2014 Para combatir enfermedades como el dengue y chikungunya en las escuelas, la Secretar\u00eda de Educaci\u00f3n y Cultura, en En Sonora en Equipo publicamos toda la informaci\u00f3n de Sonora, M\u00e9xico y el Mundo de manera oportuna y busca que la libertad de expresi\u00f3n sea real. Visita nuestro medio informativo publicado desde Hermosillo, Sonora. %\",\"breadcrumb\":{\"@id\":\"https:\/\/www.sonoraenequipo.com.mx\/anuncian-la-jornada-anual-limpiando-sonora\/#breadcrumb\"},\"inLanguage\":\"es\",\"potentialAction\":[{\"@type\":\"ReadAction\",\"target\":[\"https:\/\/www.sonoraenequipo.com.mx\/anuncian-la-jornada-anual-limpiando-sonora\/\"]}]},{\"@type\":\"BreadcrumbList\",\"@id\":\"https:\/\/www.sonoraenequipo.com.mx\/anuncian-la-jornada-anual-limpiando-sonora\/#breadcrumb\",\"itemListElement\":[{\"@type\":\"ListItem\",\"position\":1,\"name\":\"Portada\",\"item\":\"https:\/\/www.sonoraenequipo.com.mx\/\"},{\"@type\":\"ListItem\",\"position\":2,\"name\":\"Anuncian la jornada anual \u00abLimpiando Sonora\u00bb\"}]},{\"@type\":\"WebSite\",\"@id\":\"https:\/\/www.sonoraenequipo.com.mx\/#website\",\"url\":\"https:\/\/www.sonoraenequipo.com.mx\/\",\"name\":\"Sonora en Equipo.\",\"description\":\"Diario en l\u00ednea con Noticias desde Hermosillo, Sonora\",\"publisher\":{\"@id\":\"https:\/\/www.sonoraenequipo.com.mx\/#organization\"},\"potentialAction\":[{\"@type\":\"SearchAction\",\"target\":{\"@type\":\"EntryPoint\",\"urlTemplate\":\"https:\/\/www.sonoraenequipo.com.mx\/?s={search_term_string}\"},\"query-input\":{\"@type\":\"PropertyValueSpecification\",\"valueRequired\":true,\"valueName\":\"search_term_string\"}}],\"inLanguage\":\"es\"},{\"@type\":\"Organization\",\"@id\":\"https:\/\/www.sonoraenequipo.com.mx\/#organization\",\"name\":\"Sonoraenequipo.com.mx\",\"url\":\"https:\/\/www.sonoraenequipo.com.mx\/\",\"logo\":{\"@type\":\"ImageObject\",\"inLanguage\":\"es\",\"@id\":\"https:\/\/www.sonoraenequipo.com.mx\/#\/schema\/logo\/image\/\",\"url\":\"https:\/\/www.sonoraenequipo.com.mx\/storage\/2019\/01\/sonoraenequipo_opt.png\",\"contentUrl\":\"https:\/\/www.sonoraenequipo.com.mx\/storage\/2019\/01\/sonoraenequipo_opt.png\",\"width\":375,\"height\":125,\"caption\":\"Sonoraenequipo.com.mx\"},\"image\":{\"@id\":\"https:\/\/www.sonoraenequipo.com.mx\/#\/schema\/logo\/image\/\"},\"sameAs\":[\"https:\/\/www.facebook.com\/SonoraEE\/\",\"https:\/\/x.com\/sonoraenequipo\",\"https:\/\/www.youtube.com\/channel\/UC338nW-lPEYmJQs4ZABQ1SQ\"]},{\"@type\":\"Person\",\"@id\":\"https:\/\/www.sonoraenequipo.com.mx\/#\/schema\/person\/50102df0fb23a8fa9e8effad8fa81386\",\"name\":\"enequipo\",\"image\":{\"@type\":\"ImageObject\",\"inLanguage\":\"es\",\"@id\":\"https:\/\/www.sonoraenequipo.com.mx\/#\/schema\/person\/image\/\",\"url\":\"https:\/\/secure.gravatar.com\/avatar\/049821681b589dabc0bc20695993ccebb09f5b5d4d790cd9251b97faac7c652b?s=96&d=blank&r=g\",\"contentUrl\":\"https:\/\/secure.gravatar.com\/avatar\/049821681b589dabc0bc20695993ccebb09f5b5d4d790cd9251b97faac7c652b?s=96&d=blank&r=g\",\"caption\":\"enequipo\"},\"sameAs\":[\"https:\/\/www.facebook.com\/SonoraEE\"]}]}<\/script>\n ","yoast_head_json":{"title":"Sonora en Equipo. Anuncian la jornada anual \"Limpiando Sonora\"","description":"04112015. HERMOSILLO, SONORA.MX. \u2014 Para combatir enfermedades como el dengue y chikungunya en las escuelas, la Secretar\u00eda de Educaci\u00f3n y Cultura, en En Sonora en Equipo publicamos toda la informaci\u00f3n de Sonora, M\u00e9xico y el Mundo de manera oportuna y busca que la libertad de expresi\u00f3n sea real. Visita nuestro medio informativo publicado desde Hermosillo, Sonora. %","robots":{"index":"index","follow":"follow","max-snippet":"max-snippet:-1","max-image-preview":"max-image-preview:large","max-video-preview":"max-video-preview:-1"},"canonical":"https:\/\/www.sonoraenequipo.com.mx\/anuncian-la-jornada-anual-limpiando-sonora\/","og_locale":"es_ES","og_type":"article","og_title":"Sonora en Equipo. Anuncian la jornada anual \"Limpiando Sonora\"","og_description":"04112015. HERMOSILLO, SONORA.MX. \u2014 Para combatir enfermedades como el dengue y chikungunya en las escuelas, la Secretar\u00eda de Educaci\u00f3n y Cultura, en En Sonora en Equipo publicamos toda la informaci\u00f3n de Sonora, M\u00e9xico y el Mundo de manera oportuna y busca que la libertad de expresi\u00f3n sea real. Visita nuestro medio informativo publicado desde Hermosillo, Sonora. %","og_url":"https:\/\/www.sonoraenequipo.com.mx\/anuncian-la-jornada-anual-limpiando-sonora\/","og_site_name":"Sonora en Equipo.","article_publisher":"https:\/\/www.facebook.com\/SonoraEE\/","article_author":"https:\/\/www.facebook.com\/SonoraEE","article_published_time":"2015-11-04T13:39:57+00:00","article_modified_time":"2015-11-05T22:39:59+00:00","author":"enequipo","twitter_card":"summary_large_image","twitter_creator":"@sonoraenequipo","twitter_site":"@sonoraenequipo","twitter_misc":{"Escrito por":"enequipo","Tiempo de lectura":"1 minuto"},"schema":{"@context":"https:\/\/schema.org","@graph":[{"@type":"Article","@id":"https:\/\/www.sonoraenequipo.com.mx\/anuncian-la-jornada-anual-limpiando-sonora\/#article","isPartOf":{"@id":"https:\/\/www.sonoraenequipo.com.mx\/anuncian-la-jornada-anual-limpiando-sonora\/"},"author":{"name":"enequipo","@id":"https:\/\/www.sonoraenequipo.com.mx\/#\/schema\/person\/50102df0fb23a8fa9e8effad8fa81386"},"headline":"Anuncian la jornada anual \u00abLimpiando Sonora\u00bb","datePublished":"2015-11-04T13:39:57+00:00","dateModified":"2015-11-05T22:39:59+00:00","mainEntityOfPage":{"@id":"https:\/\/www.sonoraenequipo.com.mx\/anuncian-la-jornada-anual-limpiando-sonora\/"},"wordCount":249,"commentCount":0,"publisher":{"@id":"https:\/\/www.sonoraenequipo.com.mx\/#organization"},"keywords":["LIMPIANDO SONORA","SECRETARIA DE SALUD DE SONORA. GOBIERNO DE SONORA"],"articleSection":["Destacadas","Sonora"],"inLanguage":"es","potentialAction":[{"@type":"CommentAction","name":"Comment","target":["https:\/\/www.sonoraenequipo.com.mx\/anuncian-la-jornada-anual-limpiando-sonora\/#respond"]}]},{"@type":"WebPage","@id":"https:\/\/www.sonoraenequipo.com.mx\/anuncian-la-jornada-anual-limpiando-sonora\/","url":"https:\/\/www.sonoraenequipo.com.mx\/anuncian-la-jornada-anual-limpiando-sonora\/","name":"Sonora en Equipo. Anuncian la jornada anual \"Limpiando Sonora\"","isPartOf":{"@id":"https:\/\/www.sonoraenequipo.com.mx\/#website"},"datePublished":"2015-11-04T13:39:57+00:00","dateModified":"2015-11-05T22:39:59+00:00","description":"04112015. HERMOSILLO, SONORA.MX. \u2014 Para combatir enfermedades como el dengue y chikungunya en las escuelas, la Secretar\u00eda de Educaci\u00f3n y Cultura, en En Sonora en Equipo publicamos toda la informaci\u00f3n de Sonora, M\u00e9xico y el Mundo de manera oportuna y busca que la libertad de expresi\u00f3n sea real. Visita nuestro medio informativo publicado desde Hermosillo, Sonora. %","breadcrumb":{"@id":"https:\/\/www.sonoraenequipo.com.mx\/anuncian-la-jornada-anual-limpiando-sonora\/#breadcrumb"},"inLanguage":"es","potentialAction":[{"@type":"ReadAction","target":["https:\/\/www.sonoraenequipo.com.mx\/anuncian-la-jornada-anual-limpiando-sonora\/"]}]},{"@type":"BreadcrumbList","@id":"https:\/\/www.sonoraenequipo.com.mx\/anuncian-la-jornada-anual-limpiando-sonora\/#breadcrumb","itemListElement":[{"@type":"ListItem","position":1,"name":"Portada","item":"https:\/\/www.sonoraenequipo.com.mx\/"},{"@type":"ListItem","position":2,"name":"Anuncian la jornada anual \u00abLimpiando Sonora\u00bb"}]},{"@type":"WebSite","@id":"https:\/\/www.sonoraenequipo.com.mx\/#website","url":"https:\/\/www.sonoraenequipo.com.mx\/","name":"Sonora en Equipo.","description":"Diario en l\u00ednea con Noticias desde Hermosillo, Sonora","publisher":{"@id":"https:\/\/www.sonoraenequipo.com.mx\/#organization"},"potentialAction":[{"@type":"SearchAction","target":{"@type":"EntryPoint","urlTemplate":"https:\/\/www.sonoraenequipo.com.mx\/?s={search_term_string}"},"query-input":{"@type":"PropertyValueSpecification","valueRequired":true,"valueName":"search_term_string"}}],"inLanguage":"es"},{"@type":"Organization","@id":"https:\/\/www.sonoraenequipo.com.mx\/#organization","name":"Sonoraenequipo.com.mx","url":"https:\/\/www.sonoraenequipo.com.mx\/","logo":{"@type":"ImageObject","inLanguage":"es","@id":"https:\/\/www.sonoraenequipo.com.mx\/#\/schema\/logo\/image\/","url":"https:\/\/www.sonoraenequipo.com.mx\/storage\/2019\/01\/sonoraenequipo_opt.png","contentUrl":"https:\/\/www.sonoraenequipo.com.mx\/storage\/2019\/01\/sonoraenequipo_opt.png","width":375,"height":125,"caption":"Sonoraenequipo.com.mx"},"image":{"@id":"https:\/\/www.sonoraenequipo.com.mx\/#\/schema\/logo\/image\/"},"sameAs":["https:\/\/www.facebook.com\/SonoraEE\/","https:\/\/x.com\/sonoraenequipo","https:\/\/www.youtube.com\/channel\/UC338nW-lPEYmJQs4ZABQ1SQ"]},{"@type":"Person","@id":"https:\/\/www.sonoraenequipo.com.mx\/#\/schema\/person\/50102df0fb23a8fa9e8effad8fa81386","name":"enequipo","image":{"@type":"ImageObject","inLanguage":"es","@id":"https:\/\/www.sonoraenequipo.com.mx\/#\/schema\/person\/image\/","url":"https:\/\/secure.gravatar.com\/avatar\/049821681b589dabc0bc20695993ccebb09f5b5d4d790cd9251b97faac7c652b?s=96&d=blank&r=g","contentUrl":"https:\/\/secure.gravatar.com\/avatar\/049821681b589dabc0bc20695993ccebb09f5b5d4d790cd9251b97faac7c652b?s=96&d=blank&r=g","caption":"enequipo"},"sameAs":["https:\/\/www.facebook.com\/SonoraEE"]}]}},"jetpack_featured_media_url":"","_links":{"self":[{"href":"https:\/\/www.sonoraenequipo.com.mx\/api\/wp\/v2\/posts\/722","targetHints":{"allow":["GET"]}}],"collection":[{"href":"https:\/\/www.sonoraenequipo.com.mx\/api\/wp\/v2\/posts"}],"about":[{"href":"https:\/\/www.sonoraenequipo.com.mx\/api\/wp\/v2\/types\/post"}],"author":[{"embeddable":true,"href":"https:\/\/www.sonoraenequipo.com.mx\/api\/wp\/v2\/users\/1"}],"replies":[{"embeddable":true,"href":"https:\/\/www.sonoraenequipo.com.mx\/api\/wp\/v2\/comments?post=722"}],"version-history":[{"count":0,"href":"https:\/\/www.sonoraenequipo.com.mx\/api\/wp\/v2\/posts\/722\/revisions"}],"wp:attachment":[{"href":"https:\/\/www.sonoraenequipo.com.mx\/api\/wp\/v2\/media?parent=722"}],"wp:term":[{"taxonomy":"category","embeddable":true,"href":"https:\/\/www.sonoraenequipo.com.mx\/api\/wp\/v2\/categories?post=722"},{"taxonomy":"post_tag","embeddable":true,"href":"https:\/\/www.sonoraenequipo.com.mx\/api\/wp\/v2\/tags?post=722"}],"curies":[{"name":"wp","href":"https:\/\/api.w.org\/{rel}","templated":true}]}}