{"id":72831,"date":"2019-12-02T15:44:57","date_gmt":"2019-12-02T22:44:57","guid":{"rendered":"https:\/\/www.sonoraenequipo.com.mx\/?p=72831"},"modified":"2019-12-02T15:44:57","modified_gmt":"2019-12-02T22:44:57","slug":"memo-ochoa-volvi-para-ser-campeon-con-america","status":"publish","type":"post","link":"https:\/\/www.sonoraenequipo.com.mx\/memo-ochoa-volvi-para-ser-campeon-con-america\/","title":{"rendered":"Memo Ochoa: volv\u00ed para ser campe\u00f3n con Am\u00e9rica"},"content":{"rendered":"<p>El sentimiento de pertenencia e identificaci\u00f3n de colores es un distintivo del futbol. As\u00ed como sus aficionados, varios jugadores demuestran el cari\u00f1o a los clubes con los que sienten mayor empat\u00eda. Para este Apertura 2019 en la LIGA BBVA MX, el regreso de Guillermo Ochoa al Am\u00e9rica fue el claro ejemplo de lo antes citado. El guardameta retorn\u00f3 al balompi\u00e9 nacional por el cari\u00f1o a su escudo, pero igualmente por una encomienda: volver a ser campe\u00f3n. <\/p>\n<p>&nbsp;<\/p>\n<p>Con Las \u00c1guilas instaladas en las Semifinales del torneo en curso, luego de una gran llave frente a Tigres y de un rendimiento de menos a m\u00e1s para el cancerbero, en charla exclusiva con \u00e9l, advirti\u00f3 directo de sus razones para volver: \u201cRegres\u00e9 al Am\u00e9rica porque quiero volver a ser campe\u00f3n con este club, ese fue mi motivo principal para retornar. A mi vuelta, me gustar\u00eda que mi familia comparta conmigo lo que significa este club\u201d.<\/p>\n<p><img loading=\"lazy\" decoding=\"async\" class=\"size-full  x-center\" src=\"https:\/\/www.sonoraenequipo.com.mx\/storage\/2019\/12\/ochoa.jpg\" alt=\"\" width=\"500\" height=\"333\" \/><\/p>\n<p>Estar lejos de casa siempre duro, genera un sentimiento especial el regresar, una especie de alivio y descanso estar en un sitio conocido desde anta\u00f1o. Para Ochoa Maga\u00f1a, atravesar los muros del Club Am\u00e9rica hace unos meses, signific\u00f3 una vor\u00e1gine de recuerdos y momentos vividos previamente. Al irse, a mediados de 2011, para probar suerte en Europa, el guardameta no sab\u00eda si alg\u00fan d\u00eda volver\u00eda.<\/p>\n<p>\u201cHan sido meses de reencuentros, quer\u00eda volver a M\u00e9xico, estar en mi tierra. Lo disfruto cada d\u00eda. El primer pensamiento que tuve al volver, fue cuando me desped\u00eda del Am\u00e9rica. Record\u00e9 mucho ese momento cuando volv\u00ed aqu\u00ed; siempre retornar aqu\u00ed es hacerlo como si esta fuera mi casa\u201d, dijo en entrevista para la LIGA BBVA MX.<\/p>\n<p>&nbsp;<\/p>\n<p>Guillermo debut\u00f3 a los 19 a\u00f1os con el cuadro de Coapa y a la misma velocidad se hizo de la titularidad, consiguiendo el t\u00edtulo del m\u00e1ximo circuito en el Clausura 2005, bajo las \u00f3rdenes de Mario Carrillo\u2026 Es una pieza infaltable para el americanismo de a\u00f1os recientes, un portero seguro y con experiencia a nivel Selecci\u00f3n Nacional (cuatro veces mundialista). En su an\u00e1lisis, encuentra varias diferencias del joven que parti\u00f3 buscando un sue\u00f1o y el hombre que regres\u00f3 a Las \u00c1guilas.<\/p>\n<p>&nbsp;<\/p>\n<p>\u201cMe fui siendo un joven con mucha hambre, con muchas ganas de comerme al mundo, ahora retorno siendo un tipo de m\u00e1s experiencia, maduro, con muchos partidos internacionales, con familia, pero todav\u00eda con ganas de seguir ganando cosas. Mi estancia en Europa no fue sencilla, pero guardo gratos recuerdos de todo lo que pas\u00e9 all\u00e1; crec\u00ed\u201d.<\/p>\n<p>CRECIMIENTO DE LA LIGA<\/p>\n<p>Despu\u00e9s de pasar por Francia, Espa\u00f1a y B\u00e9lgica, adem\u00e1s de ser referente de nuestra Liga, Ochoa es voz autorizada para desmenuzar el nivel en aumento del balompi\u00e9 nacional, la proyecci\u00f3n de elementos m\u00e1s j\u00f3venes, as\u00ed como la calidad de elementos for\u00e1neos, que marcan diferencia en la mayor\u00eda de sus clubes. Para Guillermo, el avance ha sido paulatino conforme han pasado los a\u00f1os.<\/p>\n<p>&nbsp;<\/p>\n<p>\u201cEl nivel de la LIGA MX ha mejorado, los jugadores que hay ahora en este futbol son gente de capacidad probada, se traen a muy buenos extranjeros y se sigue una evoluci\u00f3n positiva. Se ha crecido y eso es lo m\u00e1s importante, hay distintas \u00e1reas de oportunidad, pero se ha avanzado mucho si se mira hacia atr\u00e1s\u201d.<\/p>\n<p>CANTERA DEL FUTURO<\/p>\n<p>A consideraci\u00f3n del guardameta del Club Am\u00e9rica, las oportunidades tambi\u00e9n se han aumentado en su posici\u00f3n para los elementos m\u00e1s j\u00f3venes de la porter\u00eda, como Sebasti\u00e1n Jurado, que poco a poco se hacen presentes en el m\u00e1ximo circuito. \u2018Memo\u2019 record\u00f3 c\u00f3mo era antes el trabajo de Fuerzas B\u00e1sicas y el roce internacionales que incluso ahora tienen los aspirantes a seguir sus pasos.<\/p>\n<p>&nbsp;<\/p>\n<p>\u201cCreo que ahora hay una mayor exposici\u00f3n para los j\u00f3venes que son arqueros, tienen m\u00e1s oportunidades y m\u00e1s vitrinas d\u00f3nde mostrarse. Antes era m\u00e1s complicado, no hab\u00eda el apoyo que hay ahora; hoy llegan a Primera Divisi\u00f3n con mucho partidos en sus clubes, en categor\u00edas inferiores y en las Selecciones Menores. Se ha crecido mucho en ese sentido\u201d.<\/p>\n<p>Fecha de publicaci\u00f3n 02\/dic\/2019 (Ligamx)<\/p>\n<p>&nbsp;<\/p>\n","protected":false},"excerpt":{"rendered":"<p>El sentimiento de pertenencia e identificaci\u00f3n de colores es un distintivo del futbol. As\u00ed como&#8230;<\/p>\n","protected":false},"author":178,"featured_media":72838,"comment_status":"open","ping_status":"open","sticky":false,"template":"","format":"standard","meta":{"_monsterinsights_skip_tracking":false,"_monsterinsights_sitenote_active":false,"_monsterinsights_sitenote_note":"","_monsterinsights_sitenote_category":0,"footnotes":""},"categories":[10],"tags":[3913],"class_list":["post"],"yoast_head":" \n<title>Sonora en Equipo. Memo Ochoa: volv\u00ed para ser campe\u00f3n con Am\u00e9rica Deportes<\/title>\n<meta name=\"description\" content=\"El sentimiento de pertenencia e identificaci\u00f3n de colores es un distintivo del futbol. As\u00ed como sus aficionados, varios jugadores demuestran el cari\u00f1o a En Sonora en Equipo publicamos toda la informaci\u00f3n de Sonora, M\u00e9xico y el Mundo de manera oportuna y busca que la libertad de expresi\u00f3n sea real. Visita nuestro medio informativo publicado desde Hermosillo, Sonora. %\" \/>\n<meta name=\"robots\" content=\"index, follow, max-snippet:-1, max-image-preview:large, max-video-preview:-1\" \/>\n<link rel=\"canonical\" href=\"https:\/\/www.sonoraenequipo.com.mx\/memo-ochoa-volvi-para-ser-campeon-con-america\/\" \/>\n<meta property=\"og:locale\" content=\"es_ES\" \/>\n<meta property=\"og:type\" content=\"article\" \/>\n<meta property=\"og:title\" content=\"Sonora en Equipo. Memo Ochoa: volv\u00ed para ser campe\u00f3n con Am\u00e9rica Deportes\" \/>\n<meta property=\"og:description\" content=\"El sentimiento de pertenencia e identificaci\u00f3n de colores es un distintivo del futbol. As\u00ed como sus aficionados, varios jugadores demuestran el cari\u00f1o a En Sonora en Equipo publicamos toda la informaci\u00f3n de Sonora, M\u00e9xico y el Mundo de manera oportuna y busca que la libertad de expresi\u00f3n sea real. Visita nuestro medio informativo publicado desde Hermosillo, Sonora. %\" \/>\n<meta property=\"og:url\" content=\"https:\/\/www.sonoraenequipo.com.mx\/memo-ochoa-volvi-para-ser-campeon-con-america\/\" \/>\n<meta property=\"og:site_name\" content=\"Sonora en Equipo.\" \/>\n<meta property=\"article:publisher\" content=\"https:\/\/www.facebook.com\/SonoraEE\/\" \/>\n<meta property=\"article:published_time\" content=\"2019-12-02T22:44:57+00:00\" \/>\n<meta property=\"og:image\" content=\"https:\/\/www.sonoraenequipo.com.mx\/storage\/2019\/12\/ochoa2.jpg\" \/>\n\t<meta property=\"og:image:width\" content=\"500\" \/>\n\t<meta property=\"og:image:height\" content=\"333\" \/>\n\t<meta property=\"og:image:type\" content=\"image\/jpeg\" \/>\n<meta name=\"author\" content=\"enequipo\" \/>\n<meta name=\"twitter:card\" content=\"summary_large_image\" \/>\n<meta name=\"twitter:creator\" content=\"@sonoraenequipo\" \/>\n<meta name=\"twitter:site\" content=\"@sonoraenequipo\" \/>\n<meta name=\"twitter:label1\" content=\"Escrito por\" \/>\n\t<meta name=\"twitter:data1\" content=\"enequipo\" \/>\n\t<meta name=\"twitter:label2\" content=\"Tiempo de lectura\" \/>\n\t<meta name=\"twitter:data2\" content=\"4 minutos\" \/>\n<script type=\"application\/ld+json\" class=\"yoast-schema-graph\">{\"@context\":\"https:\/\/schema.org\",\"@graph\":[{\"@type\":\"Article\",\"@id\":\"https:\/\/www.sonoraenequipo.com.mx\/memo-ochoa-volvi-para-ser-campeon-con-america\/#article\",\"isPartOf\":{\"@id\":\"https:\/\/www.sonoraenequipo.com.mx\/memo-ochoa-volvi-para-ser-campeon-con-america\/\"},\"author\":{\"name\":\"enequipo\",\"@id\":\"https:\/\/www.sonoraenequipo.com.mx\/#\/schema\/person\/61a39de478a1763473ad55e8a95fddf6\"},\"headline\":\"Memo Ochoa: volv\u00ed para ser campe\u00f3n con Am\u00e9rica\",\"datePublished\":\"2019-12-02T22:44:57+00:00\",\"mainEntityOfPage\":{\"@id\":\"https:\/\/www.sonoraenequipo.com.mx\/memo-ochoa-volvi-para-ser-campeon-con-america\/\"},\"wordCount\":739,\"commentCount\":0,\"publisher\":{\"@id\":\"https:\/\/www.sonoraenequipo.com.mx\/#organization\"},\"image\":{\"@id\":\"https:\/\/www.sonoraenequipo.com.mx\/memo-ochoa-volvi-para-ser-campeon-con-america\/#primaryimage\"},\"thumbnailUrl\":\"https:\/\/www.sonoraenequipo.com.mx\/storage\/2019\/12\/ochoa2.jpg\",\"keywords\":[\"Memo Ochoa\"],\"articleSection\":[\"Deportes\"],\"inLanguage\":\"es\",\"potentialAction\":[{\"@type\":\"CommentAction\",\"name\":\"Comment\",\"target\":[\"https:\/\/www.sonoraenequipo.com.mx\/memo-ochoa-volvi-para-ser-campeon-con-america\/#respond\"]}]},{\"@type\":\"WebPage\",\"@id\":\"https:\/\/www.sonoraenequipo.com.mx\/memo-ochoa-volvi-para-ser-campeon-con-america\/\",\"url\":\"https:\/\/www.sonoraenequipo.com.mx\/memo-ochoa-volvi-para-ser-campeon-con-america\/\",\"name\":\"Sonora en Equipo. Memo Ochoa: volv\u00ed para ser campe\u00f3n con Am\u00e9rica Deportes\",\"isPartOf\":{\"@id\":\"https:\/\/www.sonoraenequipo.com.mx\/#website\"},\"primaryImageOfPage\":{\"@id\":\"https:\/\/www.sonoraenequipo.com.mx\/memo-ochoa-volvi-para-ser-campeon-con-america\/#primaryimage\"},\"image\":{\"@id\":\"https:\/\/www.sonoraenequipo.com.mx\/memo-ochoa-volvi-para-ser-campeon-con-america\/#primaryimage\"},\"thumbnailUrl\":\"https:\/\/www.sonoraenequipo.com.mx\/storage\/2019\/12\/ochoa2.jpg\",\"datePublished\":\"2019-12-02T22:44:57+00:00\",\"description\":\"El sentimiento de pertenencia e identificaci\u00f3n de colores es un distintivo del futbol. As\u00ed como sus aficionados, varios jugadores demuestran el cari\u00f1o a En Sonora en Equipo publicamos toda la informaci\u00f3n de Sonora, M\u00e9xico y el Mundo de manera oportuna y busca que la libertad de expresi\u00f3n sea real. Visita nuestro medio informativo publicado desde Hermosillo, Sonora. %\",\"breadcrumb\":{\"@id\":\"https:\/\/www.sonoraenequipo.com.mx\/memo-ochoa-volvi-para-ser-campeon-con-america\/#breadcrumb\"},\"inLanguage\":\"es\",\"potentialAction\":[{\"@type\":\"ReadAction\",\"target\":[\"https:\/\/www.sonoraenequipo.com.mx\/memo-ochoa-volvi-para-ser-campeon-con-america\/\"]}]},{\"@type\":\"ImageObject\",\"inLanguage\":\"es\",\"@id\":\"https:\/\/www.sonoraenequipo.com.mx\/memo-ochoa-volvi-para-ser-campeon-con-america\/#primaryimage\",\"url\":\"https:\/\/www.sonoraenequipo.com.mx\/storage\/2019\/12\/ochoa2.jpg\",\"contentUrl\":\"https:\/\/www.sonoraenequipo.com.mx\/storage\/2019\/12\/ochoa2.jpg\",\"width\":500,\"height\":333},{\"@type\":\"BreadcrumbList\",\"@id\":\"https:\/\/www.sonoraenequipo.com.mx\/memo-ochoa-volvi-para-ser-campeon-con-america\/#breadcrumb\",\"itemListElement\":[{\"@type\":\"ListItem\",\"position\":1,\"name\":\"Portada\",\"item\":\"https:\/\/www.sonoraenequipo.com.mx\/\"},{\"@type\":\"ListItem\",\"position\":2,\"name\":\"Memo Ochoa: volv\u00ed para ser campe\u00f3n con Am\u00e9rica\"}]},{\"@type\":\"WebSite\",\"@id\":\"https:\/\/www.sonoraenequipo.com.mx\/#website\",\"url\":\"https:\/\/www.sonoraenequipo.com.mx\/\",\"name\":\"Sonora en Equipo.\",\"description\":\"Diario en l\u00ednea con Noticias desde Hermosillo, Sonora\",\"publisher\":{\"@id\":\"https:\/\/www.sonoraenequipo.com.mx\/#organization\"},\"potentialAction\":[{\"@type\":\"SearchAction\",\"target\":{\"@type\":\"EntryPoint\",\"urlTemplate\":\"https:\/\/www.sonoraenequipo.com.mx\/?s={search_term_string}\"},\"query-input\":{\"@type\":\"PropertyValueSpecification\",\"valueRequired\":true,\"valueName\":\"search_term_string\"}}],\"inLanguage\":\"es\"},{\"@type\":\"Organization\",\"@id\":\"https:\/\/www.sonoraenequipo.com.mx\/#organization\",\"name\":\"Sonoraenequipo.com.mx\",\"url\":\"https:\/\/www.sonoraenequipo.com.mx\/\",\"logo\":{\"@type\":\"ImageObject\",\"inLanguage\":\"es\",\"@id\":\"https:\/\/www.sonoraenequipo.com.mx\/#\/schema\/logo\/image\/\",\"url\":\"https:\/\/www.sonoraenequipo.com.mx\/storage\/2019\/01\/sonoraenequipo_opt.png\",\"contentUrl\":\"https:\/\/www.sonoraenequipo.com.mx\/storage\/2019\/01\/sonoraenequipo_opt.png\",\"width\":375,\"height\":125,\"caption\":\"Sonoraenequipo.com.mx\"},\"image\":{\"@id\":\"https:\/\/www.sonoraenequipo.com.mx\/#\/schema\/logo\/image\/\"},\"sameAs\":[\"https:\/\/www.facebook.com\/SonoraEE\/\",\"https:\/\/x.com\/sonoraenequipo\",\"https:\/\/www.youtube.com\/channel\/UC338nW-lPEYmJQs4ZABQ1SQ\"]},{\"@type\":\"Person\",\"@id\":\"https:\/\/www.sonoraenequipo.com.mx\/#\/schema\/person\/61a39de478a1763473ad55e8a95fddf6\",\"name\":\"enequipo\",\"image\":{\"@type\":\"ImageObject\",\"inLanguage\":\"es\",\"@id\":\"https:\/\/www.sonoraenequipo.com.mx\/#\/schema\/person\/image\/\",\"url\":\"https:\/\/secure.gravatar.com\/avatar\/e39bc3016d8af598aed3d770c9510dfc2795f37ea1733d99fcc6e97d2c3c9f5e?s=96&d=blank&r=g\",\"contentUrl\":\"https:\/\/secure.gravatar.com\/avatar\/e39bc3016d8af598aed3d770c9510dfc2795f37ea1733d99fcc6e97d2c3c9f5e?s=96&d=blank&r=g\",\"caption\":\"enequipo\"}}]}<\/script>\n ","yoast_head_json":{"title":"Sonora en Equipo. Memo Ochoa: volv\u00ed para ser campe\u00f3n con Am\u00e9rica Deportes","description":"El sentimiento de pertenencia e identificaci\u00f3n de colores es un distintivo del futbol. As\u00ed como sus aficionados, varios jugadores demuestran el cari\u00f1o a En Sonora en Equipo publicamos toda la informaci\u00f3n de Sonora, M\u00e9xico y el Mundo de manera oportuna y busca que la libertad de expresi\u00f3n sea real. Visita nuestro medio informativo publicado desde Hermosillo, Sonora. %","robots":{"index":"index","follow":"follow","max-snippet":"max-snippet:-1","max-image-preview":"max-image-preview:large","max-video-preview":"max-video-preview:-1"},"canonical":"https:\/\/www.sonoraenequipo.com.mx\/memo-ochoa-volvi-para-ser-campeon-con-america\/","og_locale":"es_ES","og_type":"article","og_title":"Sonora en Equipo. Memo Ochoa: volv\u00ed para ser campe\u00f3n con Am\u00e9rica Deportes","og_description":"El sentimiento de pertenencia e identificaci\u00f3n de colores es un distintivo del futbol. As\u00ed como sus aficionados, varios jugadores demuestran el cari\u00f1o a En Sonora en Equipo publicamos toda la informaci\u00f3n de Sonora, M\u00e9xico y el Mundo de manera oportuna y busca que la libertad de expresi\u00f3n sea real. Visita nuestro medio informativo publicado desde Hermosillo, Sonora. %","og_url":"https:\/\/www.sonoraenequipo.com.mx\/memo-ochoa-volvi-para-ser-campeon-con-america\/","og_site_name":"Sonora en Equipo.","article_publisher":"https:\/\/www.facebook.com\/SonoraEE\/","article_published_time":"2019-12-02T22:44:57+00:00","og_image":[{"width":500,"height":333,"url":"https:\/\/www.sonoraenequipo.com.mx\/storage\/2019\/12\/ochoa2.jpg","type":"image\/jpeg"}],"author":"enequipo","twitter_card":"summary_large_image","twitter_creator":"@sonoraenequipo","twitter_site":"@sonoraenequipo","twitter_misc":{"Escrito por":"enequipo","Tiempo de lectura":"4 minutos"},"schema":{"@context":"https:\/\/schema.org","@graph":[{"@type":"Article","@id":"https:\/\/www.sonoraenequipo.com.mx\/memo-ochoa-volvi-para-ser-campeon-con-america\/#article","isPartOf":{"@id":"https:\/\/www.sonoraenequipo.com.mx\/memo-ochoa-volvi-para-ser-campeon-con-america\/"},"author":{"name":"enequipo","@id":"https:\/\/www.sonoraenequipo.com.mx\/#\/schema\/person\/61a39de478a1763473ad55e8a95fddf6"},"headline":"Memo Ochoa: volv\u00ed para ser campe\u00f3n con Am\u00e9rica","datePublished":"2019-12-02T22:44:57+00:00","mainEntityOfPage":{"@id":"https:\/\/www.sonoraenequipo.com.mx\/memo-ochoa-volvi-para-ser-campeon-con-america\/"},"wordCount":739,"commentCount":0,"publisher":{"@id":"https:\/\/www.sonoraenequipo.com.mx\/#organization"},"image":{"@id":"https:\/\/www.sonoraenequipo.com.mx\/memo-ochoa-volvi-para-ser-campeon-con-america\/#primaryimage"},"thumbnailUrl":"https:\/\/www.sonoraenequipo.com.mx\/storage\/2019\/12\/ochoa2.jpg","keywords":["Memo Ochoa"],"articleSection":["Deportes"],"inLanguage":"es","potentialAction":[{"@type":"CommentAction","name":"Comment","target":["https:\/\/www.sonoraenequipo.com.mx\/memo-ochoa-volvi-para-ser-campeon-con-america\/#respond"]}]},{"@type":"WebPage","@id":"https:\/\/www.sonoraenequipo.com.mx\/memo-ochoa-volvi-para-ser-campeon-con-america\/","url":"https:\/\/www.sonoraenequipo.com.mx\/memo-ochoa-volvi-para-ser-campeon-con-america\/","name":"Sonora en Equipo. Memo Ochoa: volv\u00ed para ser campe\u00f3n con Am\u00e9rica Deportes","isPartOf":{"@id":"https:\/\/www.sonoraenequipo.com.mx\/#website"},"primaryImageOfPage":{"@id":"https:\/\/www.sonoraenequipo.com.mx\/memo-ochoa-volvi-para-ser-campeon-con-america\/#primaryimage"},"image":{"@id":"https:\/\/www.sonoraenequipo.com.mx\/memo-ochoa-volvi-para-ser-campeon-con-america\/#primaryimage"},"thumbnailUrl":"https:\/\/www.sonoraenequipo.com.mx\/storage\/2019\/12\/ochoa2.jpg","datePublished":"2019-12-02T22:44:57+00:00","description":"El sentimiento de pertenencia e identificaci\u00f3n de colores es un distintivo del futbol. As\u00ed como sus aficionados, varios jugadores demuestran el cari\u00f1o a En Sonora en Equipo publicamos toda la informaci\u00f3n de Sonora, M\u00e9xico y el Mundo de manera oportuna y busca que la libertad de expresi\u00f3n sea real. Visita nuestro medio informativo publicado desde Hermosillo, Sonora. %","breadcrumb":{"@id":"https:\/\/www.sonoraenequipo.com.mx\/memo-ochoa-volvi-para-ser-campeon-con-america\/#breadcrumb"},"inLanguage":"es","potentialAction":[{"@type":"ReadAction","target":["https:\/\/www.sonoraenequipo.com.mx\/memo-ochoa-volvi-para-ser-campeon-con-america\/"]}]},{"@type":"ImageObject","inLanguage":"es","@id":"https:\/\/www.sonoraenequipo.com.mx\/memo-ochoa-volvi-para-ser-campeon-con-america\/#primaryimage","url":"https:\/\/www.sonoraenequipo.com.mx\/storage\/2019\/12\/ochoa2.jpg","contentUrl":"https:\/\/www.sonoraenequipo.com.mx\/storage\/2019\/12\/ochoa2.jpg","width":500,"height":333},{"@type":"BreadcrumbList","@id":"https:\/\/www.sonoraenequipo.com.mx\/memo-ochoa-volvi-para-ser-campeon-con-america\/#breadcrumb","itemListElement":[{"@type":"ListItem","position":1,"name":"Portada","item":"https:\/\/www.sonoraenequipo.com.mx\/"},{"@type":"ListItem","position":2,"name":"Memo Ochoa: volv\u00ed para ser campe\u00f3n con Am\u00e9rica"}]},{"@type":"WebSite","@id":"https:\/\/www.sonoraenequipo.com.mx\/#website","url":"https:\/\/www.sonoraenequipo.com.mx\/","name":"Sonora en Equipo.","description":"Diario en l\u00ednea con Noticias desde Hermosillo, Sonora","publisher":{"@id":"https:\/\/www.sonoraenequipo.com.mx\/#organization"},"potentialAction":[{"@type":"SearchAction","target":{"@type":"EntryPoint","urlTemplate":"https:\/\/www.sonoraenequipo.com.mx\/?s={search_term_string}"},"query-input":{"@type":"PropertyValueSpecification","valueRequired":true,"valueName":"search_term_string"}}],"inLanguage":"es"},{"@type":"Organization","@id":"https:\/\/www.sonoraenequipo.com.mx\/#organization","name":"Sonoraenequipo.com.mx","url":"https:\/\/www.sonoraenequipo.com.mx\/","logo":{"@type":"ImageObject","inLanguage":"es","@id":"https:\/\/www.sonoraenequipo.com.mx\/#\/schema\/logo\/image\/","url":"https:\/\/www.sonoraenequipo.com.mx\/storage\/2019\/01\/sonoraenequipo_opt.png","contentUrl":"https:\/\/www.sonoraenequipo.com.mx\/storage\/2019\/01\/sonoraenequipo_opt.png","width":375,"height":125,"caption":"Sonoraenequipo.com.mx"},"image":{"@id":"https:\/\/www.sonoraenequipo.com.mx\/#\/schema\/logo\/image\/"},"sameAs":["https:\/\/www.facebook.com\/SonoraEE\/","https:\/\/x.com\/sonoraenequipo","https:\/\/www.youtube.com\/channel\/UC338nW-lPEYmJQs4ZABQ1SQ"]},{"@type":"Person","@id":"https:\/\/www.sonoraenequipo.com.mx\/#\/schema\/person\/61a39de478a1763473ad55e8a95fddf6","name":"enequipo","image":{"@type":"ImageObject","inLanguage":"es","@id":"https:\/\/www.sonoraenequipo.com.mx\/#\/schema\/person\/image\/","url":"https:\/\/secure.gravatar.com\/avatar\/e39bc3016d8af598aed3d770c9510dfc2795f37ea1733d99fcc6e97d2c3c9f5e?s=96&d=blank&r=g","contentUrl":"https:\/\/secure.gravatar.com\/avatar\/e39bc3016d8af598aed3d770c9510dfc2795f37ea1733d99fcc6e97d2c3c9f5e?s=96&d=blank&r=g","caption":"enequipo"}}]}},"jetpack_featured_media_url":"https:\/\/www.sonoraenequipo.com.mx\/storage\/2019\/12\/ochoa2.jpg","_links":{"self":[{"href":"https:\/\/www.sonoraenequipo.com.mx\/api\/wp\/v2\/posts\/72831","targetHints":{"allow":["GET"]}}],"collection":[{"href":"https:\/\/www.sonoraenequipo.com.mx\/api\/wp\/v2\/posts"}],"about":[{"href":"https:\/\/www.sonoraenequipo.com.mx\/api\/wp\/v2\/types\/post"}],"author":[{"embeddable":true,"href":"https:\/\/www.sonoraenequipo.com.mx\/api\/wp\/v2\/users\/178"}],"replies":[{"embeddable":true,"href":"https:\/\/www.sonoraenequipo.com.mx\/api\/wp\/v2\/comments?post=72831"}],"version-history":[{"count":0,"href":"https:\/\/www.sonoraenequipo.com.mx\/api\/wp\/v2\/posts\/72831\/revisions"}],"wp:featuredmedia":[{"embeddable":true,"href":"https:\/\/www.sonoraenequipo.com.mx\/api\/wp\/v2\/media\/72838"}],"wp:attachment":[{"href":"https:\/\/www.sonoraenequipo.com.mx\/api\/wp\/v2\/media?parent=72831"}],"wp:term":[{"taxonomy":"category","embeddable":true,"href":"https:\/\/www.sonoraenequipo.com.mx\/api\/wp\/v2\/categories?post=72831"},{"taxonomy":"post_tag","embeddable":true,"href":"https:\/\/www.sonoraenequipo.com.mx\/api\/wp\/v2\/tags?post=72831"}],"curies":[{"name":"wp","href":"https:\/\/api.w.org\/{rel}","templated":true}]}}