{"id":73421,"date":"2019-12-08T22:34:45","date_gmt":"2019-12-09T05:34:45","guid":{"rendered":"https:\/\/www.sonoraenequipo.com.mx\/?p=73421"},"modified":"2019-12-08T14:39:16","modified_gmt":"2019-12-08T21:39:16","slug":"coronan-reina-de-belleza-a-joven-con-sindrome-de-down-en-zacatecas","status":"publish","type":"post","link":"https:\/\/www.sonoraenequipo.com.mx\/coronan-reina-de-belleza-a-joven-con-sindrome-de-down-en-zacatecas\/","title":{"rendered":"Coronan reina de belleza a joven con S\u00edndrome de Down en Zacatecas"},"content":{"rendered":"<p>GUADALUPE, ZACATECAS. MX. \u2014 Adriana Iturriaga Mauricio, de 23 a\u00f1os de edad, se convirti\u00f3 en la primera reina con S\u00edndrome de Down de la Feria Estatal de Guadalupe, en el estado de Zacatecas. Adem\u00e1s, es deportista de alto rendimiento y medallista de nataci\u00f3n en los pasados Juegos Mundiales de Verano de Olimpiadas Especiales <em>\u201cAbu Dhabi 2019\u201d.<\/em><\/p>\n<p>&nbsp;<\/p>\n<p> <\/p>\n<p>&nbsp;<\/p>\n<p>Adriana se decidi\u00f3 por participar en la competencia luego de saber que la convocatoria era inclusiva; y luego del casting para el certamen, ella result\u00f3 elegida como candidata junto con Valeria, Cecilia y Marisol.<\/p>\n<p>&nbsp;<\/p>\n<p><img loading=\"lazy\" decoding=\"async\" class=\"size-medium  x-right\" src=\"https:\/\/www.sonoraenequipo.com.mx\/storage\/2019\/12\/reina-de-belleza_opt-600x360.jpg\" alt=\"\" width=\"600\" height=\"360\" \/>El certamen establec\u00eda que para obtener la corona se deb\u00eda tener la mayor cantidad de fondos ganados por las participantes, quienes realizaron diferentes actividades para recaudar dinero. Luego de aproximadamente un mes, en el c\u00f3mputo final Adriana Iturriaga Mauricio sum\u00f3 53 mil 864 pesos y fue coronada.<\/p>\n<p>&nbsp;<\/p>\n<p>Cabe destacar que la competencia por la corona se realiza para recaudar recursos para organizaciones sociales, en este caso, la suma de dinero de Adriana se destin\u00f3 al asilo Madres del Sagrado Coraz\u00f3n de Jes\u00fas.<\/p>\n<p>&nbsp;<\/p>\n<p>Medios locales describieron que la joven Adriana lleg\u00f3 al escenario con un elegante vestido en color plata y sonriendo; adem\u00e1s, el alcalde Julio C\u00e9sar Ch\u00e1vez Padilla de Guadalupe, Zacatecas, dijo que la feria de este 2019 es hist\u00f3rica porque una persona de ejemplo de lucha y constancia fue coronada.<\/p>\n<p>&nbsp;<\/p>\n<p><em>\u201cEl orgullo es para todo Guadalupe y Zacatecas ser una feria incluyente. Ya que desde un comienzo esa es una de las encomiendas en este gobierno que est\u00e1 haciendo historia\u201d<\/em>, se\u00f1al\u00f3.<\/p>\n<p>&nbsp;<\/p>\n<p>Adem\u00e1s de su corona, Adriana recibi\u00f3 el t\u00edtulo de embajadora del Pueblo M\u00e1gico de Guadalupe; luego desfil\u00f3 sobre la pasarela y expres\u00f3 su agradecimiento por el apoyo y por hacer historia al elegirla.<\/p>\n<p>&nbsp;<\/p>\n<p>PUBLICADO EL 08\/12\/2019 \/Carolina Herrrera)<\/p>\n","protected":false},"excerpt":{"rendered":"<p>GUADALUPE, ZACATECAS. MX. \u2014 Adriana Iturriaga Mauricio, de 23 a\u00f1os de edad, se convirti\u00f3 en&#8230;<\/p>\n","protected":false},"author":1,"featured_media":73431,"comment_status":"open","ping_status":"open","sticky":false,"template":"","format":"standard","meta":{"_monsterinsights_skip_tracking":false,"_monsterinsights_sitenote_active":false,"_monsterinsights_sitenote_note":"","_monsterinsights_sitenote_category":0,"footnotes":""},"categories":[5],"tags":[],"class_list":["post"],"yoast_head":" \n<title>Sonora en Equipo. Coronan reina de belleza a joven con S\u00edndrome de Down en Zacatecas Rep\u00fablica<\/title>\n<meta name=\"description\" content=\"GUADALUPE, ZACATECAS. MX. \u2014 Adriana Iturriaga Mauricio, de 23 a\u00f1os de edad, se convirti\u00f3 en la primera reina con S\u00edndrome de Down de la Feria Estatal de En Sonora en Equipo publicamos toda la informaci\u00f3n de Sonora, M\u00e9xico y el Mundo de manera oportuna y busca que la libertad de expresi\u00f3n sea real. Visita nuestro medio informativo publicado desde Hermosillo, Sonora. %\" \/>\n<meta name=\"robots\" content=\"index, follow, max-snippet:-1, max-image-preview:large, max-video-preview:-1\" \/>\n<link rel=\"canonical\" href=\"https:\/\/www.sonoraenequipo.com.mx\/coronan-reina-de-belleza-a-joven-con-sindrome-de-down-en-zacatecas\/\" \/>\n<meta property=\"og:locale\" content=\"es_ES\" \/>\n<meta property=\"og:type\" content=\"article\" \/>\n<meta property=\"og:title\" content=\"Sonora en Equipo. Coronan reina de belleza a joven con S\u00edndrome de Down en Zacatecas Rep\u00fablica\" \/>\n<meta property=\"og:description\" content=\"GUADALUPE, ZACATECAS. MX. \u2014 Adriana Iturriaga Mauricio, de 23 a\u00f1os de edad, se convirti\u00f3 en la primera reina con S\u00edndrome de Down de la Feria Estatal de En Sonora en Equipo publicamos toda la informaci\u00f3n de Sonora, M\u00e9xico y el Mundo de manera oportuna y busca que la libertad de expresi\u00f3n sea real. Visita nuestro medio informativo publicado desde Hermosillo, Sonora. %\" \/>\n<meta property=\"og:url\" content=\"https:\/\/www.sonoraenequipo.com.mx\/coronan-reina-de-belleza-a-joven-con-sindrome-de-down-en-zacatecas\/\" \/>\n<meta property=\"og:site_name\" content=\"Sonora en Equipo.\" \/>\n<meta property=\"article:publisher\" content=\"https:\/\/www.facebook.com\/SonoraEE\/\" \/>\n<meta property=\"article:author\" content=\"https:\/\/www.facebook.com\/SonoraEE\" \/>\n<meta property=\"article:published_time\" content=\"2019-12-09T05:34:45+00:00\" \/>\n<meta property=\"og:image\" content=\"https:\/\/www.sonoraenequipo.com.mx\/storage\/2019\/12\/feria-de-guadalupe_opt.jpg\" \/>\n\t<meta property=\"og:image:width\" content=\"640\" \/>\n\t<meta property=\"og:image:height\" content=\"400\" \/>\n\t<meta property=\"og:image:type\" content=\"image\/jpeg\" \/>\n<meta name=\"author\" content=\"enequipo\" \/>\n<meta name=\"twitter:card\" content=\"summary_large_image\" \/>\n<meta name=\"twitter:creator\" content=\"@sonoraenequipo\" \/>\n<meta name=\"twitter:site\" content=\"@sonoraenequipo\" \/>\n<meta name=\"twitter:label1\" content=\"Escrito por\" \/>\n\t<meta name=\"twitter:data1\" content=\"enequipo\" \/>\n\t<meta name=\"twitter:label2\" content=\"Tiempo de lectura\" \/>\n\t<meta name=\"twitter:data2\" content=\"2 minutos\" \/>\n<script type=\"application\/ld+json\" class=\"yoast-schema-graph\">{\"@context\":\"https:\/\/schema.org\",\"@graph\":[{\"@type\":\"Article\",\"@id\":\"https:\/\/www.sonoraenequipo.com.mx\/coronan-reina-de-belleza-a-joven-con-sindrome-de-down-en-zacatecas\/#article\",\"isPartOf\":{\"@id\":\"https:\/\/www.sonoraenequipo.com.mx\/coronan-reina-de-belleza-a-joven-con-sindrome-de-down-en-zacatecas\/\"},\"author\":{\"name\":\"enequipo\",\"@id\":\"https:\/\/www.sonoraenequipo.com.mx\/#\/schema\/person\/50102df0fb23a8fa9e8effad8fa81386\"},\"headline\":\"Coronan reina de belleza a joven con S\u00edndrome de Down en Zacatecas\",\"datePublished\":\"2019-12-09T05:34:45+00:00\",\"mainEntityOfPage\":{\"@id\":\"https:\/\/www.sonoraenequipo.com.mx\/coronan-reina-de-belleza-a-joven-con-sindrome-de-down-en-zacatecas\/\"},\"wordCount\":321,\"commentCount\":0,\"publisher\":{\"@id\":\"https:\/\/www.sonoraenequipo.com.mx\/#organization\"},\"image\":{\"@id\":\"https:\/\/www.sonoraenequipo.com.mx\/coronan-reina-de-belleza-a-joven-con-sindrome-de-down-en-zacatecas\/#primaryimage\"},\"thumbnailUrl\":\"https:\/\/www.sonoraenequipo.com.mx\/storage\/2019\/12\/feria-de-guadalupe_opt.jpg\",\"articleSection\":[\"Rep\u00fablica\"],\"inLanguage\":\"es\",\"potentialAction\":[{\"@type\":\"CommentAction\",\"name\":\"Comment\",\"target\":[\"https:\/\/www.sonoraenequipo.com.mx\/coronan-reina-de-belleza-a-joven-con-sindrome-de-down-en-zacatecas\/#respond\"]}]},{\"@type\":\"WebPage\",\"@id\":\"https:\/\/www.sonoraenequipo.com.mx\/coronan-reina-de-belleza-a-joven-con-sindrome-de-down-en-zacatecas\/\",\"url\":\"https:\/\/www.sonoraenequipo.com.mx\/coronan-reina-de-belleza-a-joven-con-sindrome-de-down-en-zacatecas\/\",\"name\":\"Sonora en Equipo. Coronan reina de belleza a joven con S\u00edndrome de Down en Zacatecas Rep\u00fablica\",\"isPartOf\":{\"@id\":\"https:\/\/www.sonoraenequipo.com.mx\/#website\"},\"primaryImageOfPage\":{\"@id\":\"https:\/\/www.sonoraenequipo.com.mx\/coronan-reina-de-belleza-a-joven-con-sindrome-de-down-en-zacatecas\/#primaryimage\"},\"image\":{\"@id\":\"https:\/\/www.sonoraenequipo.com.mx\/coronan-reina-de-belleza-a-joven-con-sindrome-de-down-en-zacatecas\/#primaryimage\"},\"thumbnailUrl\":\"https:\/\/www.sonoraenequipo.com.mx\/storage\/2019\/12\/feria-de-guadalupe_opt.jpg\",\"datePublished\":\"2019-12-09T05:34:45+00:00\",\"description\":\"GUADALUPE, ZACATECAS. MX. \u2014 Adriana Iturriaga Mauricio, de 23 a\u00f1os de edad, se convirti\u00f3 en la primera reina con S\u00edndrome de Down de la Feria Estatal de En Sonora en Equipo publicamos toda la informaci\u00f3n de Sonora, M\u00e9xico y el Mundo de manera oportuna y busca que la libertad de expresi\u00f3n sea real. Visita nuestro medio informativo publicado desde Hermosillo, Sonora. %\",\"breadcrumb\":{\"@id\":\"https:\/\/www.sonoraenequipo.com.mx\/coronan-reina-de-belleza-a-joven-con-sindrome-de-down-en-zacatecas\/#breadcrumb\"},\"inLanguage\":\"es\",\"potentialAction\":[{\"@type\":\"ReadAction\",\"target\":[\"https:\/\/www.sonoraenequipo.com.mx\/coronan-reina-de-belleza-a-joven-con-sindrome-de-down-en-zacatecas\/\"]}]},{\"@type\":\"ImageObject\",\"inLanguage\":\"es\",\"@id\":\"https:\/\/www.sonoraenequipo.com.mx\/coronan-reina-de-belleza-a-joven-con-sindrome-de-down-en-zacatecas\/#primaryimage\",\"url\":\"https:\/\/www.sonoraenequipo.com.mx\/storage\/2019\/12\/feria-de-guadalupe_opt.jpg\",\"contentUrl\":\"https:\/\/www.sonoraenequipo.com.mx\/storage\/2019\/12\/feria-de-guadalupe_opt.jpg\",\"width\":640,\"height\":400},{\"@type\":\"BreadcrumbList\",\"@id\":\"https:\/\/www.sonoraenequipo.com.mx\/coronan-reina-de-belleza-a-joven-con-sindrome-de-down-en-zacatecas\/#breadcrumb\",\"itemListElement\":[{\"@type\":\"ListItem\",\"position\":1,\"name\":\"Portada\",\"item\":\"https:\/\/www.sonoraenequipo.com.mx\/\"},{\"@type\":\"ListItem\",\"position\":2,\"name\":\"Coronan reina de belleza a joven con S\u00edndrome de Down en Zacatecas\"}]},{\"@type\":\"WebSite\",\"@id\":\"https:\/\/www.sonoraenequipo.com.mx\/#website\",\"url\":\"https:\/\/www.sonoraenequipo.com.mx\/\",\"name\":\"Sonora en Equipo.\",\"description\":\"Diario en l\u00ednea con Noticias desde Hermosillo, Sonora\",\"publisher\":{\"@id\":\"https:\/\/www.sonoraenequipo.com.mx\/#organization\"},\"potentialAction\":[{\"@type\":\"SearchAction\",\"target\":{\"@type\":\"EntryPoint\",\"urlTemplate\":\"https:\/\/www.sonoraenequipo.com.mx\/?s={search_term_string}\"},\"query-input\":{\"@type\":\"PropertyValueSpecification\",\"valueRequired\":true,\"valueName\":\"search_term_string\"}}],\"inLanguage\":\"es\"},{\"@type\":\"Organization\",\"@id\":\"https:\/\/www.sonoraenequipo.com.mx\/#organization\",\"name\":\"Sonoraenequipo.com.mx\",\"url\":\"https:\/\/www.sonoraenequipo.com.mx\/\",\"logo\":{\"@type\":\"ImageObject\",\"inLanguage\":\"es\",\"@id\":\"https:\/\/www.sonoraenequipo.com.mx\/#\/schema\/logo\/image\/\",\"url\":\"https:\/\/www.sonoraenequipo.com.mx\/storage\/2019\/01\/sonoraenequipo_opt.png\",\"contentUrl\":\"https:\/\/www.sonoraenequipo.com.mx\/storage\/2019\/01\/sonoraenequipo_opt.png\",\"width\":375,\"height\":125,\"caption\":\"Sonoraenequipo.com.mx\"},\"image\":{\"@id\":\"https:\/\/www.sonoraenequipo.com.mx\/#\/schema\/logo\/image\/\"},\"sameAs\":[\"https:\/\/www.facebook.com\/SonoraEE\/\",\"https:\/\/x.com\/sonoraenequipo\",\"https:\/\/www.youtube.com\/channel\/UC338nW-lPEYmJQs4ZABQ1SQ\"]},{\"@type\":\"Person\",\"@id\":\"https:\/\/www.sonoraenequipo.com.mx\/#\/schema\/person\/50102df0fb23a8fa9e8effad8fa81386\",\"name\":\"enequipo\",\"image\":{\"@type\":\"ImageObject\",\"inLanguage\":\"es\",\"@id\":\"https:\/\/www.sonoraenequipo.com.mx\/#\/schema\/person\/image\/\",\"url\":\"https:\/\/secure.gravatar.com\/avatar\/049821681b589dabc0bc20695993ccebb09f5b5d4d790cd9251b97faac7c652b?s=96&d=blank&r=g\",\"contentUrl\":\"https:\/\/secure.gravatar.com\/avatar\/049821681b589dabc0bc20695993ccebb09f5b5d4d790cd9251b97faac7c652b?s=96&d=blank&r=g\",\"caption\":\"enequipo\"},\"sameAs\":[\"https:\/\/www.facebook.com\/SonoraEE\"]}]}<\/script>\n ","yoast_head_json":{"title":"Sonora en Equipo. Coronan reina de belleza a joven con S\u00edndrome de Down en Zacatecas Rep\u00fablica","description":"GUADALUPE, ZACATECAS. MX. \u2014 Adriana Iturriaga Mauricio, de 23 a\u00f1os de edad, se convirti\u00f3 en la primera reina con S\u00edndrome de Down de la Feria Estatal de En Sonora en Equipo publicamos toda la informaci\u00f3n de Sonora, M\u00e9xico y el Mundo de manera oportuna y busca que la libertad de expresi\u00f3n sea real. Visita nuestro medio informativo publicado desde Hermosillo, Sonora. %","robots":{"index":"index","follow":"follow","max-snippet":"max-snippet:-1","max-image-preview":"max-image-preview:large","max-video-preview":"max-video-preview:-1"},"canonical":"https:\/\/www.sonoraenequipo.com.mx\/coronan-reina-de-belleza-a-joven-con-sindrome-de-down-en-zacatecas\/","og_locale":"es_ES","og_type":"article","og_title":"Sonora en Equipo. Coronan reina de belleza a joven con S\u00edndrome de Down en Zacatecas Rep\u00fablica","og_description":"GUADALUPE, ZACATECAS. MX. \u2014 Adriana Iturriaga Mauricio, de 23 a\u00f1os de edad, se convirti\u00f3 en la primera reina con S\u00edndrome de Down de la Feria Estatal de En Sonora en Equipo publicamos toda la informaci\u00f3n de Sonora, M\u00e9xico y el Mundo de manera oportuna y busca que la libertad de expresi\u00f3n sea real. Visita nuestro medio informativo publicado desde Hermosillo, Sonora. %","og_url":"https:\/\/www.sonoraenequipo.com.mx\/coronan-reina-de-belleza-a-joven-con-sindrome-de-down-en-zacatecas\/","og_site_name":"Sonora en Equipo.","article_publisher":"https:\/\/www.facebook.com\/SonoraEE\/","article_author":"https:\/\/www.facebook.com\/SonoraEE","article_published_time":"2019-12-09T05:34:45+00:00","og_image":[{"width":640,"height":400,"url":"https:\/\/www.sonoraenequipo.com.mx\/storage\/2019\/12\/feria-de-guadalupe_opt.jpg","type":"image\/jpeg"}],"author":"enequipo","twitter_card":"summary_large_image","twitter_creator":"@sonoraenequipo","twitter_site":"@sonoraenequipo","twitter_misc":{"Escrito por":"enequipo","Tiempo de lectura":"2 minutos"},"schema":{"@context":"https:\/\/schema.org","@graph":[{"@type":"Article","@id":"https:\/\/www.sonoraenequipo.com.mx\/coronan-reina-de-belleza-a-joven-con-sindrome-de-down-en-zacatecas\/#article","isPartOf":{"@id":"https:\/\/www.sonoraenequipo.com.mx\/coronan-reina-de-belleza-a-joven-con-sindrome-de-down-en-zacatecas\/"},"author":{"name":"enequipo","@id":"https:\/\/www.sonoraenequipo.com.mx\/#\/schema\/person\/50102df0fb23a8fa9e8effad8fa81386"},"headline":"Coronan reina de belleza a joven con S\u00edndrome de Down en Zacatecas","datePublished":"2019-12-09T05:34:45+00:00","mainEntityOfPage":{"@id":"https:\/\/www.sonoraenequipo.com.mx\/coronan-reina-de-belleza-a-joven-con-sindrome-de-down-en-zacatecas\/"},"wordCount":321,"commentCount":0,"publisher":{"@id":"https:\/\/www.sonoraenequipo.com.mx\/#organization"},"image":{"@id":"https:\/\/www.sonoraenequipo.com.mx\/coronan-reina-de-belleza-a-joven-con-sindrome-de-down-en-zacatecas\/#primaryimage"},"thumbnailUrl":"https:\/\/www.sonoraenequipo.com.mx\/storage\/2019\/12\/feria-de-guadalupe_opt.jpg","articleSection":["Rep\u00fablica"],"inLanguage":"es","potentialAction":[{"@type":"CommentAction","name":"Comment","target":["https:\/\/www.sonoraenequipo.com.mx\/coronan-reina-de-belleza-a-joven-con-sindrome-de-down-en-zacatecas\/#respond"]}]},{"@type":"WebPage","@id":"https:\/\/www.sonoraenequipo.com.mx\/coronan-reina-de-belleza-a-joven-con-sindrome-de-down-en-zacatecas\/","url":"https:\/\/www.sonoraenequipo.com.mx\/coronan-reina-de-belleza-a-joven-con-sindrome-de-down-en-zacatecas\/","name":"Sonora en Equipo. Coronan reina de belleza a joven con S\u00edndrome de Down en Zacatecas Rep\u00fablica","isPartOf":{"@id":"https:\/\/www.sonoraenequipo.com.mx\/#website"},"primaryImageOfPage":{"@id":"https:\/\/www.sonoraenequipo.com.mx\/coronan-reina-de-belleza-a-joven-con-sindrome-de-down-en-zacatecas\/#primaryimage"},"image":{"@id":"https:\/\/www.sonoraenequipo.com.mx\/coronan-reina-de-belleza-a-joven-con-sindrome-de-down-en-zacatecas\/#primaryimage"},"thumbnailUrl":"https:\/\/www.sonoraenequipo.com.mx\/storage\/2019\/12\/feria-de-guadalupe_opt.jpg","datePublished":"2019-12-09T05:34:45+00:00","description":"GUADALUPE, ZACATECAS. MX. \u2014 Adriana Iturriaga Mauricio, de 23 a\u00f1os de edad, se convirti\u00f3 en la primera reina con S\u00edndrome de Down de la Feria Estatal de En Sonora en Equipo publicamos toda la informaci\u00f3n de Sonora, M\u00e9xico y el Mundo de manera oportuna y busca que la libertad de expresi\u00f3n sea real. Visita nuestro medio informativo publicado desde Hermosillo, Sonora. %","breadcrumb":{"@id":"https:\/\/www.sonoraenequipo.com.mx\/coronan-reina-de-belleza-a-joven-con-sindrome-de-down-en-zacatecas\/#breadcrumb"},"inLanguage":"es","potentialAction":[{"@type":"ReadAction","target":["https:\/\/www.sonoraenequipo.com.mx\/coronan-reina-de-belleza-a-joven-con-sindrome-de-down-en-zacatecas\/"]}]},{"@type":"ImageObject","inLanguage":"es","@id":"https:\/\/www.sonoraenequipo.com.mx\/coronan-reina-de-belleza-a-joven-con-sindrome-de-down-en-zacatecas\/#primaryimage","url":"https:\/\/www.sonoraenequipo.com.mx\/storage\/2019\/12\/feria-de-guadalupe_opt.jpg","contentUrl":"https:\/\/www.sonoraenequipo.com.mx\/storage\/2019\/12\/feria-de-guadalupe_opt.jpg","width":640,"height":400},{"@type":"BreadcrumbList","@id":"https:\/\/www.sonoraenequipo.com.mx\/coronan-reina-de-belleza-a-joven-con-sindrome-de-down-en-zacatecas\/#breadcrumb","itemListElement":[{"@type":"ListItem","position":1,"name":"Portada","item":"https:\/\/www.sonoraenequipo.com.mx\/"},{"@type":"ListItem","position":2,"name":"Coronan reina de belleza a joven con S\u00edndrome de Down en Zacatecas"}]},{"@type":"WebSite","@id":"https:\/\/www.sonoraenequipo.com.mx\/#website","url":"https:\/\/www.sonoraenequipo.com.mx\/","name":"Sonora en Equipo.","description":"Diario en l\u00ednea con Noticias desde Hermosillo, Sonora","publisher":{"@id":"https:\/\/www.sonoraenequipo.com.mx\/#organization"},"potentialAction":[{"@type":"SearchAction","target":{"@type":"EntryPoint","urlTemplate":"https:\/\/www.sonoraenequipo.com.mx\/?s={search_term_string}"},"query-input":{"@type":"PropertyValueSpecification","valueRequired":true,"valueName":"search_term_string"}}],"inLanguage":"es"},{"@type":"Organization","@id":"https:\/\/www.sonoraenequipo.com.mx\/#organization","name":"Sonoraenequipo.com.mx","url":"https:\/\/www.sonoraenequipo.com.mx\/","logo":{"@type":"ImageObject","inLanguage":"es","@id":"https:\/\/www.sonoraenequipo.com.mx\/#\/schema\/logo\/image\/","url":"https:\/\/www.sonoraenequipo.com.mx\/storage\/2019\/01\/sonoraenequipo_opt.png","contentUrl":"https:\/\/www.sonoraenequipo.com.mx\/storage\/2019\/01\/sonoraenequipo_opt.png","width":375,"height":125,"caption":"Sonoraenequipo.com.mx"},"image":{"@id":"https:\/\/www.sonoraenequipo.com.mx\/#\/schema\/logo\/image\/"},"sameAs":["https:\/\/www.facebook.com\/SonoraEE\/","https:\/\/x.com\/sonoraenequipo","https:\/\/www.youtube.com\/channel\/UC338nW-lPEYmJQs4ZABQ1SQ"]},{"@type":"Person","@id":"https:\/\/www.sonoraenequipo.com.mx\/#\/schema\/person\/50102df0fb23a8fa9e8effad8fa81386","name":"enequipo","image":{"@type":"ImageObject","inLanguage":"es","@id":"https:\/\/www.sonoraenequipo.com.mx\/#\/schema\/person\/image\/","url":"https:\/\/secure.gravatar.com\/avatar\/049821681b589dabc0bc20695993ccebb09f5b5d4d790cd9251b97faac7c652b?s=96&d=blank&r=g","contentUrl":"https:\/\/secure.gravatar.com\/avatar\/049821681b589dabc0bc20695993ccebb09f5b5d4d790cd9251b97faac7c652b?s=96&d=blank&r=g","caption":"enequipo"},"sameAs":["https:\/\/www.facebook.com\/SonoraEE"]}]}},"jetpack_featured_media_url":"https:\/\/www.sonoraenequipo.com.mx\/storage\/2019\/12\/feria-de-guadalupe_opt.jpg","_links":{"self":[{"href":"https:\/\/www.sonoraenequipo.com.mx\/api\/wp\/v2\/posts\/73421","targetHints":{"allow":["GET"]}}],"collection":[{"href":"https:\/\/www.sonoraenequipo.com.mx\/api\/wp\/v2\/posts"}],"about":[{"href":"https:\/\/www.sonoraenequipo.com.mx\/api\/wp\/v2\/types\/post"}],"author":[{"embeddable":true,"href":"https:\/\/www.sonoraenequipo.com.mx\/api\/wp\/v2\/users\/1"}],"replies":[{"embeddable":true,"href":"https:\/\/www.sonoraenequipo.com.mx\/api\/wp\/v2\/comments?post=73421"}],"version-history":[{"count":0,"href":"https:\/\/www.sonoraenequipo.com.mx\/api\/wp\/v2\/posts\/73421\/revisions"}],"wp:featuredmedia":[{"embeddable":true,"href":"https:\/\/www.sonoraenequipo.com.mx\/api\/wp\/v2\/media\/73431"}],"wp:attachment":[{"href":"https:\/\/www.sonoraenequipo.com.mx\/api\/wp\/v2\/media?parent=73421"}],"wp:term":[{"taxonomy":"category","embeddable":true,"href":"https:\/\/www.sonoraenequipo.com.mx\/api\/wp\/v2\/categories?post=73421"},{"taxonomy":"post_tag","embeddable":true,"href":"https:\/\/www.sonoraenequipo.com.mx\/api\/wp\/v2\/tags?post=73421"}],"curies":[{"name":"wp","href":"https:\/\/api.w.org\/{rel}","templated":true}]}}