{"id":73435,"date":"2019-12-08T23:49:23","date_gmt":"2019-12-09T06:49:23","guid":{"rendered":"https:\/\/www.sonoraenequipo.com.mx\/?p=73435"},"modified":"2019-12-08T14:55:02","modified_gmt":"2019-12-08T21:55:02","slug":"aumenta-en-la-capital-de-durango-el-cancer-de-estomago-por-arsenico-en-el-agua","status":"publish","type":"post","link":"https:\/\/www.sonoraenequipo.com.mx\/aumenta-en-la-capital-de-durango-el-cancer-de-estomago-por-arsenico-en-el-agua\/","title":{"rendered":"Aumenta en la capital de Durango el c\u00e1ncer de est\u00f3mago por ars\u00e9nico en el agua"},"content":{"rendered":"<p>DURANGO. MX. \u2014 Derivado de los altos niveles de ars\u00e9nico que se presentan el agua potable, se tiene que en la capital duranguense han aumentado significativamente los casos de c\u00e1ncer de est\u00f3mago que es uno de los m\u00e1s agresivos, expuso el diputado por el Partido del Trabajo (PT), Rigoberto Qui\u00f1onez Samaniego, al tiempo que afirm\u00f3 que el agua potable que llega a los hogares no es apta para que la consuman los duranguenses directamente de la llave ya que pr\u00e1cticamente los esta envenenando.<\/p>\n<p>&nbsp;<\/p>\n<p> <\/p>\n<p>&nbsp;<\/p>\n<p>Explic\u00f3 que la Organizaci\u00f3n Mundial de la Salud (OMS), se\u00f1ala que el agua puede contener hasta 15 microgramos de ars\u00e9nico, pero en Durango, el vital l\u00edquido tiene 25 microgramos lo que sin duda impacta en la salud de los duranguenses particularmente provocando el c\u00e1ncer de est\u00f3mago cuyos casos van al alza.<\/p>\n<p>&nbsp;<\/p>\n<p>El legislador coment\u00f3 que la gente m\u00e1s expuesta al consumo de estos metales pesados es la que vive en la periferia de la ciudad y en colonias populares porque desgraciadamente no siempre tienen dinero para comprar garrafones de agua purificada, entonces no tienen otra opci\u00f3n m\u00e1s que tomarla de la llave y eso es lo que pr\u00e1cticamente est\u00e1 envenenando a los duranguenses.<\/p>\n<p>&nbsp;<\/p>\n<p>Qui\u00f1ones Samaniego, dijo que es importante que los tres \u00f3rdenes de gobierno tomen cartas en el asunto y emprendan una campa\u00f1a de concientizaci\u00f3n. Finalmente dijo que ser\u00eda conveniente instalar filtros de agua en los hogares como en alg\u00fan momento se hizo en la Laguna <em>\u201cpensamos que esta situaci\u00f3n estaba muy lejos de la capital duranguense pero hoy vemos que los metales pesados como el plomo y ars\u00e9nico est\u00e1n en nuestra agua\u201d.<\/em><\/p>\n<p>&nbsp;<\/p>\n<p>PUBLICADO EL 08\/12\/2019)<\/p>\n<p>&nbsp;<\/p>\n","protected":false},"excerpt":{"rendered":"<p>DURANGO. MX. \u2014 Derivado de los altos niveles de ars\u00e9nico que se presentan el agua&#8230;<\/p>\n","protected":false},"author":1,"featured_media":73424,"comment_status":"open","ping_status":"open","sticky":false,"template":"","format":"standard","meta":{"_monsterinsights_skip_tracking":false,"_monsterinsights_sitenote_active":false,"_monsterinsights_sitenote_note":"","_monsterinsights_sitenote_category":0,"footnotes":""},"categories":[5],"tags":[],"class_list":["post"],"yoast_head":" \n<title>Sonora en Equipo. Aumenta en la capital de Durango el c\u00e1ncer de est\u00f3mago por ars\u00e9nico en el agua Rep\u00fablica<\/title>\n<meta name=\"description\" content=\"DURANGO. MX. \u2014 Derivado de los altos niveles de ars\u00e9nico que se presentan el agua potable, se tiene que en la capital duranguense han aumentado En Sonora en Equipo publicamos toda la informaci\u00f3n de Sonora, M\u00e9xico y el Mundo de manera oportuna y busca que la libertad de expresi\u00f3n sea real. Visita nuestro medio informativo publicado desde Hermosillo, Sonora. %\" \/>\n<meta name=\"robots\" content=\"index, follow, max-snippet:-1, max-image-preview:large, max-video-preview:-1\" \/>\n<link rel=\"canonical\" href=\"https:\/\/www.sonoraenequipo.com.mx\/aumenta-en-la-capital-de-durango-el-cancer-de-estomago-por-arsenico-en-el-agua\/\" \/>\n<meta property=\"og:locale\" content=\"es_ES\" \/>\n<meta property=\"og:type\" content=\"article\" \/>\n<meta property=\"og:title\" content=\"Sonora en Equipo. Aumenta en la capital de Durango el c\u00e1ncer de est\u00f3mago por ars\u00e9nico en el agua Rep\u00fablica\" \/>\n<meta property=\"og:description\" content=\"DURANGO. MX. \u2014 Derivado de los altos niveles de ars\u00e9nico que se presentan el agua potable, se tiene que en la capital duranguense han aumentado En Sonora en Equipo publicamos toda la informaci\u00f3n de Sonora, M\u00e9xico y el Mundo de manera oportuna y busca que la libertad de expresi\u00f3n sea real. Visita nuestro medio informativo publicado desde Hermosillo, Sonora. %\" \/>\n<meta property=\"og:url\" content=\"https:\/\/www.sonoraenequipo.com.mx\/aumenta-en-la-capital-de-durango-el-cancer-de-estomago-por-arsenico-en-el-agua\/\" \/>\n<meta property=\"og:site_name\" content=\"Sonora en Equipo.\" \/>\n<meta property=\"article:publisher\" content=\"https:\/\/www.facebook.com\/SonoraEE\/\" \/>\n<meta property=\"article:author\" content=\"https:\/\/www.facebook.com\/SonoraEE\" \/>\n<meta property=\"article:published_time\" content=\"2019-12-09T06:49:23+00:00\" \/>\n<meta property=\"og:image\" content=\"https:\/\/www.sonoraenequipo.com.mx\/storage\/2019\/12\/Rigoberto-Qui\u00f1onez-Samaniego_opt.jpg\" \/>\n\t<meta property=\"og:image:width\" content=\"711\" \/>\n\t<meta property=\"og:image:height\" content=\"400\" \/>\n\t<meta property=\"og:image:type\" content=\"image\/jpeg\" \/>\n<meta name=\"author\" content=\"enequipo\" \/>\n<meta name=\"twitter:card\" content=\"summary_large_image\" \/>\n<meta name=\"twitter:creator\" content=\"@sonoraenequipo\" \/>\n<meta name=\"twitter:site\" content=\"@sonoraenequipo\" \/>\n<meta name=\"twitter:label1\" content=\"Escrito por\" \/>\n\t<meta name=\"twitter:data1\" content=\"enequipo\" \/>\n\t<meta name=\"twitter:label2\" content=\"Tiempo de lectura\" \/>\n\t<meta name=\"twitter:data2\" content=\"1 minuto\" \/>\n<script type=\"application\/ld+json\" class=\"yoast-schema-graph\">{\"@context\":\"https:\/\/schema.org\",\"@graph\":[{\"@type\":\"Article\",\"@id\":\"https:\/\/www.sonoraenequipo.com.mx\/aumenta-en-la-capital-de-durango-el-cancer-de-estomago-por-arsenico-en-el-agua\/#article\",\"isPartOf\":{\"@id\":\"https:\/\/www.sonoraenequipo.com.mx\/aumenta-en-la-capital-de-durango-el-cancer-de-estomago-por-arsenico-en-el-agua\/\"},\"author\":{\"name\":\"enequipo\",\"@id\":\"https:\/\/www.sonoraenequipo.com.mx\/#\/schema\/person\/50102df0fb23a8fa9e8effad8fa81386\"},\"headline\":\"Aumenta en la capital de Durango el c\u00e1ncer de est\u00f3mago por ars\u00e9nico en el agua\",\"datePublished\":\"2019-12-09T06:49:23+00:00\",\"mainEntityOfPage\":{\"@id\":\"https:\/\/www.sonoraenequipo.com.mx\/aumenta-en-la-capital-de-durango-el-cancer-de-estomago-por-arsenico-en-el-agua\/\"},\"wordCount\":314,\"commentCount\":0,\"publisher\":{\"@id\":\"https:\/\/www.sonoraenequipo.com.mx\/#organization\"},\"image\":{\"@id\":\"https:\/\/www.sonoraenequipo.com.mx\/aumenta-en-la-capital-de-durango-el-cancer-de-estomago-por-arsenico-en-el-agua\/#primaryimage\"},\"thumbnailUrl\":\"https:\/\/www.sonoraenequipo.com.mx\/storage\/2019\/12\/Rigoberto-Qui\u00f1onez-Samaniego_opt.jpg\",\"articleSection\":[\"Rep\u00fablica\"],\"inLanguage\":\"es\",\"potentialAction\":[{\"@type\":\"CommentAction\",\"name\":\"Comment\",\"target\":[\"https:\/\/www.sonoraenequipo.com.mx\/aumenta-en-la-capital-de-durango-el-cancer-de-estomago-por-arsenico-en-el-agua\/#respond\"]}]},{\"@type\":\"WebPage\",\"@id\":\"https:\/\/www.sonoraenequipo.com.mx\/aumenta-en-la-capital-de-durango-el-cancer-de-estomago-por-arsenico-en-el-agua\/\",\"url\":\"https:\/\/www.sonoraenequipo.com.mx\/aumenta-en-la-capital-de-durango-el-cancer-de-estomago-por-arsenico-en-el-agua\/\",\"name\":\"Sonora en Equipo. Aumenta en la capital de Durango el c\u00e1ncer de est\u00f3mago por ars\u00e9nico en el agua Rep\u00fablica\",\"isPartOf\":{\"@id\":\"https:\/\/www.sonoraenequipo.com.mx\/#website\"},\"primaryImageOfPage\":{\"@id\":\"https:\/\/www.sonoraenequipo.com.mx\/aumenta-en-la-capital-de-durango-el-cancer-de-estomago-por-arsenico-en-el-agua\/#primaryimage\"},\"image\":{\"@id\":\"https:\/\/www.sonoraenequipo.com.mx\/aumenta-en-la-capital-de-durango-el-cancer-de-estomago-por-arsenico-en-el-agua\/#primaryimage\"},\"thumbnailUrl\":\"https:\/\/www.sonoraenequipo.com.mx\/storage\/2019\/12\/Rigoberto-Qui\u00f1onez-Samaniego_opt.jpg\",\"datePublished\":\"2019-12-09T06:49:23+00:00\",\"description\":\"DURANGO. MX. \u2014 Derivado de los altos niveles de ars\u00e9nico que se presentan el agua potable, se tiene que en la capital duranguense han aumentado En Sonora en Equipo publicamos toda la informaci\u00f3n de Sonora, M\u00e9xico y el Mundo de manera oportuna y busca que la libertad de expresi\u00f3n sea real. Visita nuestro medio informativo publicado desde Hermosillo, Sonora. %\",\"breadcrumb\":{\"@id\":\"https:\/\/www.sonoraenequipo.com.mx\/aumenta-en-la-capital-de-durango-el-cancer-de-estomago-por-arsenico-en-el-agua\/#breadcrumb\"},\"inLanguage\":\"es\",\"potentialAction\":[{\"@type\":\"ReadAction\",\"target\":[\"https:\/\/www.sonoraenequipo.com.mx\/aumenta-en-la-capital-de-durango-el-cancer-de-estomago-por-arsenico-en-el-agua\/\"]}]},{\"@type\":\"ImageObject\",\"inLanguage\":\"es\",\"@id\":\"https:\/\/www.sonoraenequipo.com.mx\/aumenta-en-la-capital-de-durango-el-cancer-de-estomago-por-arsenico-en-el-agua\/#primaryimage\",\"url\":\"https:\/\/www.sonoraenequipo.com.mx\/storage\/2019\/12\/Rigoberto-Qui\u00f1onez-Samaniego_opt.jpg\",\"contentUrl\":\"https:\/\/www.sonoraenequipo.com.mx\/storage\/2019\/12\/Rigoberto-Qui\u00f1onez-Samaniego_opt.jpg\",\"width\":711,\"height\":400},{\"@type\":\"BreadcrumbList\",\"@id\":\"https:\/\/www.sonoraenequipo.com.mx\/aumenta-en-la-capital-de-durango-el-cancer-de-estomago-por-arsenico-en-el-agua\/#breadcrumb\",\"itemListElement\":[{\"@type\":\"ListItem\",\"position\":1,\"name\":\"Portada\",\"item\":\"https:\/\/www.sonoraenequipo.com.mx\/\"},{\"@type\":\"ListItem\",\"position\":2,\"name\":\"Aumenta en la capital de Durango el c\u00e1ncer de est\u00f3mago por ars\u00e9nico en el agua\"}]},{\"@type\":\"WebSite\",\"@id\":\"https:\/\/www.sonoraenequipo.com.mx\/#website\",\"url\":\"https:\/\/www.sonoraenequipo.com.mx\/\",\"name\":\"Sonora en Equipo.\",\"description\":\"Diario en l\u00ednea con Noticias desde Hermosillo, Sonora\",\"publisher\":{\"@id\":\"https:\/\/www.sonoraenequipo.com.mx\/#organization\"},\"potentialAction\":[{\"@type\":\"SearchAction\",\"target\":{\"@type\":\"EntryPoint\",\"urlTemplate\":\"https:\/\/www.sonoraenequipo.com.mx\/?s={search_term_string}\"},\"query-input\":{\"@type\":\"PropertyValueSpecification\",\"valueRequired\":true,\"valueName\":\"search_term_string\"}}],\"inLanguage\":\"es\"},{\"@type\":\"Organization\",\"@id\":\"https:\/\/www.sonoraenequipo.com.mx\/#organization\",\"name\":\"Sonoraenequipo.com.mx\",\"url\":\"https:\/\/www.sonoraenequipo.com.mx\/\",\"logo\":{\"@type\":\"ImageObject\",\"inLanguage\":\"es\",\"@id\":\"https:\/\/www.sonoraenequipo.com.mx\/#\/schema\/logo\/image\/\",\"url\":\"https:\/\/www.sonoraenequipo.com.mx\/storage\/2019\/01\/sonoraenequipo_opt.png\",\"contentUrl\":\"https:\/\/www.sonoraenequipo.com.mx\/storage\/2019\/01\/sonoraenequipo_opt.png\",\"width\":375,\"height\":125,\"caption\":\"Sonoraenequipo.com.mx\"},\"image\":{\"@id\":\"https:\/\/www.sonoraenequipo.com.mx\/#\/schema\/logo\/image\/\"},\"sameAs\":[\"https:\/\/www.facebook.com\/SonoraEE\/\",\"https:\/\/x.com\/sonoraenequipo\",\"https:\/\/www.youtube.com\/channel\/UC338nW-lPEYmJQs4ZABQ1SQ\"]},{\"@type\":\"Person\",\"@id\":\"https:\/\/www.sonoraenequipo.com.mx\/#\/schema\/person\/50102df0fb23a8fa9e8effad8fa81386\",\"name\":\"enequipo\",\"image\":{\"@type\":\"ImageObject\",\"inLanguage\":\"es\",\"@id\":\"https:\/\/www.sonoraenequipo.com.mx\/#\/schema\/person\/image\/\",\"url\":\"https:\/\/secure.gravatar.com\/avatar\/049821681b589dabc0bc20695993ccebb09f5b5d4d790cd9251b97faac7c652b?s=96&d=blank&r=g\",\"contentUrl\":\"https:\/\/secure.gravatar.com\/avatar\/049821681b589dabc0bc20695993ccebb09f5b5d4d790cd9251b97faac7c652b?s=96&d=blank&r=g\",\"caption\":\"enequipo\"},\"sameAs\":[\"https:\/\/www.facebook.com\/SonoraEE\"]}]}<\/script>\n ","yoast_head_json":{"title":"Sonora en Equipo. Aumenta en la capital de Durango el c\u00e1ncer de est\u00f3mago por ars\u00e9nico en el agua Rep\u00fablica","description":"DURANGO. MX. \u2014 Derivado de los altos niveles de ars\u00e9nico que se presentan el agua potable, se tiene que en la capital duranguense han aumentado En Sonora en Equipo publicamos toda la informaci\u00f3n de Sonora, M\u00e9xico y el Mundo de manera oportuna y busca que la libertad de expresi\u00f3n sea real. Visita nuestro medio informativo publicado desde Hermosillo, Sonora. %","robots":{"index":"index","follow":"follow","max-snippet":"max-snippet:-1","max-image-preview":"max-image-preview:large","max-video-preview":"max-video-preview:-1"},"canonical":"https:\/\/www.sonoraenequipo.com.mx\/aumenta-en-la-capital-de-durango-el-cancer-de-estomago-por-arsenico-en-el-agua\/","og_locale":"es_ES","og_type":"article","og_title":"Sonora en Equipo. Aumenta en la capital de Durango el c\u00e1ncer de est\u00f3mago por ars\u00e9nico en el agua Rep\u00fablica","og_description":"DURANGO. MX. \u2014 Derivado de los altos niveles de ars\u00e9nico que se presentan el agua potable, se tiene que en la capital duranguense han aumentado En Sonora en Equipo publicamos toda la informaci\u00f3n de Sonora, M\u00e9xico y el Mundo de manera oportuna y busca que la libertad de expresi\u00f3n sea real. Visita nuestro medio informativo publicado desde Hermosillo, Sonora. %","og_url":"https:\/\/www.sonoraenequipo.com.mx\/aumenta-en-la-capital-de-durango-el-cancer-de-estomago-por-arsenico-en-el-agua\/","og_site_name":"Sonora en Equipo.","article_publisher":"https:\/\/www.facebook.com\/SonoraEE\/","article_author":"https:\/\/www.facebook.com\/SonoraEE","article_published_time":"2019-12-09T06:49:23+00:00","og_image":[{"width":711,"height":400,"url":"https:\/\/www.sonoraenequipo.com.mx\/storage\/2019\/12\/Rigoberto-Qui\u00f1onez-Samaniego_opt.jpg","type":"image\/jpeg"}],"author":"enequipo","twitter_card":"summary_large_image","twitter_creator":"@sonoraenequipo","twitter_site":"@sonoraenequipo","twitter_misc":{"Escrito por":"enequipo","Tiempo de lectura":"1 minuto"},"schema":{"@context":"https:\/\/schema.org","@graph":[{"@type":"Article","@id":"https:\/\/www.sonoraenequipo.com.mx\/aumenta-en-la-capital-de-durango-el-cancer-de-estomago-por-arsenico-en-el-agua\/#article","isPartOf":{"@id":"https:\/\/www.sonoraenequipo.com.mx\/aumenta-en-la-capital-de-durango-el-cancer-de-estomago-por-arsenico-en-el-agua\/"},"author":{"name":"enequipo","@id":"https:\/\/www.sonoraenequipo.com.mx\/#\/schema\/person\/50102df0fb23a8fa9e8effad8fa81386"},"headline":"Aumenta en la capital de Durango el c\u00e1ncer de est\u00f3mago por ars\u00e9nico en el agua","datePublished":"2019-12-09T06:49:23+00:00","mainEntityOfPage":{"@id":"https:\/\/www.sonoraenequipo.com.mx\/aumenta-en-la-capital-de-durango-el-cancer-de-estomago-por-arsenico-en-el-agua\/"},"wordCount":314,"commentCount":0,"publisher":{"@id":"https:\/\/www.sonoraenequipo.com.mx\/#organization"},"image":{"@id":"https:\/\/www.sonoraenequipo.com.mx\/aumenta-en-la-capital-de-durango-el-cancer-de-estomago-por-arsenico-en-el-agua\/#primaryimage"},"thumbnailUrl":"https:\/\/www.sonoraenequipo.com.mx\/storage\/2019\/12\/Rigoberto-Qui\u00f1onez-Samaniego_opt.jpg","articleSection":["Rep\u00fablica"],"inLanguage":"es","potentialAction":[{"@type":"CommentAction","name":"Comment","target":["https:\/\/www.sonoraenequipo.com.mx\/aumenta-en-la-capital-de-durango-el-cancer-de-estomago-por-arsenico-en-el-agua\/#respond"]}]},{"@type":"WebPage","@id":"https:\/\/www.sonoraenequipo.com.mx\/aumenta-en-la-capital-de-durango-el-cancer-de-estomago-por-arsenico-en-el-agua\/","url":"https:\/\/www.sonoraenequipo.com.mx\/aumenta-en-la-capital-de-durango-el-cancer-de-estomago-por-arsenico-en-el-agua\/","name":"Sonora en Equipo. Aumenta en la capital de Durango el c\u00e1ncer de est\u00f3mago por ars\u00e9nico en el agua Rep\u00fablica","isPartOf":{"@id":"https:\/\/www.sonoraenequipo.com.mx\/#website"},"primaryImageOfPage":{"@id":"https:\/\/www.sonoraenequipo.com.mx\/aumenta-en-la-capital-de-durango-el-cancer-de-estomago-por-arsenico-en-el-agua\/#primaryimage"},"image":{"@id":"https:\/\/www.sonoraenequipo.com.mx\/aumenta-en-la-capital-de-durango-el-cancer-de-estomago-por-arsenico-en-el-agua\/#primaryimage"},"thumbnailUrl":"https:\/\/www.sonoraenequipo.com.mx\/storage\/2019\/12\/Rigoberto-Qui\u00f1onez-Samaniego_opt.jpg","datePublished":"2019-12-09T06:49:23+00:00","description":"DURANGO. MX. \u2014 Derivado de los altos niveles de ars\u00e9nico que se presentan el agua potable, se tiene que en la capital duranguense han aumentado En Sonora en Equipo publicamos toda la informaci\u00f3n de Sonora, M\u00e9xico y el Mundo de manera oportuna y busca que la libertad de expresi\u00f3n sea real. Visita nuestro medio informativo publicado desde Hermosillo, Sonora. %","breadcrumb":{"@id":"https:\/\/www.sonoraenequipo.com.mx\/aumenta-en-la-capital-de-durango-el-cancer-de-estomago-por-arsenico-en-el-agua\/#breadcrumb"},"inLanguage":"es","potentialAction":[{"@type":"ReadAction","target":["https:\/\/www.sonoraenequipo.com.mx\/aumenta-en-la-capital-de-durango-el-cancer-de-estomago-por-arsenico-en-el-agua\/"]}]},{"@type":"ImageObject","inLanguage":"es","@id":"https:\/\/www.sonoraenequipo.com.mx\/aumenta-en-la-capital-de-durango-el-cancer-de-estomago-por-arsenico-en-el-agua\/#primaryimage","url":"https:\/\/www.sonoraenequipo.com.mx\/storage\/2019\/12\/Rigoberto-Qui\u00f1onez-Samaniego_opt.jpg","contentUrl":"https:\/\/www.sonoraenequipo.com.mx\/storage\/2019\/12\/Rigoberto-Qui\u00f1onez-Samaniego_opt.jpg","width":711,"height":400},{"@type":"BreadcrumbList","@id":"https:\/\/www.sonoraenequipo.com.mx\/aumenta-en-la-capital-de-durango-el-cancer-de-estomago-por-arsenico-en-el-agua\/#breadcrumb","itemListElement":[{"@type":"ListItem","position":1,"name":"Portada","item":"https:\/\/www.sonoraenequipo.com.mx\/"},{"@type":"ListItem","position":2,"name":"Aumenta en la capital de Durango el c\u00e1ncer de est\u00f3mago por ars\u00e9nico en el agua"}]},{"@type":"WebSite","@id":"https:\/\/www.sonoraenequipo.com.mx\/#website","url":"https:\/\/www.sonoraenequipo.com.mx\/","name":"Sonora en Equipo.","description":"Diario en l\u00ednea con Noticias desde Hermosillo, Sonora","publisher":{"@id":"https:\/\/www.sonoraenequipo.com.mx\/#organization"},"potentialAction":[{"@type":"SearchAction","target":{"@type":"EntryPoint","urlTemplate":"https:\/\/www.sonoraenequipo.com.mx\/?s={search_term_string}"},"query-input":{"@type":"PropertyValueSpecification","valueRequired":true,"valueName":"search_term_string"}}],"inLanguage":"es"},{"@type":"Organization","@id":"https:\/\/www.sonoraenequipo.com.mx\/#organization","name":"Sonoraenequipo.com.mx","url":"https:\/\/www.sonoraenequipo.com.mx\/","logo":{"@type":"ImageObject","inLanguage":"es","@id":"https:\/\/www.sonoraenequipo.com.mx\/#\/schema\/logo\/image\/","url":"https:\/\/www.sonoraenequipo.com.mx\/storage\/2019\/01\/sonoraenequipo_opt.png","contentUrl":"https:\/\/www.sonoraenequipo.com.mx\/storage\/2019\/01\/sonoraenequipo_opt.png","width":375,"height":125,"caption":"Sonoraenequipo.com.mx"},"image":{"@id":"https:\/\/www.sonoraenequipo.com.mx\/#\/schema\/logo\/image\/"},"sameAs":["https:\/\/www.facebook.com\/SonoraEE\/","https:\/\/x.com\/sonoraenequipo","https:\/\/www.youtube.com\/channel\/UC338nW-lPEYmJQs4ZABQ1SQ"]},{"@type":"Person","@id":"https:\/\/www.sonoraenequipo.com.mx\/#\/schema\/person\/50102df0fb23a8fa9e8effad8fa81386","name":"enequipo","image":{"@type":"ImageObject","inLanguage":"es","@id":"https:\/\/www.sonoraenequipo.com.mx\/#\/schema\/person\/image\/","url":"https:\/\/secure.gravatar.com\/avatar\/049821681b589dabc0bc20695993ccebb09f5b5d4d790cd9251b97faac7c652b?s=96&d=blank&r=g","contentUrl":"https:\/\/secure.gravatar.com\/avatar\/049821681b589dabc0bc20695993ccebb09f5b5d4d790cd9251b97faac7c652b?s=96&d=blank&r=g","caption":"enequipo"},"sameAs":["https:\/\/www.facebook.com\/SonoraEE"]}]}},"jetpack_featured_media_url":"https:\/\/www.sonoraenequipo.com.mx\/storage\/2019\/12\/Rigoberto-Qui\u00f1onez-Samaniego_opt.jpg","_links":{"self":[{"href":"https:\/\/www.sonoraenequipo.com.mx\/api\/wp\/v2\/posts\/73435","targetHints":{"allow":["GET"]}}],"collection":[{"href":"https:\/\/www.sonoraenequipo.com.mx\/api\/wp\/v2\/posts"}],"about":[{"href":"https:\/\/www.sonoraenequipo.com.mx\/api\/wp\/v2\/types\/post"}],"author":[{"embeddable":true,"href":"https:\/\/www.sonoraenequipo.com.mx\/api\/wp\/v2\/users\/1"}],"replies":[{"embeddable":true,"href":"https:\/\/www.sonoraenequipo.com.mx\/api\/wp\/v2\/comments?post=73435"}],"version-history":[{"count":0,"href":"https:\/\/www.sonoraenequipo.com.mx\/api\/wp\/v2\/posts\/73435\/revisions"}],"wp:featuredmedia":[{"embeddable":true,"href":"https:\/\/www.sonoraenequipo.com.mx\/api\/wp\/v2\/media\/73424"}],"wp:attachment":[{"href":"https:\/\/www.sonoraenequipo.com.mx\/api\/wp\/v2\/media?parent=73435"}],"wp:term":[{"taxonomy":"category","embeddable":true,"href":"https:\/\/www.sonoraenequipo.com.mx\/api\/wp\/v2\/categories?post=73435"},{"taxonomy":"post_tag","embeddable":true,"href":"https:\/\/www.sonoraenequipo.com.mx\/api\/wp\/v2\/tags?post=73435"}],"curies":[{"name":"wp","href":"https:\/\/api.w.org\/{rel}","templated":true}]}}