{"id":73437,"date":"2019-12-08T22:48:18","date_gmt":"2019-12-09T05:48:18","guid":{"rendered":"https:\/\/www.sonoraenequipo.com.mx\/?p=73437"},"modified":"2019-12-08T14:59:41","modified_gmt":"2019-12-08T21:59:41","slug":"detienen-a-dueno-de-fabrica-arrasada-por-incendio-en-nueva-delhi","status":"publish","type":"post","link":"https:\/\/www.sonoraenequipo.com.mx\/detienen-a-dueno-de-fabrica-arrasada-por-incendio-en-nueva-delhi\/","title":{"rendered":"Detienen a due\u00f1o de f\u00e1brica arrasada por incendio en Nueva Delhi"},"content":{"rendered":"<p>NUEVA DELHI, INDIA. \u2014 La polic\u00eda de Nueva Delhi detuvo este domingo al propietario de la f\u00e1brica en la que se registr\u00f3 un incendio durante madrugada, que caus\u00f3 43 muertos y 16 heridos, la mayor\u00eda trabajadores que dorm\u00edan en el edificio.<\/p>\n<p>&nbsp;<\/p>\n<p> <\/p>\n<p>&nbsp;<\/p>\n<p>Monika Bhardwaj, portavoz de la polic\u00eda, inform\u00f3 a los medios que el due\u00f1o, identificado como Rehan y <em>\u201csu gestor Furkan, han sido arrestados. La polic\u00eda tambi\u00e9n interroga a los hermanos de Rehan (Shan e Imran), (y) tambi\u00e9n estamos buscando a quienes dirig\u00edan la f\u00e1brica\u201d.<\/em><\/p>\n<p>&nbsp;<\/p>\n<p><em>\u201cCon la informaci\u00f3n que tenemos, no hay posibilidad de recuperar m\u00e1s cuerpos\u201d,<\/em> agreg\u00f3 Bhardwaj en unas declaraciones recogidas por la agencia ANI.<\/p>\n<p>&nbsp;<\/p>\n<p>Ese medio tambi\u00e9n se\u00f1ala que contra los detenidos se ha abierto una causa bajo la secci\u00f3n 304 del C\u00f3digo Penal indio, que castiga a todo aquel que cause la muerte de una persona por un acto de negligencia y que puede acarrear penas de hasta dos a\u00f1os de prisi\u00f3n y multas.<\/p>\n<p>&nbsp;<\/p>\n<p>PUBLICADO EL 08\/12\/2019)<\/p>\n","protected":false},"excerpt":{"rendered":"<p>NUEVA DELHI, INDIA. \u2014 La polic\u00eda de Nueva Delhi detuvo este domingo al propietario de&#8230;<\/p>\n","protected":false},"author":1,"featured_media":73429,"comment_status":"open","ping_status":"open","sticky":false,"template":"","format":"standard","meta":{"_monsterinsights_skip_tracking":false,"_monsterinsights_sitenote_active":false,"_monsterinsights_sitenote_note":"","_monsterinsights_sitenote_category":0,"footnotes":""},"categories":[3],"tags":[],"class_list":["post"],"yoast_head":" \n<title>Sonora en Equipo. Detienen a due\u00f1o de f\u00e1brica arrasada por incendio en Nueva Delhi MUNDO<\/title>\n<meta name=\"description\" content=\"NUEVA DELHI, INDIA. \u2014 La polic\u00eda de Nueva Delhi detuvo este domingo al propietario de la f\u00e1brica en la que se registr\u00f3 un incendio durante madrugada, que En Sonora en Equipo publicamos toda la informaci\u00f3n de Sonora, M\u00e9xico y el Mundo de manera oportuna y busca que la libertad de expresi\u00f3n sea real. Visita nuestro medio informativo publicado desde Hermosillo, Sonora. %\" \/>\n<meta name=\"robots\" content=\"index, follow, max-snippet:-1, max-image-preview:large, max-video-preview:-1\" \/>\n<link rel=\"canonical\" href=\"https:\/\/www.sonoraenequipo.com.mx\/detienen-a-dueno-de-fabrica-arrasada-por-incendio-en-nueva-delhi\/\" \/>\n<meta property=\"og:locale\" content=\"es_ES\" \/>\n<meta property=\"og:type\" content=\"article\" \/>\n<meta property=\"og:title\" content=\"Sonora en Equipo. Detienen a due\u00f1o de f\u00e1brica arrasada por incendio en Nueva Delhi MUNDO\" \/>\n<meta property=\"og:description\" content=\"NUEVA DELHI, INDIA. \u2014 La polic\u00eda de Nueva Delhi detuvo este domingo al propietario de la f\u00e1brica en la que se registr\u00f3 un incendio durante madrugada, que En Sonora en Equipo publicamos toda la informaci\u00f3n de Sonora, M\u00e9xico y el Mundo de manera oportuna y busca que la libertad de expresi\u00f3n sea real. Visita nuestro medio informativo publicado desde Hermosillo, Sonora. %\" \/>\n<meta property=\"og:url\" content=\"https:\/\/www.sonoraenequipo.com.mx\/detienen-a-dueno-de-fabrica-arrasada-por-incendio-en-nueva-delhi\/\" \/>\n<meta property=\"og:site_name\" content=\"Sonora en Equipo.\" \/>\n<meta property=\"article:publisher\" content=\"https:\/\/www.facebook.com\/SonoraEE\/\" \/>\n<meta property=\"article:author\" content=\"https:\/\/www.facebook.com\/SonoraEE\" \/>\n<meta property=\"article:published_time\" content=\"2019-12-09T05:48:18+00:00\" \/>\n<meta property=\"og:image\" content=\"https:\/\/www.sonoraenequipo.com.mx\/storage\/2019\/12\/fabricanuevadelhi2_opt.jpg\" \/>\n\t<meta property=\"og:image:width\" content=\"734\" \/>\n\t<meta property=\"og:image:height\" content=\"400\" \/>\n\t<meta property=\"og:image:type\" content=\"image\/jpeg\" \/>\n<meta name=\"author\" content=\"enequipo\" \/>\n<meta name=\"twitter:card\" content=\"summary_large_image\" \/>\n<meta name=\"twitter:creator\" content=\"@sonoraenequipo\" \/>\n<meta name=\"twitter:site\" content=\"@sonoraenequipo\" \/>\n<meta name=\"twitter:label1\" content=\"Escrito por\" \/>\n\t<meta name=\"twitter:data1\" content=\"enequipo\" \/>\n\t<meta name=\"twitter:label2\" content=\"Tiempo de lectura\" \/>\n\t<meta name=\"twitter:data2\" content=\"1 minuto\" \/>\n<script type=\"application\/ld+json\" class=\"yoast-schema-graph\">{\"@context\":\"https:\/\/schema.org\",\"@graph\":[{\"@type\":\"Article\",\"@id\":\"https:\/\/www.sonoraenequipo.com.mx\/detienen-a-dueno-de-fabrica-arrasada-por-incendio-en-nueva-delhi\/#article\",\"isPartOf\":{\"@id\":\"https:\/\/www.sonoraenequipo.com.mx\/detienen-a-dueno-de-fabrica-arrasada-por-incendio-en-nueva-delhi\/\"},\"author\":{\"name\":\"enequipo\",\"@id\":\"https:\/\/www.sonoraenequipo.com.mx\/#\/schema\/person\/50102df0fb23a8fa9e8effad8fa81386\"},\"headline\":\"Detienen a due\u00f1o de f\u00e1brica arrasada por incendio en Nueva Delhi\",\"datePublished\":\"2019-12-09T05:48:18+00:00\",\"mainEntityOfPage\":{\"@id\":\"https:\/\/www.sonoraenequipo.com.mx\/detienen-a-dueno-de-fabrica-arrasada-por-incendio-en-nueva-delhi\/\"},\"wordCount\":193,\"commentCount\":0,\"publisher\":{\"@id\":\"https:\/\/www.sonoraenequipo.com.mx\/#organization\"},\"image\":{\"@id\":\"https:\/\/www.sonoraenequipo.com.mx\/detienen-a-dueno-de-fabrica-arrasada-por-incendio-en-nueva-delhi\/#primaryimage\"},\"thumbnailUrl\":\"https:\/\/www.sonoraenequipo.com.mx\/storage\/2019\/12\/fabricanuevadelhi2_opt.jpg\",\"articleSection\":[\"MUNDO\"],\"inLanguage\":\"es\",\"potentialAction\":[{\"@type\":\"CommentAction\",\"name\":\"Comment\",\"target\":[\"https:\/\/www.sonoraenequipo.com.mx\/detienen-a-dueno-de-fabrica-arrasada-por-incendio-en-nueva-delhi\/#respond\"]}]},{\"@type\":\"WebPage\",\"@id\":\"https:\/\/www.sonoraenequipo.com.mx\/detienen-a-dueno-de-fabrica-arrasada-por-incendio-en-nueva-delhi\/\",\"url\":\"https:\/\/www.sonoraenequipo.com.mx\/detienen-a-dueno-de-fabrica-arrasada-por-incendio-en-nueva-delhi\/\",\"name\":\"Sonora en Equipo. Detienen a due\u00f1o de f\u00e1brica arrasada por incendio en Nueva Delhi MUNDO\",\"isPartOf\":{\"@id\":\"https:\/\/www.sonoraenequipo.com.mx\/#website\"},\"primaryImageOfPage\":{\"@id\":\"https:\/\/www.sonoraenequipo.com.mx\/detienen-a-dueno-de-fabrica-arrasada-por-incendio-en-nueva-delhi\/#primaryimage\"},\"image\":{\"@id\":\"https:\/\/www.sonoraenequipo.com.mx\/detienen-a-dueno-de-fabrica-arrasada-por-incendio-en-nueva-delhi\/#primaryimage\"},\"thumbnailUrl\":\"https:\/\/www.sonoraenequipo.com.mx\/storage\/2019\/12\/fabricanuevadelhi2_opt.jpg\",\"datePublished\":\"2019-12-09T05:48:18+00:00\",\"description\":\"NUEVA DELHI, INDIA. \u2014 La polic\u00eda de Nueva Delhi detuvo este domingo al propietario de la f\u00e1brica en la que se registr\u00f3 un incendio durante madrugada, que En Sonora en Equipo publicamos toda la informaci\u00f3n de Sonora, M\u00e9xico y el Mundo de manera oportuna y busca que la libertad de expresi\u00f3n sea real. Visita nuestro medio informativo publicado desde Hermosillo, Sonora. %\",\"breadcrumb\":{\"@id\":\"https:\/\/www.sonoraenequipo.com.mx\/detienen-a-dueno-de-fabrica-arrasada-por-incendio-en-nueva-delhi\/#breadcrumb\"},\"inLanguage\":\"es\",\"potentialAction\":[{\"@type\":\"ReadAction\",\"target\":[\"https:\/\/www.sonoraenequipo.com.mx\/detienen-a-dueno-de-fabrica-arrasada-por-incendio-en-nueva-delhi\/\"]}]},{\"@type\":\"ImageObject\",\"inLanguage\":\"es\",\"@id\":\"https:\/\/www.sonoraenequipo.com.mx\/detienen-a-dueno-de-fabrica-arrasada-por-incendio-en-nueva-delhi\/#primaryimage\",\"url\":\"https:\/\/www.sonoraenequipo.com.mx\/storage\/2019\/12\/fabricanuevadelhi2_opt.jpg\",\"contentUrl\":\"https:\/\/www.sonoraenequipo.com.mx\/storage\/2019\/12\/fabricanuevadelhi2_opt.jpg\",\"width\":734,\"height\":400},{\"@type\":\"BreadcrumbList\",\"@id\":\"https:\/\/www.sonoraenequipo.com.mx\/detienen-a-dueno-de-fabrica-arrasada-por-incendio-en-nueva-delhi\/#breadcrumb\",\"itemListElement\":[{\"@type\":\"ListItem\",\"position\":1,\"name\":\"Portada\",\"item\":\"https:\/\/www.sonoraenequipo.com.mx\/\"},{\"@type\":\"ListItem\",\"position\":2,\"name\":\"Detienen a due\u00f1o de f\u00e1brica arrasada por incendio en Nueva Delhi\"}]},{\"@type\":\"WebSite\",\"@id\":\"https:\/\/www.sonoraenequipo.com.mx\/#website\",\"url\":\"https:\/\/www.sonoraenequipo.com.mx\/\",\"name\":\"Sonora en Equipo.\",\"description\":\"Diario en l\u00ednea con Noticias desde Hermosillo, Sonora\",\"publisher\":{\"@id\":\"https:\/\/www.sonoraenequipo.com.mx\/#organization\"},\"potentialAction\":[{\"@type\":\"SearchAction\",\"target\":{\"@type\":\"EntryPoint\",\"urlTemplate\":\"https:\/\/www.sonoraenequipo.com.mx\/?s={search_term_string}\"},\"query-input\":{\"@type\":\"PropertyValueSpecification\",\"valueRequired\":true,\"valueName\":\"search_term_string\"}}],\"inLanguage\":\"es\"},{\"@type\":\"Organization\",\"@id\":\"https:\/\/www.sonoraenequipo.com.mx\/#organization\",\"name\":\"Sonoraenequipo.com.mx\",\"url\":\"https:\/\/www.sonoraenequipo.com.mx\/\",\"logo\":{\"@type\":\"ImageObject\",\"inLanguage\":\"es\",\"@id\":\"https:\/\/www.sonoraenequipo.com.mx\/#\/schema\/logo\/image\/\",\"url\":\"https:\/\/www.sonoraenequipo.com.mx\/storage\/2019\/01\/sonoraenequipo_opt.png\",\"contentUrl\":\"https:\/\/www.sonoraenequipo.com.mx\/storage\/2019\/01\/sonoraenequipo_opt.png\",\"width\":375,\"height\":125,\"caption\":\"Sonoraenequipo.com.mx\"},\"image\":{\"@id\":\"https:\/\/www.sonoraenequipo.com.mx\/#\/schema\/logo\/image\/\"},\"sameAs\":[\"https:\/\/www.facebook.com\/SonoraEE\/\",\"https:\/\/x.com\/sonoraenequipo\",\"https:\/\/www.youtube.com\/channel\/UC338nW-lPEYmJQs4ZABQ1SQ\"]},{\"@type\":\"Person\",\"@id\":\"https:\/\/www.sonoraenequipo.com.mx\/#\/schema\/person\/50102df0fb23a8fa9e8effad8fa81386\",\"name\":\"enequipo\",\"image\":{\"@type\":\"ImageObject\",\"inLanguage\":\"es\",\"@id\":\"https:\/\/www.sonoraenequipo.com.mx\/#\/schema\/person\/image\/\",\"url\":\"https:\/\/secure.gravatar.com\/avatar\/049821681b589dabc0bc20695993ccebb09f5b5d4d790cd9251b97faac7c652b?s=96&d=blank&r=g\",\"contentUrl\":\"https:\/\/secure.gravatar.com\/avatar\/049821681b589dabc0bc20695993ccebb09f5b5d4d790cd9251b97faac7c652b?s=96&d=blank&r=g\",\"caption\":\"enequipo\"},\"sameAs\":[\"https:\/\/www.facebook.com\/SonoraEE\"]}]}<\/script>\n ","yoast_head_json":{"title":"Sonora en Equipo. Detienen a due\u00f1o de f\u00e1brica arrasada por incendio en Nueva Delhi MUNDO","description":"NUEVA DELHI, INDIA. \u2014 La polic\u00eda de Nueva Delhi detuvo este domingo al propietario de la f\u00e1brica en la que se registr\u00f3 un incendio durante madrugada, que En Sonora en Equipo publicamos toda la informaci\u00f3n de Sonora, M\u00e9xico y el Mundo de manera oportuna y busca que la libertad de expresi\u00f3n sea real. Visita nuestro medio informativo publicado desde Hermosillo, Sonora. %","robots":{"index":"index","follow":"follow","max-snippet":"max-snippet:-1","max-image-preview":"max-image-preview:large","max-video-preview":"max-video-preview:-1"},"canonical":"https:\/\/www.sonoraenequipo.com.mx\/detienen-a-dueno-de-fabrica-arrasada-por-incendio-en-nueva-delhi\/","og_locale":"es_ES","og_type":"article","og_title":"Sonora en Equipo. Detienen a due\u00f1o de f\u00e1brica arrasada por incendio en Nueva Delhi MUNDO","og_description":"NUEVA DELHI, INDIA. \u2014 La polic\u00eda de Nueva Delhi detuvo este domingo al propietario de la f\u00e1brica en la que se registr\u00f3 un incendio durante madrugada, que En Sonora en Equipo publicamos toda la informaci\u00f3n de Sonora, M\u00e9xico y el Mundo de manera oportuna y busca que la libertad de expresi\u00f3n sea real. Visita nuestro medio informativo publicado desde Hermosillo, Sonora. %","og_url":"https:\/\/www.sonoraenequipo.com.mx\/detienen-a-dueno-de-fabrica-arrasada-por-incendio-en-nueva-delhi\/","og_site_name":"Sonora en Equipo.","article_publisher":"https:\/\/www.facebook.com\/SonoraEE\/","article_author":"https:\/\/www.facebook.com\/SonoraEE","article_published_time":"2019-12-09T05:48:18+00:00","og_image":[{"width":734,"height":400,"url":"https:\/\/www.sonoraenequipo.com.mx\/storage\/2019\/12\/fabricanuevadelhi2_opt.jpg","type":"image\/jpeg"}],"author":"enequipo","twitter_card":"summary_large_image","twitter_creator":"@sonoraenequipo","twitter_site":"@sonoraenequipo","twitter_misc":{"Escrito por":"enequipo","Tiempo de lectura":"1 minuto"},"schema":{"@context":"https:\/\/schema.org","@graph":[{"@type":"Article","@id":"https:\/\/www.sonoraenequipo.com.mx\/detienen-a-dueno-de-fabrica-arrasada-por-incendio-en-nueva-delhi\/#article","isPartOf":{"@id":"https:\/\/www.sonoraenequipo.com.mx\/detienen-a-dueno-de-fabrica-arrasada-por-incendio-en-nueva-delhi\/"},"author":{"name":"enequipo","@id":"https:\/\/www.sonoraenequipo.com.mx\/#\/schema\/person\/50102df0fb23a8fa9e8effad8fa81386"},"headline":"Detienen a due\u00f1o de f\u00e1brica arrasada por incendio en Nueva Delhi","datePublished":"2019-12-09T05:48:18+00:00","mainEntityOfPage":{"@id":"https:\/\/www.sonoraenequipo.com.mx\/detienen-a-dueno-de-fabrica-arrasada-por-incendio-en-nueva-delhi\/"},"wordCount":193,"commentCount":0,"publisher":{"@id":"https:\/\/www.sonoraenequipo.com.mx\/#organization"},"image":{"@id":"https:\/\/www.sonoraenequipo.com.mx\/detienen-a-dueno-de-fabrica-arrasada-por-incendio-en-nueva-delhi\/#primaryimage"},"thumbnailUrl":"https:\/\/www.sonoraenequipo.com.mx\/storage\/2019\/12\/fabricanuevadelhi2_opt.jpg","articleSection":["MUNDO"],"inLanguage":"es","potentialAction":[{"@type":"CommentAction","name":"Comment","target":["https:\/\/www.sonoraenequipo.com.mx\/detienen-a-dueno-de-fabrica-arrasada-por-incendio-en-nueva-delhi\/#respond"]}]},{"@type":"WebPage","@id":"https:\/\/www.sonoraenequipo.com.mx\/detienen-a-dueno-de-fabrica-arrasada-por-incendio-en-nueva-delhi\/","url":"https:\/\/www.sonoraenequipo.com.mx\/detienen-a-dueno-de-fabrica-arrasada-por-incendio-en-nueva-delhi\/","name":"Sonora en Equipo. Detienen a due\u00f1o de f\u00e1brica arrasada por incendio en Nueva Delhi MUNDO","isPartOf":{"@id":"https:\/\/www.sonoraenequipo.com.mx\/#website"},"primaryImageOfPage":{"@id":"https:\/\/www.sonoraenequipo.com.mx\/detienen-a-dueno-de-fabrica-arrasada-por-incendio-en-nueva-delhi\/#primaryimage"},"image":{"@id":"https:\/\/www.sonoraenequipo.com.mx\/detienen-a-dueno-de-fabrica-arrasada-por-incendio-en-nueva-delhi\/#primaryimage"},"thumbnailUrl":"https:\/\/www.sonoraenequipo.com.mx\/storage\/2019\/12\/fabricanuevadelhi2_opt.jpg","datePublished":"2019-12-09T05:48:18+00:00","description":"NUEVA DELHI, INDIA. \u2014 La polic\u00eda de Nueva Delhi detuvo este domingo al propietario de la f\u00e1brica en la que se registr\u00f3 un incendio durante madrugada, que En Sonora en Equipo publicamos toda la informaci\u00f3n de Sonora, M\u00e9xico y el Mundo de manera oportuna y busca que la libertad de expresi\u00f3n sea real. Visita nuestro medio informativo publicado desde Hermosillo, Sonora. %","breadcrumb":{"@id":"https:\/\/www.sonoraenequipo.com.mx\/detienen-a-dueno-de-fabrica-arrasada-por-incendio-en-nueva-delhi\/#breadcrumb"},"inLanguage":"es","potentialAction":[{"@type":"ReadAction","target":["https:\/\/www.sonoraenequipo.com.mx\/detienen-a-dueno-de-fabrica-arrasada-por-incendio-en-nueva-delhi\/"]}]},{"@type":"ImageObject","inLanguage":"es","@id":"https:\/\/www.sonoraenequipo.com.mx\/detienen-a-dueno-de-fabrica-arrasada-por-incendio-en-nueva-delhi\/#primaryimage","url":"https:\/\/www.sonoraenequipo.com.mx\/storage\/2019\/12\/fabricanuevadelhi2_opt.jpg","contentUrl":"https:\/\/www.sonoraenequipo.com.mx\/storage\/2019\/12\/fabricanuevadelhi2_opt.jpg","width":734,"height":400},{"@type":"BreadcrumbList","@id":"https:\/\/www.sonoraenequipo.com.mx\/detienen-a-dueno-de-fabrica-arrasada-por-incendio-en-nueva-delhi\/#breadcrumb","itemListElement":[{"@type":"ListItem","position":1,"name":"Portada","item":"https:\/\/www.sonoraenequipo.com.mx\/"},{"@type":"ListItem","position":2,"name":"Detienen a due\u00f1o de f\u00e1brica arrasada por incendio en Nueva Delhi"}]},{"@type":"WebSite","@id":"https:\/\/www.sonoraenequipo.com.mx\/#website","url":"https:\/\/www.sonoraenequipo.com.mx\/","name":"Sonora en Equipo.","description":"Diario en l\u00ednea con Noticias desde Hermosillo, Sonora","publisher":{"@id":"https:\/\/www.sonoraenequipo.com.mx\/#organization"},"potentialAction":[{"@type":"SearchAction","target":{"@type":"EntryPoint","urlTemplate":"https:\/\/www.sonoraenequipo.com.mx\/?s={search_term_string}"},"query-input":{"@type":"PropertyValueSpecification","valueRequired":true,"valueName":"search_term_string"}}],"inLanguage":"es"},{"@type":"Organization","@id":"https:\/\/www.sonoraenequipo.com.mx\/#organization","name":"Sonoraenequipo.com.mx","url":"https:\/\/www.sonoraenequipo.com.mx\/","logo":{"@type":"ImageObject","inLanguage":"es","@id":"https:\/\/www.sonoraenequipo.com.mx\/#\/schema\/logo\/image\/","url":"https:\/\/www.sonoraenequipo.com.mx\/storage\/2019\/01\/sonoraenequipo_opt.png","contentUrl":"https:\/\/www.sonoraenequipo.com.mx\/storage\/2019\/01\/sonoraenequipo_opt.png","width":375,"height":125,"caption":"Sonoraenequipo.com.mx"},"image":{"@id":"https:\/\/www.sonoraenequipo.com.mx\/#\/schema\/logo\/image\/"},"sameAs":["https:\/\/www.facebook.com\/SonoraEE\/","https:\/\/x.com\/sonoraenequipo","https:\/\/www.youtube.com\/channel\/UC338nW-lPEYmJQs4ZABQ1SQ"]},{"@type":"Person","@id":"https:\/\/www.sonoraenequipo.com.mx\/#\/schema\/person\/50102df0fb23a8fa9e8effad8fa81386","name":"enequipo","image":{"@type":"ImageObject","inLanguage":"es","@id":"https:\/\/www.sonoraenequipo.com.mx\/#\/schema\/person\/image\/","url":"https:\/\/secure.gravatar.com\/avatar\/049821681b589dabc0bc20695993ccebb09f5b5d4d790cd9251b97faac7c652b?s=96&d=blank&r=g","contentUrl":"https:\/\/secure.gravatar.com\/avatar\/049821681b589dabc0bc20695993ccebb09f5b5d4d790cd9251b97faac7c652b?s=96&d=blank&r=g","caption":"enequipo"},"sameAs":["https:\/\/www.facebook.com\/SonoraEE"]}]}},"jetpack_featured_media_url":"https:\/\/www.sonoraenequipo.com.mx\/storage\/2019\/12\/fabricanuevadelhi2_opt.jpg","_links":{"self":[{"href":"https:\/\/www.sonoraenequipo.com.mx\/api\/wp\/v2\/posts\/73437","targetHints":{"allow":["GET"]}}],"collection":[{"href":"https:\/\/www.sonoraenequipo.com.mx\/api\/wp\/v2\/posts"}],"about":[{"href":"https:\/\/www.sonoraenequipo.com.mx\/api\/wp\/v2\/types\/post"}],"author":[{"embeddable":true,"href":"https:\/\/www.sonoraenequipo.com.mx\/api\/wp\/v2\/users\/1"}],"replies":[{"embeddable":true,"href":"https:\/\/www.sonoraenequipo.com.mx\/api\/wp\/v2\/comments?post=73437"}],"version-history":[{"count":0,"href":"https:\/\/www.sonoraenequipo.com.mx\/api\/wp\/v2\/posts\/73437\/revisions"}],"wp:featuredmedia":[{"embeddable":true,"href":"https:\/\/www.sonoraenequipo.com.mx\/api\/wp\/v2\/media\/73429"}],"wp:attachment":[{"href":"https:\/\/www.sonoraenequipo.com.mx\/api\/wp\/v2\/media?parent=73437"}],"wp:term":[{"taxonomy":"category","embeddable":true,"href":"https:\/\/www.sonoraenequipo.com.mx\/api\/wp\/v2\/categories?post=73437"},{"taxonomy":"post_tag","embeddable":true,"href":"https:\/\/www.sonoraenequipo.com.mx\/api\/wp\/v2\/tags?post=73437"}],"curies":[{"name":"wp","href":"https:\/\/api.w.org\/{rel}","templated":true}]}}