{"id":73464,"date":"2019-12-08T22:06:59","date_gmt":"2019-12-09T05:06:59","guid":{"rendered":"https:\/\/www.sonoraenequipo.com.mx\/?p=73464"},"modified":"2019-12-08T20:54:11","modified_gmt":"2019-12-09T03:54:11","slug":"impulsa-gobernadora-pavlovich-colaboracion-interinstitucional","status":"publish","type":"post","link":"https:\/\/www.sonoraenequipo.com.mx\/impulsa-gobernadora-pavlovich-colaboracion-interinstitucional\/","title":{"rendered":"Impulsa Gobernadora Pavlovich colaboraci\u00f3n interinstitucional"},"content":{"rendered":"<p>HERMOSILLO, SONORA. MX. \u2014\u00a0 Para implementar nuevas metodolog\u00edas que eficienten el desempe\u00f1o del personal de la Fiscal\u00eda General de Justicia del Estado (FGJE), y que este se traduzca en mejores y m\u00e1s r\u00e1pidos resultados en materia de procuraci\u00f3n de justicia para los sonorenses, la gobernadora Claudia Pavlovich Arellano, particip\u00f3 en la reuni\u00f3n interinstitucional para analizar y acordar el\u201cReto de 100 d\u00edas de resultados r\u00e1pidos\u201d, que se realizar\u00e1 en Sonora, con el acompa\u00f1amiento y asesor\u00eda T\u00e9cnica de la Agencia de Estados Unidos para el Desarrollo Internacional (USAID) y Projusticia M\u00e9xico.<\/p>\n<p>&nbsp;<\/p>\n<p> <\/p>\n<p>&nbsp;<\/p>\n<p>Junto a Francisco Guti\u00e9rrez Rodr\u00edguez, presidente del Supremo Tribunal de Justicia del Estado; Alejandro Ponce de Le\u00f3n, director general de Projusticia M\u00e9xico y Claudia Indira Contreras C\u00f3rdova, fiscal general de Justicia del Estado, la mandataria estatal celebr\u00f3 y reconoci\u00f3 lo que significa que instancias como USAID desarrollen programas como este en Sonora.<\/p>\n<p>&nbsp;<\/p>\n<p><em>\u201cLa colaboraci\u00f3n sin duda siempre he pensado y cre\u00eddo en ella, soy una fiel creyente que la colaboraci\u00f3n entre los estados, entre los municipios, entre las distintas instancias de gobierno y por supuesto, la colaboraci\u00f3n entre pa\u00edses es sumamente importante, sobre todo en el tema de procuraci\u00f3n de justicia y de seguridad\u201d<\/em>, enfatiz\u00f3.<\/p>\n<p>&nbsp;<\/p>\n<p>La implementaci\u00f3n de nuestras estrategias para procurar justicia a las familias sonorenses de una mejor forma es fundamental, resalt\u00f3 la gobernadora Pavlovich, de ah\u00ed la importancia que el <em>\u201cReto de los 100 d\u00edas de resultados r\u00e1pidos\u201d,<\/em> brinde resultados contundentes y de beneficio para la entidad.<\/p>\n<p>&nbsp;<\/p>\n<p><em>\u201cLo m\u00e1s importante, la gente quiere resultados, la gente quiere que no haya impunidad; llega a una agencia del Ministerio P\u00fablico con problemas, con algo que le sucedi\u00f3, muy delicado, y lo \u00fanico que quiere es resultados y para ello necesitamos mayor profesionalizaci\u00f3n, mayores elementos, mayores fortalezas en este sentido y para eso vamos a implementar estas nuevas metodolog\u00edas de trabajo, y agradezco el apoyo de USAID, much\u00edsimas gracias por acompa\u00f1arnos y sobre todo por el apoyo que nos est\u00e1n brindando\u201d<\/em>, dijo la mandataria sonorense.<\/p>\n<p>&nbsp;<\/p>\n<p>En este caso, el programa <em>\u201cReto de los 100 d\u00edas de resultados r\u00e1pidos\u201d,<\/em> que se realiza con el apoyo de la embajada de Estados Unidos en M\u00e9xico y Projusticia M\u00e9xico, se enfoca en la atenci\u00f3n de delitos de robo y violencia familiar con el fin de garantizar justicia pronta.<\/p>\n<p>&nbsp;<\/p>\n<p>Alejandro Ponce de Le\u00f3n, director general de Projusticia M\u00e9xico, agradeci\u00f3 a la gobernadora Pavlovich el apoyo para la realizaci\u00f3n de este programa en Sonora, y confi\u00f3 que el mismo dar\u00e1 grandes resultados, debido al compromiso que se tiene en el estado por llevar justicia a las familias sonorenses.<\/p>\n<p>&nbsp;<\/p>\n<p><em>\u201cLa decisi\u00f3n del programa de Projusticia y por este estado, espec\u00edficamente empezando por Hermosillo, no es gratuita, la verdad es que hay un liderazgo impresionante desde la misma gobernadora para el tema de justicia, de mejorarla, y la mesa es una muestra de la enorme participaci\u00f3n y coordinaci\u00f3n que existe entre las autoridades y creo que eso es garant\u00eda del \u00e9xito\u201d,<\/em> asegur\u00f3 el director general de Projusticia M\u00e9xico.<\/p>\n<p>&nbsp;<\/p>\n<p>Por su parte, Claudia Indira Contreras C\u00f3rdova, fiscal general de Justicia del Estado, tambi\u00e9n agradeci\u00f3 el apoyo y compromiso de la gobernadora Pavlovich con este programa in\u00e9dito en Sonora, que privilegia la colaboraci\u00f3n y busca mejorar la capacidad de respuesta interinstitucional en beneficio de la ciudadan\u00eda.<\/p>\n<p>&nbsp;<\/p>\n<p><em>\u201cTenga la certeza gobernadora que todas y todos los que estamos inmersos en este proceso de mejora interinstitucional daremos el mayor de nuestros esfuerzos por alcanzar las metas que aqu\u00ed sean trazadas poniendo en alto el nombre de nuestro estado\u201d,<\/em> mencion\u00f3.<\/p>\n<p>&nbsp;<\/p>\n<p>Durante el pasado mes de agosto se implement\u00f3 el programa <em>\u201c50 d\u00edas de resultados r\u00e1pidos\u201d<\/em>, detall\u00f3 la fiscal general, a manera de preparativo rumbo al reto de los 100 d\u00edas, donde se alcanz\u00f3 en un 98 por ciento las derivaciones efectivas, as\u00ed mismo increment\u00f3 en un 200% la resoluci\u00f3n de carpetas de investigaci\u00f3n.<\/p>\n<p>&nbsp;<\/p>\n<p>Presentes: Miguel Pompa, secretario de Gobierno; Celida L\u00f3pez C\u00e1rdenas, alcaldesa de Hermosillo; Alonso Gonz\u00e1lez Villalobos, director general adjunto de Projusticia USAID M\u00e9xico; David Anaya Cooley, secretario de Seguridad Publica, Edmundo de Le\u00f3n Cortez, director general de Defensor\u00eda P\u00fablica del Estado de Sonora.<\/p>\n<p>&nbsp;<\/p>\n<p>As\u00ed mismo: Elvia Salazar Ant\u00fanez, L\u00edder del Proyecto Sentit Noivis; Octavio S\u00e1nchez Monta\u00f1o, presidente del Comit\u00e9 Ciudadano de Seguridad Publica en Hermosillo; Francisco Salazar Encinas, representante del presidente del Comit\u00e9 Ciudadano de Seguridad P\u00fablica en Sonora; Marco Paz Pellat, vocero del Comit\u00e9 Ciudadano de Seguridad P\u00fablica en la entidad; y Ra\u00fal Guill\u00e9n L\u00f3pez, secretario t\u00e9cnico del Sistema Estatal Anticorrupci\u00f3n.<\/p>\n<p>&nbsp;<\/p>\n<p>PUBLICADO EL 08\/12\/2019)<\/p>\n","protected":false},"excerpt":{"rendered":"<p>HERMOSILLO, SONORA. MX. \u2014\u00a0 Para implementar nuevas metodolog\u00edas que eficienten el desempe\u00f1o del personal de&#8230;<\/p>\n","protected":false},"author":1,"featured_media":71343,"comment_status":"open","ping_status":"open","sticky":false,"template":"","format":"standard","meta":{"_monsterinsights_skip_tracking":false,"_monsterinsights_sitenote_active":false,"_monsterinsights_sitenote_note":"","_monsterinsights_sitenote_category":0,"footnotes":""},"categories":[22],"tags":[],"class_list":["post"],"yoast_head":" \n<title>Sonora en Equipo. Impulsa Gobernadora Pavlovich colaboraci\u00f3n interinstitucional Sonora<\/title>\n<meta name=\"description\" content=\"HERMOSILLO, SONORA. MX. \u2014\u00a0 Para implementar nuevas metodolog\u00edas que eficienten el desempe\u00f1o del personal de la Fiscal\u00eda General de Justicia del Estado En Sonora en Equipo publicamos toda la informaci\u00f3n de Sonora, M\u00e9xico y el Mundo de manera oportuna y busca que la libertad de expresi\u00f3n sea real. Visita nuestro medio informativo publicado desde Hermosillo, Sonora. %\" \/>\n<meta name=\"robots\" content=\"index, follow, max-snippet:-1, max-image-preview:large, max-video-preview:-1\" \/>\n<link rel=\"canonical\" href=\"https:\/\/www.sonoraenequipo.com.mx\/impulsa-gobernadora-pavlovich-colaboracion-interinstitucional\/\" \/>\n<meta property=\"og:locale\" content=\"es_ES\" \/>\n<meta property=\"og:type\" content=\"article\" \/>\n<meta property=\"og:title\" content=\"Sonora en Equipo. Impulsa Gobernadora Pavlovich colaboraci\u00f3n interinstitucional Sonora\" \/>\n<meta property=\"og:description\" content=\"HERMOSILLO, SONORA. MX. \u2014\u00a0 Para implementar nuevas metodolog\u00edas que eficienten el desempe\u00f1o del personal de la Fiscal\u00eda General de Justicia del Estado En Sonora en Equipo publicamos toda la informaci\u00f3n de Sonora, M\u00e9xico y el Mundo de manera oportuna y busca que la libertad de expresi\u00f3n sea real. Visita nuestro medio informativo publicado desde Hermosillo, Sonora. %\" \/>\n<meta property=\"og:url\" content=\"https:\/\/www.sonoraenequipo.com.mx\/impulsa-gobernadora-pavlovich-colaboracion-interinstitucional\/\" \/>\n<meta property=\"og:site_name\" content=\"Sonora en Equipo.\" \/>\n<meta property=\"article:publisher\" content=\"https:\/\/www.facebook.com\/SonoraEE\/\" \/>\n<meta property=\"article:author\" content=\"https:\/\/www.facebook.com\/SonoraEE\" \/>\n<meta property=\"article:published_time\" content=\"2019-12-09T05:06:59+00:00\" \/>\n<meta property=\"og:image\" content=\"https:\/\/www.sonoraenequipo.com.mx\/storage\/2019\/11\/cpa.jpg\" \/>\n\t<meta property=\"og:image:width\" content=\"500\" \/>\n\t<meta property=\"og:image:height\" content=\"333\" \/>\n\t<meta property=\"og:image:type\" content=\"image\/jpeg\" \/>\n<meta name=\"author\" content=\"enequipo\" \/>\n<meta name=\"twitter:card\" content=\"summary_large_image\" \/>\n<meta name=\"twitter:creator\" content=\"@sonoraenequipo\" \/>\n<meta name=\"twitter:site\" content=\"@sonoraenequipo\" \/>\n<meta name=\"twitter:label1\" content=\"Escrito por\" \/>\n\t<meta name=\"twitter:data1\" content=\"enequipo\" \/>\n\t<meta name=\"twitter:label2\" content=\"Tiempo de lectura\" \/>\n\t<meta name=\"twitter:data2\" content=\"4 minutos\" \/>\n<script type=\"application\/ld+json\" class=\"yoast-schema-graph\">{\"@context\":\"https:\/\/schema.org\",\"@graph\":[{\"@type\":\"Article\",\"@id\":\"https:\/\/www.sonoraenequipo.com.mx\/impulsa-gobernadora-pavlovich-colaboracion-interinstitucional\/#article\",\"isPartOf\":{\"@id\":\"https:\/\/www.sonoraenequipo.com.mx\/impulsa-gobernadora-pavlovich-colaboracion-interinstitucional\/\"},\"author\":{\"name\":\"enequipo\",\"@id\":\"https:\/\/www.sonoraenequipo.com.mx\/#\/schema\/person\/50102df0fb23a8fa9e8effad8fa81386\"},\"headline\":\"Impulsa Gobernadora Pavlovich colaboraci\u00f3n interinstitucional\",\"datePublished\":\"2019-12-09T05:06:59+00:00\",\"mainEntityOfPage\":{\"@id\":\"https:\/\/www.sonoraenequipo.com.mx\/impulsa-gobernadora-pavlovich-colaboracion-interinstitucional\/\"},\"wordCount\":821,\"commentCount\":0,\"publisher\":{\"@id\":\"https:\/\/www.sonoraenequipo.com.mx\/#organization\"},\"image\":{\"@id\":\"https:\/\/www.sonoraenequipo.com.mx\/impulsa-gobernadora-pavlovich-colaboracion-interinstitucional\/#primaryimage\"},\"thumbnailUrl\":\"https:\/\/www.sonoraenequipo.com.mx\/storage\/2019\/11\/cpa.jpg\",\"articleSection\":[\"Sonora\"],\"inLanguage\":\"es\",\"potentialAction\":[{\"@type\":\"CommentAction\",\"name\":\"Comment\",\"target\":[\"https:\/\/www.sonoraenequipo.com.mx\/impulsa-gobernadora-pavlovich-colaboracion-interinstitucional\/#respond\"]}]},{\"@type\":\"WebPage\",\"@id\":\"https:\/\/www.sonoraenequipo.com.mx\/impulsa-gobernadora-pavlovich-colaboracion-interinstitucional\/\",\"url\":\"https:\/\/www.sonoraenequipo.com.mx\/impulsa-gobernadora-pavlovich-colaboracion-interinstitucional\/\",\"name\":\"Sonora en Equipo. Impulsa Gobernadora Pavlovich colaboraci\u00f3n interinstitucional Sonora\",\"isPartOf\":{\"@id\":\"https:\/\/www.sonoraenequipo.com.mx\/#website\"},\"primaryImageOfPage\":{\"@id\":\"https:\/\/www.sonoraenequipo.com.mx\/impulsa-gobernadora-pavlovich-colaboracion-interinstitucional\/#primaryimage\"},\"image\":{\"@id\":\"https:\/\/www.sonoraenequipo.com.mx\/impulsa-gobernadora-pavlovich-colaboracion-interinstitucional\/#primaryimage\"},\"thumbnailUrl\":\"https:\/\/www.sonoraenequipo.com.mx\/storage\/2019\/11\/cpa.jpg\",\"datePublished\":\"2019-12-09T05:06:59+00:00\",\"description\":\"HERMOSILLO, SONORA. MX. \u2014\u00a0 Para implementar nuevas metodolog\u00edas que eficienten el desempe\u00f1o del personal de la Fiscal\u00eda General de Justicia del Estado En Sonora en Equipo publicamos toda la informaci\u00f3n de Sonora, M\u00e9xico y el Mundo de manera oportuna y busca que la libertad de expresi\u00f3n sea real. Visita nuestro medio informativo publicado desde Hermosillo, Sonora. %\",\"breadcrumb\":{\"@id\":\"https:\/\/www.sonoraenequipo.com.mx\/impulsa-gobernadora-pavlovich-colaboracion-interinstitucional\/#breadcrumb\"},\"inLanguage\":\"es\",\"potentialAction\":[{\"@type\":\"ReadAction\",\"target\":[\"https:\/\/www.sonoraenequipo.com.mx\/impulsa-gobernadora-pavlovich-colaboracion-interinstitucional\/\"]}]},{\"@type\":\"ImageObject\",\"inLanguage\":\"es\",\"@id\":\"https:\/\/www.sonoraenequipo.com.mx\/impulsa-gobernadora-pavlovich-colaboracion-interinstitucional\/#primaryimage\",\"url\":\"https:\/\/www.sonoraenequipo.com.mx\/storage\/2019\/11\/cpa.jpg\",\"contentUrl\":\"https:\/\/www.sonoraenequipo.com.mx\/storage\/2019\/11\/cpa.jpg\",\"width\":500,\"height\":333},{\"@type\":\"BreadcrumbList\",\"@id\":\"https:\/\/www.sonoraenequipo.com.mx\/impulsa-gobernadora-pavlovich-colaboracion-interinstitucional\/#breadcrumb\",\"itemListElement\":[{\"@type\":\"ListItem\",\"position\":1,\"name\":\"Portada\",\"item\":\"https:\/\/www.sonoraenequipo.com.mx\/\"},{\"@type\":\"ListItem\",\"position\":2,\"name\":\"Impulsa Gobernadora Pavlovich colaboraci\u00f3n interinstitucional\"}]},{\"@type\":\"WebSite\",\"@id\":\"https:\/\/www.sonoraenequipo.com.mx\/#website\",\"url\":\"https:\/\/www.sonoraenequipo.com.mx\/\",\"name\":\"Sonora en Equipo.\",\"description\":\"Diario en l\u00ednea con Noticias desde Hermosillo, Sonora\",\"publisher\":{\"@id\":\"https:\/\/www.sonoraenequipo.com.mx\/#organization\"},\"potentialAction\":[{\"@type\":\"SearchAction\",\"target\":{\"@type\":\"EntryPoint\",\"urlTemplate\":\"https:\/\/www.sonoraenequipo.com.mx\/?s={search_term_string}\"},\"query-input\":{\"@type\":\"PropertyValueSpecification\",\"valueRequired\":true,\"valueName\":\"search_term_string\"}}],\"inLanguage\":\"es\"},{\"@type\":\"Organization\",\"@id\":\"https:\/\/www.sonoraenequipo.com.mx\/#organization\",\"name\":\"Sonoraenequipo.com.mx\",\"url\":\"https:\/\/www.sonoraenequipo.com.mx\/\",\"logo\":{\"@type\":\"ImageObject\",\"inLanguage\":\"es\",\"@id\":\"https:\/\/www.sonoraenequipo.com.mx\/#\/schema\/logo\/image\/\",\"url\":\"https:\/\/www.sonoraenequipo.com.mx\/storage\/2019\/01\/sonoraenequipo_opt.png\",\"contentUrl\":\"https:\/\/www.sonoraenequipo.com.mx\/storage\/2019\/01\/sonoraenequipo_opt.png\",\"width\":375,\"height\":125,\"caption\":\"Sonoraenequipo.com.mx\"},\"image\":{\"@id\":\"https:\/\/www.sonoraenequipo.com.mx\/#\/schema\/logo\/image\/\"},\"sameAs\":[\"https:\/\/www.facebook.com\/SonoraEE\/\",\"https:\/\/x.com\/sonoraenequipo\",\"https:\/\/www.youtube.com\/channel\/UC338nW-lPEYmJQs4ZABQ1SQ\"]},{\"@type\":\"Person\",\"@id\":\"https:\/\/www.sonoraenequipo.com.mx\/#\/schema\/person\/50102df0fb23a8fa9e8effad8fa81386\",\"name\":\"enequipo\",\"image\":{\"@type\":\"ImageObject\",\"inLanguage\":\"es\",\"@id\":\"https:\/\/www.sonoraenequipo.com.mx\/#\/schema\/person\/image\/\",\"url\":\"https:\/\/secure.gravatar.com\/avatar\/049821681b589dabc0bc20695993ccebb09f5b5d4d790cd9251b97faac7c652b?s=96&d=blank&r=g\",\"contentUrl\":\"https:\/\/secure.gravatar.com\/avatar\/049821681b589dabc0bc20695993ccebb09f5b5d4d790cd9251b97faac7c652b?s=96&d=blank&r=g\",\"caption\":\"enequipo\"},\"sameAs\":[\"https:\/\/www.facebook.com\/SonoraEE\"]}]}<\/script>\n ","yoast_head_json":{"title":"Sonora en Equipo. Impulsa Gobernadora Pavlovich colaboraci\u00f3n interinstitucional Sonora","description":"HERMOSILLO, SONORA. MX. \u2014\u00a0 Para implementar nuevas metodolog\u00edas que eficienten el desempe\u00f1o del personal de la Fiscal\u00eda General de Justicia del Estado En Sonora en Equipo publicamos toda la informaci\u00f3n de Sonora, M\u00e9xico y el Mundo de manera oportuna y busca que la libertad de expresi\u00f3n sea real. Visita nuestro medio informativo publicado desde Hermosillo, Sonora. %","robots":{"index":"index","follow":"follow","max-snippet":"max-snippet:-1","max-image-preview":"max-image-preview:large","max-video-preview":"max-video-preview:-1"},"canonical":"https:\/\/www.sonoraenequipo.com.mx\/impulsa-gobernadora-pavlovich-colaboracion-interinstitucional\/","og_locale":"es_ES","og_type":"article","og_title":"Sonora en Equipo. Impulsa Gobernadora Pavlovich colaboraci\u00f3n interinstitucional Sonora","og_description":"HERMOSILLO, SONORA. MX. \u2014\u00a0 Para implementar nuevas metodolog\u00edas que eficienten el desempe\u00f1o del personal de la Fiscal\u00eda General de Justicia del Estado En Sonora en Equipo publicamos toda la informaci\u00f3n de Sonora, M\u00e9xico y el Mundo de manera oportuna y busca que la libertad de expresi\u00f3n sea real. Visita nuestro medio informativo publicado desde Hermosillo, Sonora. %","og_url":"https:\/\/www.sonoraenequipo.com.mx\/impulsa-gobernadora-pavlovich-colaboracion-interinstitucional\/","og_site_name":"Sonora en Equipo.","article_publisher":"https:\/\/www.facebook.com\/SonoraEE\/","article_author":"https:\/\/www.facebook.com\/SonoraEE","article_published_time":"2019-12-09T05:06:59+00:00","og_image":[{"width":500,"height":333,"url":"https:\/\/www.sonoraenequipo.com.mx\/storage\/2019\/11\/cpa.jpg","type":"image\/jpeg"}],"author":"enequipo","twitter_card":"summary_large_image","twitter_creator":"@sonoraenequipo","twitter_site":"@sonoraenequipo","twitter_misc":{"Escrito por":"enequipo","Tiempo de lectura":"4 minutos"},"schema":{"@context":"https:\/\/schema.org","@graph":[{"@type":"Article","@id":"https:\/\/www.sonoraenequipo.com.mx\/impulsa-gobernadora-pavlovich-colaboracion-interinstitucional\/#article","isPartOf":{"@id":"https:\/\/www.sonoraenequipo.com.mx\/impulsa-gobernadora-pavlovich-colaboracion-interinstitucional\/"},"author":{"name":"enequipo","@id":"https:\/\/www.sonoraenequipo.com.mx\/#\/schema\/person\/50102df0fb23a8fa9e8effad8fa81386"},"headline":"Impulsa Gobernadora Pavlovich colaboraci\u00f3n interinstitucional","datePublished":"2019-12-09T05:06:59+00:00","mainEntityOfPage":{"@id":"https:\/\/www.sonoraenequipo.com.mx\/impulsa-gobernadora-pavlovich-colaboracion-interinstitucional\/"},"wordCount":821,"commentCount":0,"publisher":{"@id":"https:\/\/www.sonoraenequipo.com.mx\/#organization"},"image":{"@id":"https:\/\/www.sonoraenequipo.com.mx\/impulsa-gobernadora-pavlovich-colaboracion-interinstitucional\/#primaryimage"},"thumbnailUrl":"https:\/\/www.sonoraenequipo.com.mx\/storage\/2019\/11\/cpa.jpg","articleSection":["Sonora"],"inLanguage":"es","potentialAction":[{"@type":"CommentAction","name":"Comment","target":["https:\/\/www.sonoraenequipo.com.mx\/impulsa-gobernadora-pavlovich-colaboracion-interinstitucional\/#respond"]}]},{"@type":"WebPage","@id":"https:\/\/www.sonoraenequipo.com.mx\/impulsa-gobernadora-pavlovich-colaboracion-interinstitucional\/","url":"https:\/\/www.sonoraenequipo.com.mx\/impulsa-gobernadora-pavlovich-colaboracion-interinstitucional\/","name":"Sonora en Equipo. Impulsa Gobernadora Pavlovich colaboraci\u00f3n interinstitucional Sonora","isPartOf":{"@id":"https:\/\/www.sonoraenequipo.com.mx\/#website"},"primaryImageOfPage":{"@id":"https:\/\/www.sonoraenequipo.com.mx\/impulsa-gobernadora-pavlovich-colaboracion-interinstitucional\/#primaryimage"},"image":{"@id":"https:\/\/www.sonoraenequipo.com.mx\/impulsa-gobernadora-pavlovich-colaboracion-interinstitucional\/#primaryimage"},"thumbnailUrl":"https:\/\/www.sonoraenequipo.com.mx\/storage\/2019\/11\/cpa.jpg","datePublished":"2019-12-09T05:06:59+00:00","description":"HERMOSILLO, SONORA. MX. \u2014\u00a0 Para implementar nuevas metodolog\u00edas que eficienten el desempe\u00f1o del personal de la Fiscal\u00eda General de Justicia del Estado En Sonora en Equipo publicamos toda la informaci\u00f3n de Sonora, M\u00e9xico y el Mundo de manera oportuna y busca que la libertad de expresi\u00f3n sea real. Visita nuestro medio informativo publicado desde Hermosillo, Sonora. %","breadcrumb":{"@id":"https:\/\/www.sonoraenequipo.com.mx\/impulsa-gobernadora-pavlovich-colaboracion-interinstitucional\/#breadcrumb"},"inLanguage":"es","potentialAction":[{"@type":"ReadAction","target":["https:\/\/www.sonoraenequipo.com.mx\/impulsa-gobernadora-pavlovich-colaboracion-interinstitucional\/"]}]},{"@type":"ImageObject","inLanguage":"es","@id":"https:\/\/www.sonoraenequipo.com.mx\/impulsa-gobernadora-pavlovich-colaboracion-interinstitucional\/#primaryimage","url":"https:\/\/www.sonoraenequipo.com.mx\/storage\/2019\/11\/cpa.jpg","contentUrl":"https:\/\/www.sonoraenequipo.com.mx\/storage\/2019\/11\/cpa.jpg","width":500,"height":333},{"@type":"BreadcrumbList","@id":"https:\/\/www.sonoraenequipo.com.mx\/impulsa-gobernadora-pavlovich-colaboracion-interinstitucional\/#breadcrumb","itemListElement":[{"@type":"ListItem","position":1,"name":"Portada","item":"https:\/\/www.sonoraenequipo.com.mx\/"},{"@type":"ListItem","position":2,"name":"Impulsa Gobernadora Pavlovich colaboraci\u00f3n interinstitucional"}]},{"@type":"WebSite","@id":"https:\/\/www.sonoraenequipo.com.mx\/#website","url":"https:\/\/www.sonoraenequipo.com.mx\/","name":"Sonora en Equipo.","description":"Diario en l\u00ednea con Noticias desde Hermosillo, Sonora","publisher":{"@id":"https:\/\/www.sonoraenequipo.com.mx\/#organization"},"potentialAction":[{"@type":"SearchAction","target":{"@type":"EntryPoint","urlTemplate":"https:\/\/www.sonoraenequipo.com.mx\/?s={search_term_string}"},"query-input":{"@type":"PropertyValueSpecification","valueRequired":true,"valueName":"search_term_string"}}],"inLanguage":"es"},{"@type":"Organization","@id":"https:\/\/www.sonoraenequipo.com.mx\/#organization","name":"Sonoraenequipo.com.mx","url":"https:\/\/www.sonoraenequipo.com.mx\/","logo":{"@type":"ImageObject","inLanguage":"es","@id":"https:\/\/www.sonoraenequipo.com.mx\/#\/schema\/logo\/image\/","url":"https:\/\/www.sonoraenequipo.com.mx\/storage\/2019\/01\/sonoraenequipo_opt.png","contentUrl":"https:\/\/www.sonoraenequipo.com.mx\/storage\/2019\/01\/sonoraenequipo_opt.png","width":375,"height":125,"caption":"Sonoraenequipo.com.mx"},"image":{"@id":"https:\/\/www.sonoraenequipo.com.mx\/#\/schema\/logo\/image\/"},"sameAs":["https:\/\/www.facebook.com\/SonoraEE\/","https:\/\/x.com\/sonoraenequipo","https:\/\/www.youtube.com\/channel\/UC338nW-lPEYmJQs4ZABQ1SQ"]},{"@type":"Person","@id":"https:\/\/www.sonoraenequipo.com.mx\/#\/schema\/person\/50102df0fb23a8fa9e8effad8fa81386","name":"enequipo","image":{"@type":"ImageObject","inLanguage":"es","@id":"https:\/\/www.sonoraenequipo.com.mx\/#\/schema\/person\/image\/","url":"https:\/\/secure.gravatar.com\/avatar\/049821681b589dabc0bc20695993ccebb09f5b5d4d790cd9251b97faac7c652b?s=96&d=blank&r=g","contentUrl":"https:\/\/secure.gravatar.com\/avatar\/049821681b589dabc0bc20695993ccebb09f5b5d4d790cd9251b97faac7c652b?s=96&d=blank&r=g","caption":"enequipo"},"sameAs":["https:\/\/www.facebook.com\/SonoraEE"]}]}},"jetpack_featured_media_url":"https:\/\/www.sonoraenequipo.com.mx\/storage\/2019\/11\/cpa.jpg","_links":{"self":[{"href":"https:\/\/www.sonoraenequipo.com.mx\/api\/wp\/v2\/posts\/73464","targetHints":{"allow":["GET"]}}],"collection":[{"href":"https:\/\/www.sonoraenequipo.com.mx\/api\/wp\/v2\/posts"}],"about":[{"href":"https:\/\/www.sonoraenequipo.com.mx\/api\/wp\/v2\/types\/post"}],"author":[{"embeddable":true,"href":"https:\/\/www.sonoraenequipo.com.mx\/api\/wp\/v2\/users\/1"}],"replies":[{"embeddable":true,"href":"https:\/\/www.sonoraenequipo.com.mx\/api\/wp\/v2\/comments?post=73464"}],"version-history":[{"count":0,"href":"https:\/\/www.sonoraenequipo.com.mx\/api\/wp\/v2\/posts\/73464\/revisions"}],"wp:featuredmedia":[{"embeddable":true,"href":"https:\/\/www.sonoraenequipo.com.mx\/api\/wp\/v2\/media\/71343"}],"wp:attachment":[{"href":"https:\/\/www.sonoraenequipo.com.mx\/api\/wp\/v2\/media?parent=73464"}],"wp:term":[{"taxonomy":"category","embeddable":true,"href":"https:\/\/www.sonoraenequipo.com.mx\/api\/wp\/v2\/categories?post=73464"},{"taxonomy":"post_tag","embeddable":true,"href":"https:\/\/www.sonoraenequipo.com.mx\/api\/wp\/v2\/tags?post=73464"}],"curies":[{"name":"wp","href":"https:\/\/api.w.org\/{rel}","templated":true}]}}