{"id":73477,"date":"2019-12-08T20:46:32","date_gmt":"2019-12-09T03:46:32","guid":{"rendered":"https:\/\/www.sonoraenequipo.com.mx\/?p=73477"},"modified":"2019-12-08T21:08:59","modified_gmt":"2019-12-09T04:08:59","slug":"cumple-gobierno-del-estado-a-personas-con-discapacidad","status":"publish","type":"post","link":"https:\/\/www.sonoraenequipo.com.mx\/cumple-gobierno-del-estado-a-personas-con-discapacidad\/","title":{"rendered":"Cumple Gobierno del Estado a personas con discapacidad"},"content":{"rendered":"<p>HERMOSILLO, SONORA. MX. \u2014\u00a0 Con la certeza de que 971 familias de personas con discapacidad cuentan con un impulso econ\u00f3mico para mejorar su calidad de vida, concluy\u00f3 una exitosa semana de actividades para conmemorar el D\u00eda Internacional de la Discapacidad, por parte de DIF Sonora.<\/p>\n<p>&nbsp;<\/p>\n<p> <\/p>\n<p>&nbsp;<\/p>\n<p><em>\u201cUn agradecimiento muy especial para la gobernadora del Estado, Claudia Pavlovich porque sin ella esto no se hubiera llevado a cabo, esta beca es mucha ayuda para nosotros; yo soy viudo y tengo una hija que es mi motor para salir adelante as\u00ed que esto es mucha ayuda sobre todo en estos tiempos que hay m\u00e1s gastos\u201d<\/em>, dijo C\u00e9sar Francisco \u00c1lvarez Amaya quien recibi\u00f3 beca deportiva.<\/p>\n<p>&nbsp;<\/p>\n<p>El atleta de 40 a\u00f1os de edad, uno de los 971 beneficiarios que recibieron un impulso econ\u00f3mico de apoyo a la discapacidad, asever\u00f3 que el apoyo recibido por parte de DIF Sonora es de gran ayuda para \u00e9l y su hija.<\/p>\n<p>&nbsp;<\/p>\n<p>Manifest\u00f3, que a diario se esfuerza por sacar adelante a su hija a trav\u00e9s de su trabajo y desempe\u00f1\u00e1ndose como jugador de goalball donde ocupa la posici\u00f3n central del equipo que representa a Hermosillo.<\/p>\n<p>&nbsp;<\/p>\n<p>Por su parte, la directora del Sistema DIF Sonora, Karina Z\u00e1rate F\u00e9lix resalt\u00f3 la importancia de brindar un apoyo a las familias para que mejoren la calidad de vida de ni\u00f1as, ni\u00f1os y adultos con discapacidad, contribuyendo a su integridad social, educativa, familiar y laboral.<\/p>\n<p>&nbsp;<\/p>\n<p><em>\u201cCreo que desde ac\u00e1 hemos dado pasos importantes en la inclusi\u00f3n, reconocemos que queda mucho por recorrer, pero estamos muy comprometidos por ayudar a quienes realmente requieren apoyo, les recuerdo que no est\u00e1n solos, habr\u00e1 siempre alguien que nos apoye, pero la fortaleza real est\u00e1 en uno mismo as\u00ed que no hay que darse por vencidos jam\u00e1s\u201d<\/em>, resalt\u00f3 al exhortarlos tambi\u00e9n a hacer buenas acciones por las personas m\u00e1s vulnerables.<\/p>\n<p>&nbsp;<\/p>\n<p>Fue en el Centro de Rehabilitaci\u00f3n y Educaci\u00f3n Especial que se realiz\u00f3 la segunda entrega de apoyos correspondientes al segundo semestre del 2019, a personas con discapacidad de toda la entidad.<\/p>\n<p>&nbsp;<\/p>\n<p>Laura Cristina Ortiz Malo, directora de Atenci\u00f3n a Personas con Discapacidad de DIF Sonora, invit\u00f3 a las familias a acercarse a los DIF municipales a solicitar este beneficio econ\u00f3mico a principios del a\u00f1o 2020, cuando inicia la convocatoria, programa dirigido a todo tipo de discapacidad.<\/p>\n<p>&nbsp;<\/p>\n<p>Con la entrega de becas educativas, deportivas, especiales y de atenci\u00f3n temprana a los sonorenses concluyen las actividades de la Semana de la Discapacidad que organiz\u00f3 DIF Sonora para conmemorar el D\u00eda Internacional de las Personas con Discapacidad.<\/p>\n<p>&nbsp;<\/p>\n<p>PUBLICADO EL 08\/12\/2019)<\/p>\n","protected":false},"excerpt":{"rendered":"<p>HERMOSILLO, SONORA. MX. \u2014\u00a0 Con la certeza de que 971 familias de personas con discapacidad&#8230;<\/p>\n","protected":false},"author":1,"featured_media":73469,"comment_status":"open","ping_status":"open","sticky":false,"template":"","format":"standard","meta":{"_monsterinsights_skip_tracking":false,"_monsterinsights_sitenote_active":false,"_monsterinsights_sitenote_note":"","_monsterinsights_sitenote_category":0,"footnotes":""},"categories":[22],"tags":[],"class_list":["post"],"yoast_head":" \n<title>Sonora en Equipo. Cumple Gobierno del Estado a personas con discapacidad Sonora<\/title>\n<meta name=\"description\" content=\"HERMOSILLO, SONORA. MX. \u2014\u00a0 Con la certeza de que 971 familias de personas con discapacidad cuentan con un impulso econ\u00f3mico para mejorar su calidad de En Sonora en Equipo publicamos toda la informaci\u00f3n de Sonora, M\u00e9xico y el Mundo de manera oportuna y busca que la libertad de expresi\u00f3n sea real. Visita nuestro medio informativo publicado desde Hermosillo, Sonora. %\" \/>\n<meta name=\"robots\" content=\"index, follow, max-snippet:-1, max-image-preview:large, max-video-preview:-1\" \/>\n<link rel=\"canonical\" href=\"https:\/\/www.sonoraenequipo.com.mx\/cumple-gobierno-del-estado-a-personas-con-discapacidad\/\" \/>\n<meta property=\"og:locale\" content=\"es_ES\" \/>\n<meta property=\"og:type\" content=\"article\" \/>\n<meta property=\"og:title\" content=\"Sonora en Equipo. Cumple Gobierno del Estado a personas con discapacidad Sonora\" \/>\n<meta property=\"og:description\" content=\"HERMOSILLO, SONORA. MX. \u2014\u00a0 Con la certeza de que 971 familias de personas con discapacidad cuentan con un impulso econ\u00f3mico para mejorar su calidad de En Sonora en Equipo publicamos toda la informaci\u00f3n de Sonora, M\u00e9xico y el Mundo de manera oportuna y busca que la libertad de expresi\u00f3n sea real. Visita nuestro medio informativo publicado desde Hermosillo, Sonora. %\" \/>\n<meta property=\"og:url\" content=\"https:\/\/www.sonoraenequipo.com.mx\/cumple-gobierno-del-estado-a-personas-con-discapacidad\/\" \/>\n<meta property=\"og:site_name\" content=\"Sonora en Equipo.\" \/>\n<meta property=\"article:publisher\" content=\"https:\/\/www.facebook.com\/SonoraEE\/\" \/>\n<meta property=\"article:author\" content=\"https:\/\/www.facebook.com\/SonoraEE\" \/>\n<meta property=\"article:published_time\" content=\"2019-12-09T03:46:32+00:00\" \/>\n<meta property=\"article:modified_time\" content=\"2019-12-09T04:08:59+00:00\" \/>\n<meta property=\"og:image\" content=\"https:\/\/www.sonoraenequipo.com.mx\/storage\/2019\/12\/cumple-gobierno-3_opt.jpg\" \/>\n\t<meta property=\"og:image:width\" content=\"600\" \/>\n\t<meta property=\"og:image:height\" content=\"400\" \/>\n\t<meta property=\"og:image:type\" content=\"image\/jpeg\" \/>\n<meta name=\"author\" content=\"enequipo\" \/>\n<meta name=\"twitter:card\" content=\"summary_large_image\" \/>\n<meta name=\"twitter:creator\" content=\"@sonoraenequipo\" \/>\n<meta name=\"twitter:site\" content=\"@sonoraenequipo\" \/>\n<meta name=\"twitter:label1\" content=\"Escrito por\" \/>\n\t<meta name=\"twitter:data1\" content=\"enequipo\" \/>\n\t<meta name=\"twitter:label2\" content=\"Tiempo de lectura\" \/>\n\t<meta name=\"twitter:data2\" content=\"2 minutos\" \/>\n<script type=\"application\/ld+json\" class=\"yoast-schema-graph\">{\"@context\":\"https:\/\/schema.org\",\"@graph\":[{\"@type\":\"Article\",\"@id\":\"https:\/\/www.sonoraenequipo.com.mx\/cumple-gobierno-del-estado-a-personas-con-discapacidad\/#article\",\"isPartOf\":{\"@id\":\"https:\/\/www.sonoraenequipo.com.mx\/cumple-gobierno-del-estado-a-personas-con-discapacidad\/\"},\"author\":{\"name\":\"enequipo\",\"@id\":\"https:\/\/www.sonoraenequipo.com.mx\/#\/schema\/person\/50102df0fb23a8fa9e8effad8fa81386\"},\"headline\":\"Cumple Gobierno del Estado a personas con discapacidad\",\"datePublished\":\"2019-12-09T03:46:32+00:00\",\"dateModified\":\"2019-12-09T04:08:59+00:00\",\"mainEntityOfPage\":{\"@id\":\"https:\/\/www.sonoraenequipo.com.mx\/cumple-gobierno-del-estado-a-personas-con-discapacidad\/\"},\"wordCount\":454,\"commentCount\":0,\"publisher\":{\"@id\":\"https:\/\/www.sonoraenequipo.com.mx\/#organization\"},\"image\":{\"@id\":\"https:\/\/www.sonoraenequipo.com.mx\/cumple-gobierno-del-estado-a-personas-con-discapacidad\/#primaryimage\"},\"thumbnailUrl\":\"https:\/\/www.sonoraenequipo.com.mx\/storage\/2019\/12\/cumple-gobierno-3_opt.jpg\",\"articleSection\":[\"Sonora\"],\"inLanguage\":\"es\",\"potentialAction\":[{\"@type\":\"CommentAction\",\"name\":\"Comment\",\"target\":[\"https:\/\/www.sonoraenequipo.com.mx\/cumple-gobierno-del-estado-a-personas-con-discapacidad\/#respond\"]}]},{\"@type\":\"WebPage\",\"@id\":\"https:\/\/www.sonoraenequipo.com.mx\/cumple-gobierno-del-estado-a-personas-con-discapacidad\/\",\"url\":\"https:\/\/www.sonoraenequipo.com.mx\/cumple-gobierno-del-estado-a-personas-con-discapacidad\/\",\"name\":\"Sonora en Equipo. Cumple Gobierno del Estado a personas con discapacidad Sonora\",\"isPartOf\":{\"@id\":\"https:\/\/www.sonoraenequipo.com.mx\/#website\"},\"primaryImageOfPage\":{\"@id\":\"https:\/\/www.sonoraenequipo.com.mx\/cumple-gobierno-del-estado-a-personas-con-discapacidad\/#primaryimage\"},\"image\":{\"@id\":\"https:\/\/www.sonoraenequipo.com.mx\/cumple-gobierno-del-estado-a-personas-con-discapacidad\/#primaryimage\"},\"thumbnailUrl\":\"https:\/\/www.sonoraenequipo.com.mx\/storage\/2019\/12\/cumple-gobierno-3_opt.jpg\",\"datePublished\":\"2019-12-09T03:46:32+00:00\",\"dateModified\":\"2019-12-09T04:08:59+00:00\",\"description\":\"HERMOSILLO, SONORA. MX. \u2014\u00a0 Con la certeza de que 971 familias de personas con discapacidad cuentan con un impulso econ\u00f3mico para mejorar su calidad de En Sonora en Equipo publicamos toda la informaci\u00f3n de Sonora, M\u00e9xico y el Mundo de manera oportuna y busca que la libertad de expresi\u00f3n sea real. Visita nuestro medio informativo publicado desde Hermosillo, Sonora. %\",\"breadcrumb\":{\"@id\":\"https:\/\/www.sonoraenequipo.com.mx\/cumple-gobierno-del-estado-a-personas-con-discapacidad\/#breadcrumb\"},\"inLanguage\":\"es\",\"potentialAction\":[{\"@type\":\"ReadAction\",\"target\":[\"https:\/\/www.sonoraenequipo.com.mx\/cumple-gobierno-del-estado-a-personas-con-discapacidad\/\"]}]},{\"@type\":\"ImageObject\",\"inLanguage\":\"es\",\"@id\":\"https:\/\/www.sonoraenequipo.com.mx\/cumple-gobierno-del-estado-a-personas-con-discapacidad\/#primaryimage\",\"url\":\"https:\/\/www.sonoraenequipo.com.mx\/storage\/2019\/12\/cumple-gobierno-3_opt.jpg\",\"contentUrl\":\"https:\/\/www.sonoraenequipo.com.mx\/storage\/2019\/12\/cumple-gobierno-3_opt.jpg\",\"width\":600,\"height\":400},{\"@type\":\"BreadcrumbList\",\"@id\":\"https:\/\/www.sonoraenequipo.com.mx\/cumple-gobierno-del-estado-a-personas-con-discapacidad\/#breadcrumb\",\"itemListElement\":[{\"@type\":\"ListItem\",\"position\":1,\"name\":\"Portada\",\"item\":\"https:\/\/www.sonoraenequipo.com.mx\/\"},{\"@type\":\"ListItem\",\"position\":2,\"name\":\"Cumple Gobierno del Estado a personas con discapacidad\"}]},{\"@type\":\"WebSite\",\"@id\":\"https:\/\/www.sonoraenequipo.com.mx\/#website\",\"url\":\"https:\/\/www.sonoraenequipo.com.mx\/\",\"name\":\"Sonora en Equipo.\",\"description\":\"Diario en l\u00ednea con Noticias desde Hermosillo, Sonora\",\"publisher\":{\"@id\":\"https:\/\/www.sonoraenequipo.com.mx\/#organization\"},\"potentialAction\":[{\"@type\":\"SearchAction\",\"target\":{\"@type\":\"EntryPoint\",\"urlTemplate\":\"https:\/\/www.sonoraenequipo.com.mx\/?s={search_term_string}\"},\"query-input\":{\"@type\":\"PropertyValueSpecification\",\"valueRequired\":true,\"valueName\":\"search_term_string\"}}],\"inLanguage\":\"es\"},{\"@type\":\"Organization\",\"@id\":\"https:\/\/www.sonoraenequipo.com.mx\/#organization\",\"name\":\"Sonoraenequipo.com.mx\",\"url\":\"https:\/\/www.sonoraenequipo.com.mx\/\",\"logo\":{\"@type\":\"ImageObject\",\"inLanguage\":\"es\",\"@id\":\"https:\/\/www.sonoraenequipo.com.mx\/#\/schema\/logo\/image\/\",\"url\":\"https:\/\/www.sonoraenequipo.com.mx\/storage\/2019\/01\/sonoraenequipo_opt.png\",\"contentUrl\":\"https:\/\/www.sonoraenequipo.com.mx\/storage\/2019\/01\/sonoraenequipo_opt.png\",\"width\":375,\"height\":125,\"caption\":\"Sonoraenequipo.com.mx\"},\"image\":{\"@id\":\"https:\/\/www.sonoraenequipo.com.mx\/#\/schema\/logo\/image\/\"},\"sameAs\":[\"https:\/\/www.facebook.com\/SonoraEE\/\",\"https:\/\/x.com\/sonoraenequipo\",\"https:\/\/www.youtube.com\/channel\/UC338nW-lPEYmJQs4ZABQ1SQ\"]},{\"@type\":\"Person\",\"@id\":\"https:\/\/www.sonoraenequipo.com.mx\/#\/schema\/person\/50102df0fb23a8fa9e8effad8fa81386\",\"name\":\"enequipo\",\"image\":{\"@type\":\"ImageObject\",\"inLanguage\":\"es\",\"@id\":\"https:\/\/www.sonoraenequipo.com.mx\/#\/schema\/person\/image\/\",\"url\":\"https:\/\/secure.gravatar.com\/avatar\/049821681b589dabc0bc20695993ccebb09f5b5d4d790cd9251b97faac7c652b?s=96&d=blank&r=g\",\"contentUrl\":\"https:\/\/secure.gravatar.com\/avatar\/049821681b589dabc0bc20695993ccebb09f5b5d4d790cd9251b97faac7c652b?s=96&d=blank&r=g\",\"caption\":\"enequipo\"},\"sameAs\":[\"https:\/\/www.facebook.com\/SonoraEE\"]}]}<\/script>\n ","yoast_head_json":{"title":"Sonora en Equipo. Cumple Gobierno del Estado a personas con discapacidad Sonora","description":"HERMOSILLO, SONORA. MX. \u2014\u00a0 Con la certeza de que 971 familias de personas con discapacidad cuentan con un impulso econ\u00f3mico para mejorar su calidad de En Sonora en Equipo publicamos toda la informaci\u00f3n de Sonora, M\u00e9xico y el Mundo de manera oportuna y busca que la libertad de expresi\u00f3n sea real. Visita nuestro medio informativo publicado desde Hermosillo, Sonora. %","robots":{"index":"index","follow":"follow","max-snippet":"max-snippet:-1","max-image-preview":"max-image-preview:large","max-video-preview":"max-video-preview:-1"},"canonical":"https:\/\/www.sonoraenequipo.com.mx\/cumple-gobierno-del-estado-a-personas-con-discapacidad\/","og_locale":"es_ES","og_type":"article","og_title":"Sonora en Equipo. Cumple Gobierno del Estado a personas con discapacidad Sonora","og_description":"HERMOSILLO, SONORA. MX. \u2014\u00a0 Con la certeza de que 971 familias de personas con discapacidad cuentan con un impulso econ\u00f3mico para mejorar su calidad de En Sonora en Equipo publicamos toda la informaci\u00f3n de Sonora, M\u00e9xico y el Mundo de manera oportuna y busca que la libertad de expresi\u00f3n sea real. Visita nuestro medio informativo publicado desde Hermosillo, Sonora. %","og_url":"https:\/\/www.sonoraenequipo.com.mx\/cumple-gobierno-del-estado-a-personas-con-discapacidad\/","og_site_name":"Sonora en Equipo.","article_publisher":"https:\/\/www.facebook.com\/SonoraEE\/","article_author":"https:\/\/www.facebook.com\/SonoraEE","article_published_time":"2019-12-09T03:46:32+00:00","article_modified_time":"2019-12-09T04:08:59+00:00","og_image":[{"width":600,"height":400,"url":"https:\/\/www.sonoraenequipo.com.mx\/storage\/2019\/12\/cumple-gobierno-3_opt.jpg","type":"image\/jpeg"}],"author":"enequipo","twitter_card":"summary_large_image","twitter_creator":"@sonoraenequipo","twitter_site":"@sonoraenequipo","twitter_misc":{"Escrito por":"enequipo","Tiempo de lectura":"2 minutos"},"schema":{"@context":"https:\/\/schema.org","@graph":[{"@type":"Article","@id":"https:\/\/www.sonoraenequipo.com.mx\/cumple-gobierno-del-estado-a-personas-con-discapacidad\/#article","isPartOf":{"@id":"https:\/\/www.sonoraenequipo.com.mx\/cumple-gobierno-del-estado-a-personas-con-discapacidad\/"},"author":{"name":"enequipo","@id":"https:\/\/www.sonoraenequipo.com.mx\/#\/schema\/person\/50102df0fb23a8fa9e8effad8fa81386"},"headline":"Cumple Gobierno del Estado a personas con discapacidad","datePublished":"2019-12-09T03:46:32+00:00","dateModified":"2019-12-09T04:08:59+00:00","mainEntityOfPage":{"@id":"https:\/\/www.sonoraenequipo.com.mx\/cumple-gobierno-del-estado-a-personas-con-discapacidad\/"},"wordCount":454,"commentCount":0,"publisher":{"@id":"https:\/\/www.sonoraenequipo.com.mx\/#organization"},"image":{"@id":"https:\/\/www.sonoraenequipo.com.mx\/cumple-gobierno-del-estado-a-personas-con-discapacidad\/#primaryimage"},"thumbnailUrl":"https:\/\/www.sonoraenequipo.com.mx\/storage\/2019\/12\/cumple-gobierno-3_opt.jpg","articleSection":["Sonora"],"inLanguage":"es","potentialAction":[{"@type":"CommentAction","name":"Comment","target":["https:\/\/www.sonoraenequipo.com.mx\/cumple-gobierno-del-estado-a-personas-con-discapacidad\/#respond"]}]},{"@type":"WebPage","@id":"https:\/\/www.sonoraenequipo.com.mx\/cumple-gobierno-del-estado-a-personas-con-discapacidad\/","url":"https:\/\/www.sonoraenequipo.com.mx\/cumple-gobierno-del-estado-a-personas-con-discapacidad\/","name":"Sonora en Equipo. Cumple Gobierno del Estado a personas con discapacidad Sonora","isPartOf":{"@id":"https:\/\/www.sonoraenequipo.com.mx\/#website"},"primaryImageOfPage":{"@id":"https:\/\/www.sonoraenequipo.com.mx\/cumple-gobierno-del-estado-a-personas-con-discapacidad\/#primaryimage"},"image":{"@id":"https:\/\/www.sonoraenequipo.com.mx\/cumple-gobierno-del-estado-a-personas-con-discapacidad\/#primaryimage"},"thumbnailUrl":"https:\/\/www.sonoraenequipo.com.mx\/storage\/2019\/12\/cumple-gobierno-3_opt.jpg","datePublished":"2019-12-09T03:46:32+00:00","dateModified":"2019-12-09T04:08:59+00:00","description":"HERMOSILLO, SONORA. MX. \u2014\u00a0 Con la certeza de que 971 familias de personas con discapacidad cuentan con un impulso econ\u00f3mico para mejorar su calidad de En Sonora en Equipo publicamos toda la informaci\u00f3n de Sonora, M\u00e9xico y el Mundo de manera oportuna y busca que la libertad de expresi\u00f3n sea real. Visita nuestro medio informativo publicado desde Hermosillo, Sonora. %","breadcrumb":{"@id":"https:\/\/www.sonoraenequipo.com.mx\/cumple-gobierno-del-estado-a-personas-con-discapacidad\/#breadcrumb"},"inLanguage":"es","potentialAction":[{"@type":"ReadAction","target":["https:\/\/www.sonoraenequipo.com.mx\/cumple-gobierno-del-estado-a-personas-con-discapacidad\/"]}]},{"@type":"ImageObject","inLanguage":"es","@id":"https:\/\/www.sonoraenequipo.com.mx\/cumple-gobierno-del-estado-a-personas-con-discapacidad\/#primaryimage","url":"https:\/\/www.sonoraenequipo.com.mx\/storage\/2019\/12\/cumple-gobierno-3_opt.jpg","contentUrl":"https:\/\/www.sonoraenequipo.com.mx\/storage\/2019\/12\/cumple-gobierno-3_opt.jpg","width":600,"height":400},{"@type":"BreadcrumbList","@id":"https:\/\/www.sonoraenequipo.com.mx\/cumple-gobierno-del-estado-a-personas-con-discapacidad\/#breadcrumb","itemListElement":[{"@type":"ListItem","position":1,"name":"Portada","item":"https:\/\/www.sonoraenequipo.com.mx\/"},{"@type":"ListItem","position":2,"name":"Cumple Gobierno del Estado a personas con discapacidad"}]},{"@type":"WebSite","@id":"https:\/\/www.sonoraenequipo.com.mx\/#website","url":"https:\/\/www.sonoraenequipo.com.mx\/","name":"Sonora en Equipo.","description":"Diario en l\u00ednea con Noticias desde Hermosillo, Sonora","publisher":{"@id":"https:\/\/www.sonoraenequipo.com.mx\/#organization"},"potentialAction":[{"@type":"SearchAction","target":{"@type":"EntryPoint","urlTemplate":"https:\/\/www.sonoraenequipo.com.mx\/?s={search_term_string}"},"query-input":{"@type":"PropertyValueSpecification","valueRequired":true,"valueName":"search_term_string"}}],"inLanguage":"es"},{"@type":"Organization","@id":"https:\/\/www.sonoraenequipo.com.mx\/#organization","name":"Sonoraenequipo.com.mx","url":"https:\/\/www.sonoraenequipo.com.mx\/","logo":{"@type":"ImageObject","inLanguage":"es","@id":"https:\/\/www.sonoraenequipo.com.mx\/#\/schema\/logo\/image\/","url":"https:\/\/www.sonoraenequipo.com.mx\/storage\/2019\/01\/sonoraenequipo_opt.png","contentUrl":"https:\/\/www.sonoraenequipo.com.mx\/storage\/2019\/01\/sonoraenequipo_opt.png","width":375,"height":125,"caption":"Sonoraenequipo.com.mx"},"image":{"@id":"https:\/\/www.sonoraenequipo.com.mx\/#\/schema\/logo\/image\/"},"sameAs":["https:\/\/www.facebook.com\/SonoraEE\/","https:\/\/x.com\/sonoraenequipo","https:\/\/www.youtube.com\/channel\/UC338nW-lPEYmJQs4ZABQ1SQ"]},{"@type":"Person","@id":"https:\/\/www.sonoraenequipo.com.mx\/#\/schema\/person\/50102df0fb23a8fa9e8effad8fa81386","name":"enequipo","image":{"@type":"ImageObject","inLanguage":"es","@id":"https:\/\/www.sonoraenequipo.com.mx\/#\/schema\/person\/image\/","url":"https:\/\/secure.gravatar.com\/avatar\/049821681b589dabc0bc20695993ccebb09f5b5d4d790cd9251b97faac7c652b?s=96&d=blank&r=g","contentUrl":"https:\/\/secure.gravatar.com\/avatar\/049821681b589dabc0bc20695993ccebb09f5b5d4d790cd9251b97faac7c652b?s=96&d=blank&r=g","caption":"enequipo"},"sameAs":["https:\/\/www.facebook.com\/SonoraEE"]}]}},"jetpack_featured_media_url":"https:\/\/www.sonoraenequipo.com.mx\/storage\/2019\/12\/cumple-gobierno-3_opt.jpg","_links":{"self":[{"href":"https:\/\/www.sonoraenequipo.com.mx\/api\/wp\/v2\/posts\/73477","targetHints":{"allow":["GET"]}}],"collection":[{"href":"https:\/\/www.sonoraenequipo.com.mx\/api\/wp\/v2\/posts"}],"about":[{"href":"https:\/\/www.sonoraenequipo.com.mx\/api\/wp\/v2\/types\/post"}],"author":[{"embeddable":true,"href":"https:\/\/www.sonoraenequipo.com.mx\/api\/wp\/v2\/users\/1"}],"replies":[{"embeddable":true,"href":"https:\/\/www.sonoraenequipo.com.mx\/api\/wp\/v2\/comments?post=73477"}],"version-history":[{"count":0,"href":"https:\/\/www.sonoraenequipo.com.mx\/api\/wp\/v2\/posts\/73477\/revisions"}],"wp:featuredmedia":[{"embeddable":true,"href":"https:\/\/www.sonoraenequipo.com.mx\/api\/wp\/v2\/media\/73469"}],"wp:attachment":[{"href":"https:\/\/www.sonoraenequipo.com.mx\/api\/wp\/v2\/media?parent=73477"}],"wp:term":[{"taxonomy":"category","embeddable":true,"href":"https:\/\/www.sonoraenequipo.com.mx\/api\/wp\/v2\/categories?post=73477"},{"taxonomy":"post_tag","embeddable":true,"href":"https:\/\/www.sonoraenequipo.com.mx\/api\/wp\/v2\/tags?post=73477"}],"curies":[{"name":"wp","href":"https:\/\/api.w.org\/{rel}","templated":true}]}}