{"id":73497,"date":"2019-12-09T06:00:14","date_gmt":"2019-12-09T13:00:14","guid":{"rendered":"https:\/\/www.sonoraenequipo.com.mx\/?p=73497"},"modified":"2019-12-09T07:56:32","modified_gmt":"2019-12-09T14:56:32","slug":"abordan-el-tema-de-los-cuidados-paliativos-en-el-i-seminario-del-departamento-de-enfermeria","status":"publish","type":"post","link":"https:\/\/www.sonoraenequipo.com.mx\/abordan-el-tema-de-los-cuidados-paliativos-en-el-i-seminario-del-departamento-de-enfermeria\/","title":{"rendered":"Abordan el tema de los cuidados paliativos en el I Seminario del Departamento de Enfermer\u00eda"},"content":{"rendered":"<p>HERMOSILLO, SONORA. MX. \u2014 Es necesario que el profesional de la salud conciba que en la atenci\u00f3n hacia pacientes con problemas en edad avanzada y con enfermedades cr\u00f3nico degenerativas se esmere y ofrezca las mejores alternativas de cuidado, consider\u00f3 Guadalupe Moreno Carranza.<\/p>\n<p> <\/p>\n<p>El egresado del Departamento de Enfermer\u00eda de la Universidad de Sonora invit\u00f3 a los estudiantes de esta disciplina a concebir los cuidados paliativos como parte de un modelo de alta calidad en salud, y que la condici\u00f3n de muerte no est\u00e1 aislada del proceso de la vida de toda persona.<\/p>\n<p>Al exponer el tema sobre las Tendencias actuales de los cuidados paliativos a pacientes en etapa terminal en el Primer Seminario de Enfermer\u00eda en Cuidados Paliativos, Moreno Carranza dijo que este proceso de atenci\u00f3n trasciende hoy en M\u00e9xico y a nivel mundial.<\/p>\n<p><em>\u201cEs necesario que el profesional de la salud conciba que en la atenci\u00f3n hacia pacientes con problema de salud avanzada y cr\u00f3nico degenerativa, se esmere y ofrezca las mejores alternativas de cuidado, evitando incluso que sea excluido dentro del sector de salud por la falta de capacitaci\u00f3n en esta \u00e1rea\u201d.<\/em><\/p>\n<p><em>\u201cLo que se centra en este tema es visionar lo que se espera de este tipo de cuidados y c\u00f3mo la enfermer\u00eda puede implementar estrategias de cuidado y contribuir con mejores alternativas de cuidado\u201d,<\/em> concluy\u00f3.<\/p>\n<h3>Modelo de atenci\u00f3n en la \u00faltima etapa de la vida<\/h3>\n<p>El evento se desarroll\u00f3 con la exposici\u00f3n de dos conferencias magistrales, un video enlace a la Universidad de Antioqu\u00eda, Colombia, y una mesa redonda sobre la tem\u00e1tica Paliar desde el trabajo multidisciplinario. El otro tema central expuesto fue Pr\u00e1cticas complementarias en el control del dolor, a cargo de Manuel David Parra Chaparro.<\/p>\n<p>La actividad tuvo el objetivo de sensibilizar a los asistentes \u2014estudiantes de todos los semestres de la licenciatura\u2014 sobre los cuidados paliativos como modelo de atenci\u00f3n integral en salud que se dirigen a los pacientes en la \u00faltima etapa de vida.<\/p>\n<p>Mar\u00eda Olga Quintana Zavala, jefa del Departamento de Enfermer\u00eda, al inaugurar la actividad calific\u00f3 al seminario de muy innovador en relaci\u00f3n con la atenci\u00f3n alternativa a aquellos pacientes susceptibles de cuidados en su salud, cuyo punto central humano es proporcionar el mayor grado de bienestar.<\/p>\n<p>EL programa acad\u00e9mico comprendi\u00f3 los antecedentes hist\u00f3ricos, definiciones, caracter\u00edsticas y concepciones sobre la muerte, hasta las intervenciones multidisciplinarias dirigidas a los pacientes susceptibles de atenci\u00f3n en esa \u00e1rea.<\/p>\n<p>La coordinaci\u00f3n del evento estuvo a cargo de la acad\u00e9mica Reyna Isabel Hern\u00e1ndez Pedroza, as\u00ed como de Belda Patricia Robles Romero, Patricia Adilene R\u00edos Provincia y Liliana Alcaraz Casta\u00f1eda, egresadas de la licenciatura, quienes se\u00f1alaron que ese modelo de atenci\u00f3n tambi\u00e9n tiene como objetivo ofrecer al paciente la sensaci\u00f3n global de satisfacci\u00f3n o alivio a sus necesidades f\u00edsicas, psicol\u00f3gicas, emocionales, sociales y espirituales en la \u00faltima etapa de su existencia.<\/p>\n<p>Dieron a conocer que la actividad se desarroll\u00f3 en un contexto acad\u00e9mico en el que intervinieron expertos en la tem\u00e1tica, adem\u00e1s de su experiencia pr\u00e1ctica dedicada a la atenci\u00f3n de pacientes susceptibles de esos cuidados.<\/p>\n<p><em>\u201cSe trata de coadyuvar al perfil de licenciado en Enfermer\u00eda para que pueda desempe\u00f1arse con eficacia, responsabilidad y sentido humanitario, tanto de manera individual como en equipos disciplinarios e interdisciplinarios en los diferentes niveles de atenci\u00f3n a la salud\u201d,<\/em> puntualizaron.<\/p>\n<p>En el caso del video enlace a la Universidad de Antioqu\u00eda, \u00e9ste abord\u00f3 el tema Trayectorias de la enfermedad y aspectos b\u00e1sicos en el cuidado de la persona en cuidados paliativos, y en la mesa redonda Paliar desde el trabajo multidisciplinar, intervinieron Benjam\u00edn Luis L\u00f3pez Nogales, Mar\u00eda de Lourdes Herrera S\u00e1nchez y Jessica Gabriela Romo Valdez.<\/p>\n<p>PUBLICADO EL 09\/12\/2019)<\/p>\n","protected":false},"excerpt":{"rendered":"<p>HERMOSILLO, SONORA. MX. \u2014 Es necesario que el profesional de la salud conciba que en&#8230;<\/p>\n","protected":false},"author":1,"featured_media":73441,"comment_status":"open","ping_status":"open","sticky":false,"template":"","format":"standard","meta":{"_monsterinsights_skip_tracking":false,"_monsterinsights_sitenote_active":false,"_monsterinsights_sitenote_note":"","_monsterinsights_sitenote_category":0,"footnotes":""},"categories":[22],"tags":[],"class_list":["post"],"yoast_head":" \n<title>Sonora en Equipo. Abordan el tema de los cuidados paliativos en el I Seminario del Departamento de Enfermer\u00eda Sonora<\/title>\n<meta name=\"description\" content=\"HERMOSILLO, SONORA. MX. \u2014 Es necesario que el profesional de la salud conciba que en la atenci\u00f3n hacia pacientes con problemas en edad avanzada y con En Sonora en Equipo publicamos toda la informaci\u00f3n de Sonora, M\u00e9xico y el Mundo de manera oportuna y busca que la libertad de expresi\u00f3n sea real. Visita nuestro medio informativo publicado desde Hermosillo, Sonora. %\" \/>\n<meta name=\"robots\" content=\"index, follow, max-snippet:-1, max-image-preview:large, max-video-preview:-1\" \/>\n<link rel=\"canonical\" href=\"https:\/\/www.sonoraenequipo.com.mx\/abordan-el-tema-de-los-cuidados-paliativos-en-el-i-seminario-del-departamento-de-enfermeria\/\" \/>\n<meta property=\"og:locale\" content=\"es_ES\" \/>\n<meta property=\"og:type\" content=\"article\" \/>\n<meta property=\"og:title\" content=\"Sonora en Equipo. Abordan el tema de los cuidados paliativos en el I Seminario del Departamento de Enfermer\u00eda Sonora\" \/>\n<meta property=\"og:description\" content=\"HERMOSILLO, SONORA. MX. \u2014 Es necesario que el profesional de la salud conciba que en la atenci\u00f3n hacia pacientes con problemas en edad avanzada y con En Sonora en Equipo publicamos toda la informaci\u00f3n de Sonora, M\u00e9xico y el Mundo de manera oportuna y busca que la libertad de expresi\u00f3n sea real. Visita nuestro medio informativo publicado desde Hermosillo, Sonora. %\" \/>\n<meta property=\"og:url\" content=\"https:\/\/www.sonoraenequipo.com.mx\/abordan-el-tema-de-los-cuidados-paliativos-en-el-i-seminario-del-departamento-de-enfermeria\/\" \/>\n<meta property=\"og:site_name\" content=\"Sonora en Equipo.\" \/>\n<meta property=\"article:publisher\" content=\"https:\/\/www.facebook.com\/SonoraEE\/\" \/>\n<meta property=\"article:author\" content=\"https:\/\/www.facebook.com\/SonoraEE\" \/>\n<meta property=\"article:published_time\" content=\"2019-12-09T13:00:14+00:00\" \/>\n<meta property=\"article:modified_time\" content=\"2019-12-09T14:56:32+00:00\" \/>\n<meta property=\"og:image\" content=\"https:\/\/www.sonoraenequipo.com.mx\/storage\/2019\/12\/seminario-enfermeria_opt.jpg\" \/>\n\t<meta property=\"og:image:width\" content=\"486\" \/>\n\t<meta property=\"og:image:height\" content=\"400\" \/>\n\t<meta property=\"og:image:type\" content=\"image\/jpeg\" \/>\n<meta name=\"author\" content=\"enequipo\" \/>\n<meta name=\"twitter:card\" content=\"summary_large_image\" \/>\n<meta name=\"twitter:creator\" content=\"@sonoraenequipo\" \/>\n<meta name=\"twitter:site\" content=\"@sonoraenequipo\" \/>\n<meta name=\"twitter:label1\" content=\"Escrito por\" \/>\n\t<meta name=\"twitter:data1\" content=\"enequipo\" \/>\n\t<meta name=\"twitter:label2\" content=\"Tiempo de lectura\" \/>\n\t<meta name=\"twitter:data2\" content=\"3 minutos\" \/>\n<script type=\"application\/ld+json\" class=\"yoast-schema-graph\">{\"@context\":\"https:\/\/schema.org\",\"@graph\":[{\"@type\":\"Article\",\"@id\":\"https:\/\/www.sonoraenequipo.com.mx\/abordan-el-tema-de-los-cuidados-paliativos-en-el-i-seminario-del-departamento-de-enfermeria\/#article\",\"isPartOf\":{\"@id\":\"https:\/\/www.sonoraenequipo.com.mx\/abordan-el-tema-de-los-cuidados-paliativos-en-el-i-seminario-del-departamento-de-enfermeria\/\"},\"author\":{\"name\":\"enequipo\",\"@id\":\"https:\/\/www.sonoraenequipo.com.mx\/#\/schema\/person\/50102df0fb23a8fa9e8effad8fa81386\"},\"headline\":\"Abordan el tema de los cuidados paliativos en el I Seminario del Departamento de Enfermer\u00eda\",\"datePublished\":\"2019-12-09T13:00:14+00:00\",\"dateModified\":\"2019-12-09T14:56:32+00:00\",\"mainEntityOfPage\":{\"@id\":\"https:\/\/www.sonoraenequipo.com.mx\/abordan-el-tema-de-los-cuidados-paliativos-en-el-i-seminario-del-departamento-de-enfermeria\/\"},\"wordCount\":665,\"commentCount\":0,\"publisher\":{\"@id\":\"https:\/\/www.sonoraenequipo.com.mx\/#organization\"},\"image\":{\"@id\":\"https:\/\/www.sonoraenequipo.com.mx\/abordan-el-tema-de-los-cuidados-paliativos-en-el-i-seminario-del-departamento-de-enfermeria\/#primaryimage\"},\"thumbnailUrl\":\"https:\/\/www.sonoraenequipo.com.mx\/storage\/2019\/12\/seminario-enfermeria_opt.jpg\",\"articleSection\":[\"Sonora\"],\"inLanguage\":\"es\",\"potentialAction\":[{\"@type\":\"CommentAction\",\"name\":\"Comment\",\"target\":[\"https:\/\/www.sonoraenequipo.com.mx\/abordan-el-tema-de-los-cuidados-paliativos-en-el-i-seminario-del-departamento-de-enfermeria\/#respond\"]}]},{\"@type\":\"WebPage\",\"@id\":\"https:\/\/www.sonoraenequipo.com.mx\/abordan-el-tema-de-los-cuidados-paliativos-en-el-i-seminario-del-departamento-de-enfermeria\/\",\"url\":\"https:\/\/www.sonoraenequipo.com.mx\/abordan-el-tema-de-los-cuidados-paliativos-en-el-i-seminario-del-departamento-de-enfermeria\/\",\"name\":\"Sonora en Equipo. Abordan el tema de los cuidados paliativos en el I Seminario del Departamento de Enfermer\u00eda Sonora\",\"isPartOf\":{\"@id\":\"https:\/\/www.sonoraenequipo.com.mx\/#website\"},\"primaryImageOfPage\":{\"@id\":\"https:\/\/www.sonoraenequipo.com.mx\/abordan-el-tema-de-los-cuidados-paliativos-en-el-i-seminario-del-departamento-de-enfermeria\/#primaryimage\"},\"image\":{\"@id\":\"https:\/\/www.sonoraenequipo.com.mx\/abordan-el-tema-de-los-cuidados-paliativos-en-el-i-seminario-del-departamento-de-enfermeria\/#primaryimage\"},\"thumbnailUrl\":\"https:\/\/www.sonoraenequipo.com.mx\/storage\/2019\/12\/seminario-enfermeria_opt.jpg\",\"datePublished\":\"2019-12-09T13:00:14+00:00\",\"dateModified\":\"2019-12-09T14:56:32+00:00\",\"description\":\"HERMOSILLO, SONORA. MX. \u2014 Es necesario que el profesional de la salud conciba que en la atenci\u00f3n hacia pacientes con problemas en edad avanzada y con En Sonora en Equipo publicamos toda la informaci\u00f3n de Sonora, M\u00e9xico y el Mundo de manera oportuna y busca que la libertad de expresi\u00f3n sea real. Visita nuestro medio informativo publicado desde Hermosillo, Sonora. %\",\"breadcrumb\":{\"@id\":\"https:\/\/www.sonoraenequipo.com.mx\/abordan-el-tema-de-los-cuidados-paliativos-en-el-i-seminario-del-departamento-de-enfermeria\/#breadcrumb\"},\"inLanguage\":\"es\",\"potentialAction\":[{\"@type\":\"ReadAction\",\"target\":[\"https:\/\/www.sonoraenequipo.com.mx\/abordan-el-tema-de-los-cuidados-paliativos-en-el-i-seminario-del-departamento-de-enfermeria\/\"]}]},{\"@type\":\"ImageObject\",\"inLanguage\":\"es\",\"@id\":\"https:\/\/www.sonoraenequipo.com.mx\/abordan-el-tema-de-los-cuidados-paliativos-en-el-i-seminario-del-departamento-de-enfermeria\/#primaryimage\",\"url\":\"https:\/\/www.sonoraenequipo.com.mx\/storage\/2019\/12\/seminario-enfermeria_opt.jpg\",\"contentUrl\":\"https:\/\/www.sonoraenequipo.com.mx\/storage\/2019\/12\/seminario-enfermeria_opt.jpg\",\"width\":486,\"height\":400},{\"@type\":\"BreadcrumbList\",\"@id\":\"https:\/\/www.sonoraenequipo.com.mx\/abordan-el-tema-de-los-cuidados-paliativos-en-el-i-seminario-del-departamento-de-enfermeria\/#breadcrumb\",\"itemListElement\":[{\"@type\":\"ListItem\",\"position\":1,\"name\":\"Portada\",\"item\":\"https:\/\/www.sonoraenequipo.com.mx\/\"},{\"@type\":\"ListItem\",\"position\":2,\"name\":\"Abordan el tema de los cuidados paliativos en el I Seminario del Departamento de Enfermer\u00eda\"}]},{\"@type\":\"WebSite\",\"@id\":\"https:\/\/www.sonoraenequipo.com.mx\/#website\",\"url\":\"https:\/\/www.sonoraenequipo.com.mx\/\",\"name\":\"Sonora en Equipo.\",\"description\":\"Diario en l\u00ednea con Noticias desde Hermosillo, Sonora\",\"publisher\":{\"@id\":\"https:\/\/www.sonoraenequipo.com.mx\/#organization\"},\"potentialAction\":[{\"@type\":\"SearchAction\",\"target\":{\"@type\":\"EntryPoint\",\"urlTemplate\":\"https:\/\/www.sonoraenequipo.com.mx\/?s={search_term_string}\"},\"query-input\":{\"@type\":\"PropertyValueSpecification\",\"valueRequired\":true,\"valueName\":\"search_term_string\"}}],\"inLanguage\":\"es\"},{\"@type\":\"Organization\",\"@id\":\"https:\/\/www.sonoraenequipo.com.mx\/#organization\",\"name\":\"Sonoraenequipo.com.mx\",\"url\":\"https:\/\/www.sonoraenequipo.com.mx\/\",\"logo\":{\"@type\":\"ImageObject\",\"inLanguage\":\"es\",\"@id\":\"https:\/\/www.sonoraenequipo.com.mx\/#\/schema\/logo\/image\/\",\"url\":\"https:\/\/www.sonoraenequipo.com.mx\/storage\/2019\/01\/sonoraenequipo_opt.png\",\"contentUrl\":\"https:\/\/www.sonoraenequipo.com.mx\/storage\/2019\/01\/sonoraenequipo_opt.png\",\"width\":375,\"height\":125,\"caption\":\"Sonoraenequipo.com.mx\"},\"image\":{\"@id\":\"https:\/\/www.sonoraenequipo.com.mx\/#\/schema\/logo\/image\/\"},\"sameAs\":[\"https:\/\/www.facebook.com\/SonoraEE\/\",\"https:\/\/x.com\/sonoraenequipo\",\"https:\/\/www.youtube.com\/channel\/UC338nW-lPEYmJQs4ZABQ1SQ\"]},{\"@type\":\"Person\",\"@id\":\"https:\/\/www.sonoraenequipo.com.mx\/#\/schema\/person\/50102df0fb23a8fa9e8effad8fa81386\",\"name\":\"enequipo\",\"image\":{\"@type\":\"ImageObject\",\"inLanguage\":\"es\",\"@id\":\"https:\/\/www.sonoraenequipo.com.mx\/#\/schema\/person\/image\/\",\"url\":\"https:\/\/secure.gravatar.com\/avatar\/049821681b589dabc0bc20695993ccebb09f5b5d4d790cd9251b97faac7c652b?s=96&d=blank&r=g\",\"contentUrl\":\"https:\/\/secure.gravatar.com\/avatar\/049821681b589dabc0bc20695993ccebb09f5b5d4d790cd9251b97faac7c652b?s=96&d=blank&r=g\",\"caption\":\"enequipo\"},\"sameAs\":[\"https:\/\/www.facebook.com\/SonoraEE\"]}]}<\/script>\n ","yoast_head_json":{"title":"Sonora en Equipo. Abordan el tema de los cuidados paliativos en el I Seminario del Departamento de Enfermer\u00eda Sonora","description":"HERMOSILLO, SONORA. MX. \u2014 Es necesario que el profesional de la salud conciba que en la atenci\u00f3n hacia pacientes con problemas en edad avanzada y con En Sonora en Equipo publicamos toda la informaci\u00f3n de Sonora, M\u00e9xico y el Mundo de manera oportuna y busca que la libertad de expresi\u00f3n sea real. Visita nuestro medio informativo publicado desde Hermosillo, Sonora. %","robots":{"index":"index","follow":"follow","max-snippet":"max-snippet:-1","max-image-preview":"max-image-preview:large","max-video-preview":"max-video-preview:-1"},"canonical":"https:\/\/www.sonoraenequipo.com.mx\/abordan-el-tema-de-los-cuidados-paliativos-en-el-i-seminario-del-departamento-de-enfermeria\/","og_locale":"es_ES","og_type":"article","og_title":"Sonora en Equipo. Abordan el tema de los cuidados paliativos en el I Seminario del Departamento de Enfermer\u00eda Sonora","og_description":"HERMOSILLO, SONORA. MX. \u2014 Es necesario que el profesional de la salud conciba que en la atenci\u00f3n hacia pacientes con problemas en edad avanzada y con En Sonora en Equipo publicamos toda la informaci\u00f3n de Sonora, M\u00e9xico y el Mundo de manera oportuna y busca que la libertad de expresi\u00f3n sea real. Visita nuestro medio informativo publicado desde Hermosillo, Sonora. %","og_url":"https:\/\/www.sonoraenequipo.com.mx\/abordan-el-tema-de-los-cuidados-paliativos-en-el-i-seminario-del-departamento-de-enfermeria\/","og_site_name":"Sonora en Equipo.","article_publisher":"https:\/\/www.facebook.com\/SonoraEE\/","article_author":"https:\/\/www.facebook.com\/SonoraEE","article_published_time":"2019-12-09T13:00:14+00:00","article_modified_time":"2019-12-09T14:56:32+00:00","og_image":[{"width":486,"height":400,"url":"https:\/\/www.sonoraenequipo.com.mx\/storage\/2019\/12\/seminario-enfermeria_opt.jpg","type":"image\/jpeg"}],"author":"enequipo","twitter_card":"summary_large_image","twitter_creator":"@sonoraenequipo","twitter_site":"@sonoraenequipo","twitter_misc":{"Escrito por":"enequipo","Tiempo de lectura":"3 minutos"},"schema":{"@context":"https:\/\/schema.org","@graph":[{"@type":"Article","@id":"https:\/\/www.sonoraenequipo.com.mx\/abordan-el-tema-de-los-cuidados-paliativos-en-el-i-seminario-del-departamento-de-enfermeria\/#article","isPartOf":{"@id":"https:\/\/www.sonoraenequipo.com.mx\/abordan-el-tema-de-los-cuidados-paliativos-en-el-i-seminario-del-departamento-de-enfermeria\/"},"author":{"name":"enequipo","@id":"https:\/\/www.sonoraenequipo.com.mx\/#\/schema\/person\/50102df0fb23a8fa9e8effad8fa81386"},"headline":"Abordan el tema de los cuidados paliativos en el I Seminario del Departamento de Enfermer\u00eda","datePublished":"2019-12-09T13:00:14+00:00","dateModified":"2019-12-09T14:56:32+00:00","mainEntityOfPage":{"@id":"https:\/\/www.sonoraenequipo.com.mx\/abordan-el-tema-de-los-cuidados-paliativos-en-el-i-seminario-del-departamento-de-enfermeria\/"},"wordCount":665,"commentCount":0,"publisher":{"@id":"https:\/\/www.sonoraenequipo.com.mx\/#organization"},"image":{"@id":"https:\/\/www.sonoraenequipo.com.mx\/abordan-el-tema-de-los-cuidados-paliativos-en-el-i-seminario-del-departamento-de-enfermeria\/#primaryimage"},"thumbnailUrl":"https:\/\/www.sonoraenequipo.com.mx\/storage\/2019\/12\/seminario-enfermeria_opt.jpg","articleSection":["Sonora"],"inLanguage":"es","potentialAction":[{"@type":"CommentAction","name":"Comment","target":["https:\/\/www.sonoraenequipo.com.mx\/abordan-el-tema-de-los-cuidados-paliativos-en-el-i-seminario-del-departamento-de-enfermeria\/#respond"]}]},{"@type":"WebPage","@id":"https:\/\/www.sonoraenequipo.com.mx\/abordan-el-tema-de-los-cuidados-paliativos-en-el-i-seminario-del-departamento-de-enfermeria\/","url":"https:\/\/www.sonoraenequipo.com.mx\/abordan-el-tema-de-los-cuidados-paliativos-en-el-i-seminario-del-departamento-de-enfermeria\/","name":"Sonora en Equipo. Abordan el tema de los cuidados paliativos en el I Seminario del Departamento de Enfermer\u00eda Sonora","isPartOf":{"@id":"https:\/\/www.sonoraenequipo.com.mx\/#website"},"primaryImageOfPage":{"@id":"https:\/\/www.sonoraenequipo.com.mx\/abordan-el-tema-de-los-cuidados-paliativos-en-el-i-seminario-del-departamento-de-enfermeria\/#primaryimage"},"image":{"@id":"https:\/\/www.sonoraenequipo.com.mx\/abordan-el-tema-de-los-cuidados-paliativos-en-el-i-seminario-del-departamento-de-enfermeria\/#primaryimage"},"thumbnailUrl":"https:\/\/www.sonoraenequipo.com.mx\/storage\/2019\/12\/seminario-enfermeria_opt.jpg","datePublished":"2019-12-09T13:00:14+00:00","dateModified":"2019-12-09T14:56:32+00:00","description":"HERMOSILLO, SONORA. MX. \u2014 Es necesario que el profesional de la salud conciba que en la atenci\u00f3n hacia pacientes con problemas en edad avanzada y con En Sonora en Equipo publicamos toda la informaci\u00f3n de Sonora, M\u00e9xico y el Mundo de manera oportuna y busca que la libertad de expresi\u00f3n sea real. Visita nuestro medio informativo publicado desde Hermosillo, Sonora. %","breadcrumb":{"@id":"https:\/\/www.sonoraenequipo.com.mx\/abordan-el-tema-de-los-cuidados-paliativos-en-el-i-seminario-del-departamento-de-enfermeria\/#breadcrumb"},"inLanguage":"es","potentialAction":[{"@type":"ReadAction","target":["https:\/\/www.sonoraenequipo.com.mx\/abordan-el-tema-de-los-cuidados-paliativos-en-el-i-seminario-del-departamento-de-enfermeria\/"]}]},{"@type":"ImageObject","inLanguage":"es","@id":"https:\/\/www.sonoraenequipo.com.mx\/abordan-el-tema-de-los-cuidados-paliativos-en-el-i-seminario-del-departamento-de-enfermeria\/#primaryimage","url":"https:\/\/www.sonoraenequipo.com.mx\/storage\/2019\/12\/seminario-enfermeria_opt.jpg","contentUrl":"https:\/\/www.sonoraenequipo.com.mx\/storage\/2019\/12\/seminario-enfermeria_opt.jpg","width":486,"height":400},{"@type":"BreadcrumbList","@id":"https:\/\/www.sonoraenequipo.com.mx\/abordan-el-tema-de-los-cuidados-paliativos-en-el-i-seminario-del-departamento-de-enfermeria\/#breadcrumb","itemListElement":[{"@type":"ListItem","position":1,"name":"Portada","item":"https:\/\/www.sonoraenequipo.com.mx\/"},{"@type":"ListItem","position":2,"name":"Abordan el tema de los cuidados paliativos en el I Seminario del Departamento de Enfermer\u00eda"}]},{"@type":"WebSite","@id":"https:\/\/www.sonoraenequipo.com.mx\/#website","url":"https:\/\/www.sonoraenequipo.com.mx\/","name":"Sonora en Equipo.","description":"Diario en l\u00ednea con Noticias desde Hermosillo, Sonora","publisher":{"@id":"https:\/\/www.sonoraenequipo.com.mx\/#organization"},"potentialAction":[{"@type":"SearchAction","target":{"@type":"EntryPoint","urlTemplate":"https:\/\/www.sonoraenequipo.com.mx\/?s={search_term_string}"},"query-input":{"@type":"PropertyValueSpecification","valueRequired":true,"valueName":"search_term_string"}}],"inLanguage":"es"},{"@type":"Organization","@id":"https:\/\/www.sonoraenequipo.com.mx\/#organization","name":"Sonoraenequipo.com.mx","url":"https:\/\/www.sonoraenequipo.com.mx\/","logo":{"@type":"ImageObject","inLanguage":"es","@id":"https:\/\/www.sonoraenequipo.com.mx\/#\/schema\/logo\/image\/","url":"https:\/\/www.sonoraenequipo.com.mx\/storage\/2019\/01\/sonoraenequipo_opt.png","contentUrl":"https:\/\/www.sonoraenequipo.com.mx\/storage\/2019\/01\/sonoraenequipo_opt.png","width":375,"height":125,"caption":"Sonoraenequipo.com.mx"},"image":{"@id":"https:\/\/www.sonoraenequipo.com.mx\/#\/schema\/logo\/image\/"},"sameAs":["https:\/\/www.facebook.com\/SonoraEE\/","https:\/\/x.com\/sonoraenequipo","https:\/\/www.youtube.com\/channel\/UC338nW-lPEYmJQs4ZABQ1SQ"]},{"@type":"Person","@id":"https:\/\/www.sonoraenequipo.com.mx\/#\/schema\/person\/50102df0fb23a8fa9e8effad8fa81386","name":"enequipo","image":{"@type":"ImageObject","inLanguage":"es","@id":"https:\/\/www.sonoraenequipo.com.mx\/#\/schema\/person\/image\/","url":"https:\/\/secure.gravatar.com\/avatar\/049821681b589dabc0bc20695993ccebb09f5b5d4d790cd9251b97faac7c652b?s=96&d=blank&r=g","contentUrl":"https:\/\/secure.gravatar.com\/avatar\/049821681b589dabc0bc20695993ccebb09f5b5d4d790cd9251b97faac7c652b?s=96&d=blank&r=g","caption":"enequipo"},"sameAs":["https:\/\/www.facebook.com\/SonoraEE"]}]}},"jetpack_featured_media_url":"https:\/\/www.sonoraenequipo.com.mx\/storage\/2019\/12\/seminario-enfermeria_opt.jpg","_links":{"self":[{"href":"https:\/\/www.sonoraenequipo.com.mx\/api\/wp\/v2\/posts\/73497","targetHints":{"allow":["GET"]}}],"collection":[{"href":"https:\/\/www.sonoraenequipo.com.mx\/api\/wp\/v2\/posts"}],"about":[{"href":"https:\/\/www.sonoraenequipo.com.mx\/api\/wp\/v2\/types\/post"}],"author":[{"embeddable":true,"href":"https:\/\/www.sonoraenequipo.com.mx\/api\/wp\/v2\/users\/1"}],"replies":[{"embeddable":true,"href":"https:\/\/www.sonoraenequipo.com.mx\/api\/wp\/v2\/comments?post=73497"}],"version-history":[{"count":0,"href":"https:\/\/www.sonoraenequipo.com.mx\/api\/wp\/v2\/posts\/73497\/revisions"}],"wp:featuredmedia":[{"embeddable":true,"href":"https:\/\/www.sonoraenequipo.com.mx\/api\/wp\/v2\/media\/73441"}],"wp:attachment":[{"href":"https:\/\/www.sonoraenequipo.com.mx\/api\/wp\/v2\/media?parent=73497"}],"wp:term":[{"taxonomy":"category","embeddable":true,"href":"https:\/\/www.sonoraenequipo.com.mx\/api\/wp\/v2\/categories?post=73497"},{"taxonomy":"post_tag","embeddable":true,"href":"https:\/\/www.sonoraenequipo.com.mx\/api\/wp\/v2\/tags?post=73497"}],"curies":[{"name":"wp","href":"https:\/\/api.w.org\/{rel}","templated":true}]}}