{"id":73534,"date":"2019-12-09T00:00:08","date_gmt":"2019-12-09T07:00:08","guid":{"rendered":"https:\/\/www.sonoraenequipo.com.mx\/?p=73534"},"modified":"2019-12-09T09:32:47","modified_gmt":"2019-12-09T16:32:47","slug":"protestan-en-colombia-con-caravana-musical","status":"publish","type":"post","link":"https:\/\/www.sonoraenequipo.com.mx\/protestan-en-colombia-con-caravana-musical\/","title":{"rendered":"Protestan en Colombia con caravana musical"},"content":{"rendered":"<p>BOGOTA, COLOMBIA. \u2014 Cerca de 40 artistas y bandas colombianas unieron sus voces este domingo en una caravana musical de apoyo a las protestas sociales contra el Gobierno del presidente Iv\u00e1n Duque que llev\u00f3 a las avenidas de Bogot\u00e1 a una multitud bajo el lema<em> \u00abUn canto por Colombia en la calle\u00bb.<\/em><\/p>\n<p>&nbsp;<\/p>\n<p> <\/p>\n<p>&nbsp;<\/p>\n<p>Bajo un sol radiante, miles de personas siguieron durante m\u00e1s de seis horas una amalgama de ritmos, desde el porro caribe\u00f1o de Adriana Luc\u00eda hasta el rock de Doctor Kr\u00e1pula o La Derecha, en un ambiente festivo que se prolong\u00f3 hasta bien avanzada la tarde cuando un aguacero enfri\u00f3 los \u00e1nimos en la parte final del concierto.<\/p>\n<p>&nbsp;<\/p>\n<p><em>\u00abNosotros no queremos nada regalado, queremos lo que nos toca\u00bb,<\/em> manifest\u00f3 en el inicio de su presentaci\u00f3n en el Planetario Distrital una combativa Adriana Luc\u00eda, convertida en la voz m\u00e1s cr\u00edtica del Gobierno en la escena art\u00edstica colombiana.<\/p>\n<p>&nbsp;<\/p>\n<p>El origen de la protestas es un <em>\u00abparo nacional\u00bb<\/em> que los principales sindicatos hicieron el pasado 21 de noviembre para pedir cambios en la pol\u00edtica econ\u00f3mica y social del Gobierno y que, si bien no paraliz\u00f3 el pa\u00eds, fue el germen de un movimiento popular que se manifiesta desde entonces con marchas y plantones en calles y plazas de Bogot\u00e1 y otras ciudades.<\/p>\n<p>&nbsp;<\/p>\n<p>Por eso las arengas y mensajes contra el Gobierno fueron un contrapunto constante a la m\u00fasica y a los bailes carnavalescos.<\/p>\n<p>&nbsp;<\/p>\n<h3>\nAmalgama de reivindicaciones<\/h3>\n<p>Los camiones que sirvieron de tarimas m\u00f3viles fueron adornados con banderas de Colombia y frases de apoyo a las exigencias de sindicatos y organizaciones, como la oposici\u00f3n a las reformas tributaria, laboral y de la seguridad social.<\/p>\n<p>&nbsp;<\/p>\n<p>Al igual que en las \u00faltimas semanas, el Parque de los Hippies, en el barrio de Chapinero, volvi\u00f3 a ser el punto central de la m\u00fasica de protesta y fue rebasado por miles de personas que bajo un sol inclemente bailaron con el rock psicod\u00e9lico de Super Litio, las letras de Doctor Kr\u00e1pula o los urbanos de Los Petit Fellas.<\/p>\n<p>&nbsp;<\/p>\n<p>En medio de la catarsis musical, una multitud de mujeres cant\u00f3 el himno feminista que estas \u00faltimas semanas se ha viralizado: <em>\u00abUn violador en mi camino\u00bb,<\/em> lo que demuestra que las protestas recogen una variedad de reivindicaciones, desde las demandas sindicales o la igualdad de g\u00e9nero hasta la aplicaci\u00f3n efectiva del acuerdo de paz con las FARC o la protecci\u00f3n de las poblaciones ind\u00edgenas.<\/p>\n<p>&nbsp;<\/p>\n<p>Conflu\u00edan en Carrera S\u00e9ptima tambi\u00e9n los ciclistas que salieron como de costumbre a pasar el d\u00eda en la ciclov\u00eda -una iniciativa bogotana que cierra los domingos calles principales para la pr\u00e1ctica de actividades f\u00edsicas- con los manifestantes m\u00e1s j\u00f3venes.<\/p>\n<p>&nbsp;<\/p>\n<p>Fue el caso de Andr\u00e9s Urrego, estudiante que avanzaba con bicicleta y casco y que dijo a Efe que ya tiene una deuda de 25 millones de pesos (unos 7.300 d\u00f3lares) con el Icetex, la entidad oficial que financia estudios universitarios, a pesar de que todav\u00eda no ha terminado su carrera.<\/p>\n<p>&nbsp;<\/p>\n<p>Urrego celebr\u00f3 la iniciativa de los m\u00fasicos y explic\u00f3 que desde el 21 de noviembre se manifiesta para pedir<em> \u00abque en un pa\u00eds donde se destina un porcentaje alt\u00edsimo a la defensa y a la guerra se dediquen m\u00e1s recursos a la educaci\u00f3n\u00bb.<\/em><\/p>\n<p>&nbsp;<\/p>\n<p>Adem\u00e1s de las bicicletas se vieron muchos paraguas que cumplieron una doble funci\u00f3n: por la ma\u00f1ana protegieron del sol a los espectadores y por la tarde sirvieron contra el temporal de lluvia que ba\u00f1\u00f3 la caravana m\u00f3vil a su paso por la Carrera S\u00e9ptima hacia la Calle 85, punto final de la protesta.<\/p>\n<h3>\nAl son de la cr\u00edtica<\/h3>\n<p>En ese escenario se vivi\u00f3 uno de los momentos m\u00e1s emocionantes de la jornada cuando la banda Bomba Est\u00e9reo, nominada en varias ocasiones a los Premios Grammy, desvel\u00f3 una canci\u00f3n in\u00e9dita inspirada en las protestas y creada la \u00faltima semana; tan nueva que la cantante principal del grupo agarr\u00f3 su tel\u00e9fono para leer la letra por si se le olvidaba.<\/p>\n<p>&nbsp;<\/p>\n<p><em>\u00abColombia despierta y me grita al o\u00eddo que no aguanta m\u00e1s\u00bb<\/em> y \u00ab<em>Nos queda escribir nuestra historia, puede ser distinta, puede ser mejor\u00bb<\/em> dice la letra.<\/p>\n<p>&nbsp;<\/p>\n<p>Ese mensaje lo comparte la jubilada Amparo Herrera, que lament\u00f3 el peso econ\u00f3mico que sostienen muchas familias para financiar la educaci\u00f3n de sus hijos, como ella, que vino acompa\u00f1ada de su hija que sosten\u00eda una pancarta con la frase: <em>\u00abQue el privilegio no te quite la empat\u00eda\u00bb.<\/em><\/p>\n<p>&nbsp;<\/p>\n<p><em>\u00abYo estoy pensionada y las condiciones despu\u00e9s de 30 a\u00f1os de trabajo no son justas, lo que se hizo por el pa\u00eds es hora de que el Gobierno nos lo reconozca\u00bb<\/em>, dijo Herrera.<\/p>\n<h3>\nParticipaci\u00f3n&nbsp; pol\u00edtico<\/h3>\n<p>Tambi\u00e9n fueron varios los pol\u00edticos de oposici\u00f3n que acompa\u00f1aron la caravana, como la alcaldesa electa de Bogot\u00e1, Claudia L\u00f3pez, que invit\u00f3 a trav\u00e9s de un v\u00eddeo en Twitter a salir a la calle porque \u00abel cambio es aqu\u00ed y ahora\u00bb, mientras que otros, como el senador por el partido de izquierdas Polo Democr\u00e1tico Alternativo, Jorge Robledo, subieron a las redes sociales im\u00e1genes del concierto.<\/p>\n<p>&nbsp;<\/p>\n<p>El senador Gustavo Petro, derrotado por Duque en las pasadas elecciones presidenciales, comparti\u00f3 en Twitter un v\u00eddeo de la gente en la calle y critic\u00f3 al mandatario por no querer \u00abescuchar este pueblo\u00bb que \u00ab<em>ya revent\u00f3 el Comit\u00e9 de Paro y exige su ampliaci\u00f3n con delegados de las asambleas populares\u00bb.<\/em><\/p>\n<p>&nbsp;<\/p>\n<p>A\u00fan as\u00ed, las arengas y pancartas con mensajes como <em>\u00abHoy marcho por Colombia, marcho por mi pa\u00eds porque no hay garant\u00edas de nada\u00bb,<\/em> apuntan a una transversalidad del movimiento que parece ir m\u00e1s all\u00e1 de los colores pol\u00edticos y pide un di\u00e1logo real, hasta ahora inexistente, con el presidente Duque.<\/p>\n<p>&nbsp;<\/p>\n<p>PUBLICADO EL 09\/12\/2019)<\/p>\n","protected":false},"excerpt":{"rendered":"<p>BOGOTA, COLOMBIA. \u2014 Cerca de 40 artistas y bandas colombianas unieron sus voces este domingo&#8230;<\/p>\n","protected":false},"author":1,"featured_media":73512,"comment_status":"open","ping_status":"open","sticky":false,"template":"","format":"standard","meta":{"_monsterinsights_skip_tracking":false,"_monsterinsights_sitenote_active":false,"_monsterinsights_sitenote_note":"","_monsterinsights_sitenote_category":0,"footnotes":""},"categories":[3],"tags":[],"class_list":["post"],"yoast_head":" \n<title>Sonora en Equipo. Protestan en Colombia con caravana musical MUNDO<\/title>\n<meta name=\"description\" content=\"BOGOTA, COLOMBIA. \u2014 Cerca de 40 artistas y bandas colombianas unieron sus voces este domingo en una caravana musical de apoyo a las protestas sociales En Sonora en Equipo publicamos toda la informaci\u00f3n de Sonora, M\u00e9xico y el Mundo de manera oportuna y busca que la libertad de expresi\u00f3n sea real. Visita nuestro medio informativo publicado desde Hermosillo, Sonora. %\" \/>\n<meta name=\"robots\" content=\"index, follow, max-snippet:-1, max-image-preview:large, max-video-preview:-1\" \/>\n<link rel=\"canonical\" href=\"https:\/\/www.sonoraenequipo.com.mx\/protestan-en-colombia-con-caravana-musical\/\" \/>\n<meta property=\"og:locale\" content=\"es_ES\" \/>\n<meta property=\"og:type\" content=\"article\" \/>\n<meta property=\"og:title\" content=\"Sonora en Equipo. Protestan en Colombia con caravana musical MUNDO\" \/>\n<meta property=\"og:description\" content=\"BOGOTA, COLOMBIA. \u2014 Cerca de 40 artistas y bandas colombianas unieron sus voces este domingo en una caravana musical de apoyo a las protestas sociales En Sonora en Equipo publicamos toda la informaci\u00f3n de Sonora, M\u00e9xico y el Mundo de manera oportuna y busca que la libertad de expresi\u00f3n sea real. Visita nuestro medio informativo publicado desde Hermosillo, Sonora. %\" \/>\n<meta property=\"og:url\" content=\"https:\/\/www.sonoraenequipo.com.mx\/protestan-en-colombia-con-caravana-musical\/\" \/>\n<meta property=\"og:site_name\" content=\"Sonora en Equipo.\" \/>\n<meta property=\"article:publisher\" content=\"https:\/\/www.facebook.com\/SonoraEE\/\" \/>\n<meta property=\"article:author\" content=\"https:\/\/www.facebook.com\/SonoraEE\" \/>\n<meta property=\"article:published_time\" content=\"2019-12-09T07:00:08+00:00\" \/>\n<meta property=\"article:modified_time\" content=\"2019-12-09T16:32:47+00:00\" \/>\n<meta property=\"og:image\" content=\"https:\/\/www.sonoraenequipo.com.mx\/storage\/2019\/12\/protesta-con-m\u00fasica_opt.jpg\" \/>\n\t<meta property=\"og:image:width\" content=\"632\" \/>\n\t<meta property=\"og:image:height\" content=\"400\" \/>\n\t<meta property=\"og:image:type\" content=\"image\/jpeg\" \/>\n<meta name=\"author\" content=\"enequipo\" \/>\n<meta name=\"twitter:card\" content=\"summary_large_image\" \/>\n<meta name=\"twitter:creator\" content=\"@sonoraenequipo\" \/>\n<meta name=\"twitter:site\" content=\"@sonoraenequipo\" \/>\n<meta name=\"twitter:label1\" content=\"Escrito por\" \/>\n\t<meta name=\"twitter:data1\" content=\"enequipo\" \/>\n\t<meta name=\"twitter:label2\" content=\"Tiempo de lectura\" \/>\n\t<meta name=\"twitter:data2\" content=\"5 minutos\" \/>\n<script type=\"application\/ld+json\" class=\"yoast-schema-graph\">{\"@context\":\"https:\/\/schema.org\",\"@graph\":[{\"@type\":\"Article\",\"@id\":\"https:\/\/www.sonoraenequipo.com.mx\/protestan-en-colombia-con-caravana-musical\/#article\",\"isPartOf\":{\"@id\":\"https:\/\/www.sonoraenequipo.com.mx\/protestan-en-colombia-con-caravana-musical\/\"},\"author\":{\"name\":\"enequipo\",\"@id\":\"https:\/\/www.sonoraenequipo.com.mx\/#\/schema\/person\/50102df0fb23a8fa9e8effad8fa81386\"},\"headline\":\"Protestan en Colombia con caravana musical\",\"datePublished\":\"2019-12-09T07:00:08+00:00\",\"dateModified\":\"2019-12-09T16:32:47+00:00\",\"mainEntityOfPage\":{\"@id\":\"https:\/\/www.sonoraenequipo.com.mx\/protestan-en-colombia-con-caravana-musical\/\"},\"wordCount\":1017,\"commentCount\":0,\"publisher\":{\"@id\":\"https:\/\/www.sonoraenequipo.com.mx\/#organization\"},\"image\":{\"@id\":\"https:\/\/www.sonoraenequipo.com.mx\/protestan-en-colombia-con-caravana-musical\/#primaryimage\"},\"thumbnailUrl\":\"https:\/\/www.sonoraenequipo.com.mx\/storage\/2019\/12\/protesta-con-m\u00fasica_opt.jpg\",\"articleSection\":[\"MUNDO\"],\"inLanguage\":\"es\",\"potentialAction\":[{\"@type\":\"CommentAction\",\"name\":\"Comment\",\"target\":[\"https:\/\/www.sonoraenequipo.com.mx\/protestan-en-colombia-con-caravana-musical\/#respond\"]}]},{\"@type\":\"WebPage\",\"@id\":\"https:\/\/www.sonoraenequipo.com.mx\/protestan-en-colombia-con-caravana-musical\/\",\"url\":\"https:\/\/www.sonoraenequipo.com.mx\/protestan-en-colombia-con-caravana-musical\/\",\"name\":\"Sonora en Equipo. Protestan en Colombia con caravana musical MUNDO\",\"isPartOf\":{\"@id\":\"https:\/\/www.sonoraenequipo.com.mx\/#website\"},\"primaryImageOfPage\":{\"@id\":\"https:\/\/www.sonoraenequipo.com.mx\/protestan-en-colombia-con-caravana-musical\/#primaryimage\"},\"image\":{\"@id\":\"https:\/\/www.sonoraenequipo.com.mx\/protestan-en-colombia-con-caravana-musical\/#primaryimage\"},\"thumbnailUrl\":\"https:\/\/www.sonoraenequipo.com.mx\/storage\/2019\/12\/protesta-con-m\u00fasica_opt.jpg\",\"datePublished\":\"2019-12-09T07:00:08+00:00\",\"dateModified\":\"2019-12-09T16:32:47+00:00\",\"description\":\"BOGOTA, COLOMBIA. \u2014 Cerca de 40 artistas y bandas colombianas unieron sus voces este domingo en una caravana musical de apoyo a las protestas sociales En Sonora en Equipo publicamos toda la informaci\u00f3n de Sonora, M\u00e9xico y el Mundo de manera oportuna y busca que la libertad de expresi\u00f3n sea real. Visita nuestro medio informativo publicado desde Hermosillo, Sonora. %\",\"breadcrumb\":{\"@id\":\"https:\/\/www.sonoraenequipo.com.mx\/protestan-en-colombia-con-caravana-musical\/#breadcrumb\"},\"inLanguage\":\"es\",\"potentialAction\":[{\"@type\":\"ReadAction\",\"target\":[\"https:\/\/www.sonoraenequipo.com.mx\/protestan-en-colombia-con-caravana-musical\/\"]}]},{\"@type\":\"ImageObject\",\"inLanguage\":\"es\",\"@id\":\"https:\/\/www.sonoraenequipo.com.mx\/protestan-en-colombia-con-caravana-musical\/#primaryimage\",\"url\":\"https:\/\/www.sonoraenequipo.com.mx\/storage\/2019\/12\/protesta-con-m\u00fasica_opt.jpg\",\"contentUrl\":\"https:\/\/www.sonoraenequipo.com.mx\/storage\/2019\/12\/protesta-con-m\u00fasica_opt.jpg\",\"width\":632,\"height\":400},{\"@type\":\"BreadcrumbList\",\"@id\":\"https:\/\/www.sonoraenequipo.com.mx\/protestan-en-colombia-con-caravana-musical\/#breadcrumb\",\"itemListElement\":[{\"@type\":\"ListItem\",\"position\":1,\"name\":\"Portada\",\"item\":\"https:\/\/www.sonoraenequipo.com.mx\/\"},{\"@type\":\"ListItem\",\"position\":2,\"name\":\"Protestan en Colombia con caravana musical\"}]},{\"@type\":\"WebSite\",\"@id\":\"https:\/\/www.sonoraenequipo.com.mx\/#website\",\"url\":\"https:\/\/www.sonoraenequipo.com.mx\/\",\"name\":\"Sonora en Equipo.\",\"description\":\"Diario en l\u00ednea con Noticias desde Hermosillo, Sonora\",\"publisher\":{\"@id\":\"https:\/\/www.sonoraenequipo.com.mx\/#organization\"},\"potentialAction\":[{\"@type\":\"SearchAction\",\"target\":{\"@type\":\"EntryPoint\",\"urlTemplate\":\"https:\/\/www.sonoraenequipo.com.mx\/?s={search_term_string}\"},\"query-input\":{\"@type\":\"PropertyValueSpecification\",\"valueRequired\":true,\"valueName\":\"search_term_string\"}}],\"inLanguage\":\"es\"},{\"@type\":\"Organization\",\"@id\":\"https:\/\/www.sonoraenequipo.com.mx\/#organization\",\"name\":\"Sonoraenequipo.com.mx\",\"url\":\"https:\/\/www.sonoraenequipo.com.mx\/\",\"logo\":{\"@type\":\"ImageObject\",\"inLanguage\":\"es\",\"@id\":\"https:\/\/www.sonoraenequipo.com.mx\/#\/schema\/logo\/image\/\",\"url\":\"https:\/\/www.sonoraenequipo.com.mx\/storage\/2019\/01\/sonoraenequipo_opt.png\",\"contentUrl\":\"https:\/\/www.sonoraenequipo.com.mx\/storage\/2019\/01\/sonoraenequipo_opt.png\",\"width\":375,\"height\":125,\"caption\":\"Sonoraenequipo.com.mx\"},\"image\":{\"@id\":\"https:\/\/www.sonoraenequipo.com.mx\/#\/schema\/logo\/image\/\"},\"sameAs\":[\"https:\/\/www.facebook.com\/SonoraEE\/\",\"https:\/\/x.com\/sonoraenequipo\",\"https:\/\/www.youtube.com\/channel\/UC338nW-lPEYmJQs4ZABQ1SQ\"]},{\"@type\":\"Person\",\"@id\":\"https:\/\/www.sonoraenequipo.com.mx\/#\/schema\/person\/50102df0fb23a8fa9e8effad8fa81386\",\"name\":\"enequipo\",\"image\":{\"@type\":\"ImageObject\",\"inLanguage\":\"es\",\"@id\":\"https:\/\/www.sonoraenequipo.com.mx\/#\/schema\/person\/image\/\",\"url\":\"https:\/\/secure.gravatar.com\/avatar\/049821681b589dabc0bc20695993ccebb09f5b5d4d790cd9251b97faac7c652b?s=96&d=blank&r=g\",\"contentUrl\":\"https:\/\/secure.gravatar.com\/avatar\/049821681b589dabc0bc20695993ccebb09f5b5d4d790cd9251b97faac7c652b?s=96&d=blank&r=g\",\"caption\":\"enequipo\"},\"sameAs\":[\"https:\/\/www.facebook.com\/SonoraEE\"]}]}<\/script>\n ","yoast_head_json":{"title":"Sonora en Equipo. Protestan en Colombia con caravana musical MUNDO","description":"BOGOTA, COLOMBIA. \u2014 Cerca de 40 artistas y bandas colombianas unieron sus voces este domingo en una caravana musical de apoyo a las protestas sociales En Sonora en Equipo publicamos toda la informaci\u00f3n de Sonora, M\u00e9xico y el Mundo de manera oportuna y busca que la libertad de expresi\u00f3n sea real. Visita nuestro medio informativo publicado desde Hermosillo, Sonora. %","robots":{"index":"index","follow":"follow","max-snippet":"max-snippet:-1","max-image-preview":"max-image-preview:large","max-video-preview":"max-video-preview:-1"},"canonical":"https:\/\/www.sonoraenequipo.com.mx\/protestan-en-colombia-con-caravana-musical\/","og_locale":"es_ES","og_type":"article","og_title":"Sonora en Equipo. Protestan en Colombia con caravana musical MUNDO","og_description":"BOGOTA, COLOMBIA. \u2014 Cerca de 40 artistas y bandas colombianas unieron sus voces este domingo en una caravana musical de apoyo a las protestas sociales En Sonora en Equipo publicamos toda la informaci\u00f3n de Sonora, M\u00e9xico y el Mundo de manera oportuna y busca que la libertad de expresi\u00f3n sea real. Visita nuestro medio informativo publicado desde Hermosillo, Sonora. %","og_url":"https:\/\/www.sonoraenequipo.com.mx\/protestan-en-colombia-con-caravana-musical\/","og_site_name":"Sonora en Equipo.","article_publisher":"https:\/\/www.facebook.com\/SonoraEE\/","article_author":"https:\/\/www.facebook.com\/SonoraEE","article_published_time":"2019-12-09T07:00:08+00:00","article_modified_time":"2019-12-09T16:32:47+00:00","og_image":[{"width":632,"height":400,"url":"https:\/\/www.sonoraenequipo.com.mx\/storage\/2019\/12\/protesta-con-m\u00fasica_opt.jpg","type":"image\/jpeg"}],"author":"enequipo","twitter_card":"summary_large_image","twitter_creator":"@sonoraenequipo","twitter_site":"@sonoraenequipo","twitter_misc":{"Escrito por":"enequipo","Tiempo de lectura":"5 minutos"},"schema":{"@context":"https:\/\/schema.org","@graph":[{"@type":"Article","@id":"https:\/\/www.sonoraenequipo.com.mx\/protestan-en-colombia-con-caravana-musical\/#article","isPartOf":{"@id":"https:\/\/www.sonoraenequipo.com.mx\/protestan-en-colombia-con-caravana-musical\/"},"author":{"name":"enequipo","@id":"https:\/\/www.sonoraenequipo.com.mx\/#\/schema\/person\/50102df0fb23a8fa9e8effad8fa81386"},"headline":"Protestan en Colombia con caravana musical","datePublished":"2019-12-09T07:00:08+00:00","dateModified":"2019-12-09T16:32:47+00:00","mainEntityOfPage":{"@id":"https:\/\/www.sonoraenequipo.com.mx\/protestan-en-colombia-con-caravana-musical\/"},"wordCount":1017,"commentCount":0,"publisher":{"@id":"https:\/\/www.sonoraenequipo.com.mx\/#organization"},"image":{"@id":"https:\/\/www.sonoraenequipo.com.mx\/protestan-en-colombia-con-caravana-musical\/#primaryimage"},"thumbnailUrl":"https:\/\/www.sonoraenequipo.com.mx\/storage\/2019\/12\/protesta-con-m\u00fasica_opt.jpg","articleSection":["MUNDO"],"inLanguage":"es","potentialAction":[{"@type":"CommentAction","name":"Comment","target":["https:\/\/www.sonoraenequipo.com.mx\/protestan-en-colombia-con-caravana-musical\/#respond"]}]},{"@type":"WebPage","@id":"https:\/\/www.sonoraenequipo.com.mx\/protestan-en-colombia-con-caravana-musical\/","url":"https:\/\/www.sonoraenequipo.com.mx\/protestan-en-colombia-con-caravana-musical\/","name":"Sonora en Equipo. Protestan en Colombia con caravana musical MUNDO","isPartOf":{"@id":"https:\/\/www.sonoraenequipo.com.mx\/#website"},"primaryImageOfPage":{"@id":"https:\/\/www.sonoraenequipo.com.mx\/protestan-en-colombia-con-caravana-musical\/#primaryimage"},"image":{"@id":"https:\/\/www.sonoraenequipo.com.mx\/protestan-en-colombia-con-caravana-musical\/#primaryimage"},"thumbnailUrl":"https:\/\/www.sonoraenequipo.com.mx\/storage\/2019\/12\/protesta-con-m\u00fasica_opt.jpg","datePublished":"2019-12-09T07:00:08+00:00","dateModified":"2019-12-09T16:32:47+00:00","description":"BOGOTA, COLOMBIA. \u2014 Cerca de 40 artistas y bandas colombianas unieron sus voces este domingo en una caravana musical de apoyo a las protestas sociales En Sonora en Equipo publicamos toda la informaci\u00f3n de Sonora, M\u00e9xico y el Mundo de manera oportuna y busca que la libertad de expresi\u00f3n sea real. Visita nuestro medio informativo publicado desde Hermosillo, Sonora. %","breadcrumb":{"@id":"https:\/\/www.sonoraenequipo.com.mx\/protestan-en-colombia-con-caravana-musical\/#breadcrumb"},"inLanguage":"es","potentialAction":[{"@type":"ReadAction","target":["https:\/\/www.sonoraenequipo.com.mx\/protestan-en-colombia-con-caravana-musical\/"]}]},{"@type":"ImageObject","inLanguage":"es","@id":"https:\/\/www.sonoraenequipo.com.mx\/protestan-en-colombia-con-caravana-musical\/#primaryimage","url":"https:\/\/www.sonoraenequipo.com.mx\/storage\/2019\/12\/protesta-con-m\u00fasica_opt.jpg","contentUrl":"https:\/\/www.sonoraenequipo.com.mx\/storage\/2019\/12\/protesta-con-m\u00fasica_opt.jpg","width":632,"height":400},{"@type":"BreadcrumbList","@id":"https:\/\/www.sonoraenequipo.com.mx\/protestan-en-colombia-con-caravana-musical\/#breadcrumb","itemListElement":[{"@type":"ListItem","position":1,"name":"Portada","item":"https:\/\/www.sonoraenequipo.com.mx\/"},{"@type":"ListItem","position":2,"name":"Protestan en Colombia con caravana musical"}]},{"@type":"WebSite","@id":"https:\/\/www.sonoraenequipo.com.mx\/#website","url":"https:\/\/www.sonoraenequipo.com.mx\/","name":"Sonora en Equipo.","description":"Diario en l\u00ednea con Noticias desde Hermosillo, Sonora","publisher":{"@id":"https:\/\/www.sonoraenequipo.com.mx\/#organization"},"potentialAction":[{"@type":"SearchAction","target":{"@type":"EntryPoint","urlTemplate":"https:\/\/www.sonoraenequipo.com.mx\/?s={search_term_string}"},"query-input":{"@type":"PropertyValueSpecification","valueRequired":true,"valueName":"search_term_string"}}],"inLanguage":"es"},{"@type":"Organization","@id":"https:\/\/www.sonoraenequipo.com.mx\/#organization","name":"Sonoraenequipo.com.mx","url":"https:\/\/www.sonoraenequipo.com.mx\/","logo":{"@type":"ImageObject","inLanguage":"es","@id":"https:\/\/www.sonoraenequipo.com.mx\/#\/schema\/logo\/image\/","url":"https:\/\/www.sonoraenequipo.com.mx\/storage\/2019\/01\/sonoraenequipo_opt.png","contentUrl":"https:\/\/www.sonoraenequipo.com.mx\/storage\/2019\/01\/sonoraenequipo_opt.png","width":375,"height":125,"caption":"Sonoraenequipo.com.mx"},"image":{"@id":"https:\/\/www.sonoraenequipo.com.mx\/#\/schema\/logo\/image\/"},"sameAs":["https:\/\/www.facebook.com\/SonoraEE\/","https:\/\/x.com\/sonoraenequipo","https:\/\/www.youtube.com\/channel\/UC338nW-lPEYmJQs4ZABQ1SQ"]},{"@type":"Person","@id":"https:\/\/www.sonoraenequipo.com.mx\/#\/schema\/person\/50102df0fb23a8fa9e8effad8fa81386","name":"enequipo","image":{"@type":"ImageObject","inLanguage":"es","@id":"https:\/\/www.sonoraenequipo.com.mx\/#\/schema\/person\/image\/","url":"https:\/\/secure.gravatar.com\/avatar\/049821681b589dabc0bc20695993ccebb09f5b5d4d790cd9251b97faac7c652b?s=96&d=blank&r=g","contentUrl":"https:\/\/secure.gravatar.com\/avatar\/049821681b589dabc0bc20695993ccebb09f5b5d4d790cd9251b97faac7c652b?s=96&d=blank&r=g","caption":"enequipo"},"sameAs":["https:\/\/www.facebook.com\/SonoraEE"]}]}},"jetpack_featured_media_url":"https:\/\/www.sonoraenequipo.com.mx\/storage\/2019\/12\/protesta-con-m\u00fasica_opt.jpg","_links":{"self":[{"href":"https:\/\/www.sonoraenequipo.com.mx\/api\/wp\/v2\/posts\/73534","targetHints":{"allow":["GET"]}}],"collection":[{"href":"https:\/\/www.sonoraenequipo.com.mx\/api\/wp\/v2\/posts"}],"about":[{"href":"https:\/\/www.sonoraenequipo.com.mx\/api\/wp\/v2\/types\/post"}],"author":[{"embeddable":true,"href":"https:\/\/www.sonoraenequipo.com.mx\/api\/wp\/v2\/users\/1"}],"replies":[{"embeddable":true,"href":"https:\/\/www.sonoraenequipo.com.mx\/api\/wp\/v2\/comments?post=73534"}],"version-history":[{"count":0,"href":"https:\/\/www.sonoraenequipo.com.mx\/api\/wp\/v2\/posts\/73534\/revisions"}],"wp:featuredmedia":[{"embeddable":true,"href":"https:\/\/www.sonoraenequipo.com.mx\/api\/wp\/v2\/media\/73512"}],"wp:attachment":[{"href":"https:\/\/www.sonoraenequipo.com.mx\/api\/wp\/v2\/media?parent=73534"}],"wp:term":[{"taxonomy":"category","embeddable":true,"href":"https:\/\/www.sonoraenequipo.com.mx\/api\/wp\/v2\/categories?post=73534"},{"taxonomy":"post_tag","embeddable":true,"href":"https:\/\/www.sonoraenequipo.com.mx\/api\/wp\/v2\/tags?post=73534"}],"curies":[{"name":"wp","href":"https:\/\/api.w.org\/{rel}","templated":true}]}}