{"id":73910,"date":"2019-12-12T23:55:40","date_gmt":"2019-12-13T06:55:40","guid":{"rendered":"https:\/\/www.sonoraenequipo.com.mx\/?p=73910"},"modified":"2019-12-12T10:49:16","modified_gmt":"2019-12-12T17:49:16","slug":"la-razon-fisica-por-la-que-tenemos-mas-ganas-de-orinar-cuando-hace-frio","status":"publish","type":"post","link":"https:\/\/www.sonoraenequipo.com.mx\/la-razon-fisica-por-la-que-tenemos-mas-ganas-de-orinar-cuando-hace-frio\/","title":{"rendered":"La raz\u00f3n f\u00edsica por la que tenemos m\u00e1s ganas de orinar cuando hace fr\u00edo"},"content":{"rendered":"<p>LONDRES, INGLATERRA. \u2014 Es muy dif\u00edcil establecer qu\u00e9 cantidad de veces al d\u00eda puede considerarse normal cuando se trata de orinar, porque depende en gran medida de cu\u00e1nto l\u00edquido bebemos, el tipo de bebida, si tomamos alguna medicaci\u00f3n y cu\u00e1nto transpiramos.<\/p>\n<p> <\/p>\n<p>No obstante, la media aceptada est\u00e1 entre 6 y 7 veces durante la vigilia y una vez por la noche, le explica a BBC Mundo la doctora Blanca Madurga, especialista de la Unidad de Urologia Funcional, Femenina y Urodin\u00e1mica del Hospital Universitario Puerta del Mar, en Espa\u00f1a.<\/p>\n<p>&nbsp;<\/p>\n<h3>\u00bfEs malo aguantarse las ganas de orinar?<\/h3>\n<p>&nbsp;<\/p>\n<p>Pero m\u00e1s all\u00e1 de la cantidad de veces que t\u00fa orines \u00bfhas notado alguna vez que cuando hace fr\u00edo tiendes a orinar m\u00e1s que cuando hace calor?<\/p>\n<p>&nbsp;<\/p>\n<p>Esto no solo es normal sino que le ocurre a todas las personas independientemente de la frecuencia con la que orinen.<\/p>\n<p>&nbsp;<\/p>\n<p>Esto se debe en l\u00edneas generales a que, <em>\u201ccuando hace fr\u00edo, nuestro cuerpo no est\u00e1 tan dilatado como en verano &#8211;<\/em>algo muy f\u00e1cil de comprobar si miramos nuestros pies, o nuestras manos-<em>, y esa hinchaz\u00f3n se produce porque hay una retenci\u00f3n de l\u00edquidos<\/em>\u201d, explica Madurga.<\/p>\n<p>&nbsp;<\/p>\n<p><em>\u201cEn invierno, como estamos m\u00e1s contra\u00eddos, esa retenci\u00f3n de l\u00edquidos es menor y por eso generamos m\u00e1s orina que cuando estamos en verano, donde adem\u00e1s perdemos l\u00edquido a trav\u00e9s del sudor de la piel\u201d<\/em>, a\u00f1ade.<\/p>\n<p>&nbsp;<\/p>\n<p>Esto que ocurre durante el invierno, cuando nos exponemos a temperaturas bajas, se conoce como diuresis del fr\u00edo o diuresis inducida por el fr\u00edo.<\/p>\n<p>&nbsp;<\/p>\n<h3>\nMujer y hombre corriendo<\/h3>\n<p>&nbsp;<\/p>\n<p>Al bajar la temperatura, los vasos sangu\u00edneos en nuestro cuerpo se contraen para concentrar la mayor cantidad posible de flujo sangu\u00edneo alrededor de nuestros \u00f3rganos vitales, lejos de la piel.<\/p>\n<p>&nbsp;<\/p>\n<p>Por esta raz\u00f3n, sentimos fr\u00edo en las manos, los pies, la nariz u otras extremidades.<\/p>\n<p>&nbsp;<\/p>\n<p>&nbsp;<\/p>\n<p>Que se contraigan los vasos sangu\u00edneos, significa que la sangre\u00a0 \u2014 que sigue siendo la misma cantidad\u2014\u00a0 tiene menos espacio para circular, y por ende aumenta la presi\u00f3n sangu\u00ednea.<\/p>\n<p>&nbsp;<\/p>\n<p>&nbsp;<\/p>\n<p>En ese momento es cuando entra en acci\u00f3n la diuresis: las c\u00e9lulas arteriales en los ri\u00f1ones perciben un aumento de la presi\u00f3n y le env\u00edan una se\u00f1al a los ri\u00f1ones para que eliminen los l\u00edquidos que no son necesarios y regular as\u00ed la presi\u00f3n arterial.<\/p>\n<p>&nbsp;<\/p>\n<p>&nbsp;<\/p>\n<p>As\u00ed, es como acabamos orinando m\u00e1s.<\/p>\n<p>&nbsp;<\/p>\n<p>Esto es en los casos en que se trata de una vejiga sana. Pero tambi\u00e9n puede haber otros en los que exista<em> \u201cuna patolog\u00eda de base que es una vejiga hiperactiva -una vejiga que produce una sensaci\u00f3n indemorable de ganas de orinar\u201d,<\/em> dice la ur\u00f3loga.<\/p>\n<p>&nbsp;<\/p>\n<p><em>\u201cEsto puede ser producido por una contracci\u00f3n involuntaria del m\u00fasculo que rodea la vejiga, que se activa cuando ingerimos l\u00edquido o fr\u00edo o con el fr\u00edo en general\u201d.<\/em><\/p>\n<p>&nbsp;<\/p>\n<h3>\nBuenos h\u00e1bitos<\/h3>\n<p>&nbsp;<\/p>\n<p>Madurga explica que aunque orinemos m\u00e1s en invierno, no es necesario tomar m\u00e1s l\u00edquido por ello.<\/p>\n<p>&nbsp;<\/p>\n<p>Lo recomendable sigue siendo <em>\u201centre dos litros y dos litros y medio por d\u00eda\u201d,<\/em> se\u00f1ala la m\u00e9dica.<\/p>\n<p>&nbsp;<\/p>\n<p>Y tan importante como mantener buenos h\u00e1bitos de hidrataci\u00f3n, es cuidar de nuestra vejiga, como explica en un folleto informativo del servicio nacional de salud brit\u00e1nico, que recomienda una serie de medidas simples para mantener una vejiga sana.<\/p>\n<p>&nbsp;<\/p>\n<p>Una de sus sugerencias es no adoptar el h\u00e1bito ir al ba\u00f1o <em>\u201cpor las dudas\u201d,<\/em> ya que esto hace que nuestra vejiga vaya teniendo menos capacidad.<\/p>\n<p>&nbsp;<\/p>\n<p><em>\u201cTrata de ir al ba\u00f1o cuando tu vejiga est\u00e9 llena y necesites ir\u201d,<\/em> dice el texto, pero aclara que est\u00e1 bien vaciar la vejiga antes de ir a dormir.<\/p>\n<p>&nbsp;<\/p>\n<p>PUBLICADO EL 12\/12\/2019 \/ BBC News Mundo )<\/p>\n","protected":false},"excerpt":{"rendered":"<p>LONDRES, INGLATERRA. \u2014 Es muy dif\u00edcil establecer qu\u00e9 cantidad de veces al d\u00eda puede considerarse&#8230;<\/p>\n","protected":false},"author":1,"featured_media":73911,"comment_status":"open","ping_status":"open","sticky":false,"template":"","format":"standard","meta":{"_monsterinsights_skip_tracking":false,"_monsterinsights_sitenote_active":false,"_monsterinsights_sitenote_note":"","_monsterinsights_sitenote_category":0,"footnotes":""},"categories":[2216],"tags":[],"class_list":["post"],"yoast_head":" \n<title>Sonora en Equipo. La raz\u00f3n f\u00edsica por la que tenemos m\u00e1s ganas de orinar cuando hace fr\u00edo Ciencia y Tecnolog\u00eda<\/title>\n<meta name=\"description\" content=\"LONDRES, INGLATERRA. \u2014 Es muy dif\u00edcil establecer qu\u00e9 cantidad de veces al d\u00eda puede considerarse normal cuando se trata de orinar, porque depende en gran En Sonora en Equipo publicamos toda la informaci\u00f3n de Sonora, M\u00e9xico y el Mundo de manera oportuna y busca que la libertad de expresi\u00f3n sea real. Visita nuestro medio informativo publicado desde Hermosillo, Sonora. %\" \/>\n<meta name=\"robots\" content=\"index, follow, max-snippet:-1, max-image-preview:large, max-video-preview:-1\" \/>\n<link rel=\"canonical\" href=\"https:\/\/www.sonoraenequipo.com.mx\/la-razon-fisica-por-la-que-tenemos-mas-ganas-de-orinar-cuando-hace-frio\/\" \/>\n<meta property=\"og:locale\" content=\"es_ES\" \/>\n<meta property=\"og:type\" content=\"article\" \/>\n<meta property=\"og:title\" content=\"Sonora en Equipo. La raz\u00f3n f\u00edsica por la que tenemos m\u00e1s ganas de orinar cuando hace fr\u00edo Ciencia y Tecnolog\u00eda\" \/>\n<meta property=\"og:description\" content=\"LONDRES, INGLATERRA. \u2014 Es muy dif\u00edcil establecer qu\u00e9 cantidad de veces al d\u00eda puede considerarse normal cuando se trata de orinar, porque depende en gran En Sonora en Equipo publicamos toda la informaci\u00f3n de Sonora, M\u00e9xico y el Mundo de manera oportuna y busca que la libertad de expresi\u00f3n sea real. Visita nuestro medio informativo publicado desde Hermosillo, Sonora. %\" \/>\n<meta property=\"og:url\" content=\"https:\/\/www.sonoraenequipo.com.mx\/la-razon-fisica-por-la-que-tenemos-mas-ganas-de-orinar-cuando-hace-frio\/\" \/>\n<meta property=\"og:site_name\" content=\"Sonora en Equipo.\" \/>\n<meta property=\"article:publisher\" content=\"https:\/\/www.facebook.com\/SonoraEE\/\" \/>\n<meta property=\"article:author\" content=\"https:\/\/www.facebook.com\/SonoraEE\" \/>\n<meta property=\"article:published_time\" content=\"2019-12-13T06:55:40+00:00\" \/>\n<meta property=\"og:image\" content=\"https:\/\/www.sonoraenequipo.com.mx\/storage\/2019\/12\/frio_opt1.jpg\" \/>\n\t<meta property=\"og:image:width\" content=\"707\" \/>\n\t<meta property=\"og:image:height\" content=\"400\" \/>\n\t<meta property=\"og:image:type\" content=\"image\/jpeg\" \/>\n<meta name=\"author\" content=\"enequipo\" \/>\n<meta name=\"twitter:card\" content=\"summary_large_image\" \/>\n<meta name=\"twitter:creator\" content=\"@sonoraenequipo\" \/>\n<meta name=\"twitter:site\" content=\"@sonoraenequipo\" \/>\n<meta name=\"twitter:label1\" content=\"Escrito por\" \/>\n\t<meta name=\"twitter:data1\" content=\"enequipo\" \/>\n\t<meta name=\"twitter:label2\" content=\"Tiempo de lectura\" \/>\n\t<meta name=\"twitter:data2\" content=\"3 minutos\" \/>\n<script type=\"application\/ld+json\" class=\"yoast-schema-graph\">{\"@context\":\"https:\/\/schema.org\",\"@graph\":[{\"@type\":\"Article\",\"@id\":\"https:\/\/www.sonoraenequipo.com.mx\/la-razon-fisica-por-la-que-tenemos-mas-ganas-de-orinar-cuando-hace-frio\/#article\",\"isPartOf\":{\"@id\":\"https:\/\/www.sonoraenequipo.com.mx\/la-razon-fisica-por-la-que-tenemos-mas-ganas-de-orinar-cuando-hace-frio\/\"},\"author\":{\"name\":\"enequipo\",\"@id\":\"https:\/\/www.sonoraenequipo.com.mx\/#\/schema\/person\/50102df0fb23a8fa9e8effad8fa81386\"},\"headline\":\"La raz\u00f3n f\u00edsica por la que tenemos m\u00e1s ganas de orinar cuando hace fr\u00edo\",\"datePublished\":\"2019-12-13T06:55:40+00:00\",\"mainEntityOfPage\":{\"@id\":\"https:\/\/www.sonoraenequipo.com.mx\/la-razon-fisica-por-la-que-tenemos-mas-ganas-de-orinar-cuando-hace-frio\/\"},\"wordCount\":687,\"commentCount\":0,\"publisher\":{\"@id\":\"https:\/\/www.sonoraenequipo.com.mx\/#organization\"},\"image\":{\"@id\":\"https:\/\/www.sonoraenequipo.com.mx\/la-razon-fisica-por-la-que-tenemos-mas-ganas-de-orinar-cuando-hace-frio\/#primaryimage\"},\"thumbnailUrl\":\"https:\/\/www.sonoraenequipo.com.mx\/storage\/2019\/12\/frio_opt1.jpg\",\"articleSection\":[\"Ciencia y Tecnolog\u00eda\"],\"inLanguage\":\"es\",\"potentialAction\":[{\"@type\":\"CommentAction\",\"name\":\"Comment\",\"target\":[\"https:\/\/www.sonoraenequipo.com.mx\/la-razon-fisica-por-la-que-tenemos-mas-ganas-de-orinar-cuando-hace-frio\/#respond\"]}]},{\"@type\":\"WebPage\",\"@id\":\"https:\/\/www.sonoraenequipo.com.mx\/la-razon-fisica-por-la-que-tenemos-mas-ganas-de-orinar-cuando-hace-frio\/\",\"url\":\"https:\/\/www.sonoraenequipo.com.mx\/la-razon-fisica-por-la-que-tenemos-mas-ganas-de-orinar-cuando-hace-frio\/\",\"name\":\"Sonora en Equipo. La raz\u00f3n f\u00edsica por la que tenemos m\u00e1s ganas de orinar cuando hace fr\u00edo Ciencia y Tecnolog\u00eda\",\"isPartOf\":{\"@id\":\"https:\/\/www.sonoraenequipo.com.mx\/#website\"},\"primaryImageOfPage\":{\"@id\":\"https:\/\/www.sonoraenequipo.com.mx\/la-razon-fisica-por-la-que-tenemos-mas-ganas-de-orinar-cuando-hace-frio\/#primaryimage\"},\"image\":{\"@id\":\"https:\/\/www.sonoraenequipo.com.mx\/la-razon-fisica-por-la-que-tenemos-mas-ganas-de-orinar-cuando-hace-frio\/#primaryimage\"},\"thumbnailUrl\":\"https:\/\/www.sonoraenequipo.com.mx\/storage\/2019\/12\/frio_opt1.jpg\",\"datePublished\":\"2019-12-13T06:55:40+00:00\",\"description\":\"LONDRES, INGLATERRA. \u2014 Es muy dif\u00edcil establecer qu\u00e9 cantidad de veces al d\u00eda puede considerarse normal cuando se trata de orinar, porque depende en gran En Sonora en Equipo publicamos toda la informaci\u00f3n de Sonora, M\u00e9xico y el Mundo de manera oportuna y busca que la libertad de expresi\u00f3n sea real. Visita nuestro medio informativo publicado desde Hermosillo, Sonora. %\",\"breadcrumb\":{\"@id\":\"https:\/\/www.sonoraenequipo.com.mx\/la-razon-fisica-por-la-que-tenemos-mas-ganas-de-orinar-cuando-hace-frio\/#breadcrumb\"},\"inLanguage\":\"es\",\"potentialAction\":[{\"@type\":\"ReadAction\",\"target\":[\"https:\/\/www.sonoraenequipo.com.mx\/la-razon-fisica-por-la-que-tenemos-mas-ganas-de-orinar-cuando-hace-frio\/\"]}]},{\"@type\":\"ImageObject\",\"inLanguage\":\"es\",\"@id\":\"https:\/\/www.sonoraenequipo.com.mx\/la-razon-fisica-por-la-que-tenemos-mas-ganas-de-orinar-cuando-hace-frio\/#primaryimage\",\"url\":\"https:\/\/www.sonoraenequipo.com.mx\/storage\/2019\/12\/frio_opt1.jpg\",\"contentUrl\":\"https:\/\/www.sonoraenequipo.com.mx\/storage\/2019\/12\/frio_opt1.jpg\",\"width\":707,\"height\":400},{\"@type\":\"BreadcrumbList\",\"@id\":\"https:\/\/www.sonoraenequipo.com.mx\/la-razon-fisica-por-la-que-tenemos-mas-ganas-de-orinar-cuando-hace-frio\/#breadcrumb\",\"itemListElement\":[{\"@type\":\"ListItem\",\"position\":1,\"name\":\"Portada\",\"item\":\"https:\/\/www.sonoraenequipo.com.mx\/\"},{\"@type\":\"ListItem\",\"position\":2,\"name\":\"La raz\u00f3n f\u00edsica por la que tenemos m\u00e1s ganas de orinar cuando hace fr\u00edo\"}]},{\"@type\":\"WebSite\",\"@id\":\"https:\/\/www.sonoraenequipo.com.mx\/#website\",\"url\":\"https:\/\/www.sonoraenequipo.com.mx\/\",\"name\":\"Sonora en Equipo.\",\"description\":\"Diario en l\u00ednea con Noticias desde Hermosillo, Sonora\",\"publisher\":{\"@id\":\"https:\/\/www.sonoraenequipo.com.mx\/#organization\"},\"potentialAction\":[{\"@type\":\"SearchAction\",\"target\":{\"@type\":\"EntryPoint\",\"urlTemplate\":\"https:\/\/www.sonoraenequipo.com.mx\/?s={search_term_string}\"},\"query-input\":{\"@type\":\"PropertyValueSpecification\",\"valueRequired\":true,\"valueName\":\"search_term_string\"}}],\"inLanguage\":\"es\"},{\"@type\":\"Organization\",\"@id\":\"https:\/\/www.sonoraenequipo.com.mx\/#organization\",\"name\":\"Sonoraenequipo.com.mx\",\"url\":\"https:\/\/www.sonoraenequipo.com.mx\/\",\"logo\":{\"@type\":\"ImageObject\",\"inLanguage\":\"es\",\"@id\":\"https:\/\/www.sonoraenequipo.com.mx\/#\/schema\/logo\/image\/\",\"url\":\"https:\/\/www.sonoraenequipo.com.mx\/storage\/2019\/01\/sonoraenequipo_opt.png\",\"contentUrl\":\"https:\/\/www.sonoraenequipo.com.mx\/storage\/2019\/01\/sonoraenequipo_opt.png\",\"width\":375,\"height\":125,\"caption\":\"Sonoraenequipo.com.mx\"},\"image\":{\"@id\":\"https:\/\/www.sonoraenequipo.com.mx\/#\/schema\/logo\/image\/\"},\"sameAs\":[\"https:\/\/www.facebook.com\/SonoraEE\/\",\"https:\/\/x.com\/sonoraenequipo\",\"https:\/\/www.youtube.com\/channel\/UC338nW-lPEYmJQs4ZABQ1SQ\"]},{\"@type\":\"Person\",\"@id\":\"https:\/\/www.sonoraenequipo.com.mx\/#\/schema\/person\/50102df0fb23a8fa9e8effad8fa81386\",\"name\":\"enequipo\",\"image\":{\"@type\":\"ImageObject\",\"inLanguage\":\"es\",\"@id\":\"https:\/\/www.sonoraenequipo.com.mx\/#\/schema\/person\/image\/\",\"url\":\"https:\/\/secure.gravatar.com\/avatar\/049821681b589dabc0bc20695993ccebb09f5b5d4d790cd9251b97faac7c652b?s=96&d=blank&r=g\",\"contentUrl\":\"https:\/\/secure.gravatar.com\/avatar\/049821681b589dabc0bc20695993ccebb09f5b5d4d790cd9251b97faac7c652b?s=96&d=blank&r=g\",\"caption\":\"enequipo\"},\"sameAs\":[\"https:\/\/www.facebook.com\/SonoraEE\"]}]}<\/script>\n ","yoast_head_json":{"title":"Sonora en Equipo. La raz\u00f3n f\u00edsica por la que tenemos m\u00e1s ganas de orinar cuando hace fr\u00edo Ciencia y Tecnolog\u00eda","description":"LONDRES, INGLATERRA. \u2014 Es muy dif\u00edcil establecer qu\u00e9 cantidad de veces al d\u00eda puede considerarse normal cuando se trata de orinar, porque depende en gran En Sonora en Equipo publicamos toda la informaci\u00f3n de Sonora, M\u00e9xico y el Mundo de manera oportuna y busca que la libertad de expresi\u00f3n sea real. Visita nuestro medio informativo publicado desde Hermosillo, Sonora. %","robots":{"index":"index","follow":"follow","max-snippet":"max-snippet:-1","max-image-preview":"max-image-preview:large","max-video-preview":"max-video-preview:-1"},"canonical":"https:\/\/www.sonoraenequipo.com.mx\/la-razon-fisica-por-la-que-tenemos-mas-ganas-de-orinar-cuando-hace-frio\/","og_locale":"es_ES","og_type":"article","og_title":"Sonora en Equipo. La raz\u00f3n f\u00edsica por la que tenemos m\u00e1s ganas de orinar cuando hace fr\u00edo Ciencia y Tecnolog\u00eda","og_description":"LONDRES, INGLATERRA. \u2014 Es muy dif\u00edcil establecer qu\u00e9 cantidad de veces al d\u00eda puede considerarse normal cuando se trata de orinar, porque depende en gran En Sonora en Equipo publicamos toda la informaci\u00f3n de Sonora, M\u00e9xico y el Mundo de manera oportuna y busca que la libertad de expresi\u00f3n sea real. Visita nuestro medio informativo publicado desde Hermosillo, Sonora. %","og_url":"https:\/\/www.sonoraenequipo.com.mx\/la-razon-fisica-por-la-que-tenemos-mas-ganas-de-orinar-cuando-hace-frio\/","og_site_name":"Sonora en Equipo.","article_publisher":"https:\/\/www.facebook.com\/SonoraEE\/","article_author":"https:\/\/www.facebook.com\/SonoraEE","article_published_time":"2019-12-13T06:55:40+00:00","og_image":[{"width":707,"height":400,"url":"https:\/\/www.sonoraenequipo.com.mx\/storage\/2019\/12\/frio_opt1.jpg","type":"image\/jpeg"}],"author":"enequipo","twitter_card":"summary_large_image","twitter_creator":"@sonoraenequipo","twitter_site":"@sonoraenequipo","twitter_misc":{"Escrito por":"enequipo","Tiempo de lectura":"3 minutos"},"schema":{"@context":"https:\/\/schema.org","@graph":[{"@type":"Article","@id":"https:\/\/www.sonoraenequipo.com.mx\/la-razon-fisica-por-la-que-tenemos-mas-ganas-de-orinar-cuando-hace-frio\/#article","isPartOf":{"@id":"https:\/\/www.sonoraenequipo.com.mx\/la-razon-fisica-por-la-que-tenemos-mas-ganas-de-orinar-cuando-hace-frio\/"},"author":{"name":"enequipo","@id":"https:\/\/www.sonoraenequipo.com.mx\/#\/schema\/person\/50102df0fb23a8fa9e8effad8fa81386"},"headline":"La raz\u00f3n f\u00edsica por la que tenemos m\u00e1s ganas de orinar cuando hace fr\u00edo","datePublished":"2019-12-13T06:55:40+00:00","mainEntityOfPage":{"@id":"https:\/\/www.sonoraenequipo.com.mx\/la-razon-fisica-por-la-que-tenemos-mas-ganas-de-orinar-cuando-hace-frio\/"},"wordCount":687,"commentCount":0,"publisher":{"@id":"https:\/\/www.sonoraenequipo.com.mx\/#organization"},"image":{"@id":"https:\/\/www.sonoraenequipo.com.mx\/la-razon-fisica-por-la-que-tenemos-mas-ganas-de-orinar-cuando-hace-frio\/#primaryimage"},"thumbnailUrl":"https:\/\/www.sonoraenequipo.com.mx\/storage\/2019\/12\/frio_opt1.jpg","articleSection":["Ciencia y Tecnolog\u00eda"],"inLanguage":"es","potentialAction":[{"@type":"CommentAction","name":"Comment","target":["https:\/\/www.sonoraenequipo.com.mx\/la-razon-fisica-por-la-que-tenemos-mas-ganas-de-orinar-cuando-hace-frio\/#respond"]}]},{"@type":"WebPage","@id":"https:\/\/www.sonoraenequipo.com.mx\/la-razon-fisica-por-la-que-tenemos-mas-ganas-de-orinar-cuando-hace-frio\/","url":"https:\/\/www.sonoraenequipo.com.mx\/la-razon-fisica-por-la-que-tenemos-mas-ganas-de-orinar-cuando-hace-frio\/","name":"Sonora en Equipo. La raz\u00f3n f\u00edsica por la que tenemos m\u00e1s ganas de orinar cuando hace fr\u00edo Ciencia y Tecnolog\u00eda","isPartOf":{"@id":"https:\/\/www.sonoraenequipo.com.mx\/#website"},"primaryImageOfPage":{"@id":"https:\/\/www.sonoraenequipo.com.mx\/la-razon-fisica-por-la-que-tenemos-mas-ganas-de-orinar-cuando-hace-frio\/#primaryimage"},"image":{"@id":"https:\/\/www.sonoraenequipo.com.mx\/la-razon-fisica-por-la-que-tenemos-mas-ganas-de-orinar-cuando-hace-frio\/#primaryimage"},"thumbnailUrl":"https:\/\/www.sonoraenequipo.com.mx\/storage\/2019\/12\/frio_opt1.jpg","datePublished":"2019-12-13T06:55:40+00:00","description":"LONDRES, INGLATERRA. \u2014 Es muy dif\u00edcil establecer qu\u00e9 cantidad de veces al d\u00eda puede considerarse normal cuando se trata de orinar, porque depende en gran En Sonora en Equipo publicamos toda la informaci\u00f3n de Sonora, M\u00e9xico y el Mundo de manera oportuna y busca que la libertad de expresi\u00f3n sea real. Visita nuestro medio informativo publicado desde Hermosillo, Sonora. %","breadcrumb":{"@id":"https:\/\/www.sonoraenequipo.com.mx\/la-razon-fisica-por-la-que-tenemos-mas-ganas-de-orinar-cuando-hace-frio\/#breadcrumb"},"inLanguage":"es","potentialAction":[{"@type":"ReadAction","target":["https:\/\/www.sonoraenequipo.com.mx\/la-razon-fisica-por-la-que-tenemos-mas-ganas-de-orinar-cuando-hace-frio\/"]}]},{"@type":"ImageObject","inLanguage":"es","@id":"https:\/\/www.sonoraenequipo.com.mx\/la-razon-fisica-por-la-que-tenemos-mas-ganas-de-orinar-cuando-hace-frio\/#primaryimage","url":"https:\/\/www.sonoraenequipo.com.mx\/storage\/2019\/12\/frio_opt1.jpg","contentUrl":"https:\/\/www.sonoraenequipo.com.mx\/storage\/2019\/12\/frio_opt1.jpg","width":707,"height":400},{"@type":"BreadcrumbList","@id":"https:\/\/www.sonoraenequipo.com.mx\/la-razon-fisica-por-la-que-tenemos-mas-ganas-de-orinar-cuando-hace-frio\/#breadcrumb","itemListElement":[{"@type":"ListItem","position":1,"name":"Portada","item":"https:\/\/www.sonoraenequipo.com.mx\/"},{"@type":"ListItem","position":2,"name":"La raz\u00f3n f\u00edsica por la que tenemos m\u00e1s ganas de orinar cuando hace fr\u00edo"}]},{"@type":"WebSite","@id":"https:\/\/www.sonoraenequipo.com.mx\/#website","url":"https:\/\/www.sonoraenequipo.com.mx\/","name":"Sonora en Equipo.","description":"Diario en l\u00ednea con Noticias desde Hermosillo, Sonora","publisher":{"@id":"https:\/\/www.sonoraenequipo.com.mx\/#organization"},"potentialAction":[{"@type":"SearchAction","target":{"@type":"EntryPoint","urlTemplate":"https:\/\/www.sonoraenequipo.com.mx\/?s={search_term_string}"},"query-input":{"@type":"PropertyValueSpecification","valueRequired":true,"valueName":"search_term_string"}}],"inLanguage":"es"},{"@type":"Organization","@id":"https:\/\/www.sonoraenequipo.com.mx\/#organization","name":"Sonoraenequipo.com.mx","url":"https:\/\/www.sonoraenequipo.com.mx\/","logo":{"@type":"ImageObject","inLanguage":"es","@id":"https:\/\/www.sonoraenequipo.com.mx\/#\/schema\/logo\/image\/","url":"https:\/\/www.sonoraenequipo.com.mx\/storage\/2019\/01\/sonoraenequipo_opt.png","contentUrl":"https:\/\/www.sonoraenequipo.com.mx\/storage\/2019\/01\/sonoraenequipo_opt.png","width":375,"height":125,"caption":"Sonoraenequipo.com.mx"},"image":{"@id":"https:\/\/www.sonoraenequipo.com.mx\/#\/schema\/logo\/image\/"},"sameAs":["https:\/\/www.facebook.com\/SonoraEE\/","https:\/\/x.com\/sonoraenequipo","https:\/\/www.youtube.com\/channel\/UC338nW-lPEYmJQs4ZABQ1SQ"]},{"@type":"Person","@id":"https:\/\/www.sonoraenequipo.com.mx\/#\/schema\/person\/50102df0fb23a8fa9e8effad8fa81386","name":"enequipo","image":{"@type":"ImageObject","inLanguage":"es","@id":"https:\/\/www.sonoraenequipo.com.mx\/#\/schema\/person\/image\/","url":"https:\/\/secure.gravatar.com\/avatar\/049821681b589dabc0bc20695993ccebb09f5b5d4d790cd9251b97faac7c652b?s=96&d=blank&r=g","contentUrl":"https:\/\/secure.gravatar.com\/avatar\/049821681b589dabc0bc20695993ccebb09f5b5d4d790cd9251b97faac7c652b?s=96&d=blank&r=g","caption":"enequipo"},"sameAs":["https:\/\/www.facebook.com\/SonoraEE"]}]}},"jetpack_featured_media_url":"https:\/\/www.sonoraenequipo.com.mx\/storage\/2019\/12\/frio_opt1.jpg","_links":{"self":[{"href":"https:\/\/www.sonoraenequipo.com.mx\/api\/wp\/v2\/posts\/73910","targetHints":{"allow":["GET"]}}],"collection":[{"href":"https:\/\/www.sonoraenequipo.com.mx\/api\/wp\/v2\/posts"}],"about":[{"href":"https:\/\/www.sonoraenequipo.com.mx\/api\/wp\/v2\/types\/post"}],"author":[{"embeddable":true,"href":"https:\/\/www.sonoraenequipo.com.mx\/api\/wp\/v2\/users\/1"}],"replies":[{"embeddable":true,"href":"https:\/\/www.sonoraenequipo.com.mx\/api\/wp\/v2\/comments?post=73910"}],"version-history":[{"count":0,"href":"https:\/\/www.sonoraenequipo.com.mx\/api\/wp\/v2\/posts\/73910\/revisions"}],"wp:featuredmedia":[{"embeddable":true,"href":"https:\/\/www.sonoraenequipo.com.mx\/api\/wp\/v2\/media\/73911"}],"wp:attachment":[{"href":"https:\/\/www.sonoraenequipo.com.mx\/api\/wp\/v2\/media?parent=73910"}],"wp:term":[{"taxonomy":"category","embeddable":true,"href":"https:\/\/www.sonoraenequipo.com.mx\/api\/wp\/v2\/categories?post=73910"},{"taxonomy":"post_tag","embeddable":true,"href":"https:\/\/www.sonoraenequipo.com.mx\/api\/wp\/v2\/tags?post=73910"}],"curies":[{"name":"wp","href":"https:\/\/api.w.org\/{rel}","templated":true}]}}