{"id":73913,"date":"2019-12-12T23:15:37","date_gmt":"2019-12-13T06:15:37","guid":{"rendered":"https:\/\/www.sonoraenequipo.com.mx\/?p=73913"},"modified":"2019-12-12T11:07:38","modified_gmt":"2019-12-12T18:07:38","slug":"t-mec-la-nueva-condicion-que-debe-ver-guatemala-en-el-tratado-firmado-por-mexico-canada-y-ee-uu","status":"publish","type":"post","link":"https:\/\/www.sonoraenequipo.com.mx\/t-mec-la-nueva-condicion-que-debe-ver-guatemala-en-el-tratado-firmado-por-mexico-canada-y-ee-uu\/","title":{"rendered":"T-MEC: La nueva condici\u00f3n que debe ver Guatemala en el tratado firmado por M\u00e9xico, Canad\u00e1 y EE. UU."},"content":{"rendered":"<p>GUATEMALA. \u2014 Con la firma de la nueva versi\u00f3n del tratado entre M\u00e9xico, Estados Unidos y Canad\u00e1 (conocido como T-MEC) se est\u00e1n fijando precedentes en temas de prestaciones laborales que podr\u00edan empezar a incluirse en tratados con otros pa\u00edses como supeditar las exportaciones al pago de un monto de salario m\u00ednimo a los trabajadores del sector espec\u00edfico, refirieron conocedores de comercio exterior.<\/p>\n<p>&nbsp;<\/p>\n<p>&nbsp;<\/p>\n<p> <\/p>\n<p>&nbsp;<\/p>\n<p>&nbsp;<\/p>\n<p>Sin embargo, tambi\u00e9n visualizan que traslada certeza en el comercio y crecimiento econ\u00f3mico de las naciones de Norteam\u00e9rica, que podr\u00eda ayudar a pa\u00edses como Guatemala con m\u00e1s demanda para exportar.<\/p>\n<p>&nbsp;<\/p>\n<p>&nbsp;<\/p>\n<p>El Viceministro de Econom\u00eda y Comercio Exterior, Julio Dougherty, indic\u00f3 que Guatemala no se ve afectada por el T-MEC en el acceso a los mercados, ya que los sectores que se renegociaron por esos tres pa\u00edses fueron el de veh\u00edculos, aceros y biomedicinas.<\/p>\n<p>&nbsp;<\/p>\n<p>&nbsp;<\/p>\n<p>En tanto las exportaciones de Guatemala a esa \u00e1rea son principalmente productos agr\u00edcolas primarios y procesados.<\/p>\n<p>&nbsp;<\/p>\n<p>&nbsp;<\/p>\n<p>Adem\u00e1s, el funcionario explic\u00f3 que esos pa\u00edses negociaron un cap\u00edtulo laboral y de medio ambiente donde habr\u00e1 est\u00e1ndares laborales de cumplimiento obligatorio.<\/p>\n<p>&nbsp;<\/p>\n<p>&nbsp;<\/p>\n<p>Al respecto de esos temas expuso que por parte de Guatemala se tiene un Acuerdo Comercial con EE. UU. y uno con M\u00e9xico, pero con el \u00fanico que tiene un cap\u00edtulo laboral es con el primer pa\u00eds en menci\u00f3n.<\/p>\n<p>&nbsp;<\/p>\n<p>&nbsp;<\/p>\n<p>En el caso de Canad\u00e1 uno de los temas que tiene obstaculizado el TLC que se inici\u00f3 a negociar como bloque centroamericano es que algunos pa\u00edses tienen pendiente de finalizar la negociaci\u00f3n. Por ejemplo a Guatemala le hace falta finalizar la negociaci\u00f3n en el tema laboral y en algunos productos agr\u00edcolas, a\u00f1adi\u00f3 el funcionario.<\/p>\n<p>&nbsp;<\/p>\n<h3>\nLas condicionantes<\/h3>\n<p>&nbsp;<\/p>\n<p>Una de las nuevas condicionantes establece que<em> \u201cel 40 % del costo del veh\u00edculo deber\u00e1 provenir de plantas que paguen salarios de US$16 la hora\u201d<\/em> seg\u00fan el nuevo tratado firmado el martes 10 de diciembre del 2019 por las autoridades de Estados Unidos, Canad\u00e1 y M\u00e9xico. A\u00fan est\u00e1 pendiente de la ratificaci\u00f3n del Congreso de cada pa\u00eds.<\/p>\n<p>&nbsp;<\/p>\n<p>&nbsp;<\/p>\n<p>Enrique Lacs, exministro de econom\u00eda, coincide con Dougherty respecto que desde el punto de vista comercial no tendr\u00eda ning\u00fan impacto ya que lo que hace el nuevo tratado entre los tres pa\u00edses de Norteam\u00e9rica es rectificar algunos sectores que son sensibles para Estados Unidos pero el resto de sectores \u201c<em>siguen tal y como ha estado funcionado desde el 1994\u201d<\/em>, a\u00f1adi\u00f3.<\/p>\n<p>&nbsp;<\/p>\n<p>&nbsp;<\/p>\n<p>Sin embargo, considera que el aspecto importante y nuevo antecedente que ha impuesto EE. UU. es referente al tema laboral e ir actualizando condiciones de los temas sensibles para ellos. Ese mecanismo puede ser replicado por ese pa\u00eds con otros tratados comerciales en cada regi\u00f3n, dijo Lacs.<\/p>\n<p>&nbsp;<\/p>\n<p>&nbsp;<\/p>\n<p>Explic\u00f3 que se est\u00e1 supeditando el origen de la exportaci\u00f3n a un salario m\u00ednimo, ya que al sector automotr\u00edz en M\u00e9xico el nuevo tratado le exige que se pague a los trabajadores un m\u00ednimo de US$16 diarios,<em> \u201cesa es una norma espec\u00edfica que no existe en otro tratado\u201d,<\/em> refiri\u00f3.<\/p>\n<p>&nbsp;<\/p>\n<p>&nbsp;<\/p>\n<p>El otro cambio es el origen de las partes de los veh\u00edculos. Se establec\u00eda que el 62% deb\u00edan de provenir los tres pa\u00edses de Norteam\u00e9rica y se subi\u00f3 al 75%, explic\u00f3 Lacs.<\/p>\n<p>&nbsp;<\/p>\n<p>&nbsp;<\/p>\n<p>Sin embargo, tanto Fanny D. Estrada, directora de competitividad de la Asociaci\u00f3n Guatemalteca de Exportadores (Agexport) como el exministro coincidieron en que en la parte laboral Guatemala esta m\u00e1s avanzada que M\u00e9xico porque en el TLC de EE. UU., Centroam\u00e9rica y Rep\u00fablica Dominicana ya existen ciertas condicionantes y lo que est\u00e1 haciendo Estados Unidos con el tratado de Norteam\u00e9rica es buscar estandarizarlo.<\/p>\n<p>&nbsp;<\/p>\n<p>&nbsp;<\/p>\n<p>Alejandro Ceballos, presidente de la Comisi\u00f3n de Vestuario y Textiles (Vestex) de Agexport mencion\u00f3 que para el sector textil no hay cambios y M\u00e9xico tienen acceso completo al mercado de Estados Unidos y Canad\u00e1, siempre que se respete la regla de origen. Sin embargo, mencion\u00f3 ese pa\u00eds ya no exporta tanto sino dedica su producci\u00f3n al mercado local.<\/p>\n<p>&nbsp;<\/p>\n<p>&nbsp;<\/p>\n<p>En el caso de salarios m\u00ednimos, coment\u00f3 que el tema para el sector de vestex no se incluye en el nuevo tratado norteamericano, pero que de todas formas en Guatemala el salario m\u00ednimo es m\u00e1s alto que en M\u00e9xico.<\/p>\n<p>&nbsp;<\/p>\n<p>Concuerda con Lacs en que esa nueva condici\u00f3n laboral si puede ser un precedente que afecta en el futuro a otros sectores.<\/p>\n<p>&nbsp;<\/p>\n<p>Respecto a temas laborales o de prestaciones D. Estrada ampl\u00eda su opini\u00f3n: <em>\u201ceso para nosotros ya no es una novedad, el acuerdo con Centroam\u00e9rica ya incluye parte de eso. Ellos lo est\u00e1n incorporando ahora, aunque naturalmente las condiciones que Estados Unidos le impuso a M\u00e9xico son bastante complejas, tocan temas que no necesariamente est\u00e1n vinculados al tema de los derechos laborales internacionales\u201d<\/em>, coment\u00f3.<\/p>\n<h3>\nM\u00e1s certeza, mejora econom\u00eda y exportaciones<\/h3>\n<p>&nbsp;<\/p>\n<p>D. Estrada considera que la firma del nuevo tratado estar\u00eda trasladando m\u00e1s estabilidad y certeza hacia el desarrollo del comercio en esa regi\u00f3n lo que conllevar\u00e1 una mejora en la econom\u00eda de dichos pa\u00edses.<\/p>\n<p>&nbsp;<\/p>\n<p>Una mejora en el comportamiento de la econom\u00eda de Estados Unidos, por ejemplo, estar\u00eda impactando en forma positiva en el aumento de la demanda de productos de ese pa\u00eds, aspecto que beneficiar\u00e1 a Guatemala, explic\u00f3 la ejecutiva.<\/p>\n<p>&nbsp;<\/p>\n<p>Estados Unidos, es el principal mercado, se logr\u00f3 exportar al 2018 US$3 mil 900 millones en el 2018. Aunque en las estad\u00edsticas actualizadas a septiembre se reporta una ca\u00edda del 7% de las exportaciones hacia ese pa\u00eds y tambi\u00e9n una ca\u00edda a Centroam\u00e9rica.<\/p>\n<p>&nbsp;<\/p>\n<p><em>\u201cSi las exportaciones al mercado estadounidense caen, naturalmente caen hacia Centroam\u00e9rica. Si mejora, trasladan un efecto positivo\u201d<\/em> agreg\u00f3 D. Estrada.<\/p>\n<p>&nbsp;<\/p>\n<p>La ejecutiva indic\u00f3 que seg\u00fan datos oficiales el pa\u00eds las exportaciones generales de Guatemala llegar\u00e1n a alrededor de US$11 mil millones al cierre del 2019, 0.8% m\u00e1s que en el 2018. El dato representa alrededor de US$67 millones m\u00e1s.<\/p>\n<p>&nbsp;<\/p>\n<h3>\nLos temas m\u00e1s candentes en la negociaci\u00f3n<\/h3>\n<p>&nbsp;<\/p>\n<p>La negociaci\u00f3n para un nuevo tratado comercial super\u00f3 muchos escollos en materia automotriz, agr\u00edcola, de medioambiente, laboral e incluso en materia de econom\u00eda digital.<\/p>\n<p>&nbsp;<\/p>\n<p>Entre los puntos m\u00e1s candentes se ubicaron las llamadas reglas de origen.<\/p>\n<p>&nbsp;<\/p>\n<p>Pues la renegociaci\u00f3n del acuerdo estableci\u00f3 que para la comercializaci\u00f3n de autom\u00f3viles en los pa\u00edses de la regi\u00f3n estos deben cumplir con reglas de origen -una cuota de productos regionales- para que est\u00e9n libres de arancel. De hecho, es el \u00fanico tratado a nivel mundial que fija reglas de origen para veh\u00edculos.<\/p>\n<p>&nbsp;<\/p>\n<p>Las reglas establecen que la producci\u00f3n de autos ligeros debe cumplir de con un contenido regional de 75% para comercializarse libremente.<br \/>\nEl 40% del costo del veh\u00edculo deber\u00e1 provenir de plantas que paguen salarios de US$16 la hora.<\/p>\n<p>&nbsp;<\/p>\n<p>Adem\u00e1s, 70% del acero y el aluminio que se utilice debe ser de los socios de la regi\u00f3n, y siete componentes principales del autom\u00f3vil tienen que ser manufacturados en la zona.<\/p>\n<p>&nbsp;<\/p>\n<p>Los veh\u00edculos y autopartes que cumplan con la nueva regla de origen seguir\u00e1n gozando del acceso preferencial, mientras que aquellos veh\u00edculos que incumplen con dicha norma pagar\u00e1n un arancel igual o menor a 2.5%.<\/p>\n<p>&nbsp;<\/p>\n<p>&nbsp;<\/p>\n<p>PUBLICADO EL 12\/12\/2019 \/ Rosa Mar\u00eda Bola\u00f1os- PRENSA LIBRE )<\/p>\n","protected":false},"excerpt":{"rendered":"<p>GUATEMALA. \u2014 Con la firma de la nueva versi\u00f3n del tratado entre M\u00e9xico, Estados Unidos&#8230;<\/p>\n","protected":false},"author":1,"featured_media":73914,"comment_status":"open","ping_status":"open","sticky":false,"template":"","format":"standard","meta":{"_monsterinsights_skip_tracking":false,"_monsterinsights_sitenote_active":false,"_monsterinsights_sitenote_note":"","_monsterinsights_sitenote_category":0,"footnotes":""},"categories":[3],"tags":[],"class_list":["post"],"yoast_head":" \n<title>Sonora en Equipo. T-MEC: La nueva condici\u00f3n que debe ver Guatemala en el tratado firmado por M\u00e9xico, Canad\u00e1 y EE. UU. MUNDO<\/title>\n<meta name=\"description\" content=\"GUATEMALA. \u2014 Con la firma de la nueva versi\u00f3n del tratado entre M\u00e9xico, Estados Unidos y Canad\u00e1 (conocido como T-MEC) se est\u00e1n fijando precedentes en En Sonora en Equipo publicamos toda la informaci\u00f3n de Sonora, M\u00e9xico y el Mundo de manera oportuna y busca que la libertad de expresi\u00f3n sea real. Visita nuestro medio informativo publicado desde Hermosillo, Sonora. %\" \/>\n<meta name=\"robots\" content=\"index, follow, max-snippet:-1, max-image-preview:large, max-video-preview:-1\" \/>\n<link rel=\"canonical\" href=\"https:\/\/www.sonoraenequipo.com.mx\/t-mec-la-nueva-condicion-que-debe-ver-guatemala-en-el-tratado-firmado-por-mexico-canada-y-ee-uu\/\" \/>\n<meta property=\"og:locale\" content=\"es_ES\" \/>\n<meta property=\"og:type\" content=\"article\" \/>\n<meta property=\"og:title\" content=\"Sonora en Equipo. T-MEC: La nueva condici\u00f3n que debe ver Guatemala en el tratado firmado por M\u00e9xico, Canad\u00e1 y EE. UU. MUNDO\" \/>\n<meta property=\"og:description\" content=\"GUATEMALA. \u2014 Con la firma de la nueva versi\u00f3n del tratado entre M\u00e9xico, Estados Unidos y Canad\u00e1 (conocido como T-MEC) se est\u00e1n fijando precedentes en En Sonora en Equipo publicamos toda la informaci\u00f3n de Sonora, M\u00e9xico y el Mundo de manera oportuna y busca que la libertad de expresi\u00f3n sea real. Visita nuestro medio informativo publicado desde Hermosillo, Sonora. %\" \/>\n<meta property=\"og:url\" content=\"https:\/\/www.sonoraenequipo.com.mx\/t-mec-la-nueva-condicion-que-debe-ver-guatemala-en-el-tratado-firmado-por-mexico-canada-y-ee-uu\/\" \/>\n<meta property=\"og:site_name\" content=\"Sonora en Equipo.\" \/>\n<meta property=\"article:publisher\" content=\"https:\/\/www.facebook.com\/SonoraEE\/\" \/>\n<meta property=\"article:author\" content=\"https:\/\/www.facebook.com\/SonoraEE\" \/>\n<meta property=\"article:published_time\" content=\"2019-12-13T06:15:37+00:00\" \/>\n<meta property=\"og:image\" content=\"https:\/\/www.sonoraenequipo.com.mx\/storage\/2019\/12\/Contenedores-8-exportaciones_opt.jpg\" \/>\n\t<meta property=\"og:image:width\" content=\"707\" \/>\n\t<meta property=\"og:image:height\" content=\"400\" \/>\n\t<meta property=\"og:image:type\" content=\"image\/jpeg\" \/>\n<meta name=\"author\" content=\"enequipo\" \/>\n<meta name=\"twitter:card\" content=\"summary_large_image\" \/>\n<meta name=\"twitter:creator\" content=\"@sonoraenequipo\" \/>\n<meta name=\"twitter:site\" content=\"@sonoraenequipo\" \/>\n<meta name=\"twitter:label1\" content=\"Escrito por\" \/>\n\t<meta name=\"twitter:data1\" content=\"enequipo\" \/>\n\t<meta name=\"twitter:label2\" content=\"Tiempo de lectura\" \/>\n\t<meta name=\"twitter:data2\" content=\"6 minutos\" \/>\n<script type=\"application\/ld+json\" class=\"yoast-schema-graph\">{\"@context\":\"https:\/\/schema.org\",\"@graph\":[{\"@type\":\"Article\",\"@id\":\"https:\/\/www.sonoraenequipo.com.mx\/t-mec-la-nueva-condicion-que-debe-ver-guatemala-en-el-tratado-firmado-por-mexico-canada-y-ee-uu\/#article\",\"isPartOf\":{\"@id\":\"https:\/\/www.sonoraenequipo.com.mx\/t-mec-la-nueva-condicion-que-debe-ver-guatemala-en-el-tratado-firmado-por-mexico-canada-y-ee-uu\/\"},\"author\":{\"name\":\"enequipo\",\"@id\":\"https:\/\/www.sonoraenequipo.com.mx\/#\/schema\/person\/50102df0fb23a8fa9e8effad8fa81386\"},\"headline\":\"T-MEC: La nueva condici\u00f3n que debe ver Guatemala en el tratado firmado por M\u00e9xico, Canad\u00e1 y EE. UU.\",\"datePublished\":\"2019-12-13T06:15:37+00:00\",\"mainEntityOfPage\":{\"@id\":\"https:\/\/www.sonoraenequipo.com.mx\/t-mec-la-nueva-condicion-que-debe-ver-guatemala-en-el-tratado-firmado-por-mexico-canada-y-ee-uu\/\"},\"wordCount\":1310,\"commentCount\":0,\"publisher\":{\"@id\":\"https:\/\/www.sonoraenequipo.com.mx\/#organization\"},\"image\":{\"@id\":\"https:\/\/www.sonoraenequipo.com.mx\/t-mec-la-nueva-condicion-que-debe-ver-guatemala-en-el-tratado-firmado-por-mexico-canada-y-ee-uu\/#primaryimage\"},\"thumbnailUrl\":\"https:\/\/www.sonoraenequipo.com.mx\/storage\/2019\/12\/Contenedores-8-exportaciones_opt.jpg\",\"articleSection\":[\"MUNDO\"],\"inLanguage\":\"es\",\"potentialAction\":[{\"@type\":\"CommentAction\",\"name\":\"Comment\",\"target\":[\"https:\/\/www.sonoraenequipo.com.mx\/t-mec-la-nueva-condicion-que-debe-ver-guatemala-en-el-tratado-firmado-por-mexico-canada-y-ee-uu\/#respond\"]}]},{\"@type\":\"WebPage\",\"@id\":\"https:\/\/www.sonoraenequipo.com.mx\/t-mec-la-nueva-condicion-que-debe-ver-guatemala-en-el-tratado-firmado-por-mexico-canada-y-ee-uu\/\",\"url\":\"https:\/\/www.sonoraenequipo.com.mx\/t-mec-la-nueva-condicion-que-debe-ver-guatemala-en-el-tratado-firmado-por-mexico-canada-y-ee-uu\/\",\"name\":\"Sonora en Equipo. T-MEC: La nueva condici\u00f3n que debe ver Guatemala en el tratado firmado por M\u00e9xico, Canad\u00e1 y EE. UU. MUNDO\",\"isPartOf\":{\"@id\":\"https:\/\/www.sonoraenequipo.com.mx\/#website\"},\"primaryImageOfPage\":{\"@id\":\"https:\/\/www.sonoraenequipo.com.mx\/t-mec-la-nueva-condicion-que-debe-ver-guatemala-en-el-tratado-firmado-por-mexico-canada-y-ee-uu\/#primaryimage\"},\"image\":{\"@id\":\"https:\/\/www.sonoraenequipo.com.mx\/t-mec-la-nueva-condicion-que-debe-ver-guatemala-en-el-tratado-firmado-por-mexico-canada-y-ee-uu\/#primaryimage\"},\"thumbnailUrl\":\"https:\/\/www.sonoraenequipo.com.mx\/storage\/2019\/12\/Contenedores-8-exportaciones_opt.jpg\",\"datePublished\":\"2019-12-13T06:15:37+00:00\",\"description\":\"GUATEMALA. \u2014 Con la firma de la nueva versi\u00f3n del tratado entre M\u00e9xico, Estados Unidos y Canad\u00e1 (conocido como T-MEC) se est\u00e1n fijando precedentes en En Sonora en Equipo publicamos toda la informaci\u00f3n de Sonora, M\u00e9xico y el Mundo de manera oportuna y busca que la libertad de expresi\u00f3n sea real. Visita nuestro medio informativo publicado desde Hermosillo, Sonora. %\",\"breadcrumb\":{\"@id\":\"https:\/\/www.sonoraenequipo.com.mx\/t-mec-la-nueva-condicion-que-debe-ver-guatemala-en-el-tratado-firmado-por-mexico-canada-y-ee-uu\/#breadcrumb\"},\"inLanguage\":\"es\",\"potentialAction\":[{\"@type\":\"ReadAction\",\"target\":[\"https:\/\/www.sonoraenequipo.com.mx\/t-mec-la-nueva-condicion-que-debe-ver-guatemala-en-el-tratado-firmado-por-mexico-canada-y-ee-uu\/\"]}]},{\"@type\":\"ImageObject\",\"inLanguage\":\"es\",\"@id\":\"https:\/\/www.sonoraenequipo.com.mx\/t-mec-la-nueva-condicion-que-debe-ver-guatemala-en-el-tratado-firmado-por-mexico-canada-y-ee-uu\/#primaryimage\",\"url\":\"https:\/\/www.sonoraenequipo.com.mx\/storage\/2019\/12\/Contenedores-8-exportaciones_opt.jpg\",\"contentUrl\":\"https:\/\/www.sonoraenequipo.com.mx\/storage\/2019\/12\/Contenedores-8-exportaciones_opt.jpg\",\"width\":707,\"height\":400},{\"@type\":\"BreadcrumbList\",\"@id\":\"https:\/\/www.sonoraenequipo.com.mx\/t-mec-la-nueva-condicion-que-debe-ver-guatemala-en-el-tratado-firmado-por-mexico-canada-y-ee-uu\/#breadcrumb\",\"itemListElement\":[{\"@type\":\"ListItem\",\"position\":1,\"name\":\"Portada\",\"item\":\"https:\/\/www.sonoraenequipo.com.mx\/\"},{\"@type\":\"ListItem\",\"position\":2,\"name\":\"T-MEC: La nueva condici\u00f3n que debe ver Guatemala en el tratado firmado por M\u00e9xico, Canad\u00e1 y EE. UU.\"}]},{\"@type\":\"WebSite\",\"@id\":\"https:\/\/www.sonoraenequipo.com.mx\/#website\",\"url\":\"https:\/\/www.sonoraenequipo.com.mx\/\",\"name\":\"Sonora en Equipo.\",\"description\":\"Diario en l\u00ednea con Noticias desde Hermosillo, Sonora\",\"publisher\":{\"@id\":\"https:\/\/www.sonoraenequipo.com.mx\/#organization\"},\"potentialAction\":[{\"@type\":\"SearchAction\",\"target\":{\"@type\":\"EntryPoint\",\"urlTemplate\":\"https:\/\/www.sonoraenequipo.com.mx\/?s={search_term_string}\"},\"query-input\":{\"@type\":\"PropertyValueSpecification\",\"valueRequired\":true,\"valueName\":\"search_term_string\"}}],\"inLanguage\":\"es\"},{\"@type\":\"Organization\",\"@id\":\"https:\/\/www.sonoraenequipo.com.mx\/#organization\",\"name\":\"Sonoraenequipo.com.mx\",\"url\":\"https:\/\/www.sonoraenequipo.com.mx\/\",\"logo\":{\"@type\":\"ImageObject\",\"inLanguage\":\"es\",\"@id\":\"https:\/\/www.sonoraenequipo.com.mx\/#\/schema\/logo\/image\/\",\"url\":\"https:\/\/www.sonoraenequipo.com.mx\/storage\/2019\/01\/sonoraenequipo_opt.png\",\"contentUrl\":\"https:\/\/www.sonoraenequipo.com.mx\/storage\/2019\/01\/sonoraenequipo_opt.png\",\"width\":375,\"height\":125,\"caption\":\"Sonoraenequipo.com.mx\"},\"image\":{\"@id\":\"https:\/\/www.sonoraenequipo.com.mx\/#\/schema\/logo\/image\/\"},\"sameAs\":[\"https:\/\/www.facebook.com\/SonoraEE\/\",\"https:\/\/x.com\/sonoraenequipo\",\"https:\/\/www.youtube.com\/channel\/UC338nW-lPEYmJQs4ZABQ1SQ\"]},{\"@type\":\"Person\",\"@id\":\"https:\/\/www.sonoraenequipo.com.mx\/#\/schema\/person\/50102df0fb23a8fa9e8effad8fa81386\",\"name\":\"enequipo\",\"image\":{\"@type\":\"ImageObject\",\"inLanguage\":\"es\",\"@id\":\"https:\/\/www.sonoraenequipo.com.mx\/#\/schema\/person\/image\/\",\"url\":\"https:\/\/secure.gravatar.com\/avatar\/049821681b589dabc0bc20695993ccebb09f5b5d4d790cd9251b97faac7c652b?s=96&d=blank&r=g\",\"contentUrl\":\"https:\/\/secure.gravatar.com\/avatar\/049821681b589dabc0bc20695993ccebb09f5b5d4d790cd9251b97faac7c652b?s=96&d=blank&r=g\",\"caption\":\"enequipo\"},\"sameAs\":[\"https:\/\/www.facebook.com\/SonoraEE\"]}]}<\/script>\n ","yoast_head_json":{"title":"Sonora en Equipo. T-MEC: La nueva condici\u00f3n que debe ver Guatemala en el tratado firmado por M\u00e9xico, Canad\u00e1 y EE. UU. MUNDO","description":"GUATEMALA. \u2014 Con la firma de la nueva versi\u00f3n del tratado entre M\u00e9xico, Estados Unidos y Canad\u00e1 (conocido como T-MEC) se est\u00e1n fijando precedentes en En Sonora en Equipo publicamos toda la informaci\u00f3n de Sonora, M\u00e9xico y el Mundo de manera oportuna y busca que la libertad de expresi\u00f3n sea real. Visita nuestro medio informativo publicado desde Hermosillo, Sonora. %","robots":{"index":"index","follow":"follow","max-snippet":"max-snippet:-1","max-image-preview":"max-image-preview:large","max-video-preview":"max-video-preview:-1"},"canonical":"https:\/\/www.sonoraenequipo.com.mx\/t-mec-la-nueva-condicion-que-debe-ver-guatemala-en-el-tratado-firmado-por-mexico-canada-y-ee-uu\/","og_locale":"es_ES","og_type":"article","og_title":"Sonora en Equipo. T-MEC: La nueva condici\u00f3n que debe ver Guatemala en el tratado firmado por M\u00e9xico, Canad\u00e1 y EE. UU. MUNDO","og_description":"GUATEMALA. \u2014 Con la firma de la nueva versi\u00f3n del tratado entre M\u00e9xico, Estados Unidos y Canad\u00e1 (conocido como T-MEC) se est\u00e1n fijando precedentes en En Sonora en Equipo publicamos toda la informaci\u00f3n de Sonora, M\u00e9xico y el Mundo de manera oportuna y busca que la libertad de expresi\u00f3n sea real. Visita nuestro medio informativo publicado desde Hermosillo, Sonora. %","og_url":"https:\/\/www.sonoraenequipo.com.mx\/t-mec-la-nueva-condicion-que-debe-ver-guatemala-en-el-tratado-firmado-por-mexico-canada-y-ee-uu\/","og_site_name":"Sonora en Equipo.","article_publisher":"https:\/\/www.facebook.com\/SonoraEE\/","article_author":"https:\/\/www.facebook.com\/SonoraEE","article_published_time":"2019-12-13T06:15:37+00:00","og_image":[{"width":707,"height":400,"url":"https:\/\/www.sonoraenequipo.com.mx\/storage\/2019\/12\/Contenedores-8-exportaciones_opt.jpg","type":"image\/jpeg"}],"author":"enequipo","twitter_card":"summary_large_image","twitter_creator":"@sonoraenequipo","twitter_site":"@sonoraenequipo","twitter_misc":{"Escrito por":"enequipo","Tiempo de lectura":"6 minutos"},"schema":{"@context":"https:\/\/schema.org","@graph":[{"@type":"Article","@id":"https:\/\/www.sonoraenequipo.com.mx\/t-mec-la-nueva-condicion-que-debe-ver-guatemala-en-el-tratado-firmado-por-mexico-canada-y-ee-uu\/#article","isPartOf":{"@id":"https:\/\/www.sonoraenequipo.com.mx\/t-mec-la-nueva-condicion-que-debe-ver-guatemala-en-el-tratado-firmado-por-mexico-canada-y-ee-uu\/"},"author":{"name":"enequipo","@id":"https:\/\/www.sonoraenequipo.com.mx\/#\/schema\/person\/50102df0fb23a8fa9e8effad8fa81386"},"headline":"T-MEC: La nueva condici\u00f3n que debe ver Guatemala en el tratado firmado por M\u00e9xico, Canad\u00e1 y EE. UU.","datePublished":"2019-12-13T06:15:37+00:00","mainEntityOfPage":{"@id":"https:\/\/www.sonoraenequipo.com.mx\/t-mec-la-nueva-condicion-que-debe-ver-guatemala-en-el-tratado-firmado-por-mexico-canada-y-ee-uu\/"},"wordCount":1310,"commentCount":0,"publisher":{"@id":"https:\/\/www.sonoraenequipo.com.mx\/#organization"},"image":{"@id":"https:\/\/www.sonoraenequipo.com.mx\/t-mec-la-nueva-condicion-que-debe-ver-guatemala-en-el-tratado-firmado-por-mexico-canada-y-ee-uu\/#primaryimage"},"thumbnailUrl":"https:\/\/www.sonoraenequipo.com.mx\/storage\/2019\/12\/Contenedores-8-exportaciones_opt.jpg","articleSection":["MUNDO"],"inLanguage":"es","potentialAction":[{"@type":"CommentAction","name":"Comment","target":["https:\/\/www.sonoraenequipo.com.mx\/t-mec-la-nueva-condicion-que-debe-ver-guatemala-en-el-tratado-firmado-por-mexico-canada-y-ee-uu\/#respond"]}]},{"@type":"WebPage","@id":"https:\/\/www.sonoraenequipo.com.mx\/t-mec-la-nueva-condicion-que-debe-ver-guatemala-en-el-tratado-firmado-por-mexico-canada-y-ee-uu\/","url":"https:\/\/www.sonoraenequipo.com.mx\/t-mec-la-nueva-condicion-que-debe-ver-guatemala-en-el-tratado-firmado-por-mexico-canada-y-ee-uu\/","name":"Sonora en Equipo. T-MEC: La nueva condici\u00f3n que debe ver Guatemala en el tratado firmado por M\u00e9xico, Canad\u00e1 y EE. UU. MUNDO","isPartOf":{"@id":"https:\/\/www.sonoraenequipo.com.mx\/#website"},"primaryImageOfPage":{"@id":"https:\/\/www.sonoraenequipo.com.mx\/t-mec-la-nueva-condicion-que-debe-ver-guatemala-en-el-tratado-firmado-por-mexico-canada-y-ee-uu\/#primaryimage"},"image":{"@id":"https:\/\/www.sonoraenequipo.com.mx\/t-mec-la-nueva-condicion-que-debe-ver-guatemala-en-el-tratado-firmado-por-mexico-canada-y-ee-uu\/#primaryimage"},"thumbnailUrl":"https:\/\/www.sonoraenequipo.com.mx\/storage\/2019\/12\/Contenedores-8-exportaciones_opt.jpg","datePublished":"2019-12-13T06:15:37+00:00","description":"GUATEMALA. \u2014 Con la firma de la nueva versi\u00f3n del tratado entre M\u00e9xico, Estados Unidos y Canad\u00e1 (conocido como T-MEC) se est\u00e1n fijando precedentes en En Sonora en Equipo publicamos toda la informaci\u00f3n de Sonora, M\u00e9xico y el Mundo de manera oportuna y busca que la libertad de expresi\u00f3n sea real. Visita nuestro medio informativo publicado desde Hermosillo, Sonora. %","breadcrumb":{"@id":"https:\/\/www.sonoraenequipo.com.mx\/t-mec-la-nueva-condicion-que-debe-ver-guatemala-en-el-tratado-firmado-por-mexico-canada-y-ee-uu\/#breadcrumb"},"inLanguage":"es","potentialAction":[{"@type":"ReadAction","target":["https:\/\/www.sonoraenequipo.com.mx\/t-mec-la-nueva-condicion-que-debe-ver-guatemala-en-el-tratado-firmado-por-mexico-canada-y-ee-uu\/"]}]},{"@type":"ImageObject","inLanguage":"es","@id":"https:\/\/www.sonoraenequipo.com.mx\/t-mec-la-nueva-condicion-que-debe-ver-guatemala-en-el-tratado-firmado-por-mexico-canada-y-ee-uu\/#primaryimage","url":"https:\/\/www.sonoraenequipo.com.mx\/storage\/2019\/12\/Contenedores-8-exportaciones_opt.jpg","contentUrl":"https:\/\/www.sonoraenequipo.com.mx\/storage\/2019\/12\/Contenedores-8-exportaciones_opt.jpg","width":707,"height":400},{"@type":"BreadcrumbList","@id":"https:\/\/www.sonoraenequipo.com.mx\/t-mec-la-nueva-condicion-que-debe-ver-guatemala-en-el-tratado-firmado-por-mexico-canada-y-ee-uu\/#breadcrumb","itemListElement":[{"@type":"ListItem","position":1,"name":"Portada","item":"https:\/\/www.sonoraenequipo.com.mx\/"},{"@type":"ListItem","position":2,"name":"T-MEC: La nueva condici\u00f3n que debe ver Guatemala en el tratado firmado por M\u00e9xico, Canad\u00e1 y EE. UU."}]},{"@type":"WebSite","@id":"https:\/\/www.sonoraenequipo.com.mx\/#website","url":"https:\/\/www.sonoraenequipo.com.mx\/","name":"Sonora en Equipo.","description":"Diario en l\u00ednea con Noticias desde Hermosillo, Sonora","publisher":{"@id":"https:\/\/www.sonoraenequipo.com.mx\/#organization"},"potentialAction":[{"@type":"SearchAction","target":{"@type":"EntryPoint","urlTemplate":"https:\/\/www.sonoraenequipo.com.mx\/?s={search_term_string}"},"query-input":{"@type":"PropertyValueSpecification","valueRequired":true,"valueName":"search_term_string"}}],"inLanguage":"es"},{"@type":"Organization","@id":"https:\/\/www.sonoraenequipo.com.mx\/#organization","name":"Sonoraenequipo.com.mx","url":"https:\/\/www.sonoraenequipo.com.mx\/","logo":{"@type":"ImageObject","inLanguage":"es","@id":"https:\/\/www.sonoraenequipo.com.mx\/#\/schema\/logo\/image\/","url":"https:\/\/www.sonoraenequipo.com.mx\/storage\/2019\/01\/sonoraenequipo_opt.png","contentUrl":"https:\/\/www.sonoraenequipo.com.mx\/storage\/2019\/01\/sonoraenequipo_opt.png","width":375,"height":125,"caption":"Sonoraenequipo.com.mx"},"image":{"@id":"https:\/\/www.sonoraenequipo.com.mx\/#\/schema\/logo\/image\/"},"sameAs":["https:\/\/www.facebook.com\/SonoraEE\/","https:\/\/x.com\/sonoraenequipo","https:\/\/www.youtube.com\/channel\/UC338nW-lPEYmJQs4ZABQ1SQ"]},{"@type":"Person","@id":"https:\/\/www.sonoraenequipo.com.mx\/#\/schema\/person\/50102df0fb23a8fa9e8effad8fa81386","name":"enequipo","image":{"@type":"ImageObject","inLanguage":"es","@id":"https:\/\/www.sonoraenequipo.com.mx\/#\/schema\/person\/image\/","url":"https:\/\/secure.gravatar.com\/avatar\/049821681b589dabc0bc20695993ccebb09f5b5d4d790cd9251b97faac7c652b?s=96&d=blank&r=g","contentUrl":"https:\/\/secure.gravatar.com\/avatar\/049821681b589dabc0bc20695993ccebb09f5b5d4d790cd9251b97faac7c652b?s=96&d=blank&r=g","caption":"enequipo"},"sameAs":["https:\/\/www.facebook.com\/SonoraEE"]}]}},"jetpack_featured_media_url":"https:\/\/www.sonoraenequipo.com.mx\/storage\/2019\/12\/Contenedores-8-exportaciones_opt.jpg","_links":{"self":[{"href":"https:\/\/www.sonoraenequipo.com.mx\/api\/wp\/v2\/posts\/73913","targetHints":{"allow":["GET"]}}],"collection":[{"href":"https:\/\/www.sonoraenequipo.com.mx\/api\/wp\/v2\/posts"}],"about":[{"href":"https:\/\/www.sonoraenequipo.com.mx\/api\/wp\/v2\/types\/post"}],"author":[{"embeddable":true,"href":"https:\/\/www.sonoraenequipo.com.mx\/api\/wp\/v2\/users\/1"}],"replies":[{"embeddable":true,"href":"https:\/\/www.sonoraenequipo.com.mx\/api\/wp\/v2\/comments?post=73913"}],"version-history":[{"count":0,"href":"https:\/\/www.sonoraenequipo.com.mx\/api\/wp\/v2\/posts\/73913\/revisions"}],"wp:featuredmedia":[{"embeddable":true,"href":"https:\/\/www.sonoraenequipo.com.mx\/api\/wp\/v2\/media\/73914"}],"wp:attachment":[{"href":"https:\/\/www.sonoraenequipo.com.mx\/api\/wp\/v2\/media?parent=73913"}],"wp:term":[{"taxonomy":"category","embeddable":true,"href":"https:\/\/www.sonoraenequipo.com.mx\/api\/wp\/v2\/categories?post=73913"},{"taxonomy":"post_tag","embeddable":true,"href":"https:\/\/www.sonoraenequipo.com.mx\/api\/wp\/v2\/tags?post=73913"}],"curies":[{"name":"wp","href":"https:\/\/api.w.org\/{rel}","templated":true}]}}