{"id":73919,"date":"2019-12-12T22:45:23","date_gmt":"2019-12-13T05:45:23","guid":{"rendered":"https:\/\/www.sonoraenequipo.com.mx\/?p=73919"},"modified":"2019-12-12T11:44:54","modified_gmt":"2019-12-12T18:44:54","slug":"en-guerrero-cuatro-de-cada-diez-negocios-tienen-problemas-de-inseguridad-inegi","status":"publish","type":"post","link":"https:\/\/www.sonoraenequipo.com.mx\/en-guerrero-cuatro-de-cada-diez-negocios-tienen-problemas-de-inseguridad-inegi\/","title":{"rendered":"En Guerrero cuatro de cada diez negocios tienen problemas de inseguridad: INEGI"},"content":{"rendered":"<p>CHILPANCINGO, GUERRERO. MX. \u2014 En Guerrero cuatro de cada diez negocios manifestaron tener problemas de inseguridad, se\u00f1al\u00f3 el coordinador estatal del INEGI, Ismael Maldonado Valenzuela al presentar el censo econ\u00f3mico 2019.<\/p>\n<p>&nbsp;<\/p>\n<p>&nbsp;<\/p>\n<p> <\/p>\n<p>&nbsp;<\/p>\n<p>&nbsp;<\/p>\n<p>En conferencia de prensa, dijo que el porcentaje que la inseguridad ocupo en la encuesta fue el 39.1 por ciento, el m\u00e1s alto del rubro de los principales problemas de los establecimientos para llevar a cabo sus actividades comerciales.<\/p>\n<p>&nbsp;<\/p>\n<p>En esta lista le siguen los altos costos en el pago de energ\u00eda el\u00e9ctrica, agua y telefon\u00eda, con 23.9 por ciento; la competencia desleal el tercer puesto con 21.1 por ciento; seguido de la baja demanda de sus bienes con un 20.7 por ciento; los altos costos de materias primas tiene un porcentaje de 20.0 por ciento; altos impuestos tiene un porcentaje de 11. 9 por ciento; competencia de negocios informales tiene un porcentaje de 11.0 por ciento; falta de cr\u00e9dito tiene un porcentaje de 8.8 por ciento; le sigue la corrupci\u00f3n con 7.1 por ciento y finalmente el exceso de tr\u00e1mites gubernamentales para operar con un 6.6 por ciento.<\/p>\n<p>&nbsp;<\/p>\n<p>&nbsp;<\/p>\n<p>El coordinador del INEGI en el estado, aclaro que los porcentajes de esta tabla, no alcanza el 100 por ciento debido a que la pregunta los declarantes pueden responder y ubicarse en otros problemas.<\/p>\n<p>&nbsp;<\/p>\n<p>&nbsp;<\/p>\n<p><em>\u201cHay que no vienen porque tiene una significancia m\u00e1s marginal, mucho m\u00e1s marginal\u201d,<\/em> expuso.<\/p>\n<p>&nbsp;<\/p>\n<p>&nbsp;<\/p>\n<p>Cuestionado sobre los problemas que enfrento el INEGI al momento de hacer su encuesta, Maldonado Valenzuela asegur\u00f3 que no se registraron incidentes que lamentar.<\/p>\n<p>&nbsp;<\/p>\n<p>&nbsp;<\/p>\n<p><em>\u201cPuedo informarles que el INEGI realice una serie de procedimientos o protocolos para poder atender ese fen\u00f3meno (de la inseguridad) que se presenta en todos el pa\u00eds, y en el caso de Guerrero, lo que hacemos y as\u00ed se hace en todo el pa\u00eds, tenemos informaci\u00f3n que nos proporcionan autoridades, nos proporciona nuestro mismo personal y en funci\u00f3n de ello nosotros vamos haciendo la planeaci\u00f3n\u201d<\/em>, explic\u00f3.<\/p>\n<p>&nbsp;<\/p>\n<p>&nbsp;<\/p>\n<p>Todo esto incide en que no se tenga problemas a la hora de <em>\u201clevantar\u201d<\/em> la informaci\u00f3n en campo, y se tenga la menor cantidad de incidencias con el personal, el cual dijo es oriundo de las regiones en donde se realizan las encuestas.<\/p>\n<p>&nbsp;<\/p>\n<p>&nbsp;<\/p>\n<p><em>\u201cLes informamos para que puedan tomar en cuenta alguna posible contingencia, y aplicamos medidas para estar perfectamente comunicados, el personal cundo anda en campo, lo tenemos ubicados, estamos comunicados con ellos, y adem\u00e1s el personal que contratamos cuidamos mucho que sean de las mismas \u00e1reas\u201d<\/em>, indic\u00f3.<\/p>\n<p>&nbsp;<\/p>\n<p>&nbsp;<\/p>\n<p>Cabe mencionar que los datos recabados por los Censos Econ\u00f3micos 2019 corresponden a las actividades efectuadas por los establecimientos del 1 de enero al 31 de diciembre de 2018.<\/p>\n<p>&nbsp;<\/p>\n<p>&nbsp;<\/p>\n<p>Dado que el levantamiento de la informaci\u00f3n se realiz\u00f3 entre febrero y julio de 2019, los Censos Econ\u00f3micos 2019 captaron tambi\u00e9n informaci\u00f3n de los establecimientos que iniciaron sus operaciones en este a\u00f1o, y ofrecen un panorama de establecimientos y del personal ocupado que hab\u00eda en la Rep\u00fablica Mexicana en el primer semestre de 2019.<\/p>\n<p>&nbsp;<\/p>\n<p>&nbsp;<\/p>\n<h3>Principales resultados<\/h3>\n<p>&nbsp;<\/p>\n<p>&nbsp;<\/p>\n<p>El levantamiento de los Censos Econ\u00f3micos 2019 se realiz\u00f3 del 7 de febrero al 31 de julio de 2019 con la participaci\u00f3n de un equipo de alrededor de 26 mil personas, las cuales, debidamente identificadas con uniforme y credencial con fotograf\u00eda, solicitaron los datos a los propietarios, encargados, contadores o administradores de los negocios.<\/p>\n<p>&nbsp;<\/p>\n<p>&nbsp;<\/p>\n<p>En la entidad, en los \u00faltimos cinco a\u00f1os disminuy\u00f3 la cifra de establecimientos, sin embargo, aument\u00f3 el n\u00famero de personas ocupadas; los establecimientos decrecieron a una tasa promedio anual de -0.2%, mientras que el personal ocupado creci\u00f3 0.8% en promedio cada a\u00f1o.<\/p>\n<p>&nbsp;<\/p>\n<p>&nbsp;<\/p>\n<p>Los Censos Econ\u00f3micos 2019 revelan, entre otros aspectos, que en nuestra econom\u00eda a\u00fan predominan los micronegocios; es decir, aquellos que tienen hasta diez personas ocupadas, los cuales representan 97.7% del total de la entidad.<\/p>\n<p>&nbsp;<\/p>\n<p>&nbsp;<\/p>\n<p>Mientras que a nivel nacional se censaron 199 mil 847 establecimientos, en donde trabajan 753 mil 099 personas, que al comparar con los Censos Econ\u00f3micos de 2014, se observa que en los \u00faltimos 5 a\u00f1os se registr\u00f3 una disminuci\u00f3n de 2 245 establecimientos y un aumento de 30 523 personas ocupadas.<\/p>\n<p>&nbsp;<\/p>\n<p>&nbsp;<\/p>\n<p>PUBLICADO EL 12\/12\/2019 \/ Juan Jos\u00e9 Romero)<\/p>\n","protected":false},"excerpt":{"rendered":"<p>CHILPANCINGO, GUERRERO. MX. \u2014 En Guerrero cuatro de cada diez negocios manifestaron tener problemas de&#8230;<\/p>\n","protected":false},"author":1,"featured_media":73920,"comment_status":"open","ping_status":"open","sticky":false,"template":"","format":"standard","meta":{"_monsterinsights_skip_tracking":false,"_monsterinsights_sitenote_active":false,"_monsterinsights_sitenote_note":"","_monsterinsights_sitenote_category":0,"footnotes":""},"categories":[5],"tags":[],"class_list":["post"],"yoast_head":" \n<title>Sonora en Equipo. En Guerrero cuatro de cada diez negocios tienen problemas de inseguridad: INEGI Rep\u00fablica<\/title>\n<meta name=\"description\" content=\"CHILPANCINGO, GUERRERO. MX. \u2014 En Guerrero cuatro de cada diez negocios manifestaron tener problemas de inseguridad, se\u00f1al\u00f3 el coordinador estatal del En Sonora en Equipo publicamos toda la informaci\u00f3n de Sonora, M\u00e9xico y el Mundo de manera oportuna y busca que la libertad de expresi\u00f3n sea real. Visita nuestro medio informativo publicado desde Hermosillo, Sonora. %\" \/>\n<meta name=\"robots\" content=\"index, follow, max-snippet:-1, max-image-preview:large, max-video-preview:-1\" \/>\n<link rel=\"canonical\" href=\"https:\/\/www.sonoraenequipo.com.mx\/en-guerrero-cuatro-de-cada-diez-negocios-tienen-problemas-de-inseguridad-inegi\/\" \/>\n<meta property=\"og:locale\" content=\"es_ES\" \/>\n<meta property=\"og:type\" content=\"article\" \/>\n<meta property=\"og:title\" content=\"Sonora en Equipo. En Guerrero cuatro de cada diez negocios tienen problemas de inseguridad: INEGI Rep\u00fablica\" \/>\n<meta property=\"og:description\" content=\"CHILPANCINGO, GUERRERO. MX. \u2014 En Guerrero cuatro de cada diez negocios manifestaron tener problemas de inseguridad, se\u00f1al\u00f3 el coordinador estatal del En Sonora en Equipo publicamos toda la informaci\u00f3n de Sonora, M\u00e9xico y el Mundo de manera oportuna y busca que la libertad de expresi\u00f3n sea real. Visita nuestro medio informativo publicado desde Hermosillo, Sonora. %\" \/>\n<meta property=\"og:url\" content=\"https:\/\/www.sonoraenequipo.com.mx\/en-guerrero-cuatro-de-cada-diez-negocios-tienen-problemas-de-inseguridad-inegi\/\" \/>\n<meta property=\"og:site_name\" content=\"Sonora en Equipo.\" \/>\n<meta property=\"article:publisher\" content=\"https:\/\/www.facebook.com\/SonoraEE\/\" \/>\n<meta property=\"article:author\" content=\"https:\/\/www.facebook.com\/SonoraEE\" \/>\n<meta property=\"article:published_time\" content=\"2019-12-13T05:45:23+00:00\" \/>\n<meta property=\"og:image\" content=\"https:\/\/www.sonoraenequipo.com.mx\/storage\/2019\/12\/inegi-guerrero_opt.jpg\" \/>\n\t<meta property=\"og:image:width\" content=\"533\" \/>\n\t<meta property=\"og:image:height\" content=\"400\" \/>\n\t<meta property=\"og:image:type\" content=\"image\/jpeg\" \/>\n<meta name=\"author\" content=\"enequipo\" \/>\n<meta name=\"twitter:card\" content=\"summary_large_image\" \/>\n<meta name=\"twitter:creator\" content=\"@sonoraenequipo\" \/>\n<meta name=\"twitter:site\" content=\"@sonoraenequipo\" \/>\n<meta name=\"twitter:label1\" content=\"Escrito por\" \/>\n\t<meta name=\"twitter:data1\" content=\"enequipo\" \/>\n\t<meta name=\"twitter:label2\" content=\"Tiempo de lectura\" \/>\n\t<meta name=\"twitter:data2\" content=\"4 minutos\" \/>\n<script type=\"application\/ld+json\" class=\"yoast-schema-graph\">{\"@context\":\"https:\/\/schema.org\",\"@graph\":[{\"@type\":\"Article\",\"@id\":\"https:\/\/www.sonoraenequipo.com.mx\/en-guerrero-cuatro-de-cada-diez-negocios-tienen-problemas-de-inseguridad-inegi\/#article\",\"isPartOf\":{\"@id\":\"https:\/\/www.sonoraenequipo.com.mx\/en-guerrero-cuatro-de-cada-diez-negocios-tienen-problemas-de-inseguridad-inegi\/\"},\"author\":{\"name\":\"enequipo\",\"@id\":\"https:\/\/www.sonoraenequipo.com.mx\/#\/schema\/person\/50102df0fb23a8fa9e8effad8fa81386\"},\"headline\":\"En Guerrero cuatro de cada diez negocios tienen problemas de inseguridad: INEGI\",\"datePublished\":\"2019-12-13T05:45:23+00:00\",\"mainEntityOfPage\":{\"@id\":\"https:\/\/www.sonoraenequipo.com.mx\/en-guerrero-cuatro-de-cada-diez-negocios-tienen-problemas-de-inseguridad-inegi\/\"},\"wordCount\":723,\"commentCount\":0,\"publisher\":{\"@id\":\"https:\/\/www.sonoraenequipo.com.mx\/#organization\"},\"image\":{\"@id\":\"https:\/\/www.sonoraenequipo.com.mx\/en-guerrero-cuatro-de-cada-diez-negocios-tienen-problemas-de-inseguridad-inegi\/#primaryimage\"},\"thumbnailUrl\":\"https:\/\/www.sonoraenequipo.com.mx\/storage\/2019\/12\/inegi-guerrero_opt.jpg\",\"articleSection\":[\"Rep\u00fablica\"],\"inLanguage\":\"es\",\"potentialAction\":[{\"@type\":\"CommentAction\",\"name\":\"Comment\",\"target\":[\"https:\/\/www.sonoraenequipo.com.mx\/en-guerrero-cuatro-de-cada-diez-negocios-tienen-problemas-de-inseguridad-inegi\/#respond\"]}]},{\"@type\":\"WebPage\",\"@id\":\"https:\/\/www.sonoraenequipo.com.mx\/en-guerrero-cuatro-de-cada-diez-negocios-tienen-problemas-de-inseguridad-inegi\/\",\"url\":\"https:\/\/www.sonoraenequipo.com.mx\/en-guerrero-cuatro-de-cada-diez-negocios-tienen-problemas-de-inseguridad-inegi\/\",\"name\":\"Sonora en Equipo. En Guerrero cuatro de cada diez negocios tienen problemas de inseguridad: INEGI Rep\u00fablica\",\"isPartOf\":{\"@id\":\"https:\/\/www.sonoraenequipo.com.mx\/#website\"},\"primaryImageOfPage\":{\"@id\":\"https:\/\/www.sonoraenequipo.com.mx\/en-guerrero-cuatro-de-cada-diez-negocios-tienen-problemas-de-inseguridad-inegi\/#primaryimage\"},\"image\":{\"@id\":\"https:\/\/www.sonoraenequipo.com.mx\/en-guerrero-cuatro-de-cada-diez-negocios-tienen-problemas-de-inseguridad-inegi\/#primaryimage\"},\"thumbnailUrl\":\"https:\/\/www.sonoraenequipo.com.mx\/storage\/2019\/12\/inegi-guerrero_opt.jpg\",\"datePublished\":\"2019-12-13T05:45:23+00:00\",\"description\":\"CHILPANCINGO, GUERRERO. MX. \u2014 En Guerrero cuatro de cada diez negocios manifestaron tener problemas de inseguridad, se\u00f1al\u00f3 el coordinador estatal del En Sonora en Equipo publicamos toda la informaci\u00f3n de Sonora, M\u00e9xico y el Mundo de manera oportuna y busca que la libertad de expresi\u00f3n sea real. Visita nuestro medio informativo publicado desde Hermosillo, Sonora. %\",\"breadcrumb\":{\"@id\":\"https:\/\/www.sonoraenequipo.com.mx\/en-guerrero-cuatro-de-cada-diez-negocios-tienen-problemas-de-inseguridad-inegi\/#breadcrumb\"},\"inLanguage\":\"es\",\"potentialAction\":[{\"@type\":\"ReadAction\",\"target\":[\"https:\/\/www.sonoraenequipo.com.mx\/en-guerrero-cuatro-de-cada-diez-negocios-tienen-problemas-de-inseguridad-inegi\/\"]}]},{\"@type\":\"ImageObject\",\"inLanguage\":\"es\",\"@id\":\"https:\/\/www.sonoraenequipo.com.mx\/en-guerrero-cuatro-de-cada-diez-negocios-tienen-problemas-de-inseguridad-inegi\/#primaryimage\",\"url\":\"https:\/\/www.sonoraenequipo.com.mx\/storage\/2019\/12\/inegi-guerrero_opt.jpg\",\"contentUrl\":\"https:\/\/www.sonoraenequipo.com.mx\/storage\/2019\/12\/inegi-guerrero_opt.jpg\",\"width\":533,\"height\":400},{\"@type\":\"BreadcrumbList\",\"@id\":\"https:\/\/www.sonoraenequipo.com.mx\/en-guerrero-cuatro-de-cada-diez-negocios-tienen-problemas-de-inseguridad-inegi\/#breadcrumb\",\"itemListElement\":[{\"@type\":\"ListItem\",\"position\":1,\"name\":\"Portada\",\"item\":\"https:\/\/www.sonoraenequipo.com.mx\/\"},{\"@type\":\"ListItem\",\"position\":2,\"name\":\"En Guerrero cuatro de cada diez negocios tienen problemas de inseguridad: INEGI\"}]},{\"@type\":\"WebSite\",\"@id\":\"https:\/\/www.sonoraenequipo.com.mx\/#website\",\"url\":\"https:\/\/www.sonoraenequipo.com.mx\/\",\"name\":\"Sonora en Equipo.\",\"description\":\"Diario en l\u00ednea con Noticias desde Hermosillo, Sonora\",\"publisher\":{\"@id\":\"https:\/\/www.sonoraenequipo.com.mx\/#organization\"},\"potentialAction\":[{\"@type\":\"SearchAction\",\"target\":{\"@type\":\"EntryPoint\",\"urlTemplate\":\"https:\/\/www.sonoraenequipo.com.mx\/?s={search_term_string}\"},\"query-input\":{\"@type\":\"PropertyValueSpecification\",\"valueRequired\":true,\"valueName\":\"search_term_string\"}}],\"inLanguage\":\"es\"},{\"@type\":\"Organization\",\"@id\":\"https:\/\/www.sonoraenequipo.com.mx\/#organization\",\"name\":\"Sonoraenequipo.com.mx\",\"url\":\"https:\/\/www.sonoraenequipo.com.mx\/\",\"logo\":{\"@type\":\"ImageObject\",\"inLanguage\":\"es\",\"@id\":\"https:\/\/www.sonoraenequipo.com.mx\/#\/schema\/logo\/image\/\",\"url\":\"https:\/\/www.sonoraenequipo.com.mx\/storage\/2019\/01\/sonoraenequipo_opt.png\",\"contentUrl\":\"https:\/\/www.sonoraenequipo.com.mx\/storage\/2019\/01\/sonoraenequipo_opt.png\",\"width\":375,\"height\":125,\"caption\":\"Sonoraenequipo.com.mx\"},\"image\":{\"@id\":\"https:\/\/www.sonoraenequipo.com.mx\/#\/schema\/logo\/image\/\"},\"sameAs\":[\"https:\/\/www.facebook.com\/SonoraEE\/\",\"https:\/\/x.com\/sonoraenequipo\",\"https:\/\/www.youtube.com\/channel\/UC338nW-lPEYmJQs4ZABQ1SQ\"]},{\"@type\":\"Person\",\"@id\":\"https:\/\/www.sonoraenequipo.com.mx\/#\/schema\/person\/50102df0fb23a8fa9e8effad8fa81386\",\"name\":\"enequipo\",\"image\":{\"@type\":\"ImageObject\",\"inLanguage\":\"es\",\"@id\":\"https:\/\/www.sonoraenequipo.com.mx\/#\/schema\/person\/image\/\",\"url\":\"https:\/\/secure.gravatar.com\/avatar\/049821681b589dabc0bc20695993ccebb09f5b5d4d790cd9251b97faac7c652b?s=96&d=blank&r=g\",\"contentUrl\":\"https:\/\/secure.gravatar.com\/avatar\/049821681b589dabc0bc20695993ccebb09f5b5d4d790cd9251b97faac7c652b?s=96&d=blank&r=g\",\"caption\":\"enequipo\"},\"sameAs\":[\"https:\/\/www.facebook.com\/SonoraEE\"]}]}<\/script>\n ","yoast_head_json":{"title":"Sonora en Equipo. En Guerrero cuatro de cada diez negocios tienen problemas de inseguridad: INEGI Rep\u00fablica","description":"CHILPANCINGO, GUERRERO. MX. \u2014 En Guerrero cuatro de cada diez negocios manifestaron tener problemas de inseguridad, se\u00f1al\u00f3 el coordinador estatal del En Sonora en Equipo publicamos toda la informaci\u00f3n de Sonora, M\u00e9xico y el Mundo de manera oportuna y busca que la libertad de expresi\u00f3n sea real. Visita nuestro medio informativo publicado desde Hermosillo, Sonora. %","robots":{"index":"index","follow":"follow","max-snippet":"max-snippet:-1","max-image-preview":"max-image-preview:large","max-video-preview":"max-video-preview:-1"},"canonical":"https:\/\/www.sonoraenequipo.com.mx\/en-guerrero-cuatro-de-cada-diez-negocios-tienen-problemas-de-inseguridad-inegi\/","og_locale":"es_ES","og_type":"article","og_title":"Sonora en Equipo. En Guerrero cuatro de cada diez negocios tienen problemas de inseguridad: INEGI Rep\u00fablica","og_description":"CHILPANCINGO, GUERRERO. MX. \u2014 En Guerrero cuatro de cada diez negocios manifestaron tener problemas de inseguridad, se\u00f1al\u00f3 el coordinador estatal del En Sonora en Equipo publicamos toda la informaci\u00f3n de Sonora, M\u00e9xico y el Mundo de manera oportuna y busca que la libertad de expresi\u00f3n sea real. Visita nuestro medio informativo publicado desde Hermosillo, Sonora. %","og_url":"https:\/\/www.sonoraenequipo.com.mx\/en-guerrero-cuatro-de-cada-diez-negocios-tienen-problemas-de-inseguridad-inegi\/","og_site_name":"Sonora en Equipo.","article_publisher":"https:\/\/www.facebook.com\/SonoraEE\/","article_author":"https:\/\/www.facebook.com\/SonoraEE","article_published_time":"2019-12-13T05:45:23+00:00","og_image":[{"width":533,"height":400,"url":"https:\/\/www.sonoraenequipo.com.mx\/storage\/2019\/12\/inegi-guerrero_opt.jpg","type":"image\/jpeg"}],"author":"enequipo","twitter_card":"summary_large_image","twitter_creator":"@sonoraenequipo","twitter_site":"@sonoraenequipo","twitter_misc":{"Escrito por":"enequipo","Tiempo de lectura":"4 minutos"},"schema":{"@context":"https:\/\/schema.org","@graph":[{"@type":"Article","@id":"https:\/\/www.sonoraenequipo.com.mx\/en-guerrero-cuatro-de-cada-diez-negocios-tienen-problemas-de-inseguridad-inegi\/#article","isPartOf":{"@id":"https:\/\/www.sonoraenequipo.com.mx\/en-guerrero-cuatro-de-cada-diez-negocios-tienen-problemas-de-inseguridad-inegi\/"},"author":{"name":"enequipo","@id":"https:\/\/www.sonoraenequipo.com.mx\/#\/schema\/person\/50102df0fb23a8fa9e8effad8fa81386"},"headline":"En Guerrero cuatro de cada diez negocios tienen problemas de inseguridad: INEGI","datePublished":"2019-12-13T05:45:23+00:00","mainEntityOfPage":{"@id":"https:\/\/www.sonoraenequipo.com.mx\/en-guerrero-cuatro-de-cada-diez-negocios-tienen-problemas-de-inseguridad-inegi\/"},"wordCount":723,"commentCount":0,"publisher":{"@id":"https:\/\/www.sonoraenequipo.com.mx\/#organization"},"image":{"@id":"https:\/\/www.sonoraenequipo.com.mx\/en-guerrero-cuatro-de-cada-diez-negocios-tienen-problemas-de-inseguridad-inegi\/#primaryimage"},"thumbnailUrl":"https:\/\/www.sonoraenequipo.com.mx\/storage\/2019\/12\/inegi-guerrero_opt.jpg","articleSection":["Rep\u00fablica"],"inLanguage":"es","potentialAction":[{"@type":"CommentAction","name":"Comment","target":["https:\/\/www.sonoraenequipo.com.mx\/en-guerrero-cuatro-de-cada-diez-negocios-tienen-problemas-de-inseguridad-inegi\/#respond"]}]},{"@type":"WebPage","@id":"https:\/\/www.sonoraenequipo.com.mx\/en-guerrero-cuatro-de-cada-diez-negocios-tienen-problemas-de-inseguridad-inegi\/","url":"https:\/\/www.sonoraenequipo.com.mx\/en-guerrero-cuatro-de-cada-diez-negocios-tienen-problemas-de-inseguridad-inegi\/","name":"Sonora en Equipo. En Guerrero cuatro de cada diez negocios tienen problemas de inseguridad: INEGI Rep\u00fablica","isPartOf":{"@id":"https:\/\/www.sonoraenequipo.com.mx\/#website"},"primaryImageOfPage":{"@id":"https:\/\/www.sonoraenequipo.com.mx\/en-guerrero-cuatro-de-cada-diez-negocios-tienen-problemas-de-inseguridad-inegi\/#primaryimage"},"image":{"@id":"https:\/\/www.sonoraenequipo.com.mx\/en-guerrero-cuatro-de-cada-diez-negocios-tienen-problemas-de-inseguridad-inegi\/#primaryimage"},"thumbnailUrl":"https:\/\/www.sonoraenequipo.com.mx\/storage\/2019\/12\/inegi-guerrero_opt.jpg","datePublished":"2019-12-13T05:45:23+00:00","description":"CHILPANCINGO, GUERRERO. MX. \u2014 En Guerrero cuatro de cada diez negocios manifestaron tener problemas de inseguridad, se\u00f1al\u00f3 el coordinador estatal del En Sonora en Equipo publicamos toda la informaci\u00f3n de Sonora, M\u00e9xico y el Mundo de manera oportuna y busca que la libertad de expresi\u00f3n sea real. Visita nuestro medio informativo publicado desde Hermosillo, Sonora. %","breadcrumb":{"@id":"https:\/\/www.sonoraenequipo.com.mx\/en-guerrero-cuatro-de-cada-diez-negocios-tienen-problemas-de-inseguridad-inegi\/#breadcrumb"},"inLanguage":"es","potentialAction":[{"@type":"ReadAction","target":["https:\/\/www.sonoraenequipo.com.mx\/en-guerrero-cuatro-de-cada-diez-negocios-tienen-problemas-de-inseguridad-inegi\/"]}]},{"@type":"ImageObject","inLanguage":"es","@id":"https:\/\/www.sonoraenequipo.com.mx\/en-guerrero-cuatro-de-cada-diez-negocios-tienen-problemas-de-inseguridad-inegi\/#primaryimage","url":"https:\/\/www.sonoraenequipo.com.mx\/storage\/2019\/12\/inegi-guerrero_opt.jpg","contentUrl":"https:\/\/www.sonoraenequipo.com.mx\/storage\/2019\/12\/inegi-guerrero_opt.jpg","width":533,"height":400},{"@type":"BreadcrumbList","@id":"https:\/\/www.sonoraenequipo.com.mx\/en-guerrero-cuatro-de-cada-diez-negocios-tienen-problemas-de-inseguridad-inegi\/#breadcrumb","itemListElement":[{"@type":"ListItem","position":1,"name":"Portada","item":"https:\/\/www.sonoraenequipo.com.mx\/"},{"@type":"ListItem","position":2,"name":"En Guerrero cuatro de cada diez negocios tienen problemas de inseguridad: INEGI"}]},{"@type":"WebSite","@id":"https:\/\/www.sonoraenequipo.com.mx\/#website","url":"https:\/\/www.sonoraenequipo.com.mx\/","name":"Sonora en Equipo.","description":"Diario en l\u00ednea con Noticias desde Hermosillo, Sonora","publisher":{"@id":"https:\/\/www.sonoraenequipo.com.mx\/#organization"},"potentialAction":[{"@type":"SearchAction","target":{"@type":"EntryPoint","urlTemplate":"https:\/\/www.sonoraenequipo.com.mx\/?s={search_term_string}"},"query-input":{"@type":"PropertyValueSpecification","valueRequired":true,"valueName":"search_term_string"}}],"inLanguage":"es"},{"@type":"Organization","@id":"https:\/\/www.sonoraenequipo.com.mx\/#organization","name":"Sonoraenequipo.com.mx","url":"https:\/\/www.sonoraenequipo.com.mx\/","logo":{"@type":"ImageObject","inLanguage":"es","@id":"https:\/\/www.sonoraenequipo.com.mx\/#\/schema\/logo\/image\/","url":"https:\/\/www.sonoraenequipo.com.mx\/storage\/2019\/01\/sonoraenequipo_opt.png","contentUrl":"https:\/\/www.sonoraenequipo.com.mx\/storage\/2019\/01\/sonoraenequipo_opt.png","width":375,"height":125,"caption":"Sonoraenequipo.com.mx"},"image":{"@id":"https:\/\/www.sonoraenequipo.com.mx\/#\/schema\/logo\/image\/"},"sameAs":["https:\/\/www.facebook.com\/SonoraEE\/","https:\/\/x.com\/sonoraenequipo","https:\/\/www.youtube.com\/channel\/UC338nW-lPEYmJQs4ZABQ1SQ"]},{"@type":"Person","@id":"https:\/\/www.sonoraenequipo.com.mx\/#\/schema\/person\/50102df0fb23a8fa9e8effad8fa81386","name":"enequipo","image":{"@type":"ImageObject","inLanguage":"es","@id":"https:\/\/www.sonoraenequipo.com.mx\/#\/schema\/person\/image\/","url":"https:\/\/secure.gravatar.com\/avatar\/049821681b589dabc0bc20695993ccebb09f5b5d4d790cd9251b97faac7c652b?s=96&d=blank&r=g","contentUrl":"https:\/\/secure.gravatar.com\/avatar\/049821681b589dabc0bc20695993ccebb09f5b5d4d790cd9251b97faac7c652b?s=96&d=blank&r=g","caption":"enequipo"},"sameAs":["https:\/\/www.facebook.com\/SonoraEE"]}]}},"jetpack_featured_media_url":"https:\/\/www.sonoraenequipo.com.mx\/storage\/2019\/12\/inegi-guerrero_opt.jpg","_links":{"self":[{"href":"https:\/\/www.sonoraenequipo.com.mx\/api\/wp\/v2\/posts\/73919","targetHints":{"allow":["GET"]}}],"collection":[{"href":"https:\/\/www.sonoraenequipo.com.mx\/api\/wp\/v2\/posts"}],"about":[{"href":"https:\/\/www.sonoraenequipo.com.mx\/api\/wp\/v2\/types\/post"}],"author":[{"embeddable":true,"href":"https:\/\/www.sonoraenequipo.com.mx\/api\/wp\/v2\/users\/1"}],"replies":[{"embeddable":true,"href":"https:\/\/www.sonoraenequipo.com.mx\/api\/wp\/v2\/comments?post=73919"}],"version-history":[{"count":0,"href":"https:\/\/www.sonoraenequipo.com.mx\/api\/wp\/v2\/posts\/73919\/revisions"}],"wp:featuredmedia":[{"embeddable":true,"href":"https:\/\/www.sonoraenequipo.com.mx\/api\/wp\/v2\/media\/73920"}],"wp:attachment":[{"href":"https:\/\/www.sonoraenequipo.com.mx\/api\/wp\/v2\/media?parent=73919"}],"wp:term":[{"taxonomy":"category","embeddable":true,"href":"https:\/\/www.sonoraenequipo.com.mx\/api\/wp\/v2\/categories?post=73919"},{"taxonomy":"post_tag","embeddable":true,"href":"https:\/\/www.sonoraenequipo.com.mx\/api\/wp\/v2\/tags?post=73919"}],"curies":[{"name":"wp","href":"https:\/\/api.w.org\/{rel}","templated":true}]}}