{"id":73977,"date":"2019-12-13T06:30:32","date_gmt":"2019-12-13T13:30:32","guid":{"rendered":"https:\/\/www.sonoraenequipo.com.mx\/?p=73977"},"modified":"2019-12-13T08:01:56","modified_gmt":"2019-12-13T15:01:56","slug":"amlo-pide-al-fiscal-alejandro-gertz-recibir-e-informar-a-padres-de-guarderia-abc","status":"publish","type":"post","link":"https:\/\/www.sonoraenequipo.com.mx\/amlo-pide-al-fiscal-alejandro-gertz-recibir-e-informar-a-padres-de-guarderia-abc\/","title":{"rendered":"AMLO pide al fiscal Alejandro Gertz recibir e informar a padres de Guarder\u00eda ABC"},"content":{"rendered":"<p>CIUDAD DE M\u00c9XICO. MX. \u2014 Andr\u00e9s Manuel L\u00f3pez Obrador (AMLO) pidi\u00f3 al titular de la Fiscal\u00eda General de la Rep\u00fablica (FGR), Alejandro Gertz Manero, recibir a los padres de los ni\u00f1os que murieron por el incendio de la Guarder\u00eda ABC en 2009 e informarles sobre el caso.<\/p>\n<p>&nbsp;<\/p>\n<p> <\/p>\n<p>&nbsp;<\/p>\n<p>&nbsp;<\/p>\n<p>El presidente de M\u00e9xico fue cuestionado este viernes, durante su conferencia de prensa matutina, sobre la reuni\u00f3n que sostuvo ayer con los padres de la Guarder\u00eda ABC y dijo que fue muy buena, consider\u00f3 que hay avances.<\/p>\n<p>&nbsp;<\/p>\n<p>&nbsp;<\/p>\n<p>Detall\u00f3 que todav\u00eda se espera una resoluci\u00f3n de la Suprema Corte sobre las indemnizaciones, aunque dijo que los padres act\u00faan con mucha responsabilidad sobre el tema y para ellos la p\u00e9rdida fue la vida de sus hijos.<\/p>\n<p>&nbsp;<\/p>\n<p>&nbsp;<\/p>\n<p>Explic\u00f3 que el Instituto Mexicano del Seguro Socal (IMSS) se est\u00e1 haciendo cargo de la reparaci\u00f3n del da\u00f1o en cuestiones m\u00e9dicas y dijo que en eso no hay l\u00edmites.<\/p>\n<p>&nbsp;<\/p>\n<p>&nbsp;<\/p>\n<p>Durante la conferencia, AMLO solicit\u00f3 al fiscal general Alejandro Gertz que reciba a los padres para que les informe c\u00f3mo va la investigaci\u00f3n.<\/p>\n<p>&nbsp;<\/p>\n<p>&nbsp;<\/p>\n<p><em>\u201cSe tiene que resolver el caso, no ha habido justicia en diez a\u00f1os\u201d.<\/em><\/p>\n<p>&nbsp;<\/p>\n<p>Reiter\u00f3 que los padres piden que se haga justicia y que se castigue a los responsables.<\/p>\n<p>&nbsp;<\/p>\n<p>L\u00f3pez Obrador dijo que hay una denuncia presentada ante la Fiscal\u00eda y destac\u00f3 que Arturo Zald\u00edvar, en su momento, hizo una investigaci\u00f3n profunda del caso y propon\u00eda como atender a los padres. Dijo que ese documento se rechaz\u00f3, pero ahora piden que lo tomen en cuenta.<\/p>\n<p>&nbsp;<\/p>\n<p>Sobre la pensi\u00f3n vitalicia, dijo que s\u00ed se contempla, pero falta acuerdo.<\/p>\n<p>&nbsp;<\/p>\n<p>AMLO adelant\u00f3 que regresar\u00e1 el 12 de marzo a Sonora y espera que para entonces ya exista consenso, porque hay visiones distintas incluso al interior del colectivo de padres de familia.<\/p>\n<p>&nbsp;<\/p>\n<p>Si hay acuerdo, dijo que se emitir\u00e1 un decreto presidencial para que los acuerdos se mantengan en el tiempo y no se puedan quitar porque hay ni\u00f1os con lesiones graves <em>\u201cy se tiene que ver a futuro\u201d.<\/em><\/p>\n<p>&nbsp;<\/p>\n<p>PUBLICADO EL 13\/12\/2019)<\/p>\n","protected":false},"excerpt":{"rendered":"<p>CIUDAD DE M\u00c9XICO. MX. \u2014 Andr\u00e9s Manuel L\u00f3pez Obrador (AMLO) pidi\u00f3 al titular de la&#8230;<\/p>\n","protected":false},"author":1,"featured_media":73978,"comment_status":"open","ping_status":"open","sticky":false,"template":"","format":"standard","meta":{"_monsterinsights_skip_tracking":false,"_monsterinsights_sitenote_active":false,"_monsterinsights_sitenote_note":"","_monsterinsights_sitenote_category":0,"footnotes":""},"categories":[5],"tags":[],"class_list":["post"],"yoast_head":" \n<title>Sonora en Equipo. AMLO pide al fiscal Alejandro Gertz recibir e informar a padres de Guarder\u00eda ABC Rep\u00fablica<\/title>\n<meta name=\"description\" content=\"CIUDAD DE M\u00c9XICO. MX. \u2014 Andr\u00e9s Manuel L\u00f3pez Obrador (AMLO) pidi\u00f3 al titular de la Fiscal\u00eda General de la Rep\u00fablica (FGR), Alejandro Gertz Manero, recibir En Sonora en Equipo publicamos toda la informaci\u00f3n de Sonora, M\u00e9xico y el Mundo de manera oportuna y busca que la libertad de expresi\u00f3n sea real. Visita nuestro medio informativo publicado desde Hermosillo, Sonora. %\" \/>\n<meta name=\"robots\" content=\"index, follow, max-snippet:-1, max-image-preview:large, max-video-preview:-1\" \/>\n<link rel=\"canonical\" href=\"https:\/\/www.sonoraenequipo.com.mx\/amlo-pide-al-fiscal-alejandro-gertz-recibir-e-informar-a-padres-de-guarderia-abc\/\" \/>\n<meta property=\"og:locale\" content=\"es_ES\" \/>\n<meta property=\"og:type\" content=\"article\" \/>\n<meta property=\"og:title\" content=\"Sonora en Equipo. AMLO pide al fiscal Alejandro Gertz recibir e informar a padres de Guarder\u00eda ABC Rep\u00fablica\" \/>\n<meta property=\"og:description\" content=\"CIUDAD DE M\u00c9XICO. MX. \u2014 Andr\u00e9s Manuel L\u00f3pez Obrador (AMLO) pidi\u00f3 al titular de la Fiscal\u00eda General de la Rep\u00fablica (FGR), Alejandro Gertz Manero, recibir En Sonora en Equipo publicamos toda la informaci\u00f3n de Sonora, M\u00e9xico y el Mundo de manera oportuna y busca que la libertad de expresi\u00f3n sea real. Visita nuestro medio informativo publicado desde Hermosillo, Sonora. %\" \/>\n<meta property=\"og:url\" content=\"https:\/\/www.sonoraenequipo.com.mx\/amlo-pide-al-fiscal-alejandro-gertz-recibir-e-informar-a-padres-de-guarderia-abc\/\" \/>\n<meta property=\"og:site_name\" content=\"Sonora en Equipo.\" \/>\n<meta property=\"article:publisher\" content=\"https:\/\/www.facebook.com\/SonoraEE\/\" \/>\n<meta property=\"article:author\" content=\"https:\/\/www.facebook.com\/SonoraEE\" \/>\n<meta property=\"article:published_time\" content=\"2019-12-13T13:30:32+00:00\" \/>\n<meta property=\"article:modified_time\" content=\"2019-12-13T15:01:56+00:00\" \/>\n<meta property=\"og:image\" content=\"https:\/\/www.sonoraenequipo.com.mx\/storage\/2019\/12\/amlo-pide-recibir-padres-guarderia-abc_opt.jpg\" \/>\n\t<meta property=\"og:image:width\" content=\"709\" \/>\n\t<meta property=\"og:image:height\" content=\"400\" \/>\n\t<meta property=\"og:image:type\" content=\"image\/jpeg\" \/>\n<meta name=\"author\" content=\"enequipo\" \/>\n<meta name=\"twitter:card\" content=\"summary_large_image\" \/>\n<meta name=\"twitter:creator\" content=\"@sonoraenequipo\" \/>\n<meta name=\"twitter:site\" content=\"@sonoraenequipo\" \/>\n<meta name=\"twitter:label1\" content=\"Escrito por\" \/>\n\t<meta name=\"twitter:data1\" content=\"enequipo\" \/>\n\t<meta name=\"twitter:label2\" content=\"Tiempo de lectura\" \/>\n\t<meta name=\"twitter:data2\" content=\"2 minutos\" \/>\n<script type=\"application\/ld+json\" class=\"yoast-schema-graph\">{\"@context\":\"https:\/\/schema.org\",\"@graph\":[{\"@type\":\"Article\",\"@id\":\"https:\/\/www.sonoraenequipo.com.mx\/amlo-pide-al-fiscal-alejandro-gertz-recibir-e-informar-a-padres-de-guarderia-abc\/#article\",\"isPartOf\":{\"@id\":\"https:\/\/www.sonoraenequipo.com.mx\/amlo-pide-al-fiscal-alejandro-gertz-recibir-e-informar-a-padres-de-guarderia-abc\/\"},\"author\":{\"name\":\"enequipo\",\"@id\":\"https:\/\/www.sonoraenequipo.com.mx\/#\/schema\/person\/50102df0fb23a8fa9e8effad8fa81386\"},\"headline\":\"AMLO pide al fiscal Alejandro Gertz recibir e informar a padres de Guarder\u00eda ABC\",\"datePublished\":\"2019-12-13T13:30:32+00:00\",\"dateModified\":\"2019-12-13T15:01:56+00:00\",\"mainEntityOfPage\":{\"@id\":\"https:\/\/www.sonoraenequipo.com.mx\/amlo-pide-al-fiscal-alejandro-gertz-recibir-e-informar-a-padres-de-guarderia-abc\/\"},\"wordCount\":387,\"commentCount\":0,\"publisher\":{\"@id\":\"https:\/\/www.sonoraenequipo.com.mx\/#organization\"},\"image\":{\"@id\":\"https:\/\/www.sonoraenequipo.com.mx\/amlo-pide-al-fiscal-alejandro-gertz-recibir-e-informar-a-padres-de-guarderia-abc\/#primaryimage\"},\"thumbnailUrl\":\"https:\/\/www.sonoraenequipo.com.mx\/storage\/2019\/12\/amlo-pide-recibir-padres-guarderia-abc_opt.jpg\",\"articleSection\":[\"Rep\u00fablica\"],\"inLanguage\":\"es\",\"potentialAction\":[{\"@type\":\"CommentAction\",\"name\":\"Comment\",\"target\":[\"https:\/\/www.sonoraenequipo.com.mx\/amlo-pide-al-fiscal-alejandro-gertz-recibir-e-informar-a-padres-de-guarderia-abc\/#respond\"]}]},{\"@type\":\"WebPage\",\"@id\":\"https:\/\/www.sonoraenequipo.com.mx\/amlo-pide-al-fiscal-alejandro-gertz-recibir-e-informar-a-padres-de-guarderia-abc\/\",\"url\":\"https:\/\/www.sonoraenequipo.com.mx\/amlo-pide-al-fiscal-alejandro-gertz-recibir-e-informar-a-padres-de-guarderia-abc\/\",\"name\":\"Sonora en Equipo. AMLO pide al fiscal Alejandro Gertz recibir e informar a padres de Guarder\u00eda ABC Rep\u00fablica\",\"isPartOf\":{\"@id\":\"https:\/\/www.sonoraenequipo.com.mx\/#website\"},\"primaryImageOfPage\":{\"@id\":\"https:\/\/www.sonoraenequipo.com.mx\/amlo-pide-al-fiscal-alejandro-gertz-recibir-e-informar-a-padres-de-guarderia-abc\/#primaryimage\"},\"image\":{\"@id\":\"https:\/\/www.sonoraenequipo.com.mx\/amlo-pide-al-fiscal-alejandro-gertz-recibir-e-informar-a-padres-de-guarderia-abc\/#primaryimage\"},\"thumbnailUrl\":\"https:\/\/www.sonoraenequipo.com.mx\/storage\/2019\/12\/amlo-pide-recibir-padres-guarderia-abc_opt.jpg\",\"datePublished\":\"2019-12-13T13:30:32+00:00\",\"dateModified\":\"2019-12-13T15:01:56+00:00\",\"description\":\"CIUDAD DE M\u00c9XICO. MX. \u2014 Andr\u00e9s Manuel L\u00f3pez Obrador (AMLO) pidi\u00f3 al titular de la Fiscal\u00eda General de la Rep\u00fablica (FGR), Alejandro Gertz Manero, recibir En Sonora en Equipo publicamos toda la informaci\u00f3n de Sonora, M\u00e9xico y el Mundo de manera oportuna y busca que la libertad de expresi\u00f3n sea real. Visita nuestro medio informativo publicado desde Hermosillo, Sonora. %\",\"breadcrumb\":{\"@id\":\"https:\/\/www.sonoraenequipo.com.mx\/amlo-pide-al-fiscal-alejandro-gertz-recibir-e-informar-a-padres-de-guarderia-abc\/#breadcrumb\"},\"inLanguage\":\"es\",\"potentialAction\":[{\"@type\":\"ReadAction\",\"target\":[\"https:\/\/www.sonoraenequipo.com.mx\/amlo-pide-al-fiscal-alejandro-gertz-recibir-e-informar-a-padres-de-guarderia-abc\/\"]}]},{\"@type\":\"ImageObject\",\"inLanguage\":\"es\",\"@id\":\"https:\/\/www.sonoraenequipo.com.mx\/amlo-pide-al-fiscal-alejandro-gertz-recibir-e-informar-a-padres-de-guarderia-abc\/#primaryimage\",\"url\":\"https:\/\/www.sonoraenequipo.com.mx\/storage\/2019\/12\/amlo-pide-recibir-padres-guarderia-abc_opt.jpg\",\"contentUrl\":\"https:\/\/www.sonoraenequipo.com.mx\/storage\/2019\/12\/amlo-pide-recibir-padres-guarderia-abc_opt.jpg\",\"width\":709,\"height\":400},{\"@type\":\"BreadcrumbList\",\"@id\":\"https:\/\/www.sonoraenequipo.com.mx\/amlo-pide-al-fiscal-alejandro-gertz-recibir-e-informar-a-padres-de-guarderia-abc\/#breadcrumb\",\"itemListElement\":[{\"@type\":\"ListItem\",\"position\":1,\"name\":\"Portada\",\"item\":\"https:\/\/www.sonoraenequipo.com.mx\/\"},{\"@type\":\"ListItem\",\"position\":2,\"name\":\"AMLO pide al fiscal Alejandro Gertz recibir e informar a padres de Guarder\u00eda ABC\"}]},{\"@type\":\"WebSite\",\"@id\":\"https:\/\/www.sonoraenequipo.com.mx\/#website\",\"url\":\"https:\/\/www.sonoraenequipo.com.mx\/\",\"name\":\"Sonora en Equipo.\",\"description\":\"Diario en l\u00ednea con Noticias desde Hermosillo, Sonora\",\"publisher\":{\"@id\":\"https:\/\/www.sonoraenequipo.com.mx\/#organization\"},\"potentialAction\":[{\"@type\":\"SearchAction\",\"target\":{\"@type\":\"EntryPoint\",\"urlTemplate\":\"https:\/\/www.sonoraenequipo.com.mx\/?s={search_term_string}\"},\"query-input\":{\"@type\":\"PropertyValueSpecification\",\"valueRequired\":true,\"valueName\":\"search_term_string\"}}],\"inLanguage\":\"es\"},{\"@type\":\"Organization\",\"@id\":\"https:\/\/www.sonoraenequipo.com.mx\/#organization\",\"name\":\"Sonoraenequipo.com.mx\",\"url\":\"https:\/\/www.sonoraenequipo.com.mx\/\",\"logo\":{\"@type\":\"ImageObject\",\"inLanguage\":\"es\",\"@id\":\"https:\/\/www.sonoraenequipo.com.mx\/#\/schema\/logo\/image\/\",\"url\":\"https:\/\/www.sonoraenequipo.com.mx\/storage\/2019\/01\/sonoraenequipo_opt.png\",\"contentUrl\":\"https:\/\/www.sonoraenequipo.com.mx\/storage\/2019\/01\/sonoraenequipo_opt.png\",\"width\":375,\"height\":125,\"caption\":\"Sonoraenequipo.com.mx\"},\"image\":{\"@id\":\"https:\/\/www.sonoraenequipo.com.mx\/#\/schema\/logo\/image\/\"},\"sameAs\":[\"https:\/\/www.facebook.com\/SonoraEE\/\",\"https:\/\/x.com\/sonoraenequipo\",\"https:\/\/www.youtube.com\/channel\/UC338nW-lPEYmJQs4ZABQ1SQ\"]},{\"@type\":\"Person\",\"@id\":\"https:\/\/www.sonoraenequipo.com.mx\/#\/schema\/person\/50102df0fb23a8fa9e8effad8fa81386\",\"name\":\"enequipo\",\"image\":{\"@type\":\"ImageObject\",\"inLanguage\":\"es\",\"@id\":\"https:\/\/www.sonoraenequipo.com.mx\/#\/schema\/person\/image\/\",\"url\":\"https:\/\/secure.gravatar.com\/avatar\/049821681b589dabc0bc20695993ccebb09f5b5d4d790cd9251b97faac7c652b?s=96&d=blank&r=g\",\"contentUrl\":\"https:\/\/secure.gravatar.com\/avatar\/049821681b589dabc0bc20695993ccebb09f5b5d4d790cd9251b97faac7c652b?s=96&d=blank&r=g\",\"caption\":\"enequipo\"},\"sameAs\":[\"https:\/\/www.facebook.com\/SonoraEE\"]}]}<\/script>\n ","yoast_head_json":{"title":"Sonora en Equipo. AMLO pide al fiscal Alejandro Gertz recibir e informar a padres de Guarder\u00eda ABC Rep\u00fablica","description":"CIUDAD DE M\u00c9XICO. MX. \u2014 Andr\u00e9s Manuel L\u00f3pez Obrador (AMLO) pidi\u00f3 al titular de la Fiscal\u00eda General de la Rep\u00fablica (FGR), Alejandro Gertz Manero, recibir En Sonora en Equipo publicamos toda la informaci\u00f3n de Sonora, M\u00e9xico y el Mundo de manera oportuna y busca que la libertad de expresi\u00f3n sea real. Visita nuestro medio informativo publicado desde Hermosillo, Sonora. %","robots":{"index":"index","follow":"follow","max-snippet":"max-snippet:-1","max-image-preview":"max-image-preview:large","max-video-preview":"max-video-preview:-1"},"canonical":"https:\/\/www.sonoraenequipo.com.mx\/amlo-pide-al-fiscal-alejandro-gertz-recibir-e-informar-a-padres-de-guarderia-abc\/","og_locale":"es_ES","og_type":"article","og_title":"Sonora en Equipo. AMLO pide al fiscal Alejandro Gertz recibir e informar a padres de Guarder\u00eda ABC Rep\u00fablica","og_description":"CIUDAD DE M\u00c9XICO. MX. \u2014 Andr\u00e9s Manuel L\u00f3pez Obrador (AMLO) pidi\u00f3 al titular de la Fiscal\u00eda General de la Rep\u00fablica (FGR), Alejandro Gertz Manero, recibir En Sonora en Equipo publicamos toda la informaci\u00f3n de Sonora, M\u00e9xico y el Mundo de manera oportuna y busca que la libertad de expresi\u00f3n sea real. Visita nuestro medio informativo publicado desde Hermosillo, Sonora. %","og_url":"https:\/\/www.sonoraenequipo.com.mx\/amlo-pide-al-fiscal-alejandro-gertz-recibir-e-informar-a-padres-de-guarderia-abc\/","og_site_name":"Sonora en Equipo.","article_publisher":"https:\/\/www.facebook.com\/SonoraEE\/","article_author":"https:\/\/www.facebook.com\/SonoraEE","article_published_time":"2019-12-13T13:30:32+00:00","article_modified_time":"2019-12-13T15:01:56+00:00","og_image":[{"width":709,"height":400,"url":"https:\/\/www.sonoraenequipo.com.mx\/storage\/2019\/12\/amlo-pide-recibir-padres-guarderia-abc_opt.jpg","type":"image\/jpeg"}],"author":"enequipo","twitter_card":"summary_large_image","twitter_creator":"@sonoraenequipo","twitter_site":"@sonoraenequipo","twitter_misc":{"Escrito por":"enequipo","Tiempo de lectura":"2 minutos"},"schema":{"@context":"https:\/\/schema.org","@graph":[{"@type":"Article","@id":"https:\/\/www.sonoraenequipo.com.mx\/amlo-pide-al-fiscal-alejandro-gertz-recibir-e-informar-a-padres-de-guarderia-abc\/#article","isPartOf":{"@id":"https:\/\/www.sonoraenequipo.com.mx\/amlo-pide-al-fiscal-alejandro-gertz-recibir-e-informar-a-padres-de-guarderia-abc\/"},"author":{"name":"enequipo","@id":"https:\/\/www.sonoraenequipo.com.mx\/#\/schema\/person\/50102df0fb23a8fa9e8effad8fa81386"},"headline":"AMLO pide al fiscal Alejandro Gertz recibir e informar a padres de Guarder\u00eda ABC","datePublished":"2019-12-13T13:30:32+00:00","dateModified":"2019-12-13T15:01:56+00:00","mainEntityOfPage":{"@id":"https:\/\/www.sonoraenequipo.com.mx\/amlo-pide-al-fiscal-alejandro-gertz-recibir-e-informar-a-padres-de-guarderia-abc\/"},"wordCount":387,"commentCount":0,"publisher":{"@id":"https:\/\/www.sonoraenequipo.com.mx\/#organization"},"image":{"@id":"https:\/\/www.sonoraenequipo.com.mx\/amlo-pide-al-fiscal-alejandro-gertz-recibir-e-informar-a-padres-de-guarderia-abc\/#primaryimage"},"thumbnailUrl":"https:\/\/www.sonoraenequipo.com.mx\/storage\/2019\/12\/amlo-pide-recibir-padres-guarderia-abc_opt.jpg","articleSection":["Rep\u00fablica"],"inLanguage":"es","potentialAction":[{"@type":"CommentAction","name":"Comment","target":["https:\/\/www.sonoraenequipo.com.mx\/amlo-pide-al-fiscal-alejandro-gertz-recibir-e-informar-a-padres-de-guarderia-abc\/#respond"]}]},{"@type":"WebPage","@id":"https:\/\/www.sonoraenequipo.com.mx\/amlo-pide-al-fiscal-alejandro-gertz-recibir-e-informar-a-padres-de-guarderia-abc\/","url":"https:\/\/www.sonoraenequipo.com.mx\/amlo-pide-al-fiscal-alejandro-gertz-recibir-e-informar-a-padres-de-guarderia-abc\/","name":"Sonora en Equipo. AMLO pide al fiscal Alejandro Gertz recibir e informar a padres de Guarder\u00eda ABC Rep\u00fablica","isPartOf":{"@id":"https:\/\/www.sonoraenequipo.com.mx\/#website"},"primaryImageOfPage":{"@id":"https:\/\/www.sonoraenequipo.com.mx\/amlo-pide-al-fiscal-alejandro-gertz-recibir-e-informar-a-padres-de-guarderia-abc\/#primaryimage"},"image":{"@id":"https:\/\/www.sonoraenequipo.com.mx\/amlo-pide-al-fiscal-alejandro-gertz-recibir-e-informar-a-padres-de-guarderia-abc\/#primaryimage"},"thumbnailUrl":"https:\/\/www.sonoraenequipo.com.mx\/storage\/2019\/12\/amlo-pide-recibir-padres-guarderia-abc_opt.jpg","datePublished":"2019-12-13T13:30:32+00:00","dateModified":"2019-12-13T15:01:56+00:00","description":"CIUDAD DE M\u00c9XICO. MX. \u2014 Andr\u00e9s Manuel L\u00f3pez Obrador (AMLO) pidi\u00f3 al titular de la Fiscal\u00eda General de la Rep\u00fablica (FGR), Alejandro Gertz Manero, recibir En Sonora en Equipo publicamos toda la informaci\u00f3n de Sonora, M\u00e9xico y el Mundo de manera oportuna y busca que la libertad de expresi\u00f3n sea real. Visita nuestro medio informativo publicado desde Hermosillo, Sonora. %","breadcrumb":{"@id":"https:\/\/www.sonoraenequipo.com.mx\/amlo-pide-al-fiscal-alejandro-gertz-recibir-e-informar-a-padres-de-guarderia-abc\/#breadcrumb"},"inLanguage":"es","potentialAction":[{"@type":"ReadAction","target":["https:\/\/www.sonoraenequipo.com.mx\/amlo-pide-al-fiscal-alejandro-gertz-recibir-e-informar-a-padres-de-guarderia-abc\/"]}]},{"@type":"ImageObject","inLanguage":"es","@id":"https:\/\/www.sonoraenequipo.com.mx\/amlo-pide-al-fiscal-alejandro-gertz-recibir-e-informar-a-padres-de-guarderia-abc\/#primaryimage","url":"https:\/\/www.sonoraenequipo.com.mx\/storage\/2019\/12\/amlo-pide-recibir-padres-guarderia-abc_opt.jpg","contentUrl":"https:\/\/www.sonoraenequipo.com.mx\/storage\/2019\/12\/amlo-pide-recibir-padres-guarderia-abc_opt.jpg","width":709,"height":400},{"@type":"BreadcrumbList","@id":"https:\/\/www.sonoraenequipo.com.mx\/amlo-pide-al-fiscal-alejandro-gertz-recibir-e-informar-a-padres-de-guarderia-abc\/#breadcrumb","itemListElement":[{"@type":"ListItem","position":1,"name":"Portada","item":"https:\/\/www.sonoraenequipo.com.mx\/"},{"@type":"ListItem","position":2,"name":"AMLO pide al fiscal Alejandro Gertz recibir e informar a padres de Guarder\u00eda ABC"}]},{"@type":"WebSite","@id":"https:\/\/www.sonoraenequipo.com.mx\/#website","url":"https:\/\/www.sonoraenequipo.com.mx\/","name":"Sonora en Equipo.","description":"Diario en l\u00ednea con Noticias desde Hermosillo, Sonora","publisher":{"@id":"https:\/\/www.sonoraenequipo.com.mx\/#organization"},"potentialAction":[{"@type":"SearchAction","target":{"@type":"EntryPoint","urlTemplate":"https:\/\/www.sonoraenequipo.com.mx\/?s={search_term_string}"},"query-input":{"@type":"PropertyValueSpecification","valueRequired":true,"valueName":"search_term_string"}}],"inLanguage":"es"},{"@type":"Organization","@id":"https:\/\/www.sonoraenequipo.com.mx\/#organization","name":"Sonoraenequipo.com.mx","url":"https:\/\/www.sonoraenequipo.com.mx\/","logo":{"@type":"ImageObject","inLanguage":"es","@id":"https:\/\/www.sonoraenequipo.com.mx\/#\/schema\/logo\/image\/","url":"https:\/\/www.sonoraenequipo.com.mx\/storage\/2019\/01\/sonoraenequipo_opt.png","contentUrl":"https:\/\/www.sonoraenequipo.com.mx\/storage\/2019\/01\/sonoraenequipo_opt.png","width":375,"height":125,"caption":"Sonoraenequipo.com.mx"},"image":{"@id":"https:\/\/www.sonoraenequipo.com.mx\/#\/schema\/logo\/image\/"},"sameAs":["https:\/\/www.facebook.com\/SonoraEE\/","https:\/\/x.com\/sonoraenequipo","https:\/\/www.youtube.com\/channel\/UC338nW-lPEYmJQs4ZABQ1SQ"]},{"@type":"Person","@id":"https:\/\/www.sonoraenequipo.com.mx\/#\/schema\/person\/50102df0fb23a8fa9e8effad8fa81386","name":"enequipo","image":{"@type":"ImageObject","inLanguage":"es","@id":"https:\/\/www.sonoraenequipo.com.mx\/#\/schema\/person\/image\/","url":"https:\/\/secure.gravatar.com\/avatar\/049821681b589dabc0bc20695993ccebb09f5b5d4d790cd9251b97faac7c652b?s=96&d=blank&r=g","contentUrl":"https:\/\/secure.gravatar.com\/avatar\/049821681b589dabc0bc20695993ccebb09f5b5d4d790cd9251b97faac7c652b?s=96&d=blank&r=g","caption":"enequipo"},"sameAs":["https:\/\/www.facebook.com\/SonoraEE"]}]}},"jetpack_featured_media_url":"https:\/\/www.sonoraenequipo.com.mx\/storage\/2019\/12\/amlo-pide-recibir-padres-guarderia-abc_opt.jpg","_links":{"self":[{"href":"https:\/\/www.sonoraenequipo.com.mx\/api\/wp\/v2\/posts\/73977","targetHints":{"allow":["GET"]}}],"collection":[{"href":"https:\/\/www.sonoraenequipo.com.mx\/api\/wp\/v2\/posts"}],"about":[{"href":"https:\/\/www.sonoraenequipo.com.mx\/api\/wp\/v2\/types\/post"}],"author":[{"embeddable":true,"href":"https:\/\/www.sonoraenequipo.com.mx\/api\/wp\/v2\/users\/1"}],"replies":[{"embeddable":true,"href":"https:\/\/www.sonoraenequipo.com.mx\/api\/wp\/v2\/comments?post=73977"}],"version-history":[{"count":0,"href":"https:\/\/www.sonoraenequipo.com.mx\/api\/wp\/v2\/posts\/73977\/revisions"}],"wp:featuredmedia":[{"embeddable":true,"href":"https:\/\/www.sonoraenequipo.com.mx\/api\/wp\/v2\/media\/73978"}],"wp:attachment":[{"href":"https:\/\/www.sonoraenequipo.com.mx\/api\/wp\/v2\/media?parent=73977"}],"wp:term":[{"taxonomy":"category","embeddable":true,"href":"https:\/\/www.sonoraenequipo.com.mx\/api\/wp\/v2\/categories?post=73977"},{"taxonomy":"post_tag","embeddable":true,"href":"https:\/\/www.sonoraenequipo.com.mx\/api\/wp\/v2\/tags?post=73977"}],"curies":[{"name":"wp","href":"https:\/\/api.w.org\/{rel}","templated":true}]}}