{"id":73981,"date":"2019-12-13T09:15:33","date_gmt":"2019-12-13T16:15:33","guid":{"rendered":"https:\/\/www.sonoraenequipo.com.mx\/?p=73981"},"modified":"2019-12-13T09:55:38","modified_gmt":"2019-12-13T16:55:38","slug":"mexico-enfrenta-pandemia-de-enfermedades-cronicas-revela-ensanut","status":"publish","type":"post","link":"https:\/\/www.sonoraenequipo.com.mx\/mexico-enfrenta-pandemia-de-enfermedades-cronicas-revela-ensanut\/","title":{"rendered":"M\u00e9xico enfrenta pandemia de enfermedades cr\u00f3nicas, revela Ensanut"},"content":{"rendered":"<p>CIUDAD DE M\u00c9XICO. MX. \u2014 Los resultados de la Encuesta Nacional de Salud y Nutrici\u00f3n (Ensanut) 2018 confirman que M\u00e9xico enfrenta una pandemia de enfermedades cr\u00f3nicas no transmisibles y la estrategia fall\u00f3 en sexenios pasados por \u201cconflictos de inter\u00e9s, se\u00f1al\u00f3 el INEGI.<\/p>\n<p>&nbsp;<\/p>\n<p>&nbsp;<\/p>\n<p> <\/p>\n<p>&nbsp;<\/p>\n<p>De acuerdo con los datos publicados hoy por el Instituto Nacional de Estad\u00edstica y Geograf\u00eda (INEGI), 75.2 por ciento de la poblaci\u00f3n, de 20 a\u00f1os y m\u00e1s, enfrenta un problema obesidad, lo que representa un incremento de 3.9 por ciento respecto a lo reportado en 2012.<\/p>\n<p>&nbsp;<\/p>\n<p>Refiri\u00f3 que el n\u00famero de personas con diabetes pas\u00f3 de 6.4 millones a 8.6 millones, lo que signific\u00f3 un aumento de 10.3 por ciento en comparaci\u00f3n con 2012, y el problema es a\u00fan mayor, porque se acentu\u00f3 en las mujeres, con 11.4 por ciento comparado con 9.1 por ciento de los varones.<\/p>\n<p>&nbsp;<\/p>\n<p><em>\u201c\u00bfQu\u00e9 fallo? El no haber articulado las pol\u00edticas p\u00fablicas en forma multisectorial y multidisciplinaria, y consideramos que hubo indicios que -sugieren- en sexenios pasados (se tuvo) conflicto de inter\u00e9s\u00bb<\/em>, manifest\u00f3 el subsecretario de Salud, Hugo L\u00f3pez-Gatell.<\/p>\n<p>&nbsp;<\/p>\n<p><em>\u201cEs decir, el atender los intereses privados por encima de los p\u00fablicos fue un elemento que inhibi\u00f3 el desarrollo de estas pol\u00edticas p\u00fablicas\u00bb,<\/em> sentenci\u00f3 al presentar los resultados de la Ensanut 2018.<\/p>\n<p>&nbsp;<\/p>\n<p>El funcionario reconoci\u00f3 que ese problema viene desde hace 12 a\u00f1os y desde entonces se observa una \u201ctendencia creciente y cada vez m\u00e1s acelerada de los problemas de enfermedades cr\u00f3nicas no transmisibles, asociadas a la mala nutrici\u00f3n.<\/p>\n<p>&nbsp;<\/p>\n<p>Por su parte, el presidente del INEGI, Julio Santaella, refiri\u00f3 que casi la mitad de las muertes se encuentra asociada con esas afecciones, como consecuencia del exceso consumo de calor\u00edas, az\u00facares, grasas y sal.<\/p>\n<p>&nbsp;<\/p>\n<p>En su oportunidad, el director del Instituto Nacional de Salud P\u00fablica (INSP), Juan Rivera, se congratul\u00f3 por tener los resultados de la Ensanut 2018, ya que ser\u00e1n clave para identificar los avances de salud en nuestro pa\u00eds e implementar estrategias integrales en la lucha contra esas enfermedades.<\/p>\n<p>&nbsp;<\/p>\n<p>Pero, lament\u00f3 los elevados datos porque <em>\u201cmantenemos problemas muy serios con diabetes, hipertensi\u00f3n e hipercolesterolemia. \u201cSolamente la informaci\u00f3n de diagn\u00f3stico previo ya nos habla de una epidemia muy grande del pa\u00eds\u00bb.<\/em><\/p>\n<p>&nbsp;<\/p>\n<p>Y a ello se deben agregar aquellos casos que siguen sin ser diagnosticados en M\u00e9xico, apunt\u00f3 el funcionario, quien llam\u00f3 a redoblar los esfuerzos para aplicar pol\u00edticas p\u00fablicas para la prevenci\u00f3n y control de obesidad y enfermedades cr\u00f3nicas.<\/p>\n<p>&nbsp;<\/p>\n<p>Si bien 80 por ciento de los mexicanos cuenta con afiliaci\u00f3n a los servicios de seguridad p\u00fablica, 43 por ciento no recurre a ellos para su atenci\u00f3n m\u00e9dica. <em>\u201cEso habla de un reto para la actual administraci\u00f3n en mejorar la cobertura y la calidad de los servicios\u00bb<\/em>, enfatiz\u00f3.<\/p>\n<p>&nbsp;<\/p>\n<p>La Ensanut tambi\u00e9n revel\u00f3 que 15.2 millones\u00a0 \u2014 18.4 por ciento\u2014\u00a0 de personas padecen diabetes, de las cuales 20.9 por ciento son mujeres y 15.3 por ciento, varones mexicanos.<\/p>\n<p>&nbsp;<\/p>\n<p>Mientras que 32.7 por ciento refiri\u00f3 tener colesterol normal, 19.5 por ciento colesterol alto y 47.7 por ciento manifest\u00f3 carecer de ese mal.<\/p>\n<p>&nbsp;<\/p>\n<p>&nbsp;<\/p>\n<p>PUBLICADO EL 13\/12\/2019 \/ Con informaci\u00f3n de Notimex.)<\/p>\n","protected":false},"excerpt":{"rendered":"<p>CIUDAD DE M\u00c9XICO. MX. \u2014 Los resultados de la Encuesta Nacional de Salud y Nutrici\u00f3n&#8230;<\/p>\n","protected":false},"author":1,"featured_media":73982,"comment_status":"open","ping_status":"open","sticky":false,"template":"","format":"standard","meta":{"_monsterinsights_skip_tracking":false,"_monsterinsights_sitenote_active":false,"_monsterinsights_sitenote_note":"","_monsterinsights_sitenote_category":0,"footnotes":""},"categories":[5],"tags":[],"class_list":["post"],"yoast_head":" \n<title>Sonora en Equipo. M\u00e9xico enfrenta pandemia de enfermedades cr\u00f3nicas, revela Ensanut Rep\u00fablica<\/title>\n<meta name=\"description\" content=\"CIUDAD DE M\u00c9XICO. MX. \u2014 Los resultados de la Encuesta Nacional de Salud y Nutrici\u00f3n (Ensanut) 2018 confirman que M\u00e9xico enfrenta una pandemia de En Sonora en Equipo publicamos toda la informaci\u00f3n de Sonora, M\u00e9xico y el Mundo de manera oportuna y busca que la libertad de expresi\u00f3n sea real. Visita nuestro medio informativo publicado desde Hermosillo, Sonora. %\" \/>\n<meta name=\"robots\" content=\"index, follow, max-snippet:-1, max-image-preview:large, max-video-preview:-1\" \/>\n<link rel=\"canonical\" href=\"https:\/\/www.sonoraenequipo.com.mx\/mexico-enfrenta-pandemia-de-enfermedades-cronicas-revela-ensanut\/\" \/>\n<meta property=\"og:locale\" content=\"es_ES\" \/>\n<meta property=\"og:type\" content=\"article\" \/>\n<meta property=\"og:title\" content=\"Sonora en Equipo. M\u00e9xico enfrenta pandemia de enfermedades cr\u00f3nicas, revela Ensanut Rep\u00fablica\" \/>\n<meta property=\"og:description\" content=\"CIUDAD DE M\u00c9XICO. MX. \u2014 Los resultados de la Encuesta Nacional de Salud y Nutrici\u00f3n (Ensanut) 2018 confirman que M\u00e9xico enfrenta una pandemia de En Sonora en Equipo publicamos toda la informaci\u00f3n de Sonora, M\u00e9xico y el Mundo de manera oportuna y busca que la libertad de expresi\u00f3n sea real. Visita nuestro medio informativo publicado desde Hermosillo, Sonora. %\" \/>\n<meta property=\"og:url\" content=\"https:\/\/www.sonoraenequipo.com.mx\/mexico-enfrenta-pandemia-de-enfermedades-cronicas-revela-ensanut\/\" \/>\n<meta property=\"og:site_name\" content=\"Sonora en Equipo.\" \/>\n<meta property=\"article:publisher\" content=\"https:\/\/www.facebook.com\/SonoraEE\/\" \/>\n<meta property=\"article:author\" content=\"https:\/\/www.facebook.com\/SonoraEE\" \/>\n<meta property=\"article:published_time\" content=\"2019-12-13T16:15:33+00:00\" \/>\n<meta property=\"article:modified_time\" content=\"2019-12-13T16:55:38+00:00\" \/>\n<meta property=\"og:image\" content=\"https:\/\/www.sonoraenequipo.com.mx\/storage\/2019\/12\/dormir-mucho_opt.jpg\" \/>\n\t<meta property=\"og:image:width\" content=\"709\" \/>\n\t<meta property=\"og:image:height\" content=\"400\" \/>\n\t<meta property=\"og:image:type\" content=\"image\/jpeg\" \/>\n<meta name=\"author\" content=\"enequipo\" \/>\n<meta name=\"twitter:card\" content=\"summary_large_image\" \/>\n<meta name=\"twitter:creator\" content=\"@sonoraenequipo\" \/>\n<meta name=\"twitter:site\" content=\"@sonoraenequipo\" \/>\n<meta name=\"twitter:label1\" content=\"Escrito por\" \/>\n\t<meta name=\"twitter:data1\" content=\"enequipo\" \/>\n\t<meta name=\"twitter:label2\" content=\"Tiempo de lectura\" \/>\n\t<meta name=\"twitter:data2\" content=\"3 minutos\" \/>\n<script type=\"application\/ld+json\" class=\"yoast-schema-graph\">{\"@context\":\"https:\/\/schema.org\",\"@graph\":[{\"@type\":\"Article\",\"@id\":\"https:\/\/www.sonoraenequipo.com.mx\/mexico-enfrenta-pandemia-de-enfermedades-cronicas-revela-ensanut\/#article\",\"isPartOf\":{\"@id\":\"https:\/\/www.sonoraenequipo.com.mx\/mexico-enfrenta-pandemia-de-enfermedades-cronicas-revela-ensanut\/\"},\"author\":{\"name\":\"enequipo\",\"@id\":\"https:\/\/www.sonoraenequipo.com.mx\/#\/schema\/person\/50102df0fb23a8fa9e8effad8fa81386\"},\"headline\":\"M\u00e9xico enfrenta pandemia de enfermedades cr\u00f3nicas, revela Ensanut\",\"datePublished\":\"2019-12-13T16:15:33+00:00\",\"dateModified\":\"2019-12-13T16:55:38+00:00\",\"mainEntityOfPage\":{\"@id\":\"https:\/\/www.sonoraenequipo.com.mx\/mexico-enfrenta-pandemia-de-enfermedades-cronicas-revela-ensanut\/\"},\"wordCount\":548,\"commentCount\":0,\"publisher\":{\"@id\":\"https:\/\/www.sonoraenequipo.com.mx\/#organization\"},\"image\":{\"@id\":\"https:\/\/www.sonoraenequipo.com.mx\/mexico-enfrenta-pandemia-de-enfermedades-cronicas-revela-ensanut\/#primaryimage\"},\"thumbnailUrl\":\"https:\/\/www.sonoraenequipo.com.mx\/storage\/2019\/12\/dormir-mucho_opt.jpg\",\"articleSection\":[\"Rep\u00fablica\"],\"inLanguage\":\"es\",\"potentialAction\":[{\"@type\":\"CommentAction\",\"name\":\"Comment\",\"target\":[\"https:\/\/www.sonoraenequipo.com.mx\/mexico-enfrenta-pandemia-de-enfermedades-cronicas-revela-ensanut\/#respond\"]}]},{\"@type\":\"WebPage\",\"@id\":\"https:\/\/www.sonoraenequipo.com.mx\/mexico-enfrenta-pandemia-de-enfermedades-cronicas-revela-ensanut\/\",\"url\":\"https:\/\/www.sonoraenequipo.com.mx\/mexico-enfrenta-pandemia-de-enfermedades-cronicas-revela-ensanut\/\",\"name\":\"Sonora en Equipo. M\u00e9xico enfrenta pandemia de enfermedades cr\u00f3nicas, revela Ensanut Rep\u00fablica\",\"isPartOf\":{\"@id\":\"https:\/\/www.sonoraenequipo.com.mx\/#website\"},\"primaryImageOfPage\":{\"@id\":\"https:\/\/www.sonoraenequipo.com.mx\/mexico-enfrenta-pandemia-de-enfermedades-cronicas-revela-ensanut\/#primaryimage\"},\"image\":{\"@id\":\"https:\/\/www.sonoraenequipo.com.mx\/mexico-enfrenta-pandemia-de-enfermedades-cronicas-revela-ensanut\/#primaryimage\"},\"thumbnailUrl\":\"https:\/\/www.sonoraenequipo.com.mx\/storage\/2019\/12\/dormir-mucho_opt.jpg\",\"datePublished\":\"2019-12-13T16:15:33+00:00\",\"dateModified\":\"2019-12-13T16:55:38+00:00\",\"description\":\"CIUDAD DE M\u00c9XICO. MX. \u2014 Los resultados de la Encuesta Nacional de Salud y Nutrici\u00f3n (Ensanut) 2018 confirman que M\u00e9xico enfrenta una pandemia de En Sonora en Equipo publicamos toda la informaci\u00f3n de Sonora, M\u00e9xico y el Mundo de manera oportuna y busca que la libertad de expresi\u00f3n sea real. Visita nuestro medio informativo publicado desde Hermosillo, Sonora. %\",\"breadcrumb\":{\"@id\":\"https:\/\/www.sonoraenequipo.com.mx\/mexico-enfrenta-pandemia-de-enfermedades-cronicas-revela-ensanut\/#breadcrumb\"},\"inLanguage\":\"es\",\"potentialAction\":[{\"@type\":\"ReadAction\",\"target\":[\"https:\/\/www.sonoraenequipo.com.mx\/mexico-enfrenta-pandemia-de-enfermedades-cronicas-revela-ensanut\/\"]}]},{\"@type\":\"ImageObject\",\"inLanguage\":\"es\",\"@id\":\"https:\/\/www.sonoraenequipo.com.mx\/mexico-enfrenta-pandemia-de-enfermedades-cronicas-revela-ensanut\/#primaryimage\",\"url\":\"https:\/\/www.sonoraenequipo.com.mx\/storage\/2019\/12\/dormir-mucho_opt.jpg\",\"contentUrl\":\"https:\/\/www.sonoraenequipo.com.mx\/storage\/2019\/12\/dormir-mucho_opt.jpg\",\"width\":709,\"height\":400},{\"@type\":\"BreadcrumbList\",\"@id\":\"https:\/\/www.sonoraenequipo.com.mx\/mexico-enfrenta-pandemia-de-enfermedades-cronicas-revela-ensanut\/#breadcrumb\",\"itemListElement\":[{\"@type\":\"ListItem\",\"position\":1,\"name\":\"Portada\",\"item\":\"https:\/\/www.sonoraenequipo.com.mx\/\"},{\"@type\":\"ListItem\",\"position\":2,\"name\":\"M\u00e9xico enfrenta pandemia de enfermedades cr\u00f3nicas, revela Ensanut\"}]},{\"@type\":\"WebSite\",\"@id\":\"https:\/\/www.sonoraenequipo.com.mx\/#website\",\"url\":\"https:\/\/www.sonoraenequipo.com.mx\/\",\"name\":\"Sonora en Equipo.\",\"description\":\"Diario en l\u00ednea con Noticias desde Hermosillo, Sonora\",\"publisher\":{\"@id\":\"https:\/\/www.sonoraenequipo.com.mx\/#organization\"},\"potentialAction\":[{\"@type\":\"SearchAction\",\"target\":{\"@type\":\"EntryPoint\",\"urlTemplate\":\"https:\/\/www.sonoraenequipo.com.mx\/?s={search_term_string}\"},\"query-input\":{\"@type\":\"PropertyValueSpecification\",\"valueRequired\":true,\"valueName\":\"search_term_string\"}}],\"inLanguage\":\"es\"},{\"@type\":\"Organization\",\"@id\":\"https:\/\/www.sonoraenequipo.com.mx\/#organization\",\"name\":\"Sonoraenequipo.com.mx\",\"url\":\"https:\/\/www.sonoraenequipo.com.mx\/\",\"logo\":{\"@type\":\"ImageObject\",\"inLanguage\":\"es\",\"@id\":\"https:\/\/www.sonoraenequipo.com.mx\/#\/schema\/logo\/image\/\",\"url\":\"https:\/\/www.sonoraenequipo.com.mx\/storage\/2019\/01\/sonoraenequipo_opt.png\",\"contentUrl\":\"https:\/\/www.sonoraenequipo.com.mx\/storage\/2019\/01\/sonoraenequipo_opt.png\",\"width\":375,\"height\":125,\"caption\":\"Sonoraenequipo.com.mx\"},\"image\":{\"@id\":\"https:\/\/www.sonoraenequipo.com.mx\/#\/schema\/logo\/image\/\"},\"sameAs\":[\"https:\/\/www.facebook.com\/SonoraEE\/\",\"https:\/\/x.com\/sonoraenequipo\",\"https:\/\/www.youtube.com\/channel\/UC338nW-lPEYmJQs4ZABQ1SQ\"]},{\"@type\":\"Person\",\"@id\":\"https:\/\/www.sonoraenequipo.com.mx\/#\/schema\/person\/50102df0fb23a8fa9e8effad8fa81386\",\"name\":\"enequipo\",\"image\":{\"@type\":\"ImageObject\",\"inLanguage\":\"es\",\"@id\":\"https:\/\/www.sonoraenequipo.com.mx\/#\/schema\/person\/image\/\",\"url\":\"https:\/\/secure.gravatar.com\/avatar\/049821681b589dabc0bc20695993ccebb09f5b5d4d790cd9251b97faac7c652b?s=96&d=blank&r=g\",\"contentUrl\":\"https:\/\/secure.gravatar.com\/avatar\/049821681b589dabc0bc20695993ccebb09f5b5d4d790cd9251b97faac7c652b?s=96&d=blank&r=g\",\"caption\":\"enequipo\"},\"sameAs\":[\"https:\/\/www.facebook.com\/SonoraEE\"]}]}<\/script>\n ","yoast_head_json":{"title":"Sonora en Equipo. M\u00e9xico enfrenta pandemia de enfermedades cr\u00f3nicas, revela Ensanut Rep\u00fablica","description":"CIUDAD DE M\u00c9XICO. MX. \u2014 Los resultados de la Encuesta Nacional de Salud y Nutrici\u00f3n (Ensanut) 2018 confirman que M\u00e9xico enfrenta una pandemia de En Sonora en Equipo publicamos toda la informaci\u00f3n de Sonora, M\u00e9xico y el Mundo de manera oportuna y busca que la libertad de expresi\u00f3n sea real. Visita nuestro medio informativo publicado desde Hermosillo, Sonora. %","robots":{"index":"index","follow":"follow","max-snippet":"max-snippet:-1","max-image-preview":"max-image-preview:large","max-video-preview":"max-video-preview:-1"},"canonical":"https:\/\/www.sonoraenequipo.com.mx\/mexico-enfrenta-pandemia-de-enfermedades-cronicas-revela-ensanut\/","og_locale":"es_ES","og_type":"article","og_title":"Sonora en Equipo. M\u00e9xico enfrenta pandemia de enfermedades cr\u00f3nicas, revela Ensanut Rep\u00fablica","og_description":"CIUDAD DE M\u00c9XICO. MX. \u2014 Los resultados de la Encuesta Nacional de Salud y Nutrici\u00f3n (Ensanut) 2018 confirman que M\u00e9xico enfrenta una pandemia de En Sonora en Equipo publicamos toda la informaci\u00f3n de Sonora, M\u00e9xico y el Mundo de manera oportuna y busca que la libertad de expresi\u00f3n sea real. Visita nuestro medio informativo publicado desde Hermosillo, Sonora. %","og_url":"https:\/\/www.sonoraenequipo.com.mx\/mexico-enfrenta-pandemia-de-enfermedades-cronicas-revela-ensanut\/","og_site_name":"Sonora en Equipo.","article_publisher":"https:\/\/www.facebook.com\/SonoraEE\/","article_author":"https:\/\/www.facebook.com\/SonoraEE","article_published_time":"2019-12-13T16:15:33+00:00","article_modified_time":"2019-12-13T16:55:38+00:00","og_image":[{"width":709,"height":400,"url":"https:\/\/www.sonoraenequipo.com.mx\/storage\/2019\/12\/dormir-mucho_opt.jpg","type":"image\/jpeg"}],"author":"enequipo","twitter_card":"summary_large_image","twitter_creator":"@sonoraenequipo","twitter_site":"@sonoraenequipo","twitter_misc":{"Escrito por":"enequipo","Tiempo de lectura":"3 minutos"},"schema":{"@context":"https:\/\/schema.org","@graph":[{"@type":"Article","@id":"https:\/\/www.sonoraenequipo.com.mx\/mexico-enfrenta-pandemia-de-enfermedades-cronicas-revela-ensanut\/#article","isPartOf":{"@id":"https:\/\/www.sonoraenequipo.com.mx\/mexico-enfrenta-pandemia-de-enfermedades-cronicas-revela-ensanut\/"},"author":{"name":"enequipo","@id":"https:\/\/www.sonoraenequipo.com.mx\/#\/schema\/person\/50102df0fb23a8fa9e8effad8fa81386"},"headline":"M\u00e9xico enfrenta pandemia de enfermedades cr\u00f3nicas, revela Ensanut","datePublished":"2019-12-13T16:15:33+00:00","dateModified":"2019-12-13T16:55:38+00:00","mainEntityOfPage":{"@id":"https:\/\/www.sonoraenequipo.com.mx\/mexico-enfrenta-pandemia-de-enfermedades-cronicas-revela-ensanut\/"},"wordCount":548,"commentCount":0,"publisher":{"@id":"https:\/\/www.sonoraenequipo.com.mx\/#organization"},"image":{"@id":"https:\/\/www.sonoraenequipo.com.mx\/mexico-enfrenta-pandemia-de-enfermedades-cronicas-revela-ensanut\/#primaryimage"},"thumbnailUrl":"https:\/\/www.sonoraenequipo.com.mx\/storage\/2019\/12\/dormir-mucho_opt.jpg","articleSection":["Rep\u00fablica"],"inLanguage":"es","potentialAction":[{"@type":"CommentAction","name":"Comment","target":["https:\/\/www.sonoraenequipo.com.mx\/mexico-enfrenta-pandemia-de-enfermedades-cronicas-revela-ensanut\/#respond"]}]},{"@type":"WebPage","@id":"https:\/\/www.sonoraenequipo.com.mx\/mexico-enfrenta-pandemia-de-enfermedades-cronicas-revela-ensanut\/","url":"https:\/\/www.sonoraenequipo.com.mx\/mexico-enfrenta-pandemia-de-enfermedades-cronicas-revela-ensanut\/","name":"Sonora en Equipo. M\u00e9xico enfrenta pandemia de enfermedades cr\u00f3nicas, revela Ensanut Rep\u00fablica","isPartOf":{"@id":"https:\/\/www.sonoraenequipo.com.mx\/#website"},"primaryImageOfPage":{"@id":"https:\/\/www.sonoraenequipo.com.mx\/mexico-enfrenta-pandemia-de-enfermedades-cronicas-revela-ensanut\/#primaryimage"},"image":{"@id":"https:\/\/www.sonoraenequipo.com.mx\/mexico-enfrenta-pandemia-de-enfermedades-cronicas-revela-ensanut\/#primaryimage"},"thumbnailUrl":"https:\/\/www.sonoraenequipo.com.mx\/storage\/2019\/12\/dormir-mucho_opt.jpg","datePublished":"2019-12-13T16:15:33+00:00","dateModified":"2019-12-13T16:55:38+00:00","description":"CIUDAD DE M\u00c9XICO. MX. \u2014 Los resultados de la Encuesta Nacional de Salud y Nutrici\u00f3n (Ensanut) 2018 confirman que M\u00e9xico enfrenta una pandemia de En Sonora en Equipo publicamos toda la informaci\u00f3n de Sonora, M\u00e9xico y el Mundo de manera oportuna y busca que la libertad de expresi\u00f3n sea real. Visita nuestro medio informativo publicado desde Hermosillo, Sonora. %","breadcrumb":{"@id":"https:\/\/www.sonoraenequipo.com.mx\/mexico-enfrenta-pandemia-de-enfermedades-cronicas-revela-ensanut\/#breadcrumb"},"inLanguage":"es","potentialAction":[{"@type":"ReadAction","target":["https:\/\/www.sonoraenequipo.com.mx\/mexico-enfrenta-pandemia-de-enfermedades-cronicas-revela-ensanut\/"]}]},{"@type":"ImageObject","inLanguage":"es","@id":"https:\/\/www.sonoraenequipo.com.mx\/mexico-enfrenta-pandemia-de-enfermedades-cronicas-revela-ensanut\/#primaryimage","url":"https:\/\/www.sonoraenequipo.com.mx\/storage\/2019\/12\/dormir-mucho_opt.jpg","contentUrl":"https:\/\/www.sonoraenequipo.com.mx\/storage\/2019\/12\/dormir-mucho_opt.jpg","width":709,"height":400},{"@type":"BreadcrumbList","@id":"https:\/\/www.sonoraenequipo.com.mx\/mexico-enfrenta-pandemia-de-enfermedades-cronicas-revela-ensanut\/#breadcrumb","itemListElement":[{"@type":"ListItem","position":1,"name":"Portada","item":"https:\/\/www.sonoraenequipo.com.mx\/"},{"@type":"ListItem","position":2,"name":"M\u00e9xico enfrenta pandemia de enfermedades cr\u00f3nicas, revela Ensanut"}]},{"@type":"WebSite","@id":"https:\/\/www.sonoraenequipo.com.mx\/#website","url":"https:\/\/www.sonoraenequipo.com.mx\/","name":"Sonora en Equipo.","description":"Diario en l\u00ednea con Noticias desde Hermosillo, Sonora","publisher":{"@id":"https:\/\/www.sonoraenequipo.com.mx\/#organization"},"potentialAction":[{"@type":"SearchAction","target":{"@type":"EntryPoint","urlTemplate":"https:\/\/www.sonoraenequipo.com.mx\/?s={search_term_string}"},"query-input":{"@type":"PropertyValueSpecification","valueRequired":true,"valueName":"search_term_string"}}],"inLanguage":"es"},{"@type":"Organization","@id":"https:\/\/www.sonoraenequipo.com.mx\/#organization","name":"Sonoraenequipo.com.mx","url":"https:\/\/www.sonoraenequipo.com.mx\/","logo":{"@type":"ImageObject","inLanguage":"es","@id":"https:\/\/www.sonoraenequipo.com.mx\/#\/schema\/logo\/image\/","url":"https:\/\/www.sonoraenequipo.com.mx\/storage\/2019\/01\/sonoraenequipo_opt.png","contentUrl":"https:\/\/www.sonoraenequipo.com.mx\/storage\/2019\/01\/sonoraenequipo_opt.png","width":375,"height":125,"caption":"Sonoraenequipo.com.mx"},"image":{"@id":"https:\/\/www.sonoraenequipo.com.mx\/#\/schema\/logo\/image\/"},"sameAs":["https:\/\/www.facebook.com\/SonoraEE\/","https:\/\/x.com\/sonoraenequipo","https:\/\/www.youtube.com\/channel\/UC338nW-lPEYmJQs4ZABQ1SQ"]},{"@type":"Person","@id":"https:\/\/www.sonoraenequipo.com.mx\/#\/schema\/person\/50102df0fb23a8fa9e8effad8fa81386","name":"enequipo","image":{"@type":"ImageObject","inLanguage":"es","@id":"https:\/\/www.sonoraenequipo.com.mx\/#\/schema\/person\/image\/","url":"https:\/\/secure.gravatar.com\/avatar\/049821681b589dabc0bc20695993ccebb09f5b5d4d790cd9251b97faac7c652b?s=96&d=blank&r=g","contentUrl":"https:\/\/secure.gravatar.com\/avatar\/049821681b589dabc0bc20695993ccebb09f5b5d4d790cd9251b97faac7c652b?s=96&d=blank&r=g","caption":"enequipo"},"sameAs":["https:\/\/www.facebook.com\/SonoraEE"]}]}},"jetpack_featured_media_url":"https:\/\/www.sonoraenequipo.com.mx\/storage\/2019\/12\/dormir-mucho_opt.jpg","_links":{"self":[{"href":"https:\/\/www.sonoraenequipo.com.mx\/api\/wp\/v2\/posts\/73981","targetHints":{"allow":["GET"]}}],"collection":[{"href":"https:\/\/www.sonoraenequipo.com.mx\/api\/wp\/v2\/posts"}],"about":[{"href":"https:\/\/www.sonoraenequipo.com.mx\/api\/wp\/v2\/types\/post"}],"author":[{"embeddable":true,"href":"https:\/\/www.sonoraenequipo.com.mx\/api\/wp\/v2\/users\/1"}],"replies":[{"embeddable":true,"href":"https:\/\/www.sonoraenequipo.com.mx\/api\/wp\/v2\/comments?post=73981"}],"version-history":[{"count":0,"href":"https:\/\/www.sonoraenequipo.com.mx\/api\/wp\/v2\/posts\/73981\/revisions"}],"wp:featuredmedia":[{"embeddable":true,"href":"https:\/\/www.sonoraenequipo.com.mx\/api\/wp\/v2\/media\/73982"}],"wp:attachment":[{"href":"https:\/\/www.sonoraenequipo.com.mx\/api\/wp\/v2\/media?parent=73981"}],"wp:term":[{"taxonomy":"category","embeddable":true,"href":"https:\/\/www.sonoraenequipo.com.mx\/api\/wp\/v2\/categories?post=73981"},{"taxonomy":"post_tag","embeddable":true,"href":"https:\/\/www.sonoraenequipo.com.mx\/api\/wp\/v2\/tags?post=73981"}],"curies":[{"name":"wp","href":"https:\/\/api.w.org\/{rel}","templated":true}]}}