{"id":73997,"date":"2019-12-13T12:14:55","date_gmt":"2019-12-13T19:14:55","guid":{"rendered":"https:\/\/www.sonoraenequipo.com.mx\/?p=73997"},"modified":"2019-12-13T14:13:19","modified_gmt":"2019-12-13T21:13:19","slug":"el-mismo-juez-que-sentencio-a-el-chapo-llevara-caso-de-genaro-garcia-luna","status":"publish","type":"post","link":"https:\/\/www.sonoraenequipo.com.mx\/el-mismo-juez-que-sentencio-a-el-chapo-llevara-caso-de-genaro-garcia-luna\/","title":{"rendered":"El mismo Juez que sentenci\u00f3 a \u201cEl Chapo\u201d llevar\u00e1 caso de Genaro Garc\u00eda Luna"},"content":{"rendered":"<p>NUEVA YORK, ESTADOS UNIDOS. \u2014 Brian M. Cogan, quien dict\u00f3 cadena perpetua a Joaqu\u00edn \u201cEl Chapo\u201d Guzm\u00e1n, llevar\u00e1 el caso del exsecretario de Seguridad P\u00fablica mexicano, Genaro Garc\u00eda Luna, confirm\u00f3 este jueves la Corte del Distrito Este de Nueva York.<\/p>\n<p>&nbsp;<\/p>\n<p> <\/p>\n<p>&nbsp;<\/p>\n<p>Richard P. Donoghue, fiscal del Distrito Este de Nueva York, fue quien solicit\u00f3 formalmente la re asignaci\u00f3n del caso de Garc\u00eda Luna a la agenda del juez Cogan, bajo el argumento de que ambos casos est\u00e1n relacionados y la ejecuci\u00f3n del proceso bajo las mismas caracter\u00edsticas facilitar\u00e1 el ahorro de recursos jur\u00eddicos.<\/p>\n<p>&nbsp;<\/p>\n<p>&nbsp;<\/p>\n<p>Donoghue present\u00f3 los cargos contra Genaro Garc\u00eda Luna el 10 de diciembre, los cuales iban desde haber aceptado sobornos millonarios por parte del C\u00e1rtel de Sinaloa para facilitar el tr\u00e1fico de coca\u00edna, hasta mentir a las autoridades de EUA sobre su pasado criminal cuando busc\u00f3 la naturalizaci\u00f3n estadunidense en 2018.<\/p>\n<p>&nbsp;<\/p>\n<p>&nbsp;<\/p>\n<p>El exsecretario de Seguridad P\u00fablica durante el sexenio de Felipe Calder\u00f3n deber\u00e1 comparecer ante Brian M. Cogan, el magistrado que llev\u00f3 el llamado <em>\u201cJuicio del siglo\u201d<\/em> contra<em> \u201cEl Chapo\u201d<\/em> Guzm\u00e1n, a quien se le encontr\u00f3 culpable de 10 cargos y ahora cumple una condena de por vida.<\/p>\n<p>&nbsp;<\/p>\n<p>A\u00fan no se confirma la fecha en que Genaro Garc\u00eda Luna deba presentarse ante el juez del Distrito Este de Nueva York, sin embargo, el 17 de diciembre comparecer\u00e1 en Dallas para confirmar su detenci\u00f3n provisional y su traslado a Nueva York.<\/p>\n<p>&nbsp;<\/p>\n<p>&nbsp;<\/p>\n<p>PUBLICADO EL 13\/12\/2019)<\/p>\n","protected":false},"excerpt":{"rendered":"<p>NUEVA YORK, ESTADOS UNIDOS. \u2014 Brian M. Cogan, quien dict\u00f3 cadena perpetua a Joaqu\u00edn \u201cEl&#8230;<\/p>\n","protected":false},"author":1,"featured_media":73991,"comment_status":"open","ping_status":"open","sticky":false,"template":"","format":"standard","meta":{"_monsterinsights_skip_tracking":false,"_monsterinsights_sitenote_active":false,"_monsterinsights_sitenote_note":"","_monsterinsights_sitenote_category":0,"footnotes":""},"categories":[3],"tags":[],"class_list":["post"],"yoast_head":" \n<title>Sonora en Equipo. El mismo Juez que sentenci\u00f3 a \u201cEl Chapo\u201d llevar\u00e1 caso de Genaro Garc\u00eda Luna MUNDO<\/title>\n<meta name=\"description\" content=\"NUEVA YORK, ESTADOS UNIDOS. \u2014 Brian M. Cogan, quien dict\u00f3 cadena perpetua a Joaqu\u00edn \u201cEl Chapo\u201d Guzm\u00e1n, llevar\u00e1 el caso del exsecretario de Seguridad En Sonora en Equipo publicamos toda la informaci\u00f3n de Sonora, M\u00e9xico y el Mundo de manera oportuna y busca que la libertad de expresi\u00f3n sea real. Visita nuestro medio informativo publicado desde Hermosillo, Sonora. %\" \/>\n<meta name=\"robots\" content=\"index, follow, max-snippet:-1, max-image-preview:large, max-video-preview:-1\" \/>\n<link rel=\"canonical\" href=\"https:\/\/www.sonoraenequipo.com.mx\/el-mismo-juez-que-sentencio-a-el-chapo-llevara-caso-de-genaro-garcia-luna\/\" \/>\n<meta property=\"og:locale\" content=\"es_ES\" \/>\n<meta property=\"og:type\" content=\"article\" \/>\n<meta property=\"og:title\" content=\"Sonora en Equipo. El mismo Juez que sentenci\u00f3 a \u201cEl Chapo\u201d llevar\u00e1 caso de Genaro Garc\u00eda Luna MUNDO\" \/>\n<meta property=\"og:description\" content=\"NUEVA YORK, ESTADOS UNIDOS. \u2014 Brian M. Cogan, quien dict\u00f3 cadena perpetua a Joaqu\u00edn \u201cEl Chapo\u201d Guzm\u00e1n, llevar\u00e1 el caso del exsecretario de Seguridad En Sonora en Equipo publicamos toda la informaci\u00f3n de Sonora, M\u00e9xico y el Mundo de manera oportuna y busca que la libertad de expresi\u00f3n sea real. Visita nuestro medio informativo publicado desde Hermosillo, Sonora. %\" \/>\n<meta property=\"og:url\" content=\"https:\/\/www.sonoraenequipo.com.mx\/el-mismo-juez-que-sentencio-a-el-chapo-llevara-caso-de-genaro-garcia-luna\/\" \/>\n<meta property=\"og:site_name\" content=\"Sonora en Equipo.\" \/>\n<meta property=\"article:publisher\" content=\"https:\/\/www.facebook.com\/SonoraEE\/\" \/>\n<meta property=\"article:author\" content=\"https:\/\/www.facebook.com\/SonoraEE\" \/>\n<meta property=\"article:published_time\" content=\"2019-12-13T19:14:55+00:00\" \/>\n<meta property=\"article:modified_time\" content=\"2019-12-13T21:13:19+00:00\" \/>\n<meta property=\"og:image\" content=\"https:\/\/www.sonoraenequipo.com.mx\/storage\/2019\/12\/chapogenrarogarcialuna_opt.jpg\" \/>\n\t<meta property=\"og:image:width\" content=\"710\" \/>\n\t<meta property=\"og:image:height\" content=\"400\" \/>\n\t<meta property=\"og:image:type\" content=\"image\/jpeg\" \/>\n<meta name=\"author\" content=\"enequipo\" \/>\n<meta name=\"twitter:card\" content=\"summary_large_image\" \/>\n<meta name=\"twitter:creator\" content=\"@sonoraenequipo\" \/>\n<meta name=\"twitter:site\" content=\"@sonoraenequipo\" \/>\n<meta name=\"twitter:label1\" content=\"Escrito por\" \/>\n\t<meta name=\"twitter:data1\" content=\"enequipo\" \/>\n\t<meta name=\"twitter:label2\" content=\"Tiempo de lectura\" \/>\n\t<meta name=\"twitter:data2\" content=\"1 minuto\" \/>\n<script type=\"application\/ld+json\" class=\"yoast-schema-graph\">{\"@context\":\"https:\/\/schema.org\",\"@graph\":[{\"@type\":\"Article\",\"@id\":\"https:\/\/www.sonoraenequipo.com.mx\/el-mismo-juez-que-sentencio-a-el-chapo-llevara-caso-de-genaro-garcia-luna\/#article\",\"isPartOf\":{\"@id\":\"https:\/\/www.sonoraenequipo.com.mx\/el-mismo-juez-que-sentencio-a-el-chapo-llevara-caso-de-genaro-garcia-luna\/\"},\"author\":{\"name\":\"enequipo\",\"@id\":\"https:\/\/www.sonoraenequipo.com.mx\/#\/schema\/person\/50102df0fb23a8fa9e8effad8fa81386\"},\"headline\":\"El mismo Juez que sentenci\u00f3 a \u201cEl Chapo\u201d llevar\u00e1 caso de Genaro Garc\u00eda Luna\",\"datePublished\":\"2019-12-13T19:14:55+00:00\",\"dateModified\":\"2019-12-13T21:13:19+00:00\",\"mainEntityOfPage\":{\"@id\":\"https:\/\/www.sonoraenequipo.com.mx\/el-mismo-juez-que-sentencio-a-el-chapo-llevara-caso-de-genaro-garcia-luna\/\"},\"wordCount\":273,\"commentCount\":0,\"publisher\":{\"@id\":\"https:\/\/www.sonoraenequipo.com.mx\/#organization\"},\"image\":{\"@id\":\"https:\/\/www.sonoraenequipo.com.mx\/el-mismo-juez-que-sentencio-a-el-chapo-llevara-caso-de-genaro-garcia-luna\/#primaryimage\"},\"thumbnailUrl\":\"https:\/\/www.sonoraenequipo.com.mx\/storage\/2019\/12\/chapogenrarogarcialuna_opt.jpg\",\"articleSection\":[\"MUNDO\"],\"inLanguage\":\"es\",\"potentialAction\":[{\"@type\":\"CommentAction\",\"name\":\"Comment\",\"target\":[\"https:\/\/www.sonoraenequipo.com.mx\/el-mismo-juez-que-sentencio-a-el-chapo-llevara-caso-de-genaro-garcia-luna\/#respond\"]}]},{\"@type\":\"WebPage\",\"@id\":\"https:\/\/www.sonoraenequipo.com.mx\/el-mismo-juez-que-sentencio-a-el-chapo-llevara-caso-de-genaro-garcia-luna\/\",\"url\":\"https:\/\/www.sonoraenequipo.com.mx\/el-mismo-juez-que-sentencio-a-el-chapo-llevara-caso-de-genaro-garcia-luna\/\",\"name\":\"Sonora en Equipo. El mismo Juez que sentenci\u00f3 a \u201cEl Chapo\u201d llevar\u00e1 caso de Genaro Garc\u00eda Luna MUNDO\",\"isPartOf\":{\"@id\":\"https:\/\/www.sonoraenequipo.com.mx\/#website\"},\"primaryImageOfPage\":{\"@id\":\"https:\/\/www.sonoraenequipo.com.mx\/el-mismo-juez-que-sentencio-a-el-chapo-llevara-caso-de-genaro-garcia-luna\/#primaryimage\"},\"image\":{\"@id\":\"https:\/\/www.sonoraenequipo.com.mx\/el-mismo-juez-que-sentencio-a-el-chapo-llevara-caso-de-genaro-garcia-luna\/#primaryimage\"},\"thumbnailUrl\":\"https:\/\/www.sonoraenequipo.com.mx\/storage\/2019\/12\/chapogenrarogarcialuna_opt.jpg\",\"datePublished\":\"2019-12-13T19:14:55+00:00\",\"dateModified\":\"2019-12-13T21:13:19+00:00\",\"description\":\"NUEVA YORK, ESTADOS UNIDOS. \u2014 Brian M. Cogan, quien dict\u00f3 cadena perpetua a Joaqu\u00edn \u201cEl Chapo\u201d Guzm\u00e1n, llevar\u00e1 el caso del exsecretario de Seguridad En Sonora en Equipo publicamos toda la informaci\u00f3n de Sonora, M\u00e9xico y el Mundo de manera oportuna y busca que la libertad de expresi\u00f3n sea real. Visita nuestro medio informativo publicado desde Hermosillo, Sonora. %\",\"breadcrumb\":{\"@id\":\"https:\/\/www.sonoraenequipo.com.mx\/el-mismo-juez-que-sentencio-a-el-chapo-llevara-caso-de-genaro-garcia-luna\/#breadcrumb\"},\"inLanguage\":\"es\",\"potentialAction\":[{\"@type\":\"ReadAction\",\"target\":[\"https:\/\/www.sonoraenequipo.com.mx\/el-mismo-juez-que-sentencio-a-el-chapo-llevara-caso-de-genaro-garcia-luna\/\"]}]},{\"@type\":\"ImageObject\",\"inLanguage\":\"es\",\"@id\":\"https:\/\/www.sonoraenequipo.com.mx\/el-mismo-juez-que-sentencio-a-el-chapo-llevara-caso-de-genaro-garcia-luna\/#primaryimage\",\"url\":\"https:\/\/www.sonoraenequipo.com.mx\/storage\/2019\/12\/chapogenrarogarcialuna_opt.jpg\",\"contentUrl\":\"https:\/\/www.sonoraenequipo.com.mx\/storage\/2019\/12\/chapogenrarogarcialuna_opt.jpg\",\"width\":710,\"height\":400},{\"@type\":\"BreadcrumbList\",\"@id\":\"https:\/\/www.sonoraenequipo.com.mx\/el-mismo-juez-que-sentencio-a-el-chapo-llevara-caso-de-genaro-garcia-luna\/#breadcrumb\",\"itemListElement\":[{\"@type\":\"ListItem\",\"position\":1,\"name\":\"Portada\",\"item\":\"https:\/\/www.sonoraenequipo.com.mx\/\"},{\"@type\":\"ListItem\",\"position\":2,\"name\":\"El mismo Juez que sentenci\u00f3 a \u201cEl Chapo\u201d llevar\u00e1 caso de Genaro Garc\u00eda Luna\"}]},{\"@type\":\"WebSite\",\"@id\":\"https:\/\/www.sonoraenequipo.com.mx\/#website\",\"url\":\"https:\/\/www.sonoraenequipo.com.mx\/\",\"name\":\"Sonora en Equipo.\",\"description\":\"Diario en l\u00ednea con Noticias desde Hermosillo, Sonora\",\"publisher\":{\"@id\":\"https:\/\/www.sonoraenequipo.com.mx\/#organization\"},\"potentialAction\":[{\"@type\":\"SearchAction\",\"target\":{\"@type\":\"EntryPoint\",\"urlTemplate\":\"https:\/\/www.sonoraenequipo.com.mx\/?s={search_term_string}\"},\"query-input\":{\"@type\":\"PropertyValueSpecification\",\"valueRequired\":true,\"valueName\":\"search_term_string\"}}],\"inLanguage\":\"es\"},{\"@type\":\"Organization\",\"@id\":\"https:\/\/www.sonoraenequipo.com.mx\/#organization\",\"name\":\"Sonoraenequipo.com.mx\",\"url\":\"https:\/\/www.sonoraenequipo.com.mx\/\",\"logo\":{\"@type\":\"ImageObject\",\"inLanguage\":\"es\",\"@id\":\"https:\/\/www.sonoraenequipo.com.mx\/#\/schema\/logo\/image\/\",\"url\":\"https:\/\/www.sonoraenequipo.com.mx\/storage\/2019\/01\/sonoraenequipo_opt.png\",\"contentUrl\":\"https:\/\/www.sonoraenequipo.com.mx\/storage\/2019\/01\/sonoraenequipo_opt.png\",\"width\":375,\"height\":125,\"caption\":\"Sonoraenequipo.com.mx\"},\"image\":{\"@id\":\"https:\/\/www.sonoraenequipo.com.mx\/#\/schema\/logo\/image\/\"},\"sameAs\":[\"https:\/\/www.facebook.com\/SonoraEE\/\",\"https:\/\/x.com\/sonoraenequipo\",\"https:\/\/www.youtube.com\/channel\/UC338nW-lPEYmJQs4ZABQ1SQ\"]},{\"@type\":\"Person\",\"@id\":\"https:\/\/www.sonoraenequipo.com.mx\/#\/schema\/person\/50102df0fb23a8fa9e8effad8fa81386\",\"name\":\"enequipo\",\"image\":{\"@type\":\"ImageObject\",\"inLanguage\":\"es\",\"@id\":\"https:\/\/www.sonoraenequipo.com.mx\/#\/schema\/person\/image\/\",\"url\":\"https:\/\/secure.gravatar.com\/avatar\/049821681b589dabc0bc20695993ccebb09f5b5d4d790cd9251b97faac7c652b?s=96&d=blank&r=g\",\"contentUrl\":\"https:\/\/secure.gravatar.com\/avatar\/049821681b589dabc0bc20695993ccebb09f5b5d4d790cd9251b97faac7c652b?s=96&d=blank&r=g\",\"caption\":\"enequipo\"},\"sameAs\":[\"https:\/\/www.facebook.com\/SonoraEE\"]}]}<\/script>\n ","yoast_head_json":{"title":"Sonora en Equipo. El mismo Juez que sentenci\u00f3 a \u201cEl Chapo\u201d llevar\u00e1 caso de Genaro Garc\u00eda Luna MUNDO","description":"NUEVA YORK, ESTADOS UNIDOS. \u2014 Brian M. Cogan, quien dict\u00f3 cadena perpetua a Joaqu\u00edn \u201cEl Chapo\u201d Guzm\u00e1n, llevar\u00e1 el caso del exsecretario de Seguridad En Sonora en Equipo publicamos toda la informaci\u00f3n de Sonora, M\u00e9xico y el Mundo de manera oportuna y busca que la libertad de expresi\u00f3n sea real. Visita nuestro medio informativo publicado desde Hermosillo, Sonora. %","robots":{"index":"index","follow":"follow","max-snippet":"max-snippet:-1","max-image-preview":"max-image-preview:large","max-video-preview":"max-video-preview:-1"},"canonical":"https:\/\/www.sonoraenequipo.com.mx\/el-mismo-juez-que-sentencio-a-el-chapo-llevara-caso-de-genaro-garcia-luna\/","og_locale":"es_ES","og_type":"article","og_title":"Sonora en Equipo. El mismo Juez que sentenci\u00f3 a \u201cEl Chapo\u201d llevar\u00e1 caso de Genaro Garc\u00eda Luna MUNDO","og_description":"NUEVA YORK, ESTADOS UNIDOS. \u2014 Brian M. Cogan, quien dict\u00f3 cadena perpetua a Joaqu\u00edn \u201cEl Chapo\u201d Guzm\u00e1n, llevar\u00e1 el caso del exsecretario de Seguridad En Sonora en Equipo publicamos toda la informaci\u00f3n de Sonora, M\u00e9xico y el Mundo de manera oportuna y busca que la libertad de expresi\u00f3n sea real. Visita nuestro medio informativo publicado desde Hermosillo, Sonora. %","og_url":"https:\/\/www.sonoraenequipo.com.mx\/el-mismo-juez-que-sentencio-a-el-chapo-llevara-caso-de-genaro-garcia-luna\/","og_site_name":"Sonora en Equipo.","article_publisher":"https:\/\/www.facebook.com\/SonoraEE\/","article_author":"https:\/\/www.facebook.com\/SonoraEE","article_published_time":"2019-12-13T19:14:55+00:00","article_modified_time":"2019-12-13T21:13:19+00:00","og_image":[{"width":710,"height":400,"url":"https:\/\/www.sonoraenequipo.com.mx\/storage\/2019\/12\/chapogenrarogarcialuna_opt.jpg","type":"image\/jpeg"}],"author":"enequipo","twitter_card":"summary_large_image","twitter_creator":"@sonoraenequipo","twitter_site":"@sonoraenequipo","twitter_misc":{"Escrito por":"enequipo","Tiempo de lectura":"1 minuto"},"schema":{"@context":"https:\/\/schema.org","@graph":[{"@type":"Article","@id":"https:\/\/www.sonoraenequipo.com.mx\/el-mismo-juez-que-sentencio-a-el-chapo-llevara-caso-de-genaro-garcia-luna\/#article","isPartOf":{"@id":"https:\/\/www.sonoraenequipo.com.mx\/el-mismo-juez-que-sentencio-a-el-chapo-llevara-caso-de-genaro-garcia-luna\/"},"author":{"name":"enequipo","@id":"https:\/\/www.sonoraenequipo.com.mx\/#\/schema\/person\/50102df0fb23a8fa9e8effad8fa81386"},"headline":"El mismo Juez que sentenci\u00f3 a \u201cEl Chapo\u201d llevar\u00e1 caso de Genaro Garc\u00eda Luna","datePublished":"2019-12-13T19:14:55+00:00","dateModified":"2019-12-13T21:13:19+00:00","mainEntityOfPage":{"@id":"https:\/\/www.sonoraenequipo.com.mx\/el-mismo-juez-que-sentencio-a-el-chapo-llevara-caso-de-genaro-garcia-luna\/"},"wordCount":273,"commentCount":0,"publisher":{"@id":"https:\/\/www.sonoraenequipo.com.mx\/#organization"},"image":{"@id":"https:\/\/www.sonoraenequipo.com.mx\/el-mismo-juez-que-sentencio-a-el-chapo-llevara-caso-de-genaro-garcia-luna\/#primaryimage"},"thumbnailUrl":"https:\/\/www.sonoraenequipo.com.mx\/storage\/2019\/12\/chapogenrarogarcialuna_opt.jpg","articleSection":["MUNDO"],"inLanguage":"es","potentialAction":[{"@type":"CommentAction","name":"Comment","target":["https:\/\/www.sonoraenequipo.com.mx\/el-mismo-juez-que-sentencio-a-el-chapo-llevara-caso-de-genaro-garcia-luna\/#respond"]}]},{"@type":"WebPage","@id":"https:\/\/www.sonoraenequipo.com.mx\/el-mismo-juez-que-sentencio-a-el-chapo-llevara-caso-de-genaro-garcia-luna\/","url":"https:\/\/www.sonoraenequipo.com.mx\/el-mismo-juez-que-sentencio-a-el-chapo-llevara-caso-de-genaro-garcia-luna\/","name":"Sonora en Equipo. El mismo Juez que sentenci\u00f3 a \u201cEl Chapo\u201d llevar\u00e1 caso de Genaro Garc\u00eda Luna MUNDO","isPartOf":{"@id":"https:\/\/www.sonoraenequipo.com.mx\/#website"},"primaryImageOfPage":{"@id":"https:\/\/www.sonoraenequipo.com.mx\/el-mismo-juez-que-sentencio-a-el-chapo-llevara-caso-de-genaro-garcia-luna\/#primaryimage"},"image":{"@id":"https:\/\/www.sonoraenequipo.com.mx\/el-mismo-juez-que-sentencio-a-el-chapo-llevara-caso-de-genaro-garcia-luna\/#primaryimage"},"thumbnailUrl":"https:\/\/www.sonoraenequipo.com.mx\/storage\/2019\/12\/chapogenrarogarcialuna_opt.jpg","datePublished":"2019-12-13T19:14:55+00:00","dateModified":"2019-12-13T21:13:19+00:00","description":"NUEVA YORK, ESTADOS UNIDOS. \u2014 Brian M. Cogan, quien dict\u00f3 cadena perpetua a Joaqu\u00edn \u201cEl Chapo\u201d Guzm\u00e1n, llevar\u00e1 el caso del exsecretario de Seguridad En Sonora en Equipo publicamos toda la informaci\u00f3n de Sonora, M\u00e9xico y el Mundo de manera oportuna y busca que la libertad de expresi\u00f3n sea real. Visita nuestro medio informativo publicado desde Hermosillo, Sonora. %","breadcrumb":{"@id":"https:\/\/www.sonoraenequipo.com.mx\/el-mismo-juez-que-sentencio-a-el-chapo-llevara-caso-de-genaro-garcia-luna\/#breadcrumb"},"inLanguage":"es","potentialAction":[{"@type":"ReadAction","target":["https:\/\/www.sonoraenequipo.com.mx\/el-mismo-juez-que-sentencio-a-el-chapo-llevara-caso-de-genaro-garcia-luna\/"]}]},{"@type":"ImageObject","inLanguage":"es","@id":"https:\/\/www.sonoraenequipo.com.mx\/el-mismo-juez-que-sentencio-a-el-chapo-llevara-caso-de-genaro-garcia-luna\/#primaryimage","url":"https:\/\/www.sonoraenequipo.com.mx\/storage\/2019\/12\/chapogenrarogarcialuna_opt.jpg","contentUrl":"https:\/\/www.sonoraenequipo.com.mx\/storage\/2019\/12\/chapogenrarogarcialuna_opt.jpg","width":710,"height":400},{"@type":"BreadcrumbList","@id":"https:\/\/www.sonoraenequipo.com.mx\/el-mismo-juez-que-sentencio-a-el-chapo-llevara-caso-de-genaro-garcia-luna\/#breadcrumb","itemListElement":[{"@type":"ListItem","position":1,"name":"Portada","item":"https:\/\/www.sonoraenequipo.com.mx\/"},{"@type":"ListItem","position":2,"name":"El mismo Juez que sentenci\u00f3 a \u201cEl Chapo\u201d llevar\u00e1 caso de Genaro Garc\u00eda Luna"}]},{"@type":"WebSite","@id":"https:\/\/www.sonoraenequipo.com.mx\/#website","url":"https:\/\/www.sonoraenequipo.com.mx\/","name":"Sonora en Equipo.","description":"Diario en l\u00ednea con Noticias desde Hermosillo, Sonora","publisher":{"@id":"https:\/\/www.sonoraenequipo.com.mx\/#organization"},"potentialAction":[{"@type":"SearchAction","target":{"@type":"EntryPoint","urlTemplate":"https:\/\/www.sonoraenequipo.com.mx\/?s={search_term_string}"},"query-input":{"@type":"PropertyValueSpecification","valueRequired":true,"valueName":"search_term_string"}}],"inLanguage":"es"},{"@type":"Organization","@id":"https:\/\/www.sonoraenequipo.com.mx\/#organization","name":"Sonoraenequipo.com.mx","url":"https:\/\/www.sonoraenequipo.com.mx\/","logo":{"@type":"ImageObject","inLanguage":"es","@id":"https:\/\/www.sonoraenequipo.com.mx\/#\/schema\/logo\/image\/","url":"https:\/\/www.sonoraenequipo.com.mx\/storage\/2019\/01\/sonoraenequipo_opt.png","contentUrl":"https:\/\/www.sonoraenequipo.com.mx\/storage\/2019\/01\/sonoraenequipo_opt.png","width":375,"height":125,"caption":"Sonoraenequipo.com.mx"},"image":{"@id":"https:\/\/www.sonoraenequipo.com.mx\/#\/schema\/logo\/image\/"},"sameAs":["https:\/\/www.facebook.com\/SonoraEE\/","https:\/\/x.com\/sonoraenequipo","https:\/\/www.youtube.com\/channel\/UC338nW-lPEYmJQs4ZABQ1SQ"]},{"@type":"Person","@id":"https:\/\/www.sonoraenequipo.com.mx\/#\/schema\/person\/50102df0fb23a8fa9e8effad8fa81386","name":"enequipo","image":{"@type":"ImageObject","inLanguage":"es","@id":"https:\/\/www.sonoraenequipo.com.mx\/#\/schema\/person\/image\/","url":"https:\/\/secure.gravatar.com\/avatar\/049821681b589dabc0bc20695993ccebb09f5b5d4d790cd9251b97faac7c652b?s=96&d=blank&r=g","contentUrl":"https:\/\/secure.gravatar.com\/avatar\/049821681b589dabc0bc20695993ccebb09f5b5d4d790cd9251b97faac7c652b?s=96&d=blank&r=g","caption":"enequipo"},"sameAs":["https:\/\/www.facebook.com\/SonoraEE"]}]}},"jetpack_featured_media_url":"https:\/\/www.sonoraenequipo.com.mx\/storage\/2019\/12\/chapogenrarogarcialuna_opt.jpg","_links":{"self":[{"href":"https:\/\/www.sonoraenequipo.com.mx\/api\/wp\/v2\/posts\/73997","targetHints":{"allow":["GET"]}}],"collection":[{"href":"https:\/\/www.sonoraenequipo.com.mx\/api\/wp\/v2\/posts"}],"about":[{"href":"https:\/\/www.sonoraenequipo.com.mx\/api\/wp\/v2\/types\/post"}],"author":[{"embeddable":true,"href":"https:\/\/www.sonoraenequipo.com.mx\/api\/wp\/v2\/users\/1"}],"replies":[{"embeddable":true,"href":"https:\/\/www.sonoraenequipo.com.mx\/api\/wp\/v2\/comments?post=73997"}],"version-history":[{"count":0,"href":"https:\/\/www.sonoraenequipo.com.mx\/api\/wp\/v2\/posts\/73997\/revisions"}],"wp:featuredmedia":[{"embeddable":true,"href":"https:\/\/www.sonoraenequipo.com.mx\/api\/wp\/v2\/media\/73991"}],"wp:attachment":[{"href":"https:\/\/www.sonoraenequipo.com.mx\/api\/wp\/v2\/media?parent=73997"}],"wp:term":[{"taxonomy":"category","embeddable":true,"href":"https:\/\/www.sonoraenequipo.com.mx\/api\/wp\/v2\/categories?post=73997"},{"taxonomy":"post_tag","embeddable":true,"href":"https:\/\/www.sonoraenequipo.com.mx\/api\/wp\/v2\/tags?post=73997"}],"curies":[{"name":"wp","href":"https:\/\/api.w.org\/{rel}","templated":true}]}}