{"id":76543,"date":"2020-01-27T13:45:00","date_gmt":"2020-01-27T20:45:00","guid":{"rendered":"https:\/\/www.sonoraenequipo.com.mx\/?p=76543"},"modified":"2020-01-27T13:10:39","modified_gmt":"2020-01-27T20:10:39","slug":"continuara-ambiente-frio-y-lluvias-en-gran-parte-del-pais","status":"publish","type":"post","link":"https:\/\/www.sonoraenequipo.com.mx\/continuara-ambiente-frio-y-lluvias-en-gran-parte-del-pais\/","title":{"rendered":"Continuar\u00e1 ambiente fr\u00edo y lluvias en gran parte del pa\u00eds"},"content":{"rendered":"<p>CIUDAD DE M\u00c9XICO. MX. \u2014 El Servicio Meteorol\u00f3gico Nacional (SMN) inform\u00f3 que el frente fr\u00edo n\u00famero 34 se extender\u00e1 desde la regi\u00f3n noreste del Golfo de M\u00e9xico hasta Veracruz, lo que reforzar\u00e1 el potencial de lluvias en el oriente y sureste del pa\u00eds; mientras que la masa de aire fr\u00edo asociada mantendr\u00e1 ambiente fr\u00edo durante la ma\u00f1ana y noche con heladas matutinas en zonas altas de los estados de la Mesa del Norte y la Mesa Central<\/p>\n<p>&nbsp;<\/p>\n<p>&nbsp;<\/p>\n<p> <\/p>\n<p>&nbsp;<\/p>\n<p>&nbsp;<\/p>\n<p>Asimismo, el nuevo frente fr\u00edo n\u00famero 35 ingres\u00f3 sobre el noroeste del pa\u00eds y se desplazar\u00e1 sobre el norte del territorio, ocasionando vientos con rachas superiores a 50 kil\u00f3metros por hora, incrementando el potencial de lluvias.<\/p>\n<p>&nbsp;<\/p>\n<p>&nbsp;<\/p>\n<p>&nbsp;<\/p>\n<p>La Comisi\u00f3n Nacional del Agua (Conagua) prev\u00e9 que este lunes se registren intervalos de chubascos en Coahuila, Puebla, Veracruz, Tabasco, Oaxaca y Chiapas.<\/p>\n<p>&nbsp;<\/p>\n<p>&nbsp;<\/p>\n<p>Y lluvias aisladas en Tamaulipas, Chihuahua, Nuevo Le\u00f3n, San Luis Potos\u00ed, Quer\u00e9taro, Hidalgo, Guerrero, Campeche, Yucat\u00e1n y Quintana Roo.<\/p>\n<p>&nbsp;<\/p>\n<p>&nbsp;<\/p>\n<p>En las sierras de Chihuahua y Durango se registrar\u00e1n temperaturas m\u00ednimas de -10 a -5\u00b0C as\u00ed como heladas.<\/p>\n<p>&nbsp;<\/p>\n<p>&nbsp;<\/p>\n<p>As\u00ed como temperaturas m\u00ednimas de -5\u00b0C a 0\u00b0C y heladas en las sierras de Baja California, Sonora y Zacatecas. Y temperaturas m\u00ednimas de 0\u00b0C a 5\u00b0C en las sierras de Aguascalientes, Tamaulipas, Jalisco, Michoac\u00e1n, Quer\u00e9taro, San Luis Potos\u00ed, Hidalgo, Veracruz y Oaxaca.<\/p>\n<p>&nbsp;<\/p>\n<p>&nbsp;<\/p>\n<p>Te podr\u00eda interesar: Frente fr\u00edo 34 provocar\u00e1 lluvias y bajas temperaturas en M\u00e9xico<\/p>\n<p>&nbsp;<\/p>\n<p>&nbsp;<\/p>\n<p>Se espera viento con rachas de 60 kil\u00f3metros por hora y posible formaci\u00f3n de tolvaneras en zonas de Chihuahua, Coahuila, Nuevo Le\u00f3n y Tamaulipas.<\/p>\n<p>&nbsp;<\/p>\n<p>&nbsp;<\/p>\n<p>Mientras que en Baja California, Sonora, Durango, Zacatecas y el Mar de Cort\u00e9s se prev\u00e9 viento con rachas de 50 kil\u00f3metros por hora.<\/p>\n<p>&nbsp;<\/p>\n<p><a class=\"twitter-timeline\" data-width=\"640\" data-height=\"960\" data-dnt=\"true\" href=\"https:\/\/twitter.com\/conagua_clima?ref_src=twsrc%5Etfw\">Tweets by conagua_clima<\/a><script async src=\"https:\/\/platform.twitter.com\/widgets.js\" charset=\"utf-8\"><\/script><\/p>\n<p>&nbsp;<\/p>\n<p>&nbsp;<\/p>\n<p>PUBLICADO EL 27\/01\/2020)<\/p>\n","protected":false},"excerpt":{"rendered":"<p>CIUDAD DE M\u00c9XICO. MX. \u2014 El Servicio Meteorol\u00f3gico Nacional (SMN) inform\u00f3 que el frente fr\u00edo&#8230;<\/p>\n","protected":false},"author":1,"featured_media":76534,"comment_status":"open","ping_status":"open","sticky":false,"template":"","format":"standard","meta":{"_monsterinsights_skip_tracking":false,"_monsterinsights_sitenote_active":false,"_monsterinsights_sitenote_note":"","_monsterinsights_sitenote_category":0,"footnotes":""},"categories":[5],"tags":[],"class_list":["post"],"yoast_head":" \n<title>Sonora en Equipo. Continuar\u00e1 ambiente fr\u00edo y lluvias en gran parte del pa\u00eds Rep\u00fablica<\/title>\n<meta name=\"description\" content=\"CIUDAD DE M\u00c9XICO. MX. \u2014 El Servicio Meteorol\u00f3gico Nacional (SMN) inform\u00f3 que el frente fr\u00edo n\u00famero 34 se extender\u00e1 desde la regi\u00f3n noreste del Golfo de En Sonora en Equipo publicamos toda la informaci\u00f3n de Sonora, M\u00e9xico y el Mundo de manera oportuna y busca que la libertad de expresi\u00f3n sea real. Visita nuestro medio informativo publicado desde Hermosillo, Sonora. %\" \/>\n<meta name=\"robots\" content=\"index, follow, max-snippet:-1, max-image-preview:large, max-video-preview:-1\" \/>\n<link rel=\"canonical\" href=\"https:\/\/www.sonoraenequipo.com.mx\/continuara-ambiente-frio-y-lluvias-en-gran-parte-del-pais\/\" \/>\n<meta property=\"og:locale\" content=\"es_ES\" \/>\n<meta property=\"og:type\" content=\"article\" \/>\n<meta property=\"og:title\" content=\"Sonora en Equipo. Continuar\u00e1 ambiente fr\u00edo y lluvias en gran parte del pa\u00eds Rep\u00fablica\" \/>\n<meta property=\"og:description\" content=\"CIUDAD DE M\u00c9XICO. MX. \u2014 El Servicio Meteorol\u00f3gico Nacional (SMN) inform\u00f3 que el frente fr\u00edo n\u00famero 34 se extender\u00e1 desde la regi\u00f3n noreste del Golfo de En Sonora en Equipo publicamos toda la informaci\u00f3n de Sonora, M\u00e9xico y el Mundo de manera oportuna y busca que la libertad de expresi\u00f3n sea real. Visita nuestro medio informativo publicado desde Hermosillo, Sonora. %\" \/>\n<meta property=\"og:url\" content=\"https:\/\/www.sonoraenequipo.com.mx\/continuara-ambiente-frio-y-lluvias-en-gran-parte-del-pais\/\" \/>\n<meta property=\"og:site_name\" content=\"Sonora en Equipo.\" \/>\n<meta property=\"article:publisher\" content=\"https:\/\/www.facebook.com\/SonoraEE\/\" \/>\n<meta property=\"article:author\" content=\"https:\/\/www.facebook.com\/SonoraEE\" \/>\n<meta property=\"article:published_time\" content=\"2020-01-27T20:45:00+00:00\" \/>\n<meta property=\"og:image\" content=\"https:\/\/www.sonoraenequipo.com.mx\/storage\/2020\/01\/frio-en-mexico-4_opt.jpg\" \/>\n\t<meta property=\"og:image:width\" content=\"611\" \/>\n\t<meta property=\"og:image:height\" content=\"400\" \/>\n\t<meta property=\"og:image:type\" content=\"image\/jpeg\" \/>\n<meta name=\"author\" content=\"enequipo\" \/>\n<meta name=\"twitter:card\" content=\"summary_large_image\" \/>\n<meta name=\"twitter:creator\" content=\"@sonoraenequipo\" \/>\n<meta name=\"twitter:site\" content=\"@sonoraenequipo\" \/>\n<meta name=\"twitter:label1\" content=\"Escrito por\" \/>\n\t<meta name=\"twitter:data1\" content=\"enequipo\" \/>\n\t<meta name=\"twitter:label2\" content=\"Tiempo de lectura\" \/>\n\t<meta name=\"twitter:data2\" content=\"2 minutos\" \/>\n<script type=\"application\/ld+json\" class=\"yoast-schema-graph\">{\"@context\":\"https:\/\/schema.org\",\"@graph\":[{\"@type\":\"Article\",\"@id\":\"https:\/\/www.sonoraenequipo.com.mx\/continuara-ambiente-frio-y-lluvias-en-gran-parte-del-pais\/#article\",\"isPartOf\":{\"@id\":\"https:\/\/www.sonoraenequipo.com.mx\/continuara-ambiente-frio-y-lluvias-en-gran-parte-del-pais\/\"},\"author\":{\"name\":\"enequipo\",\"@id\":\"https:\/\/www.sonoraenequipo.com.mx\/#\/schema\/person\/50102df0fb23a8fa9e8effad8fa81386\"},\"headline\":\"Continuar\u00e1 ambiente fr\u00edo y lluvias en gran parte del pa\u00eds\",\"datePublished\":\"2020-01-27T20:45:00+00:00\",\"mainEntityOfPage\":{\"@id\":\"https:\/\/www.sonoraenequipo.com.mx\/continuara-ambiente-frio-y-lluvias-en-gran-parte-del-pais\/\"},\"wordCount\":343,\"commentCount\":0,\"publisher\":{\"@id\":\"https:\/\/www.sonoraenequipo.com.mx\/#organization\"},\"image\":{\"@id\":\"https:\/\/www.sonoraenequipo.com.mx\/continuara-ambiente-frio-y-lluvias-en-gran-parte-del-pais\/#primaryimage\"},\"thumbnailUrl\":\"https:\/\/www.sonoraenequipo.com.mx\/storage\/2020\/01\/frio-en-mexico-4_opt.jpg\",\"articleSection\":[\"Rep\u00fablica\"],\"inLanguage\":\"es\",\"potentialAction\":[{\"@type\":\"CommentAction\",\"name\":\"Comment\",\"target\":[\"https:\/\/www.sonoraenequipo.com.mx\/continuara-ambiente-frio-y-lluvias-en-gran-parte-del-pais\/#respond\"]}]},{\"@type\":\"WebPage\",\"@id\":\"https:\/\/www.sonoraenequipo.com.mx\/continuara-ambiente-frio-y-lluvias-en-gran-parte-del-pais\/\",\"url\":\"https:\/\/www.sonoraenequipo.com.mx\/continuara-ambiente-frio-y-lluvias-en-gran-parte-del-pais\/\",\"name\":\"Sonora en Equipo. Continuar\u00e1 ambiente fr\u00edo y lluvias en gran parte del pa\u00eds Rep\u00fablica\",\"isPartOf\":{\"@id\":\"https:\/\/www.sonoraenequipo.com.mx\/#website\"},\"primaryImageOfPage\":{\"@id\":\"https:\/\/www.sonoraenequipo.com.mx\/continuara-ambiente-frio-y-lluvias-en-gran-parte-del-pais\/#primaryimage\"},\"image\":{\"@id\":\"https:\/\/www.sonoraenequipo.com.mx\/continuara-ambiente-frio-y-lluvias-en-gran-parte-del-pais\/#primaryimage\"},\"thumbnailUrl\":\"https:\/\/www.sonoraenequipo.com.mx\/storage\/2020\/01\/frio-en-mexico-4_opt.jpg\",\"datePublished\":\"2020-01-27T20:45:00+00:00\",\"description\":\"CIUDAD DE M\u00c9XICO. MX. \u2014 El Servicio Meteorol\u00f3gico Nacional (SMN) inform\u00f3 que el frente fr\u00edo n\u00famero 34 se extender\u00e1 desde la regi\u00f3n noreste del Golfo de En Sonora en Equipo publicamos toda la informaci\u00f3n de Sonora, M\u00e9xico y el Mundo de manera oportuna y busca que la libertad de expresi\u00f3n sea real. Visita nuestro medio informativo publicado desde Hermosillo, Sonora. %\",\"breadcrumb\":{\"@id\":\"https:\/\/www.sonoraenequipo.com.mx\/continuara-ambiente-frio-y-lluvias-en-gran-parte-del-pais\/#breadcrumb\"},\"inLanguage\":\"es\",\"potentialAction\":[{\"@type\":\"ReadAction\",\"target\":[\"https:\/\/www.sonoraenequipo.com.mx\/continuara-ambiente-frio-y-lluvias-en-gran-parte-del-pais\/\"]}]},{\"@type\":\"ImageObject\",\"inLanguage\":\"es\",\"@id\":\"https:\/\/www.sonoraenequipo.com.mx\/continuara-ambiente-frio-y-lluvias-en-gran-parte-del-pais\/#primaryimage\",\"url\":\"https:\/\/www.sonoraenequipo.com.mx\/storage\/2020\/01\/frio-en-mexico-4_opt.jpg\",\"contentUrl\":\"https:\/\/www.sonoraenequipo.com.mx\/storage\/2020\/01\/frio-en-mexico-4_opt.jpg\",\"width\":611,\"height\":400},{\"@type\":\"BreadcrumbList\",\"@id\":\"https:\/\/www.sonoraenequipo.com.mx\/continuara-ambiente-frio-y-lluvias-en-gran-parte-del-pais\/#breadcrumb\",\"itemListElement\":[{\"@type\":\"ListItem\",\"position\":1,\"name\":\"Portada\",\"item\":\"https:\/\/www.sonoraenequipo.com.mx\/\"},{\"@type\":\"ListItem\",\"position\":2,\"name\":\"Continuar\u00e1 ambiente fr\u00edo y lluvias en gran parte del pa\u00eds\"}]},{\"@type\":\"WebSite\",\"@id\":\"https:\/\/www.sonoraenequipo.com.mx\/#website\",\"url\":\"https:\/\/www.sonoraenequipo.com.mx\/\",\"name\":\"Sonora en Equipo.\",\"description\":\"Diario en l\u00ednea con Noticias desde Hermosillo, Sonora\",\"publisher\":{\"@id\":\"https:\/\/www.sonoraenequipo.com.mx\/#organization\"},\"potentialAction\":[{\"@type\":\"SearchAction\",\"target\":{\"@type\":\"EntryPoint\",\"urlTemplate\":\"https:\/\/www.sonoraenequipo.com.mx\/?s={search_term_string}\"},\"query-input\":{\"@type\":\"PropertyValueSpecification\",\"valueRequired\":true,\"valueName\":\"search_term_string\"}}],\"inLanguage\":\"es\"},{\"@type\":\"Organization\",\"@id\":\"https:\/\/www.sonoraenequipo.com.mx\/#organization\",\"name\":\"Sonoraenequipo.com.mx\",\"url\":\"https:\/\/www.sonoraenequipo.com.mx\/\",\"logo\":{\"@type\":\"ImageObject\",\"inLanguage\":\"es\",\"@id\":\"https:\/\/www.sonoraenequipo.com.mx\/#\/schema\/logo\/image\/\",\"url\":\"https:\/\/www.sonoraenequipo.com.mx\/storage\/2019\/01\/sonoraenequipo_opt.png\",\"contentUrl\":\"https:\/\/www.sonoraenequipo.com.mx\/storage\/2019\/01\/sonoraenequipo_opt.png\",\"width\":375,\"height\":125,\"caption\":\"Sonoraenequipo.com.mx\"},\"image\":{\"@id\":\"https:\/\/www.sonoraenequipo.com.mx\/#\/schema\/logo\/image\/\"},\"sameAs\":[\"https:\/\/www.facebook.com\/SonoraEE\/\",\"https:\/\/x.com\/sonoraenequipo\",\"https:\/\/www.youtube.com\/channel\/UC338nW-lPEYmJQs4ZABQ1SQ\"]},{\"@type\":\"Person\",\"@id\":\"https:\/\/www.sonoraenequipo.com.mx\/#\/schema\/person\/50102df0fb23a8fa9e8effad8fa81386\",\"name\":\"enequipo\",\"image\":{\"@type\":\"ImageObject\",\"inLanguage\":\"es\",\"@id\":\"https:\/\/www.sonoraenequipo.com.mx\/#\/schema\/person\/image\/\",\"url\":\"https:\/\/secure.gravatar.com\/avatar\/049821681b589dabc0bc20695993ccebb09f5b5d4d790cd9251b97faac7c652b?s=96&d=blank&r=g\",\"contentUrl\":\"https:\/\/secure.gravatar.com\/avatar\/049821681b589dabc0bc20695993ccebb09f5b5d4d790cd9251b97faac7c652b?s=96&d=blank&r=g\",\"caption\":\"enequipo\"},\"sameAs\":[\"https:\/\/www.facebook.com\/SonoraEE\"]}]}<\/script>\n ","yoast_head_json":{"title":"Sonora en Equipo. Continuar\u00e1 ambiente fr\u00edo y lluvias en gran parte del pa\u00eds Rep\u00fablica","description":"CIUDAD DE M\u00c9XICO. MX. \u2014 El Servicio Meteorol\u00f3gico Nacional (SMN) inform\u00f3 que el frente fr\u00edo n\u00famero 34 se extender\u00e1 desde la regi\u00f3n noreste del Golfo de En Sonora en Equipo publicamos toda la informaci\u00f3n de Sonora, M\u00e9xico y el Mundo de manera oportuna y busca que la libertad de expresi\u00f3n sea real. Visita nuestro medio informativo publicado desde Hermosillo, Sonora. %","robots":{"index":"index","follow":"follow","max-snippet":"max-snippet:-1","max-image-preview":"max-image-preview:large","max-video-preview":"max-video-preview:-1"},"canonical":"https:\/\/www.sonoraenequipo.com.mx\/continuara-ambiente-frio-y-lluvias-en-gran-parte-del-pais\/","og_locale":"es_ES","og_type":"article","og_title":"Sonora en Equipo. Continuar\u00e1 ambiente fr\u00edo y lluvias en gran parte del pa\u00eds Rep\u00fablica","og_description":"CIUDAD DE M\u00c9XICO. MX. \u2014 El Servicio Meteorol\u00f3gico Nacional (SMN) inform\u00f3 que el frente fr\u00edo n\u00famero 34 se extender\u00e1 desde la regi\u00f3n noreste del Golfo de En Sonora en Equipo publicamos toda la informaci\u00f3n de Sonora, M\u00e9xico y el Mundo de manera oportuna y busca que la libertad de expresi\u00f3n sea real. Visita nuestro medio informativo publicado desde Hermosillo, Sonora. %","og_url":"https:\/\/www.sonoraenequipo.com.mx\/continuara-ambiente-frio-y-lluvias-en-gran-parte-del-pais\/","og_site_name":"Sonora en Equipo.","article_publisher":"https:\/\/www.facebook.com\/SonoraEE\/","article_author":"https:\/\/www.facebook.com\/SonoraEE","article_published_time":"2020-01-27T20:45:00+00:00","og_image":[{"width":611,"height":400,"url":"https:\/\/www.sonoraenequipo.com.mx\/storage\/2020\/01\/frio-en-mexico-4_opt.jpg","type":"image\/jpeg"}],"author":"enequipo","twitter_card":"summary_large_image","twitter_creator":"@sonoraenequipo","twitter_site":"@sonoraenequipo","twitter_misc":{"Escrito por":"enequipo","Tiempo de lectura":"2 minutos"},"schema":{"@context":"https:\/\/schema.org","@graph":[{"@type":"Article","@id":"https:\/\/www.sonoraenequipo.com.mx\/continuara-ambiente-frio-y-lluvias-en-gran-parte-del-pais\/#article","isPartOf":{"@id":"https:\/\/www.sonoraenequipo.com.mx\/continuara-ambiente-frio-y-lluvias-en-gran-parte-del-pais\/"},"author":{"name":"enequipo","@id":"https:\/\/www.sonoraenequipo.com.mx\/#\/schema\/person\/50102df0fb23a8fa9e8effad8fa81386"},"headline":"Continuar\u00e1 ambiente fr\u00edo y lluvias en gran parte del pa\u00eds","datePublished":"2020-01-27T20:45:00+00:00","mainEntityOfPage":{"@id":"https:\/\/www.sonoraenequipo.com.mx\/continuara-ambiente-frio-y-lluvias-en-gran-parte-del-pais\/"},"wordCount":343,"commentCount":0,"publisher":{"@id":"https:\/\/www.sonoraenequipo.com.mx\/#organization"},"image":{"@id":"https:\/\/www.sonoraenequipo.com.mx\/continuara-ambiente-frio-y-lluvias-en-gran-parte-del-pais\/#primaryimage"},"thumbnailUrl":"https:\/\/www.sonoraenequipo.com.mx\/storage\/2020\/01\/frio-en-mexico-4_opt.jpg","articleSection":["Rep\u00fablica"],"inLanguage":"es","potentialAction":[{"@type":"CommentAction","name":"Comment","target":["https:\/\/www.sonoraenequipo.com.mx\/continuara-ambiente-frio-y-lluvias-en-gran-parte-del-pais\/#respond"]}]},{"@type":"WebPage","@id":"https:\/\/www.sonoraenequipo.com.mx\/continuara-ambiente-frio-y-lluvias-en-gran-parte-del-pais\/","url":"https:\/\/www.sonoraenequipo.com.mx\/continuara-ambiente-frio-y-lluvias-en-gran-parte-del-pais\/","name":"Sonora en Equipo. Continuar\u00e1 ambiente fr\u00edo y lluvias en gran parte del pa\u00eds Rep\u00fablica","isPartOf":{"@id":"https:\/\/www.sonoraenequipo.com.mx\/#website"},"primaryImageOfPage":{"@id":"https:\/\/www.sonoraenequipo.com.mx\/continuara-ambiente-frio-y-lluvias-en-gran-parte-del-pais\/#primaryimage"},"image":{"@id":"https:\/\/www.sonoraenequipo.com.mx\/continuara-ambiente-frio-y-lluvias-en-gran-parte-del-pais\/#primaryimage"},"thumbnailUrl":"https:\/\/www.sonoraenequipo.com.mx\/storage\/2020\/01\/frio-en-mexico-4_opt.jpg","datePublished":"2020-01-27T20:45:00+00:00","description":"CIUDAD DE M\u00c9XICO. MX. \u2014 El Servicio Meteorol\u00f3gico Nacional (SMN) inform\u00f3 que el frente fr\u00edo n\u00famero 34 se extender\u00e1 desde la regi\u00f3n noreste del Golfo de En Sonora en Equipo publicamos toda la informaci\u00f3n de Sonora, M\u00e9xico y el Mundo de manera oportuna y busca que la libertad de expresi\u00f3n sea real. Visita nuestro medio informativo publicado desde Hermosillo, Sonora. %","breadcrumb":{"@id":"https:\/\/www.sonoraenequipo.com.mx\/continuara-ambiente-frio-y-lluvias-en-gran-parte-del-pais\/#breadcrumb"},"inLanguage":"es","potentialAction":[{"@type":"ReadAction","target":["https:\/\/www.sonoraenequipo.com.mx\/continuara-ambiente-frio-y-lluvias-en-gran-parte-del-pais\/"]}]},{"@type":"ImageObject","inLanguage":"es","@id":"https:\/\/www.sonoraenequipo.com.mx\/continuara-ambiente-frio-y-lluvias-en-gran-parte-del-pais\/#primaryimage","url":"https:\/\/www.sonoraenequipo.com.mx\/storage\/2020\/01\/frio-en-mexico-4_opt.jpg","contentUrl":"https:\/\/www.sonoraenequipo.com.mx\/storage\/2020\/01\/frio-en-mexico-4_opt.jpg","width":611,"height":400},{"@type":"BreadcrumbList","@id":"https:\/\/www.sonoraenequipo.com.mx\/continuara-ambiente-frio-y-lluvias-en-gran-parte-del-pais\/#breadcrumb","itemListElement":[{"@type":"ListItem","position":1,"name":"Portada","item":"https:\/\/www.sonoraenequipo.com.mx\/"},{"@type":"ListItem","position":2,"name":"Continuar\u00e1 ambiente fr\u00edo y lluvias en gran parte del pa\u00eds"}]},{"@type":"WebSite","@id":"https:\/\/www.sonoraenequipo.com.mx\/#website","url":"https:\/\/www.sonoraenequipo.com.mx\/","name":"Sonora en Equipo.","description":"Diario en l\u00ednea con Noticias desde Hermosillo, Sonora","publisher":{"@id":"https:\/\/www.sonoraenequipo.com.mx\/#organization"},"potentialAction":[{"@type":"SearchAction","target":{"@type":"EntryPoint","urlTemplate":"https:\/\/www.sonoraenequipo.com.mx\/?s={search_term_string}"},"query-input":{"@type":"PropertyValueSpecification","valueRequired":true,"valueName":"search_term_string"}}],"inLanguage":"es"},{"@type":"Organization","@id":"https:\/\/www.sonoraenequipo.com.mx\/#organization","name":"Sonoraenequipo.com.mx","url":"https:\/\/www.sonoraenequipo.com.mx\/","logo":{"@type":"ImageObject","inLanguage":"es","@id":"https:\/\/www.sonoraenequipo.com.mx\/#\/schema\/logo\/image\/","url":"https:\/\/www.sonoraenequipo.com.mx\/storage\/2019\/01\/sonoraenequipo_opt.png","contentUrl":"https:\/\/www.sonoraenequipo.com.mx\/storage\/2019\/01\/sonoraenequipo_opt.png","width":375,"height":125,"caption":"Sonoraenequipo.com.mx"},"image":{"@id":"https:\/\/www.sonoraenequipo.com.mx\/#\/schema\/logo\/image\/"},"sameAs":["https:\/\/www.facebook.com\/SonoraEE\/","https:\/\/x.com\/sonoraenequipo","https:\/\/www.youtube.com\/channel\/UC338nW-lPEYmJQs4ZABQ1SQ"]},{"@type":"Person","@id":"https:\/\/www.sonoraenequipo.com.mx\/#\/schema\/person\/50102df0fb23a8fa9e8effad8fa81386","name":"enequipo","image":{"@type":"ImageObject","inLanguage":"es","@id":"https:\/\/www.sonoraenequipo.com.mx\/#\/schema\/person\/image\/","url":"https:\/\/secure.gravatar.com\/avatar\/049821681b589dabc0bc20695993ccebb09f5b5d4d790cd9251b97faac7c652b?s=96&d=blank&r=g","contentUrl":"https:\/\/secure.gravatar.com\/avatar\/049821681b589dabc0bc20695993ccebb09f5b5d4d790cd9251b97faac7c652b?s=96&d=blank&r=g","caption":"enequipo"},"sameAs":["https:\/\/www.facebook.com\/SonoraEE"]}]}},"jetpack_featured_media_url":"https:\/\/www.sonoraenequipo.com.mx\/storage\/2020\/01\/frio-en-mexico-4_opt.jpg","_links":{"self":[{"href":"https:\/\/www.sonoraenequipo.com.mx\/api\/wp\/v2\/posts\/76543","targetHints":{"allow":["GET"]}}],"collection":[{"href":"https:\/\/www.sonoraenequipo.com.mx\/api\/wp\/v2\/posts"}],"about":[{"href":"https:\/\/www.sonoraenequipo.com.mx\/api\/wp\/v2\/types\/post"}],"author":[{"embeddable":true,"href":"https:\/\/www.sonoraenequipo.com.mx\/api\/wp\/v2\/users\/1"}],"replies":[{"embeddable":true,"href":"https:\/\/www.sonoraenequipo.com.mx\/api\/wp\/v2\/comments?post=76543"}],"version-history":[{"count":0,"href":"https:\/\/www.sonoraenequipo.com.mx\/api\/wp\/v2\/posts\/76543\/revisions"}],"wp:featuredmedia":[{"embeddable":true,"href":"https:\/\/www.sonoraenequipo.com.mx\/api\/wp\/v2\/media\/76534"}],"wp:attachment":[{"href":"https:\/\/www.sonoraenequipo.com.mx\/api\/wp\/v2\/media?parent=76543"}],"wp:term":[{"taxonomy":"category","embeddable":true,"href":"https:\/\/www.sonoraenequipo.com.mx\/api\/wp\/v2\/categories?post=76543"},{"taxonomy":"post_tag","embeddable":true,"href":"https:\/\/www.sonoraenequipo.com.mx\/api\/wp\/v2\/tags?post=76543"}],"curies":[{"name":"wp","href":"https:\/\/api.w.org\/{rel}","templated":true}]}}