{"id":76579,"date":"2020-01-27T17:56:24","date_gmt":"2020-01-28T00:56:24","guid":{"rendered":"https:\/\/www.sonoraenequipo.com.mx\/?p=76579"},"modified":"2020-01-27T17:56:24","modified_gmt":"2020-01-28T00:56:24","slug":"llegan-apoyos-de-dif-sonora-a-caborca-y-benjamin-hill","status":"publish","type":"post","link":"https:\/\/www.sonoraenequipo.com.mx\/llegan-apoyos-de-dif-sonora-a-caborca-y-benjamin-hill\/","title":{"rendered":"Llegan apoyos de DIF Sonora a Caborca y Benjam\u00edn Hill"},"content":{"rendered":"<p>CABORCA, SONORA. MX. \u2014 Apoyos que mejorar\u00e1n la calidad de vida de las familias sonorenses, entreg\u00f3 Karina Z\u00e1rate F\u00e9lix en los municipios de Benjam\u00edn Hill y Caborca, con los cuales, se beneficiar\u00e1n principalmente ni\u00f1as, ni\u00f1os y adultos mayores.<\/p>\n<p>&nbsp;<\/p>\n<p> <\/p>\n<p>&nbsp;<\/p>\n<p>&nbsp;<\/p>\n<p>La directora de DIF Sonora se\u00f1al\u00f3 que cada rinc\u00f3n del estado es atendido como parte del compromiso institucional en materia de asistencia social que tiene el Gobierno del Estado y en este caso se llevaron beneficios de m\u00e1s de 380 mil pesos para ambas comunidades.<\/p>\n<p>&nbsp;<\/p>\n<p>&nbsp;<\/p>\n<p><em>\u201cSe hizo entrega de seis proyectos productivos a familias que requieren de un impulso para salir adelante, ya sea porque enfrentan alg\u00fan problema de discapacidad o una situaci\u00f3n econ\u00f3mica dif\u00edcil, tambi\u00e9n entregamos equipamiento de espacios de alimentaci\u00f3n, 23 est\u00edmulos becas para personas con discapacidad, sillas de ruedas y andaderas\u201d<\/em>, precis\u00f3 Z\u00e1rate F\u00e9lix.<\/p>\n<p>&nbsp;<\/p>\n<p>&nbsp;<\/p>\n<p>A nombre de la gobernadora Claudia Pavlovich Arellano, la titular de DIF Sonora manifest\u00f3 que se busca acercar los programas de la instituci\u00f3n a todos los municipios del estado, donde es importante la participaci\u00f3n de los DIF locales.<\/p>\n<p>&nbsp;<\/p>\n<p>&nbsp;<\/p>\n<p><img loading=\"lazy\" decoding=\"async\" class=\"size-medium  x-right\" src=\"https:\/\/www.sonoraenequipo.com.mx\/storage\/2020\/01\/apoyos-de-DIF-2_opt-600x400.jpg\" alt=\"\" width=\"600\" height=\"400\" \/>En Benjam\u00edn Hill, para continuar con su educaci\u00f3n Rosa Marlene, Jos\u00e9 Pablo, Juan Pablo e Iris Guadalupe recibieron est\u00edmulos econ\u00f3micos de manos de Karina Z\u00e1rate y el alcalde del lugar Francisco Javier Rodr\u00edguez, quienes tambi\u00e9n entregaron sillas de ruedas y andaderas, solicitudes que realiza la ciudadan\u00eda con el fin de mejorar su integraci\u00f3n social.<\/p>\n<p>&nbsp;<\/p>\n<p>&nbsp;<\/p>\n<p>En Caborca, donde tambi\u00e9n se vivi\u00f3 un ambiente de alegr\u00eda, seis familias, dos de ellas con integrantes que presentan alg\u00fan tipo de discapacidad, ser\u00e1n desde hoy nuevos micro empresarios, con lo que mejorar\u00e1n los ingresos. Dos carretas de taco fish, dos de venta de hot dogs, barbacoa y una refresquer\u00eda, ofrecer\u00e1n sus servicios a los caborquenses.<\/p>\n<p>&nbsp;<\/p>\n<p>&nbsp;<\/p>\n<p>Durante esta visita de trabajo, la directora de DIF en la entidad, entreg\u00f3 equipamiento de espacios de alimentaci\u00f3n, con la entrega de: parrilla de gas, refrigerador, cilindro de gas, sillas, mesas, alacena, estante, tarja lavaplatos, licuadora, garrafones de agua, utensilios para la elaboraci\u00f3n y servicio de alimentos para las familias que acuden a este lugar.<\/p>\n<p>&nbsp;<\/p>\n<p>&nbsp;<\/p>\n<p>Las personas con discapacidad de este municipio se beneficiaron con la entrega de 19 est\u00edmulos econ\u00f3micos, 11 de ellos fueron educativos para personas con discapacidad, mientras que ocho de impulso deportivo, con el fin de seguir apoyando la inclusi\u00f3n escolar y atl\u00e9tica de los sonorenses.<\/p>\n<p>&nbsp;<\/p>\n<p>&nbsp;<\/p>\n<p>PUBLICADO EL 27\/01\/2020)<\/p>\n","protected":false},"excerpt":{"rendered":"<p>CABORCA, SONORA. MX. \u2014 Apoyos que mejorar\u00e1n la calidad de vida de las familias sonorenses,&#8230;<\/p>\n","protected":false},"author":1,"featured_media":76585,"comment_status":"open","ping_status":"open","sticky":false,"template":"","format":"standard","meta":{"_monsterinsights_skip_tracking":false,"_monsterinsights_sitenote_active":false,"_monsterinsights_sitenote_note":"","_monsterinsights_sitenote_category":0,"footnotes":""},"categories":[22],"tags":[],"class_list":["post"],"yoast_head":" \n<title>Sonora en Equipo. Llegan apoyos de DIF Sonora a Caborca y Benjam\u00edn Hill Sonora<\/title>\n<meta name=\"description\" content=\"CABORCA, SONORA. MX. \u2014 Apoyos que mejorar\u00e1n la calidad de vida de las familias sonorenses, entreg\u00f3 Karina Z\u00e1rate F\u00e9lix en los municipios de Benjam\u00edn Hill En Sonora en Equipo publicamos toda la informaci\u00f3n de Sonora, M\u00e9xico y el Mundo de manera oportuna y busca que la libertad de expresi\u00f3n sea real. Visita nuestro medio informativo publicado desde Hermosillo, Sonora. %\" \/>\n<meta name=\"robots\" content=\"index, follow, max-snippet:-1, max-image-preview:large, max-video-preview:-1\" \/>\n<link rel=\"canonical\" href=\"https:\/\/www.sonoraenequipo.com.mx\/llegan-apoyos-de-dif-sonora-a-caborca-y-benjamin-hill\/\" \/>\n<meta property=\"og:locale\" content=\"es_ES\" \/>\n<meta property=\"og:type\" content=\"article\" \/>\n<meta property=\"og:title\" content=\"Sonora en Equipo. Llegan apoyos de DIF Sonora a Caborca y Benjam\u00edn Hill Sonora\" \/>\n<meta property=\"og:description\" content=\"CABORCA, SONORA. MX. \u2014 Apoyos que mejorar\u00e1n la calidad de vida de las familias sonorenses, entreg\u00f3 Karina Z\u00e1rate F\u00e9lix en los municipios de Benjam\u00edn Hill En Sonora en Equipo publicamos toda la informaci\u00f3n de Sonora, M\u00e9xico y el Mundo de manera oportuna y busca que la libertad de expresi\u00f3n sea real. Visita nuestro medio informativo publicado desde Hermosillo, Sonora. %\" \/>\n<meta property=\"og:url\" content=\"https:\/\/www.sonoraenequipo.com.mx\/llegan-apoyos-de-dif-sonora-a-caborca-y-benjamin-hill\/\" \/>\n<meta property=\"og:site_name\" content=\"Sonora en Equipo.\" \/>\n<meta property=\"article:publisher\" content=\"https:\/\/www.facebook.com\/SonoraEE\/\" \/>\n<meta property=\"article:author\" content=\"https:\/\/www.facebook.com\/SonoraEE\" \/>\n<meta property=\"article:published_time\" content=\"2020-01-28T00:56:24+00:00\" \/>\n<meta property=\"og:image\" content=\"https:\/\/www.sonoraenequipo.com.mx\/storage\/2020\/01\/apoyos-de-DIF-3_opt.jpg\" \/>\n\t<meta property=\"og:image:width\" content=\"600\" \/>\n\t<meta property=\"og:image:height\" content=\"400\" \/>\n\t<meta property=\"og:image:type\" content=\"image\/jpeg\" \/>\n<meta name=\"author\" content=\"enequipo\" \/>\n<meta name=\"twitter:card\" content=\"summary_large_image\" \/>\n<meta name=\"twitter:creator\" content=\"@sonoraenequipo\" \/>\n<meta name=\"twitter:site\" content=\"@sonoraenequipo\" \/>\n<meta name=\"twitter:label1\" content=\"Escrito por\" \/>\n\t<meta name=\"twitter:data1\" content=\"enequipo\" \/>\n\t<meta name=\"twitter:label2\" content=\"Tiempo de lectura\" \/>\n\t<meta name=\"twitter:data2\" content=\"2 minutos\" \/>\n<script type=\"application\/ld+json\" class=\"yoast-schema-graph\">{\"@context\":\"https:\/\/schema.org\",\"@graph\":[{\"@type\":\"Article\",\"@id\":\"https:\/\/www.sonoraenequipo.com.mx\/llegan-apoyos-de-dif-sonora-a-caborca-y-benjamin-hill\/#article\",\"isPartOf\":{\"@id\":\"https:\/\/www.sonoraenequipo.com.mx\/llegan-apoyos-de-dif-sonora-a-caborca-y-benjamin-hill\/\"},\"author\":{\"name\":\"enequipo\",\"@id\":\"https:\/\/www.sonoraenequipo.com.mx\/#\/schema\/person\/50102df0fb23a8fa9e8effad8fa81386\"},\"headline\":\"Llegan apoyos de DIF Sonora a Caborca y Benjam\u00edn Hill\",\"datePublished\":\"2020-01-28T00:56:24+00:00\",\"mainEntityOfPage\":{\"@id\":\"https:\/\/www.sonoraenequipo.com.mx\/llegan-apoyos-de-dif-sonora-a-caborca-y-benjamin-hill\/\"},\"wordCount\":451,\"commentCount\":0,\"publisher\":{\"@id\":\"https:\/\/www.sonoraenequipo.com.mx\/#organization\"},\"image\":{\"@id\":\"https:\/\/www.sonoraenequipo.com.mx\/llegan-apoyos-de-dif-sonora-a-caborca-y-benjamin-hill\/#primaryimage\"},\"thumbnailUrl\":\"https:\/\/www.sonoraenequipo.com.mx\/storage\/2020\/01\/apoyos-de-DIF-3_opt.jpg\",\"articleSection\":[\"Sonora\"],\"inLanguage\":\"es\",\"potentialAction\":[{\"@type\":\"CommentAction\",\"name\":\"Comment\",\"target\":[\"https:\/\/www.sonoraenequipo.com.mx\/llegan-apoyos-de-dif-sonora-a-caborca-y-benjamin-hill\/#respond\"]}]},{\"@type\":\"WebPage\",\"@id\":\"https:\/\/www.sonoraenequipo.com.mx\/llegan-apoyos-de-dif-sonora-a-caborca-y-benjamin-hill\/\",\"url\":\"https:\/\/www.sonoraenequipo.com.mx\/llegan-apoyos-de-dif-sonora-a-caborca-y-benjamin-hill\/\",\"name\":\"Sonora en Equipo. Llegan apoyos de DIF Sonora a Caborca y Benjam\u00edn Hill Sonora\",\"isPartOf\":{\"@id\":\"https:\/\/www.sonoraenequipo.com.mx\/#website\"},\"primaryImageOfPage\":{\"@id\":\"https:\/\/www.sonoraenequipo.com.mx\/llegan-apoyos-de-dif-sonora-a-caborca-y-benjamin-hill\/#primaryimage\"},\"image\":{\"@id\":\"https:\/\/www.sonoraenequipo.com.mx\/llegan-apoyos-de-dif-sonora-a-caborca-y-benjamin-hill\/#primaryimage\"},\"thumbnailUrl\":\"https:\/\/www.sonoraenequipo.com.mx\/storage\/2020\/01\/apoyos-de-DIF-3_opt.jpg\",\"datePublished\":\"2020-01-28T00:56:24+00:00\",\"description\":\"CABORCA, SONORA. MX. \u2014 Apoyos que mejorar\u00e1n la calidad de vida de las familias sonorenses, entreg\u00f3 Karina Z\u00e1rate F\u00e9lix en los municipios de Benjam\u00edn Hill En Sonora en Equipo publicamos toda la informaci\u00f3n de Sonora, M\u00e9xico y el Mundo de manera oportuna y busca que la libertad de expresi\u00f3n sea real. Visita nuestro medio informativo publicado desde Hermosillo, Sonora. %\",\"breadcrumb\":{\"@id\":\"https:\/\/www.sonoraenequipo.com.mx\/llegan-apoyos-de-dif-sonora-a-caborca-y-benjamin-hill\/#breadcrumb\"},\"inLanguage\":\"es\",\"potentialAction\":[{\"@type\":\"ReadAction\",\"target\":[\"https:\/\/www.sonoraenequipo.com.mx\/llegan-apoyos-de-dif-sonora-a-caborca-y-benjamin-hill\/\"]}]},{\"@type\":\"ImageObject\",\"inLanguage\":\"es\",\"@id\":\"https:\/\/www.sonoraenequipo.com.mx\/llegan-apoyos-de-dif-sonora-a-caborca-y-benjamin-hill\/#primaryimage\",\"url\":\"https:\/\/www.sonoraenequipo.com.mx\/storage\/2020\/01\/apoyos-de-DIF-3_opt.jpg\",\"contentUrl\":\"https:\/\/www.sonoraenequipo.com.mx\/storage\/2020\/01\/apoyos-de-DIF-3_opt.jpg\",\"width\":600,\"height\":400},{\"@type\":\"BreadcrumbList\",\"@id\":\"https:\/\/www.sonoraenequipo.com.mx\/llegan-apoyos-de-dif-sonora-a-caborca-y-benjamin-hill\/#breadcrumb\",\"itemListElement\":[{\"@type\":\"ListItem\",\"position\":1,\"name\":\"Portada\",\"item\":\"https:\/\/www.sonoraenequipo.com.mx\/\"},{\"@type\":\"ListItem\",\"position\":2,\"name\":\"Llegan apoyos de DIF Sonora a Caborca y Benjam\u00edn Hill\"}]},{\"@type\":\"WebSite\",\"@id\":\"https:\/\/www.sonoraenequipo.com.mx\/#website\",\"url\":\"https:\/\/www.sonoraenequipo.com.mx\/\",\"name\":\"Sonora en Equipo.\",\"description\":\"Diario en l\u00ednea con Noticias desde Hermosillo, Sonora\",\"publisher\":{\"@id\":\"https:\/\/www.sonoraenequipo.com.mx\/#organization\"},\"potentialAction\":[{\"@type\":\"SearchAction\",\"target\":{\"@type\":\"EntryPoint\",\"urlTemplate\":\"https:\/\/www.sonoraenequipo.com.mx\/?s={search_term_string}\"},\"query-input\":{\"@type\":\"PropertyValueSpecification\",\"valueRequired\":true,\"valueName\":\"search_term_string\"}}],\"inLanguage\":\"es\"},{\"@type\":\"Organization\",\"@id\":\"https:\/\/www.sonoraenequipo.com.mx\/#organization\",\"name\":\"Sonoraenequipo.com.mx\",\"url\":\"https:\/\/www.sonoraenequipo.com.mx\/\",\"logo\":{\"@type\":\"ImageObject\",\"inLanguage\":\"es\",\"@id\":\"https:\/\/www.sonoraenequipo.com.mx\/#\/schema\/logo\/image\/\",\"url\":\"https:\/\/www.sonoraenequipo.com.mx\/storage\/2019\/01\/sonoraenequipo_opt.png\",\"contentUrl\":\"https:\/\/www.sonoraenequipo.com.mx\/storage\/2019\/01\/sonoraenequipo_opt.png\",\"width\":375,\"height\":125,\"caption\":\"Sonoraenequipo.com.mx\"},\"image\":{\"@id\":\"https:\/\/www.sonoraenequipo.com.mx\/#\/schema\/logo\/image\/\"},\"sameAs\":[\"https:\/\/www.facebook.com\/SonoraEE\/\",\"https:\/\/x.com\/sonoraenequipo\",\"https:\/\/www.youtube.com\/channel\/UC338nW-lPEYmJQs4ZABQ1SQ\"]},{\"@type\":\"Person\",\"@id\":\"https:\/\/www.sonoraenequipo.com.mx\/#\/schema\/person\/50102df0fb23a8fa9e8effad8fa81386\",\"name\":\"enequipo\",\"image\":{\"@type\":\"ImageObject\",\"inLanguage\":\"es\",\"@id\":\"https:\/\/www.sonoraenequipo.com.mx\/#\/schema\/person\/image\/\",\"url\":\"https:\/\/secure.gravatar.com\/avatar\/049821681b589dabc0bc20695993ccebb09f5b5d4d790cd9251b97faac7c652b?s=96&d=blank&r=g\",\"contentUrl\":\"https:\/\/secure.gravatar.com\/avatar\/049821681b589dabc0bc20695993ccebb09f5b5d4d790cd9251b97faac7c652b?s=96&d=blank&r=g\",\"caption\":\"enequipo\"},\"sameAs\":[\"https:\/\/www.facebook.com\/SonoraEE\"]}]}<\/script>\n ","yoast_head_json":{"title":"Sonora en Equipo. Llegan apoyos de DIF Sonora a Caborca y Benjam\u00edn Hill Sonora","description":"CABORCA, SONORA. MX. \u2014 Apoyos que mejorar\u00e1n la calidad de vida de las familias sonorenses, entreg\u00f3 Karina Z\u00e1rate F\u00e9lix en los municipios de Benjam\u00edn Hill En Sonora en Equipo publicamos toda la informaci\u00f3n de Sonora, M\u00e9xico y el Mundo de manera oportuna y busca que la libertad de expresi\u00f3n sea real. Visita nuestro medio informativo publicado desde Hermosillo, Sonora. %","robots":{"index":"index","follow":"follow","max-snippet":"max-snippet:-1","max-image-preview":"max-image-preview:large","max-video-preview":"max-video-preview:-1"},"canonical":"https:\/\/www.sonoraenequipo.com.mx\/llegan-apoyos-de-dif-sonora-a-caborca-y-benjamin-hill\/","og_locale":"es_ES","og_type":"article","og_title":"Sonora en Equipo. Llegan apoyos de DIF Sonora a Caborca y Benjam\u00edn Hill Sonora","og_description":"CABORCA, SONORA. MX. \u2014 Apoyos que mejorar\u00e1n la calidad de vida de las familias sonorenses, entreg\u00f3 Karina Z\u00e1rate F\u00e9lix en los municipios de Benjam\u00edn Hill En Sonora en Equipo publicamos toda la informaci\u00f3n de Sonora, M\u00e9xico y el Mundo de manera oportuna y busca que la libertad de expresi\u00f3n sea real. Visita nuestro medio informativo publicado desde Hermosillo, Sonora. %","og_url":"https:\/\/www.sonoraenequipo.com.mx\/llegan-apoyos-de-dif-sonora-a-caborca-y-benjamin-hill\/","og_site_name":"Sonora en Equipo.","article_publisher":"https:\/\/www.facebook.com\/SonoraEE\/","article_author":"https:\/\/www.facebook.com\/SonoraEE","article_published_time":"2020-01-28T00:56:24+00:00","og_image":[{"width":600,"height":400,"url":"https:\/\/www.sonoraenequipo.com.mx\/storage\/2020\/01\/apoyos-de-DIF-3_opt.jpg","type":"image\/jpeg"}],"author":"enequipo","twitter_card":"summary_large_image","twitter_creator":"@sonoraenequipo","twitter_site":"@sonoraenequipo","twitter_misc":{"Escrito por":"enequipo","Tiempo de lectura":"2 minutos"},"schema":{"@context":"https:\/\/schema.org","@graph":[{"@type":"Article","@id":"https:\/\/www.sonoraenequipo.com.mx\/llegan-apoyos-de-dif-sonora-a-caborca-y-benjamin-hill\/#article","isPartOf":{"@id":"https:\/\/www.sonoraenequipo.com.mx\/llegan-apoyos-de-dif-sonora-a-caborca-y-benjamin-hill\/"},"author":{"name":"enequipo","@id":"https:\/\/www.sonoraenequipo.com.mx\/#\/schema\/person\/50102df0fb23a8fa9e8effad8fa81386"},"headline":"Llegan apoyos de DIF Sonora a Caborca y Benjam\u00edn Hill","datePublished":"2020-01-28T00:56:24+00:00","mainEntityOfPage":{"@id":"https:\/\/www.sonoraenequipo.com.mx\/llegan-apoyos-de-dif-sonora-a-caborca-y-benjamin-hill\/"},"wordCount":451,"commentCount":0,"publisher":{"@id":"https:\/\/www.sonoraenequipo.com.mx\/#organization"},"image":{"@id":"https:\/\/www.sonoraenequipo.com.mx\/llegan-apoyos-de-dif-sonora-a-caborca-y-benjamin-hill\/#primaryimage"},"thumbnailUrl":"https:\/\/www.sonoraenequipo.com.mx\/storage\/2020\/01\/apoyos-de-DIF-3_opt.jpg","articleSection":["Sonora"],"inLanguage":"es","potentialAction":[{"@type":"CommentAction","name":"Comment","target":["https:\/\/www.sonoraenequipo.com.mx\/llegan-apoyos-de-dif-sonora-a-caborca-y-benjamin-hill\/#respond"]}]},{"@type":"WebPage","@id":"https:\/\/www.sonoraenequipo.com.mx\/llegan-apoyos-de-dif-sonora-a-caborca-y-benjamin-hill\/","url":"https:\/\/www.sonoraenequipo.com.mx\/llegan-apoyos-de-dif-sonora-a-caborca-y-benjamin-hill\/","name":"Sonora en Equipo. Llegan apoyos de DIF Sonora a Caborca y Benjam\u00edn Hill Sonora","isPartOf":{"@id":"https:\/\/www.sonoraenequipo.com.mx\/#website"},"primaryImageOfPage":{"@id":"https:\/\/www.sonoraenequipo.com.mx\/llegan-apoyos-de-dif-sonora-a-caborca-y-benjamin-hill\/#primaryimage"},"image":{"@id":"https:\/\/www.sonoraenequipo.com.mx\/llegan-apoyos-de-dif-sonora-a-caborca-y-benjamin-hill\/#primaryimage"},"thumbnailUrl":"https:\/\/www.sonoraenequipo.com.mx\/storage\/2020\/01\/apoyos-de-DIF-3_opt.jpg","datePublished":"2020-01-28T00:56:24+00:00","description":"CABORCA, SONORA. MX. \u2014 Apoyos que mejorar\u00e1n la calidad de vida de las familias sonorenses, entreg\u00f3 Karina Z\u00e1rate F\u00e9lix en los municipios de Benjam\u00edn Hill En Sonora en Equipo publicamos toda la informaci\u00f3n de Sonora, M\u00e9xico y el Mundo de manera oportuna y busca que la libertad de expresi\u00f3n sea real. Visita nuestro medio informativo publicado desde Hermosillo, Sonora. %","breadcrumb":{"@id":"https:\/\/www.sonoraenequipo.com.mx\/llegan-apoyos-de-dif-sonora-a-caborca-y-benjamin-hill\/#breadcrumb"},"inLanguage":"es","potentialAction":[{"@type":"ReadAction","target":["https:\/\/www.sonoraenequipo.com.mx\/llegan-apoyos-de-dif-sonora-a-caborca-y-benjamin-hill\/"]}]},{"@type":"ImageObject","inLanguage":"es","@id":"https:\/\/www.sonoraenequipo.com.mx\/llegan-apoyos-de-dif-sonora-a-caborca-y-benjamin-hill\/#primaryimage","url":"https:\/\/www.sonoraenequipo.com.mx\/storage\/2020\/01\/apoyos-de-DIF-3_opt.jpg","contentUrl":"https:\/\/www.sonoraenequipo.com.mx\/storage\/2020\/01\/apoyos-de-DIF-3_opt.jpg","width":600,"height":400},{"@type":"BreadcrumbList","@id":"https:\/\/www.sonoraenequipo.com.mx\/llegan-apoyos-de-dif-sonora-a-caborca-y-benjamin-hill\/#breadcrumb","itemListElement":[{"@type":"ListItem","position":1,"name":"Portada","item":"https:\/\/www.sonoraenequipo.com.mx\/"},{"@type":"ListItem","position":2,"name":"Llegan apoyos de DIF Sonora a Caborca y Benjam\u00edn Hill"}]},{"@type":"WebSite","@id":"https:\/\/www.sonoraenequipo.com.mx\/#website","url":"https:\/\/www.sonoraenequipo.com.mx\/","name":"Sonora en Equipo.","description":"Diario en l\u00ednea con Noticias desde Hermosillo, Sonora","publisher":{"@id":"https:\/\/www.sonoraenequipo.com.mx\/#organization"},"potentialAction":[{"@type":"SearchAction","target":{"@type":"EntryPoint","urlTemplate":"https:\/\/www.sonoraenequipo.com.mx\/?s={search_term_string}"},"query-input":{"@type":"PropertyValueSpecification","valueRequired":true,"valueName":"search_term_string"}}],"inLanguage":"es"},{"@type":"Organization","@id":"https:\/\/www.sonoraenequipo.com.mx\/#organization","name":"Sonoraenequipo.com.mx","url":"https:\/\/www.sonoraenequipo.com.mx\/","logo":{"@type":"ImageObject","inLanguage":"es","@id":"https:\/\/www.sonoraenequipo.com.mx\/#\/schema\/logo\/image\/","url":"https:\/\/www.sonoraenequipo.com.mx\/storage\/2019\/01\/sonoraenequipo_opt.png","contentUrl":"https:\/\/www.sonoraenequipo.com.mx\/storage\/2019\/01\/sonoraenequipo_opt.png","width":375,"height":125,"caption":"Sonoraenequipo.com.mx"},"image":{"@id":"https:\/\/www.sonoraenequipo.com.mx\/#\/schema\/logo\/image\/"},"sameAs":["https:\/\/www.facebook.com\/SonoraEE\/","https:\/\/x.com\/sonoraenequipo","https:\/\/www.youtube.com\/channel\/UC338nW-lPEYmJQs4ZABQ1SQ"]},{"@type":"Person","@id":"https:\/\/www.sonoraenequipo.com.mx\/#\/schema\/person\/50102df0fb23a8fa9e8effad8fa81386","name":"enequipo","image":{"@type":"ImageObject","inLanguage":"es","@id":"https:\/\/www.sonoraenequipo.com.mx\/#\/schema\/person\/image\/","url":"https:\/\/secure.gravatar.com\/avatar\/049821681b589dabc0bc20695993ccebb09f5b5d4d790cd9251b97faac7c652b?s=96&d=blank&r=g","contentUrl":"https:\/\/secure.gravatar.com\/avatar\/049821681b589dabc0bc20695993ccebb09f5b5d4d790cd9251b97faac7c652b?s=96&d=blank&r=g","caption":"enequipo"},"sameAs":["https:\/\/www.facebook.com\/SonoraEE"]}]}},"jetpack_featured_media_url":"https:\/\/www.sonoraenequipo.com.mx\/storage\/2020\/01\/apoyos-de-DIF-3_opt.jpg","_links":{"self":[{"href":"https:\/\/www.sonoraenequipo.com.mx\/api\/wp\/v2\/posts\/76579","targetHints":{"allow":["GET"]}}],"collection":[{"href":"https:\/\/www.sonoraenequipo.com.mx\/api\/wp\/v2\/posts"}],"about":[{"href":"https:\/\/www.sonoraenequipo.com.mx\/api\/wp\/v2\/types\/post"}],"author":[{"embeddable":true,"href":"https:\/\/www.sonoraenequipo.com.mx\/api\/wp\/v2\/users\/1"}],"replies":[{"embeddable":true,"href":"https:\/\/www.sonoraenequipo.com.mx\/api\/wp\/v2\/comments?post=76579"}],"version-history":[{"count":0,"href":"https:\/\/www.sonoraenequipo.com.mx\/api\/wp\/v2\/posts\/76579\/revisions"}],"wp:featuredmedia":[{"embeddable":true,"href":"https:\/\/www.sonoraenequipo.com.mx\/api\/wp\/v2\/media\/76585"}],"wp:attachment":[{"href":"https:\/\/www.sonoraenequipo.com.mx\/api\/wp\/v2\/media?parent=76579"}],"wp:term":[{"taxonomy":"category","embeddable":true,"href":"https:\/\/www.sonoraenequipo.com.mx\/api\/wp\/v2\/categories?post=76579"},{"taxonomy":"post_tag","embeddable":true,"href":"https:\/\/www.sonoraenequipo.com.mx\/api\/wp\/v2\/tags?post=76579"}],"curies":[{"name":"wp","href":"https:\/\/api.w.org\/{rel}","templated":true}]}}