{"id":76589,"date":"2020-01-27T18:28:59","date_gmt":"2020-01-28T01:28:59","guid":{"rendered":"https:\/\/www.sonoraenequipo.com.mx\/?p=76589"},"modified":"2020-01-27T18:00:13","modified_gmt":"2020-01-28T01:00:13","slug":"participan-alumnos-de-primaria-en-iv-olimpiada-deportiva-y-cultural","status":"publish","type":"post","link":"https:\/\/www.sonoraenequipo.com.mx\/participan-alumnos-de-primaria-en-iv-olimpiada-deportiva-y-cultural\/","title":{"rendered":"Participan alumnos de primaria en IV Olimpiada Deportiva y Cultural"},"content":{"rendered":"<p>HERMOSILLO, SONORA. MX. \u2014 Alumnos de primaria que cursan sus estudios en 13 planteles p\u00fablicos y privados de Hermosillo, participaron en la IV Olimpiada Deportiva y Cultural.<\/p>\n<p>&nbsp;<\/p>\n<p> <\/p>\n<p>&nbsp;<\/p>\n<p>H\u00e9ctor Antonio Cota Contreras, supervisor de la Zona Escolar X Estatal, nivel primaria, indic\u00f3 que en un encuentro de tres d\u00edas, los equipos representativos compitieron en disciplinas como b\u00e1squetbol, handball, atletismo, futbol, b\u00e1dminton y voleibol.<\/p>\n<p>&nbsp;<\/p>\n<p>&nbsp;<\/p>\n<p>Asimismo, dijo, el encuentro incluy\u00f3 competencias en \u00e1reas para potenciar su inteligencia ling\u00fc\u00edstica, verbal y corporal como canto, danza, poes\u00eda y dibujo, logrando as\u00ed el desarrollo humano y de la percepci\u00f3n de los menores.<\/p>\n<p>&nbsp;<\/p>\n<p>&nbsp;<\/p>\n<p><em>\u201cEn este encuentro participan todos los alumnos que tienen el deseo de atesorar un grato recuerdo con sus compa\u00f1eros, a la vez que exploran y fortalecen sus habilidades\u201d<\/em>, expres\u00f3.<\/p>\n<p>&nbsp;<\/p>\n<p>&nbsp;<\/p>\n<p><img loading=\"lazy\" decoding=\"async\" class=\"size-full  x-right\" src=\"https:\/\/www.sonoraenequipo.com.mx\/storage\/2020\/01\/IV-Olimpiada-Deportiva-3_opt.jpg\" alt=\"\" width=\"525\" height=\"350\" \/>Osciel de Ram\u00f3n Ur\u00edas Contreras, supervisor de Educaci\u00f3n F\u00edsica de la Zona Escolar 17M, destac\u00f3 la importancia de generar espacios para que las ni\u00f1as y ni\u00f1os aprendan sobre sus capacidades y limitaciones.<\/p>\n<p>&nbsp;<\/p>\n<p>&nbsp;<\/p>\n<p><em>\u201cEstas peque\u00f1as personas que vemos aqu\u00ed, en algunos a\u00f1os podr\u00edan ser quienes se desempe\u00f1en como docentes, directivos, supervisores y sean l\u00edderes en su momento\u201d<\/em>, coment\u00f3.<\/p>\n<p>&nbsp;<\/p>\n<p>&nbsp;<\/p>\n<p>En las escuelas no s\u00f3lo se fortalece la inteligencia y conocimientos de los estudiantes, sino que tambi\u00e9n se favorece la formaci\u00f3n integral, que incluye lo motriz y socio afectivo, coment\u00f3.<\/p>\n<p>&nbsp;<\/p>\n<p>&nbsp;<\/p>\n<p>Ur\u00edas Contreras reiter\u00f3 que la olimpiada es una oportunidad para potenciar este desarrollo y agradeci\u00f3 el apoyo que brindan las autoridades educativas y sindicales para el desarrollo de las actividades.<\/p>\n<p>&nbsp;<\/p>\n<p>&nbsp;<\/p>\n<p>Detall\u00f3 que los equipos representan a m\u00e1s de 980 alumnos de las primarias <em>\u201cEnrique Quijada\u201d, \u201cEnrique Garc\u00eda S\u00e1nchez\u201d, \u201cJuan Figueroa Abril\u201d, \u201cRoberto Rend\u00f3n Rend\u00f3n\u201d, \u201cLamberto Hern\u00e1ndez\u201d y \u201cCentenario de la Constituci\u00f3n 1 y 2\u201d.<\/em><\/p>\n<p>&nbsp;<\/p>\n<p>&nbsp;<\/p>\n<p>Tambi\u00e9n participan estudiantes del Colegio Edia, Centro de Educaci\u00f3n Biling\u00fce LIDEEL, Colegio Edia, Instituto Regional Norte, Colegio Ema\u00fas y Colegio Mu\u00f1oz, secc. Santa Fe.<\/p>\n<p>&nbsp;<\/p>\n<p>&nbsp;<\/p>\n<p>PUBLICADO EL 27\/01\/2020)<\/p>\n","protected":false},"excerpt":{"rendered":"<p>HERMOSILLO, SONORA. MX. \u2014 Alumnos de primaria que cursan sus estudios en 13 planteles p\u00fablicos&#8230;<\/p>\n","protected":false},"author":1,"featured_media":76583,"comment_status":"open","ping_status":"open","sticky":false,"template":"","format":"standard","meta":{"_monsterinsights_skip_tracking":false,"_monsterinsights_sitenote_active":false,"_monsterinsights_sitenote_note":"","_monsterinsights_sitenote_category":0,"footnotes":""},"categories":[22],"tags":[],"class_list":["post"],"yoast_head":" \n<title>Sonora en Equipo. Participan alumnos de primaria en IV Olimpiada Deportiva y Cultural Sonora<\/title>\n<meta name=\"description\" content=\"HERMOSILLO, SONORA. MX. \u2014 Alumnos de primaria que cursan sus estudios en 13 planteles p\u00fablicos y privados de Hermosillo, participaron en la IV Olimpiada En Sonora en Equipo publicamos toda la informaci\u00f3n de Sonora, M\u00e9xico y el Mundo de manera oportuna y busca que la libertad de expresi\u00f3n sea real. Visita nuestro medio informativo publicado desde Hermosillo, Sonora. %\" \/>\n<meta name=\"robots\" content=\"index, follow, max-snippet:-1, max-image-preview:large, max-video-preview:-1\" \/>\n<link rel=\"canonical\" href=\"https:\/\/www.sonoraenequipo.com.mx\/participan-alumnos-de-primaria-en-iv-olimpiada-deportiva-y-cultural\/\" \/>\n<meta property=\"og:locale\" content=\"es_ES\" \/>\n<meta property=\"og:type\" content=\"article\" \/>\n<meta property=\"og:title\" content=\"Sonora en Equipo. Participan alumnos de primaria en IV Olimpiada Deportiva y Cultural Sonora\" \/>\n<meta property=\"og:description\" content=\"HERMOSILLO, SONORA. MX. \u2014 Alumnos de primaria que cursan sus estudios en 13 planteles p\u00fablicos y privados de Hermosillo, participaron en la IV Olimpiada En Sonora en Equipo publicamos toda la informaci\u00f3n de Sonora, M\u00e9xico y el Mundo de manera oportuna y busca que la libertad de expresi\u00f3n sea real. Visita nuestro medio informativo publicado desde Hermosillo, Sonora. %\" \/>\n<meta property=\"og:url\" content=\"https:\/\/www.sonoraenequipo.com.mx\/participan-alumnos-de-primaria-en-iv-olimpiada-deportiva-y-cultural\/\" \/>\n<meta property=\"og:site_name\" content=\"Sonora en Equipo.\" \/>\n<meta property=\"article:publisher\" content=\"https:\/\/www.facebook.com\/SonoraEE\/\" \/>\n<meta property=\"article:author\" content=\"https:\/\/www.facebook.com\/SonoraEE\" \/>\n<meta property=\"article:published_time\" content=\"2020-01-28T01:28:59+00:00\" \/>\n<meta property=\"og:image\" content=\"https:\/\/www.sonoraenequipo.com.mx\/storage\/2020\/01\/IV-Olimpiada-Deportiva-2_opt.jpg\" \/>\n\t<meta property=\"og:image:width\" content=\"525\" \/>\n\t<meta property=\"og:image:height\" content=\"350\" \/>\n\t<meta property=\"og:image:type\" content=\"image\/jpeg\" \/>\n<meta name=\"author\" content=\"enequipo\" \/>\n<meta name=\"twitter:card\" content=\"summary_large_image\" \/>\n<meta name=\"twitter:creator\" content=\"@sonoraenequipo\" \/>\n<meta name=\"twitter:site\" content=\"@sonoraenequipo\" \/>\n<meta name=\"twitter:label1\" content=\"Escrito por\" \/>\n\t<meta name=\"twitter:data1\" content=\"enequipo\" \/>\n\t<meta name=\"twitter:label2\" content=\"Tiempo de lectura\" \/>\n\t<meta name=\"twitter:data2\" content=\"2 minutos\" \/>\n<script type=\"application\/ld+json\" class=\"yoast-schema-graph\">{\"@context\":\"https:\/\/schema.org\",\"@graph\":[{\"@type\":\"Article\",\"@id\":\"https:\/\/www.sonoraenequipo.com.mx\/participan-alumnos-de-primaria-en-iv-olimpiada-deportiva-y-cultural\/#article\",\"isPartOf\":{\"@id\":\"https:\/\/www.sonoraenequipo.com.mx\/participan-alumnos-de-primaria-en-iv-olimpiada-deportiva-y-cultural\/\"},\"author\":{\"name\":\"enequipo\",\"@id\":\"https:\/\/www.sonoraenequipo.com.mx\/#\/schema\/person\/50102df0fb23a8fa9e8effad8fa81386\"},\"headline\":\"Participan alumnos de primaria en IV Olimpiada Deportiva y Cultural\",\"datePublished\":\"2020-01-28T01:28:59+00:00\",\"mainEntityOfPage\":{\"@id\":\"https:\/\/www.sonoraenequipo.com.mx\/participan-alumnos-de-primaria-en-iv-olimpiada-deportiva-y-cultural\/\"},\"wordCount\":363,\"commentCount\":0,\"publisher\":{\"@id\":\"https:\/\/www.sonoraenequipo.com.mx\/#organization\"},\"image\":{\"@id\":\"https:\/\/www.sonoraenequipo.com.mx\/participan-alumnos-de-primaria-en-iv-olimpiada-deportiva-y-cultural\/#primaryimage\"},\"thumbnailUrl\":\"https:\/\/www.sonoraenequipo.com.mx\/storage\/2020\/01\/IV-Olimpiada-Deportiva-2_opt.jpg\",\"articleSection\":[\"Sonora\"],\"inLanguage\":\"es\",\"potentialAction\":[{\"@type\":\"CommentAction\",\"name\":\"Comment\",\"target\":[\"https:\/\/www.sonoraenequipo.com.mx\/participan-alumnos-de-primaria-en-iv-olimpiada-deportiva-y-cultural\/#respond\"]}]},{\"@type\":\"WebPage\",\"@id\":\"https:\/\/www.sonoraenequipo.com.mx\/participan-alumnos-de-primaria-en-iv-olimpiada-deportiva-y-cultural\/\",\"url\":\"https:\/\/www.sonoraenequipo.com.mx\/participan-alumnos-de-primaria-en-iv-olimpiada-deportiva-y-cultural\/\",\"name\":\"Sonora en Equipo. Participan alumnos de primaria en IV Olimpiada Deportiva y Cultural Sonora\",\"isPartOf\":{\"@id\":\"https:\/\/www.sonoraenequipo.com.mx\/#website\"},\"primaryImageOfPage\":{\"@id\":\"https:\/\/www.sonoraenequipo.com.mx\/participan-alumnos-de-primaria-en-iv-olimpiada-deportiva-y-cultural\/#primaryimage\"},\"image\":{\"@id\":\"https:\/\/www.sonoraenequipo.com.mx\/participan-alumnos-de-primaria-en-iv-olimpiada-deportiva-y-cultural\/#primaryimage\"},\"thumbnailUrl\":\"https:\/\/www.sonoraenequipo.com.mx\/storage\/2020\/01\/IV-Olimpiada-Deportiva-2_opt.jpg\",\"datePublished\":\"2020-01-28T01:28:59+00:00\",\"description\":\"HERMOSILLO, SONORA. MX. \u2014 Alumnos de primaria que cursan sus estudios en 13 planteles p\u00fablicos y privados de Hermosillo, participaron en la IV Olimpiada En Sonora en Equipo publicamos toda la informaci\u00f3n de Sonora, M\u00e9xico y el Mundo de manera oportuna y busca que la libertad de expresi\u00f3n sea real. Visita nuestro medio informativo publicado desde Hermosillo, Sonora. %\",\"breadcrumb\":{\"@id\":\"https:\/\/www.sonoraenequipo.com.mx\/participan-alumnos-de-primaria-en-iv-olimpiada-deportiva-y-cultural\/#breadcrumb\"},\"inLanguage\":\"es\",\"potentialAction\":[{\"@type\":\"ReadAction\",\"target\":[\"https:\/\/www.sonoraenequipo.com.mx\/participan-alumnos-de-primaria-en-iv-olimpiada-deportiva-y-cultural\/\"]}]},{\"@type\":\"ImageObject\",\"inLanguage\":\"es\",\"@id\":\"https:\/\/www.sonoraenequipo.com.mx\/participan-alumnos-de-primaria-en-iv-olimpiada-deportiva-y-cultural\/#primaryimage\",\"url\":\"https:\/\/www.sonoraenequipo.com.mx\/storage\/2020\/01\/IV-Olimpiada-Deportiva-2_opt.jpg\",\"contentUrl\":\"https:\/\/www.sonoraenequipo.com.mx\/storage\/2020\/01\/IV-Olimpiada-Deportiva-2_opt.jpg\",\"width\":525,\"height\":350},{\"@type\":\"BreadcrumbList\",\"@id\":\"https:\/\/www.sonoraenequipo.com.mx\/participan-alumnos-de-primaria-en-iv-olimpiada-deportiva-y-cultural\/#breadcrumb\",\"itemListElement\":[{\"@type\":\"ListItem\",\"position\":1,\"name\":\"Portada\",\"item\":\"https:\/\/www.sonoraenequipo.com.mx\/\"},{\"@type\":\"ListItem\",\"position\":2,\"name\":\"Participan alumnos de primaria en IV Olimpiada Deportiva y Cultural\"}]},{\"@type\":\"WebSite\",\"@id\":\"https:\/\/www.sonoraenequipo.com.mx\/#website\",\"url\":\"https:\/\/www.sonoraenequipo.com.mx\/\",\"name\":\"Sonora en Equipo.\",\"description\":\"Diario en l\u00ednea con Noticias desde Hermosillo, Sonora\",\"publisher\":{\"@id\":\"https:\/\/www.sonoraenequipo.com.mx\/#organization\"},\"potentialAction\":[{\"@type\":\"SearchAction\",\"target\":{\"@type\":\"EntryPoint\",\"urlTemplate\":\"https:\/\/www.sonoraenequipo.com.mx\/?s={search_term_string}\"},\"query-input\":{\"@type\":\"PropertyValueSpecification\",\"valueRequired\":true,\"valueName\":\"search_term_string\"}}],\"inLanguage\":\"es\"},{\"@type\":\"Organization\",\"@id\":\"https:\/\/www.sonoraenequipo.com.mx\/#organization\",\"name\":\"Sonoraenequipo.com.mx\",\"url\":\"https:\/\/www.sonoraenequipo.com.mx\/\",\"logo\":{\"@type\":\"ImageObject\",\"inLanguage\":\"es\",\"@id\":\"https:\/\/www.sonoraenequipo.com.mx\/#\/schema\/logo\/image\/\",\"url\":\"https:\/\/www.sonoraenequipo.com.mx\/storage\/2019\/01\/sonoraenequipo_opt.png\",\"contentUrl\":\"https:\/\/www.sonoraenequipo.com.mx\/storage\/2019\/01\/sonoraenequipo_opt.png\",\"width\":375,\"height\":125,\"caption\":\"Sonoraenequipo.com.mx\"},\"image\":{\"@id\":\"https:\/\/www.sonoraenequipo.com.mx\/#\/schema\/logo\/image\/\"},\"sameAs\":[\"https:\/\/www.facebook.com\/SonoraEE\/\",\"https:\/\/x.com\/sonoraenequipo\",\"https:\/\/www.youtube.com\/channel\/UC338nW-lPEYmJQs4ZABQ1SQ\"]},{\"@type\":\"Person\",\"@id\":\"https:\/\/www.sonoraenequipo.com.mx\/#\/schema\/person\/50102df0fb23a8fa9e8effad8fa81386\",\"name\":\"enequipo\",\"image\":{\"@type\":\"ImageObject\",\"inLanguage\":\"es\",\"@id\":\"https:\/\/www.sonoraenequipo.com.mx\/#\/schema\/person\/image\/\",\"url\":\"https:\/\/secure.gravatar.com\/avatar\/049821681b589dabc0bc20695993ccebb09f5b5d4d790cd9251b97faac7c652b?s=96&d=blank&r=g\",\"contentUrl\":\"https:\/\/secure.gravatar.com\/avatar\/049821681b589dabc0bc20695993ccebb09f5b5d4d790cd9251b97faac7c652b?s=96&d=blank&r=g\",\"caption\":\"enequipo\"},\"sameAs\":[\"https:\/\/www.facebook.com\/SonoraEE\"]}]}<\/script>\n ","yoast_head_json":{"title":"Sonora en Equipo. Participan alumnos de primaria en IV Olimpiada Deportiva y Cultural Sonora","description":"HERMOSILLO, SONORA. MX. \u2014 Alumnos de primaria que cursan sus estudios en 13 planteles p\u00fablicos y privados de Hermosillo, participaron en la IV Olimpiada En Sonora en Equipo publicamos toda la informaci\u00f3n de Sonora, M\u00e9xico y el Mundo de manera oportuna y busca que la libertad de expresi\u00f3n sea real. Visita nuestro medio informativo publicado desde Hermosillo, Sonora. %","robots":{"index":"index","follow":"follow","max-snippet":"max-snippet:-1","max-image-preview":"max-image-preview:large","max-video-preview":"max-video-preview:-1"},"canonical":"https:\/\/www.sonoraenequipo.com.mx\/participan-alumnos-de-primaria-en-iv-olimpiada-deportiva-y-cultural\/","og_locale":"es_ES","og_type":"article","og_title":"Sonora en Equipo. Participan alumnos de primaria en IV Olimpiada Deportiva y Cultural Sonora","og_description":"HERMOSILLO, SONORA. MX. \u2014 Alumnos de primaria que cursan sus estudios en 13 planteles p\u00fablicos y privados de Hermosillo, participaron en la IV Olimpiada En Sonora en Equipo publicamos toda la informaci\u00f3n de Sonora, M\u00e9xico y el Mundo de manera oportuna y busca que la libertad de expresi\u00f3n sea real. Visita nuestro medio informativo publicado desde Hermosillo, Sonora. %","og_url":"https:\/\/www.sonoraenequipo.com.mx\/participan-alumnos-de-primaria-en-iv-olimpiada-deportiva-y-cultural\/","og_site_name":"Sonora en Equipo.","article_publisher":"https:\/\/www.facebook.com\/SonoraEE\/","article_author":"https:\/\/www.facebook.com\/SonoraEE","article_published_time":"2020-01-28T01:28:59+00:00","og_image":[{"width":525,"height":350,"url":"https:\/\/www.sonoraenequipo.com.mx\/storage\/2020\/01\/IV-Olimpiada-Deportiva-2_opt.jpg","type":"image\/jpeg"}],"author":"enequipo","twitter_card":"summary_large_image","twitter_creator":"@sonoraenequipo","twitter_site":"@sonoraenequipo","twitter_misc":{"Escrito por":"enequipo","Tiempo de lectura":"2 minutos"},"schema":{"@context":"https:\/\/schema.org","@graph":[{"@type":"Article","@id":"https:\/\/www.sonoraenequipo.com.mx\/participan-alumnos-de-primaria-en-iv-olimpiada-deportiva-y-cultural\/#article","isPartOf":{"@id":"https:\/\/www.sonoraenequipo.com.mx\/participan-alumnos-de-primaria-en-iv-olimpiada-deportiva-y-cultural\/"},"author":{"name":"enequipo","@id":"https:\/\/www.sonoraenequipo.com.mx\/#\/schema\/person\/50102df0fb23a8fa9e8effad8fa81386"},"headline":"Participan alumnos de primaria en IV Olimpiada Deportiva y Cultural","datePublished":"2020-01-28T01:28:59+00:00","mainEntityOfPage":{"@id":"https:\/\/www.sonoraenequipo.com.mx\/participan-alumnos-de-primaria-en-iv-olimpiada-deportiva-y-cultural\/"},"wordCount":363,"commentCount":0,"publisher":{"@id":"https:\/\/www.sonoraenequipo.com.mx\/#organization"},"image":{"@id":"https:\/\/www.sonoraenequipo.com.mx\/participan-alumnos-de-primaria-en-iv-olimpiada-deportiva-y-cultural\/#primaryimage"},"thumbnailUrl":"https:\/\/www.sonoraenequipo.com.mx\/storage\/2020\/01\/IV-Olimpiada-Deportiva-2_opt.jpg","articleSection":["Sonora"],"inLanguage":"es","potentialAction":[{"@type":"CommentAction","name":"Comment","target":["https:\/\/www.sonoraenequipo.com.mx\/participan-alumnos-de-primaria-en-iv-olimpiada-deportiva-y-cultural\/#respond"]}]},{"@type":"WebPage","@id":"https:\/\/www.sonoraenequipo.com.mx\/participan-alumnos-de-primaria-en-iv-olimpiada-deportiva-y-cultural\/","url":"https:\/\/www.sonoraenequipo.com.mx\/participan-alumnos-de-primaria-en-iv-olimpiada-deportiva-y-cultural\/","name":"Sonora en Equipo. Participan alumnos de primaria en IV Olimpiada Deportiva y Cultural Sonora","isPartOf":{"@id":"https:\/\/www.sonoraenequipo.com.mx\/#website"},"primaryImageOfPage":{"@id":"https:\/\/www.sonoraenequipo.com.mx\/participan-alumnos-de-primaria-en-iv-olimpiada-deportiva-y-cultural\/#primaryimage"},"image":{"@id":"https:\/\/www.sonoraenequipo.com.mx\/participan-alumnos-de-primaria-en-iv-olimpiada-deportiva-y-cultural\/#primaryimage"},"thumbnailUrl":"https:\/\/www.sonoraenequipo.com.mx\/storage\/2020\/01\/IV-Olimpiada-Deportiva-2_opt.jpg","datePublished":"2020-01-28T01:28:59+00:00","description":"HERMOSILLO, SONORA. MX. \u2014 Alumnos de primaria que cursan sus estudios en 13 planteles p\u00fablicos y privados de Hermosillo, participaron en la IV Olimpiada En Sonora en Equipo publicamos toda la informaci\u00f3n de Sonora, M\u00e9xico y el Mundo de manera oportuna y busca que la libertad de expresi\u00f3n sea real. Visita nuestro medio informativo publicado desde Hermosillo, Sonora. %","breadcrumb":{"@id":"https:\/\/www.sonoraenequipo.com.mx\/participan-alumnos-de-primaria-en-iv-olimpiada-deportiva-y-cultural\/#breadcrumb"},"inLanguage":"es","potentialAction":[{"@type":"ReadAction","target":["https:\/\/www.sonoraenequipo.com.mx\/participan-alumnos-de-primaria-en-iv-olimpiada-deportiva-y-cultural\/"]}]},{"@type":"ImageObject","inLanguage":"es","@id":"https:\/\/www.sonoraenequipo.com.mx\/participan-alumnos-de-primaria-en-iv-olimpiada-deportiva-y-cultural\/#primaryimage","url":"https:\/\/www.sonoraenequipo.com.mx\/storage\/2020\/01\/IV-Olimpiada-Deportiva-2_opt.jpg","contentUrl":"https:\/\/www.sonoraenequipo.com.mx\/storage\/2020\/01\/IV-Olimpiada-Deportiva-2_opt.jpg","width":525,"height":350},{"@type":"BreadcrumbList","@id":"https:\/\/www.sonoraenequipo.com.mx\/participan-alumnos-de-primaria-en-iv-olimpiada-deportiva-y-cultural\/#breadcrumb","itemListElement":[{"@type":"ListItem","position":1,"name":"Portada","item":"https:\/\/www.sonoraenequipo.com.mx\/"},{"@type":"ListItem","position":2,"name":"Participan alumnos de primaria en IV Olimpiada Deportiva y Cultural"}]},{"@type":"WebSite","@id":"https:\/\/www.sonoraenequipo.com.mx\/#website","url":"https:\/\/www.sonoraenequipo.com.mx\/","name":"Sonora en Equipo.","description":"Diario en l\u00ednea con Noticias desde Hermosillo, Sonora","publisher":{"@id":"https:\/\/www.sonoraenequipo.com.mx\/#organization"},"potentialAction":[{"@type":"SearchAction","target":{"@type":"EntryPoint","urlTemplate":"https:\/\/www.sonoraenequipo.com.mx\/?s={search_term_string}"},"query-input":{"@type":"PropertyValueSpecification","valueRequired":true,"valueName":"search_term_string"}}],"inLanguage":"es"},{"@type":"Organization","@id":"https:\/\/www.sonoraenequipo.com.mx\/#organization","name":"Sonoraenequipo.com.mx","url":"https:\/\/www.sonoraenequipo.com.mx\/","logo":{"@type":"ImageObject","inLanguage":"es","@id":"https:\/\/www.sonoraenequipo.com.mx\/#\/schema\/logo\/image\/","url":"https:\/\/www.sonoraenequipo.com.mx\/storage\/2019\/01\/sonoraenequipo_opt.png","contentUrl":"https:\/\/www.sonoraenequipo.com.mx\/storage\/2019\/01\/sonoraenequipo_opt.png","width":375,"height":125,"caption":"Sonoraenequipo.com.mx"},"image":{"@id":"https:\/\/www.sonoraenequipo.com.mx\/#\/schema\/logo\/image\/"},"sameAs":["https:\/\/www.facebook.com\/SonoraEE\/","https:\/\/x.com\/sonoraenequipo","https:\/\/www.youtube.com\/channel\/UC338nW-lPEYmJQs4ZABQ1SQ"]},{"@type":"Person","@id":"https:\/\/www.sonoraenequipo.com.mx\/#\/schema\/person\/50102df0fb23a8fa9e8effad8fa81386","name":"enequipo","image":{"@type":"ImageObject","inLanguage":"es","@id":"https:\/\/www.sonoraenequipo.com.mx\/#\/schema\/person\/image\/","url":"https:\/\/secure.gravatar.com\/avatar\/049821681b589dabc0bc20695993ccebb09f5b5d4d790cd9251b97faac7c652b?s=96&d=blank&r=g","contentUrl":"https:\/\/secure.gravatar.com\/avatar\/049821681b589dabc0bc20695993ccebb09f5b5d4d790cd9251b97faac7c652b?s=96&d=blank&r=g","caption":"enequipo"},"sameAs":["https:\/\/www.facebook.com\/SonoraEE"]}]}},"jetpack_featured_media_url":"https:\/\/www.sonoraenequipo.com.mx\/storage\/2020\/01\/IV-Olimpiada-Deportiva-2_opt.jpg","_links":{"self":[{"href":"https:\/\/www.sonoraenequipo.com.mx\/api\/wp\/v2\/posts\/76589","targetHints":{"allow":["GET"]}}],"collection":[{"href":"https:\/\/www.sonoraenequipo.com.mx\/api\/wp\/v2\/posts"}],"about":[{"href":"https:\/\/www.sonoraenequipo.com.mx\/api\/wp\/v2\/types\/post"}],"author":[{"embeddable":true,"href":"https:\/\/www.sonoraenequipo.com.mx\/api\/wp\/v2\/users\/1"}],"replies":[{"embeddable":true,"href":"https:\/\/www.sonoraenequipo.com.mx\/api\/wp\/v2\/comments?post=76589"}],"version-history":[{"count":0,"href":"https:\/\/www.sonoraenequipo.com.mx\/api\/wp\/v2\/posts\/76589\/revisions"}],"wp:featuredmedia":[{"embeddable":true,"href":"https:\/\/www.sonoraenequipo.com.mx\/api\/wp\/v2\/media\/76583"}],"wp:attachment":[{"href":"https:\/\/www.sonoraenequipo.com.mx\/api\/wp\/v2\/media?parent=76589"}],"wp:term":[{"taxonomy":"category","embeddable":true,"href":"https:\/\/www.sonoraenequipo.com.mx\/api\/wp\/v2\/categories?post=76589"},{"taxonomy":"post_tag","embeddable":true,"href":"https:\/\/www.sonoraenequipo.com.mx\/api\/wp\/v2\/tags?post=76589"}],"curies":[{"name":"wp","href":"https:\/\/api.w.org\/{rel}","templated":true}]}}