{"id":76595,"date":"2020-01-27T20:25:49","date_gmt":"2020-01-28T03:25:49","guid":{"rendered":"https:\/\/www.sonoraenequipo.com.mx\/?p=76595"},"modified":"2020-01-27T18:16:19","modified_gmt":"2020-01-28T01:16:19","slug":"todo-un-exito-con-saldo-blanco-el-faot-2020-mario-welfo-alvarez","status":"publish","type":"post","link":"https:\/\/www.sonoraenequipo.com.mx\/todo-un-exito-con-saldo-blanco-el-faot-2020-mario-welfo-alvarez\/","title":{"rendered":"Todo un \u00e9xito, con saldo blanco, el FAOT 2020: Mario Welfo \u00c1lvarez"},"content":{"rendered":"<p>HERMOSILLO, SONORA. MX. \u2014\u00a0 Gracias a la coordinaci\u00f3n entre los tres niveles de gobierno, los asistentes al Festival Alfonso Ortiz Tirado (FAOT), pudieron disfrutar de nueve d\u00edas de actividades art\u00edsticas y culturales, con un saldo blanco y sin contratiempos dentro de los distintos foros y subsedes, enfatiz\u00f3 Mario Welfo \u00c1lvarez Beltr\u00e1n.<\/p>\n<p>&nbsp;<\/p>\n<p> <\/p>\n<p>&nbsp;<\/p>\n<p>&nbsp;<\/p>\n<p>El director general del Instituto Sonorense de Cultura (ISC) resalt\u00f3 que el apoyo de la Guardia Nacional, as\u00ed como la presencia de las corporaciones estatales y municipales, hizo que el FAOT tuviera un resultado positivo, sin ning\u00fan tipo de percance, a pesar de aumentar la afluencia en un 12 por ciento en comparaci\u00f3n del 2019.<\/p>\n<p>&nbsp;<\/p>\n<p>&nbsp;<\/p>\n<p><em>\u201cNo se present\u00f3 ninguno, durante los nueve d\u00edas del festival, as\u00ed que en ese sentido nuestro agradecimiento tanto a la comunidad de \u00c1lamos, como a todos los asistentes que se dieron cita, no nada m\u00e1s del sur de Sonora, sino de otras partes de M\u00e9xico, incluso de Estados Unidos y de Sudam\u00e9rica que tuvimos registro de que nos acompa\u00f1aron y que ah\u00ed pudimos saludar\u201d<\/em>, resalt\u00f3.<\/p>\n<p>&nbsp;<\/p>\n<p>&nbsp;<\/p>\n<p>El nuevo foro que alberg\u00f3 el concierto de clausura del FAOT, llevado a cabo por Alejandro Fern\u00e1ndez, fue un gran \u00e9xito, destac\u00f3 \u00c1lvarez Beltr\u00e1n, ya que se tuvieron accesos f\u00e1ciles y r\u00e1pidos, por lo que la comunidad recibi\u00f3 con gran aceptaci\u00f3n este nuevo espacio, donde participaron 552 elementos de diez corporaciones, y con 77 unidades para resguardar la seguridad de los m\u00e1s de 50 mil asistentes que disfrutaron al concierto.<\/p>\n<p>&nbsp;<\/p>\n<p>&nbsp;<\/p>\n<p><em>\u201cFue una decisi\u00f3n muy bien recibida, el tema de accesos, el tema de ingreso y tambi\u00e9n de la salida del p\u00fablico en este concierto masivo nos facilit\u00f3 de manera muy distinta las cosas, muy positivo el saldo de este movimiento y lo coment\u00e1bamos, quiz\u00e1s es un foro que ya lleg\u00f3 para quedarse, ya veremos en el pr\u00f3ximo a\u00f1o en la edici\u00f3n del festival posiblemente sea un foro que tengamos que mantener\u201d<\/em>, mencion\u00f3.<\/p>\n<p>&nbsp;<\/p>\n<p>&nbsp;<\/p>\n<p>Para la edici\u00f3n 2020 del FAOT, se registr\u00f3 un aumento del 12 por ciento en actividades, afluencia y derrama econ\u00f3mica, precis\u00f3 el director general del ISC, lo que pone muy alta la meta de superar para la pr\u00f3xima edici\u00f3n del festival.<\/p>\n<p>&nbsp;<\/p>\n<p>&nbsp;<\/p>\n<p><em>\u201cFue un festival m\u00e1gico, quiz\u00e1s el m\u00e1s concurrido en su historia, el que nos exigi\u00f3 a nosotros como instituciones organizadoras atender al mayor n\u00famero de artistas en escena en estos 36 a\u00f1os que tiene el festival; estamos hablando de que en su conjunto los nueve d\u00edas tanto con las actividades oper\u00edsticas, foros alternos, las actividades que inician desde la ma\u00f1ana y terminan hasta las 11 de la noche de otros g\u00e9neros musicales o disciplinas art\u00edsticas, generaron una derrama econ\u00f3mica en \u00c1lamos superior a los 200 millones de pesos\u201d<\/em>, coment\u00f3.<\/p>\n<p>&nbsp;<\/p>\n<p>&nbsp;<\/p>\n<p>Para esta edici\u00f3n el FAOT acerc\u00f3 a la poblaci\u00f3n de otros municipios el arte y la cultura con subsedes en Cajeme, Cananea, Guaymas, Hermosillo, La Colorada, Nacozari de Garc\u00eda, Navojoa, Nogales, Puerto Pe\u00f1asco, Todos Santos (Baja California Sur), Ciudad de M\u00e9xico y en Scottsdale (Arizona), d\u00f3nde fue un \u00e9xito la variedad de actividades.<\/p>\n<p>&nbsp;<\/p>\n<p>&nbsp;<\/p>\n<p>Del 17 al 25 de enero se cont\u00f3 con los mejores exponentes del canto oper\u00edstico en el noroeste de M\u00e9xico, teniendo la presencia del ganador de la Medalla Alfonso Ortiz Tirado 2020, el tenor mexicano Ram\u00f3n Vargas acompa\u00f1ado de la Orquesta Filarm\u00f3nica de Sonora.<\/p>\n<p>&nbsp;<\/p>\n<p>&nbsp;<\/p>\n<p>Adem\u00e1s, cantaron en el recinto de Palacio Municipal la soprano Anabel de la Mora, la mezzosoprano Diana Peralta, el tenor Andr\u00e9s Carrillo, y al piano Alain del Real, bajo la producci\u00f3n del ganador al M\u00e9rito Art\u00edstico y Acad\u00e9mico 2020, Octavio Sosa.<\/p>\n<p>&nbsp;<\/p>\n<p>&nbsp;<\/p>\n<p>De igual manera, se vivi\u00f3 una noche espectacular el pasado viernes 24 de enero, cuando dirigidos por la Mtra. Teresa \u201cBeba\u201d Rodr\u00edguez, los j\u00f3venes integrantes de la segunda edici\u00f3n del Taller de \u00d3pera Alfonso Ortiz Tirado, acompa\u00f1ados de la Orquesta Filarm\u00f3nica de Sonora, tuvieron su concierto de cierre. Rosa Mar\u00eda D\u00e1vila Rivera, soprano y joven soprano ganadora del Reconocimiento al Talento Joven en Canto Oper\u00edstico FAOT 2020, tambi\u00e9n destac\u00f3 con su recital a piano, acompa\u00f1ada del pianista Alejandro Miyaki.<\/p>\n<p>&nbsp;<\/p>\n<p>PUBLICADO EL 27\/01\/2020)<\/p>\n","protected":false},"excerpt":{"rendered":"<p>HERMOSILLO, SONORA. MX. \u2014\u00a0 Gracias a la coordinaci\u00f3n entre los tres niveles de gobierno, los&#8230;<\/p>\n","protected":false},"author":1,"featured_media":76581,"comment_status":"open","ping_status":"open","sticky":false,"template":"","format":"standard","meta":{"_monsterinsights_skip_tracking":false,"_monsterinsights_sitenote_active":false,"_monsterinsights_sitenote_note":"","_monsterinsights_sitenote_category":0,"footnotes":""},"categories":[9],"tags":[],"class_list":["post"],"yoast_head":" \n<title>Sonora en Equipo. Todo un \u00e9xito, con saldo blanco, el FAOT 2020: Mario Welfo \u00c1lvarez Etc\u00e9tera<\/title>\n<meta name=\"description\" content=\"HERMOSILLO, SONORA. MX. \u2014\u00a0 Gracias a la coordinaci\u00f3n entre los tres niveles de gobierno, los asistentes al Festival Alfonso Ortiz Tirado (FAOT), pudieron En Sonora en Equipo publicamos toda la informaci\u00f3n de Sonora, M\u00e9xico y el Mundo de manera oportuna y busca que la libertad de expresi\u00f3n sea real. Visita nuestro medio informativo publicado desde Hermosillo, Sonora. %\" \/>\n<meta name=\"robots\" content=\"index, follow, max-snippet:-1, max-image-preview:large, max-video-preview:-1\" \/>\n<link rel=\"canonical\" href=\"https:\/\/www.sonoraenequipo.com.mx\/todo-un-exito-con-saldo-blanco-el-faot-2020-mario-welfo-alvarez\/\" \/>\n<meta property=\"og:locale\" content=\"es_ES\" \/>\n<meta property=\"og:type\" content=\"article\" \/>\n<meta property=\"og:title\" content=\"Sonora en Equipo. Todo un \u00e9xito, con saldo blanco, el FAOT 2020: Mario Welfo \u00c1lvarez Etc\u00e9tera\" \/>\n<meta property=\"og:description\" content=\"HERMOSILLO, SONORA. MX. \u2014\u00a0 Gracias a la coordinaci\u00f3n entre los tres niveles de gobierno, los asistentes al Festival Alfonso Ortiz Tirado (FAOT), pudieron En Sonora en Equipo publicamos toda la informaci\u00f3n de Sonora, M\u00e9xico y el Mundo de manera oportuna y busca que la libertad de expresi\u00f3n sea real. Visita nuestro medio informativo publicado desde Hermosillo, Sonora. %\" \/>\n<meta property=\"og:url\" content=\"https:\/\/www.sonoraenequipo.com.mx\/todo-un-exito-con-saldo-blanco-el-faot-2020-mario-welfo-alvarez\/\" \/>\n<meta property=\"og:site_name\" content=\"Sonora en Equipo.\" \/>\n<meta property=\"article:publisher\" content=\"https:\/\/www.facebook.com\/SonoraEE\/\" \/>\n<meta property=\"article:author\" content=\"https:\/\/www.facebook.com\/SonoraEE\" \/>\n<meta property=\"article:published_time\" content=\"2020-01-28T03:25:49+00:00\" \/>\n<meta property=\"og:image\" content=\"https:\/\/www.sonoraenequipo.com.mx\/storage\/2020\/01\/el-FAOT-2020-1_opt.jpg\" \/>\n\t<meta property=\"og:image:width\" content=\"533\" \/>\n\t<meta property=\"og:image:height\" content=\"350\" \/>\n\t<meta property=\"og:image:type\" content=\"image\/jpeg\" \/>\n<meta name=\"author\" content=\"enequipo\" \/>\n<meta name=\"twitter:card\" content=\"summary_large_image\" \/>\n<meta name=\"twitter:creator\" content=\"@sonoraenequipo\" \/>\n<meta name=\"twitter:site\" content=\"@sonoraenequipo\" \/>\n<meta name=\"twitter:label1\" content=\"Escrito por\" \/>\n\t<meta name=\"twitter:data1\" content=\"enequipo\" \/>\n\t<meta name=\"twitter:label2\" content=\"Tiempo de lectura\" \/>\n\t<meta name=\"twitter:data2\" content=\"4 minutos\" \/>\n<script type=\"application\/ld+json\" class=\"yoast-schema-graph\">{\"@context\":\"https:\/\/schema.org\",\"@graph\":[{\"@type\":\"Article\",\"@id\":\"https:\/\/www.sonoraenequipo.com.mx\/todo-un-exito-con-saldo-blanco-el-faot-2020-mario-welfo-alvarez\/#article\",\"isPartOf\":{\"@id\":\"https:\/\/www.sonoraenequipo.com.mx\/todo-un-exito-con-saldo-blanco-el-faot-2020-mario-welfo-alvarez\/\"},\"author\":{\"name\":\"enequipo\",\"@id\":\"https:\/\/www.sonoraenequipo.com.mx\/#\/schema\/person\/50102df0fb23a8fa9e8effad8fa81386\"},\"headline\":\"Todo un \u00e9xito, con saldo blanco, el FAOT 2020: Mario Welfo \u00c1lvarez\",\"datePublished\":\"2020-01-28T03:25:49+00:00\",\"mainEntityOfPage\":{\"@id\":\"https:\/\/www.sonoraenequipo.com.mx\/todo-un-exito-con-saldo-blanco-el-faot-2020-mario-welfo-alvarez\/\"},\"wordCount\":745,\"commentCount\":0,\"publisher\":{\"@id\":\"https:\/\/www.sonoraenequipo.com.mx\/#organization\"},\"image\":{\"@id\":\"https:\/\/www.sonoraenequipo.com.mx\/todo-un-exito-con-saldo-blanco-el-faot-2020-mario-welfo-alvarez\/#primaryimage\"},\"thumbnailUrl\":\"https:\/\/www.sonoraenequipo.com.mx\/storage\/2020\/01\/el-FAOT-2020-1_opt.jpg\",\"articleSection\":[\"Etc\u00e9tera\"],\"inLanguage\":\"es\",\"potentialAction\":[{\"@type\":\"CommentAction\",\"name\":\"Comment\",\"target\":[\"https:\/\/www.sonoraenequipo.com.mx\/todo-un-exito-con-saldo-blanco-el-faot-2020-mario-welfo-alvarez\/#respond\"]}]},{\"@type\":\"WebPage\",\"@id\":\"https:\/\/www.sonoraenequipo.com.mx\/todo-un-exito-con-saldo-blanco-el-faot-2020-mario-welfo-alvarez\/\",\"url\":\"https:\/\/www.sonoraenequipo.com.mx\/todo-un-exito-con-saldo-blanco-el-faot-2020-mario-welfo-alvarez\/\",\"name\":\"Sonora en Equipo. Todo un \u00e9xito, con saldo blanco, el FAOT 2020: Mario Welfo \u00c1lvarez Etc\u00e9tera\",\"isPartOf\":{\"@id\":\"https:\/\/www.sonoraenequipo.com.mx\/#website\"},\"primaryImageOfPage\":{\"@id\":\"https:\/\/www.sonoraenequipo.com.mx\/todo-un-exito-con-saldo-blanco-el-faot-2020-mario-welfo-alvarez\/#primaryimage\"},\"image\":{\"@id\":\"https:\/\/www.sonoraenequipo.com.mx\/todo-un-exito-con-saldo-blanco-el-faot-2020-mario-welfo-alvarez\/#primaryimage\"},\"thumbnailUrl\":\"https:\/\/www.sonoraenequipo.com.mx\/storage\/2020\/01\/el-FAOT-2020-1_opt.jpg\",\"datePublished\":\"2020-01-28T03:25:49+00:00\",\"description\":\"HERMOSILLO, SONORA. MX. \u2014\u00a0 Gracias a la coordinaci\u00f3n entre los tres niveles de gobierno, los asistentes al Festival Alfonso Ortiz Tirado (FAOT), pudieron En Sonora en Equipo publicamos toda la informaci\u00f3n de Sonora, M\u00e9xico y el Mundo de manera oportuna y busca que la libertad de expresi\u00f3n sea real. Visita nuestro medio informativo publicado desde Hermosillo, Sonora. %\",\"breadcrumb\":{\"@id\":\"https:\/\/www.sonoraenequipo.com.mx\/todo-un-exito-con-saldo-blanco-el-faot-2020-mario-welfo-alvarez\/#breadcrumb\"},\"inLanguage\":\"es\",\"potentialAction\":[{\"@type\":\"ReadAction\",\"target\":[\"https:\/\/www.sonoraenequipo.com.mx\/todo-un-exito-con-saldo-blanco-el-faot-2020-mario-welfo-alvarez\/\"]}]},{\"@type\":\"ImageObject\",\"inLanguage\":\"es\",\"@id\":\"https:\/\/www.sonoraenequipo.com.mx\/todo-un-exito-con-saldo-blanco-el-faot-2020-mario-welfo-alvarez\/#primaryimage\",\"url\":\"https:\/\/www.sonoraenequipo.com.mx\/storage\/2020\/01\/el-FAOT-2020-1_opt.jpg\",\"contentUrl\":\"https:\/\/www.sonoraenequipo.com.mx\/storage\/2020\/01\/el-FAOT-2020-1_opt.jpg\",\"width\":533,\"height\":350},{\"@type\":\"BreadcrumbList\",\"@id\":\"https:\/\/www.sonoraenequipo.com.mx\/todo-un-exito-con-saldo-blanco-el-faot-2020-mario-welfo-alvarez\/#breadcrumb\",\"itemListElement\":[{\"@type\":\"ListItem\",\"position\":1,\"name\":\"Portada\",\"item\":\"https:\/\/www.sonoraenequipo.com.mx\/\"},{\"@type\":\"ListItem\",\"position\":2,\"name\":\"Todo un \u00e9xito, con saldo blanco, el FAOT 2020: Mario Welfo \u00c1lvarez\"}]},{\"@type\":\"WebSite\",\"@id\":\"https:\/\/www.sonoraenequipo.com.mx\/#website\",\"url\":\"https:\/\/www.sonoraenequipo.com.mx\/\",\"name\":\"Sonora en Equipo.\",\"description\":\"Diario en l\u00ednea con Noticias desde Hermosillo, Sonora\",\"publisher\":{\"@id\":\"https:\/\/www.sonoraenequipo.com.mx\/#organization\"},\"potentialAction\":[{\"@type\":\"SearchAction\",\"target\":{\"@type\":\"EntryPoint\",\"urlTemplate\":\"https:\/\/www.sonoraenequipo.com.mx\/?s={search_term_string}\"},\"query-input\":{\"@type\":\"PropertyValueSpecification\",\"valueRequired\":true,\"valueName\":\"search_term_string\"}}],\"inLanguage\":\"es\"},{\"@type\":\"Organization\",\"@id\":\"https:\/\/www.sonoraenequipo.com.mx\/#organization\",\"name\":\"Sonoraenequipo.com.mx\",\"url\":\"https:\/\/www.sonoraenequipo.com.mx\/\",\"logo\":{\"@type\":\"ImageObject\",\"inLanguage\":\"es\",\"@id\":\"https:\/\/www.sonoraenequipo.com.mx\/#\/schema\/logo\/image\/\",\"url\":\"https:\/\/www.sonoraenequipo.com.mx\/storage\/2019\/01\/sonoraenequipo_opt.png\",\"contentUrl\":\"https:\/\/www.sonoraenequipo.com.mx\/storage\/2019\/01\/sonoraenequipo_opt.png\",\"width\":375,\"height\":125,\"caption\":\"Sonoraenequipo.com.mx\"},\"image\":{\"@id\":\"https:\/\/www.sonoraenequipo.com.mx\/#\/schema\/logo\/image\/\"},\"sameAs\":[\"https:\/\/www.facebook.com\/SonoraEE\/\",\"https:\/\/x.com\/sonoraenequipo\",\"https:\/\/www.youtube.com\/channel\/UC338nW-lPEYmJQs4ZABQ1SQ\"]},{\"@type\":\"Person\",\"@id\":\"https:\/\/www.sonoraenequipo.com.mx\/#\/schema\/person\/50102df0fb23a8fa9e8effad8fa81386\",\"name\":\"enequipo\",\"image\":{\"@type\":\"ImageObject\",\"inLanguage\":\"es\",\"@id\":\"https:\/\/www.sonoraenequipo.com.mx\/#\/schema\/person\/image\/\",\"url\":\"https:\/\/secure.gravatar.com\/avatar\/049821681b589dabc0bc20695993ccebb09f5b5d4d790cd9251b97faac7c652b?s=96&d=blank&r=g\",\"contentUrl\":\"https:\/\/secure.gravatar.com\/avatar\/049821681b589dabc0bc20695993ccebb09f5b5d4d790cd9251b97faac7c652b?s=96&d=blank&r=g\",\"caption\":\"enequipo\"},\"sameAs\":[\"https:\/\/www.facebook.com\/SonoraEE\"]}]}<\/script>\n ","yoast_head_json":{"title":"Sonora en Equipo. Todo un \u00e9xito, con saldo blanco, el FAOT 2020: Mario Welfo \u00c1lvarez Etc\u00e9tera","description":"HERMOSILLO, SONORA. MX. \u2014\u00a0 Gracias a la coordinaci\u00f3n entre los tres niveles de gobierno, los asistentes al Festival Alfonso Ortiz Tirado (FAOT), pudieron En Sonora en Equipo publicamos toda la informaci\u00f3n de Sonora, M\u00e9xico y el Mundo de manera oportuna y busca que la libertad de expresi\u00f3n sea real. Visita nuestro medio informativo publicado desde Hermosillo, Sonora. %","robots":{"index":"index","follow":"follow","max-snippet":"max-snippet:-1","max-image-preview":"max-image-preview:large","max-video-preview":"max-video-preview:-1"},"canonical":"https:\/\/www.sonoraenequipo.com.mx\/todo-un-exito-con-saldo-blanco-el-faot-2020-mario-welfo-alvarez\/","og_locale":"es_ES","og_type":"article","og_title":"Sonora en Equipo. Todo un \u00e9xito, con saldo blanco, el FAOT 2020: Mario Welfo \u00c1lvarez Etc\u00e9tera","og_description":"HERMOSILLO, SONORA. MX. \u2014\u00a0 Gracias a la coordinaci\u00f3n entre los tres niveles de gobierno, los asistentes al Festival Alfonso Ortiz Tirado (FAOT), pudieron En Sonora en Equipo publicamos toda la informaci\u00f3n de Sonora, M\u00e9xico y el Mundo de manera oportuna y busca que la libertad de expresi\u00f3n sea real. Visita nuestro medio informativo publicado desde Hermosillo, Sonora. %","og_url":"https:\/\/www.sonoraenequipo.com.mx\/todo-un-exito-con-saldo-blanco-el-faot-2020-mario-welfo-alvarez\/","og_site_name":"Sonora en Equipo.","article_publisher":"https:\/\/www.facebook.com\/SonoraEE\/","article_author":"https:\/\/www.facebook.com\/SonoraEE","article_published_time":"2020-01-28T03:25:49+00:00","og_image":[{"width":533,"height":350,"url":"https:\/\/www.sonoraenequipo.com.mx\/storage\/2020\/01\/el-FAOT-2020-1_opt.jpg","type":"image\/jpeg"}],"author":"enequipo","twitter_card":"summary_large_image","twitter_creator":"@sonoraenequipo","twitter_site":"@sonoraenequipo","twitter_misc":{"Escrito por":"enequipo","Tiempo de lectura":"4 minutos"},"schema":{"@context":"https:\/\/schema.org","@graph":[{"@type":"Article","@id":"https:\/\/www.sonoraenequipo.com.mx\/todo-un-exito-con-saldo-blanco-el-faot-2020-mario-welfo-alvarez\/#article","isPartOf":{"@id":"https:\/\/www.sonoraenequipo.com.mx\/todo-un-exito-con-saldo-blanco-el-faot-2020-mario-welfo-alvarez\/"},"author":{"name":"enequipo","@id":"https:\/\/www.sonoraenequipo.com.mx\/#\/schema\/person\/50102df0fb23a8fa9e8effad8fa81386"},"headline":"Todo un \u00e9xito, con saldo blanco, el FAOT 2020: Mario Welfo \u00c1lvarez","datePublished":"2020-01-28T03:25:49+00:00","mainEntityOfPage":{"@id":"https:\/\/www.sonoraenequipo.com.mx\/todo-un-exito-con-saldo-blanco-el-faot-2020-mario-welfo-alvarez\/"},"wordCount":745,"commentCount":0,"publisher":{"@id":"https:\/\/www.sonoraenequipo.com.mx\/#organization"},"image":{"@id":"https:\/\/www.sonoraenequipo.com.mx\/todo-un-exito-con-saldo-blanco-el-faot-2020-mario-welfo-alvarez\/#primaryimage"},"thumbnailUrl":"https:\/\/www.sonoraenequipo.com.mx\/storage\/2020\/01\/el-FAOT-2020-1_opt.jpg","articleSection":["Etc\u00e9tera"],"inLanguage":"es","potentialAction":[{"@type":"CommentAction","name":"Comment","target":["https:\/\/www.sonoraenequipo.com.mx\/todo-un-exito-con-saldo-blanco-el-faot-2020-mario-welfo-alvarez\/#respond"]}]},{"@type":"WebPage","@id":"https:\/\/www.sonoraenequipo.com.mx\/todo-un-exito-con-saldo-blanco-el-faot-2020-mario-welfo-alvarez\/","url":"https:\/\/www.sonoraenequipo.com.mx\/todo-un-exito-con-saldo-blanco-el-faot-2020-mario-welfo-alvarez\/","name":"Sonora en Equipo. Todo un \u00e9xito, con saldo blanco, el FAOT 2020: Mario Welfo \u00c1lvarez Etc\u00e9tera","isPartOf":{"@id":"https:\/\/www.sonoraenequipo.com.mx\/#website"},"primaryImageOfPage":{"@id":"https:\/\/www.sonoraenequipo.com.mx\/todo-un-exito-con-saldo-blanco-el-faot-2020-mario-welfo-alvarez\/#primaryimage"},"image":{"@id":"https:\/\/www.sonoraenequipo.com.mx\/todo-un-exito-con-saldo-blanco-el-faot-2020-mario-welfo-alvarez\/#primaryimage"},"thumbnailUrl":"https:\/\/www.sonoraenequipo.com.mx\/storage\/2020\/01\/el-FAOT-2020-1_opt.jpg","datePublished":"2020-01-28T03:25:49+00:00","description":"HERMOSILLO, SONORA. MX. \u2014\u00a0 Gracias a la coordinaci\u00f3n entre los tres niveles de gobierno, los asistentes al Festival Alfonso Ortiz Tirado (FAOT), pudieron En Sonora en Equipo publicamos toda la informaci\u00f3n de Sonora, M\u00e9xico y el Mundo de manera oportuna y busca que la libertad de expresi\u00f3n sea real. Visita nuestro medio informativo publicado desde Hermosillo, Sonora. %","breadcrumb":{"@id":"https:\/\/www.sonoraenequipo.com.mx\/todo-un-exito-con-saldo-blanco-el-faot-2020-mario-welfo-alvarez\/#breadcrumb"},"inLanguage":"es","potentialAction":[{"@type":"ReadAction","target":["https:\/\/www.sonoraenequipo.com.mx\/todo-un-exito-con-saldo-blanco-el-faot-2020-mario-welfo-alvarez\/"]}]},{"@type":"ImageObject","inLanguage":"es","@id":"https:\/\/www.sonoraenequipo.com.mx\/todo-un-exito-con-saldo-blanco-el-faot-2020-mario-welfo-alvarez\/#primaryimage","url":"https:\/\/www.sonoraenequipo.com.mx\/storage\/2020\/01\/el-FAOT-2020-1_opt.jpg","contentUrl":"https:\/\/www.sonoraenequipo.com.mx\/storage\/2020\/01\/el-FAOT-2020-1_opt.jpg","width":533,"height":350},{"@type":"BreadcrumbList","@id":"https:\/\/www.sonoraenequipo.com.mx\/todo-un-exito-con-saldo-blanco-el-faot-2020-mario-welfo-alvarez\/#breadcrumb","itemListElement":[{"@type":"ListItem","position":1,"name":"Portada","item":"https:\/\/www.sonoraenequipo.com.mx\/"},{"@type":"ListItem","position":2,"name":"Todo un \u00e9xito, con saldo blanco, el FAOT 2020: Mario Welfo \u00c1lvarez"}]},{"@type":"WebSite","@id":"https:\/\/www.sonoraenequipo.com.mx\/#website","url":"https:\/\/www.sonoraenequipo.com.mx\/","name":"Sonora en Equipo.","description":"Diario en l\u00ednea con Noticias desde Hermosillo, Sonora","publisher":{"@id":"https:\/\/www.sonoraenequipo.com.mx\/#organization"},"potentialAction":[{"@type":"SearchAction","target":{"@type":"EntryPoint","urlTemplate":"https:\/\/www.sonoraenequipo.com.mx\/?s={search_term_string}"},"query-input":{"@type":"PropertyValueSpecification","valueRequired":true,"valueName":"search_term_string"}}],"inLanguage":"es"},{"@type":"Organization","@id":"https:\/\/www.sonoraenequipo.com.mx\/#organization","name":"Sonoraenequipo.com.mx","url":"https:\/\/www.sonoraenequipo.com.mx\/","logo":{"@type":"ImageObject","inLanguage":"es","@id":"https:\/\/www.sonoraenequipo.com.mx\/#\/schema\/logo\/image\/","url":"https:\/\/www.sonoraenequipo.com.mx\/storage\/2019\/01\/sonoraenequipo_opt.png","contentUrl":"https:\/\/www.sonoraenequipo.com.mx\/storage\/2019\/01\/sonoraenequipo_opt.png","width":375,"height":125,"caption":"Sonoraenequipo.com.mx"},"image":{"@id":"https:\/\/www.sonoraenequipo.com.mx\/#\/schema\/logo\/image\/"},"sameAs":["https:\/\/www.facebook.com\/SonoraEE\/","https:\/\/x.com\/sonoraenequipo","https:\/\/www.youtube.com\/channel\/UC338nW-lPEYmJQs4ZABQ1SQ"]},{"@type":"Person","@id":"https:\/\/www.sonoraenequipo.com.mx\/#\/schema\/person\/50102df0fb23a8fa9e8effad8fa81386","name":"enequipo","image":{"@type":"ImageObject","inLanguage":"es","@id":"https:\/\/www.sonoraenequipo.com.mx\/#\/schema\/person\/image\/","url":"https:\/\/secure.gravatar.com\/avatar\/049821681b589dabc0bc20695993ccebb09f5b5d4d790cd9251b97faac7c652b?s=96&d=blank&r=g","contentUrl":"https:\/\/secure.gravatar.com\/avatar\/049821681b589dabc0bc20695993ccebb09f5b5d4d790cd9251b97faac7c652b?s=96&d=blank&r=g","caption":"enequipo"},"sameAs":["https:\/\/www.facebook.com\/SonoraEE"]}]}},"jetpack_featured_media_url":"https:\/\/www.sonoraenequipo.com.mx\/storage\/2020\/01\/el-FAOT-2020-1_opt.jpg","_links":{"self":[{"href":"https:\/\/www.sonoraenequipo.com.mx\/api\/wp\/v2\/posts\/76595","targetHints":{"allow":["GET"]}}],"collection":[{"href":"https:\/\/www.sonoraenequipo.com.mx\/api\/wp\/v2\/posts"}],"about":[{"href":"https:\/\/www.sonoraenequipo.com.mx\/api\/wp\/v2\/types\/post"}],"author":[{"embeddable":true,"href":"https:\/\/www.sonoraenequipo.com.mx\/api\/wp\/v2\/users\/1"}],"replies":[{"embeddable":true,"href":"https:\/\/www.sonoraenequipo.com.mx\/api\/wp\/v2\/comments?post=76595"}],"version-history":[{"count":0,"href":"https:\/\/www.sonoraenequipo.com.mx\/api\/wp\/v2\/posts\/76595\/revisions"}],"wp:featuredmedia":[{"embeddable":true,"href":"https:\/\/www.sonoraenequipo.com.mx\/api\/wp\/v2\/media\/76581"}],"wp:attachment":[{"href":"https:\/\/www.sonoraenequipo.com.mx\/api\/wp\/v2\/media?parent=76595"}],"wp:term":[{"taxonomy":"category","embeddable":true,"href":"https:\/\/www.sonoraenequipo.com.mx\/api\/wp\/v2\/categories?post=76595"},{"taxonomy":"post_tag","embeddable":true,"href":"https:\/\/www.sonoraenequipo.com.mx\/api\/wp\/v2\/tags?post=76595"}],"curies":[{"name":"wp","href":"https:\/\/api.w.org\/{rel}","templated":true}]}}