{"id":76597,"date":"2020-01-27T21:36:36","date_gmt":"2020-01-28T04:36:36","guid":{"rendered":"https:\/\/www.sonoraenequipo.com.mx\/?p=76597"},"modified":"2020-01-27T18:19:47","modified_gmt":"2020-01-28T01:19:47","slug":"pri-sonora-cuestiona-crecimiento-del-pais","status":"publish","type":"post","link":"https:\/\/www.sonoraenequipo.com.mx\/pri-sonora-cuestiona-crecimiento-del-pais\/","title":{"rendered":"PRI Sonora cuestiona crecimiento del pa\u00eds"},"content":{"rendered":"<p>HERMOSILLO, SONORA. MX. \u2014 Las malas decisiones e improvisaciones del gobierno de Morena han provocado un muy pobre incremento econ\u00f3mico para M\u00e9xico, inform\u00f3 el Presidente del PRI Sonora, Ernesto de Lucas Hopkins, basado en cifras reveladas por el Fondo Monetario Internacional (FMI) donde se\u00f1ala que el pron\u00f3stico de crecimiento pas\u00f3 de ser 1.3 en el mes de Octubre de 2019 a 1.0 en este mes de Enero, lo que representa que en 3 meses al frente del gobierno, ya se han devaluado nuestros bienes y servicios.<\/p>\n<p>&nbsp;<\/p>\n<p>&nbsp;<\/p>\n<p> <\/p>\n<p>&nbsp;<\/p>\n<p>&nbsp;<\/p>\n<p><em>\u201cSugerencias que se hacen en t\u00e9rminos de pol\u00edtica monetaria y pol\u00edtica fiscal que hoy tienen hacia nuestro pa\u00eds y con ocurrencias para desviar la atenci\u00f3n de problemas locales como la rifa del mentado avi\u00f3n, no solamente no nos ayudan si no que nos ponen en la tesitura de hacer un rid\u00edculo como pa\u00eds, algo que por a\u00f1os le ha venido costando bastante la rep\u00fablica y hoy por hoy desafortunadamente carecemos\u201d,<\/em> manifest\u00f3 De Lucas Hopinks.<\/p>\n<p>&nbsp;<\/p>\n<p>&nbsp;<\/p>\n<p>De igual forma Factores como el incremento en el costo de alimentos que integran la canasta b\u00e1sica 4.4% en tan s\u00f3lo unos d\u00edas en lo que va del a\u00f1o, representa una afectaci\u00f3n brutal a la econom\u00eda familiar.<\/p>\n<p>&nbsp;<\/p>\n<p>&nbsp;<\/p>\n<p>Por su parte el delegado del CEN del PRI en Sonora, Ricardo Barrroso Agramont, agrego que seg\u00fan datos del INFONAVIT, cada vez son menos las familias mexicanas que pueden aspirar a una vivienda propia, de forma que el sector inmobiliario ha disminuido la construcci\u00f3n de vivienda general un 19.9%, mientras que en la construcci\u00f3n de vivienda popular ha deca\u00eddo 30.9%. Adicionalmente la venta de autom\u00f3viles ha tenido y un decremento de 7.7%<\/p>\n<p>&nbsp;<\/p>\n<p>&nbsp;<\/p>\n<p><em>\u201cHoy triste y lamentablemente, lo digo como Mexicano, han provocado una ola de decepci\u00f3n una ola de desesperanza y que desgraciadamente tienen a nuestro pa\u00eds hundido o paralizado en crecimiento econ\u00f3mico. Algo muy grave lo que anunciaron y prometieron en campa\u00f1a donde ofrec\u00edan a los millones de mexicanos que creyeron en el partido Morena que iban a tener la oportunidad de aspirar a tener un mejor nivel de vida, una vez m\u00e1s est\u00e1n est\u00e1n defraudando la confianza\u201d,<\/em> asever\u00f3 Barroso Agramont.<\/p>\n<p>&nbsp;<\/p>\n<p>&nbsp;<\/p>\n<p>El 2019, sin lugar a dudas, fue un a\u00f1o dif\u00edcil para nosotros los mexicanos, la econom\u00eda y la seguridad siguen siendo nuestros grandes verdugos. A la mitad de nuestras familias les preocupa su econom\u00eda mientras que a 3 de cada 10 su seguridad.<\/p>\n<p>&nbsp;<\/p>\n<p>&nbsp;<\/p>\n<p>PUBLICADO EL 27\/01\/2020)<\/p>\n","protected":false},"excerpt":{"rendered":"<p>HERMOSILLO, SONORA. MX. \u2014 Las malas decisiones e improvisaciones del gobierno de Morena han provocado&#8230;<\/p>\n","protected":false},"author":1,"featured_media":76586,"comment_status":"open","ping_status":"open","sticky":false,"template":"","format":"standard","meta":{"_monsterinsights_skip_tracking":false,"_monsterinsights_sitenote_active":false,"_monsterinsights_sitenote_note":"","_monsterinsights_sitenote_category":0,"footnotes":""},"categories":[22],"tags":[],"class_list":["post"],"yoast_head":" \n<title>Sonora en Equipo. PRI Sonora cuestiona crecimiento del pa\u00eds Sonora<\/title>\n<meta name=\"description\" content=\"HERMOSILLO, SONORA. MX. \u2014 Las malas decisiones e improvisaciones del gobierno de Morena han provocado un muy pobre incremento econ\u00f3mico para M\u00e9xico, En Sonora en Equipo publicamos toda la informaci\u00f3n de Sonora, M\u00e9xico y el Mundo de manera oportuna y busca que la libertad de expresi\u00f3n sea real. Visita nuestro medio informativo publicado desde Hermosillo, Sonora. %\" \/>\n<meta name=\"robots\" content=\"index, follow, max-snippet:-1, max-image-preview:large, max-video-preview:-1\" \/>\n<link rel=\"canonical\" href=\"https:\/\/www.sonoraenequipo.com.mx\/pri-sonora-cuestiona-crecimiento-del-pais\/\" \/>\n<meta property=\"og:locale\" content=\"es_ES\" \/>\n<meta property=\"og:type\" content=\"article\" \/>\n<meta property=\"og:title\" content=\"Sonora en Equipo. PRI Sonora cuestiona crecimiento del pa\u00eds Sonora\" \/>\n<meta property=\"og:description\" content=\"HERMOSILLO, SONORA. MX. \u2014 Las malas decisiones e improvisaciones del gobierno de Morena han provocado un muy pobre incremento econ\u00f3mico para M\u00e9xico, En Sonora en Equipo publicamos toda la informaci\u00f3n de Sonora, M\u00e9xico y el Mundo de manera oportuna y busca que la libertad de expresi\u00f3n sea real. Visita nuestro medio informativo publicado desde Hermosillo, Sonora. %\" \/>\n<meta property=\"og:url\" content=\"https:\/\/www.sonoraenequipo.com.mx\/pri-sonora-cuestiona-crecimiento-del-pais\/\" \/>\n<meta property=\"og:site_name\" content=\"Sonora en Equipo.\" \/>\n<meta property=\"article:publisher\" content=\"https:\/\/www.facebook.com\/SonoraEE\/\" \/>\n<meta property=\"article:author\" content=\"https:\/\/www.facebook.com\/SonoraEE\" \/>\n<meta property=\"article:published_time\" content=\"2020-01-28T04:36:36+00:00\" \/>\n<meta property=\"og:image\" content=\"https:\/\/www.sonoraenequipo.com.mx\/storage\/2020\/01\/regidoresPRI_opt.jpg\" \/>\n\t<meta property=\"og:image:width\" content=\"537\" \/>\n\t<meta property=\"og:image:height\" content=\"350\" \/>\n\t<meta property=\"og:image:type\" content=\"image\/jpeg\" \/>\n<meta name=\"author\" content=\"enequipo\" \/>\n<meta name=\"twitter:card\" content=\"summary_large_image\" \/>\n<meta name=\"twitter:creator\" content=\"@sonoraenequipo\" \/>\n<meta name=\"twitter:site\" content=\"@sonoraenequipo\" \/>\n<meta name=\"twitter:label1\" content=\"Escrito por\" \/>\n\t<meta name=\"twitter:data1\" content=\"enequipo\" \/>\n\t<meta name=\"twitter:label2\" content=\"Tiempo de lectura\" \/>\n\t<meta name=\"twitter:data2\" content=\"2 minutos\" \/>\n<script type=\"application\/ld+json\" class=\"yoast-schema-graph\">{\"@context\":\"https:\/\/schema.org\",\"@graph\":[{\"@type\":\"Article\",\"@id\":\"https:\/\/www.sonoraenequipo.com.mx\/pri-sonora-cuestiona-crecimiento-del-pais\/#article\",\"isPartOf\":{\"@id\":\"https:\/\/www.sonoraenequipo.com.mx\/pri-sonora-cuestiona-crecimiento-del-pais\/\"},\"author\":{\"name\":\"enequipo\",\"@id\":\"https:\/\/www.sonoraenequipo.com.mx\/#\/schema\/person\/50102df0fb23a8fa9e8effad8fa81386\"},\"headline\":\"PRI Sonora cuestiona crecimiento del pa\u00eds\",\"datePublished\":\"2020-01-28T04:36:36+00:00\",\"mainEntityOfPage\":{\"@id\":\"https:\/\/www.sonoraenequipo.com.mx\/pri-sonora-cuestiona-crecimiento-del-pais\/\"},\"wordCount\":440,\"commentCount\":0,\"publisher\":{\"@id\":\"https:\/\/www.sonoraenequipo.com.mx\/#organization\"},\"image\":{\"@id\":\"https:\/\/www.sonoraenequipo.com.mx\/pri-sonora-cuestiona-crecimiento-del-pais\/#primaryimage\"},\"thumbnailUrl\":\"https:\/\/www.sonoraenequipo.com.mx\/storage\/2020\/01\/regidoresPRI_opt.jpg\",\"articleSection\":[\"Sonora\"],\"inLanguage\":\"es\",\"potentialAction\":[{\"@type\":\"CommentAction\",\"name\":\"Comment\",\"target\":[\"https:\/\/www.sonoraenequipo.com.mx\/pri-sonora-cuestiona-crecimiento-del-pais\/#respond\"]}]},{\"@type\":\"WebPage\",\"@id\":\"https:\/\/www.sonoraenequipo.com.mx\/pri-sonora-cuestiona-crecimiento-del-pais\/\",\"url\":\"https:\/\/www.sonoraenequipo.com.mx\/pri-sonora-cuestiona-crecimiento-del-pais\/\",\"name\":\"Sonora en Equipo. PRI Sonora cuestiona crecimiento del pa\u00eds Sonora\",\"isPartOf\":{\"@id\":\"https:\/\/www.sonoraenequipo.com.mx\/#website\"},\"primaryImageOfPage\":{\"@id\":\"https:\/\/www.sonoraenequipo.com.mx\/pri-sonora-cuestiona-crecimiento-del-pais\/#primaryimage\"},\"image\":{\"@id\":\"https:\/\/www.sonoraenequipo.com.mx\/pri-sonora-cuestiona-crecimiento-del-pais\/#primaryimage\"},\"thumbnailUrl\":\"https:\/\/www.sonoraenequipo.com.mx\/storage\/2020\/01\/regidoresPRI_opt.jpg\",\"datePublished\":\"2020-01-28T04:36:36+00:00\",\"description\":\"HERMOSILLO, SONORA. MX. \u2014 Las malas decisiones e improvisaciones del gobierno de Morena han provocado un muy pobre incremento econ\u00f3mico para M\u00e9xico, En Sonora en Equipo publicamos toda la informaci\u00f3n de Sonora, M\u00e9xico y el Mundo de manera oportuna y busca que la libertad de expresi\u00f3n sea real. Visita nuestro medio informativo publicado desde Hermosillo, Sonora. %\",\"breadcrumb\":{\"@id\":\"https:\/\/www.sonoraenequipo.com.mx\/pri-sonora-cuestiona-crecimiento-del-pais\/#breadcrumb\"},\"inLanguage\":\"es\",\"potentialAction\":[{\"@type\":\"ReadAction\",\"target\":[\"https:\/\/www.sonoraenequipo.com.mx\/pri-sonora-cuestiona-crecimiento-del-pais\/\"]}]},{\"@type\":\"ImageObject\",\"inLanguage\":\"es\",\"@id\":\"https:\/\/www.sonoraenequipo.com.mx\/pri-sonora-cuestiona-crecimiento-del-pais\/#primaryimage\",\"url\":\"https:\/\/www.sonoraenequipo.com.mx\/storage\/2020\/01\/regidoresPRI_opt.jpg\",\"contentUrl\":\"https:\/\/www.sonoraenequipo.com.mx\/storage\/2020\/01\/regidoresPRI_opt.jpg\",\"width\":537,\"height\":350},{\"@type\":\"BreadcrumbList\",\"@id\":\"https:\/\/www.sonoraenequipo.com.mx\/pri-sonora-cuestiona-crecimiento-del-pais\/#breadcrumb\",\"itemListElement\":[{\"@type\":\"ListItem\",\"position\":1,\"name\":\"Portada\",\"item\":\"https:\/\/www.sonoraenequipo.com.mx\/\"},{\"@type\":\"ListItem\",\"position\":2,\"name\":\"PRI Sonora cuestiona crecimiento del pa\u00eds\"}]},{\"@type\":\"WebSite\",\"@id\":\"https:\/\/www.sonoraenequipo.com.mx\/#website\",\"url\":\"https:\/\/www.sonoraenequipo.com.mx\/\",\"name\":\"Sonora en Equipo.\",\"description\":\"Diario en l\u00ednea con Noticias desde Hermosillo, Sonora\",\"publisher\":{\"@id\":\"https:\/\/www.sonoraenequipo.com.mx\/#organization\"},\"potentialAction\":[{\"@type\":\"SearchAction\",\"target\":{\"@type\":\"EntryPoint\",\"urlTemplate\":\"https:\/\/www.sonoraenequipo.com.mx\/?s={search_term_string}\"},\"query-input\":{\"@type\":\"PropertyValueSpecification\",\"valueRequired\":true,\"valueName\":\"search_term_string\"}}],\"inLanguage\":\"es\"},{\"@type\":\"Organization\",\"@id\":\"https:\/\/www.sonoraenequipo.com.mx\/#organization\",\"name\":\"Sonoraenequipo.com.mx\",\"url\":\"https:\/\/www.sonoraenequipo.com.mx\/\",\"logo\":{\"@type\":\"ImageObject\",\"inLanguage\":\"es\",\"@id\":\"https:\/\/www.sonoraenequipo.com.mx\/#\/schema\/logo\/image\/\",\"url\":\"https:\/\/www.sonoraenequipo.com.mx\/storage\/2019\/01\/sonoraenequipo_opt.png\",\"contentUrl\":\"https:\/\/www.sonoraenequipo.com.mx\/storage\/2019\/01\/sonoraenequipo_opt.png\",\"width\":375,\"height\":125,\"caption\":\"Sonoraenequipo.com.mx\"},\"image\":{\"@id\":\"https:\/\/www.sonoraenequipo.com.mx\/#\/schema\/logo\/image\/\"},\"sameAs\":[\"https:\/\/www.facebook.com\/SonoraEE\/\",\"https:\/\/x.com\/sonoraenequipo\",\"https:\/\/www.youtube.com\/channel\/UC338nW-lPEYmJQs4ZABQ1SQ\"]},{\"@type\":\"Person\",\"@id\":\"https:\/\/www.sonoraenequipo.com.mx\/#\/schema\/person\/50102df0fb23a8fa9e8effad8fa81386\",\"name\":\"enequipo\",\"image\":{\"@type\":\"ImageObject\",\"inLanguage\":\"es\",\"@id\":\"https:\/\/www.sonoraenequipo.com.mx\/#\/schema\/person\/image\/\",\"url\":\"https:\/\/secure.gravatar.com\/avatar\/049821681b589dabc0bc20695993ccebb09f5b5d4d790cd9251b97faac7c652b?s=96&d=blank&r=g\",\"contentUrl\":\"https:\/\/secure.gravatar.com\/avatar\/049821681b589dabc0bc20695993ccebb09f5b5d4d790cd9251b97faac7c652b?s=96&d=blank&r=g\",\"caption\":\"enequipo\"},\"sameAs\":[\"https:\/\/www.facebook.com\/SonoraEE\"]}]}<\/script>\n ","yoast_head_json":{"title":"Sonora en Equipo. PRI Sonora cuestiona crecimiento del pa\u00eds Sonora","description":"HERMOSILLO, SONORA. MX. \u2014 Las malas decisiones e improvisaciones del gobierno de Morena han provocado un muy pobre incremento econ\u00f3mico para M\u00e9xico, En Sonora en Equipo publicamos toda la informaci\u00f3n de Sonora, M\u00e9xico y el Mundo de manera oportuna y busca que la libertad de expresi\u00f3n sea real. Visita nuestro medio informativo publicado desde Hermosillo, Sonora. %","robots":{"index":"index","follow":"follow","max-snippet":"max-snippet:-1","max-image-preview":"max-image-preview:large","max-video-preview":"max-video-preview:-1"},"canonical":"https:\/\/www.sonoraenequipo.com.mx\/pri-sonora-cuestiona-crecimiento-del-pais\/","og_locale":"es_ES","og_type":"article","og_title":"Sonora en Equipo. PRI Sonora cuestiona crecimiento del pa\u00eds Sonora","og_description":"HERMOSILLO, SONORA. MX. \u2014 Las malas decisiones e improvisaciones del gobierno de Morena han provocado un muy pobre incremento econ\u00f3mico para M\u00e9xico, En Sonora en Equipo publicamos toda la informaci\u00f3n de Sonora, M\u00e9xico y el Mundo de manera oportuna y busca que la libertad de expresi\u00f3n sea real. Visita nuestro medio informativo publicado desde Hermosillo, Sonora. %","og_url":"https:\/\/www.sonoraenequipo.com.mx\/pri-sonora-cuestiona-crecimiento-del-pais\/","og_site_name":"Sonora en Equipo.","article_publisher":"https:\/\/www.facebook.com\/SonoraEE\/","article_author":"https:\/\/www.facebook.com\/SonoraEE","article_published_time":"2020-01-28T04:36:36+00:00","og_image":[{"width":537,"height":350,"url":"https:\/\/www.sonoraenequipo.com.mx\/storage\/2020\/01\/regidoresPRI_opt.jpg","type":"image\/jpeg"}],"author":"enequipo","twitter_card":"summary_large_image","twitter_creator":"@sonoraenequipo","twitter_site":"@sonoraenequipo","twitter_misc":{"Escrito por":"enequipo","Tiempo de lectura":"2 minutos"},"schema":{"@context":"https:\/\/schema.org","@graph":[{"@type":"Article","@id":"https:\/\/www.sonoraenequipo.com.mx\/pri-sonora-cuestiona-crecimiento-del-pais\/#article","isPartOf":{"@id":"https:\/\/www.sonoraenequipo.com.mx\/pri-sonora-cuestiona-crecimiento-del-pais\/"},"author":{"name":"enequipo","@id":"https:\/\/www.sonoraenequipo.com.mx\/#\/schema\/person\/50102df0fb23a8fa9e8effad8fa81386"},"headline":"PRI Sonora cuestiona crecimiento del pa\u00eds","datePublished":"2020-01-28T04:36:36+00:00","mainEntityOfPage":{"@id":"https:\/\/www.sonoraenequipo.com.mx\/pri-sonora-cuestiona-crecimiento-del-pais\/"},"wordCount":440,"commentCount":0,"publisher":{"@id":"https:\/\/www.sonoraenequipo.com.mx\/#organization"},"image":{"@id":"https:\/\/www.sonoraenequipo.com.mx\/pri-sonora-cuestiona-crecimiento-del-pais\/#primaryimage"},"thumbnailUrl":"https:\/\/www.sonoraenequipo.com.mx\/storage\/2020\/01\/regidoresPRI_opt.jpg","articleSection":["Sonora"],"inLanguage":"es","potentialAction":[{"@type":"CommentAction","name":"Comment","target":["https:\/\/www.sonoraenequipo.com.mx\/pri-sonora-cuestiona-crecimiento-del-pais\/#respond"]}]},{"@type":"WebPage","@id":"https:\/\/www.sonoraenequipo.com.mx\/pri-sonora-cuestiona-crecimiento-del-pais\/","url":"https:\/\/www.sonoraenequipo.com.mx\/pri-sonora-cuestiona-crecimiento-del-pais\/","name":"Sonora en Equipo. PRI Sonora cuestiona crecimiento del pa\u00eds Sonora","isPartOf":{"@id":"https:\/\/www.sonoraenequipo.com.mx\/#website"},"primaryImageOfPage":{"@id":"https:\/\/www.sonoraenequipo.com.mx\/pri-sonora-cuestiona-crecimiento-del-pais\/#primaryimage"},"image":{"@id":"https:\/\/www.sonoraenequipo.com.mx\/pri-sonora-cuestiona-crecimiento-del-pais\/#primaryimage"},"thumbnailUrl":"https:\/\/www.sonoraenequipo.com.mx\/storage\/2020\/01\/regidoresPRI_opt.jpg","datePublished":"2020-01-28T04:36:36+00:00","description":"HERMOSILLO, SONORA. MX. \u2014 Las malas decisiones e improvisaciones del gobierno de Morena han provocado un muy pobre incremento econ\u00f3mico para M\u00e9xico, En Sonora en Equipo publicamos toda la informaci\u00f3n de Sonora, M\u00e9xico y el Mundo de manera oportuna y busca que la libertad de expresi\u00f3n sea real. Visita nuestro medio informativo publicado desde Hermosillo, Sonora. %","breadcrumb":{"@id":"https:\/\/www.sonoraenequipo.com.mx\/pri-sonora-cuestiona-crecimiento-del-pais\/#breadcrumb"},"inLanguage":"es","potentialAction":[{"@type":"ReadAction","target":["https:\/\/www.sonoraenequipo.com.mx\/pri-sonora-cuestiona-crecimiento-del-pais\/"]}]},{"@type":"ImageObject","inLanguage":"es","@id":"https:\/\/www.sonoraenequipo.com.mx\/pri-sonora-cuestiona-crecimiento-del-pais\/#primaryimage","url":"https:\/\/www.sonoraenequipo.com.mx\/storage\/2020\/01\/regidoresPRI_opt.jpg","contentUrl":"https:\/\/www.sonoraenequipo.com.mx\/storage\/2020\/01\/regidoresPRI_opt.jpg","width":537,"height":350},{"@type":"BreadcrumbList","@id":"https:\/\/www.sonoraenequipo.com.mx\/pri-sonora-cuestiona-crecimiento-del-pais\/#breadcrumb","itemListElement":[{"@type":"ListItem","position":1,"name":"Portada","item":"https:\/\/www.sonoraenequipo.com.mx\/"},{"@type":"ListItem","position":2,"name":"PRI Sonora cuestiona crecimiento del pa\u00eds"}]},{"@type":"WebSite","@id":"https:\/\/www.sonoraenequipo.com.mx\/#website","url":"https:\/\/www.sonoraenequipo.com.mx\/","name":"Sonora en Equipo.","description":"Diario en l\u00ednea con Noticias desde Hermosillo, Sonora","publisher":{"@id":"https:\/\/www.sonoraenequipo.com.mx\/#organization"},"potentialAction":[{"@type":"SearchAction","target":{"@type":"EntryPoint","urlTemplate":"https:\/\/www.sonoraenequipo.com.mx\/?s={search_term_string}"},"query-input":{"@type":"PropertyValueSpecification","valueRequired":true,"valueName":"search_term_string"}}],"inLanguage":"es"},{"@type":"Organization","@id":"https:\/\/www.sonoraenequipo.com.mx\/#organization","name":"Sonoraenequipo.com.mx","url":"https:\/\/www.sonoraenequipo.com.mx\/","logo":{"@type":"ImageObject","inLanguage":"es","@id":"https:\/\/www.sonoraenequipo.com.mx\/#\/schema\/logo\/image\/","url":"https:\/\/www.sonoraenequipo.com.mx\/storage\/2019\/01\/sonoraenequipo_opt.png","contentUrl":"https:\/\/www.sonoraenequipo.com.mx\/storage\/2019\/01\/sonoraenequipo_opt.png","width":375,"height":125,"caption":"Sonoraenequipo.com.mx"},"image":{"@id":"https:\/\/www.sonoraenequipo.com.mx\/#\/schema\/logo\/image\/"},"sameAs":["https:\/\/www.facebook.com\/SonoraEE\/","https:\/\/x.com\/sonoraenequipo","https:\/\/www.youtube.com\/channel\/UC338nW-lPEYmJQs4ZABQ1SQ"]},{"@type":"Person","@id":"https:\/\/www.sonoraenequipo.com.mx\/#\/schema\/person\/50102df0fb23a8fa9e8effad8fa81386","name":"enequipo","image":{"@type":"ImageObject","inLanguage":"es","@id":"https:\/\/www.sonoraenequipo.com.mx\/#\/schema\/person\/image\/","url":"https:\/\/secure.gravatar.com\/avatar\/049821681b589dabc0bc20695993ccebb09f5b5d4d790cd9251b97faac7c652b?s=96&d=blank&r=g","contentUrl":"https:\/\/secure.gravatar.com\/avatar\/049821681b589dabc0bc20695993ccebb09f5b5d4d790cd9251b97faac7c652b?s=96&d=blank&r=g","caption":"enequipo"},"sameAs":["https:\/\/www.facebook.com\/SonoraEE"]}]}},"jetpack_featured_media_url":"https:\/\/www.sonoraenequipo.com.mx\/storage\/2020\/01\/regidoresPRI_opt.jpg","_links":{"self":[{"href":"https:\/\/www.sonoraenequipo.com.mx\/api\/wp\/v2\/posts\/76597","targetHints":{"allow":["GET"]}}],"collection":[{"href":"https:\/\/www.sonoraenequipo.com.mx\/api\/wp\/v2\/posts"}],"about":[{"href":"https:\/\/www.sonoraenequipo.com.mx\/api\/wp\/v2\/types\/post"}],"author":[{"embeddable":true,"href":"https:\/\/www.sonoraenequipo.com.mx\/api\/wp\/v2\/users\/1"}],"replies":[{"embeddable":true,"href":"https:\/\/www.sonoraenequipo.com.mx\/api\/wp\/v2\/comments?post=76597"}],"version-history":[{"count":0,"href":"https:\/\/www.sonoraenequipo.com.mx\/api\/wp\/v2\/posts\/76597\/revisions"}],"wp:featuredmedia":[{"embeddable":true,"href":"https:\/\/www.sonoraenequipo.com.mx\/api\/wp\/v2\/media\/76586"}],"wp:attachment":[{"href":"https:\/\/www.sonoraenequipo.com.mx\/api\/wp\/v2\/media?parent=76597"}],"wp:term":[{"taxonomy":"category","embeddable":true,"href":"https:\/\/www.sonoraenequipo.com.mx\/api\/wp\/v2\/categories?post=76597"},{"taxonomy":"post_tag","embeddable":true,"href":"https:\/\/www.sonoraenequipo.com.mx\/api\/wp\/v2\/tags?post=76597"}],"curies":[{"name":"wp","href":"https:\/\/api.w.org\/{rel}","templated":true}]}}