{"id":76603,"date":"2020-01-27T23:55:48","date_gmt":"2020-01-28T06:55:48","guid":{"rendered":"https:\/\/www.sonoraenequipo.com.mx\/?p=76603"},"modified":"2020-01-27T18:41:29","modified_gmt":"2020-01-28T01:41:29","slug":"hay-necesidad-de-iniciar-una-campana-de-orientacion-para-el-consumo-de-alimentos-asegura-amlo","status":"publish","type":"post","link":"https:\/\/www.sonoraenequipo.com.mx\/hay-necesidad-de-iniciar-una-campana-de-orientacion-para-el-consumo-de-alimentos-asegura-amlo\/","title":{"rendered":"Hay necesidad de iniciar \u201cuna campa\u00f1a de orientaci\u00f3n para el consumo de alimentos\u201d asegura AMLO"},"content":{"rendered":"<p>AMLO recomienda consumir alimentos del campo mexicano en pro del medio ambiente.<\/p>\n<p>Seg\u00fan el INEGI, M\u00e9xico es el primer exportador mundial de frutas como el aguacate, el tomate y el mango<\/p>\n<p> <\/p>\n<p>CIUDAD DE M\u00c9XICO. MX. \u2014 El presidente, Andr\u00e9s Manuel L\u00f3pez Obrador (AMLO), recomend\u00f3 este lunes a consumir alimentos tradicionales y naturales del campo mexicano para ayudar a proteger el medio ambiente, despu\u00e9s de que el domingo se celebr\u00f3 el D\u00eda Mundial de la Educaci\u00f3n Ambiental.<\/p>\n<p>El presidente, en su conferencia matutina, destac\u00f3 la necesidad de iniciar<em> \u201cuna campa\u00f1a de orientaci\u00f3n para el consumo de alimentos\u201d<\/em> y enumer\u00f3 algunos de los m\u00e1s importantes de la agricultura nacional.<\/p>\n<p><em><img loading=\"lazy\" decoding=\"async\" class=\"size-full  x-right\" src=\"https:\/\/www.sonoraenequipo.com.mx\/storage\/2020\/01\/maiz_opt.jpg\" alt=\"\" width=\"544\" height=\"408\" \/>\u201cEl frijol, tan desacreditado y al mismo tiempo tan nutritivo en prote\u00edna. De lo mejor que nos da la naturaleza. Y el ma\u00edz, planta bendita\u201d,<\/em> describi\u00f3 para animar a su uso.<\/p>\n<p>Sin embargo, las exportaciones de frijol de M\u00e9xico, seg\u00fan el Centro de Informaci\u00f3n de Mercados Agr\u00edcolas (CIMA), bajar\u00e1n un 30% en el pr\u00f3ximo a\u00f1o comercial, mientras que las importaciones aumentar\u00e1n en un 48%.<\/p>\n<p>Del mismo modo, el CIMA prev\u00e9 un crecimiento en las importaciones del ma\u00edz del 2.1% y una desaceleraci\u00f3n del 10.8% en las exportaciones de ese cereal.<\/p>\n<p>L\u00f3pez Obrador habl\u00f3 tambi\u00e9n sobre la producci\u00f3n frutal de M\u00e9xico y se dijo <em>\u201cdichoso\u201d<\/em> por la variedad de la que dispone el pa\u00eds en ese alimento, algo que <em>\u201cya quisieran en otras partes\u201d.<\/em><\/p>\n<p>Seg\u00fan el Instituto Nacional de Geograf\u00eda y Estad\u00edstica (INEGI), M\u00e9xico es el primer exportador mundial de frutas como el aguacate, el tomate y el mango.<\/p>\n<p><img loading=\"lazy\" decoding=\"async\" class=\"size-medium  x-left\" src=\"https:\/\/www.sonoraenequipo.com.mx\/storage\/2020\/01\/durazno_opt-600x311.jpg\" alt=\"\" width=\"600\" height=\"311\" \/>El mandatario calific\u00f3 estas campa\u00f1as como <em>\u201cm\u00e1s importantes\u201d<\/em> que los cambios en el etiquetado de los alimentos procesados, una negociaci\u00f3n que se est\u00e1 llevando a cabo para clarificar lo que se consume.<\/p>\n<p><em>\u201cLas campa\u00f1as de informaci\u00f3n, de orientaci\u00f3n, de concienciaci\u00f3n. Eso es lo que verdaderamente modifica las actitudes de la gente. La revoluci\u00f3n de las conciencias. El cambio de mentalidad\u201d,<\/em> explic\u00f3 L\u00f3pez Obrador, quien asegur\u00f3 que la nueva generaci\u00f3n \u201cya piensa totalmente distinto\u201d en el aspecto medioambiental.<\/p>\n<p>La representante de la Organizaci\u00f3n de las Naciones Unidas para la Alimentaci\u00f3n y la Agricultura (FAO) en M\u00e9xico, Lina Pohl, dijo recientemente que los cambios en el etiquetado son un <em>\u201cprogreso extraordinario\u201d<\/em> en materia de concienciaci\u00f3n ambiental.<\/p>\n<p>Pohl augur\u00f3 que los etiquetados, en su siguiente avance, contendr\u00e1n informaci\u00f3n de c\u00f3mo se producen los alimentos y de qu\u00e9 recursos naturales se usaron para elaborarlos.<\/p>\n<p>PUBLICADO EL 27\/01\/2020)<\/p>\n","protected":false},"excerpt":{"rendered":"<p>AMLO recomienda consumir alimentos del campo mexicano en pro del medio ambiente. Seg\u00fan el INEGI,&#8230;<\/p>\n","protected":false},"author":1,"featured_media":76606,"comment_status":"open","ping_status":"open","sticky":false,"template":"","format":"standard","meta":{"_monsterinsights_skip_tracking":false,"_monsterinsights_sitenote_active":false,"_monsterinsights_sitenote_note":"","_monsterinsights_sitenote_category":0,"footnotes":""},"categories":[5],"tags":[],"class_list":["post"],"yoast_head":" \n<title>Sonora en Equipo. Hay necesidad de iniciar \u201cuna campa\u00f1a de orientaci\u00f3n para el consumo de alimentos\u201d asegura AMLO Rep\u00fablica<\/title>\n<meta name=\"description\" content=\"AMLO recomienda consumir alimentos del campo mexicano en pro del medio ambiente. Seg\u00fan el INEGI, M\u00e9xico es el primer exportador mundial de frutas como el En Sonora en Equipo publicamos toda la informaci\u00f3n de Sonora, M\u00e9xico y el Mundo de manera oportuna y busca que la libertad de expresi\u00f3n sea real. Visita nuestro medio informativo publicado desde Hermosillo, Sonora. %\" \/>\n<meta name=\"robots\" content=\"index, follow, max-snippet:-1, max-image-preview:large, max-video-preview:-1\" \/>\n<link rel=\"canonical\" href=\"https:\/\/www.sonoraenequipo.com.mx\/hay-necesidad-de-iniciar-una-campana-de-orientacion-para-el-consumo-de-alimentos-asegura-amlo\/\" \/>\n<meta property=\"og:locale\" content=\"es_ES\" \/>\n<meta property=\"og:type\" content=\"article\" \/>\n<meta property=\"og:title\" content=\"Sonora en Equipo. Hay necesidad de iniciar \u201cuna campa\u00f1a de orientaci\u00f3n para el consumo de alimentos\u201d asegura AMLO Rep\u00fablica\" \/>\n<meta property=\"og:description\" content=\"AMLO recomienda consumir alimentos del campo mexicano en pro del medio ambiente. Seg\u00fan el INEGI, M\u00e9xico es el primer exportador mundial de frutas como el En Sonora en Equipo publicamos toda la informaci\u00f3n de Sonora, M\u00e9xico y el Mundo de manera oportuna y busca que la libertad de expresi\u00f3n sea real. Visita nuestro medio informativo publicado desde Hermosillo, Sonora. %\" \/>\n<meta property=\"og:url\" content=\"https:\/\/www.sonoraenequipo.com.mx\/hay-necesidad-de-iniciar-una-campana-de-orientacion-para-el-consumo-de-alimentos-asegura-amlo\/\" \/>\n<meta property=\"og:site_name\" content=\"Sonora en Equipo.\" \/>\n<meta property=\"article:publisher\" content=\"https:\/\/www.facebook.com\/SonoraEE\/\" \/>\n<meta property=\"article:author\" content=\"https:\/\/www.facebook.com\/SonoraEE\" \/>\n<meta property=\"article:published_time\" content=\"2020-01-28T06:55:48+00:00\" \/>\n<meta property=\"og:image\" content=\"https:\/\/www.sonoraenequipo.com.mx\/storage\/2020\/01\/frutas-mx_opt.jpg\" \/>\n\t<meta property=\"og:image:width\" content=\"573\" \/>\n\t<meta property=\"og:image:height\" content=\"500\" \/>\n\t<meta property=\"og:image:type\" content=\"image\/jpeg\" \/>\n<meta name=\"author\" content=\"enequipo\" \/>\n<meta name=\"twitter:card\" content=\"summary_large_image\" \/>\n<meta name=\"twitter:creator\" content=\"@sonoraenequipo\" \/>\n<meta name=\"twitter:site\" content=\"@sonoraenequipo\" \/>\n<meta name=\"twitter:label1\" content=\"Escrito por\" \/>\n\t<meta name=\"twitter:data1\" content=\"enequipo\" \/>\n\t<meta name=\"twitter:label2\" content=\"Tiempo de lectura\" \/>\n\t<meta name=\"twitter:data2\" content=\"2 minutos\" \/>\n<script type=\"application\/ld+json\" class=\"yoast-schema-graph\">{\"@context\":\"https:\/\/schema.org\",\"@graph\":[{\"@type\":\"Article\",\"@id\":\"https:\/\/www.sonoraenequipo.com.mx\/hay-necesidad-de-iniciar-una-campana-de-orientacion-para-el-consumo-de-alimentos-asegura-amlo\/#article\",\"isPartOf\":{\"@id\":\"https:\/\/www.sonoraenequipo.com.mx\/hay-necesidad-de-iniciar-una-campana-de-orientacion-para-el-consumo-de-alimentos-asegura-amlo\/\"},\"author\":{\"name\":\"enequipo\",\"@id\":\"https:\/\/www.sonoraenequipo.com.mx\/#\/schema\/person\/50102df0fb23a8fa9e8effad8fa81386\"},\"headline\":\"Hay necesidad de iniciar \u201cuna campa\u00f1a de orientaci\u00f3n para el consumo de alimentos\u201d asegura AMLO\",\"datePublished\":\"2020-01-28T06:55:48+00:00\",\"mainEntityOfPage\":{\"@id\":\"https:\/\/www.sonoraenequipo.com.mx\/hay-necesidad-de-iniciar-una-campana-de-orientacion-para-el-consumo-de-alimentos-asegura-amlo\/\"},\"wordCount\":458,\"commentCount\":0,\"publisher\":{\"@id\":\"https:\/\/www.sonoraenequipo.com.mx\/#organization\"},\"image\":{\"@id\":\"https:\/\/www.sonoraenequipo.com.mx\/hay-necesidad-de-iniciar-una-campana-de-orientacion-para-el-consumo-de-alimentos-asegura-amlo\/#primaryimage\"},\"thumbnailUrl\":\"https:\/\/www.sonoraenequipo.com.mx\/storage\/2020\/01\/frutas-mx_opt.jpg\",\"articleSection\":[\"Rep\u00fablica\"],\"inLanguage\":\"es\",\"potentialAction\":[{\"@type\":\"CommentAction\",\"name\":\"Comment\",\"target\":[\"https:\/\/www.sonoraenequipo.com.mx\/hay-necesidad-de-iniciar-una-campana-de-orientacion-para-el-consumo-de-alimentos-asegura-amlo\/#respond\"]}]},{\"@type\":\"WebPage\",\"@id\":\"https:\/\/www.sonoraenequipo.com.mx\/hay-necesidad-de-iniciar-una-campana-de-orientacion-para-el-consumo-de-alimentos-asegura-amlo\/\",\"url\":\"https:\/\/www.sonoraenequipo.com.mx\/hay-necesidad-de-iniciar-una-campana-de-orientacion-para-el-consumo-de-alimentos-asegura-amlo\/\",\"name\":\"Sonora en Equipo. Hay necesidad de iniciar \u201cuna campa\u00f1a de orientaci\u00f3n para el consumo de alimentos\u201d asegura AMLO Rep\u00fablica\",\"isPartOf\":{\"@id\":\"https:\/\/www.sonoraenequipo.com.mx\/#website\"},\"primaryImageOfPage\":{\"@id\":\"https:\/\/www.sonoraenequipo.com.mx\/hay-necesidad-de-iniciar-una-campana-de-orientacion-para-el-consumo-de-alimentos-asegura-amlo\/#primaryimage\"},\"image\":{\"@id\":\"https:\/\/www.sonoraenequipo.com.mx\/hay-necesidad-de-iniciar-una-campana-de-orientacion-para-el-consumo-de-alimentos-asegura-amlo\/#primaryimage\"},\"thumbnailUrl\":\"https:\/\/www.sonoraenequipo.com.mx\/storage\/2020\/01\/frutas-mx_opt.jpg\",\"datePublished\":\"2020-01-28T06:55:48+00:00\",\"description\":\"AMLO recomienda consumir alimentos del campo mexicano en pro del medio ambiente. Seg\u00fan el INEGI, M\u00e9xico es el primer exportador mundial de frutas como el En Sonora en Equipo publicamos toda la informaci\u00f3n de Sonora, M\u00e9xico y el Mundo de manera oportuna y busca que la libertad de expresi\u00f3n sea real. Visita nuestro medio informativo publicado desde Hermosillo, Sonora. %\",\"breadcrumb\":{\"@id\":\"https:\/\/www.sonoraenequipo.com.mx\/hay-necesidad-de-iniciar-una-campana-de-orientacion-para-el-consumo-de-alimentos-asegura-amlo\/#breadcrumb\"},\"inLanguage\":\"es\",\"potentialAction\":[{\"@type\":\"ReadAction\",\"target\":[\"https:\/\/www.sonoraenequipo.com.mx\/hay-necesidad-de-iniciar-una-campana-de-orientacion-para-el-consumo-de-alimentos-asegura-amlo\/\"]}]},{\"@type\":\"ImageObject\",\"inLanguage\":\"es\",\"@id\":\"https:\/\/www.sonoraenequipo.com.mx\/hay-necesidad-de-iniciar-una-campana-de-orientacion-para-el-consumo-de-alimentos-asegura-amlo\/#primaryimage\",\"url\":\"https:\/\/www.sonoraenequipo.com.mx\/storage\/2020\/01\/frutas-mx_opt.jpg\",\"contentUrl\":\"https:\/\/www.sonoraenequipo.com.mx\/storage\/2020\/01\/frutas-mx_opt.jpg\",\"width\":573,\"height\":500},{\"@type\":\"BreadcrumbList\",\"@id\":\"https:\/\/www.sonoraenequipo.com.mx\/hay-necesidad-de-iniciar-una-campana-de-orientacion-para-el-consumo-de-alimentos-asegura-amlo\/#breadcrumb\",\"itemListElement\":[{\"@type\":\"ListItem\",\"position\":1,\"name\":\"Portada\",\"item\":\"https:\/\/www.sonoraenequipo.com.mx\/\"},{\"@type\":\"ListItem\",\"position\":2,\"name\":\"Hay necesidad de iniciar \u201cuna campa\u00f1a de orientaci\u00f3n para el consumo de alimentos\u201d asegura AMLO\"}]},{\"@type\":\"WebSite\",\"@id\":\"https:\/\/www.sonoraenequipo.com.mx\/#website\",\"url\":\"https:\/\/www.sonoraenequipo.com.mx\/\",\"name\":\"Sonora en Equipo.\",\"description\":\"Diario en l\u00ednea con Noticias desde Hermosillo, Sonora\",\"publisher\":{\"@id\":\"https:\/\/www.sonoraenequipo.com.mx\/#organization\"},\"potentialAction\":[{\"@type\":\"SearchAction\",\"target\":{\"@type\":\"EntryPoint\",\"urlTemplate\":\"https:\/\/www.sonoraenequipo.com.mx\/?s={search_term_string}\"},\"query-input\":{\"@type\":\"PropertyValueSpecification\",\"valueRequired\":true,\"valueName\":\"search_term_string\"}}],\"inLanguage\":\"es\"},{\"@type\":\"Organization\",\"@id\":\"https:\/\/www.sonoraenequipo.com.mx\/#organization\",\"name\":\"Sonoraenequipo.com.mx\",\"url\":\"https:\/\/www.sonoraenequipo.com.mx\/\",\"logo\":{\"@type\":\"ImageObject\",\"inLanguage\":\"es\",\"@id\":\"https:\/\/www.sonoraenequipo.com.mx\/#\/schema\/logo\/image\/\",\"url\":\"https:\/\/www.sonoraenequipo.com.mx\/storage\/2019\/01\/sonoraenequipo_opt.png\",\"contentUrl\":\"https:\/\/www.sonoraenequipo.com.mx\/storage\/2019\/01\/sonoraenequipo_opt.png\",\"width\":375,\"height\":125,\"caption\":\"Sonoraenequipo.com.mx\"},\"image\":{\"@id\":\"https:\/\/www.sonoraenequipo.com.mx\/#\/schema\/logo\/image\/\"},\"sameAs\":[\"https:\/\/www.facebook.com\/SonoraEE\/\",\"https:\/\/x.com\/sonoraenequipo\",\"https:\/\/www.youtube.com\/channel\/UC338nW-lPEYmJQs4ZABQ1SQ\"]},{\"@type\":\"Person\",\"@id\":\"https:\/\/www.sonoraenequipo.com.mx\/#\/schema\/person\/50102df0fb23a8fa9e8effad8fa81386\",\"name\":\"enequipo\",\"image\":{\"@type\":\"ImageObject\",\"inLanguage\":\"es\",\"@id\":\"https:\/\/www.sonoraenequipo.com.mx\/#\/schema\/person\/image\/\",\"url\":\"https:\/\/secure.gravatar.com\/avatar\/049821681b589dabc0bc20695993ccebb09f5b5d4d790cd9251b97faac7c652b?s=96&d=blank&r=g\",\"contentUrl\":\"https:\/\/secure.gravatar.com\/avatar\/049821681b589dabc0bc20695993ccebb09f5b5d4d790cd9251b97faac7c652b?s=96&d=blank&r=g\",\"caption\":\"enequipo\"},\"sameAs\":[\"https:\/\/www.facebook.com\/SonoraEE\"]}]}<\/script>\n ","yoast_head_json":{"title":"Sonora en Equipo. Hay necesidad de iniciar \u201cuna campa\u00f1a de orientaci\u00f3n para el consumo de alimentos\u201d asegura AMLO Rep\u00fablica","description":"AMLO recomienda consumir alimentos del campo mexicano en pro del medio ambiente. Seg\u00fan el INEGI, M\u00e9xico es el primer exportador mundial de frutas como el En Sonora en Equipo publicamos toda la informaci\u00f3n de Sonora, M\u00e9xico y el Mundo de manera oportuna y busca que la libertad de expresi\u00f3n sea real. Visita nuestro medio informativo publicado desde Hermosillo, Sonora. %","robots":{"index":"index","follow":"follow","max-snippet":"max-snippet:-1","max-image-preview":"max-image-preview:large","max-video-preview":"max-video-preview:-1"},"canonical":"https:\/\/www.sonoraenequipo.com.mx\/hay-necesidad-de-iniciar-una-campana-de-orientacion-para-el-consumo-de-alimentos-asegura-amlo\/","og_locale":"es_ES","og_type":"article","og_title":"Sonora en Equipo. Hay necesidad de iniciar \u201cuna campa\u00f1a de orientaci\u00f3n para el consumo de alimentos\u201d asegura AMLO Rep\u00fablica","og_description":"AMLO recomienda consumir alimentos del campo mexicano en pro del medio ambiente. Seg\u00fan el INEGI, M\u00e9xico es el primer exportador mundial de frutas como el En Sonora en Equipo publicamos toda la informaci\u00f3n de Sonora, M\u00e9xico y el Mundo de manera oportuna y busca que la libertad de expresi\u00f3n sea real. Visita nuestro medio informativo publicado desde Hermosillo, Sonora. %","og_url":"https:\/\/www.sonoraenequipo.com.mx\/hay-necesidad-de-iniciar-una-campana-de-orientacion-para-el-consumo-de-alimentos-asegura-amlo\/","og_site_name":"Sonora en Equipo.","article_publisher":"https:\/\/www.facebook.com\/SonoraEE\/","article_author":"https:\/\/www.facebook.com\/SonoraEE","article_published_time":"2020-01-28T06:55:48+00:00","og_image":[{"width":573,"height":500,"url":"https:\/\/www.sonoraenequipo.com.mx\/storage\/2020\/01\/frutas-mx_opt.jpg","type":"image\/jpeg"}],"author":"enequipo","twitter_card":"summary_large_image","twitter_creator":"@sonoraenequipo","twitter_site":"@sonoraenequipo","twitter_misc":{"Escrito por":"enequipo","Tiempo de lectura":"2 minutos"},"schema":{"@context":"https:\/\/schema.org","@graph":[{"@type":"Article","@id":"https:\/\/www.sonoraenequipo.com.mx\/hay-necesidad-de-iniciar-una-campana-de-orientacion-para-el-consumo-de-alimentos-asegura-amlo\/#article","isPartOf":{"@id":"https:\/\/www.sonoraenequipo.com.mx\/hay-necesidad-de-iniciar-una-campana-de-orientacion-para-el-consumo-de-alimentos-asegura-amlo\/"},"author":{"name":"enequipo","@id":"https:\/\/www.sonoraenequipo.com.mx\/#\/schema\/person\/50102df0fb23a8fa9e8effad8fa81386"},"headline":"Hay necesidad de iniciar \u201cuna campa\u00f1a de orientaci\u00f3n para el consumo de alimentos\u201d asegura AMLO","datePublished":"2020-01-28T06:55:48+00:00","mainEntityOfPage":{"@id":"https:\/\/www.sonoraenequipo.com.mx\/hay-necesidad-de-iniciar-una-campana-de-orientacion-para-el-consumo-de-alimentos-asegura-amlo\/"},"wordCount":458,"commentCount":0,"publisher":{"@id":"https:\/\/www.sonoraenequipo.com.mx\/#organization"},"image":{"@id":"https:\/\/www.sonoraenequipo.com.mx\/hay-necesidad-de-iniciar-una-campana-de-orientacion-para-el-consumo-de-alimentos-asegura-amlo\/#primaryimage"},"thumbnailUrl":"https:\/\/www.sonoraenequipo.com.mx\/storage\/2020\/01\/frutas-mx_opt.jpg","articleSection":["Rep\u00fablica"],"inLanguage":"es","potentialAction":[{"@type":"CommentAction","name":"Comment","target":["https:\/\/www.sonoraenequipo.com.mx\/hay-necesidad-de-iniciar-una-campana-de-orientacion-para-el-consumo-de-alimentos-asegura-amlo\/#respond"]}]},{"@type":"WebPage","@id":"https:\/\/www.sonoraenequipo.com.mx\/hay-necesidad-de-iniciar-una-campana-de-orientacion-para-el-consumo-de-alimentos-asegura-amlo\/","url":"https:\/\/www.sonoraenequipo.com.mx\/hay-necesidad-de-iniciar-una-campana-de-orientacion-para-el-consumo-de-alimentos-asegura-amlo\/","name":"Sonora en Equipo. Hay necesidad de iniciar \u201cuna campa\u00f1a de orientaci\u00f3n para el consumo de alimentos\u201d asegura AMLO Rep\u00fablica","isPartOf":{"@id":"https:\/\/www.sonoraenequipo.com.mx\/#website"},"primaryImageOfPage":{"@id":"https:\/\/www.sonoraenequipo.com.mx\/hay-necesidad-de-iniciar-una-campana-de-orientacion-para-el-consumo-de-alimentos-asegura-amlo\/#primaryimage"},"image":{"@id":"https:\/\/www.sonoraenequipo.com.mx\/hay-necesidad-de-iniciar-una-campana-de-orientacion-para-el-consumo-de-alimentos-asegura-amlo\/#primaryimage"},"thumbnailUrl":"https:\/\/www.sonoraenequipo.com.mx\/storage\/2020\/01\/frutas-mx_opt.jpg","datePublished":"2020-01-28T06:55:48+00:00","description":"AMLO recomienda consumir alimentos del campo mexicano en pro del medio ambiente. Seg\u00fan el INEGI, M\u00e9xico es el primer exportador mundial de frutas como el En Sonora en Equipo publicamos toda la informaci\u00f3n de Sonora, M\u00e9xico y el Mundo de manera oportuna y busca que la libertad de expresi\u00f3n sea real. Visita nuestro medio informativo publicado desde Hermosillo, Sonora. %","breadcrumb":{"@id":"https:\/\/www.sonoraenequipo.com.mx\/hay-necesidad-de-iniciar-una-campana-de-orientacion-para-el-consumo-de-alimentos-asegura-amlo\/#breadcrumb"},"inLanguage":"es","potentialAction":[{"@type":"ReadAction","target":["https:\/\/www.sonoraenequipo.com.mx\/hay-necesidad-de-iniciar-una-campana-de-orientacion-para-el-consumo-de-alimentos-asegura-amlo\/"]}]},{"@type":"ImageObject","inLanguage":"es","@id":"https:\/\/www.sonoraenequipo.com.mx\/hay-necesidad-de-iniciar-una-campana-de-orientacion-para-el-consumo-de-alimentos-asegura-amlo\/#primaryimage","url":"https:\/\/www.sonoraenequipo.com.mx\/storage\/2020\/01\/frutas-mx_opt.jpg","contentUrl":"https:\/\/www.sonoraenequipo.com.mx\/storage\/2020\/01\/frutas-mx_opt.jpg","width":573,"height":500},{"@type":"BreadcrumbList","@id":"https:\/\/www.sonoraenequipo.com.mx\/hay-necesidad-de-iniciar-una-campana-de-orientacion-para-el-consumo-de-alimentos-asegura-amlo\/#breadcrumb","itemListElement":[{"@type":"ListItem","position":1,"name":"Portada","item":"https:\/\/www.sonoraenequipo.com.mx\/"},{"@type":"ListItem","position":2,"name":"Hay necesidad de iniciar \u201cuna campa\u00f1a de orientaci\u00f3n para el consumo de alimentos\u201d asegura AMLO"}]},{"@type":"WebSite","@id":"https:\/\/www.sonoraenequipo.com.mx\/#website","url":"https:\/\/www.sonoraenequipo.com.mx\/","name":"Sonora en Equipo.","description":"Diario en l\u00ednea con Noticias desde Hermosillo, Sonora","publisher":{"@id":"https:\/\/www.sonoraenequipo.com.mx\/#organization"},"potentialAction":[{"@type":"SearchAction","target":{"@type":"EntryPoint","urlTemplate":"https:\/\/www.sonoraenequipo.com.mx\/?s={search_term_string}"},"query-input":{"@type":"PropertyValueSpecification","valueRequired":true,"valueName":"search_term_string"}}],"inLanguage":"es"},{"@type":"Organization","@id":"https:\/\/www.sonoraenequipo.com.mx\/#organization","name":"Sonoraenequipo.com.mx","url":"https:\/\/www.sonoraenequipo.com.mx\/","logo":{"@type":"ImageObject","inLanguage":"es","@id":"https:\/\/www.sonoraenequipo.com.mx\/#\/schema\/logo\/image\/","url":"https:\/\/www.sonoraenequipo.com.mx\/storage\/2019\/01\/sonoraenequipo_opt.png","contentUrl":"https:\/\/www.sonoraenequipo.com.mx\/storage\/2019\/01\/sonoraenequipo_opt.png","width":375,"height":125,"caption":"Sonoraenequipo.com.mx"},"image":{"@id":"https:\/\/www.sonoraenequipo.com.mx\/#\/schema\/logo\/image\/"},"sameAs":["https:\/\/www.facebook.com\/SonoraEE\/","https:\/\/x.com\/sonoraenequipo","https:\/\/www.youtube.com\/channel\/UC338nW-lPEYmJQs4ZABQ1SQ"]},{"@type":"Person","@id":"https:\/\/www.sonoraenequipo.com.mx\/#\/schema\/person\/50102df0fb23a8fa9e8effad8fa81386","name":"enequipo","image":{"@type":"ImageObject","inLanguage":"es","@id":"https:\/\/www.sonoraenequipo.com.mx\/#\/schema\/person\/image\/","url":"https:\/\/secure.gravatar.com\/avatar\/049821681b589dabc0bc20695993ccebb09f5b5d4d790cd9251b97faac7c652b?s=96&d=blank&r=g","contentUrl":"https:\/\/secure.gravatar.com\/avatar\/049821681b589dabc0bc20695993ccebb09f5b5d4d790cd9251b97faac7c652b?s=96&d=blank&r=g","caption":"enequipo"},"sameAs":["https:\/\/www.facebook.com\/SonoraEE"]}]}},"jetpack_featured_media_url":"https:\/\/www.sonoraenequipo.com.mx\/storage\/2020\/01\/frutas-mx_opt.jpg","_links":{"self":[{"href":"https:\/\/www.sonoraenequipo.com.mx\/api\/wp\/v2\/posts\/76603","targetHints":{"allow":["GET"]}}],"collection":[{"href":"https:\/\/www.sonoraenequipo.com.mx\/api\/wp\/v2\/posts"}],"about":[{"href":"https:\/\/www.sonoraenequipo.com.mx\/api\/wp\/v2\/types\/post"}],"author":[{"embeddable":true,"href":"https:\/\/www.sonoraenequipo.com.mx\/api\/wp\/v2\/users\/1"}],"replies":[{"embeddable":true,"href":"https:\/\/www.sonoraenequipo.com.mx\/api\/wp\/v2\/comments?post=76603"}],"version-history":[{"count":0,"href":"https:\/\/www.sonoraenequipo.com.mx\/api\/wp\/v2\/posts\/76603\/revisions"}],"wp:featuredmedia":[{"embeddable":true,"href":"https:\/\/www.sonoraenequipo.com.mx\/api\/wp\/v2\/media\/76606"}],"wp:attachment":[{"href":"https:\/\/www.sonoraenequipo.com.mx\/api\/wp\/v2\/media?parent=76603"}],"wp:term":[{"taxonomy":"category","embeddable":true,"href":"https:\/\/www.sonoraenequipo.com.mx\/api\/wp\/v2\/categories?post=76603"},{"taxonomy":"post_tag","embeddable":true,"href":"https:\/\/www.sonoraenequipo.com.mx\/api\/wp\/v2\/tags?post=76603"}],"curies":[{"name":"wp","href":"https:\/\/api.w.org\/{rel}","templated":true}]}}