{"id":76619,"date":"2020-01-27T20:13:50","date_gmt":"2020-01-28T03:13:50","guid":{"rendered":"https:\/\/www.sonoraenequipo.com.mx\/?p=76619"},"modified":"2020-01-27T20:13:50","modified_gmt":"2020-01-28T03:13:50","slug":"llama-ecologia-a-evitar-quemas-de-materiales-organicos-e-inorganicos","status":"publish","type":"post","link":"https:\/\/www.sonoraenequipo.com.mx\/llama-ecologia-a-evitar-quemas-de-materiales-organicos-e-inorganicos\/","title":{"rendered":"Llama Ecolog\u00eda a evitar \u201cquemas\u201d de materiales org\u00e1nicos e inorg\u00e1nicos"},"content":{"rendered":"<p>HERMOSILLO, SONORA,MX.\u2500 Con el prop\u00f3sito de reforzar una conciencia ecol\u00f3gica en la ciudadan\u00eda en donde todos participen para mejorar el medio ambiente, Santa N\u00e1poles Trujillo invit\u00f3 a la comunidad a evitar cualquier tipo de quemas, desde residuos org\u00e1nicos como maleza, hojarasca y troncos de \u00e1rboles, hasta basura, hule, llantas y principalmente el aislante del cable de cobre, ya que esto deriva en una mala calidad del aire por la liberaci\u00f3n de part\u00edculas da\u00f1inas. <\/p>\n<p>&nbsp;<\/p>\n<p>La directora del Instituto Municipal de Ecologi\u0301a, record\u00f3 esta administraci\u00f3n se ha destacado por su compromiso con el medio ambiente, con acciones concretas como reforestaci\u00f3n, separaci\u00f3n y reciclaje de residuos, adem\u00e1s de promover ciclovias y la creaci\u00f3n de nuevas \u00e1reas naturales protegidas.<\/p>\n<p>&nbsp;<\/p>\n<p>\u201cLa calidad del aire debe ser un asunto prioritario para todos los ciudadanos, es un tema de corresponsabilidad, donde todas las acciones que hacemos diariamente repercuten en ello; debemos seguir trabajando juntos y continuar acciones como reforestar, evitar las quemas, afinar nuestro veh\u00edculos, usar medios de transporte alternos a los veh\u00edculos automotores y mantener limpios de polvo nuestros frentes de calle a banquetas\u201d, coment\u00f3.<\/p>\n<p>&nbsp;<\/p>\n<p>N\u00e1poles Trujillo explic\u00f3 que se cuenta con el Programa de Evaluaci\u00f3n y Mejoramiento de la Calidad del Aire (PEMCA), el cual fue implementado por el Ayuntamiento desde el a\u00f1o 2000 y gracias a los convenios de colaboraci\u00f3n con las Universidades como la UES, UNISON, y COBACH.<\/p>\n<p>&nbsp;<\/p>\n<p>\u201cA trav\u00e9s del PEMCA se miden \u00fanicamente las concentraciones del material particulado, o sea los polvos presentes en el aire, los equipos no arrojan resultados respecto a la composici\u00f3n, es por esto que el Instituto Municipal de Ecolog\u00eda trabaja en colaboraci\u00f3n con instituciones acad\u00e9micas y de investigaci\u00f3n, para fortalecer al programa con la adquisici\u00f3n de equipos automatizados que nos permitan formar una red de monitoreo y sistema de alarma temprana\u201d, enfatiz\u00f3.<\/p>\n<p>&nbsp;<\/p>\n<p>\u201cEn la dependencia se considera de suma importancia establecer los v\u00ednculos anteriormente mencionados, ya que el conocimiento generado con este tipo de investigaciones permiten tener un sustento cient\u00edfico y t\u00e9cnico para las pol\u00edticas p\u00fablicas relacionadas al tema ambiental y de salud en la localidad, lo cual impacta se manera positiva a la poblaci\u00f3n\u201d, puntualiz\u00f3.<\/p>\n<p>Fecha de publicaci\u00f3n 27\/ene\/2020<\/p>\n<p>&nbsp;<\/p>\n","protected":false},"excerpt":{"rendered":"<p>HERMOSILLO, SONORA,MX.\u2500 Con el prop\u00f3sito de reforzar una conciencia ecol\u00f3gica en la ciudadan\u00eda en donde&#8230;<\/p>\n","protected":false},"author":178,"featured_media":76620,"comment_status":"open","ping_status":"open","sticky":false,"template":"","format":"standard","meta":{"_monsterinsights_skip_tracking":false,"_monsterinsights_sitenote_active":false,"_monsterinsights_sitenote_note":"","_monsterinsights_sitenote_category":0,"footnotes":""},"categories":[4],"tags":[4045],"class_list":["post"],"yoast_head":" \n<title>Sonora en Equipo. Llama Ecolog\u00eda a evitar \u201cquemas\u201d de materiales org\u00e1nicos e inorg\u00e1nicos Municipios<\/title>\n<meta name=\"description\" content=\"HERMOSILLO, SONORA,MX.\u2500 Con el prop\u00f3sito de reforzar una conciencia ecol\u00f3gica en la ciudadan\u00eda en donde todos participen para mejorar el medio ambiente, En Sonora en Equipo publicamos toda la informaci\u00f3n de Sonora, M\u00e9xico y el Mundo de manera oportuna y busca que la libertad de expresi\u00f3n sea real. Visita nuestro medio informativo publicado desde Hermosillo, Sonora. %\" \/>\n<meta name=\"robots\" content=\"index, follow, max-snippet:-1, max-image-preview:large, max-video-preview:-1\" \/>\n<link rel=\"canonical\" href=\"https:\/\/www.sonoraenequipo.com.mx\/llama-ecologia-a-evitar-quemas-de-materiales-organicos-e-inorganicos\/\" \/>\n<meta property=\"og:locale\" content=\"es_ES\" \/>\n<meta property=\"og:type\" content=\"article\" \/>\n<meta property=\"og:title\" content=\"Sonora en Equipo. Llama Ecolog\u00eda a evitar \u201cquemas\u201d de materiales org\u00e1nicos e inorg\u00e1nicos Municipios\" \/>\n<meta property=\"og:description\" content=\"HERMOSILLO, SONORA,MX.\u2500 Con el prop\u00f3sito de reforzar una conciencia ecol\u00f3gica en la ciudadan\u00eda en donde todos participen para mejorar el medio ambiente, En Sonora en Equipo publicamos toda la informaci\u00f3n de Sonora, M\u00e9xico y el Mundo de manera oportuna y busca que la libertad de expresi\u00f3n sea real. Visita nuestro medio informativo publicado desde Hermosillo, Sonora. %\" \/>\n<meta property=\"og:url\" content=\"https:\/\/www.sonoraenequipo.com.mx\/llama-ecologia-a-evitar-quemas-de-materiales-organicos-e-inorganicos\/\" \/>\n<meta property=\"og:site_name\" content=\"Sonora en Equipo.\" \/>\n<meta property=\"article:publisher\" content=\"https:\/\/www.facebook.com\/SonoraEE\/\" \/>\n<meta property=\"article:published_time\" content=\"2020-01-28T03:13:50+00:00\" \/>\n<meta property=\"og:image\" content=\"https:\/\/www.sonoraenequipo.com.mx\/storage\/2020\/01\/QUEMA-BASURA.jpg\" \/>\n\t<meta property=\"og:image:width\" content=\"600\" \/>\n\t<meta property=\"og:image:height\" content=\"400\" \/>\n\t<meta property=\"og:image:type\" content=\"image\/jpeg\" \/>\n<meta name=\"author\" content=\"enequipo\" \/>\n<meta name=\"twitter:card\" content=\"summary_large_image\" \/>\n<meta name=\"twitter:creator\" content=\"@sonoraenequipo\" \/>\n<meta name=\"twitter:site\" content=\"@sonoraenequipo\" \/>\n<meta name=\"twitter:label1\" content=\"Escrito por\" \/>\n\t<meta name=\"twitter:data1\" content=\"enequipo\" \/>\n\t<meta name=\"twitter:label2\" content=\"Tiempo de lectura\" \/>\n\t<meta name=\"twitter:data2\" content=\"2 minutos\" \/>\n<script type=\"application\/ld+json\" class=\"yoast-schema-graph\">{\"@context\":\"https:\/\/schema.org\",\"@graph\":[{\"@type\":\"Article\",\"@id\":\"https:\/\/www.sonoraenequipo.com.mx\/llama-ecologia-a-evitar-quemas-de-materiales-organicos-e-inorganicos\/#article\",\"isPartOf\":{\"@id\":\"https:\/\/www.sonoraenequipo.com.mx\/llama-ecologia-a-evitar-quemas-de-materiales-organicos-e-inorganicos\/\"},\"author\":{\"name\":\"enequipo\",\"@id\":\"https:\/\/www.sonoraenequipo.com.mx\/#\/schema\/person\/61a39de478a1763473ad55e8a95fddf6\"},\"headline\":\"Llama Ecolog\u00eda a evitar \u201cquemas\u201d de materiales org\u00e1nicos e inorg\u00e1nicos\",\"datePublished\":\"2020-01-28T03:13:50+00:00\",\"mainEntityOfPage\":{\"@id\":\"https:\/\/www.sonoraenequipo.com.mx\/llama-ecologia-a-evitar-quemas-de-materiales-organicos-e-inorganicos\/\"},\"wordCount\":407,\"commentCount\":0,\"publisher\":{\"@id\":\"https:\/\/www.sonoraenequipo.com.mx\/#organization\"},\"image\":{\"@id\":\"https:\/\/www.sonoraenequipo.com.mx\/llama-ecologia-a-evitar-quemas-de-materiales-organicos-e-inorganicos\/#primaryimage\"},\"thumbnailUrl\":\"https:\/\/www.sonoraenequipo.com.mx\/storage\/2020\/01\/QUEMA-BASURA.jpg\",\"keywords\":[\"Ecologi\u0301a\"],\"articleSection\":[\"Municipios\"],\"inLanguage\":\"es\",\"potentialAction\":[{\"@type\":\"CommentAction\",\"name\":\"Comment\",\"target\":[\"https:\/\/www.sonoraenequipo.com.mx\/llama-ecologia-a-evitar-quemas-de-materiales-organicos-e-inorganicos\/#respond\"]}]},{\"@type\":\"WebPage\",\"@id\":\"https:\/\/www.sonoraenequipo.com.mx\/llama-ecologia-a-evitar-quemas-de-materiales-organicos-e-inorganicos\/\",\"url\":\"https:\/\/www.sonoraenequipo.com.mx\/llama-ecologia-a-evitar-quemas-de-materiales-organicos-e-inorganicos\/\",\"name\":\"Sonora en Equipo. Llama Ecolog\u00eda a evitar \u201cquemas\u201d de materiales org\u00e1nicos e inorg\u00e1nicos Municipios\",\"isPartOf\":{\"@id\":\"https:\/\/www.sonoraenequipo.com.mx\/#website\"},\"primaryImageOfPage\":{\"@id\":\"https:\/\/www.sonoraenequipo.com.mx\/llama-ecologia-a-evitar-quemas-de-materiales-organicos-e-inorganicos\/#primaryimage\"},\"image\":{\"@id\":\"https:\/\/www.sonoraenequipo.com.mx\/llama-ecologia-a-evitar-quemas-de-materiales-organicos-e-inorganicos\/#primaryimage\"},\"thumbnailUrl\":\"https:\/\/www.sonoraenequipo.com.mx\/storage\/2020\/01\/QUEMA-BASURA.jpg\",\"datePublished\":\"2020-01-28T03:13:50+00:00\",\"description\":\"HERMOSILLO, SONORA,MX.\u2500 Con el prop\u00f3sito de reforzar una conciencia ecol\u00f3gica en la ciudadan\u00eda en donde todos participen para mejorar el medio ambiente, En Sonora en Equipo publicamos toda la informaci\u00f3n de Sonora, M\u00e9xico y el Mundo de manera oportuna y busca que la libertad de expresi\u00f3n sea real. Visita nuestro medio informativo publicado desde Hermosillo, Sonora. %\",\"breadcrumb\":{\"@id\":\"https:\/\/www.sonoraenequipo.com.mx\/llama-ecologia-a-evitar-quemas-de-materiales-organicos-e-inorganicos\/#breadcrumb\"},\"inLanguage\":\"es\",\"potentialAction\":[{\"@type\":\"ReadAction\",\"target\":[\"https:\/\/www.sonoraenequipo.com.mx\/llama-ecologia-a-evitar-quemas-de-materiales-organicos-e-inorganicos\/\"]}]},{\"@type\":\"ImageObject\",\"inLanguage\":\"es\",\"@id\":\"https:\/\/www.sonoraenequipo.com.mx\/llama-ecologia-a-evitar-quemas-de-materiales-organicos-e-inorganicos\/#primaryimage\",\"url\":\"https:\/\/www.sonoraenequipo.com.mx\/storage\/2020\/01\/QUEMA-BASURA.jpg\",\"contentUrl\":\"https:\/\/www.sonoraenequipo.com.mx\/storage\/2020\/01\/QUEMA-BASURA.jpg\",\"width\":600,\"height\":400},{\"@type\":\"BreadcrumbList\",\"@id\":\"https:\/\/www.sonoraenequipo.com.mx\/llama-ecologia-a-evitar-quemas-de-materiales-organicos-e-inorganicos\/#breadcrumb\",\"itemListElement\":[{\"@type\":\"ListItem\",\"position\":1,\"name\":\"Portada\",\"item\":\"https:\/\/www.sonoraenequipo.com.mx\/\"},{\"@type\":\"ListItem\",\"position\":2,\"name\":\"Llama Ecolog\u00eda a evitar \u201cquemas\u201d de materiales org\u00e1nicos e inorg\u00e1nicos\"}]},{\"@type\":\"WebSite\",\"@id\":\"https:\/\/www.sonoraenequipo.com.mx\/#website\",\"url\":\"https:\/\/www.sonoraenequipo.com.mx\/\",\"name\":\"Sonora en Equipo.\",\"description\":\"Diario en l\u00ednea con Noticias desde Hermosillo, Sonora\",\"publisher\":{\"@id\":\"https:\/\/www.sonoraenequipo.com.mx\/#organization\"},\"potentialAction\":[{\"@type\":\"SearchAction\",\"target\":{\"@type\":\"EntryPoint\",\"urlTemplate\":\"https:\/\/www.sonoraenequipo.com.mx\/?s={search_term_string}\"},\"query-input\":{\"@type\":\"PropertyValueSpecification\",\"valueRequired\":true,\"valueName\":\"search_term_string\"}}],\"inLanguage\":\"es\"},{\"@type\":\"Organization\",\"@id\":\"https:\/\/www.sonoraenequipo.com.mx\/#organization\",\"name\":\"Sonoraenequipo.com.mx\",\"url\":\"https:\/\/www.sonoraenequipo.com.mx\/\",\"logo\":{\"@type\":\"ImageObject\",\"inLanguage\":\"es\",\"@id\":\"https:\/\/www.sonoraenequipo.com.mx\/#\/schema\/logo\/image\/\",\"url\":\"https:\/\/www.sonoraenequipo.com.mx\/storage\/2019\/01\/sonoraenequipo_opt.png\",\"contentUrl\":\"https:\/\/www.sonoraenequipo.com.mx\/storage\/2019\/01\/sonoraenequipo_opt.png\",\"width\":375,\"height\":125,\"caption\":\"Sonoraenequipo.com.mx\"},\"image\":{\"@id\":\"https:\/\/www.sonoraenequipo.com.mx\/#\/schema\/logo\/image\/\"},\"sameAs\":[\"https:\/\/www.facebook.com\/SonoraEE\/\",\"https:\/\/x.com\/sonoraenequipo\",\"https:\/\/www.youtube.com\/channel\/UC338nW-lPEYmJQs4ZABQ1SQ\"]},{\"@type\":\"Person\",\"@id\":\"https:\/\/www.sonoraenequipo.com.mx\/#\/schema\/person\/61a39de478a1763473ad55e8a95fddf6\",\"name\":\"enequipo\",\"image\":{\"@type\":\"ImageObject\",\"inLanguage\":\"es\",\"@id\":\"https:\/\/www.sonoraenequipo.com.mx\/#\/schema\/person\/image\/\",\"url\":\"https:\/\/secure.gravatar.com\/avatar\/e39bc3016d8af598aed3d770c9510dfc2795f37ea1733d99fcc6e97d2c3c9f5e?s=96&d=blank&r=g\",\"contentUrl\":\"https:\/\/secure.gravatar.com\/avatar\/e39bc3016d8af598aed3d770c9510dfc2795f37ea1733d99fcc6e97d2c3c9f5e?s=96&d=blank&r=g\",\"caption\":\"enequipo\"}}]}<\/script>\n ","yoast_head_json":{"title":"Sonora en Equipo. Llama Ecolog\u00eda a evitar \u201cquemas\u201d de materiales org\u00e1nicos e inorg\u00e1nicos Municipios","description":"HERMOSILLO, SONORA,MX.\u2500 Con el prop\u00f3sito de reforzar una conciencia ecol\u00f3gica en la ciudadan\u00eda en donde todos participen para mejorar el medio ambiente, En Sonora en Equipo publicamos toda la informaci\u00f3n de Sonora, M\u00e9xico y el Mundo de manera oportuna y busca que la libertad de expresi\u00f3n sea real. Visita nuestro medio informativo publicado desde Hermosillo, Sonora. %","robots":{"index":"index","follow":"follow","max-snippet":"max-snippet:-1","max-image-preview":"max-image-preview:large","max-video-preview":"max-video-preview:-1"},"canonical":"https:\/\/www.sonoraenequipo.com.mx\/llama-ecologia-a-evitar-quemas-de-materiales-organicos-e-inorganicos\/","og_locale":"es_ES","og_type":"article","og_title":"Sonora en Equipo. Llama Ecolog\u00eda a evitar \u201cquemas\u201d de materiales org\u00e1nicos e inorg\u00e1nicos Municipios","og_description":"HERMOSILLO, SONORA,MX.\u2500 Con el prop\u00f3sito de reforzar una conciencia ecol\u00f3gica en la ciudadan\u00eda en donde todos participen para mejorar el medio ambiente, En Sonora en Equipo publicamos toda la informaci\u00f3n de Sonora, M\u00e9xico y el Mundo de manera oportuna y busca que la libertad de expresi\u00f3n sea real. Visita nuestro medio informativo publicado desde Hermosillo, Sonora. %","og_url":"https:\/\/www.sonoraenequipo.com.mx\/llama-ecologia-a-evitar-quemas-de-materiales-organicos-e-inorganicos\/","og_site_name":"Sonora en Equipo.","article_publisher":"https:\/\/www.facebook.com\/SonoraEE\/","article_published_time":"2020-01-28T03:13:50+00:00","og_image":[{"width":600,"height":400,"url":"https:\/\/www.sonoraenequipo.com.mx\/storage\/2020\/01\/QUEMA-BASURA.jpg","type":"image\/jpeg"}],"author":"enequipo","twitter_card":"summary_large_image","twitter_creator":"@sonoraenequipo","twitter_site":"@sonoraenequipo","twitter_misc":{"Escrito por":"enequipo","Tiempo de lectura":"2 minutos"},"schema":{"@context":"https:\/\/schema.org","@graph":[{"@type":"Article","@id":"https:\/\/www.sonoraenequipo.com.mx\/llama-ecologia-a-evitar-quemas-de-materiales-organicos-e-inorganicos\/#article","isPartOf":{"@id":"https:\/\/www.sonoraenequipo.com.mx\/llama-ecologia-a-evitar-quemas-de-materiales-organicos-e-inorganicos\/"},"author":{"name":"enequipo","@id":"https:\/\/www.sonoraenequipo.com.mx\/#\/schema\/person\/61a39de478a1763473ad55e8a95fddf6"},"headline":"Llama Ecolog\u00eda a evitar \u201cquemas\u201d de materiales org\u00e1nicos e inorg\u00e1nicos","datePublished":"2020-01-28T03:13:50+00:00","mainEntityOfPage":{"@id":"https:\/\/www.sonoraenequipo.com.mx\/llama-ecologia-a-evitar-quemas-de-materiales-organicos-e-inorganicos\/"},"wordCount":407,"commentCount":0,"publisher":{"@id":"https:\/\/www.sonoraenequipo.com.mx\/#organization"},"image":{"@id":"https:\/\/www.sonoraenequipo.com.mx\/llama-ecologia-a-evitar-quemas-de-materiales-organicos-e-inorganicos\/#primaryimage"},"thumbnailUrl":"https:\/\/www.sonoraenequipo.com.mx\/storage\/2020\/01\/QUEMA-BASURA.jpg","keywords":["Ecologi\u0301a"],"articleSection":["Municipios"],"inLanguage":"es","potentialAction":[{"@type":"CommentAction","name":"Comment","target":["https:\/\/www.sonoraenequipo.com.mx\/llama-ecologia-a-evitar-quemas-de-materiales-organicos-e-inorganicos\/#respond"]}]},{"@type":"WebPage","@id":"https:\/\/www.sonoraenequipo.com.mx\/llama-ecologia-a-evitar-quemas-de-materiales-organicos-e-inorganicos\/","url":"https:\/\/www.sonoraenequipo.com.mx\/llama-ecologia-a-evitar-quemas-de-materiales-organicos-e-inorganicos\/","name":"Sonora en Equipo. Llama Ecolog\u00eda a evitar \u201cquemas\u201d de materiales org\u00e1nicos e inorg\u00e1nicos Municipios","isPartOf":{"@id":"https:\/\/www.sonoraenequipo.com.mx\/#website"},"primaryImageOfPage":{"@id":"https:\/\/www.sonoraenequipo.com.mx\/llama-ecologia-a-evitar-quemas-de-materiales-organicos-e-inorganicos\/#primaryimage"},"image":{"@id":"https:\/\/www.sonoraenequipo.com.mx\/llama-ecologia-a-evitar-quemas-de-materiales-organicos-e-inorganicos\/#primaryimage"},"thumbnailUrl":"https:\/\/www.sonoraenequipo.com.mx\/storage\/2020\/01\/QUEMA-BASURA.jpg","datePublished":"2020-01-28T03:13:50+00:00","description":"HERMOSILLO, SONORA,MX.\u2500 Con el prop\u00f3sito de reforzar una conciencia ecol\u00f3gica en la ciudadan\u00eda en donde todos participen para mejorar el medio ambiente, En Sonora en Equipo publicamos toda la informaci\u00f3n de Sonora, M\u00e9xico y el Mundo de manera oportuna y busca que la libertad de expresi\u00f3n sea real. Visita nuestro medio informativo publicado desde Hermosillo, Sonora. %","breadcrumb":{"@id":"https:\/\/www.sonoraenequipo.com.mx\/llama-ecologia-a-evitar-quemas-de-materiales-organicos-e-inorganicos\/#breadcrumb"},"inLanguage":"es","potentialAction":[{"@type":"ReadAction","target":["https:\/\/www.sonoraenequipo.com.mx\/llama-ecologia-a-evitar-quemas-de-materiales-organicos-e-inorganicos\/"]}]},{"@type":"ImageObject","inLanguage":"es","@id":"https:\/\/www.sonoraenequipo.com.mx\/llama-ecologia-a-evitar-quemas-de-materiales-organicos-e-inorganicos\/#primaryimage","url":"https:\/\/www.sonoraenequipo.com.mx\/storage\/2020\/01\/QUEMA-BASURA.jpg","contentUrl":"https:\/\/www.sonoraenequipo.com.mx\/storage\/2020\/01\/QUEMA-BASURA.jpg","width":600,"height":400},{"@type":"BreadcrumbList","@id":"https:\/\/www.sonoraenequipo.com.mx\/llama-ecologia-a-evitar-quemas-de-materiales-organicos-e-inorganicos\/#breadcrumb","itemListElement":[{"@type":"ListItem","position":1,"name":"Portada","item":"https:\/\/www.sonoraenequipo.com.mx\/"},{"@type":"ListItem","position":2,"name":"Llama Ecolog\u00eda a evitar \u201cquemas\u201d de materiales org\u00e1nicos e inorg\u00e1nicos"}]},{"@type":"WebSite","@id":"https:\/\/www.sonoraenequipo.com.mx\/#website","url":"https:\/\/www.sonoraenequipo.com.mx\/","name":"Sonora en Equipo.","description":"Diario en l\u00ednea con Noticias desde Hermosillo, Sonora","publisher":{"@id":"https:\/\/www.sonoraenequipo.com.mx\/#organization"},"potentialAction":[{"@type":"SearchAction","target":{"@type":"EntryPoint","urlTemplate":"https:\/\/www.sonoraenequipo.com.mx\/?s={search_term_string}"},"query-input":{"@type":"PropertyValueSpecification","valueRequired":true,"valueName":"search_term_string"}}],"inLanguage":"es"},{"@type":"Organization","@id":"https:\/\/www.sonoraenequipo.com.mx\/#organization","name":"Sonoraenequipo.com.mx","url":"https:\/\/www.sonoraenequipo.com.mx\/","logo":{"@type":"ImageObject","inLanguage":"es","@id":"https:\/\/www.sonoraenequipo.com.mx\/#\/schema\/logo\/image\/","url":"https:\/\/www.sonoraenequipo.com.mx\/storage\/2019\/01\/sonoraenequipo_opt.png","contentUrl":"https:\/\/www.sonoraenequipo.com.mx\/storage\/2019\/01\/sonoraenequipo_opt.png","width":375,"height":125,"caption":"Sonoraenequipo.com.mx"},"image":{"@id":"https:\/\/www.sonoraenequipo.com.mx\/#\/schema\/logo\/image\/"},"sameAs":["https:\/\/www.facebook.com\/SonoraEE\/","https:\/\/x.com\/sonoraenequipo","https:\/\/www.youtube.com\/channel\/UC338nW-lPEYmJQs4ZABQ1SQ"]},{"@type":"Person","@id":"https:\/\/www.sonoraenequipo.com.mx\/#\/schema\/person\/61a39de478a1763473ad55e8a95fddf6","name":"enequipo","image":{"@type":"ImageObject","inLanguage":"es","@id":"https:\/\/www.sonoraenequipo.com.mx\/#\/schema\/person\/image\/","url":"https:\/\/secure.gravatar.com\/avatar\/e39bc3016d8af598aed3d770c9510dfc2795f37ea1733d99fcc6e97d2c3c9f5e?s=96&d=blank&r=g","contentUrl":"https:\/\/secure.gravatar.com\/avatar\/e39bc3016d8af598aed3d770c9510dfc2795f37ea1733d99fcc6e97d2c3c9f5e?s=96&d=blank&r=g","caption":"enequipo"}}]}},"jetpack_featured_media_url":"https:\/\/www.sonoraenequipo.com.mx\/storage\/2020\/01\/QUEMA-BASURA.jpg","_links":{"self":[{"href":"https:\/\/www.sonoraenequipo.com.mx\/api\/wp\/v2\/posts\/76619","targetHints":{"allow":["GET"]}}],"collection":[{"href":"https:\/\/www.sonoraenequipo.com.mx\/api\/wp\/v2\/posts"}],"about":[{"href":"https:\/\/www.sonoraenequipo.com.mx\/api\/wp\/v2\/types\/post"}],"author":[{"embeddable":true,"href":"https:\/\/www.sonoraenequipo.com.mx\/api\/wp\/v2\/users\/178"}],"replies":[{"embeddable":true,"href":"https:\/\/www.sonoraenequipo.com.mx\/api\/wp\/v2\/comments?post=76619"}],"version-history":[{"count":0,"href":"https:\/\/www.sonoraenequipo.com.mx\/api\/wp\/v2\/posts\/76619\/revisions"}],"wp:featuredmedia":[{"embeddable":true,"href":"https:\/\/www.sonoraenequipo.com.mx\/api\/wp\/v2\/media\/76620"}],"wp:attachment":[{"href":"https:\/\/www.sonoraenequipo.com.mx\/api\/wp\/v2\/media?parent=76619"}],"wp:term":[{"taxonomy":"category","embeddable":true,"href":"https:\/\/www.sonoraenequipo.com.mx\/api\/wp\/v2\/categories?post=76619"},{"taxonomy":"post_tag","embeddable":true,"href":"https:\/\/www.sonoraenequipo.com.mx\/api\/wp\/v2\/tags?post=76619"}],"curies":[{"name":"wp","href":"https:\/\/api.w.org\/{rel}","templated":true}]}}