{"id":76627,"date":"2020-01-27T21:03:12","date_gmt":"2020-01-28T04:03:12","guid":{"rendered":"https:\/\/www.sonoraenequipo.com.mx\/?p=76627"},"modified":"2020-01-27T21:03:12","modified_gmt":"2020-01-28T04:03:12","slug":"regidores-del-pri-dicen-no-estar-en-contra-de-revocar-concesion-de-alumbrado-solo-piden-mas-transparencia","status":"publish","type":"post","link":"https:\/\/www.sonoraenequipo.com.mx\/regidores-del-pri-dicen-no-estar-en-contra-de-revocar-concesion-de-alumbrado-solo-piden-mas-transparencia\/","title":{"rendered":"Regidores del PRI dicen no estar en contra de\u00a0 revocar concesi\u00f3n de alumbrado solo piden m\u00e1s transparencia"},"content":{"rendered":"<p>&nbsp;<\/p>\n<p>HERMOSILLO, SONORA,MX.\u2500 Con el convenio de revocaci\u00f3n del contrato de alumbrado p\u00fabico que se ten\u00eda con una empresa privada, el gobierno municipal de Hermosillo est\u00e1 comprometiendo el pago por 12 a\u00f1os m\u00e1s de un servicio que no se tendr\u00e1, es de la poca informaci\u00f3n que tenemos los regidores del PRI en el cabildo, raz\u00f3n por la cual nuestro voto en este tema fue en el sentido de abstenci\u00f3n, explicaron los regidores Xochitl S\u00e1nchez Garc\u00eda y Juan Antonio \u00c1vila F\u00e9lix. <\/p>\n<p>\u201cAlgo que nos parece muy grave fue sacrificar las garant\u00edas del equipo, ellos llegaron a una negociaci\u00f3n de 650 millones con la empresa y para quitar las garant\u00edas iba a haber una reducci\u00f3n de 40 millones, pero todo el equipo queda desamparado porque ya no tenemos ninguna garant\u00eda por lo que no sabemos en las pr\u00f3ximas administraciones, de donde saldr\u00e1 esa inversi\u00f3n para poder volver a comprar ese equipo\u201d manifest\u00f3 Xochitl S\u00e1nchez.<\/p>\n<p>El manejo de la informaci\u00f3n es opaco, y se ocultan datos de suma importancia para poder tomar una decisi\u00f3n y que tambi\u00e9n los hermosillenses deben conocer. Como ejemplo cit\u00f3 que no se ha dado a conocer\u00a0 cu\u00e1l ser\u00e1\u00a0 el costo de operar las m\u00e1s de 60 mil luminarias, ni en qu\u00e9 condiciones se encuentran,\u00a0 adem\u00e1s de n\u00f3mina, equipo y maquinaria que el ayuntamiento no tiene y en el que tendr\u00e1 que invertir.<\/p>\n<p>Por su parte el Regidor Juan Antonio \u00c1vila F\u00e9lix manifest\u00f3 que el ahorro de m\u00e1s de mil millones de pesos anunciado por el gobierno municipal,\u00a0 no lo es tal: \u201cNo se expresa el ahorro ni se va a ver reflejado dado que ni se est\u00e1 aportando, ni se est\u00e1n sumando la operaci\u00f3n, el mantenimiento y servicio, la empresa se va de vacaciones recibiendo ese dinero mensual y el ayuntamiento se va a quedar con toda la carga\u201d se\u00f1al\u00f3 el edil.<\/p>\n<p>Tampoco se informa a la ciudadan\u00eda que los pagos mensuales a la empresa inician a partir de Febrero del 2020 con 6 millones para finalizar dentro de 12 a\u00f1os increment\u00e1ndose peri\u00f3dicamente hasta llegar a 13 millones de pesos mensuales.<\/p>\n<p>As\u00ed mismo no se ha informado de cuanto ha ido la reducci\u00f3n de costos en consumo de energ\u00eda el\u00e9ctrica, que se calcula en al menos un 25%, sin embargo este dato se oculta para no aceptar que el sistema s\u00ed funcion\u00f3 para ahorrar energ\u00eda.<\/p>\n<p>Cabe aclarar que los regidores del PRI en el cabildo no est\u00e1n en contra de la revocaci\u00f3n del contrato, si no que pugnan por que\u00a0 se haga de manera transparente y que realmente represente un verdadero ahorro del dinero que pagan los hermosillenses.<\/p>\n<p>Fecha de publicaci\u00f3n 27\/ene\/2020<\/p>\n<p>&nbsp;<\/p>\n","protected":false},"excerpt":{"rendered":"<p>&nbsp; HERMOSILLO, SONORA,MX.\u2500 Con el convenio de revocaci\u00f3n del contrato de alumbrado p\u00fabico que se&#8230;<\/p>\n","protected":false},"author":178,"featured_media":76628,"comment_status":"open","ping_status":"open","sticky":false,"template":"","format":"standard","meta":{"_monsterinsights_skip_tracking":false,"_monsterinsights_sitenote_active":false,"_monsterinsights_sitenote_note":"","_monsterinsights_sitenote_category":0,"footnotes":""},"categories":[4],"tags":[4046],"class_list":["post"],"yoast_head":" \n<title>Sonora en Equipo. Regidores del PRI dicen no estar en contra de\u00a0 revocar concesi\u00f3n de alumbrado solo piden m\u00e1s transparencia Municipios<\/title>\n<meta name=\"description\" content=\"&nbsp; HERMOSILLO, SONORA,MX.\u2500 Con el convenio de revocaci\u00f3n del contrato de alumbrado p\u00fabico que se ten\u00eda con una empresa privada, el gobierno municipal En Sonora en Equipo publicamos toda la informaci\u00f3n de Sonora, M\u00e9xico y el Mundo de manera oportuna y busca que la libertad de expresi\u00f3n sea real. Visita nuestro medio informativo publicado desde Hermosillo, Sonora. %\" \/>\n<meta name=\"robots\" content=\"index, follow, max-snippet:-1, max-image-preview:large, max-video-preview:-1\" \/>\n<link rel=\"canonical\" href=\"https:\/\/www.sonoraenequipo.com.mx\/regidores-del-pri-dicen-no-estar-en-contra-de-revocar-concesion-de-alumbrado-solo-piden-mas-transparencia\/\" \/>\n<meta property=\"og:locale\" content=\"es_ES\" \/>\n<meta property=\"og:type\" content=\"article\" \/>\n<meta property=\"og:title\" content=\"Sonora en Equipo. Regidores del PRI dicen no estar en contra de\u00a0 revocar concesi\u00f3n de alumbrado solo piden m\u00e1s transparencia Municipios\" \/>\n<meta property=\"og:description\" content=\"&nbsp; HERMOSILLO, SONORA,MX.\u2500 Con el convenio de revocaci\u00f3n del contrato de alumbrado p\u00fabico que se ten\u00eda con una empresa privada, el gobierno municipal En Sonora en Equipo publicamos toda la informaci\u00f3n de Sonora, M\u00e9xico y el Mundo de manera oportuna y busca que la libertad de expresi\u00f3n sea real. Visita nuestro medio informativo publicado desde Hermosillo, Sonora. %\" \/>\n<meta property=\"og:url\" content=\"https:\/\/www.sonoraenequipo.com.mx\/regidores-del-pri-dicen-no-estar-en-contra-de-revocar-concesion-de-alumbrado-solo-piden-mas-transparencia\/\" \/>\n<meta property=\"og:site_name\" content=\"Sonora en Equipo.\" \/>\n<meta property=\"article:publisher\" content=\"https:\/\/www.facebook.com\/SonoraEE\/\" \/>\n<meta property=\"article:published_time\" content=\"2020-01-28T04:03:12+00:00\" \/>\n<meta property=\"og:image\" content=\"https:\/\/www.sonoraenequipo.com.mx\/storage\/2020\/01\/regidores-pri.jpg\" \/>\n\t<meta property=\"og:image:width\" content=\"600\" \/>\n\t<meta property=\"og:image:height\" content=\"400\" \/>\n\t<meta property=\"og:image:type\" content=\"image\/jpeg\" \/>\n<meta name=\"author\" content=\"enequipo\" \/>\n<meta name=\"twitter:card\" content=\"summary_large_image\" \/>\n<meta name=\"twitter:creator\" content=\"@sonoraenequipo\" \/>\n<meta name=\"twitter:site\" content=\"@sonoraenequipo\" \/>\n<meta name=\"twitter:label1\" content=\"Escrito por\" \/>\n\t<meta name=\"twitter:data1\" content=\"enequipo\" \/>\n\t<meta name=\"twitter:label2\" content=\"Tiempo de lectura\" \/>\n\t<meta name=\"twitter:data2\" content=\"2 minutos\" \/>\n<script type=\"application\/ld+json\" class=\"yoast-schema-graph\">{\"@context\":\"https:\/\/schema.org\",\"@graph\":[{\"@type\":\"Article\",\"@id\":\"https:\/\/www.sonoraenequipo.com.mx\/regidores-del-pri-dicen-no-estar-en-contra-de-revocar-concesion-de-alumbrado-solo-piden-mas-transparencia\/#article\",\"isPartOf\":{\"@id\":\"https:\/\/www.sonoraenequipo.com.mx\/regidores-del-pri-dicen-no-estar-en-contra-de-revocar-concesion-de-alumbrado-solo-piden-mas-transparencia\/\"},\"author\":{\"name\":\"enequipo\",\"@id\":\"https:\/\/www.sonoraenequipo.com.mx\/#\/schema\/person\/61a39de478a1763473ad55e8a95fddf6\"},\"headline\":\"Regidores del PRI dicen no estar en contra de\u00a0 revocar concesi\u00f3n de alumbrado solo piden m\u00e1s transparencia\",\"datePublished\":\"2020-01-28T04:03:12+00:00\",\"mainEntityOfPage\":{\"@id\":\"https:\/\/www.sonoraenequipo.com.mx\/regidores-del-pri-dicen-no-estar-en-contra-de-revocar-concesion-de-alumbrado-solo-piden-mas-transparencia\/\"},\"wordCount\":488,\"commentCount\":0,\"publisher\":{\"@id\":\"https:\/\/www.sonoraenequipo.com.mx\/#organization\"},\"image\":{\"@id\":\"https:\/\/www.sonoraenequipo.com.mx\/regidores-del-pri-dicen-no-estar-en-contra-de-revocar-concesion-de-alumbrado-solo-piden-mas-transparencia\/#primaryimage\"},\"thumbnailUrl\":\"https:\/\/www.sonoraenequipo.com.mx\/storage\/2020\/01\/regidores-pri.jpg\",\"keywords\":[\"alumbrado p\u00fabico\"],\"articleSection\":[\"Municipios\"],\"inLanguage\":\"es\",\"potentialAction\":[{\"@type\":\"CommentAction\",\"name\":\"Comment\",\"target\":[\"https:\/\/www.sonoraenequipo.com.mx\/regidores-del-pri-dicen-no-estar-en-contra-de-revocar-concesion-de-alumbrado-solo-piden-mas-transparencia\/#respond\"]}]},{\"@type\":\"WebPage\",\"@id\":\"https:\/\/www.sonoraenequipo.com.mx\/regidores-del-pri-dicen-no-estar-en-contra-de-revocar-concesion-de-alumbrado-solo-piden-mas-transparencia\/\",\"url\":\"https:\/\/www.sonoraenequipo.com.mx\/regidores-del-pri-dicen-no-estar-en-contra-de-revocar-concesion-de-alumbrado-solo-piden-mas-transparencia\/\",\"name\":\"Sonora en Equipo. Regidores del PRI dicen no estar en contra de\u00a0 revocar concesi\u00f3n de alumbrado solo piden m\u00e1s transparencia Municipios\",\"isPartOf\":{\"@id\":\"https:\/\/www.sonoraenequipo.com.mx\/#website\"},\"primaryImageOfPage\":{\"@id\":\"https:\/\/www.sonoraenequipo.com.mx\/regidores-del-pri-dicen-no-estar-en-contra-de-revocar-concesion-de-alumbrado-solo-piden-mas-transparencia\/#primaryimage\"},\"image\":{\"@id\":\"https:\/\/www.sonoraenequipo.com.mx\/regidores-del-pri-dicen-no-estar-en-contra-de-revocar-concesion-de-alumbrado-solo-piden-mas-transparencia\/#primaryimage\"},\"thumbnailUrl\":\"https:\/\/www.sonoraenequipo.com.mx\/storage\/2020\/01\/regidores-pri.jpg\",\"datePublished\":\"2020-01-28T04:03:12+00:00\",\"description\":\"&nbsp; HERMOSILLO, SONORA,MX.\u2500 Con el convenio de revocaci\u00f3n del contrato de alumbrado p\u00fabico que se ten\u00eda con una empresa privada, el gobierno municipal En Sonora en Equipo publicamos toda la informaci\u00f3n de Sonora, M\u00e9xico y el Mundo de manera oportuna y busca que la libertad de expresi\u00f3n sea real. Visita nuestro medio informativo publicado desde Hermosillo, Sonora. %\",\"breadcrumb\":{\"@id\":\"https:\/\/www.sonoraenequipo.com.mx\/regidores-del-pri-dicen-no-estar-en-contra-de-revocar-concesion-de-alumbrado-solo-piden-mas-transparencia\/#breadcrumb\"},\"inLanguage\":\"es\",\"potentialAction\":[{\"@type\":\"ReadAction\",\"target\":[\"https:\/\/www.sonoraenequipo.com.mx\/regidores-del-pri-dicen-no-estar-en-contra-de-revocar-concesion-de-alumbrado-solo-piden-mas-transparencia\/\"]}]},{\"@type\":\"ImageObject\",\"inLanguage\":\"es\",\"@id\":\"https:\/\/www.sonoraenequipo.com.mx\/regidores-del-pri-dicen-no-estar-en-contra-de-revocar-concesion-de-alumbrado-solo-piden-mas-transparencia\/#primaryimage\",\"url\":\"https:\/\/www.sonoraenequipo.com.mx\/storage\/2020\/01\/regidores-pri.jpg\",\"contentUrl\":\"https:\/\/www.sonoraenequipo.com.mx\/storage\/2020\/01\/regidores-pri.jpg\",\"width\":600,\"height\":400,\"caption\":\"regidores Xochitl S\u00e1nchez Garc\u00eda y Juan Antonio \u00c1vila F\u00e9lix. y el presidente del CDE Ernesto DeLucas\"},{\"@type\":\"BreadcrumbList\",\"@id\":\"https:\/\/www.sonoraenequipo.com.mx\/regidores-del-pri-dicen-no-estar-en-contra-de-revocar-concesion-de-alumbrado-solo-piden-mas-transparencia\/#breadcrumb\",\"itemListElement\":[{\"@type\":\"ListItem\",\"position\":1,\"name\":\"Portada\",\"item\":\"https:\/\/www.sonoraenequipo.com.mx\/\"},{\"@type\":\"ListItem\",\"position\":2,\"name\":\"Regidores del PRI dicen no estar en contra de\u00a0 revocar concesi\u00f3n de alumbrado solo piden m\u00e1s transparencia\"}]},{\"@type\":\"WebSite\",\"@id\":\"https:\/\/www.sonoraenequipo.com.mx\/#website\",\"url\":\"https:\/\/www.sonoraenequipo.com.mx\/\",\"name\":\"Sonora en Equipo.\",\"description\":\"Diario en l\u00ednea con Noticias desde Hermosillo, Sonora\",\"publisher\":{\"@id\":\"https:\/\/www.sonoraenequipo.com.mx\/#organization\"},\"potentialAction\":[{\"@type\":\"SearchAction\",\"target\":{\"@type\":\"EntryPoint\",\"urlTemplate\":\"https:\/\/www.sonoraenequipo.com.mx\/?s={search_term_string}\"},\"query-input\":{\"@type\":\"PropertyValueSpecification\",\"valueRequired\":true,\"valueName\":\"search_term_string\"}}],\"inLanguage\":\"es\"},{\"@type\":\"Organization\",\"@id\":\"https:\/\/www.sonoraenequipo.com.mx\/#organization\",\"name\":\"Sonoraenequipo.com.mx\",\"url\":\"https:\/\/www.sonoraenequipo.com.mx\/\",\"logo\":{\"@type\":\"ImageObject\",\"inLanguage\":\"es\",\"@id\":\"https:\/\/www.sonoraenequipo.com.mx\/#\/schema\/logo\/image\/\",\"url\":\"https:\/\/www.sonoraenequipo.com.mx\/storage\/2019\/01\/sonoraenequipo_opt.png\",\"contentUrl\":\"https:\/\/www.sonoraenequipo.com.mx\/storage\/2019\/01\/sonoraenequipo_opt.png\",\"width\":375,\"height\":125,\"caption\":\"Sonoraenequipo.com.mx\"},\"image\":{\"@id\":\"https:\/\/www.sonoraenequipo.com.mx\/#\/schema\/logo\/image\/\"},\"sameAs\":[\"https:\/\/www.facebook.com\/SonoraEE\/\",\"https:\/\/x.com\/sonoraenequipo\",\"https:\/\/www.youtube.com\/channel\/UC338nW-lPEYmJQs4ZABQ1SQ\"]},{\"@type\":\"Person\",\"@id\":\"https:\/\/www.sonoraenequipo.com.mx\/#\/schema\/person\/61a39de478a1763473ad55e8a95fddf6\",\"name\":\"enequipo\",\"image\":{\"@type\":\"ImageObject\",\"inLanguage\":\"es\",\"@id\":\"https:\/\/www.sonoraenequipo.com.mx\/#\/schema\/person\/image\/\",\"url\":\"https:\/\/secure.gravatar.com\/avatar\/e39bc3016d8af598aed3d770c9510dfc2795f37ea1733d99fcc6e97d2c3c9f5e?s=96&d=blank&r=g\",\"contentUrl\":\"https:\/\/secure.gravatar.com\/avatar\/e39bc3016d8af598aed3d770c9510dfc2795f37ea1733d99fcc6e97d2c3c9f5e?s=96&d=blank&r=g\",\"caption\":\"enequipo\"}}]}<\/script>\n ","yoast_head_json":{"title":"Sonora en Equipo. Regidores del PRI dicen no estar en contra de\u00a0 revocar concesi\u00f3n de alumbrado solo piden m\u00e1s transparencia Municipios","description":"&nbsp; HERMOSILLO, SONORA,MX.\u2500 Con el convenio de revocaci\u00f3n del contrato de alumbrado p\u00fabico que se ten\u00eda con una empresa privada, el gobierno municipal En Sonora en Equipo publicamos toda la informaci\u00f3n de Sonora, M\u00e9xico y el Mundo de manera oportuna y busca que la libertad de expresi\u00f3n sea real. Visita nuestro medio informativo publicado desde Hermosillo, Sonora. %","robots":{"index":"index","follow":"follow","max-snippet":"max-snippet:-1","max-image-preview":"max-image-preview:large","max-video-preview":"max-video-preview:-1"},"canonical":"https:\/\/www.sonoraenequipo.com.mx\/regidores-del-pri-dicen-no-estar-en-contra-de-revocar-concesion-de-alumbrado-solo-piden-mas-transparencia\/","og_locale":"es_ES","og_type":"article","og_title":"Sonora en Equipo. Regidores del PRI dicen no estar en contra de\u00a0 revocar concesi\u00f3n de alumbrado solo piden m\u00e1s transparencia Municipios","og_description":"&nbsp; HERMOSILLO, SONORA,MX.\u2500 Con el convenio de revocaci\u00f3n del contrato de alumbrado p\u00fabico que se ten\u00eda con una empresa privada, el gobierno municipal En Sonora en Equipo publicamos toda la informaci\u00f3n de Sonora, M\u00e9xico y el Mundo de manera oportuna y busca que la libertad de expresi\u00f3n sea real. Visita nuestro medio informativo publicado desde Hermosillo, Sonora. %","og_url":"https:\/\/www.sonoraenequipo.com.mx\/regidores-del-pri-dicen-no-estar-en-contra-de-revocar-concesion-de-alumbrado-solo-piden-mas-transparencia\/","og_site_name":"Sonora en Equipo.","article_publisher":"https:\/\/www.facebook.com\/SonoraEE\/","article_published_time":"2020-01-28T04:03:12+00:00","og_image":[{"width":600,"height":400,"url":"https:\/\/www.sonoraenequipo.com.mx\/storage\/2020\/01\/regidores-pri.jpg","type":"image\/jpeg"}],"author":"enequipo","twitter_card":"summary_large_image","twitter_creator":"@sonoraenequipo","twitter_site":"@sonoraenequipo","twitter_misc":{"Escrito por":"enequipo","Tiempo de lectura":"2 minutos"},"schema":{"@context":"https:\/\/schema.org","@graph":[{"@type":"Article","@id":"https:\/\/www.sonoraenequipo.com.mx\/regidores-del-pri-dicen-no-estar-en-contra-de-revocar-concesion-de-alumbrado-solo-piden-mas-transparencia\/#article","isPartOf":{"@id":"https:\/\/www.sonoraenequipo.com.mx\/regidores-del-pri-dicen-no-estar-en-contra-de-revocar-concesion-de-alumbrado-solo-piden-mas-transparencia\/"},"author":{"name":"enequipo","@id":"https:\/\/www.sonoraenequipo.com.mx\/#\/schema\/person\/61a39de478a1763473ad55e8a95fddf6"},"headline":"Regidores del PRI dicen no estar en contra de\u00a0 revocar concesi\u00f3n de alumbrado solo piden m\u00e1s transparencia","datePublished":"2020-01-28T04:03:12+00:00","mainEntityOfPage":{"@id":"https:\/\/www.sonoraenequipo.com.mx\/regidores-del-pri-dicen-no-estar-en-contra-de-revocar-concesion-de-alumbrado-solo-piden-mas-transparencia\/"},"wordCount":488,"commentCount":0,"publisher":{"@id":"https:\/\/www.sonoraenequipo.com.mx\/#organization"},"image":{"@id":"https:\/\/www.sonoraenequipo.com.mx\/regidores-del-pri-dicen-no-estar-en-contra-de-revocar-concesion-de-alumbrado-solo-piden-mas-transparencia\/#primaryimage"},"thumbnailUrl":"https:\/\/www.sonoraenequipo.com.mx\/storage\/2020\/01\/regidores-pri.jpg","keywords":["alumbrado p\u00fabico"],"articleSection":["Municipios"],"inLanguage":"es","potentialAction":[{"@type":"CommentAction","name":"Comment","target":["https:\/\/www.sonoraenequipo.com.mx\/regidores-del-pri-dicen-no-estar-en-contra-de-revocar-concesion-de-alumbrado-solo-piden-mas-transparencia\/#respond"]}]},{"@type":"WebPage","@id":"https:\/\/www.sonoraenequipo.com.mx\/regidores-del-pri-dicen-no-estar-en-contra-de-revocar-concesion-de-alumbrado-solo-piden-mas-transparencia\/","url":"https:\/\/www.sonoraenequipo.com.mx\/regidores-del-pri-dicen-no-estar-en-contra-de-revocar-concesion-de-alumbrado-solo-piden-mas-transparencia\/","name":"Sonora en Equipo. Regidores del PRI dicen no estar en contra de\u00a0 revocar concesi\u00f3n de alumbrado solo piden m\u00e1s transparencia Municipios","isPartOf":{"@id":"https:\/\/www.sonoraenequipo.com.mx\/#website"},"primaryImageOfPage":{"@id":"https:\/\/www.sonoraenequipo.com.mx\/regidores-del-pri-dicen-no-estar-en-contra-de-revocar-concesion-de-alumbrado-solo-piden-mas-transparencia\/#primaryimage"},"image":{"@id":"https:\/\/www.sonoraenequipo.com.mx\/regidores-del-pri-dicen-no-estar-en-contra-de-revocar-concesion-de-alumbrado-solo-piden-mas-transparencia\/#primaryimage"},"thumbnailUrl":"https:\/\/www.sonoraenequipo.com.mx\/storage\/2020\/01\/regidores-pri.jpg","datePublished":"2020-01-28T04:03:12+00:00","description":"&nbsp; HERMOSILLO, SONORA,MX.\u2500 Con el convenio de revocaci\u00f3n del contrato de alumbrado p\u00fabico que se ten\u00eda con una empresa privada, el gobierno municipal En Sonora en Equipo publicamos toda la informaci\u00f3n de Sonora, M\u00e9xico y el Mundo de manera oportuna y busca que la libertad de expresi\u00f3n sea real. Visita nuestro medio informativo publicado desde Hermosillo, Sonora. %","breadcrumb":{"@id":"https:\/\/www.sonoraenequipo.com.mx\/regidores-del-pri-dicen-no-estar-en-contra-de-revocar-concesion-de-alumbrado-solo-piden-mas-transparencia\/#breadcrumb"},"inLanguage":"es","potentialAction":[{"@type":"ReadAction","target":["https:\/\/www.sonoraenequipo.com.mx\/regidores-del-pri-dicen-no-estar-en-contra-de-revocar-concesion-de-alumbrado-solo-piden-mas-transparencia\/"]}]},{"@type":"ImageObject","inLanguage":"es","@id":"https:\/\/www.sonoraenequipo.com.mx\/regidores-del-pri-dicen-no-estar-en-contra-de-revocar-concesion-de-alumbrado-solo-piden-mas-transparencia\/#primaryimage","url":"https:\/\/www.sonoraenequipo.com.mx\/storage\/2020\/01\/regidores-pri.jpg","contentUrl":"https:\/\/www.sonoraenequipo.com.mx\/storage\/2020\/01\/regidores-pri.jpg","width":600,"height":400,"caption":"regidores Xochitl S\u00e1nchez Garc\u00eda y Juan Antonio \u00c1vila F\u00e9lix. y el presidente del CDE Ernesto DeLucas"},{"@type":"BreadcrumbList","@id":"https:\/\/www.sonoraenequipo.com.mx\/regidores-del-pri-dicen-no-estar-en-contra-de-revocar-concesion-de-alumbrado-solo-piden-mas-transparencia\/#breadcrumb","itemListElement":[{"@type":"ListItem","position":1,"name":"Portada","item":"https:\/\/www.sonoraenequipo.com.mx\/"},{"@type":"ListItem","position":2,"name":"Regidores del PRI dicen no estar en contra de\u00a0 revocar concesi\u00f3n de alumbrado solo piden m\u00e1s transparencia"}]},{"@type":"WebSite","@id":"https:\/\/www.sonoraenequipo.com.mx\/#website","url":"https:\/\/www.sonoraenequipo.com.mx\/","name":"Sonora en Equipo.","description":"Diario en l\u00ednea con Noticias desde Hermosillo, Sonora","publisher":{"@id":"https:\/\/www.sonoraenequipo.com.mx\/#organization"},"potentialAction":[{"@type":"SearchAction","target":{"@type":"EntryPoint","urlTemplate":"https:\/\/www.sonoraenequipo.com.mx\/?s={search_term_string}"},"query-input":{"@type":"PropertyValueSpecification","valueRequired":true,"valueName":"search_term_string"}}],"inLanguage":"es"},{"@type":"Organization","@id":"https:\/\/www.sonoraenequipo.com.mx\/#organization","name":"Sonoraenequipo.com.mx","url":"https:\/\/www.sonoraenequipo.com.mx\/","logo":{"@type":"ImageObject","inLanguage":"es","@id":"https:\/\/www.sonoraenequipo.com.mx\/#\/schema\/logo\/image\/","url":"https:\/\/www.sonoraenequipo.com.mx\/storage\/2019\/01\/sonoraenequipo_opt.png","contentUrl":"https:\/\/www.sonoraenequipo.com.mx\/storage\/2019\/01\/sonoraenequipo_opt.png","width":375,"height":125,"caption":"Sonoraenequipo.com.mx"},"image":{"@id":"https:\/\/www.sonoraenequipo.com.mx\/#\/schema\/logo\/image\/"},"sameAs":["https:\/\/www.facebook.com\/SonoraEE\/","https:\/\/x.com\/sonoraenequipo","https:\/\/www.youtube.com\/channel\/UC338nW-lPEYmJQs4ZABQ1SQ"]},{"@type":"Person","@id":"https:\/\/www.sonoraenequipo.com.mx\/#\/schema\/person\/61a39de478a1763473ad55e8a95fddf6","name":"enequipo","image":{"@type":"ImageObject","inLanguage":"es","@id":"https:\/\/www.sonoraenequipo.com.mx\/#\/schema\/person\/image\/","url":"https:\/\/secure.gravatar.com\/avatar\/e39bc3016d8af598aed3d770c9510dfc2795f37ea1733d99fcc6e97d2c3c9f5e?s=96&d=blank&r=g","contentUrl":"https:\/\/secure.gravatar.com\/avatar\/e39bc3016d8af598aed3d770c9510dfc2795f37ea1733d99fcc6e97d2c3c9f5e?s=96&d=blank&r=g","caption":"enequipo"}}]}},"jetpack_featured_media_url":"https:\/\/www.sonoraenequipo.com.mx\/storage\/2020\/01\/regidores-pri.jpg","_links":{"self":[{"href":"https:\/\/www.sonoraenequipo.com.mx\/api\/wp\/v2\/posts\/76627","targetHints":{"allow":["GET"]}}],"collection":[{"href":"https:\/\/www.sonoraenequipo.com.mx\/api\/wp\/v2\/posts"}],"about":[{"href":"https:\/\/www.sonoraenequipo.com.mx\/api\/wp\/v2\/types\/post"}],"author":[{"embeddable":true,"href":"https:\/\/www.sonoraenequipo.com.mx\/api\/wp\/v2\/users\/178"}],"replies":[{"embeddable":true,"href":"https:\/\/www.sonoraenequipo.com.mx\/api\/wp\/v2\/comments?post=76627"}],"version-history":[{"count":0,"href":"https:\/\/www.sonoraenequipo.com.mx\/api\/wp\/v2\/posts\/76627\/revisions"}],"wp:featuredmedia":[{"embeddable":true,"href":"https:\/\/www.sonoraenequipo.com.mx\/api\/wp\/v2\/media\/76628"}],"wp:attachment":[{"href":"https:\/\/www.sonoraenequipo.com.mx\/api\/wp\/v2\/media?parent=76627"}],"wp:term":[{"taxonomy":"category","embeddable":true,"href":"https:\/\/www.sonoraenequipo.com.mx\/api\/wp\/v2\/categories?post=76627"},{"taxonomy":"post_tag","embeddable":true,"href":"https:\/\/www.sonoraenequipo.com.mx\/api\/wp\/v2\/tags?post=76627"}],"curies":[{"name":"wp","href":"https:\/\/api.w.org\/{rel}","templated":true}]}}